{"id":531,"date":"2023-11-02T04:02:00","date_gmt":"2023-11-02T03:02:00","guid":{"rendered":"https:\/\/www.festivox.fr\/blog\/ou-ecouter-du-jazz-en-live-dans-la-metropole-dorleans\/"},"modified":"2023-11-02T04:02:00","modified_gmt":"2023-11-02T03:02:00","slug":"ou-ecouter-du-jazz-en-live-dans-la-metropole-dorleans","status":"publish","type":"post","link":"https:\/\/www.festivox.fr\/blog\/ou-ecouter-du-jazz-en-live-dans-la-metropole-dorleans\/","title":{"rendered":"O\u00f9 \u00e9couter du jazz en live dans la m\u00e9tropole d&rsquo;Orl\u00e9ans"},"content":{"rendered":"\n<p>Un club de jazz a ouvert ses portes \u00e0 Orl\u00e9ans, tout pr\u00e8s de la place du Martroi, fin septembre 2023. Mais l&rsquo;<a href=\"https:\/\/www.orleansjazzclub.com\" target=\"_blank\" rel=\"noopener nofollow\">Orl\u00e9ans Jazz Club<\/a> n&rsquo;est pas le seul spot pour savourer du jazz en live. Connaissez-vous ces deux autres rendez-vous dans la m\u00e9tropole ?<\/p>\n<h3>Jeudis jazz \u00e0 La Chapelle-Saint-Mesmin<\/h3>\n<p>Pour leur troisi\u00e8me saison, les Jeudis jazz reviennent \u00e0 l\u2019auditorium de l\u2019espace B\u00e9raire \u00e0 La Chapelle-Saint-Mesmin. Incluse dans la saison culturelle, la programmation est autonome et d\u00e9l\u00e9gu\u00e9e au batteur de jazz Johan Cort\u00e8s, de l\u2019association Note \u00e0 B\u00e9n\u00e9.<\/p>\n<p>\u00ab\u00a0On propose environ trois spectacles (payants) par an. La mairie nous laisse la salle et nous paie la Sacem. Le public est demandeur et on est \u00e0 chaque fois plein ! Depuis l\u2019arr\u00eat de Jazz \u00e0 l\u2019\u00e9v\u00each\u00e9, on est orphelins. Or, il y a plein de tr\u00e8s bons musiciens, notamment locaux\u00a0\u00bb.<\/p>\n<p class=\"c-lireaussi\"><span class=\"p-premium\">premium<\/span> <a href=\"https:\/\/www.larep.fr\/orleans-45000\/loisirs\/concerts-en-live-cocktails-ambiance-cosy-on-a-teste-le-nouvel-orleans-jazz-club_14396585\/\" target=\"_blank\" rel=\"nofollow\">Concerts en live, cocktails, ambiance cosy : on a test\u00e9 le nouvel Orl\u00e9ans Jazz Club<\/a><\/p>\n<p>Prochaines dates : le 30 novembre avec Jammes\/Ruhlmann et le 15 f\u00e9vrier 2024 avec Jean-Christophe Cholet (piano, autour de Miles Davis). &nbsp;Infos sur la <a href=\"https:\/\/www.facebook.com\/lesjeudisjazzlachapelle\" target=\"_blank\" rel=\"noopener nofollow\">page Facebook @Les Jeudis Jazz<\/a>.<\/p>\n<p><img decoding=\"async\" class=\"iv3-image\" src=\"https:\/\/www.festivox.fr\/blog\/wp-content\/uploads\/2023\/11\/ou-ecouter-du-jazz-en-live-dans-la-metropole-dorleans.jpg\"><\/p>\n<h3>\u00ab\u00a0Grignote musicale\u00a0\u00bb au Novotel de La Source<\/h3>\n<p>Le vendredi soir, c\u2019est \u00ab\u00a0Grignote musicale\u00a0\u00bb au Novotel Demeures de campagne \u00e0 Orl\u00e9ans. Le principe ? Pour 27 euros par personne, vous avez acc\u00e8s \u00e0 un buffet r\u00e9gional \u00e0 volont\u00e9 avec une boisson. Avec, pour r\u00e9galer vos oreilles, un super concert de jazz. Pour d\u00e9couvrir la programmation mensuelle de \u00ab\u00a0Live \u00e0 la Demeure\u00a0\u00bb, direction <a href=\"https:\/\/www.facebook.com\/livealademeure\" target=\"_blank\" rel=\"noopener nofollow\">leur page Facebook<\/a> ou Instagram. On y trouve tous les styles et toutes les formations : jazz manouche, jazz vocal, jazz cr\u00e9ole ou soul music, en duo, quartet&#8230;<\/p>\n<div class=\"bloc url_nl_loisirs\">\n<div id=\"nl_RC_Loisirs\" class=\"row nl\">\n<div class=\"nl-logo\"> <img decoding=\"async\" src=\"https:\/\/www.lamontagne.fr\/static\/bloc\/ripolinage\/newsletter\/logos\/IconeGratuite.svg\"> <\/div>\n<div class=\"nl-titre\">\n<p>Recevez par mail notre newsletter loisirs et retrouvez les id\u00e9es de sorties et d&rsquo;activit\u00e9s dans votre r\u00e9gion.<\/p>\n<\/p><\/div>\n<\/p><\/div>\n<\/p><\/div>\n<p>Prochains concerts : Paul Cowley, le 3 novembre (blues) ; brunch musical avec Singin\u2019Easy, le 5 novembre ; 2 of us, le 10 novembre (soul)&#8230; N\u2019oubliez pas de r\u00e9server votre table au 02.38.63.04.28.<\/p>\n<p><img decoding=\"async\" class=\"iv3-image\" src=\"https:\/\/www.festivox.fr\/blog\/wp-content\/uploads\/2023\/11\/ou-ecouter-du-jazz-en-live-dans-la-metropole-dorleans-1.jpg\"><\/p>\n<p><em><strong>Marie Guibal<\/strong><\/em><\/p>\n<p> Cet article, qui traite du th\u00e8me \u00ab\u00a0Festival Jazz et musique en mode guinguette\u00a0\u00bb, vous est d\u00e9lib\u00e9r\u00e9ment offert par festivox.fr. La raison d\u2019\u00eatre de festivox.fr est de parler de Festival Jazz et musique en mode guinguette dans la transparence la plus g\u00e9n\u00e9rale en vous procurant la visibilit\u00e9 de tout ce qui est publi\u00e9 sur ce sujet sur le web La chronique a \u00e9t\u00e9 g\u00e9n\u00e9r\u00e9e de la mani\u00e8re la plus honn\u00eate que possible. S\u2019il advenait que vous projetez d\u2019apporter quelques notes concernant le domaine de \u00ab\u00a0Festival Jazz et musique en mode guinguette\u00a0\u00bb vous avez la possibilit\u00e9 de d&rsquo;\u00e9changer avec notre r\u00e9daction. Dans peu de temps, on mettra en ligne d&rsquo;autres informations pertinentes autour du sujet \u00ab\u00a0Festival Jazz et musique en mode guinguette\u00a0\u00bb. Ainsi, consultez r\u00e9guli\u00e8rement notre site.<\/p>\n","protected":false},"excerpt":{"rendered":"<p>Un club de jazz a ouvert ses portes \u00e0 Orl\u00e9ans, tout pr\u00e8s de la place du Martroi, fin septembre 2023. Mais l&rsquo;Orl\u00e9ans Jazz Club n&rsquo;est pas le seul spot pour savourer du jazz en live. Connaissez-vous ces deux autres rendez-vous dans la m\u00e9tropole ? Jeudis jazz \u00e0 La Chapelle-Saint-Mesmin Pour leur troisi\u00e8me saison, les Jeudis&hellip;<\/p>\n","protected":false},"author":1,"featured_media":532,"comment_status":"closed","ping_status":"closed","sticky":false,"template":"","format":"standard","meta":{"footnotes":""},"categories":[3],"tags":[],"class_list":["post-531","post","type-post","status-publish","format-standard","has-post-thumbnail","hentry","category-wiki-sur-festival-jazz-et-musique-en-mode-guinguette"],"yoast_head":"<!-- This site is optimized with the Yoast SEO plugin v27.5 - https:\/\/yoast.com\/product\/yoast-seo-wordpress\/ -->\n<title>O\u00f9 \u00e9couter du jazz en live dans la m\u00e9tropole d&#039;Orl\u00e9ans - FESTIVOX<\/title>\n<meta name=\"robots\" content=\"index, follow, max-snippet:-1, max-image-preview:large, max-video-preview:-1\" \/>\n<link rel=\"canonical\" href=\"https:\/\/www.festivox.fr\/blog\/ou-ecouter-du-jazz-en-live-dans-la-metropole-dorleans\/\" \/>\n<meta property=\"og:locale\" content=\"fr_FR\" \/>\n<meta property=\"og:type\" content=\"article\" \/>\n<meta property=\"og:title\" content=\"O\u00f9 \u00e9couter du jazz en live dans la m\u00e9tropole d&#039;Orl\u00e9ans - FESTIVOX\" \/>\n<meta property=\"og:description\" content=\"Un club de jazz a ouvert ses portes \u00e0 Orl\u00e9ans, tout pr\u00e8s de la place du Martroi, fin septembre 2023. Mais l&rsquo;Orl\u00e9ans Jazz Club n&rsquo;est pas le seul spot pour savourer du jazz en live. Connaissez-vous ces deux autres rendez-vous dans la m\u00e9tropole ? Jeudis jazz \u00e0 La Chapelle-Saint-Mesmin Pour leur troisi\u00e8me saison, les Jeudis&hellip;\" \/>\n<meta property=\"og:url\" content=\"https:\/\/www.festivox.fr\/blog\/ou-ecouter-du-jazz-en-live-dans-la-metropole-dorleans\/\" \/>\n<meta property=\"og:site_name\" content=\"FESTIVOX\" \/>\n<meta property=\"article:published_time\" content=\"2023-11-02T03:02:00+00:00\" \/>\n<meta property=\"og:image\" content=\"https:\/\/www.festivox.fr\/blog\/wp-content\/uploads\/2023\/11\/ou-ecouter-du-jazz-en-live-dans-la-metropole-dorleans.jpg\" \/>\n<meta name=\"author\" content=\"Michele\" \/>\n<meta name=\"twitter:card\" content=\"summary_large_image\" \/>\n<meta name=\"twitter:label1\" content=\"\u00c9crit par\" \/>\n\t<meta name=\"twitter:data1\" content=\"Michele\" \/>\n\t<meta name=\"twitter:label2\" content=\"Dur\u00e9e de lecture estim\u00e9e\" \/>\n\t<meta name=\"twitter:data2\" content=\"2 minutes\" \/>\n<script type=\"application\/ld+json\" class=\"yoast-schema-graph\">{\"@context\":\"https:\\\/\\\/schema.org\",\"@graph\":[{\"@type\":\"Article\",\"@id\":\"https:\\\/\\\/www.festivox.fr\\\/blog\\\/ou-ecouter-du-jazz-en-live-dans-la-metropole-dorleans\\\/#article\",\"isPartOf\":{\"@id\":\"https:\\\/\\\/www.festivox.fr\\\/blog\\\/ou-ecouter-du-jazz-en-live-dans-la-metropole-dorleans\\\/\"},\"author\":{\"name\":\"Michele\",\"@id\":\"https:\\\/\\\/www.festivox.fr\\\/blog\\\/#\\\/schema\\\/person\\\/f36a8b6bc94800c3eafed4bca993ce95\"},\"headline\":\"O\u00f9 \u00e9couter du jazz en live dans la m\u00e9tropole d&rsquo;Orl\u00e9ans\",\"datePublished\":\"2023-11-02T03:02:00+00:00\",\"mainEntityOfPage\":{\"@id\":\"https:\\\/\\\/www.festivox.fr\\\/blog\\\/ou-ecouter-du-jazz-en-live-dans-la-metropole-dorleans\\\/\"},\"wordCount\":487,\"publisher\":{\"@id\":\"https:\\\/\\\/www.festivox.fr\\\/blog\\\/#organization\"},\"image\":{\"@id\":\"https:\\\/\\\/www.festivox.fr\\\/blog\\\/ou-ecouter-du-jazz-en-live-dans-la-metropole-dorleans\\\/#primaryimage\"},\"thumbnailUrl\":\"https:\\\/\\\/www.festivox.fr\\\/blog\\\/wp-content\\\/uploads\\\/2023\\\/11\\\/ou-ecouter-du-jazz-en-live-dans-la-metropole-dorleans.jpg\",\"articleSection\":[\"Wiki Sur Festival Jazz Et Musique En Mode Guinguette:\"],\"inLanguage\":\"fr-FR\"},{\"@type\":\"WebPage\",\"@id\":\"https:\\\/\\\/www.festivox.fr\\\/blog\\\/ou-ecouter-du-jazz-en-live-dans-la-metropole-dorleans\\\/\",\"url\":\"https:\\\/\\\/www.festivox.fr\\\/blog\\\/ou-ecouter-du-jazz-en-live-dans-la-metropole-dorleans\\\/\",\"name\":\"O\u00f9 \u00e9couter du jazz en live dans la m\u00e9tropole d'Orl\u00e9ans - FESTIVOX\",\"isPartOf\":{\"@id\":\"https:\\\/\\\/www.festivox.fr\\\/blog\\\/#website\"},\"primaryImageOfPage\":{\"@id\":\"https:\\\/\\\/www.festivox.fr\\\/blog\\\/ou-ecouter-du-jazz-en-live-dans-la-metropole-dorleans\\\/#primaryimage\"},\"image\":{\"@id\":\"https:\\\/\\\/www.festivox.fr\\\/blog\\\/ou-ecouter-du-jazz-en-live-dans-la-metropole-dorleans\\\/#primaryimage\"},\"thumbnailUrl\":\"https:\\\/\\\/www.festivox.fr\\\/blog\\\/wp-content\\\/uploads\\\/2023\\\/11\\\/ou-ecouter-du-jazz-en-live-dans-la-metropole-dorleans.jpg\",\"datePublished\":\"2023-11-02T03:02:00+00:00\",\"breadcrumb\":{\"@id\":\"https:\\\/\\\/www.festivox.fr\\\/blog\\\/ou-ecouter-du-jazz-en-live-dans-la-metropole-dorleans\\\/#breadcrumb\"},\"inLanguage\":\"fr-FR\",\"potentialAction\":[{\"@type\":\"ReadAction\",\"target\":[\"https:\\\/\\\/www.festivox.fr\\\/blog\\\/ou-ecouter-du-jazz-en-live-dans-la-metropole-dorleans\\\/\"]}]},{\"@type\":\"ImageObject\",\"inLanguage\":\"fr-FR\",\"@id\":\"https:\\\/\\\/www.festivox.fr\\\/blog\\\/ou-ecouter-du-jazz-en-live-dans-la-metropole-dorleans\\\/#primaryimage\",\"url\":\"https:\\\/\\\/www.festivox.fr\\\/blog\\\/wp-content\\\/uploads\\\/2023\\\/11\\\/ou-ecouter-du-jazz-en-live-dans-la-metropole-dorleans.jpg\",\"contentUrl\":\"https:\\\/\\\/www.festivox.fr\\\/blog\\\/wp-content\\\/uploads\\\/2023\\\/11\\\/ou-ecouter-du-jazz-en-live-dans-la-metropole-dorleans.jpg\",\"width\":1132,\"height\":1600},{\"@type\":\"BreadcrumbList\",\"@id\":\"https:\\\/\\\/www.festivox.fr\\\/blog\\\/ou-ecouter-du-jazz-en-live-dans-la-metropole-dorleans\\\/#breadcrumb\",\"itemListElement\":[{\"@type\":\"ListItem\",\"position\":1,\"name\":\"Accueil\",\"item\":\"https:\\\/\\\/www.festivox.fr\\\/blog\\\/\"},{\"@type\":\"ListItem\",\"position\":2,\"name\":\"O\u00f9 \u00e9couter du jazz en live dans la m\u00e9tropole d&rsquo;Orl\u00e9ans\"}]},{\"@type\":\"WebSite\",\"@id\":\"https:\\\/\\\/www.festivox.fr\\\/blog\\\/#website\",\"url\":\"https:\\\/\\\/www.festivox.fr\\\/blog\\\/\",\"name\":\"FESTIVOX\",\"description\":\"Festival en mode guinguette.\",\"publisher\":{\"@id\":\"https:\\\/\\\/www.festivox.fr\\\/blog\\\/#organization\"},\"potentialAction\":[{\"@type\":\"SearchAction\",\"target\":{\"@type\":\"EntryPoint\",\"urlTemplate\":\"https:\\\/\\\/www.festivox.fr\\\/blog\\\/?s={search_term_string}\"},\"query-input\":{\"@type\":\"PropertyValueSpecification\",\"valueRequired\":true,\"valueName\":\"search_term_string\"}}],\"inLanguage\":\"fr-FR\"},{\"@type\":\"Organization\",\"@id\":\"https:\\\/\\\/www.festivox.fr\\\/blog\\\/#organization\",\"name\":\"festivox\",\"url\":\"https:\\\/\\\/www.festivox.fr\\\/blog\\\/\",\"logo\":{\"@type\":\"ImageObject\",\"inLanguage\":\"fr-FR\",\"@id\":\"https:\\\/\\\/www.festivox.fr\\\/blog\\\/#\\\/schema\\\/logo\\\/image\\\/\",\"url\":\"https:\\\/\\\/www.festivox.fr\\\/blog\\\/wp-content\\\/uploads\\\/2023\\\/06\\\/logo-2.png\",\"contentUrl\":\"https:\\\/\\\/www.festivox.fr\\\/blog\\\/wp-content\\\/uploads\\\/2023\\\/06\\\/logo-2.png\",\"width\":480,\"height\":160,\"caption\":\"festivox\"},\"image\":{\"@id\":\"https:\\\/\\\/www.festivox.fr\\\/blog\\\/#\\\/schema\\\/logo\\\/image\\\/\"}},{\"@type\":\"Person\",\"@id\":\"https:\\\/\\\/www.festivox.fr\\\/blog\\\/#\\\/schema\\\/person\\\/f36a8b6bc94800c3eafed4bca993ce95\",\"name\":\"Michele\",\"image\":{\"@type\":\"ImageObject\",\"inLanguage\":\"fr-FR\",\"@id\":\"https:\\\/\\\/secure.gravatar.com\\\/avatar\\\/b062046536b5d47ec9075956ec349ef95ed06b0f910c578f74abb318668b702e?s=96&d=mm&r=g\",\"url\":\"https:\\\/\\\/secure.gravatar.com\\\/avatar\\\/b062046536b5d47ec9075956ec349ef95ed06b0f910c578f74abb318668b702e?s=96&d=mm&r=g\",\"contentUrl\":\"https:\\\/\\\/secure.gravatar.com\\\/avatar\\\/b062046536b5d47ec9075956ec349ef95ed06b0f910c578f74abb318668b702e?s=96&d=mm&r=g\",\"caption\":\"Michele\"},\"sameAs\":[\"https:\\\/\\\/www.festivox.fr\\\/blog\"],\"url\":\"https:\\\/\\\/www.festivox.fr\\\/blog\\\/author\\\/voxadmin\\\/\"}]}<\/script>\n<!-- \/ Yoast SEO plugin. -->","yoast_head_json":{"title":"O\u00f9 \u00e9couter du jazz en live dans la m\u00e9tropole d'Orl\u00e9ans - FESTIVOX","robots":{"index":"index","follow":"follow","max-snippet":"max-snippet:-1","max-image-preview":"max-image-preview:large","max-video-preview":"max-video-preview:-1"},"canonical":"https:\/\/www.festivox.fr\/blog\/ou-ecouter-du-jazz-en-live-dans-la-metropole-dorleans\/","og_locale":"fr_FR","og_type":"article","og_title":"O\u00f9 \u00e9couter du jazz en live dans la m\u00e9tropole d'Orl\u00e9ans - FESTIVOX","og_description":"Un club de jazz a ouvert ses portes \u00e0 Orl\u00e9ans, tout pr\u00e8s de la place du Martroi, fin septembre 2023. Mais l&rsquo;Orl\u00e9ans Jazz Club n&rsquo;est pas le seul spot pour savourer du jazz en live. Connaissez-vous ces deux autres rendez-vous dans la m\u00e9tropole ? Jeudis jazz \u00e0 La Chapelle-Saint-Mesmin Pour leur troisi\u00e8me saison, les Jeudis&hellip;","og_url":"https:\/\/www.festivox.fr\/blog\/ou-ecouter-du-jazz-en-live-dans-la-metropole-dorleans\/","og_site_name":"FESTIVOX","article_published_time":"2023-11-02T03:02:00+00:00","og_image":[{"url":"https:\/\/www.festivox.fr\/blog\/wp-content\/uploads\/2023\/11\/ou-ecouter-du-jazz-en-live-dans-la-metropole-dorleans.jpg","type":"","width":"","height":""}],"author":"Michele","twitter_card":"summary_large_image","twitter_misc":{"\u00c9crit par":"Michele","Dur\u00e9e de lecture estim\u00e9e":"2 minutes"},"schema":{"@context":"https:\/\/schema.org","@graph":[{"@type":"Article","@id":"https:\/\/www.festivox.fr\/blog\/ou-ecouter-du-jazz-en-live-dans-la-metropole-dorleans\/#article","isPartOf":{"@id":"https:\/\/www.festivox.fr\/blog\/ou-ecouter-du-jazz-en-live-dans-la-metropole-dorleans\/"},"author":{"name":"Michele","@id":"https:\/\/www.festivox.fr\/blog\/#\/schema\/person\/f36a8b6bc94800c3eafed4bca993ce95"},"headline":"O\u00f9 \u00e9couter du jazz en live dans la m\u00e9tropole d&rsquo;Orl\u00e9ans","datePublished":"2023-11-02T03:02:00+00:00","mainEntityOfPage":{"@id":"https:\/\/www.festivox.fr\/blog\/ou-ecouter-du-jazz-en-live-dans-la-metropole-dorleans\/"},"wordCount":487,"publisher":{"@id":"https:\/\/www.festivox.fr\/blog\/#organization"},"image":{"@id":"https:\/\/www.festivox.fr\/blog\/ou-ecouter-du-jazz-en-live-dans-la-metropole-dorleans\/#primaryimage"},"thumbnailUrl":"https:\/\/www.festivox.fr\/blog\/wp-content\/uploads\/2023\/11\/ou-ecouter-du-jazz-en-live-dans-la-metropole-dorleans.jpg","articleSection":["Wiki Sur Festival Jazz Et Musique En Mode Guinguette:"],"inLanguage":"fr-FR"},{"@type":"WebPage","@id":"https:\/\/www.festivox.fr\/blog\/ou-ecouter-du-jazz-en-live-dans-la-metropole-dorleans\/","url":"https:\/\/www.festivox.fr\/blog\/ou-ecouter-du-jazz-en-live-dans-la-metropole-dorleans\/","name":"O\u00f9 \u00e9couter du jazz en live dans la m\u00e9tropole d'Orl\u00e9ans - FESTIVOX","isPartOf":{"@id":"https:\/\/www.festivox.fr\/blog\/#website"},"primaryImageOfPage":{"@id":"https:\/\/www.festivox.fr\/blog\/ou-ecouter-du-jazz-en-live-dans-la-metropole-dorleans\/#primaryimage"},"image":{"@id":"https:\/\/www.festivox.fr\/blog\/ou-ecouter-du-jazz-en-live-dans-la-metropole-dorleans\/#primaryimage"},"thumbnailUrl":"https:\/\/www.festivox.fr\/blog\/wp-content\/uploads\/2023\/11\/ou-ecouter-du-jazz-en-live-dans-la-metropole-dorleans.jpg","datePublished":"2023-11-02T03:02:00+00:00","breadcrumb":{"@id":"https:\/\/www.festivox.fr\/blog\/ou-ecouter-du-jazz-en-live-dans-la-metropole-dorleans\/#breadcrumb"},"inLanguage":"fr-FR","potentialAction":[{"@type":"ReadAction","target":["https:\/\/www.festivox.fr\/blog\/ou-ecouter-du-jazz-en-live-dans-la-metropole-dorleans\/"]}]},{"@type":"ImageObject","inLanguage":"fr-FR","@id":"https:\/\/www.festivox.fr\/blog\/ou-ecouter-du-jazz-en-live-dans-la-metropole-dorleans\/#primaryimage","url":"https:\/\/www.festivox.fr\/blog\/wp-content\/uploads\/2023\/11\/ou-ecouter-du-jazz-en-live-dans-la-metropole-dorleans.jpg","contentUrl":"https:\/\/www.festivox.fr\/blog\/wp-content\/uploads\/2023\/11\/ou-ecouter-du-jazz-en-live-dans-la-metropole-dorleans.jpg","width":1132,"height":1600},{"@type":"BreadcrumbList","@id":"https:\/\/www.festivox.fr\/blog\/ou-ecouter-du-jazz-en-live-dans-la-metropole-dorleans\/#breadcrumb","itemListElement":[{"@type":"ListItem","position":1,"name":"Accueil","item":"https:\/\/www.festivox.fr\/blog\/"},{"@type":"ListItem","position":2,"name":"O\u00f9 \u00e9couter du jazz en live dans la m\u00e9tropole d&rsquo;Orl\u00e9ans"}]},{"@type":"WebSite","@id":"https:\/\/www.festivox.fr\/blog\/#website","url":"https:\/\/www.festivox.fr\/blog\/","name":"FESTIVOX","description":"Festival en mode guinguette.","publisher":{"@id":"https:\/\/www.festivox.fr\/blog\/#organization"},"potentialAction":[{"@type":"SearchAction","target":{"@type":"EntryPoint","urlTemplate":"https:\/\/www.festivox.fr\/blog\/?s={search_term_string}"},"query-input":{"@type":"PropertyValueSpecification","valueRequired":true,"valueName":"search_term_string"}}],"inLanguage":"fr-FR"},{"@type":"Organization","@id":"https:\/\/www.festivox.fr\/blog\/#organization","name":"festivox","url":"https:\/\/www.festivox.fr\/blog\/","logo":{"@type":"ImageObject","inLanguage":"fr-FR","@id":"https:\/\/www.festivox.fr\/blog\/#\/schema\/logo\/image\/","url":"https:\/\/www.festivox.fr\/blog\/wp-content\/uploads\/2023\/06\/logo-2.png","contentUrl":"https:\/\/www.festivox.fr\/blog\/wp-content\/uploads\/2023\/06\/logo-2.png","width":480,"height":160,"caption":"festivox"},"image":{"@id":"https:\/\/www.festivox.fr\/blog\/#\/schema\/logo\/image\/"}},{"@type":"Person","@id":"https:\/\/www.festivox.fr\/blog\/#\/schema\/person\/f36a8b6bc94800c3eafed4bca993ce95","name":"Michele","image":{"@type":"ImageObject","inLanguage":"fr-FR","@id":"https:\/\/secure.gravatar.com\/avatar\/b062046536b5d47ec9075956ec349ef95ed06b0f910c578f74abb318668b702e?s=96&d=mm&r=g","url":"https:\/\/secure.gravatar.com\/avatar\/b062046536b5d47ec9075956ec349ef95ed06b0f910c578f74abb318668b702e?s=96&d=mm&r=g","contentUrl":"https:\/\/secure.gravatar.com\/avatar\/b062046536b5d47ec9075956ec349ef95ed06b0f910c578f74abb318668b702e?s=96&d=mm&r=g","caption":"Michele"},"sameAs":["https:\/\/www.festivox.fr\/blog"],"url":"https:\/\/www.festivox.fr\/blog\/author\/voxadmin\/"}]}},"_links":{"self":[{"href":"https:\/\/www.festivox.fr\/blog\/wp-json\/wp\/v2\/posts\/531","targetHints":{"allow":["GET"]}}],"collection":[{"href":"https:\/\/www.festivox.fr\/blog\/wp-json\/wp\/v2\/posts"}],"about":[{"href":"https:\/\/www.festivox.fr\/blog\/wp-json\/wp\/v2\/types\/post"}],"author":[{"embeddable":true,"href":"https:\/\/www.festivox.fr\/blog\/wp-json\/wp\/v2\/users\/1"}],"replies":[{"embeddable":true,"href":"https:\/\/www.festivox.fr\/blog\/wp-json\/wp\/v2\/comments?post=531"}],"version-history":[{"count":0,"href":"https:\/\/www.festivox.fr\/blog\/wp-json\/wp\/v2\/posts\/531\/revisions"}],"wp:featuredmedia":[{"embeddable":true,"href":"https:\/\/www.festivox.fr\/blog\/wp-json\/wp\/v2\/media\/532"}],"wp:attachment":[{"href":"https:\/\/www.festivox.fr\/blog\/wp-json\/wp\/v2\/media?parent=531"}],"wp:term":[{"taxonomy":"category","embeddable":true,"href":"https:\/\/www.festivox.fr\/blog\/wp-json\/wp\/v2\/categories?post=531"},{"taxonomy":"post_tag","embeddable":true,"href":"https:\/\/www.festivox.fr\/blog\/wp-json\/wp\/v2\/tags?post=531"}],"curies":[{"name":"wp","href":"https:\/\/api.w.org\/{rel}","templated":true}]}}