{"id":529,"date":"2023-11-05T08:25:00","date_gmt":"2023-11-05T07:25:00","guid":{"rendered":"https:\/\/www.festivox.fr\/blog\/dede-java-espiritu\/"},"modified":"2023-11-05T08:25:00","modified_gmt":"2023-11-05T07:25:00","slug":"dede-java-espiritu","status":"publish","type":"post","link":"https:\/\/www.festivox.fr\/blog\/dede-java-espiritu\/","title":{"rendered":"Dede Java Espiritu"},"content":{"rendered":"\n<div><img decoding=\"async\" src=\"https:\/\/www.festivox.fr\/blog\/wp-content\/uploads\/2023\/11\/dede-java-espiritu.png\" class=\"ff-og-image-inserted\"><\/div>\n<h4><a href=\"https:\/\/www.allaboutjazz.com\/musicians\/marianne-trudel\" title=\"View the Marianne Trudel page at All About Jazz\" target=\"_blank\" rel=\"nofollow\">Marianne Trudel<\/a><\/h4>\n<p>Label: <a href=\"https:\/\/usa.jazznearyou.com\/recordlabel\/self-produced\" target=\"_blank\" rel=\"nofollow\">Self Produced<\/a><br \/>Released: 2023 <br \/>Views: 139<\/p>\n<h3>Tracks<\/h3>\n<p class=\"capitalize\">La vie, le vent; \u00c9toiles-lumi\u00e8re; La nature avant tout; Le sol et la terre; R\u00e9sonances et \u00e9chos; D\u00e9d\u00e9 Java<br \/>\nEspiritu; Pruches et \u00e9pinettes; Coquillages; Nature speaks: la lenteur; Migration; Oc\u00e9an-musique; Tension and<br \/>\nhappiness; Brume, bruine et brouillard; Le plaisir; L&rsquo;infini \u00e0 chaque seconde.<\/p>\n<h3>Personnel<\/h3>\n<h3>Album Description<\/h3>\n<p>A piano, a drum set, a thousand ideas. The happy and highly creative encounter of pianist and composer<br \/>\nMarianne Trudel with drummer and composer John Hollenbeck. An electrifying, fascinating, enveloping duo!<br \/>\nD\u00e9d\u00e9 Java Espiritu project plunges the listener into an infinite panorama of colours and grooves inspired by<br \/>\nnature. This album celebrates beauty, the ephemeral, intuition, mystery, and life. Compositions that are both<br \/>\npared down and refined, mysterious and enticing\u2026Where catchy grooves, enchanting melodies, surprising<br \/>\nsonorities, and joyous spontaneity go hand in hand. PRESS: \u201cTrudel\u2019s expert piano playing, its enveloping<br \/>\nmelodies matched by the drummer with his complex, colourful performance. What beauty!\u00a0\u00bb Le Devoir<br \/>\n(Canada) \u201cTrudel\u2019s sonic impressionism and Hollenbeck\u2019s moving percussion. Music that is rhythmically<br \/>\nand melodically arranged to perfection! The audience was moved and deeply touched.\u201d Jazzhalo (Germany)<br \/>\n\u201cThere was no need for a double-bass player as the two partners in crime relentlessly merged into a single<br \/>\npercussive yet melodic instrument.\u201d JazzJournal (UK) Un piano, une batterie, mille id\u00e9es. La rencontre&#8230;<br \/>\nheureuse et hautement cr\u00e9ative entre la pianiste et compositrice Marianne Trudel et le batteur John<br \/>\nHollenbeck. Un duo \u00e9lectrisant, fascinant, enveloppant! D\u00e9d\u00e9 Java Espiritu s\u2019inspire de la nature sous<br \/>\ntoutes ses formes et c\u00e9l\u00e8bre la beaut\u00e9, l\u2019\u00e9ph\u00e9m\u00e8re, la spontan\u00e9it\u00e9, l&rsquo;\u00e9nergie et la vie. \u00c0 eux deux, ils<br \/>\nforment tout un orchestre et offre une exp\u00e9rience envo\u00fbtante, \u00e9mouvante et surprenante. Compositions \u00e0 la<br \/>\nfois accrocheuses et raffin\u00e9es, myst\u00e9rieuses et entra\u00eenantes\u2026O\u00f9 grooves contagieux, m\u00e9lodies envo\u00fbtantes,<br \/>\nsonorit\u00e9s \u00e9tonnantes et spontan\u00e9it\u00e9 joyeuse se c\u00f4toient. Presse: \u201cLes sonorit\u00e9s impressionnistes de<br \/>\nTrudel et les percussions \u00e9mouvantes de Hollenbeck. Une musique rythmiquement et m\u00e9lodiquement<br \/>\narrang\u00e9e \u00e0 la perfection! Le public \u00e9mu et touch\u00e9 au plus haut degr\u00e9! \u00bb Jazzhalo- Allemagne \u00ab\u00a0Le piano<br \/>\nexpert de Trudel, ses m\u00e9lodies enveloppantes, auxquelles r\u00e9pondait le batteur et percussionniste de son<br \/>\njeu complexe et color\u00e9. Que du beau!\u00a0\u00bb Le Devoir&nbsp;<\/p>\n<p> <br class=\"no-line\"><\/p>\n<h3 class=\"fancy_hd\">\n<a href=\"https:\/\/www.allaboutjazz.com\/php\/tag_center.php\" title=\"All About Jazz Tags Center\" target=\"_blank\" rel=\"nofollow\">Tags<\/a><br \/>\n<\/h3>\n<p> Cet article, qui traite du th\u00e8me \u00ab\u00a0Festival Jazz et musique en mode guinguette\u00a0\u00bb, vous est d\u00e9lib\u00e9r\u00e9ment offert par festivox.fr. La raison d\u2019\u00eatre de festivox.fr est de parler de Festival Jazz et musique en mode guinguette dans la transparence la plus g\u00e9n\u00e9rale en vous procurant la visibilit\u00e9 de tout ce qui est publi\u00e9 sur ce sujet sur le web La chronique a \u00e9t\u00e9 g\u00e9n\u00e9r\u00e9e de la mani\u00e8re la plus honn\u00eate que possible. S\u2019il advenait que vous projetez d\u2019apporter quelques notes concernant le domaine de \u00ab\u00a0Festival Jazz et musique en mode guinguette\u00a0\u00bb vous avez la possibilit\u00e9 de d&rsquo;\u00e9changer avec notre r\u00e9daction. Dans peu de temps, on mettra en ligne d&rsquo;autres informations pertinentes autour du sujet \u00ab\u00a0Festival Jazz et musique en mode guinguette\u00a0\u00bb. Ainsi, consultez r\u00e9guli\u00e8rement notre site.<\/p>\n","protected":false},"excerpt":{"rendered":"<p>Marianne Trudel Label: Self ProducedReleased: 2023 Views: 139 Tracks La vie, le vent; \u00c9toiles-lumi\u00e8re; La nature avant tout; Le sol et la terre; R\u00e9sonances et \u00e9chos; D\u00e9d\u00e9 Java Espiritu; Pruches et \u00e9pinettes; Coquillages; Nature speaks: la lenteur; Migration; Oc\u00e9an-musique; Tension and happiness; Brume, bruine et brouillard; Le plaisir; L&rsquo;infini \u00e0 chaque seconde. Personnel Album Description&hellip;<\/p>\n","protected":false},"author":1,"featured_media":530,"comment_status":"closed","ping_status":"closed","sticky":false,"template":"","format":"standard","meta":{"footnotes":""},"categories":[3],"tags":[],"class_list":["post-529","post","type-post","status-publish","format-standard","has-post-thumbnail","hentry","category-wiki-sur-festival-jazz-et-musique-en-mode-guinguette"],"yoast_head":"<!-- This site is optimized with the Yoast SEO plugin v27.5 - https:\/\/yoast.com\/product\/yoast-seo-wordpress\/ -->\n<title>Dede Java Espiritu - FESTIVOX<\/title>\n<meta name=\"robots\" content=\"index, follow, max-snippet:-1, max-image-preview:large, max-video-preview:-1\" \/>\n<link rel=\"canonical\" href=\"https:\/\/www.festivox.fr\/blog\/dede-java-espiritu\/\" \/>\n<meta property=\"og:locale\" content=\"fr_FR\" \/>\n<meta property=\"og:type\" content=\"article\" \/>\n<meta property=\"og:title\" content=\"Dede Java Espiritu - FESTIVOX\" \/>\n<meta property=\"og:description\" content=\"Marianne Trudel Label: Self ProducedReleased: 2023 Views: 139 Tracks La vie, le vent; \u00c9toiles-lumi\u00e8re; La nature avant tout; Le sol et la terre; R\u00e9sonances et \u00e9chos; D\u00e9d\u00e9 Java Espiritu; Pruches et \u00e9pinettes; Coquillages; Nature speaks: la lenteur; Migration; Oc\u00e9an-musique; Tension and happiness; Brume, bruine et brouillard; Le plaisir; L&rsquo;infini \u00e0 chaque seconde. Personnel Album Description&hellip;\" \/>\n<meta property=\"og:url\" content=\"https:\/\/www.festivox.fr\/blog\/dede-java-espiritu\/\" \/>\n<meta property=\"og:site_name\" content=\"FESTIVOX\" \/>\n<meta property=\"article:published_time\" content=\"2023-11-05T07:25:00+00:00\" \/>\n<meta property=\"og:image\" content=\"https:\/\/www.festivox.fr\/blog\/wp-content\/uploads\/2023\/11\/dede-java-espiritu.png\" \/>\n<meta name=\"author\" content=\"Michele\" \/>\n<meta name=\"twitter:card\" content=\"summary_large_image\" \/>\n<meta name=\"twitter:label1\" content=\"\u00c9crit par\" \/>\n\t<meta name=\"twitter:data1\" content=\"Michele\" \/>\n\t<meta name=\"twitter:label2\" content=\"Dur\u00e9e de lecture estim\u00e9e\" \/>\n\t<meta name=\"twitter:data2\" content=\"3 minutes\" \/>\n<script type=\"application\/ld+json\" class=\"yoast-schema-graph\">{\"@context\":\"https:\\\/\\\/schema.org\",\"@graph\":[{\"@type\":\"Article\",\"@id\":\"https:\\\/\\\/www.festivox.fr\\\/blog\\\/dede-java-espiritu\\\/#article\",\"isPartOf\":{\"@id\":\"https:\\\/\\\/www.festivox.fr\\\/blog\\\/dede-java-espiritu\\\/\"},\"author\":{\"name\":\"Michele\",\"@id\":\"https:\\\/\\\/www.festivox.fr\\\/blog\\\/#\\\/schema\\\/person\\\/f36a8b6bc94800c3eafed4bca993ce95\"},\"headline\":\"Dede Java Espiritu\",\"datePublished\":\"2023-11-05T07:25:00+00:00\",\"mainEntityOfPage\":{\"@id\":\"https:\\\/\\\/www.festivox.fr\\\/blog\\\/dede-java-espiritu\\\/\"},\"wordCount\":536,\"publisher\":{\"@id\":\"https:\\\/\\\/www.festivox.fr\\\/blog\\\/#organization\"},\"image\":{\"@id\":\"https:\\\/\\\/www.festivox.fr\\\/blog\\\/dede-java-espiritu\\\/#primaryimage\"},\"thumbnailUrl\":\"https:\\\/\\\/www.festivox.fr\\\/blog\\\/wp-content\\\/uploads\\\/2023\\\/11\\\/dede-java-espiritu.png\",\"articleSection\":[\"Wiki Sur Festival Jazz Et Musique En Mode Guinguette:\"],\"inLanguage\":\"fr-FR\"},{\"@type\":\"WebPage\",\"@id\":\"https:\\\/\\\/www.festivox.fr\\\/blog\\\/dede-java-espiritu\\\/\",\"url\":\"https:\\\/\\\/www.festivox.fr\\\/blog\\\/dede-java-espiritu\\\/\",\"name\":\"Dede Java Espiritu - FESTIVOX\",\"isPartOf\":{\"@id\":\"https:\\\/\\\/www.festivox.fr\\\/blog\\\/#website\"},\"primaryImageOfPage\":{\"@id\":\"https:\\\/\\\/www.festivox.fr\\\/blog\\\/dede-java-espiritu\\\/#primaryimage\"},\"image\":{\"@id\":\"https:\\\/\\\/www.festivox.fr\\\/blog\\\/dede-java-espiritu\\\/#primaryimage\"},\"thumbnailUrl\":\"https:\\\/\\\/www.festivox.fr\\\/blog\\\/wp-content\\\/uploads\\\/2023\\\/11\\\/dede-java-espiritu.png\",\"datePublished\":\"2023-11-05T07:25:00+00:00\",\"breadcrumb\":{\"@id\":\"https:\\\/\\\/www.festivox.fr\\\/blog\\\/dede-java-espiritu\\\/#breadcrumb\"},\"inLanguage\":\"fr-FR\",\"potentialAction\":[{\"@type\":\"ReadAction\",\"target\":[\"https:\\\/\\\/www.festivox.fr\\\/blog\\\/dede-java-espiritu\\\/\"]}]},{\"@type\":\"ImageObject\",\"inLanguage\":\"fr-FR\",\"@id\":\"https:\\\/\\\/www.festivox.fr\\\/blog\\\/dede-java-espiritu\\\/#primaryimage\",\"url\":\"https:\\\/\\\/www.festivox.fr\\\/blog\\\/wp-content\\\/uploads\\\/2023\\\/11\\\/dede-java-espiritu.png\",\"contentUrl\":\"https:\\\/\\\/www.festivox.fr\\\/blog\\\/wp-content\\\/uploads\\\/2023\\\/11\\\/dede-java-espiritu.png\",\"width\":200,\"height\":200},{\"@type\":\"BreadcrumbList\",\"@id\":\"https:\\\/\\\/www.festivox.fr\\\/blog\\\/dede-java-espiritu\\\/#breadcrumb\",\"itemListElement\":[{\"@type\":\"ListItem\",\"position\":1,\"name\":\"Accueil\",\"item\":\"https:\\\/\\\/www.festivox.fr\\\/blog\\\/\"},{\"@type\":\"ListItem\",\"position\":2,\"name\":\"Dede Java Espiritu\"}]},{\"@type\":\"WebSite\",\"@id\":\"https:\\\/\\\/www.festivox.fr\\\/blog\\\/#website\",\"url\":\"https:\\\/\\\/www.festivox.fr\\\/blog\\\/\",\"name\":\"FESTIVOX\",\"description\":\"Festival en mode guinguette.\",\"publisher\":{\"@id\":\"https:\\\/\\\/www.festivox.fr\\\/blog\\\/#organization\"},\"potentialAction\":[{\"@type\":\"SearchAction\",\"target\":{\"@type\":\"EntryPoint\",\"urlTemplate\":\"https:\\\/\\\/www.festivox.fr\\\/blog\\\/?s={search_term_string}\"},\"query-input\":{\"@type\":\"PropertyValueSpecification\",\"valueRequired\":true,\"valueName\":\"search_term_string\"}}],\"inLanguage\":\"fr-FR\"},{\"@type\":\"Organization\",\"@id\":\"https:\\\/\\\/www.festivox.fr\\\/blog\\\/#organization\",\"name\":\"festivox\",\"url\":\"https:\\\/\\\/www.festivox.fr\\\/blog\\\/\",\"logo\":{\"@type\":\"ImageObject\",\"inLanguage\":\"fr-FR\",\"@id\":\"https:\\\/\\\/www.festivox.fr\\\/blog\\\/#\\\/schema\\\/logo\\\/image\\\/\",\"url\":\"https:\\\/\\\/www.festivox.fr\\\/blog\\\/wp-content\\\/uploads\\\/2023\\\/06\\\/logo-2.png\",\"contentUrl\":\"https:\\\/\\\/www.festivox.fr\\\/blog\\\/wp-content\\\/uploads\\\/2023\\\/06\\\/logo-2.png\",\"width\":480,\"height\":160,\"caption\":\"festivox\"},\"image\":{\"@id\":\"https:\\\/\\\/www.festivox.fr\\\/blog\\\/#\\\/schema\\\/logo\\\/image\\\/\"}},{\"@type\":\"Person\",\"@id\":\"https:\\\/\\\/www.festivox.fr\\\/blog\\\/#\\\/schema\\\/person\\\/f36a8b6bc94800c3eafed4bca993ce95\",\"name\":\"Michele\",\"image\":{\"@type\":\"ImageObject\",\"inLanguage\":\"fr-FR\",\"@id\":\"https:\\\/\\\/secure.gravatar.com\\\/avatar\\\/b062046536b5d47ec9075956ec349ef95ed06b0f910c578f74abb318668b702e?s=96&d=mm&r=g\",\"url\":\"https:\\\/\\\/secure.gravatar.com\\\/avatar\\\/b062046536b5d47ec9075956ec349ef95ed06b0f910c578f74abb318668b702e?s=96&d=mm&r=g\",\"contentUrl\":\"https:\\\/\\\/secure.gravatar.com\\\/avatar\\\/b062046536b5d47ec9075956ec349ef95ed06b0f910c578f74abb318668b702e?s=96&d=mm&r=g\",\"caption\":\"Michele\"},\"sameAs\":[\"https:\\\/\\\/www.festivox.fr\\\/blog\"],\"url\":\"https:\\\/\\\/www.festivox.fr\\\/blog\\\/author\\\/voxadmin\\\/\"}]}<\/script>\n<!-- \/ Yoast SEO plugin. -->","yoast_head_json":{"title":"Dede Java Espiritu - FESTIVOX","robots":{"index":"index","follow":"follow","max-snippet":"max-snippet:-1","max-image-preview":"max-image-preview:large","max-video-preview":"max-video-preview:-1"},"canonical":"https:\/\/www.festivox.fr\/blog\/dede-java-espiritu\/","og_locale":"fr_FR","og_type":"article","og_title":"Dede Java Espiritu - FESTIVOX","og_description":"Marianne Trudel Label: Self ProducedReleased: 2023 Views: 139 Tracks La vie, le vent; \u00c9toiles-lumi\u00e8re; La nature avant tout; Le sol et la terre; R\u00e9sonances et \u00e9chos; D\u00e9d\u00e9 Java Espiritu; Pruches et \u00e9pinettes; Coquillages; Nature speaks: la lenteur; Migration; Oc\u00e9an-musique; Tension and happiness; Brume, bruine et brouillard; Le plaisir; L&rsquo;infini \u00e0 chaque seconde. Personnel Album Description&hellip;","og_url":"https:\/\/www.festivox.fr\/blog\/dede-java-espiritu\/","og_site_name":"FESTIVOX","article_published_time":"2023-11-05T07:25:00+00:00","og_image":[{"url":"https:\/\/www.festivox.fr\/blog\/wp-content\/uploads\/2023\/11\/dede-java-espiritu.png","type":"","width":"","height":""}],"author":"Michele","twitter_card":"summary_large_image","twitter_misc":{"\u00c9crit par":"Michele","Dur\u00e9e de lecture estim\u00e9e":"3 minutes"},"schema":{"@context":"https:\/\/schema.org","@graph":[{"@type":"Article","@id":"https:\/\/www.festivox.fr\/blog\/dede-java-espiritu\/#article","isPartOf":{"@id":"https:\/\/www.festivox.fr\/blog\/dede-java-espiritu\/"},"author":{"name":"Michele","@id":"https:\/\/www.festivox.fr\/blog\/#\/schema\/person\/f36a8b6bc94800c3eafed4bca993ce95"},"headline":"Dede Java Espiritu","datePublished":"2023-11-05T07:25:00+00:00","mainEntityOfPage":{"@id":"https:\/\/www.festivox.fr\/blog\/dede-java-espiritu\/"},"wordCount":536,"publisher":{"@id":"https:\/\/www.festivox.fr\/blog\/#organization"},"image":{"@id":"https:\/\/www.festivox.fr\/blog\/dede-java-espiritu\/#primaryimage"},"thumbnailUrl":"https:\/\/www.festivox.fr\/blog\/wp-content\/uploads\/2023\/11\/dede-java-espiritu.png","articleSection":["Wiki Sur Festival Jazz Et Musique En Mode Guinguette:"],"inLanguage":"fr-FR"},{"@type":"WebPage","@id":"https:\/\/www.festivox.fr\/blog\/dede-java-espiritu\/","url":"https:\/\/www.festivox.fr\/blog\/dede-java-espiritu\/","name":"Dede Java Espiritu - FESTIVOX","isPartOf":{"@id":"https:\/\/www.festivox.fr\/blog\/#website"},"primaryImageOfPage":{"@id":"https:\/\/www.festivox.fr\/blog\/dede-java-espiritu\/#primaryimage"},"image":{"@id":"https:\/\/www.festivox.fr\/blog\/dede-java-espiritu\/#primaryimage"},"thumbnailUrl":"https:\/\/www.festivox.fr\/blog\/wp-content\/uploads\/2023\/11\/dede-java-espiritu.png","datePublished":"2023-11-05T07:25:00+00:00","breadcrumb":{"@id":"https:\/\/www.festivox.fr\/blog\/dede-java-espiritu\/#breadcrumb"},"inLanguage":"fr-FR","potentialAction":[{"@type":"ReadAction","target":["https:\/\/www.festivox.fr\/blog\/dede-java-espiritu\/"]}]},{"@type":"ImageObject","inLanguage":"fr-FR","@id":"https:\/\/www.festivox.fr\/blog\/dede-java-espiritu\/#primaryimage","url":"https:\/\/www.festivox.fr\/blog\/wp-content\/uploads\/2023\/11\/dede-java-espiritu.png","contentUrl":"https:\/\/www.festivox.fr\/blog\/wp-content\/uploads\/2023\/11\/dede-java-espiritu.png","width":200,"height":200},{"@type":"BreadcrumbList","@id":"https:\/\/www.festivox.fr\/blog\/dede-java-espiritu\/#breadcrumb","itemListElement":[{"@type":"ListItem","position":1,"name":"Accueil","item":"https:\/\/www.festivox.fr\/blog\/"},{"@type":"ListItem","position":2,"name":"Dede Java Espiritu"}]},{"@type":"WebSite","@id":"https:\/\/www.festivox.fr\/blog\/#website","url":"https:\/\/www.festivox.fr\/blog\/","name":"FESTIVOX","description":"Festival en mode guinguette.","publisher":{"@id":"https:\/\/www.festivox.fr\/blog\/#organization"},"potentialAction":[{"@type":"SearchAction","target":{"@type":"EntryPoint","urlTemplate":"https:\/\/www.festivox.fr\/blog\/?s={search_term_string}"},"query-input":{"@type":"PropertyValueSpecification","valueRequired":true,"valueName":"search_term_string"}}],"inLanguage":"fr-FR"},{"@type":"Organization","@id":"https:\/\/www.festivox.fr\/blog\/#organization","name":"festivox","url":"https:\/\/www.festivox.fr\/blog\/","logo":{"@type":"ImageObject","inLanguage":"fr-FR","@id":"https:\/\/www.festivox.fr\/blog\/#\/schema\/logo\/image\/","url":"https:\/\/www.festivox.fr\/blog\/wp-content\/uploads\/2023\/06\/logo-2.png","contentUrl":"https:\/\/www.festivox.fr\/blog\/wp-content\/uploads\/2023\/06\/logo-2.png","width":480,"height":160,"caption":"festivox"},"image":{"@id":"https:\/\/www.festivox.fr\/blog\/#\/schema\/logo\/image\/"}},{"@type":"Person","@id":"https:\/\/www.festivox.fr\/blog\/#\/schema\/person\/f36a8b6bc94800c3eafed4bca993ce95","name":"Michele","image":{"@type":"ImageObject","inLanguage":"fr-FR","@id":"https:\/\/secure.gravatar.com\/avatar\/b062046536b5d47ec9075956ec349ef95ed06b0f910c578f74abb318668b702e?s=96&d=mm&r=g","url":"https:\/\/secure.gravatar.com\/avatar\/b062046536b5d47ec9075956ec349ef95ed06b0f910c578f74abb318668b702e?s=96&d=mm&r=g","contentUrl":"https:\/\/secure.gravatar.com\/avatar\/b062046536b5d47ec9075956ec349ef95ed06b0f910c578f74abb318668b702e?s=96&d=mm&r=g","caption":"Michele"},"sameAs":["https:\/\/www.festivox.fr\/blog"],"url":"https:\/\/www.festivox.fr\/blog\/author\/voxadmin\/"}]}},"_links":{"self":[{"href":"https:\/\/www.festivox.fr\/blog\/wp-json\/wp\/v2\/posts\/529","targetHints":{"allow":["GET"]}}],"collection":[{"href":"https:\/\/www.festivox.fr\/blog\/wp-json\/wp\/v2\/posts"}],"about":[{"href":"https:\/\/www.festivox.fr\/blog\/wp-json\/wp\/v2\/types\/post"}],"author":[{"embeddable":true,"href":"https:\/\/www.festivox.fr\/blog\/wp-json\/wp\/v2\/users\/1"}],"replies":[{"embeddable":true,"href":"https:\/\/www.festivox.fr\/blog\/wp-json\/wp\/v2\/comments?post=529"}],"version-history":[{"count":0,"href":"https:\/\/www.festivox.fr\/blog\/wp-json\/wp\/v2\/posts\/529\/revisions"}],"wp:featuredmedia":[{"embeddable":true,"href":"https:\/\/www.festivox.fr\/blog\/wp-json\/wp\/v2\/media\/530"}],"wp:attachment":[{"href":"https:\/\/www.festivox.fr\/blog\/wp-json\/wp\/v2\/media?parent=529"}],"wp:term":[{"taxonomy":"category","embeddable":true,"href":"https:\/\/www.festivox.fr\/blog\/wp-json\/wp\/v2\/categories?post=529"},{"taxonomy":"post_tag","embeddable":true,"href":"https:\/\/www.festivox.fr\/blog\/wp-json\/wp\/v2\/tags?post=529"}],"curies":[{"name":"wp","href":"https:\/\/api.w.org\/{rel}","templated":true}]}}