{"id":509,"date":"2023-10-22T03:53:00","date_gmt":"2023-10-22T02:53:00","guid":{"rendered":"https:\/\/www.festivox.fr\/blog\/jazz-et-laurent-absents-dinstagram-la-raison-pour-laquelle-le-couple-a-deserte-les-reseaux-sociaux-devoilee\/"},"modified":"2023-10-22T03:53:00","modified_gmt":"2023-10-22T02:53:00","slug":"jazz-et-laurent-absents-dinstagram-la-raison-pour-laquelle-le-couple-a-deserte-les-reseaux-sociaux-devoilee","status":"publish","type":"post","link":"https:\/\/www.festivox.fr\/blog\/jazz-et-laurent-absents-dinstagram-la-raison-pour-laquelle-le-couple-a-deserte-les-reseaux-sociaux-devoilee\/","title":{"rendered":"Jazz et Laurent absents d&rsquo;Instagram : la raison pour laquelle le couple a d\u00e9sert\u00e9 les r\u00e9seaux sociaux d\u00e9voil\u00e9e"},"content":{"rendered":"\n<div>\n<p>Apr\u00e8s avoir donn\u00e9 naissance \u00e0 son quatri\u00e8me enfant, Jazz et Laurent Correia ont pris la poudre d&rsquo;escampette, ne donnant plus aucun signe de vie sur Instagram. Mais alors, quelle est la raison de cette soudaine absence ?<\/p>\n<\/p><\/div>\n<div>\n<p>Le 12 octobre dernier, <a href=\"https:\/\/www.voici.fr\/news-people\/jazz-correia-maman-pour-la-quatrieme-fois-le-prenom-original-de-son-fils-devoile-768779\" target=\"_blank\" rel=\"nofollow\">Jazz Correia donnait naissance \u00e0 son quatri\u00e8me enfant<\/a>. Un gar\u00e7on pr\u00e9nomm\u00e9 <em><strong>\u00ab\u00a0Love, Shine, Correia\u00a0\u00bb<\/strong><\/em>, comme elle l&rsquo;a r\u00e9cemment fait savoir. Si sa grossesse s&rsquo;est d\u00e9roul\u00e9e sans encombre, la jeune femme a expliqu\u00e9 sur Instagram <strong>avoir eu des <\/strong><em><strong>\u00ab\u00a0complications\u00a0\u00bb <\/strong><\/em><strong>pour mettre au monde son b\u00e9b\u00e9<\/strong>. En naissant, le nourrisson a imm\u00e9diatement \u00e9t\u00e9 pris en charge dans les unit\u00e9s de soins intensifs.<em> \u00ab\u00a0Ne m&rsquo;en voulez pas si je ne r\u00e9ponds pas pour l&rsquo;instant \u00e0 vos messages. Tant que je ne l&rsquo;aurai pas avec moi et tant que l&rsquo;on ne me dira pas qu&rsquo;il va bien, je ne peux pas r\u00e9pondre \u00e0 vos messages de v\u0153ux alors qu&rsquo;on est profond\u00e9ment tristes pour le moment. Certains vivent pire, alors guerri\u00e8re comme toujours\u00a0\u00bb<\/em>, <a href=\"https:\/\/www.voici.fr\/news-people\/jazz-correia-en-froid-avec-sa-soeur-eva-queen-elle-sort-du-silence-746286\" target=\"_blank\" rel=\"nofollow\">avait fait savoir la s\u0153ur d&rsquo;Eva<\/a> sur les r\u00e9seaux sociaux.<\/p>\n<p>Quelques heures apr\u00e8s la publication de ce message, <strong>la m\u00e8re de Chelsea disparaissait d&rsquo;Instagram<\/strong>, laissant des millions d&rsquo;internautes, orphelins. <a href=\"https:\/\/www.voici.fr\/news-people\/jazz-correia-gros-retournement-de-situation-apres-avoir-traverse-lenfer-avec-son-mari-laurent-759753\" target=\"_blank\" rel=\"nofollow\">M\u00eame son de cloche du c\u00f4t\u00e9 de son mari<\/a>, qui semble lui aussi avoir mis son compte Instagram en veille prolong\u00e9e. Sur X, le compte <em>Vos stars en t\u00e9l\u00e9-r\u00e9alit\u00e9<\/em> a suppos\u00e9 que cette disparition \u00e9tait directement li\u00e9e <strong>aux activit\u00e9s<\/strong><strong><em> \u00ab\u00a0trompeuses\u00a0\u00bb<\/em><\/strong><strong> du couple<\/strong>. <em>\u00ab\u00a0Jazz et Laurent Correia font de la publicit\u00e9 pour des placements financiers de mani\u00e8re indirecte, ce qui est interdit. Merci Meta France d\u2019avoir pris en compte nos nombreuses demandes de suppression de comptes\u00a0\u00bb<\/em>, pouvait-on lire. <strong>Mais est-ce la vraie raison de leur absence sur Instagram<\/strong> ?<\/p>\n<h2 id=\"1supk\">Jazz et Laurent, bannis d&rsquo;Instagram, le blogueur Aqababe d\u00e9ment<\/h2>\n<p>Pour <a href=\"https:\/\/www.voici.fr\/news-people\/jazz-correia-son-couple-avec-laurent-en-danger-elle-donne-des-nouvelles-mitigees-757760\" target=\"_blank\" rel=\"nofollow\">les fans de Jazz et Laurent Correia<\/a>, la raison de leur absence d&rsquo;Instagram n&rsquo;aurait, rien \u00e0 voir avec les placements de produits \u00e0 outrance du couple sur la plateforme. Mais alors, quelle serait la v\u00e9ritable raison de ce silence prolong\u00e9 ? D&rsquo;apr\u00e8s No\u00e9mie Mabelleuh, <a href=\"https:\/\/www.voici.fr\/news-people\/jazz-correia-maman-pour-la-quatrieme-fois-elle-fait-transformer-son-placenta-en-bonbons-768609\" target=\"_blank\" rel=\"nofollow\">une amie proche du clan Correia<\/a>, Jazz et Laurent auraient, de leur plein gr\u00e9, <strong>d\u00e9sactiv\u00e9 leur compte Instagram pour faire un break<\/strong>. <em>\u00ab\u00a0Ils font une pause. Ils en ont marre de voir toute cette folie des r\u00e9seaux. \u00c7a \u00e9vite de scroll (sic) aussi, et surtout, \u00e7a leur permet de se concentrer sur les choses essentielles\u00a0\u00bb<\/em>, a fait savoir <a href=\"https:\/\/www.voici.fr\/news-people\/la-villa-des-coeurs-brises-surprise-lucie-mariotti-annonce-son-depart-et-revele-les-raisons-760687\" target=\"_blank\" rel=\"nofollow\">l&rsquo;ancienne candidate de <em>La Villa des c\u0153urs bris\u00e9s 7<\/em><\/a>.<\/p>\n<p>Une version <strong>confirm\u00e9e par le d\u00e9nicheur de scoops Aqababe<\/strong> sur Instagram. Dans sa Story, ce dernier a r\u00e9pondu \u00e0 la question d&rsquo;un internaute lui demandant pourquoi <a href=\"https:\/\/www.voici.fr\/news-people\/je-vais-etre-tres-sincere-jazz-correia-revele-le-salaire-de-ses-nourrices-a-dubai-765863\" target=\"_blank\" rel=\"nofollow\">le couple qui vit \u00e0 Duba\u00ef<\/a>, est absent. <em>\u00ab\u00a0Ils ont d\u00e9sactiv\u00e9 volontairement pour se retrouver entre eux et se ressourcer\u00a0\u00bb,<\/em> a-t-il fait savoir. <strong>\u00c0 quand le come-back ? <\/strong><\/p>\n<figure data-type=\"image\" data-key=\"5na0g\" data-site=\"PMD_BONE_Image\">\n<div class=\"ratio-custom\"><img decoding=\"async\" src=\"https:\/\/www.festivox.fr\/blog\/wp-content\/uploads\/2023\/10\/jazz-et-laurent-absents-dinstagram-la-raison-pour-laquelle-le-couple-a-deserte-les-reseaux-sociaux-devoilee.jpg\" alt class=\"allowseedtag apply-ratio lazyload\"><\/div><figcaption><span class=\"credit\">\u00a9 Instagram<\/span><\/figcaption><\/figure>\n<figure data-type=\"media\" data-key=\"1cv4p\" data-site=\"PMD_BONE_Article\"> <\/figure>\n<div class=\"articleSlideshowPush diaporamaCta\" data-ga-event-label=\"diapo_end_article_e8a0e71e-bc2b-44a2-a054-35626841b9b4\" data-wide-target> <a href=\"https:\/\/photo.voici.fr\/levolution-physique-de-jazz-correia-jlc-family-55706\" class=\"callToAction darkUnderlinedText \" data-wide target=\"_blank\" rel=\"nofollow\"> <span class=\"sr-only\">Diaporama<\/span>    Voir le diaporama&rsquo; <\/a> <\/div>\n<\/p><\/div>\n<p> Cet article, qui traite du th\u00e8me \u00ab\u00a0Festival Jazz et musique en mode guinguette\u00a0\u00bb, vous est d\u00e9lib\u00e9r\u00e9ment offert par festivox.fr. La raison d\u2019\u00eatre de festivox.fr est de parler de Festival Jazz et musique en mode guinguette dans la transparence la plus g\u00e9n\u00e9rale en vous procurant la visibilit\u00e9 de tout ce qui est publi\u00e9 sur ce sujet sur le web La chronique a \u00e9t\u00e9 g\u00e9n\u00e9r\u00e9e de la mani\u00e8re la plus honn\u00eate que possible. S\u2019il advenait que vous projetez d\u2019apporter quelques notes concernant le domaine de \u00ab\u00a0Festival Jazz et musique en mode guinguette\u00a0\u00bb vous avez la possibilit\u00e9 de d&rsquo;\u00e9changer avec notre r\u00e9daction. Dans peu de temps, on mettra en ligne d&rsquo;autres informations pertinentes autour du sujet \u00ab\u00a0Festival Jazz et musique en mode guinguette\u00a0\u00bb. Ainsi, consultez r\u00e9guli\u00e8rement notre site.<\/p>\n","protected":false},"excerpt":{"rendered":"<p>Apr\u00e8s avoir donn\u00e9 naissance \u00e0 son quatri\u00e8me enfant, Jazz et Laurent Correia ont pris la poudre d&rsquo;escampette, ne donnant plus aucun signe de vie sur Instagram. Mais alors, quelle est la raison de cette soudaine absence ? Le 12 octobre dernier, Jazz Correia donnait naissance \u00e0 son quatri\u00e8me enfant. Un gar\u00e7on pr\u00e9nomm\u00e9 \u00ab\u00a0Love, Shine, Correia\u00a0\u00bb,&hellip;<\/p>\n","protected":false},"author":1,"featured_media":510,"comment_status":"closed","ping_status":"closed","sticky":false,"template":"","format":"standard","meta":{"footnotes":""},"categories":[3],"tags":[],"class_list":["post-509","post","type-post","status-publish","format-standard","has-post-thumbnail","hentry","category-wiki-sur-festival-jazz-et-musique-en-mode-guinguette"],"yoast_head":"<!-- This site is optimized with the Yoast SEO plugin v27.5 - https:\/\/yoast.com\/product\/yoast-seo-wordpress\/ -->\n<title>Jazz et Laurent absents d&#039;Instagram : la raison pour laquelle le couple a d\u00e9sert\u00e9 les r\u00e9seaux sociaux d\u00e9voil\u00e9e - FESTIVOX<\/title>\n<meta name=\"robots\" content=\"index, follow, max-snippet:-1, max-image-preview:large, max-video-preview:-1\" \/>\n<link rel=\"canonical\" href=\"https:\/\/www.festivox.fr\/blog\/jazz-et-laurent-absents-dinstagram-la-raison-pour-laquelle-le-couple-a-deserte-les-reseaux-sociaux-devoilee\/\" \/>\n<meta property=\"og:locale\" content=\"fr_FR\" \/>\n<meta property=\"og:type\" content=\"article\" \/>\n<meta property=\"og:title\" content=\"Jazz et Laurent absents d&#039;Instagram : la raison pour laquelle le couple a d\u00e9sert\u00e9 les r\u00e9seaux sociaux d\u00e9voil\u00e9e - FESTIVOX\" \/>\n<meta property=\"og:description\" content=\"Apr\u00e8s avoir donn\u00e9 naissance \u00e0 son quatri\u00e8me enfant, Jazz et Laurent Correia ont pris la poudre d&rsquo;escampette, ne donnant plus aucun signe de vie sur Instagram. Mais alors, quelle est la raison de cette soudaine absence ? Le 12 octobre dernier, Jazz Correia donnait naissance \u00e0 son quatri\u00e8me enfant. Un gar\u00e7on pr\u00e9nomm\u00e9 \u00ab\u00a0Love, Shine, Correia\u00a0\u00bb,&hellip;\" \/>\n<meta property=\"og:url\" content=\"https:\/\/www.festivox.fr\/blog\/jazz-et-laurent-absents-dinstagram-la-raison-pour-laquelle-le-couple-a-deserte-les-reseaux-sociaux-devoilee\/\" \/>\n<meta property=\"og:site_name\" content=\"FESTIVOX\" \/>\n<meta property=\"article:published_time\" content=\"2023-10-22T02:53:00+00:00\" \/>\n<meta property=\"og:image\" content=\"https:\/\/www.festivox.fr\/blog\/wp-content\/uploads\/2023\/10\/jazz-et-laurent-absents-dinstagram-la-raison-pour-laquelle-le-couple-a-deserte-les-reseaux-sociaux-devoilee.jpg\" \/>\n<meta name=\"author\" content=\"Michele\" \/>\n<meta name=\"twitter:card\" content=\"summary_large_image\" \/>\n<meta name=\"twitter:label1\" content=\"\u00c9crit par\" \/>\n\t<meta name=\"twitter:data1\" content=\"Michele\" \/>\n\t<meta name=\"twitter:label2\" content=\"Dur\u00e9e de lecture estim\u00e9e\" \/>\n\t<meta name=\"twitter:data2\" content=\"3 minutes\" \/>\n<script type=\"application\/ld+json\" class=\"yoast-schema-graph\">{\"@context\":\"https:\\\/\\\/schema.org\",\"@graph\":[{\"@type\":\"Article\",\"@id\":\"https:\\\/\\\/www.festivox.fr\\\/blog\\\/jazz-et-laurent-absents-dinstagram-la-raison-pour-laquelle-le-couple-a-deserte-les-reseaux-sociaux-devoilee\\\/#article\",\"isPartOf\":{\"@id\":\"https:\\\/\\\/www.festivox.fr\\\/blog\\\/jazz-et-laurent-absents-dinstagram-la-raison-pour-laquelle-le-couple-a-deserte-les-reseaux-sociaux-devoilee\\\/\"},\"author\":{\"name\":\"Michele\",\"@id\":\"https:\\\/\\\/www.festivox.fr\\\/blog\\\/#\\\/schema\\\/person\\\/f36a8b6bc94800c3eafed4bca993ce95\"},\"headline\":\"Jazz et Laurent absents d&rsquo;Instagram : la raison pour laquelle le couple a d\u00e9sert\u00e9 les r\u00e9seaux sociaux d\u00e9voil\u00e9e\",\"datePublished\":\"2023-10-22T02:53:00+00:00\",\"mainEntityOfPage\":{\"@id\":\"https:\\\/\\\/www.festivox.fr\\\/blog\\\/jazz-et-laurent-absents-dinstagram-la-raison-pour-laquelle-le-couple-a-deserte-les-reseaux-sociaux-devoilee\\\/\"},\"wordCount\":649,\"publisher\":{\"@id\":\"https:\\\/\\\/www.festivox.fr\\\/blog\\\/#organization\"},\"image\":{\"@id\":\"https:\\\/\\\/www.festivox.fr\\\/blog\\\/jazz-et-laurent-absents-dinstagram-la-raison-pour-laquelle-le-couple-a-deserte-les-reseaux-sociaux-devoilee\\\/#primaryimage\"},\"thumbnailUrl\":\"https:\\\/\\\/www.festivox.fr\\\/blog\\\/wp-content\\\/uploads\\\/2023\\\/10\\\/jazz-et-laurent-absents-dinstagram-la-raison-pour-laquelle-le-couple-a-deserte-les-reseaux-sociaux-devoilee.jpg\",\"articleSection\":[\"Wiki Sur Festival Jazz Et Musique En Mode Guinguette:\"],\"inLanguage\":\"fr-FR\"},{\"@type\":\"WebPage\",\"@id\":\"https:\\\/\\\/www.festivox.fr\\\/blog\\\/jazz-et-laurent-absents-dinstagram-la-raison-pour-laquelle-le-couple-a-deserte-les-reseaux-sociaux-devoilee\\\/\",\"url\":\"https:\\\/\\\/www.festivox.fr\\\/blog\\\/jazz-et-laurent-absents-dinstagram-la-raison-pour-laquelle-le-couple-a-deserte-les-reseaux-sociaux-devoilee\\\/\",\"name\":\"Jazz et Laurent absents d'Instagram : la raison pour laquelle le couple a d\u00e9sert\u00e9 les r\u00e9seaux sociaux d\u00e9voil\u00e9e - FESTIVOX\",\"isPartOf\":{\"@id\":\"https:\\\/\\\/www.festivox.fr\\\/blog\\\/#website\"},\"primaryImageOfPage\":{\"@id\":\"https:\\\/\\\/www.festivox.fr\\\/blog\\\/jazz-et-laurent-absents-dinstagram-la-raison-pour-laquelle-le-couple-a-deserte-les-reseaux-sociaux-devoilee\\\/#primaryimage\"},\"image\":{\"@id\":\"https:\\\/\\\/www.festivox.fr\\\/blog\\\/jazz-et-laurent-absents-dinstagram-la-raison-pour-laquelle-le-couple-a-deserte-les-reseaux-sociaux-devoilee\\\/#primaryimage\"},\"thumbnailUrl\":\"https:\\\/\\\/www.festivox.fr\\\/blog\\\/wp-content\\\/uploads\\\/2023\\\/10\\\/jazz-et-laurent-absents-dinstagram-la-raison-pour-laquelle-le-couple-a-deserte-les-reseaux-sociaux-devoilee.jpg\",\"datePublished\":\"2023-10-22T02:53:00+00:00\",\"breadcrumb\":{\"@id\":\"https:\\\/\\\/www.festivox.fr\\\/blog\\\/jazz-et-laurent-absents-dinstagram-la-raison-pour-laquelle-le-couple-a-deserte-les-reseaux-sociaux-devoilee\\\/#breadcrumb\"},\"inLanguage\":\"fr-FR\",\"potentialAction\":[{\"@type\":\"ReadAction\",\"target\":[\"https:\\\/\\\/www.festivox.fr\\\/blog\\\/jazz-et-laurent-absents-dinstagram-la-raison-pour-laquelle-le-couple-a-deserte-les-reseaux-sociaux-devoilee\\\/\"]}]},{\"@type\":\"ImageObject\",\"inLanguage\":\"fr-FR\",\"@id\":\"https:\\\/\\\/www.festivox.fr\\\/blog\\\/jazz-et-laurent-absents-dinstagram-la-raison-pour-laquelle-le-couple-a-deserte-les-reseaux-sociaux-devoilee\\\/#primaryimage\",\"url\":\"https:\\\/\\\/www.festivox.fr\\\/blog\\\/wp-content\\\/uploads\\\/2023\\\/10\\\/jazz-et-laurent-absents-dinstagram-la-raison-pour-laquelle-le-couple-a-deserte-les-reseaux-sociaux-devoilee.jpg\",\"contentUrl\":\"https:\\\/\\\/www.festivox.fr\\\/blog\\\/wp-content\\\/uploads\\\/2023\\\/10\\\/jazz-et-laurent-absents-dinstagram-la-raison-pour-laquelle-le-couple-a-deserte-les-reseaux-sociaux-devoilee.jpg\",\"width\":480,\"height\":827},{\"@type\":\"BreadcrumbList\",\"@id\":\"https:\\\/\\\/www.festivox.fr\\\/blog\\\/jazz-et-laurent-absents-dinstagram-la-raison-pour-laquelle-le-couple-a-deserte-les-reseaux-sociaux-devoilee\\\/#breadcrumb\",\"itemListElement\":[{\"@type\":\"ListItem\",\"position\":1,\"name\":\"Accueil\",\"item\":\"https:\\\/\\\/www.festivox.fr\\\/blog\\\/\"},{\"@type\":\"ListItem\",\"position\":2,\"name\":\"Jazz et Laurent absents d&rsquo;Instagram : la raison pour laquelle le couple a d\u00e9sert\u00e9 les r\u00e9seaux sociaux d\u00e9voil\u00e9e\"}]},{\"@type\":\"WebSite\",\"@id\":\"https:\\\/\\\/www.festivox.fr\\\/blog\\\/#website\",\"url\":\"https:\\\/\\\/www.festivox.fr\\\/blog\\\/\",\"name\":\"FESTIVOX\",\"description\":\"Festival en mode guinguette.\",\"publisher\":{\"@id\":\"https:\\\/\\\/www.festivox.fr\\\/blog\\\/#organization\"},\"potentialAction\":[{\"@type\":\"SearchAction\",\"target\":{\"@type\":\"EntryPoint\",\"urlTemplate\":\"https:\\\/\\\/www.festivox.fr\\\/blog\\\/?s={search_term_string}\"},\"query-input\":{\"@type\":\"PropertyValueSpecification\",\"valueRequired\":true,\"valueName\":\"search_term_string\"}}],\"inLanguage\":\"fr-FR\"},{\"@type\":\"Organization\",\"@id\":\"https:\\\/\\\/www.festivox.fr\\\/blog\\\/#organization\",\"name\":\"festivox\",\"url\":\"https:\\\/\\\/www.festivox.fr\\\/blog\\\/\",\"logo\":{\"@type\":\"ImageObject\",\"inLanguage\":\"fr-FR\",\"@id\":\"https:\\\/\\\/www.festivox.fr\\\/blog\\\/#\\\/schema\\\/logo\\\/image\\\/\",\"url\":\"https:\\\/\\\/www.festivox.fr\\\/blog\\\/wp-content\\\/uploads\\\/2023\\\/06\\\/logo-2.png\",\"contentUrl\":\"https:\\\/\\\/www.festivox.fr\\\/blog\\\/wp-content\\\/uploads\\\/2023\\\/06\\\/logo-2.png\",\"width\":480,\"height\":160,\"caption\":\"festivox\"},\"image\":{\"@id\":\"https:\\\/\\\/www.festivox.fr\\\/blog\\\/#\\\/schema\\\/logo\\\/image\\\/\"}},{\"@type\":\"Person\",\"@id\":\"https:\\\/\\\/www.festivox.fr\\\/blog\\\/#\\\/schema\\\/person\\\/f36a8b6bc94800c3eafed4bca993ce95\",\"name\":\"Michele\",\"image\":{\"@type\":\"ImageObject\",\"inLanguage\":\"fr-FR\",\"@id\":\"https:\\\/\\\/secure.gravatar.com\\\/avatar\\\/b062046536b5d47ec9075956ec349ef95ed06b0f910c578f74abb318668b702e?s=96&d=mm&r=g\",\"url\":\"https:\\\/\\\/secure.gravatar.com\\\/avatar\\\/b062046536b5d47ec9075956ec349ef95ed06b0f910c578f74abb318668b702e?s=96&d=mm&r=g\",\"contentUrl\":\"https:\\\/\\\/secure.gravatar.com\\\/avatar\\\/b062046536b5d47ec9075956ec349ef95ed06b0f910c578f74abb318668b702e?s=96&d=mm&r=g\",\"caption\":\"Michele\"},\"sameAs\":[\"https:\\\/\\\/www.festivox.fr\\\/blog\"],\"url\":\"https:\\\/\\\/www.festivox.fr\\\/blog\\\/author\\\/voxadmin\\\/\"}]}<\/script>\n<!-- \/ Yoast SEO plugin. -->","yoast_head_json":{"title":"Jazz et Laurent absents d'Instagram : la raison pour laquelle le couple a d\u00e9sert\u00e9 les r\u00e9seaux sociaux d\u00e9voil\u00e9e - FESTIVOX","robots":{"index":"index","follow":"follow","max-snippet":"max-snippet:-1","max-image-preview":"max-image-preview:large","max-video-preview":"max-video-preview:-1"},"canonical":"https:\/\/www.festivox.fr\/blog\/jazz-et-laurent-absents-dinstagram-la-raison-pour-laquelle-le-couple-a-deserte-les-reseaux-sociaux-devoilee\/","og_locale":"fr_FR","og_type":"article","og_title":"Jazz et Laurent absents d'Instagram : la raison pour laquelle le couple a d\u00e9sert\u00e9 les r\u00e9seaux sociaux d\u00e9voil\u00e9e - FESTIVOX","og_description":"Apr\u00e8s avoir donn\u00e9 naissance \u00e0 son quatri\u00e8me enfant, Jazz et Laurent Correia ont pris la poudre d&rsquo;escampette, ne donnant plus aucun signe de vie sur Instagram. Mais alors, quelle est la raison de cette soudaine absence ? Le 12 octobre dernier, Jazz Correia donnait naissance \u00e0 son quatri\u00e8me enfant. Un gar\u00e7on pr\u00e9nomm\u00e9 \u00ab\u00a0Love, Shine, Correia\u00a0\u00bb,&hellip;","og_url":"https:\/\/www.festivox.fr\/blog\/jazz-et-laurent-absents-dinstagram-la-raison-pour-laquelle-le-couple-a-deserte-les-reseaux-sociaux-devoilee\/","og_site_name":"FESTIVOX","article_published_time":"2023-10-22T02:53:00+00:00","og_image":[{"url":"https:\/\/www.festivox.fr\/blog\/wp-content\/uploads\/2023\/10\/jazz-et-laurent-absents-dinstagram-la-raison-pour-laquelle-le-couple-a-deserte-les-reseaux-sociaux-devoilee.jpg","type":"","width":"","height":""}],"author":"Michele","twitter_card":"summary_large_image","twitter_misc":{"\u00c9crit par":"Michele","Dur\u00e9e de lecture estim\u00e9e":"3 minutes"},"schema":{"@context":"https:\/\/schema.org","@graph":[{"@type":"Article","@id":"https:\/\/www.festivox.fr\/blog\/jazz-et-laurent-absents-dinstagram-la-raison-pour-laquelle-le-couple-a-deserte-les-reseaux-sociaux-devoilee\/#article","isPartOf":{"@id":"https:\/\/www.festivox.fr\/blog\/jazz-et-laurent-absents-dinstagram-la-raison-pour-laquelle-le-couple-a-deserte-les-reseaux-sociaux-devoilee\/"},"author":{"name":"Michele","@id":"https:\/\/www.festivox.fr\/blog\/#\/schema\/person\/f36a8b6bc94800c3eafed4bca993ce95"},"headline":"Jazz et Laurent absents d&rsquo;Instagram : la raison pour laquelle le couple a d\u00e9sert\u00e9 les r\u00e9seaux sociaux d\u00e9voil\u00e9e","datePublished":"2023-10-22T02:53:00+00:00","mainEntityOfPage":{"@id":"https:\/\/www.festivox.fr\/blog\/jazz-et-laurent-absents-dinstagram-la-raison-pour-laquelle-le-couple-a-deserte-les-reseaux-sociaux-devoilee\/"},"wordCount":649,"publisher":{"@id":"https:\/\/www.festivox.fr\/blog\/#organization"},"image":{"@id":"https:\/\/www.festivox.fr\/blog\/jazz-et-laurent-absents-dinstagram-la-raison-pour-laquelle-le-couple-a-deserte-les-reseaux-sociaux-devoilee\/#primaryimage"},"thumbnailUrl":"https:\/\/www.festivox.fr\/blog\/wp-content\/uploads\/2023\/10\/jazz-et-laurent-absents-dinstagram-la-raison-pour-laquelle-le-couple-a-deserte-les-reseaux-sociaux-devoilee.jpg","articleSection":["Wiki Sur Festival Jazz Et Musique En Mode Guinguette:"],"inLanguage":"fr-FR"},{"@type":"WebPage","@id":"https:\/\/www.festivox.fr\/blog\/jazz-et-laurent-absents-dinstagram-la-raison-pour-laquelle-le-couple-a-deserte-les-reseaux-sociaux-devoilee\/","url":"https:\/\/www.festivox.fr\/blog\/jazz-et-laurent-absents-dinstagram-la-raison-pour-laquelle-le-couple-a-deserte-les-reseaux-sociaux-devoilee\/","name":"Jazz et Laurent absents d'Instagram : la raison pour laquelle le couple a d\u00e9sert\u00e9 les r\u00e9seaux sociaux d\u00e9voil\u00e9e - FESTIVOX","isPartOf":{"@id":"https:\/\/www.festivox.fr\/blog\/#website"},"primaryImageOfPage":{"@id":"https:\/\/www.festivox.fr\/blog\/jazz-et-laurent-absents-dinstagram-la-raison-pour-laquelle-le-couple-a-deserte-les-reseaux-sociaux-devoilee\/#primaryimage"},"image":{"@id":"https:\/\/www.festivox.fr\/blog\/jazz-et-laurent-absents-dinstagram-la-raison-pour-laquelle-le-couple-a-deserte-les-reseaux-sociaux-devoilee\/#primaryimage"},"thumbnailUrl":"https:\/\/www.festivox.fr\/blog\/wp-content\/uploads\/2023\/10\/jazz-et-laurent-absents-dinstagram-la-raison-pour-laquelle-le-couple-a-deserte-les-reseaux-sociaux-devoilee.jpg","datePublished":"2023-10-22T02:53:00+00:00","breadcrumb":{"@id":"https:\/\/www.festivox.fr\/blog\/jazz-et-laurent-absents-dinstagram-la-raison-pour-laquelle-le-couple-a-deserte-les-reseaux-sociaux-devoilee\/#breadcrumb"},"inLanguage":"fr-FR","potentialAction":[{"@type":"ReadAction","target":["https:\/\/www.festivox.fr\/blog\/jazz-et-laurent-absents-dinstagram-la-raison-pour-laquelle-le-couple-a-deserte-les-reseaux-sociaux-devoilee\/"]}]},{"@type":"ImageObject","inLanguage":"fr-FR","@id":"https:\/\/www.festivox.fr\/blog\/jazz-et-laurent-absents-dinstagram-la-raison-pour-laquelle-le-couple-a-deserte-les-reseaux-sociaux-devoilee\/#primaryimage","url":"https:\/\/www.festivox.fr\/blog\/wp-content\/uploads\/2023\/10\/jazz-et-laurent-absents-dinstagram-la-raison-pour-laquelle-le-couple-a-deserte-les-reseaux-sociaux-devoilee.jpg","contentUrl":"https:\/\/www.festivox.fr\/blog\/wp-content\/uploads\/2023\/10\/jazz-et-laurent-absents-dinstagram-la-raison-pour-laquelle-le-couple-a-deserte-les-reseaux-sociaux-devoilee.jpg","width":480,"height":827},{"@type":"BreadcrumbList","@id":"https:\/\/www.festivox.fr\/blog\/jazz-et-laurent-absents-dinstagram-la-raison-pour-laquelle-le-couple-a-deserte-les-reseaux-sociaux-devoilee\/#breadcrumb","itemListElement":[{"@type":"ListItem","position":1,"name":"Accueil","item":"https:\/\/www.festivox.fr\/blog\/"},{"@type":"ListItem","position":2,"name":"Jazz et Laurent absents d&rsquo;Instagram : la raison pour laquelle le couple a d\u00e9sert\u00e9 les r\u00e9seaux sociaux d\u00e9voil\u00e9e"}]},{"@type":"WebSite","@id":"https:\/\/www.festivox.fr\/blog\/#website","url":"https:\/\/www.festivox.fr\/blog\/","name":"FESTIVOX","description":"Festival en mode guinguette.","publisher":{"@id":"https:\/\/www.festivox.fr\/blog\/#organization"},"potentialAction":[{"@type":"SearchAction","target":{"@type":"EntryPoint","urlTemplate":"https:\/\/www.festivox.fr\/blog\/?s={search_term_string}"},"query-input":{"@type":"PropertyValueSpecification","valueRequired":true,"valueName":"search_term_string"}}],"inLanguage":"fr-FR"},{"@type":"Organization","@id":"https:\/\/www.festivox.fr\/blog\/#organization","name":"festivox","url":"https:\/\/www.festivox.fr\/blog\/","logo":{"@type":"ImageObject","inLanguage":"fr-FR","@id":"https:\/\/www.festivox.fr\/blog\/#\/schema\/logo\/image\/","url":"https:\/\/www.festivox.fr\/blog\/wp-content\/uploads\/2023\/06\/logo-2.png","contentUrl":"https:\/\/www.festivox.fr\/blog\/wp-content\/uploads\/2023\/06\/logo-2.png","width":480,"height":160,"caption":"festivox"},"image":{"@id":"https:\/\/www.festivox.fr\/blog\/#\/schema\/logo\/image\/"}},{"@type":"Person","@id":"https:\/\/www.festivox.fr\/blog\/#\/schema\/person\/f36a8b6bc94800c3eafed4bca993ce95","name":"Michele","image":{"@type":"ImageObject","inLanguage":"fr-FR","@id":"https:\/\/secure.gravatar.com\/avatar\/b062046536b5d47ec9075956ec349ef95ed06b0f910c578f74abb318668b702e?s=96&d=mm&r=g","url":"https:\/\/secure.gravatar.com\/avatar\/b062046536b5d47ec9075956ec349ef95ed06b0f910c578f74abb318668b702e?s=96&d=mm&r=g","contentUrl":"https:\/\/secure.gravatar.com\/avatar\/b062046536b5d47ec9075956ec349ef95ed06b0f910c578f74abb318668b702e?s=96&d=mm&r=g","caption":"Michele"},"sameAs":["https:\/\/www.festivox.fr\/blog"],"url":"https:\/\/www.festivox.fr\/blog\/author\/voxadmin\/"}]}},"_links":{"self":[{"href":"https:\/\/www.festivox.fr\/blog\/wp-json\/wp\/v2\/posts\/509","targetHints":{"allow":["GET"]}}],"collection":[{"href":"https:\/\/www.festivox.fr\/blog\/wp-json\/wp\/v2\/posts"}],"about":[{"href":"https:\/\/www.festivox.fr\/blog\/wp-json\/wp\/v2\/types\/post"}],"author":[{"embeddable":true,"href":"https:\/\/www.festivox.fr\/blog\/wp-json\/wp\/v2\/users\/1"}],"replies":[{"embeddable":true,"href":"https:\/\/www.festivox.fr\/blog\/wp-json\/wp\/v2\/comments?post=509"}],"version-history":[{"count":0,"href":"https:\/\/www.festivox.fr\/blog\/wp-json\/wp\/v2\/posts\/509\/revisions"}],"wp:featuredmedia":[{"embeddable":true,"href":"https:\/\/www.festivox.fr\/blog\/wp-json\/wp\/v2\/media\/510"}],"wp:attachment":[{"href":"https:\/\/www.festivox.fr\/blog\/wp-json\/wp\/v2\/media?parent=509"}],"wp:term":[{"taxonomy":"category","embeddable":true,"href":"https:\/\/www.festivox.fr\/blog\/wp-json\/wp\/v2\/categories?post=509"},{"taxonomy":"post_tag","embeddable":true,"href":"https:\/\/www.festivox.fr\/blog\/wp-json\/wp\/v2\/tags?post=509"}],"curies":[{"name":"wp","href":"https:\/\/api.w.org\/{rel}","templated":true}]}}