{"id":505,"date":"2023-10-18T10:41:00","date_gmt":"2023-10-18T08:41:00","guid":{"rendered":"https:\/\/www.festivox.fr\/blog\/jazz-correia-angoissee-apres-son-accouchement-elle-celebre-un-grand-cap-avec-son-nouveau-ne\/"},"modified":"2023-10-18T10:41:00","modified_gmt":"2023-10-18T08:41:00","slug":"jazz-correia-angoissee-apres-son-accouchement-elle-celebre-un-grand-cap-avec-son-nouveau-ne","status":"publish","type":"post","link":"https:\/\/www.festivox.fr\/blog\/jazz-correia-angoissee-apres-son-accouchement-elle-celebre-un-grand-cap-avec-son-nouveau-ne\/","title":{"rendered":"Jazz Correia : angoiss\u00e9e apr\u00e8s son accouchement, elle c\u00e9l\u00e8bre un grand cap avec son nouveau-n\u00e9"},"content":{"rendered":"\n<div>\n<p>Le 12 octobre 2023, Jazz Correia a accouch\u00e9 de son quatri\u00e8me enfant. Malheureusement en raison de \u00ab\u00a0complications\u00a0\u00bb<em>,<\/em> son b\u00e9b\u00e9 a \u00e9t\u00e9 plac\u00e9 en soins intensifs. Mais derni\u00e8rement, son cadet lui a redonn\u00e9 le sourire pour une raison bien sp\u00e9ciale&#8230;<\/p>\n<\/p><\/div>\n<div>\n<p>Voil\u00e0 plusieurs ann\u00e9es que Jazz et Laurent Correia s&rsquo;\u00e9panouissent pleinement sous le feu des projecteurs avec leur illustre clan ! Le 12 octobre 2023, les deux stars ont d&rsquo;ailleurs cr\u00e9e la surprise en officialisant <a href=\"https:\/\/www.voici.fr\/news-people\/il-est-en-soins-intensifs-jazz-correia-a-accouche-mais-annonce-des-complications-768294\" target=\"_blank\" rel=\"nofollow\">la naissance de leur quatri\u00e8me enfant<\/a>. Mais leur bonheur a \u00e9t\u00e9 de courte dur\u00e9e&#8230; En effet <strong>suite \u00e0 des <\/strong><strong><em>\u00ab\u00a0complications\u00a0\u00bb<\/em><\/strong><strong>,<\/strong> leur petit gar\u00e7on a \u00e9t\u00e9 pris en charge <a href=\"https:\/\/www.voici.fr\/news-people\/cest-le-coeur-tres-lourd-jazz-correia-donne-des-nouvelles-de-son-fils-place-en-soins-intensifs-768479\" target=\"_blank\" rel=\"nofollow\">dans les unit\u00e9s de soins intensifs<\/a>. \u00ab\u00a0<em>J\u2019ai pu le toucher trente secondes et l\u00e0 je ne le verrai pas avant demain. <\/em><strong><em>C&rsquo;est tr\u00e8s dur pour une maman d\u2019\u00eatre s\u00e9par\u00e9e directement comme \u00e7a,<\/em><\/strong><em> mais Laurent est l\u00e0 pour me soutenir\u00a0\u00bb, <\/em>avait <a href=\"https:\/\/www.voici.fr\/news-people\/actu-people\/nabilla-en-guerre-contre-jazz-jlc-family-ses-multiples-tacles-enflamment-la-toile-686257\" target=\"_blank\" rel=\"nofollow\">d\u00e9plor\u00e9 l&rsquo;ennemie jur\u00e9e de Nabilla Vergara<\/a>.<\/p>\n<p>En pleine tourmente, Jazz Correia avait pu compter sur le soutien de ses fid\u00e8les abonn\u00e9s :<em>&nbsp;\u00ab\u00a0Ne m&rsquo;en voulez pas<\/em><em><strong> si je ne r\u00e9ponds pas pour l&rsquo;instant \u00e0 vos messages. <\/strong><\/em><em>Tant que je ne l&rsquo;aurai pas avec moi et tant que l&rsquo;on ne me dira pas qu&rsquo;il va bien, je ne peux pas r\u00e9pondre \u00e0 vos messages de v\u0153ux alors qu&rsquo;on est profond\u00e9ment tristes pour le moment.&nbsp;Certains vivent pire, <\/em><em><strong>alors guerri\u00e8re comme toujours\u00a0\u00bb. <\/strong><\/em>Trois jours apr\u00e8s son accouchement, la star a pu regagner son domicile sans <a href=\"https:\/\/www.voici.fr\/news-people\/jazz-correia-au-plus-mal-apres-son-accouchement-elle-souffre-enormement-768506\" target=\"_blank\" rel=\"nofollow\">son b\u00e9b\u00e9 toujours sous surveillance<\/a>.<\/p>\n<h2 id=\"blnvj\">Immense soulagement pour le clan Correia<\/h2>\n<p>\u00ab\u00a0<em>Aujourd&rsquo;hui,&nbsp;je suis encore plus triste, car il est temps pour nous de rentrer \u00e0 la maison, mais sans mon fils, qui doit encore rester ici quelque temps.&nbsp;Je n&rsquo;ai toujours pas pu le porter dans les bras. <\/em><em><strong>Mais j&rsquo;ai pu lui toucher les pieds et les mains\u00a0\u00bb<\/strong><\/em><em>, <\/em>a indiqu\u00e9 Jazz Correia, l&rsquo;\u00e2me en peine : <em>\u00ab\u00a0C&rsquo;est le coeur tr\u00e8s lourd que je rentre \u00e0 la maison aujourd&rsquo;hui\u00a0\u00bb. <\/em>En cette p\u00e9riode compliqu\u00e9e, elle a aussi regrett\u00e9 que quelques de leurs proches soient actuellement aux abonn\u00e9s absents : \u00ab\u00a0<em>C\u2019est triste de voir dans des moments durs comme ceux-l\u00e0 que des gens \u00e0 qui tu donnes tant d\u2019importance ne sont m\u00eame pas pr\u00e9sents, <\/em><em><strong>ne prennent m\u00eame pas de nouvelles. <\/strong><\/em><em>Je vous jure on vit dans une triste \u00e9poque\u00a0\u00bb.<\/em><\/p>\n<p>Ce mercredi 18 octobre 2023, comme \u00e0 son habitude, la p\u00e9tillante brune a de nouveau aliment\u00e9 ses r\u00e9seaux sociaux<strong> pour rassurer les internautes. <\/strong>Pas peu fi\u00e8re, Jazz Correia a salu\u00e9 les nouvelles prouesses de <a href=\"https:\/\/www.voici.fr\/news-people\/jazz-correia-prete-a-accoucher-ces-indices-sur-le-prenom-de-son-quatrieme-enfant-reperes-par-les-internautes-767458\" target=\"_blank\" rel=\"nofollow\">son nouveau-n\u00e9 qui s&rsquo;accroche<\/a> co\u00fbte que co\u00fbte. L&rsquo;occasion pour cette derni\u00e8re de l&rsquo;immortaliser dans sa couveuse alors qu&rsquo;une membre du personnel soignant le nourrissait pour son plus grand bonheur : <em>\u00ab\u00a0Aujourd&rsquo;hui<\/em><strong><em> mon b\u00e9b\u00e9 a bu son tout premier bibi <\/em><\/strong><em>(biberon ndlr) je suis trop contente\u00a0\u00bb<\/em>. Un sublime moment qu&rsquo;elle a voulu partager avec ses followers, qui au fil du temps, sont devenus comme une seconde famille.<\/p>\n<figure data-type=\"image\" data-key=\"m9us\" data-site=\"PMD_BONE_Image\">\n<div class=\"ratio-custom\"><img decoding=\"async\" src=\"https:\/\/www.festivox.fr\/blog\/wp-content\/uploads\/2023\/10\/jazz-correia-angoissee-apres-son-accouchement-elle-celebre-un-grand-cap-avec-son-nouveau-ne.jpg\" alt class=\"allowseedtag apply-ratio lazyload\"><\/div><figcaption><span class=\"credit\">\u00a9 Instagram<\/span><\/figcaption><\/figure>\n<figure data-type=\"media\" data-key=\"4ptsk\" data-site=\"PMD_BONE_Article\"> <\/figure>\n<div class=\"articleSlideshowPush diaporamaCta\" data-ga-event-label=\"diapo_end_article_3b548713-a1d3-4e88-aed7-5d8d8033320b\" data-wide-target> <a href=\"https:\/\/photo.voici.fr\/levolution-physique-de-jazz-correia-jlc-family-55706\" class=\"callToAction darkUnderlinedText \" data-wide target=\"_blank\" rel=\"nofollow\"> <span class=\"sr-only\">Diaporama<\/span>    Voir le diaporama&rsquo; <\/a> <\/div>\n<\/p><\/div>\n<p> Cet article, qui traite du th\u00e8me \u00ab\u00a0Festival Jazz et musique en mode guinguette\u00a0\u00bb, vous est d\u00e9lib\u00e9r\u00e9ment offert par festivox.fr. La raison d\u2019\u00eatre de festivox.fr est de parler de Festival Jazz et musique en mode guinguette dans la transparence la plus g\u00e9n\u00e9rale en vous procurant la visibilit\u00e9 de tout ce qui est publi\u00e9 sur ce sujet sur le web La chronique a \u00e9t\u00e9 g\u00e9n\u00e9r\u00e9e de la mani\u00e8re la plus honn\u00eate que possible. S\u2019il advenait que vous projetez d\u2019apporter quelques notes concernant le domaine de \u00ab\u00a0Festival Jazz et musique en mode guinguette\u00a0\u00bb vous avez la possibilit\u00e9 de d&rsquo;\u00e9changer avec notre r\u00e9daction. Dans peu de temps, on mettra en ligne d&rsquo;autres informations pertinentes autour du sujet \u00ab\u00a0Festival Jazz et musique en mode guinguette\u00a0\u00bb. Ainsi, consultez r\u00e9guli\u00e8rement notre site.<\/p>\n","protected":false},"excerpt":{"rendered":"<p>Le 12 octobre 2023, Jazz Correia a accouch\u00e9 de son quatri\u00e8me enfant. Malheureusement en raison de \u00ab\u00a0complications\u00a0\u00bb, son b\u00e9b\u00e9 a \u00e9t\u00e9 plac\u00e9 en soins intensifs. Mais derni\u00e8rement, son cadet lui a redonn\u00e9 le sourire pour une raison bien sp\u00e9ciale&#8230; Voil\u00e0 plusieurs ann\u00e9es que Jazz et Laurent Correia s&rsquo;\u00e9panouissent pleinement sous le feu des projecteurs avec&hellip;<\/p>\n","protected":false},"author":1,"featured_media":506,"comment_status":"closed","ping_status":"closed","sticky":false,"template":"","format":"standard","meta":{"footnotes":""},"categories":[3],"tags":[],"class_list":["post-505","post","type-post","status-publish","format-standard","has-post-thumbnail","hentry","category-wiki-sur-festival-jazz-et-musique-en-mode-guinguette"],"yoast_head":"<!-- This site is optimized with the Yoast SEO plugin v27.5 - https:\/\/yoast.com\/product\/yoast-seo-wordpress\/ -->\n<title>Jazz Correia : angoiss\u00e9e apr\u00e8s son accouchement, elle c\u00e9l\u00e8bre un grand cap avec son nouveau-n\u00e9 - FESTIVOX<\/title>\n<meta name=\"robots\" content=\"index, follow, max-snippet:-1, max-image-preview:large, max-video-preview:-1\" \/>\n<link rel=\"canonical\" href=\"https:\/\/www.festivox.fr\/blog\/jazz-correia-angoissee-apres-son-accouchement-elle-celebre-un-grand-cap-avec-son-nouveau-ne\/\" \/>\n<meta property=\"og:locale\" content=\"fr_FR\" \/>\n<meta property=\"og:type\" content=\"article\" \/>\n<meta property=\"og:title\" content=\"Jazz Correia : angoiss\u00e9e apr\u00e8s son accouchement, elle c\u00e9l\u00e8bre un grand cap avec son nouveau-n\u00e9 - FESTIVOX\" \/>\n<meta property=\"og:description\" content=\"Le 12 octobre 2023, Jazz Correia a accouch\u00e9 de son quatri\u00e8me enfant. Malheureusement en raison de \u00ab\u00a0complications\u00a0\u00bb, son b\u00e9b\u00e9 a \u00e9t\u00e9 plac\u00e9 en soins intensifs. Mais derni\u00e8rement, son cadet lui a redonn\u00e9 le sourire pour une raison bien sp\u00e9ciale&#8230; Voil\u00e0 plusieurs ann\u00e9es que Jazz et Laurent Correia s&rsquo;\u00e9panouissent pleinement sous le feu des projecteurs avec&hellip;\" \/>\n<meta property=\"og:url\" content=\"https:\/\/www.festivox.fr\/blog\/jazz-correia-angoissee-apres-son-accouchement-elle-celebre-un-grand-cap-avec-son-nouveau-ne\/\" \/>\n<meta property=\"og:site_name\" content=\"FESTIVOX\" \/>\n<meta property=\"article:published_time\" content=\"2023-10-18T08:41:00+00:00\" \/>\n<meta property=\"og:image\" content=\"https:\/\/www.festivox.fr\/blog\/wp-content\/uploads\/2023\/10\/jazz-correia-angoissee-apres-son-accouchement-elle-celebre-un-grand-cap-avec-son-nouveau-ne.jpg\" \/>\n<meta name=\"author\" content=\"Michele\" \/>\n<meta name=\"twitter:card\" content=\"summary_large_image\" \/>\n<meta name=\"twitter:label1\" content=\"\u00c9crit par\" \/>\n\t<meta name=\"twitter:data1\" content=\"Michele\" \/>\n\t<meta name=\"twitter:label2\" content=\"Dur\u00e9e de lecture estim\u00e9e\" \/>\n\t<meta name=\"twitter:data2\" content=\"3 minutes\" \/>\n<script type=\"application\/ld+json\" class=\"yoast-schema-graph\">{\"@context\":\"https:\\\/\\\/schema.org\",\"@graph\":[{\"@type\":\"Article\",\"@id\":\"https:\\\/\\\/www.festivox.fr\\\/blog\\\/jazz-correia-angoissee-apres-son-accouchement-elle-celebre-un-grand-cap-avec-son-nouveau-ne\\\/#article\",\"isPartOf\":{\"@id\":\"https:\\\/\\\/www.festivox.fr\\\/blog\\\/jazz-correia-angoissee-apres-son-accouchement-elle-celebre-un-grand-cap-avec-son-nouveau-ne\\\/\"},\"author\":{\"name\":\"Michele\",\"@id\":\"https:\\\/\\\/www.festivox.fr\\\/blog\\\/#\\\/schema\\\/person\\\/f36a8b6bc94800c3eafed4bca993ce95\"},\"headline\":\"Jazz Correia : angoiss\u00e9e apr\u00e8s son accouchement, elle c\u00e9l\u00e8bre un grand cap avec son nouveau-n\u00e9\",\"datePublished\":\"2023-10-18T08:41:00+00:00\",\"mainEntityOfPage\":{\"@id\":\"https:\\\/\\\/www.festivox.fr\\\/blog\\\/jazz-correia-angoissee-apres-son-accouchement-elle-celebre-un-grand-cap-avec-son-nouveau-ne\\\/\"},\"wordCount\":669,\"publisher\":{\"@id\":\"https:\\\/\\\/www.festivox.fr\\\/blog\\\/#organization\"},\"image\":{\"@id\":\"https:\\\/\\\/www.festivox.fr\\\/blog\\\/jazz-correia-angoissee-apres-son-accouchement-elle-celebre-un-grand-cap-avec-son-nouveau-ne\\\/#primaryimage\"},\"thumbnailUrl\":\"https:\\\/\\\/www.festivox.fr\\\/blog\\\/wp-content\\\/uploads\\\/2023\\\/10\\\/jazz-correia-angoissee-apres-son-accouchement-elle-celebre-un-grand-cap-avec-son-nouveau-ne.jpg\",\"articleSection\":[\"Wiki Sur Festival Jazz Et Musique En Mode Guinguette:\"],\"inLanguage\":\"fr-FR\"},{\"@type\":\"WebPage\",\"@id\":\"https:\\\/\\\/www.festivox.fr\\\/blog\\\/jazz-correia-angoissee-apres-son-accouchement-elle-celebre-un-grand-cap-avec-son-nouveau-ne\\\/\",\"url\":\"https:\\\/\\\/www.festivox.fr\\\/blog\\\/jazz-correia-angoissee-apres-son-accouchement-elle-celebre-un-grand-cap-avec-son-nouveau-ne\\\/\",\"name\":\"Jazz Correia : angoiss\u00e9e apr\u00e8s son accouchement, elle c\u00e9l\u00e8bre un grand cap avec son nouveau-n\u00e9 - FESTIVOX\",\"isPartOf\":{\"@id\":\"https:\\\/\\\/www.festivox.fr\\\/blog\\\/#website\"},\"primaryImageOfPage\":{\"@id\":\"https:\\\/\\\/www.festivox.fr\\\/blog\\\/jazz-correia-angoissee-apres-son-accouchement-elle-celebre-un-grand-cap-avec-son-nouveau-ne\\\/#primaryimage\"},\"image\":{\"@id\":\"https:\\\/\\\/www.festivox.fr\\\/blog\\\/jazz-correia-angoissee-apres-son-accouchement-elle-celebre-un-grand-cap-avec-son-nouveau-ne\\\/#primaryimage\"},\"thumbnailUrl\":\"https:\\\/\\\/www.festivox.fr\\\/blog\\\/wp-content\\\/uploads\\\/2023\\\/10\\\/jazz-correia-angoissee-apres-son-accouchement-elle-celebre-un-grand-cap-avec-son-nouveau-ne.jpg\",\"datePublished\":\"2023-10-18T08:41:00+00:00\",\"breadcrumb\":{\"@id\":\"https:\\\/\\\/www.festivox.fr\\\/blog\\\/jazz-correia-angoissee-apres-son-accouchement-elle-celebre-un-grand-cap-avec-son-nouveau-ne\\\/#breadcrumb\"},\"inLanguage\":\"fr-FR\",\"potentialAction\":[{\"@type\":\"ReadAction\",\"target\":[\"https:\\\/\\\/www.festivox.fr\\\/blog\\\/jazz-correia-angoissee-apres-son-accouchement-elle-celebre-un-grand-cap-avec-son-nouveau-ne\\\/\"]}]},{\"@type\":\"ImageObject\",\"inLanguage\":\"fr-FR\",\"@id\":\"https:\\\/\\\/www.festivox.fr\\\/blog\\\/jazz-correia-angoissee-apres-son-accouchement-elle-celebre-un-grand-cap-avec-son-nouveau-ne\\\/#primaryimage\",\"url\":\"https:\\\/\\\/www.festivox.fr\\\/blog\\\/wp-content\\\/uploads\\\/2023\\\/10\\\/jazz-correia-angoissee-apres-son-accouchement-elle-celebre-un-grand-cap-avec-son-nouveau-ne.jpg\",\"contentUrl\":\"https:\\\/\\\/www.festivox.fr\\\/blog\\\/wp-content\\\/uploads\\\/2023\\\/10\\\/jazz-correia-angoissee-apres-son-accouchement-elle-celebre-un-grand-cap-avec-son-nouveau-ne.jpg\",\"width\":480,\"height\":857},{\"@type\":\"BreadcrumbList\",\"@id\":\"https:\\\/\\\/www.festivox.fr\\\/blog\\\/jazz-correia-angoissee-apres-son-accouchement-elle-celebre-un-grand-cap-avec-son-nouveau-ne\\\/#breadcrumb\",\"itemListElement\":[{\"@type\":\"ListItem\",\"position\":1,\"name\":\"Accueil\",\"item\":\"https:\\\/\\\/www.festivox.fr\\\/blog\\\/\"},{\"@type\":\"ListItem\",\"position\":2,\"name\":\"Jazz Correia : angoiss\u00e9e apr\u00e8s son accouchement, elle c\u00e9l\u00e8bre un grand cap avec son nouveau-n\u00e9\"}]},{\"@type\":\"WebSite\",\"@id\":\"https:\\\/\\\/www.festivox.fr\\\/blog\\\/#website\",\"url\":\"https:\\\/\\\/www.festivox.fr\\\/blog\\\/\",\"name\":\"FESTIVOX\",\"description\":\"Festival en mode guinguette.\",\"publisher\":{\"@id\":\"https:\\\/\\\/www.festivox.fr\\\/blog\\\/#organization\"},\"potentialAction\":[{\"@type\":\"SearchAction\",\"target\":{\"@type\":\"EntryPoint\",\"urlTemplate\":\"https:\\\/\\\/www.festivox.fr\\\/blog\\\/?s={search_term_string}\"},\"query-input\":{\"@type\":\"PropertyValueSpecification\",\"valueRequired\":true,\"valueName\":\"search_term_string\"}}],\"inLanguage\":\"fr-FR\"},{\"@type\":\"Organization\",\"@id\":\"https:\\\/\\\/www.festivox.fr\\\/blog\\\/#organization\",\"name\":\"festivox\",\"url\":\"https:\\\/\\\/www.festivox.fr\\\/blog\\\/\",\"logo\":{\"@type\":\"ImageObject\",\"inLanguage\":\"fr-FR\",\"@id\":\"https:\\\/\\\/www.festivox.fr\\\/blog\\\/#\\\/schema\\\/logo\\\/image\\\/\",\"url\":\"https:\\\/\\\/www.festivox.fr\\\/blog\\\/wp-content\\\/uploads\\\/2023\\\/06\\\/logo-2.png\",\"contentUrl\":\"https:\\\/\\\/www.festivox.fr\\\/blog\\\/wp-content\\\/uploads\\\/2023\\\/06\\\/logo-2.png\",\"width\":480,\"height\":160,\"caption\":\"festivox\"},\"image\":{\"@id\":\"https:\\\/\\\/www.festivox.fr\\\/blog\\\/#\\\/schema\\\/logo\\\/image\\\/\"}},{\"@type\":\"Person\",\"@id\":\"https:\\\/\\\/www.festivox.fr\\\/blog\\\/#\\\/schema\\\/person\\\/f36a8b6bc94800c3eafed4bca993ce95\",\"name\":\"Michele\",\"image\":{\"@type\":\"ImageObject\",\"inLanguage\":\"fr-FR\",\"@id\":\"https:\\\/\\\/secure.gravatar.com\\\/avatar\\\/b062046536b5d47ec9075956ec349ef95ed06b0f910c578f74abb318668b702e?s=96&d=mm&r=g\",\"url\":\"https:\\\/\\\/secure.gravatar.com\\\/avatar\\\/b062046536b5d47ec9075956ec349ef95ed06b0f910c578f74abb318668b702e?s=96&d=mm&r=g\",\"contentUrl\":\"https:\\\/\\\/secure.gravatar.com\\\/avatar\\\/b062046536b5d47ec9075956ec349ef95ed06b0f910c578f74abb318668b702e?s=96&d=mm&r=g\",\"caption\":\"Michele\"},\"sameAs\":[\"https:\\\/\\\/www.festivox.fr\\\/blog\"],\"url\":\"https:\\\/\\\/www.festivox.fr\\\/blog\\\/author\\\/voxadmin\\\/\"}]}<\/script>\n<!-- \/ Yoast SEO plugin. -->","yoast_head_json":{"title":"Jazz Correia : angoiss\u00e9e apr\u00e8s son accouchement, elle c\u00e9l\u00e8bre un grand cap avec son nouveau-n\u00e9 - FESTIVOX","robots":{"index":"index","follow":"follow","max-snippet":"max-snippet:-1","max-image-preview":"max-image-preview:large","max-video-preview":"max-video-preview:-1"},"canonical":"https:\/\/www.festivox.fr\/blog\/jazz-correia-angoissee-apres-son-accouchement-elle-celebre-un-grand-cap-avec-son-nouveau-ne\/","og_locale":"fr_FR","og_type":"article","og_title":"Jazz Correia : angoiss\u00e9e apr\u00e8s son accouchement, elle c\u00e9l\u00e8bre un grand cap avec son nouveau-n\u00e9 - FESTIVOX","og_description":"Le 12 octobre 2023, Jazz Correia a accouch\u00e9 de son quatri\u00e8me enfant. Malheureusement en raison de \u00ab\u00a0complications\u00a0\u00bb, son b\u00e9b\u00e9 a \u00e9t\u00e9 plac\u00e9 en soins intensifs. Mais derni\u00e8rement, son cadet lui a redonn\u00e9 le sourire pour une raison bien sp\u00e9ciale&#8230; Voil\u00e0 plusieurs ann\u00e9es que Jazz et Laurent Correia s&rsquo;\u00e9panouissent pleinement sous le feu des projecteurs avec&hellip;","og_url":"https:\/\/www.festivox.fr\/blog\/jazz-correia-angoissee-apres-son-accouchement-elle-celebre-un-grand-cap-avec-son-nouveau-ne\/","og_site_name":"FESTIVOX","article_published_time":"2023-10-18T08:41:00+00:00","og_image":[{"url":"https:\/\/www.festivox.fr\/blog\/wp-content\/uploads\/2023\/10\/jazz-correia-angoissee-apres-son-accouchement-elle-celebre-un-grand-cap-avec-son-nouveau-ne.jpg","type":"","width":"","height":""}],"author":"Michele","twitter_card":"summary_large_image","twitter_misc":{"\u00c9crit par":"Michele","Dur\u00e9e de lecture estim\u00e9e":"3 minutes"},"schema":{"@context":"https:\/\/schema.org","@graph":[{"@type":"Article","@id":"https:\/\/www.festivox.fr\/blog\/jazz-correia-angoissee-apres-son-accouchement-elle-celebre-un-grand-cap-avec-son-nouveau-ne\/#article","isPartOf":{"@id":"https:\/\/www.festivox.fr\/blog\/jazz-correia-angoissee-apres-son-accouchement-elle-celebre-un-grand-cap-avec-son-nouveau-ne\/"},"author":{"name":"Michele","@id":"https:\/\/www.festivox.fr\/blog\/#\/schema\/person\/f36a8b6bc94800c3eafed4bca993ce95"},"headline":"Jazz Correia : angoiss\u00e9e apr\u00e8s son accouchement, elle c\u00e9l\u00e8bre un grand cap avec son nouveau-n\u00e9","datePublished":"2023-10-18T08:41:00+00:00","mainEntityOfPage":{"@id":"https:\/\/www.festivox.fr\/blog\/jazz-correia-angoissee-apres-son-accouchement-elle-celebre-un-grand-cap-avec-son-nouveau-ne\/"},"wordCount":669,"publisher":{"@id":"https:\/\/www.festivox.fr\/blog\/#organization"},"image":{"@id":"https:\/\/www.festivox.fr\/blog\/jazz-correia-angoissee-apres-son-accouchement-elle-celebre-un-grand-cap-avec-son-nouveau-ne\/#primaryimage"},"thumbnailUrl":"https:\/\/www.festivox.fr\/blog\/wp-content\/uploads\/2023\/10\/jazz-correia-angoissee-apres-son-accouchement-elle-celebre-un-grand-cap-avec-son-nouveau-ne.jpg","articleSection":["Wiki Sur Festival Jazz Et Musique En Mode Guinguette:"],"inLanguage":"fr-FR"},{"@type":"WebPage","@id":"https:\/\/www.festivox.fr\/blog\/jazz-correia-angoissee-apres-son-accouchement-elle-celebre-un-grand-cap-avec-son-nouveau-ne\/","url":"https:\/\/www.festivox.fr\/blog\/jazz-correia-angoissee-apres-son-accouchement-elle-celebre-un-grand-cap-avec-son-nouveau-ne\/","name":"Jazz Correia : angoiss\u00e9e apr\u00e8s son accouchement, elle c\u00e9l\u00e8bre un grand cap avec son nouveau-n\u00e9 - FESTIVOX","isPartOf":{"@id":"https:\/\/www.festivox.fr\/blog\/#website"},"primaryImageOfPage":{"@id":"https:\/\/www.festivox.fr\/blog\/jazz-correia-angoissee-apres-son-accouchement-elle-celebre-un-grand-cap-avec-son-nouveau-ne\/#primaryimage"},"image":{"@id":"https:\/\/www.festivox.fr\/blog\/jazz-correia-angoissee-apres-son-accouchement-elle-celebre-un-grand-cap-avec-son-nouveau-ne\/#primaryimage"},"thumbnailUrl":"https:\/\/www.festivox.fr\/blog\/wp-content\/uploads\/2023\/10\/jazz-correia-angoissee-apres-son-accouchement-elle-celebre-un-grand-cap-avec-son-nouveau-ne.jpg","datePublished":"2023-10-18T08:41:00+00:00","breadcrumb":{"@id":"https:\/\/www.festivox.fr\/blog\/jazz-correia-angoissee-apres-son-accouchement-elle-celebre-un-grand-cap-avec-son-nouveau-ne\/#breadcrumb"},"inLanguage":"fr-FR","potentialAction":[{"@type":"ReadAction","target":["https:\/\/www.festivox.fr\/blog\/jazz-correia-angoissee-apres-son-accouchement-elle-celebre-un-grand-cap-avec-son-nouveau-ne\/"]}]},{"@type":"ImageObject","inLanguage":"fr-FR","@id":"https:\/\/www.festivox.fr\/blog\/jazz-correia-angoissee-apres-son-accouchement-elle-celebre-un-grand-cap-avec-son-nouveau-ne\/#primaryimage","url":"https:\/\/www.festivox.fr\/blog\/wp-content\/uploads\/2023\/10\/jazz-correia-angoissee-apres-son-accouchement-elle-celebre-un-grand-cap-avec-son-nouveau-ne.jpg","contentUrl":"https:\/\/www.festivox.fr\/blog\/wp-content\/uploads\/2023\/10\/jazz-correia-angoissee-apres-son-accouchement-elle-celebre-un-grand-cap-avec-son-nouveau-ne.jpg","width":480,"height":857},{"@type":"BreadcrumbList","@id":"https:\/\/www.festivox.fr\/blog\/jazz-correia-angoissee-apres-son-accouchement-elle-celebre-un-grand-cap-avec-son-nouveau-ne\/#breadcrumb","itemListElement":[{"@type":"ListItem","position":1,"name":"Accueil","item":"https:\/\/www.festivox.fr\/blog\/"},{"@type":"ListItem","position":2,"name":"Jazz Correia : angoiss\u00e9e apr\u00e8s son accouchement, elle c\u00e9l\u00e8bre un grand cap avec son nouveau-n\u00e9"}]},{"@type":"WebSite","@id":"https:\/\/www.festivox.fr\/blog\/#website","url":"https:\/\/www.festivox.fr\/blog\/","name":"FESTIVOX","description":"Festival en mode guinguette.","publisher":{"@id":"https:\/\/www.festivox.fr\/blog\/#organization"},"potentialAction":[{"@type":"SearchAction","target":{"@type":"EntryPoint","urlTemplate":"https:\/\/www.festivox.fr\/blog\/?s={search_term_string}"},"query-input":{"@type":"PropertyValueSpecification","valueRequired":true,"valueName":"search_term_string"}}],"inLanguage":"fr-FR"},{"@type":"Organization","@id":"https:\/\/www.festivox.fr\/blog\/#organization","name":"festivox","url":"https:\/\/www.festivox.fr\/blog\/","logo":{"@type":"ImageObject","inLanguage":"fr-FR","@id":"https:\/\/www.festivox.fr\/blog\/#\/schema\/logo\/image\/","url":"https:\/\/www.festivox.fr\/blog\/wp-content\/uploads\/2023\/06\/logo-2.png","contentUrl":"https:\/\/www.festivox.fr\/blog\/wp-content\/uploads\/2023\/06\/logo-2.png","width":480,"height":160,"caption":"festivox"},"image":{"@id":"https:\/\/www.festivox.fr\/blog\/#\/schema\/logo\/image\/"}},{"@type":"Person","@id":"https:\/\/www.festivox.fr\/blog\/#\/schema\/person\/f36a8b6bc94800c3eafed4bca993ce95","name":"Michele","image":{"@type":"ImageObject","inLanguage":"fr-FR","@id":"https:\/\/secure.gravatar.com\/avatar\/b062046536b5d47ec9075956ec349ef95ed06b0f910c578f74abb318668b702e?s=96&d=mm&r=g","url":"https:\/\/secure.gravatar.com\/avatar\/b062046536b5d47ec9075956ec349ef95ed06b0f910c578f74abb318668b702e?s=96&d=mm&r=g","contentUrl":"https:\/\/secure.gravatar.com\/avatar\/b062046536b5d47ec9075956ec349ef95ed06b0f910c578f74abb318668b702e?s=96&d=mm&r=g","caption":"Michele"},"sameAs":["https:\/\/www.festivox.fr\/blog"],"url":"https:\/\/www.festivox.fr\/blog\/author\/voxadmin\/"}]}},"_links":{"self":[{"href":"https:\/\/www.festivox.fr\/blog\/wp-json\/wp\/v2\/posts\/505","targetHints":{"allow":["GET"]}}],"collection":[{"href":"https:\/\/www.festivox.fr\/blog\/wp-json\/wp\/v2\/posts"}],"about":[{"href":"https:\/\/www.festivox.fr\/blog\/wp-json\/wp\/v2\/types\/post"}],"author":[{"embeddable":true,"href":"https:\/\/www.festivox.fr\/blog\/wp-json\/wp\/v2\/users\/1"}],"replies":[{"embeddable":true,"href":"https:\/\/www.festivox.fr\/blog\/wp-json\/wp\/v2\/comments?post=505"}],"version-history":[{"count":0,"href":"https:\/\/www.festivox.fr\/blog\/wp-json\/wp\/v2\/posts\/505\/revisions"}],"wp:featuredmedia":[{"embeddable":true,"href":"https:\/\/www.festivox.fr\/blog\/wp-json\/wp\/v2\/media\/506"}],"wp:attachment":[{"href":"https:\/\/www.festivox.fr\/blog\/wp-json\/wp\/v2\/media?parent=505"}],"wp:term":[{"taxonomy":"category","embeddable":true,"href":"https:\/\/www.festivox.fr\/blog\/wp-json\/wp\/v2\/categories?post=505"},{"taxonomy":"post_tag","embeddable":true,"href":"https:\/\/www.festivox.fr\/blog\/wp-json\/wp\/v2\/tags?post=505"}],"curies":[{"name":"wp","href":"https:\/\/api.w.org\/{rel}","templated":true}]}}