{"id":501,"date":"2023-10-25T09:54:00","date_gmt":"2023-10-25T07:54:00","guid":{"rendered":"https:\/\/www.festivox.fr\/blog\/le-musicien-cisco-herzhaft-a-inaugure-le-festival-abers-blues-a-saint-renan\/"},"modified":"2023-10-25T09:54:00","modified_gmt":"2023-10-25T07:54:00","slug":"le-musicien-cisco-herzhaft-a-inaugure-le-festival-abers-blues-a-saint-renan","status":"publish","type":"post","link":"https:\/\/www.festivox.fr\/blog\/le-musicien-cisco-herzhaft-a-inaugure-le-festival-abers-blues-a-saint-renan\/","title":{"rendered":"Le musicien Cisco Herzhaft a inaugur\u00e9 le Festival Abers Blues \u00e0 Saint-Renan"},"content":{"rendered":"\n<div><img decoding=\"async\" src=\"https:\/\/www.festivox.fr\/blog\/wp-content\/uploads\/2023\/10\/le-musicien-cisco-herzhaft-a-inaugure-le-festival-abers-blues-a-saint-renan.jpg\" class=\"ff-og-image-inserted\"><\/div>\n<div>\n<p>Le festival de musique Abers Blues a d\u00e9but\u00e9 le vendredi 20 octobre 2023, au cin\u00e9ma le Bretagne \u00e0 Saint-Renan. Isabelle Duchesne, de l\u2019association du Hot club jazz Iroise, organisatrice du Festival, a pr\u00e9sent\u00e9 le programme, avec 15 rendez-vous, des concerts pr\u00e9vus depuis le 20 octobre jusqu\u2019au 2 d\u00e9cembre \u00e0 travers tout le Pays d\u2019Iroise et m\u00eame un programm\u00e9 \u00e0 Quimper le 18 novembre. \u00ab&nbsp;Nous pr\u00e9parons ce Festival depuis des mois, en esp\u00e9rant que le public soit au rendez-vous, car nous avons fait appel \u00e0 des groupes de talents&nbsp;\u00bb, confie Fabienne Leca, pr\u00e9sidente du Hot club jazz Iroise.<\/p>\n<h2>\u00ab&nbsp;\u00c7a blues de source&nbsp;\u00bb<\/h2>\n<\/p><\/div>\n<div>\n<p>C\u2019est le parrain du Festival, Cisco Herzhaft, infatigable vagabond du blues, qui a inaugur\u00e9 le Festival, avec un premier concert, \u00ab&nbsp;\u00c7a blues de source&nbsp;\u00bb, ce vendredi en d\u00e9but de soir\u00e9e. \u00ab&nbsp;C\u2019est un honneur pour moi de parrainer cette 13e \u00e9dition&nbsp;\u00bb, a pr\u00e9cis\u00e9 le guitariste et chanteur fran\u00e7ais, qui \u00e9tait accompagn\u00e9 par le dessinateur brestois Gildas Java. L\u2019artiste a ponctu\u00e9 le concert avec ses dessins pr\u00e9sent\u00e9s en direct sur grand \u00e9cran. Une harmonie entre le geste et le son. Il sera de nouveau en d\u00e9monstration, le dimanche 19 novembre (\u00e0 17&nbsp;h) pour le prochain concert \u00e0 Saint-Renan (salle l\u2019Amphi) du musicien extraordinaire Slam Allen et son groupe.<\/p>\n<\/p><\/div>\n<div>\n<p>\u00ab&nbsp;Cisco propose \u00e9galement un master sur l\u2019initiation au Picking, le samedi 2 d\u00e9cembre, de 10&nbsp;h \u00e0 12&nbsp;h, 30 \u20ac, \u00e0 la salle de musique de l\u2019Espace culturel de Saint-Renan&nbsp;\u00bb, indique Fabienne Leca.<\/p>\n<\/p><\/div>\n<div>\n<p>Puis \u00e0 21&nbsp;h, le film \u00ab&nbsp;We juke up here&nbsp;\u00bb, a \u00e9t\u00e9 propos\u00e9, pr\u00e9sentant les restes de la culture Juke-Joints, autrefois florissante, du Mississippi.<\/p>\n<p>\u00c0 noter que le concert pr\u00e9vu \u00e0 Lesneven le samedi 28 octobre (\u00e0 20&nbsp;h&nbsp;30) \u00e0 la salle Arvorik a \u00e9t\u00e9 modifi\u00e9&nbsp;: le groupe The Wacky Jugs (laur\u00e9at international Blues Challenge de Memphis, en 2022) remplace, en effet, le groupe Slim Paul Trio pr\u00e9vu initialement.<\/p>\n<h3 class=\"titre-note\"><b>Pratique<\/b><\/h3>\n<p class=\"note\">Programmation, billetterie sur le site internet du Hot Club Jazz Iroise, <a href=\"http:\/\/www.hot-club-jazz-iroise.fr\/\" target=\"_blank\" rel=\"nofollow\">hot-club-jazz-iroise.fr<\/a>\/ou sur place avant le concert.<\/p>\n<p class=\"note\">Contact&nbsp;: t\u00e9l. 07&nbsp;84&nbsp;65&nbsp;35&nbsp;15&nbsp;; courriel, contact@hot-club-jazz-iroise.fr<\/p>\n<\/p><\/div>\n<p> Cet article, qui traite du th\u00e8me \u00ab\u00a0Festival Jazz et musique en mode guinguette\u00a0\u00bb, vous est d\u00e9lib\u00e9r\u00e9ment offert par festivox.fr. La raison d\u2019\u00eatre de festivox.fr est de parler de Festival Jazz et musique en mode guinguette dans la transparence la plus g\u00e9n\u00e9rale en vous procurant la visibilit\u00e9 de tout ce qui est publi\u00e9 sur ce sujet sur le web La chronique a \u00e9t\u00e9 g\u00e9n\u00e9r\u00e9e de la mani\u00e8re la plus honn\u00eate que possible. S\u2019il advenait que vous projetez d\u2019apporter quelques notes concernant le domaine de \u00ab\u00a0Festival Jazz et musique en mode guinguette\u00a0\u00bb vous avez la possibilit\u00e9 de d&rsquo;\u00e9changer avec notre r\u00e9daction. Dans peu de temps, on mettra en ligne d&rsquo;autres informations pertinentes autour du sujet \u00ab\u00a0Festival Jazz et musique en mode guinguette\u00a0\u00bb. Ainsi, consultez r\u00e9guli\u00e8rement notre site.<\/p>\n","protected":false},"excerpt":{"rendered":"<p>Le festival de musique Abers Blues a d\u00e9but\u00e9 le vendredi 20 octobre 2023, au cin\u00e9ma le Bretagne \u00e0 Saint-Renan. Isabelle Duchesne, de l\u2019association du Hot club jazz Iroise, organisatrice du Festival, a pr\u00e9sent\u00e9 le programme, avec 15 rendez-vous, des concerts pr\u00e9vus depuis le 20 octobre jusqu\u2019au 2 d\u00e9cembre \u00e0 travers tout le Pays d\u2019Iroise et&hellip;<\/p>\n","protected":false},"author":1,"featured_media":502,"comment_status":"closed","ping_status":"closed","sticky":false,"template":"","format":"standard","meta":{"footnotes":""},"categories":[3],"tags":[],"class_list":["post-501","post","type-post","status-publish","format-standard","has-post-thumbnail","hentry","category-wiki-sur-festival-jazz-et-musique-en-mode-guinguette"],"yoast_head":"<!-- This site is optimized with the Yoast SEO plugin v27.5 - https:\/\/yoast.com\/product\/yoast-seo-wordpress\/ -->\n<title>Le musicien Cisco Herzhaft a inaugur\u00e9 le Festival Abers Blues \u00e0 Saint-Renan - FESTIVOX<\/title>\n<meta name=\"robots\" content=\"index, follow, max-snippet:-1, max-image-preview:large, max-video-preview:-1\" \/>\n<link rel=\"canonical\" href=\"https:\/\/www.festivox.fr\/blog\/le-musicien-cisco-herzhaft-a-inaugure-le-festival-abers-blues-a-saint-renan\/\" \/>\n<meta property=\"og:locale\" content=\"fr_FR\" \/>\n<meta property=\"og:type\" content=\"article\" \/>\n<meta property=\"og:title\" content=\"Le musicien Cisco Herzhaft a inaugur\u00e9 le Festival Abers Blues \u00e0 Saint-Renan - FESTIVOX\" \/>\n<meta property=\"og:description\" content=\"Le festival de musique Abers Blues a d\u00e9but\u00e9 le vendredi 20 octobre 2023, au cin\u00e9ma le Bretagne \u00e0 Saint-Renan. Isabelle Duchesne, de l\u2019association du Hot club jazz Iroise, organisatrice du Festival, a pr\u00e9sent\u00e9 le programme, avec 15 rendez-vous, des concerts pr\u00e9vus depuis le 20 octobre jusqu\u2019au 2 d\u00e9cembre \u00e0 travers tout le Pays d\u2019Iroise et&hellip;\" \/>\n<meta property=\"og:url\" content=\"https:\/\/www.festivox.fr\/blog\/le-musicien-cisco-herzhaft-a-inaugure-le-festival-abers-blues-a-saint-renan\/\" \/>\n<meta property=\"og:site_name\" content=\"FESTIVOX\" \/>\n<meta property=\"article:published_time\" content=\"2023-10-25T07:54:00+00:00\" \/>\n<meta property=\"og:image\" content=\"https:\/\/www.festivox.fr\/blog\/wp-content\/uploads\/2023\/10\/le-musicien-cisco-herzhaft-a-inaugure-le-festival-abers-blues-a-saint-renan.jpg\" \/>\n<meta name=\"author\" content=\"Michele\" \/>\n<meta name=\"twitter:card\" content=\"summary_large_image\" \/>\n<meta name=\"twitter:label1\" content=\"\u00c9crit par\" \/>\n\t<meta name=\"twitter:data1\" content=\"Michele\" \/>\n\t<meta name=\"twitter:label2\" content=\"Dur\u00e9e de lecture estim\u00e9e\" \/>\n\t<meta name=\"twitter:data2\" content=\"3 minutes\" \/>\n<script type=\"application\/ld+json\" class=\"yoast-schema-graph\">{\"@context\":\"https:\\\/\\\/schema.org\",\"@graph\":[{\"@type\":\"Article\",\"@id\":\"https:\\\/\\\/www.festivox.fr\\\/blog\\\/le-musicien-cisco-herzhaft-a-inaugure-le-festival-abers-blues-a-saint-renan\\\/#article\",\"isPartOf\":{\"@id\":\"https:\\\/\\\/www.festivox.fr\\\/blog\\\/le-musicien-cisco-herzhaft-a-inaugure-le-festival-abers-blues-a-saint-renan\\\/\"},\"author\":{\"name\":\"Michele\",\"@id\":\"https:\\\/\\\/www.festivox.fr\\\/blog\\\/#\\\/schema\\\/person\\\/f36a8b6bc94800c3eafed4bca993ce95\"},\"headline\":\"Le musicien Cisco Herzhaft a inaugur\u00e9 le Festival Abers Blues \u00e0 Saint-Renan\",\"datePublished\":\"2023-10-25T07:54:00+00:00\",\"mainEntityOfPage\":{\"@id\":\"https:\\\/\\\/www.festivox.fr\\\/blog\\\/le-musicien-cisco-herzhaft-a-inaugure-le-festival-abers-blues-a-saint-renan\\\/\"},\"wordCount\":519,\"publisher\":{\"@id\":\"https:\\\/\\\/www.festivox.fr\\\/blog\\\/#organization\"},\"image\":{\"@id\":\"https:\\\/\\\/www.festivox.fr\\\/blog\\\/le-musicien-cisco-herzhaft-a-inaugure-le-festival-abers-blues-a-saint-renan\\\/#primaryimage\"},\"thumbnailUrl\":\"https:\\\/\\\/www.festivox.fr\\\/blog\\\/wp-content\\\/uploads\\\/2023\\\/10\\\/le-musicien-cisco-herzhaft-a-inaugure-le-festival-abers-blues-a-saint-renan.jpg\",\"articleSection\":[\"Wiki Sur Festival Jazz Et Musique En Mode Guinguette:\"],\"inLanguage\":\"fr-FR\"},{\"@type\":\"WebPage\",\"@id\":\"https:\\\/\\\/www.festivox.fr\\\/blog\\\/le-musicien-cisco-herzhaft-a-inaugure-le-festival-abers-blues-a-saint-renan\\\/\",\"url\":\"https:\\\/\\\/www.festivox.fr\\\/blog\\\/le-musicien-cisco-herzhaft-a-inaugure-le-festival-abers-blues-a-saint-renan\\\/\",\"name\":\"Le musicien Cisco Herzhaft a inaugur\u00e9 le Festival Abers Blues \u00e0 Saint-Renan - FESTIVOX\",\"isPartOf\":{\"@id\":\"https:\\\/\\\/www.festivox.fr\\\/blog\\\/#website\"},\"primaryImageOfPage\":{\"@id\":\"https:\\\/\\\/www.festivox.fr\\\/blog\\\/le-musicien-cisco-herzhaft-a-inaugure-le-festival-abers-blues-a-saint-renan\\\/#primaryimage\"},\"image\":{\"@id\":\"https:\\\/\\\/www.festivox.fr\\\/blog\\\/le-musicien-cisco-herzhaft-a-inaugure-le-festival-abers-blues-a-saint-renan\\\/#primaryimage\"},\"thumbnailUrl\":\"https:\\\/\\\/www.festivox.fr\\\/blog\\\/wp-content\\\/uploads\\\/2023\\\/10\\\/le-musicien-cisco-herzhaft-a-inaugure-le-festival-abers-blues-a-saint-renan.jpg\",\"datePublished\":\"2023-10-25T07:54:00+00:00\",\"breadcrumb\":{\"@id\":\"https:\\\/\\\/www.festivox.fr\\\/blog\\\/le-musicien-cisco-herzhaft-a-inaugure-le-festival-abers-blues-a-saint-renan\\\/#breadcrumb\"},\"inLanguage\":\"fr-FR\",\"potentialAction\":[{\"@type\":\"ReadAction\",\"target\":[\"https:\\\/\\\/www.festivox.fr\\\/blog\\\/le-musicien-cisco-herzhaft-a-inaugure-le-festival-abers-blues-a-saint-renan\\\/\"]}]},{\"@type\":\"ImageObject\",\"inLanguage\":\"fr-FR\",\"@id\":\"https:\\\/\\\/www.festivox.fr\\\/blog\\\/le-musicien-cisco-herzhaft-a-inaugure-le-festival-abers-blues-a-saint-renan\\\/#primaryimage\",\"url\":\"https:\\\/\\\/www.festivox.fr\\\/blog\\\/wp-content\\\/uploads\\\/2023\\\/10\\\/le-musicien-cisco-herzhaft-a-inaugure-le-festival-abers-blues-a-saint-renan.jpg\",\"contentUrl\":\"https:\\\/\\\/www.festivox.fr\\\/blog\\\/wp-content\\\/uploads\\\/2023\\\/10\\\/le-musicien-cisco-herzhaft-a-inaugure-le-festival-abers-blues-a-saint-renan.jpg\",\"width\":1200,\"height\":750},{\"@type\":\"BreadcrumbList\",\"@id\":\"https:\\\/\\\/www.festivox.fr\\\/blog\\\/le-musicien-cisco-herzhaft-a-inaugure-le-festival-abers-blues-a-saint-renan\\\/#breadcrumb\",\"itemListElement\":[{\"@type\":\"ListItem\",\"position\":1,\"name\":\"Accueil\",\"item\":\"https:\\\/\\\/www.festivox.fr\\\/blog\\\/\"},{\"@type\":\"ListItem\",\"position\":2,\"name\":\"Le musicien Cisco Herzhaft a inaugur\u00e9 le Festival Abers Blues \u00e0 Saint-Renan\"}]},{\"@type\":\"WebSite\",\"@id\":\"https:\\\/\\\/www.festivox.fr\\\/blog\\\/#website\",\"url\":\"https:\\\/\\\/www.festivox.fr\\\/blog\\\/\",\"name\":\"FESTIVOX\",\"description\":\"Festival en mode guinguette.\",\"publisher\":{\"@id\":\"https:\\\/\\\/www.festivox.fr\\\/blog\\\/#organization\"},\"potentialAction\":[{\"@type\":\"SearchAction\",\"target\":{\"@type\":\"EntryPoint\",\"urlTemplate\":\"https:\\\/\\\/www.festivox.fr\\\/blog\\\/?s={search_term_string}\"},\"query-input\":{\"@type\":\"PropertyValueSpecification\",\"valueRequired\":true,\"valueName\":\"search_term_string\"}}],\"inLanguage\":\"fr-FR\"},{\"@type\":\"Organization\",\"@id\":\"https:\\\/\\\/www.festivox.fr\\\/blog\\\/#organization\",\"name\":\"festivox\",\"url\":\"https:\\\/\\\/www.festivox.fr\\\/blog\\\/\",\"logo\":{\"@type\":\"ImageObject\",\"inLanguage\":\"fr-FR\",\"@id\":\"https:\\\/\\\/www.festivox.fr\\\/blog\\\/#\\\/schema\\\/logo\\\/image\\\/\",\"url\":\"https:\\\/\\\/www.festivox.fr\\\/blog\\\/wp-content\\\/uploads\\\/2023\\\/06\\\/logo-2.png\",\"contentUrl\":\"https:\\\/\\\/www.festivox.fr\\\/blog\\\/wp-content\\\/uploads\\\/2023\\\/06\\\/logo-2.png\",\"width\":480,\"height\":160,\"caption\":\"festivox\"},\"image\":{\"@id\":\"https:\\\/\\\/www.festivox.fr\\\/blog\\\/#\\\/schema\\\/logo\\\/image\\\/\"}},{\"@type\":\"Person\",\"@id\":\"https:\\\/\\\/www.festivox.fr\\\/blog\\\/#\\\/schema\\\/person\\\/f36a8b6bc94800c3eafed4bca993ce95\",\"name\":\"Michele\",\"image\":{\"@type\":\"ImageObject\",\"inLanguage\":\"fr-FR\",\"@id\":\"https:\\\/\\\/secure.gravatar.com\\\/avatar\\\/b062046536b5d47ec9075956ec349ef95ed06b0f910c578f74abb318668b702e?s=96&d=mm&r=g\",\"url\":\"https:\\\/\\\/secure.gravatar.com\\\/avatar\\\/b062046536b5d47ec9075956ec349ef95ed06b0f910c578f74abb318668b702e?s=96&d=mm&r=g\",\"contentUrl\":\"https:\\\/\\\/secure.gravatar.com\\\/avatar\\\/b062046536b5d47ec9075956ec349ef95ed06b0f910c578f74abb318668b702e?s=96&d=mm&r=g\",\"caption\":\"Michele\"},\"sameAs\":[\"https:\\\/\\\/www.festivox.fr\\\/blog\"],\"url\":\"https:\\\/\\\/www.festivox.fr\\\/blog\\\/author\\\/voxadmin\\\/\"}]}<\/script>\n<!-- \/ Yoast SEO plugin. -->","yoast_head_json":{"title":"Le musicien Cisco Herzhaft a inaugur\u00e9 le Festival Abers Blues \u00e0 Saint-Renan - FESTIVOX","robots":{"index":"index","follow":"follow","max-snippet":"max-snippet:-1","max-image-preview":"max-image-preview:large","max-video-preview":"max-video-preview:-1"},"canonical":"https:\/\/www.festivox.fr\/blog\/le-musicien-cisco-herzhaft-a-inaugure-le-festival-abers-blues-a-saint-renan\/","og_locale":"fr_FR","og_type":"article","og_title":"Le musicien Cisco Herzhaft a inaugur\u00e9 le Festival Abers Blues \u00e0 Saint-Renan - FESTIVOX","og_description":"Le festival de musique Abers Blues a d\u00e9but\u00e9 le vendredi 20 octobre 2023, au cin\u00e9ma le Bretagne \u00e0 Saint-Renan. Isabelle Duchesne, de l\u2019association du Hot club jazz Iroise, organisatrice du Festival, a pr\u00e9sent\u00e9 le programme, avec 15 rendez-vous, des concerts pr\u00e9vus depuis le 20 octobre jusqu\u2019au 2 d\u00e9cembre \u00e0 travers tout le Pays d\u2019Iroise et&hellip;","og_url":"https:\/\/www.festivox.fr\/blog\/le-musicien-cisco-herzhaft-a-inaugure-le-festival-abers-blues-a-saint-renan\/","og_site_name":"FESTIVOX","article_published_time":"2023-10-25T07:54:00+00:00","og_image":[{"url":"https:\/\/www.festivox.fr\/blog\/wp-content\/uploads\/2023\/10\/le-musicien-cisco-herzhaft-a-inaugure-le-festival-abers-blues-a-saint-renan.jpg","type":"","width":"","height":""}],"author":"Michele","twitter_card":"summary_large_image","twitter_misc":{"\u00c9crit par":"Michele","Dur\u00e9e de lecture estim\u00e9e":"3 minutes"},"schema":{"@context":"https:\/\/schema.org","@graph":[{"@type":"Article","@id":"https:\/\/www.festivox.fr\/blog\/le-musicien-cisco-herzhaft-a-inaugure-le-festival-abers-blues-a-saint-renan\/#article","isPartOf":{"@id":"https:\/\/www.festivox.fr\/blog\/le-musicien-cisco-herzhaft-a-inaugure-le-festival-abers-blues-a-saint-renan\/"},"author":{"name":"Michele","@id":"https:\/\/www.festivox.fr\/blog\/#\/schema\/person\/f36a8b6bc94800c3eafed4bca993ce95"},"headline":"Le musicien Cisco Herzhaft a inaugur\u00e9 le Festival Abers Blues \u00e0 Saint-Renan","datePublished":"2023-10-25T07:54:00+00:00","mainEntityOfPage":{"@id":"https:\/\/www.festivox.fr\/blog\/le-musicien-cisco-herzhaft-a-inaugure-le-festival-abers-blues-a-saint-renan\/"},"wordCount":519,"publisher":{"@id":"https:\/\/www.festivox.fr\/blog\/#organization"},"image":{"@id":"https:\/\/www.festivox.fr\/blog\/le-musicien-cisco-herzhaft-a-inaugure-le-festival-abers-blues-a-saint-renan\/#primaryimage"},"thumbnailUrl":"https:\/\/www.festivox.fr\/blog\/wp-content\/uploads\/2023\/10\/le-musicien-cisco-herzhaft-a-inaugure-le-festival-abers-blues-a-saint-renan.jpg","articleSection":["Wiki Sur Festival Jazz Et Musique En Mode Guinguette:"],"inLanguage":"fr-FR"},{"@type":"WebPage","@id":"https:\/\/www.festivox.fr\/blog\/le-musicien-cisco-herzhaft-a-inaugure-le-festival-abers-blues-a-saint-renan\/","url":"https:\/\/www.festivox.fr\/blog\/le-musicien-cisco-herzhaft-a-inaugure-le-festival-abers-blues-a-saint-renan\/","name":"Le musicien Cisco Herzhaft a inaugur\u00e9 le Festival Abers Blues \u00e0 Saint-Renan - FESTIVOX","isPartOf":{"@id":"https:\/\/www.festivox.fr\/blog\/#website"},"primaryImageOfPage":{"@id":"https:\/\/www.festivox.fr\/blog\/le-musicien-cisco-herzhaft-a-inaugure-le-festival-abers-blues-a-saint-renan\/#primaryimage"},"image":{"@id":"https:\/\/www.festivox.fr\/blog\/le-musicien-cisco-herzhaft-a-inaugure-le-festival-abers-blues-a-saint-renan\/#primaryimage"},"thumbnailUrl":"https:\/\/www.festivox.fr\/blog\/wp-content\/uploads\/2023\/10\/le-musicien-cisco-herzhaft-a-inaugure-le-festival-abers-blues-a-saint-renan.jpg","datePublished":"2023-10-25T07:54:00+00:00","breadcrumb":{"@id":"https:\/\/www.festivox.fr\/blog\/le-musicien-cisco-herzhaft-a-inaugure-le-festival-abers-blues-a-saint-renan\/#breadcrumb"},"inLanguage":"fr-FR","potentialAction":[{"@type":"ReadAction","target":["https:\/\/www.festivox.fr\/blog\/le-musicien-cisco-herzhaft-a-inaugure-le-festival-abers-blues-a-saint-renan\/"]}]},{"@type":"ImageObject","inLanguage":"fr-FR","@id":"https:\/\/www.festivox.fr\/blog\/le-musicien-cisco-herzhaft-a-inaugure-le-festival-abers-blues-a-saint-renan\/#primaryimage","url":"https:\/\/www.festivox.fr\/blog\/wp-content\/uploads\/2023\/10\/le-musicien-cisco-herzhaft-a-inaugure-le-festival-abers-blues-a-saint-renan.jpg","contentUrl":"https:\/\/www.festivox.fr\/blog\/wp-content\/uploads\/2023\/10\/le-musicien-cisco-herzhaft-a-inaugure-le-festival-abers-blues-a-saint-renan.jpg","width":1200,"height":750},{"@type":"BreadcrumbList","@id":"https:\/\/www.festivox.fr\/blog\/le-musicien-cisco-herzhaft-a-inaugure-le-festival-abers-blues-a-saint-renan\/#breadcrumb","itemListElement":[{"@type":"ListItem","position":1,"name":"Accueil","item":"https:\/\/www.festivox.fr\/blog\/"},{"@type":"ListItem","position":2,"name":"Le musicien Cisco Herzhaft a inaugur\u00e9 le Festival Abers Blues \u00e0 Saint-Renan"}]},{"@type":"WebSite","@id":"https:\/\/www.festivox.fr\/blog\/#website","url":"https:\/\/www.festivox.fr\/blog\/","name":"FESTIVOX","description":"Festival en mode guinguette.","publisher":{"@id":"https:\/\/www.festivox.fr\/blog\/#organization"},"potentialAction":[{"@type":"SearchAction","target":{"@type":"EntryPoint","urlTemplate":"https:\/\/www.festivox.fr\/blog\/?s={search_term_string}"},"query-input":{"@type":"PropertyValueSpecification","valueRequired":true,"valueName":"search_term_string"}}],"inLanguage":"fr-FR"},{"@type":"Organization","@id":"https:\/\/www.festivox.fr\/blog\/#organization","name":"festivox","url":"https:\/\/www.festivox.fr\/blog\/","logo":{"@type":"ImageObject","inLanguage":"fr-FR","@id":"https:\/\/www.festivox.fr\/blog\/#\/schema\/logo\/image\/","url":"https:\/\/www.festivox.fr\/blog\/wp-content\/uploads\/2023\/06\/logo-2.png","contentUrl":"https:\/\/www.festivox.fr\/blog\/wp-content\/uploads\/2023\/06\/logo-2.png","width":480,"height":160,"caption":"festivox"},"image":{"@id":"https:\/\/www.festivox.fr\/blog\/#\/schema\/logo\/image\/"}},{"@type":"Person","@id":"https:\/\/www.festivox.fr\/blog\/#\/schema\/person\/f36a8b6bc94800c3eafed4bca993ce95","name":"Michele","image":{"@type":"ImageObject","inLanguage":"fr-FR","@id":"https:\/\/secure.gravatar.com\/avatar\/b062046536b5d47ec9075956ec349ef95ed06b0f910c578f74abb318668b702e?s=96&d=mm&r=g","url":"https:\/\/secure.gravatar.com\/avatar\/b062046536b5d47ec9075956ec349ef95ed06b0f910c578f74abb318668b702e?s=96&d=mm&r=g","contentUrl":"https:\/\/secure.gravatar.com\/avatar\/b062046536b5d47ec9075956ec349ef95ed06b0f910c578f74abb318668b702e?s=96&d=mm&r=g","caption":"Michele"},"sameAs":["https:\/\/www.festivox.fr\/blog"],"url":"https:\/\/www.festivox.fr\/blog\/author\/voxadmin\/"}]}},"_links":{"self":[{"href":"https:\/\/www.festivox.fr\/blog\/wp-json\/wp\/v2\/posts\/501","targetHints":{"allow":["GET"]}}],"collection":[{"href":"https:\/\/www.festivox.fr\/blog\/wp-json\/wp\/v2\/posts"}],"about":[{"href":"https:\/\/www.festivox.fr\/blog\/wp-json\/wp\/v2\/types\/post"}],"author":[{"embeddable":true,"href":"https:\/\/www.festivox.fr\/blog\/wp-json\/wp\/v2\/users\/1"}],"replies":[{"embeddable":true,"href":"https:\/\/www.festivox.fr\/blog\/wp-json\/wp\/v2\/comments?post=501"}],"version-history":[{"count":0,"href":"https:\/\/www.festivox.fr\/blog\/wp-json\/wp\/v2\/posts\/501\/revisions"}],"wp:featuredmedia":[{"embeddable":true,"href":"https:\/\/www.festivox.fr\/blog\/wp-json\/wp\/v2\/media\/502"}],"wp:attachment":[{"href":"https:\/\/www.festivox.fr\/blog\/wp-json\/wp\/v2\/media?parent=501"}],"wp:term":[{"taxonomy":"category","embeddable":true,"href":"https:\/\/www.festivox.fr\/blog\/wp-json\/wp\/v2\/categories?post=501"},{"taxonomy":"post_tag","embeddable":true,"href":"https:\/\/www.festivox.fr\/blog\/wp-json\/wp\/v2\/tags?post=501"}],"curies":[{"name":"wp","href":"https:\/\/api.w.org\/{rel}","templated":true}]}}