{"id":491,"date":"2023-10-19T19:38:00","date_gmt":"2023-10-19T17:38:00","guid":{"rendered":"https:\/\/www.festivox.fr\/blog\/le-tour-du-chapeau-de-marianne-trudel\/"},"modified":"2023-10-19T19:38:00","modified_gmt":"2023-10-19T17:38:00","slug":"le-tour-du-chapeau-de-marianne-trudel","status":"publish","type":"post","link":"https:\/\/www.festivox.fr\/blog\/le-tour-du-chapeau-de-marianne-trudel\/","title":{"rendered":"Le tour du chapeau de Marianne Trudel"},"content":{"rendered":"\n<div><img decoding=\"async\" src=\"https:\/\/www.festivox.fr\/blog\/wp-content\/uploads\/2023\/10\/le-tour-du-chapeau-de-marianne-trudel.jpg\" class=\"ff-og-image-inserted\"><\/div>\n<div class=\"editor scrolling-tracker\">\n<p>La compositrice, cheffe d\u2019orchestre et pianiste <a href=\"https:\/\/www.ledevoir.com\/culture\/musique\/793807\/festival-international-de-jazz-l-ete-rythme-de-marianne-trudel\" target=\"_blank\" rel=\"noopener nofollow\">Marianne Trudel<\/a> marque ses 20&nbsp;ans de carri\u00e8re dans le monde du <a href=\"https:\/\/www.ledevoir.com\/motcle\/jazz\" target=\"_blank\" rel=\"noopener nofollow\">jazz<\/a> en lan\u00e7ant un triptyque d\u2019albums t\u00e9moignant de l\u2019\u00e9tendue de son registre. Piano (et harmonium&nbsp;!) solo sur <i>\u00c0 pas de loup. Quiet sounds for a loud world<\/i>, en duo avec le percussionniste John Hollenbeck sur <i>D\u00e9d\u00e9 Java Espiritu<\/i>, et en trio lorsque s\u2019ajoute le bassiste R\u00e9mi-Jean Leblanc sur <i>Time Poem. La joie de l\u2019\u00e9ph\u00e9m\u00e8re<\/i>. Un projet n\u00e9 dans la pand\u00e9mie dont les envol\u00e9es m\u00e9lodiques et les atmosph\u00e8res apaisantes r\u00e9sonnent en cet automne de tous les bouleversements.<\/p>\n<p>L\u2019exploit que r\u00e9ussit Trudel ici n\u2019est pas d\u2019offrir d\u2019un seul coup trois albums de compositions (et improvisations) originales, mais d\u2019en offrir trois d\u2019exceptionnelle qualit\u00e9. \u00ab&nbsp;Pour moi, ce projet est un triptyque puisque ce sont trois facettes de ma personnalit\u00e9 musicale, trois albums n\u00e9s dans la m\u00eame p\u00e9riode pand\u00e9mique, et trois albums tr\u00e8s compl\u00e9mentaires. Et les trois ont comme liant mon amour pour la nature&nbsp;\u00bb, illustr\u00e9 d\u2019ailleurs par les pochettes des albums.<\/p>\n<p>Le solo d\u2019abord, dans l\u2019esprit plus pr\u00e8s de la musique contemporaine que de ce que l\u2019on entendra comme du jazz, quoique dans l\u2019esprit de la compositrice, \u00ab&nbsp;le jazz, c\u2019est la prise de risques \u2014 et j\u2019ai pris un risque avec cet album, qui, du point de vue stylistique, tombe un peu entre les craques&nbsp;\u00bb.<\/p>\n<p>\u00ab&nbsp;C\u2019est la premi\u00e8re fois que je fais un album \u201c\ufeffau ralenti\u201d&nbsp;\u00bb, explique Marianne Trudel, qui le qualifie aussi de \u00ab&nbsp;refuge&nbsp;\u00bb musical dans lequel elle s\u2019est blottie \u00e0 l\u2019\u00e9t\u00e9 2021, en pleine pand\u00e9mie. \u00ab&nbsp;C\u2019est comme si tout \u00e9tait sur une autre fr\u00e9quence&nbsp;;&nbsp;habituellement, dans mes albums, y\u2019a une grande vari\u00e9t\u00e9 d\u2019ambiances, de tempos, d\u2019\u00e9motions, de paysages, alors que l\u00e0, tout est au ralenti, en douceur. Un album o\u00f9 le silence a sa place&nbsp;\u00bb, et sur lequel elle joue pour la premi\u00e8re fois de cet intrigant harmonium qui tra\u00eenait au fond du Studio PM. \u00ab&nbsp;Ce n\u2019\u00e9tait pas dans mes plans d\u2019en jouer, mais j\u2019ai vraiment l\u2019\u00e2me de l\u2019improvisatrice. Les deux pi\u00e8ces sur l\u2019album sont improvis\u00e9es \u2014 j\u2019ai tellement aim\u00e9 cette sonorit\u00e9 si enveloppante&nbsp;!&nbsp;\u00bb<\/p>\n<p>Une part du myst\u00e8re, de l\u2019esprit de l\u2019album solo a percol\u00e9 dans <i>D\u00e9d\u00e9 Java Espiritu<\/i>, l\u2019album en duo avec Hollenbeck, formule pr\u00e9sent\u00e9e en concert l\u2019\u00e9t\u00e9 dernier lors du <a href=\"https:\/\/www.ledevoir.com\/festival-de-jazz-de-montreal\" target=\"_blank\" rel=\"noopener nofollow\">Festival international de jazz de Montr\u00e9al<\/a>. La conversation entre la pianiste et le percussionniste (qui d\u00e9ploie un impressionnant registre de nuances et de sonorit\u00e9s) repose encore beaucoup sur l\u2019improvisation, \u00e0 partir de th\u00e8mes compos\u00e9s par Trudel&nbsp;: \u00ab&nbsp;John et moi, on arrive sur sc\u00e8ne, on ne se parle pas \u2014 c\u2019est d\u2019ailleurs un homme de peu de mots \u2014, et l\u00e0, \u00e7a part, <i>watch out<\/i>&nbsp;! Et on ne se dit rien, c\u2019est magique, et c\u2019est ce qui s\u2019est pass\u00e9 en studio. Et oui, y\u2019a quelque chose de profond et de spirituel dans cet album.&nbsp;\u00bb<\/p>\n<p>Lorsque se joint R\u00e9mi-Jean Leblanc, le triptyque de Trudel retrouve des formes jazz plus traditionnelles, rehauss\u00e9es par le jeu coulant du bassiste et les chatoyantes phrases m\u00e9lodiques de la compositrice, qui rappellent sa formation de musicienne classique. L\u2019album a \u00e9t\u00e9 compos\u00e9 en Gasp\u00e9sie, et en souvenir de l\u2019ing\u00e9nieur de son Rob Heaney, du Studio PM, proche collaborateur de Trudel sur ses pr\u00e9c\u00e9dents albums. C\u2019est lui qui l\u2019a motiv\u00e9e \u00e0 recommencer \u00e0 \u00e9crire de nouvelles pi\u00e8ces, en plein coeur de la pand\u00e9mie. \u00ab&nbsp;Son d\u00e9c\u00e8s subit \u2014 la veille, je le prenais dans mes bras&nbsp;! \u2014 m\u2019a \u00e9branl\u00e9e. J\u2019ai \u00e9crit neuf pi\u00e8ces en neuf jours, en sa m\u00e9moire. J\u2019ai appel\u00e9 \u00e7a <i>La joie de l\u2019\u00e9ph\u00e9m\u00e8re<\/i> parce que lorsque tu perds quelqu\u2019un comme \u00e7a, si abruptement, \u00e7a te rappelle la fragilit\u00e9 de la vie et la chance pour nous d\u2019\u00eatre vivants. On oublie que chaque jour pourrait \u00eatre notre dernier.&nbsp;\u00bb<\/p>\n<div class=\"read-also\">\n<h4>Carla Bley vue par Marianne Trudel<\/h4>\n<\/p><\/div>\n<p><!--EXTRA_233138--><!--EXTRA_233139--><!--EXTRA_233140--> <\/p>\n<footer>\n<h3 class=\"credit-oeuvre-titre\">\u00c0 pas de loup. Quiet sounds for a loud world<\/h3>\n<p class=\"credit-oeuvre-texte\">Marianne Trudel, Productions Marianne Trudel. En concert au Di\u00e8se Onze le 28 octobre.<\/p>\n<\/footer>\n<footer>\n<h3 class=\"credit-oeuvre-titre\">D\u00e9d\u00e9 Java Espiritu<\/h3>\n<p class=\"credit-oeuvre-texte\">Marianne Trudel, Productions Marianne Trudel. <\/p>\n<\/footer>\n<p><h4>\u00c0 voir en vid\u00e9o<\/h4>\n<\/p><\/div>\n<p> Cet article, qui traite du th\u00e8me \u00ab\u00a0Festival Jazz et musique en mode guinguette\u00a0\u00bb, vous est d\u00e9lib\u00e9r\u00e9ment offert par festivox.fr. La raison d\u2019\u00eatre de festivox.fr est de parler de Festival Jazz et musique en mode guinguette dans la transparence la plus g\u00e9n\u00e9rale en vous procurant la visibilit\u00e9 de tout ce qui est publi\u00e9 sur ce sujet sur le web La chronique a \u00e9t\u00e9 g\u00e9n\u00e9r\u00e9e de la mani\u00e8re la plus honn\u00eate que possible. S\u2019il advenait que vous projetez d\u2019apporter quelques notes concernant le domaine de \u00ab\u00a0Festival Jazz et musique en mode guinguette\u00a0\u00bb vous avez la possibilit\u00e9 de d&rsquo;\u00e9changer avec notre r\u00e9daction. Dans peu de temps, on mettra en ligne d&rsquo;autres informations pertinentes autour du sujet \u00ab\u00a0Festival Jazz et musique en mode guinguette\u00a0\u00bb. Ainsi, consultez r\u00e9guli\u00e8rement notre site.<\/p>\n","protected":false},"excerpt":{"rendered":"<p>La compositrice, cheffe d\u2019orchestre et pianiste Marianne Trudel marque ses 20&nbsp;ans de carri\u00e8re dans le monde du jazz en lan\u00e7ant un triptyque d\u2019albums t\u00e9moignant de l\u2019\u00e9tendue de son registre. Piano (et harmonium&nbsp;!) solo sur \u00c0 pas de loup. Quiet sounds for a loud world, en duo avec le percussionniste John Hollenbeck sur D\u00e9d\u00e9 Java Espiritu,&hellip;<\/p>\n","protected":false},"author":1,"featured_media":492,"comment_status":"closed","ping_status":"closed","sticky":false,"template":"","format":"standard","meta":{"footnotes":""},"categories":[3],"tags":[],"class_list":["post-491","post","type-post","status-publish","format-standard","has-post-thumbnail","hentry","category-wiki-sur-festival-jazz-et-musique-en-mode-guinguette"],"yoast_head":"<!-- This site is optimized with the Yoast SEO plugin v27.5 - https:\/\/yoast.com\/product\/yoast-seo-wordpress\/ -->\n<title>Le tour du chapeau de Marianne Trudel - FESTIVOX<\/title>\n<meta name=\"robots\" content=\"index, follow, max-snippet:-1, max-image-preview:large, max-video-preview:-1\" \/>\n<link rel=\"canonical\" href=\"https:\/\/www.festivox.fr\/blog\/le-tour-du-chapeau-de-marianne-trudel\/\" \/>\n<meta property=\"og:locale\" content=\"fr_FR\" \/>\n<meta property=\"og:type\" content=\"article\" \/>\n<meta property=\"og:title\" content=\"Le tour du chapeau de Marianne Trudel - FESTIVOX\" \/>\n<meta property=\"og:description\" content=\"La compositrice, cheffe d\u2019orchestre et pianiste Marianne Trudel marque ses 20&nbsp;ans de carri\u00e8re dans le monde du jazz en lan\u00e7ant un triptyque d\u2019albums t\u00e9moignant de l\u2019\u00e9tendue de son registre. Piano (et harmonium&nbsp;!) solo sur \u00c0 pas de loup. Quiet sounds for a loud world, en duo avec le percussionniste John Hollenbeck sur D\u00e9d\u00e9 Java Espiritu,&hellip;\" \/>\n<meta property=\"og:url\" content=\"https:\/\/www.festivox.fr\/blog\/le-tour-du-chapeau-de-marianne-trudel\/\" \/>\n<meta property=\"og:site_name\" content=\"FESTIVOX\" \/>\n<meta property=\"article:published_time\" content=\"2023-10-19T17:38:00+00:00\" \/>\n<meta property=\"og:image\" content=\"https:\/\/www.festivox.fr\/blog\/wp-content\/uploads\/2023\/10\/le-tour-du-chapeau-de-marianne-trudel.jpg\" \/>\n<meta name=\"author\" content=\"Michele\" \/>\n<meta name=\"twitter:card\" content=\"summary_large_image\" \/>\n<meta name=\"twitter:label1\" content=\"\u00c9crit par\" \/>\n\t<meta name=\"twitter:data1\" content=\"Michele\" \/>\n\t<meta name=\"twitter:label2\" content=\"Dur\u00e9e de lecture estim\u00e9e\" \/>\n\t<meta name=\"twitter:data2\" content=\"5 minutes\" \/>\n<script type=\"application\/ld+json\" class=\"yoast-schema-graph\">{\"@context\":\"https:\\\/\\\/schema.org\",\"@graph\":[{\"@type\":\"Article\",\"@id\":\"https:\\\/\\\/www.festivox.fr\\\/blog\\\/le-tour-du-chapeau-de-marianne-trudel\\\/#article\",\"isPartOf\":{\"@id\":\"https:\\\/\\\/www.festivox.fr\\\/blog\\\/le-tour-du-chapeau-de-marianne-trudel\\\/\"},\"author\":{\"name\":\"Michele\",\"@id\":\"https:\\\/\\\/www.festivox.fr\\\/blog\\\/#\\\/schema\\\/person\\\/f36a8b6bc94800c3eafed4bca993ce95\"},\"headline\":\"Le tour du chapeau de Marianne Trudel\",\"datePublished\":\"2023-10-19T17:38:00+00:00\",\"mainEntityOfPage\":{\"@id\":\"https:\\\/\\\/www.festivox.fr\\\/blog\\\/le-tour-du-chapeau-de-marianne-trudel\\\/\"},\"wordCount\":920,\"publisher\":{\"@id\":\"https:\\\/\\\/www.festivox.fr\\\/blog\\\/#organization\"},\"image\":{\"@id\":\"https:\\\/\\\/www.festivox.fr\\\/blog\\\/le-tour-du-chapeau-de-marianne-trudel\\\/#primaryimage\"},\"thumbnailUrl\":\"https:\\\/\\\/www.festivox.fr\\\/blog\\\/wp-content\\\/uploads\\\/2023\\\/10\\\/le-tour-du-chapeau-de-marianne-trudel.jpg\",\"articleSection\":[\"Wiki Sur Festival Jazz Et Musique En Mode Guinguette:\"],\"inLanguage\":\"fr-FR\"},{\"@type\":\"WebPage\",\"@id\":\"https:\\\/\\\/www.festivox.fr\\\/blog\\\/le-tour-du-chapeau-de-marianne-trudel\\\/\",\"url\":\"https:\\\/\\\/www.festivox.fr\\\/blog\\\/le-tour-du-chapeau-de-marianne-trudel\\\/\",\"name\":\"Le tour du chapeau de Marianne Trudel - FESTIVOX\",\"isPartOf\":{\"@id\":\"https:\\\/\\\/www.festivox.fr\\\/blog\\\/#website\"},\"primaryImageOfPage\":{\"@id\":\"https:\\\/\\\/www.festivox.fr\\\/blog\\\/le-tour-du-chapeau-de-marianne-trudel\\\/#primaryimage\"},\"image\":{\"@id\":\"https:\\\/\\\/www.festivox.fr\\\/blog\\\/le-tour-du-chapeau-de-marianne-trudel\\\/#primaryimage\"},\"thumbnailUrl\":\"https:\\\/\\\/www.festivox.fr\\\/blog\\\/wp-content\\\/uploads\\\/2023\\\/10\\\/le-tour-du-chapeau-de-marianne-trudel.jpg\",\"datePublished\":\"2023-10-19T17:38:00+00:00\",\"breadcrumb\":{\"@id\":\"https:\\\/\\\/www.festivox.fr\\\/blog\\\/le-tour-du-chapeau-de-marianne-trudel\\\/#breadcrumb\"},\"inLanguage\":\"fr-FR\",\"potentialAction\":[{\"@type\":\"ReadAction\",\"target\":[\"https:\\\/\\\/www.festivox.fr\\\/blog\\\/le-tour-du-chapeau-de-marianne-trudel\\\/\"]}]},{\"@type\":\"ImageObject\",\"inLanguage\":\"fr-FR\",\"@id\":\"https:\\\/\\\/www.festivox.fr\\\/blog\\\/le-tour-du-chapeau-de-marianne-trudel\\\/#primaryimage\",\"url\":\"https:\\\/\\\/www.festivox.fr\\\/blog\\\/wp-content\\\/uploads\\\/2023\\\/10\\\/le-tour-du-chapeau-de-marianne-trudel.jpg\",\"contentUrl\":\"https:\\\/\\\/www.festivox.fr\\\/blog\\\/wp-content\\\/uploads\\\/2023\\\/10\\\/le-tour-du-chapeau-de-marianne-trudel.jpg\",\"width\":1656,\"height\":1060},{\"@type\":\"BreadcrumbList\",\"@id\":\"https:\\\/\\\/www.festivox.fr\\\/blog\\\/le-tour-du-chapeau-de-marianne-trudel\\\/#breadcrumb\",\"itemListElement\":[{\"@type\":\"ListItem\",\"position\":1,\"name\":\"Accueil\",\"item\":\"https:\\\/\\\/www.festivox.fr\\\/blog\\\/\"},{\"@type\":\"ListItem\",\"position\":2,\"name\":\"Le tour du chapeau de Marianne Trudel\"}]},{\"@type\":\"WebSite\",\"@id\":\"https:\\\/\\\/www.festivox.fr\\\/blog\\\/#website\",\"url\":\"https:\\\/\\\/www.festivox.fr\\\/blog\\\/\",\"name\":\"FESTIVOX\",\"description\":\"Festival en mode guinguette.\",\"publisher\":{\"@id\":\"https:\\\/\\\/www.festivox.fr\\\/blog\\\/#organization\"},\"potentialAction\":[{\"@type\":\"SearchAction\",\"target\":{\"@type\":\"EntryPoint\",\"urlTemplate\":\"https:\\\/\\\/www.festivox.fr\\\/blog\\\/?s={search_term_string}\"},\"query-input\":{\"@type\":\"PropertyValueSpecification\",\"valueRequired\":true,\"valueName\":\"search_term_string\"}}],\"inLanguage\":\"fr-FR\"},{\"@type\":\"Organization\",\"@id\":\"https:\\\/\\\/www.festivox.fr\\\/blog\\\/#organization\",\"name\":\"festivox\",\"url\":\"https:\\\/\\\/www.festivox.fr\\\/blog\\\/\",\"logo\":{\"@type\":\"ImageObject\",\"inLanguage\":\"fr-FR\",\"@id\":\"https:\\\/\\\/www.festivox.fr\\\/blog\\\/#\\\/schema\\\/logo\\\/image\\\/\",\"url\":\"https:\\\/\\\/www.festivox.fr\\\/blog\\\/wp-content\\\/uploads\\\/2023\\\/06\\\/logo-2.png\",\"contentUrl\":\"https:\\\/\\\/www.festivox.fr\\\/blog\\\/wp-content\\\/uploads\\\/2023\\\/06\\\/logo-2.png\",\"width\":480,\"height\":160,\"caption\":\"festivox\"},\"image\":{\"@id\":\"https:\\\/\\\/www.festivox.fr\\\/blog\\\/#\\\/schema\\\/logo\\\/image\\\/\"}},{\"@type\":\"Person\",\"@id\":\"https:\\\/\\\/www.festivox.fr\\\/blog\\\/#\\\/schema\\\/person\\\/f36a8b6bc94800c3eafed4bca993ce95\",\"name\":\"Michele\",\"image\":{\"@type\":\"ImageObject\",\"inLanguage\":\"fr-FR\",\"@id\":\"https:\\\/\\\/secure.gravatar.com\\\/avatar\\\/b062046536b5d47ec9075956ec349ef95ed06b0f910c578f74abb318668b702e?s=96&d=mm&r=g\",\"url\":\"https:\\\/\\\/secure.gravatar.com\\\/avatar\\\/b062046536b5d47ec9075956ec349ef95ed06b0f910c578f74abb318668b702e?s=96&d=mm&r=g\",\"contentUrl\":\"https:\\\/\\\/secure.gravatar.com\\\/avatar\\\/b062046536b5d47ec9075956ec349ef95ed06b0f910c578f74abb318668b702e?s=96&d=mm&r=g\",\"caption\":\"Michele\"},\"sameAs\":[\"https:\\\/\\\/www.festivox.fr\\\/blog\"],\"url\":\"https:\\\/\\\/www.festivox.fr\\\/blog\\\/author\\\/voxadmin\\\/\"}]}<\/script>\n<!-- \/ Yoast SEO plugin. -->","yoast_head_json":{"title":"Le tour du chapeau de Marianne Trudel - FESTIVOX","robots":{"index":"index","follow":"follow","max-snippet":"max-snippet:-1","max-image-preview":"max-image-preview:large","max-video-preview":"max-video-preview:-1"},"canonical":"https:\/\/www.festivox.fr\/blog\/le-tour-du-chapeau-de-marianne-trudel\/","og_locale":"fr_FR","og_type":"article","og_title":"Le tour du chapeau de Marianne Trudel - FESTIVOX","og_description":"La compositrice, cheffe d\u2019orchestre et pianiste Marianne Trudel marque ses 20&nbsp;ans de carri\u00e8re dans le monde du jazz en lan\u00e7ant un triptyque d\u2019albums t\u00e9moignant de l\u2019\u00e9tendue de son registre. Piano (et harmonium&nbsp;!) solo sur \u00c0 pas de loup. Quiet sounds for a loud world, en duo avec le percussionniste John Hollenbeck sur D\u00e9d\u00e9 Java Espiritu,&hellip;","og_url":"https:\/\/www.festivox.fr\/blog\/le-tour-du-chapeau-de-marianne-trudel\/","og_site_name":"FESTIVOX","article_published_time":"2023-10-19T17:38:00+00:00","og_image":[{"url":"https:\/\/www.festivox.fr\/blog\/wp-content\/uploads\/2023\/10\/le-tour-du-chapeau-de-marianne-trudel.jpg","type":"","width":"","height":""}],"author":"Michele","twitter_card":"summary_large_image","twitter_misc":{"\u00c9crit par":"Michele","Dur\u00e9e de lecture estim\u00e9e":"5 minutes"},"schema":{"@context":"https:\/\/schema.org","@graph":[{"@type":"Article","@id":"https:\/\/www.festivox.fr\/blog\/le-tour-du-chapeau-de-marianne-trudel\/#article","isPartOf":{"@id":"https:\/\/www.festivox.fr\/blog\/le-tour-du-chapeau-de-marianne-trudel\/"},"author":{"name":"Michele","@id":"https:\/\/www.festivox.fr\/blog\/#\/schema\/person\/f36a8b6bc94800c3eafed4bca993ce95"},"headline":"Le tour du chapeau de Marianne Trudel","datePublished":"2023-10-19T17:38:00+00:00","mainEntityOfPage":{"@id":"https:\/\/www.festivox.fr\/blog\/le-tour-du-chapeau-de-marianne-trudel\/"},"wordCount":920,"publisher":{"@id":"https:\/\/www.festivox.fr\/blog\/#organization"},"image":{"@id":"https:\/\/www.festivox.fr\/blog\/le-tour-du-chapeau-de-marianne-trudel\/#primaryimage"},"thumbnailUrl":"https:\/\/www.festivox.fr\/blog\/wp-content\/uploads\/2023\/10\/le-tour-du-chapeau-de-marianne-trudel.jpg","articleSection":["Wiki Sur Festival Jazz Et Musique En Mode Guinguette:"],"inLanguage":"fr-FR"},{"@type":"WebPage","@id":"https:\/\/www.festivox.fr\/blog\/le-tour-du-chapeau-de-marianne-trudel\/","url":"https:\/\/www.festivox.fr\/blog\/le-tour-du-chapeau-de-marianne-trudel\/","name":"Le tour du chapeau de Marianne Trudel - FESTIVOX","isPartOf":{"@id":"https:\/\/www.festivox.fr\/blog\/#website"},"primaryImageOfPage":{"@id":"https:\/\/www.festivox.fr\/blog\/le-tour-du-chapeau-de-marianne-trudel\/#primaryimage"},"image":{"@id":"https:\/\/www.festivox.fr\/blog\/le-tour-du-chapeau-de-marianne-trudel\/#primaryimage"},"thumbnailUrl":"https:\/\/www.festivox.fr\/blog\/wp-content\/uploads\/2023\/10\/le-tour-du-chapeau-de-marianne-trudel.jpg","datePublished":"2023-10-19T17:38:00+00:00","breadcrumb":{"@id":"https:\/\/www.festivox.fr\/blog\/le-tour-du-chapeau-de-marianne-trudel\/#breadcrumb"},"inLanguage":"fr-FR","potentialAction":[{"@type":"ReadAction","target":["https:\/\/www.festivox.fr\/blog\/le-tour-du-chapeau-de-marianne-trudel\/"]}]},{"@type":"ImageObject","inLanguage":"fr-FR","@id":"https:\/\/www.festivox.fr\/blog\/le-tour-du-chapeau-de-marianne-trudel\/#primaryimage","url":"https:\/\/www.festivox.fr\/blog\/wp-content\/uploads\/2023\/10\/le-tour-du-chapeau-de-marianne-trudel.jpg","contentUrl":"https:\/\/www.festivox.fr\/blog\/wp-content\/uploads\/2023\/10\/le-tour-du-chapeau-de-marianne-trudel.jpg","width":1656,"height":1060},{"@type":"BreadcrumbList","@id":"https:\/\/www.festivox.fr\/blog\/le-tour-du-chapeau-de-marianne-trudel\/#breadcrumb","itemListElement":[{"@type":"ListItem","position":1,"name":"Accueil","item":"https:\/\/www.festivox.fr\/blog\/"},{"@type":"ListItem","position":2,"name":"Le tour du chapeau de Marianne Trudel"}]},{"@type":"WebSite","@id":"https:\/\/www.festivox.fr\/blog\/#website","url":"https:\/\/www.festivox.fr\/blog\/","name":"FESTIVOX","description":"Festival en mode guinguette.","publisher":{"@id":"https:\/\/www.festivox.fr\/blog\/#organization"},"potentialAction":[{"@type":"SearchAction","target":{"@type":"EntryPoint","urlTemplate":"https:\/\/www.festivox.fr\/blog\/?s={search_term_string}"},"query-input":{"@type":"PropertyValueSpecification","valueRequired":true,"valueName":"search_term_string"}}],"inLanguage":"fr-FR"},{"@type":"Organization","@id":"https:\/\/www.festivox.fr\/blog\/#organization","name":"festivox","url":"https:\/\/www.festivox.fr\/blog\/","logo":{"@type":"ImageObject","inLanguage":"fr-FR","@id":"https:\/\/www.festivox.fr\/blog\/#\/schema\/logo\/image\/","url":"https:\/\/www.festivox.fr\/blog\/wp-content\/uploads\/2023\/06\/logo-2.png","contentUrl":"https:\/\/www.festivox.fr\/blog\/wp-content\/uploads\/2023\/06\/logo-2.png","width":480,"height":160,"caption":"festivox"},"image":{"@id":"https:\/\/www.festivox.fr\/blog\/#\/schema\/logo\/image\/"}},{"@type":"Person","@id":"https:\/\/www.festivox.fr\/blog\/#\/schema\/person\/f36a8b6bc94800c3eafed4bca993ce95","name":"Michele","image":{"@type":"ImageObject","inLanguage":"fr-FR","@id":"https:\/\/secure.gravatar.com\/avatar\/b062046536b5d47ec9075956ec349ef95ed06b0f910c578f74abb318668b702e?s=96&d=mm&r=g","url":"https:\/\/secure.gravatar.com\/avatar\/b062046536b5d47ec9075956ec349ef95ed06b0f910c578f74abb318668b702e?s=96&d=mm&r=g","contentUrl":"https:\/\/secure.gravatar.com\/avatar\/b062046536b5d47ec9075956ec349ef95ed06b0f910c578f74abb318668b702e?s=96&d=mm&r=g","caption":"Michele"},"sameAs":["https:\/\/www.festivox.fr\/blog"],"url":"https:\/\/www.festivox.fr\/blog\/author\/voxadmin\/"}]}},"_links":{"self":[{"href":"https:\/\/www.festivox.fr\/blog\/wp-json\/wp\/v2\/posts\/491","targetHints":{"allow":["GET"]}}],"collection":[{"href":"https:\/\/www.festivox.fr\/blog\/wp-json\/wp\/v2\/posts"}],"about":[{"href":"https:\/\/www.festivox.fr\/blog\/wp-json\/wp\/v2\/types\/post"}],"author":[{"embeddable":true,"href":"https:\/\/www.festivox.fr\/blog\/wp-json\/wp\/v2\/users\/1"}],"replies":[{"embeddable":true,"href":"https:\/\/www.festivox.fr\/blog\/wp-json\/wp\/v2\/comments?post=491"}],"version-history":[{"count":0,"href":"https:\/\/www.festivox.fr\/blog\/wp-json\/wp\/v2\/posts\/491\/revisions"}],"wp:featuredmedia":[{"embeddable":true,"href":"https:\/\/www.festivox.fr\/blog\/wp-json\/wp\/v2\/media\/492"}],"wp:attachment":[{"href":"https:\/\/www.festivox.fr\/blog\/wp-json\/wp\/v2\/media?parent=491"}],"wp:term":[{"taxonomy":"category","embeddable":true,"href":"https:\/\/www.festivox.fr\/blog\/wp-json\/wp\/v2\/categories?post=491"},{"taxonomy":"post_tag","embeddable":true,"href":"https:\/\/www.festivox.fr\/blog\/wp-json\/wp\/v2\/tags?post=491"}],"curies":[{"name":"wp","href":"https:\/\/api.w.org\/{rel}","templated":true}]}}