{"id":489,"date":"2023-10-11T01:05:00","date_gmt":"2023-10-10T23:05:00","guid":{"rendered":"https:\/\/www.festivox.fr\/blog\/encore-une-riche-saison-de-jazz\/"},"modified":"2023-10-11T01:05:00","modified_gmt":"2023-10-10T23:05:00","slug":"encore-une-riche-saison-de-jazz","status":"publish","type":"post","link":"https:\/\/www.festivox.fr\/blog\/encore-une-riche-saison-de-jazz\/","title":{"rendered":"Encore une riche saison de jazz"},"content":{"rendered":"\n<div><img decoding=\"async\" src=\"https:\/\/www.festivox.fr\/blog\/wp-content\/uploads\/2023\/10\/encore-une-riche-saison-de-jazz.jpg\" class=\"ff-og-image-inserted\"><\/div>\n<p>Petit \u00e0 petit, d\u2019ann\u00e9e en ann\u00e9e, l\u2019\u00e9vidence est bien l\u00e0 : ce qu\u2019offre Jazz MDA aux amateurs de notes bleues gagne en qualit\u00e9, avec nich\u00e9 dans la programmation soigneusement \u00e9labor\u00e9e par Jean-Michel Thinot et son \u00e9quipe, un savant dosage de talents d\u2019ici et de pointures d\u2019ailleurs. Une dizaine de dates habillent ainsi la saison de Jazz MDA, la premi\u00e8re demain soir, avec sur la sc\u00e8ne la pr\u00e9sence du Lioness Shape Trio. Un \u00e9tonnant ensemble, s\u2019appuyant sur la voix cristalline et p\u00e9n\u00e9trante de Manon Chevalier, autrice compositrice de textes, en anglais, en fran\u00e7ais, en espagnol, magnifiant le destin des femmes, glorifiant l\u2019amour et l\u2019amiti\u00e9. On se laisse emporter par les envol\u00e9es assez magn\u00e9tiques il faut bien l\u2019avouer de ce combo puissant, servi par des arrangements indies. Leur dernier titre, \u00ab\u00a0Euphoria\u00a0\u00bb, douce exploration onirique que n\u2019aurait pas reni\u00e9e Bj\u00f6rk, laisse pr\u00e9sager d\u2019une savoureuse atmosph\u00e8re qui enveloppera la sc\u00e8ne tarbaise, gr\u00e2ce \u00e0 ce trio habituellement f\u00e9minin, reconfigur\u00e9 pour l\u2019occasion avec Pierre Pollet \u00e0 la batterie et Maya Cros aux claviers et Fender Rhodes.<\/p>\n<p><!-- Pub DFP Position [outstream] --> <\/p>\n<h2 class=\"txt-int\">Une dizaine de dates<\/h2>\n<p>Pour le reste de la saison, si on a not\u00e9 le retour \u00e0 Tarbes du fid\u00e8le tromboniste Zimmermann en duo avec le saxophoniste Eric S\u00e9va dont on conna\u00eet les nombreuses collaborations avec des artistes de vari\u00e9t\u00e9, on se laissera s\u00e9duire par le set du guitariste d\u2019origine vietnamienne Nguy\u00ean L\u00ea, l\u2019invitation lanc\u00e9e aux Montpelli\u00e9rains du Naima Quartet r\u00e9uni autour de la voix et des lignes de basse affirm\u00e9es de Na\u00efma Girou, un tribute \u00e0 la couleur tr\u00e8s locale (Pierre Dayraud, Jean-Michel Thinot, Matthieu Samani notamment) \u00e0 Charles Mingus, une belle promesse avec le concerto du pianiste Yonathan Avishai ou encore aux explorations du Grassen Barbe trio. Autant de propositions dont il faudra bien reparler en temps voulu.<\/p>\n<p><!-- Pub DFP Position [article] --> <\/p>\n<p><b>Le programme complet.<\/b><\/p>\n<p>Lioness Shape, jeudi 12 octobre, \u00e0 20h30, au Petit Th\u00e9\u00e2tre Maurice-Sarrasin ; Interplay trio, samedi 4 novembre, \u00e0 20h30, \u00e0 l\u2019Ensemble Instrumental de Tarbes ; Tribute Mingus, le dimanche 26 novembre, \u00e0 17h30, au Petit Th\u00e9\u00e2tre Maurice-Sarrasin ; Na\u00efma 4tet, jeudi 7 d\u00e9cembre, \u00e0 20h30, au Petit Th\u00e9\u00e2tre Maurice-Sarrasin ; Nguy\u00ean L\u00ea, samedi 20 janvier, \u00e0 l\u2019EIT ; S\u00e9va\/Zimmermann, jeudi 8 f\u00e9vrier, \u00e0 20h30, au Petit Th\u00e9\u00e2tre Maurice-Sarrasin ; Yonathan Avishai, vendredi 1er mars, \u00e0 20h30, \u00e0 l\u2019EIT ; Canto 4tet, jeudi 4 avril, \u00e0 20h30, au Petit Th\u00e9\u00e2tre Maurice-Sarrasin ; Grassen Barbe Trio, jeudi 16 mai, \u00e0 20h30, \u00e0 l\u2019EIT ; Biso, samedi 25 mai, \u00e0 20h30, \u00e0 l\u2019EIT.<\/p>\n<p>Tarifs : Normal : 15 \u20ac \u2013 Adh\u00e9rent : 12 \u20ac \u2013 R\u00e9duit : 5 \u20ac (Salle de l\u2019ensemble instrumental, 1 rue Tristan Der\u00eame, \u00e0 Tarbes).<\/p>\n<p>Tarifs : Normal : 20 \u20ac \u2013 Adh\u00e9rent : 15 \u20ac \u2013 R\u00e9duit : 5 \u20ac (Petit th\u00e9\u00e2tre Maurice Sarrazin \u2013 MDA, quai de l\u2019Adour, \u00e0 Tarbes).<\/p>\n<p>Abonnement (adh\u00e9sion comprise) : 3 concerts : 50 \u20ac \/ saison : 130 \u20ac.<\/p>\n<p> Cet article, qui traite du th\u00e8me \u00ab\u00a0Festival Jazz et musique en mode guinguette\u00a0\u00bb, vous est d\u00e9lib\u00e9r\u00e9ment offert par festivox.fr. La raison d\u2019\u00eatre de festivox.fr est de parler de Festival Jazz et musique en mode guinguette dans la transparence la plus g\u00e9n\u00e9rale en vous procurant la visibilit\u00e9 de tout ce qui est publi\u00e9 sur ce sujet sur le web La chronique a \u00e9t\u00e9 g\u00e9n\u00e9r\u00e9e de la mani\u00e8re la plus honn\u00eate que possible. S\u2019il advenait que vous projetez d\u2019apporter quelques notes concernant le domaine de \u00ab\u00a0Festival Jazz et musique en mode guinguette\u00a0\u00bb vous avez la possibilit\u00e9 de d&rsquo;\u00e9changer avec notre r\u00e9daction. Dans peu de temps, on mettra en ligne d&rsquo;autres informations pertinentes autour du sujet \u00ab\u00a0Festival Jazz et musique en mode guinguette\u00a0\u00bb. Ainsi, consultez r\u00e9guli\u00e8rement notre site.<\/p>\n","protected":false},"excerpt":{"rendered":"<p>Petit \u00e0 petit, d\u2019ann\u00e9e en ann\u00e9e, l\u2019\u00e9vidence est bien l\u00e0 : ce qu\u2019offre Jazz MDA aux amateurs de notes bleues gagne en qualit\u00e9, avec nich\u00e9 dans la programmation soigneusement \u00e9labor\u00e9e par Jean-Michel Thinot et son \u00e9quipe, un savant dosage de talents d\u2019ici et de pointures d\u2019ailleurs. Une dizaine de dates habillent ainsi la saison de&hellip;<\/p>\n","protected":false},"author":1,"featured_media":490,"comment_status":"closed","ping_status":"closed","sticky":false,"template":"","format":"standard","meta":{"footnotes":""},"categories":[3],"tags":[],"class_list":["post-489","post","type-post","status-publish","format-standard","has-post-thumbnail","hentry","category-wiki-sur-festival-jazz-et-musique-en-mode-guinguette"],"yoast_head":"<!-- This site is optimized with the Yoast SEO plugin v27.5 - https:\/\/yoast.com\/product\/yoast-seo-wordpress\/ -->\n<title>Encore une riche saison de jazz - FESTIVOX<\/title>\n<meta name=\"robots\" content=\"index, follow, max-snippet:-1, max-image-preview:large, max-video-preview:-1\" \/>\n<link rel=\"canonical\" href=\"https:\/\/www.festivox.fr\/blog\/encore-une-riche-saison-de-jazz\/\" \/>\n<meta property=\"og:locale\" content=\"fr_FR\" \/>\n<meta property=\"og:type\" content=\"article\" \/>\n<meta property=\"og:title\" content=\"Encore une riche saison de jazz - FESTIVOX\" \/>\n<meta property=\"og:description\" content=\"Petit \u00e0 petit, d\u2019ann\u00e9e en ann\u00e9e, l\u2019\u00e9vidence est bien l\u00e0 : ce qu\u2019offre Jazz MDA aux amateurs de notes bleues gagne en qualit\u00e9, avec nich\u00e9 dans la programmation soigneusement \u00e9labor\u00e9e par Jean-Michel Thinot et son \u00e9quipe, un savant dosage de talents d\u2019ici et de pointures d\u2019ailleurs. Une dizaine de dates habillent ainsi la saison de&hellip;\" \/>\n<meta property=\"og:url\" content=\"https:\/\/www.festivox.fr\/blog\/encore-une-riche-saison-de-jazz\/\" \/>\n<meta property=\"og:site_name\" content=\"FESTIVOX\" \/>\n<meta property=\"article:published_time\" content=\"2023-10-10T23:05:00+00:00\" \/>\n<meta property=\"og:image\" content=\"https:\/\/www.festivox.fr\/blog\/wp-content\/uploads\/2023\/10\/encore-une-riche-saison-de-jazz.jpg\" \/>\n<meta name=\"author\" content=\"Michele\" \/>\n<meta name=\"twitter:card\" content=\"summary_large_image\" \/>\n<meta name=\"twitter:label1\" content=\"\u00c9crit par\" \/>\n\t<meta name=\"twitter:data1\" content=\"Michele\" \/>\n\t<meta name=\"twitter:label2\" content=\"Dur\u00e9e de lecture estim\u00e9e\" \/>\n\t<meta name=\"twitter:data2\" content=\"3 minutes\" \/>\n<script type=\"application\/ld+json\" class=\"yoast-schema-graph\">{\"@context\":\"https:\\\/\\\/schema.org\",\"@graph\":[{\"@type\":\"Article\",\"@id\":\"https:\\\/\\\/www.festivox.fr\\\/blog\\\/encore-une-riche-saison-de-jazz\\\/#article\",\"isPartOf\":{\"@id\":\"https:\\\/\\\/www.festivox.fr\\\/blog\\\/encore-une-riche-saison-de-jazz\\\/\"},\"author\":{\"name\":\"Michele\",\"@id\":\"https:\\\/\\\/www.festivox.fr\\\/blog\\\/#\\\/schema\\\/person\\\/f36a8b6bc94800c3eafed4bca993ce95\"},\"headline\":\"Encore une riche saison de jazz\",\"datePublished\":\"2023-10-10T23:05:00+00:00\",\"mainEntityOfPage\":{\"@id\":\"https:\\\/\\\/www.festivox.fr\\\/blog\\\/encore-une-riche-saison-de-jazz\\\/\"},\"wordCount\":614,\"publisher\":{\"@id\":\"https:\\\/\\\/www.festivox.fr\\\/blog\\\/#organization\"},\"image\":{\"@id\":\"https:\\\/\\\/www.festivox.fr\\\/blog\\\/encore-une-riche-saison-de-jazz\\\/#primaryimage\"},\"thumbnailUrl\":\"https:\\\/\\\/www.festivox.fr\\\/blog\\\/wp-content\\\/uploads\\\/2023\\\/10\\\/encore-une-riche-saison-de-jazz.jpg\",\"articleSection\":[\"Wiki Sur Festival Jazz Et Musique En Mode Guinguette:\"],\"inLanguage\":\"fr-FR\"},{\"@type\":\"WebPage\",\"@id\":\"https:\\\/\\\/www.festivox.fr\\\/blog\\\/encore-une-riche-saison-de-jazz\\\/\",\"url\":\"https:\\\/\\\/www.festivox.fr\\\/blog\\\/encore-une-riche-saison-de-jazz\\\/\",\"name\":\"Encore une riche saison de jazz - FESTIVOX\",\"isPartOf\":{\"@id\":\"https:\\\/\\\/www.festivox.fr\\\/blog\\\/#website\"},\"primaryImageOfPage\":{\"@id\":\"https:\\\/\\\/www.festivox.fr\\\/blog\\\/encore-une-riche-saison-de-jazz\\\/#primaryimage\"},\"image\":{\"@id\":\"https:\\\/\\\/www.festivox.fr\\\/blog\\\/encore-une-riche-saison-de-jazz\\\/#primaryimage\"},\"thumbnailUrl\":\"https:\\\/\\\/www.festivox.fr\\\/blog\\\/wp-content\\\/uploads\\\/2023\\\/10\\\/encore-une-riche-saison-de-jazz.jpg\",\"datePublished\":\"2023-10-10T23:05:00+00:00\",\"breadcrumb\":{\"@id\":\"https:\\\/\\\/www.festivox.fr\\\/blog\\\/encore-une-riche-saison-de-jazz\\\/#breadcrumb\"},\"inLanguage\":\"fr-FR\",\"potentialAction\":[{\"@type\":\"ReadAction\",\"target\":[\"https:\\\/\\\/www.festivox.fr\\\/blog\\\/encore-une-riche-saison-de-jazz\\\/\"]}]},{\"@type\":\"ImageObject\",\"inLanguage\":\"fr-FR\",\"@id\":\"https:\\\/\\\/www.festivox.fr\\\/blog\\\/encore-une-riche-saison-de-jazz\\\/#primaryimage\",\"url\":\"https:\\\/\\\/www.festivox.fr\\\/blog\\\/wp-content\\\/uploads\\\/2023\\\/10\\\/encore-une-riche-saison-de-jazz.jpg\",\"contentUrl\":\"https:\\\/\\\/www.festivox.fr\\\/blog\\\/wp-content\\\/uploads\\\/2023\\\/10\\\/encore-une-riche-saison-de-jazz.jpg\",\"width\":885,\"height\":500},{\"@type\":\"BreadcrumbList\",\"@id\":\"https:\\\/\\\/www.festivox.fr\\\/blog\\\/encore-une-riche-saison-de-jazz\\\/#breadcrumb\",\"itemListElement\":[{\"@type\":\"ListItem\",\"position\":1,\"name\":\"Accueil\",\"item\":\"https:\\\/\\\/www.festivox.fr\\\/blog\\\/\"},{\"@type\":\"ListItem\",\"position\":2,\"name\":\"Encore une riche saison de jazz\"}]},{\"@type\":\"WebSite\",\"@id\":\"https:\\\/\\\/www.festivox.fr\\\/blog\\\/#website\",\"url\":\"https:\\\/\\\/www.festivox.fr\\\/blog\\\/\",\"name\":\"FESTIVOX\",\"description\":\"Festival en mode guinguette.\",\"publisher\":{\"@id\":\"https:\\\/\\\/www.festivox.fr\\\/blog\\\/#organization\"},\"potentialAction\":[{\"@type\":\"SearchAction\",\"target\":{\"@type\":\"EntryPoint\",\"urlTemplate\":\"https:\\\/\\\/www.festivox.fr\\\/blog\\\/?s={search_term_string}\"},\"query-input\":{\"@type\":\"PropertyValueSpecification\",\"valueRequired\":true,\"valueName\":\"search_term_string\"}}],\"inLanguage\":\"fr-FR\"},{\"@type\":\"Organization\",\"@id\":\"https:\\\/\\\/www.festivox.fr\\\/blog\\\/#organization\",\"name\":\"festivox\",\"url\":\"https:\\\/\\\/www.festivox.fr\\\/blog\\\/\",\"logo\":{\"@type\":\"ImageObject\",\"inLanguage\":\"fr-FR\",\"@id\":\"https:\\\/\\\/www.festivox.fr\\\/blog\\\/#\\\/schema\\\/logo\\\/image\\\/\",\"url\":\"https:\\\/\\\/www.festivox.fr\\\/blog\\\/wp-content\\\/uploads\\\/2023\\\/06\\\/logo-2.png\",\"contentUrl\":\"https:\\\/\\\/www.festivox.fr\\\/blog\\\/wp-content\\\/uploads\\\/2023\\\/06\\\/logo-2.png\",\"width\":480,\"height\":160,\"caption\":\"festivox\"},\"image\":{\"@id\":\"https:\\\/\\\/www.festivox.fr\\\/blog\\\/#\\\/schema\\\/logo\\\/image\\\/\"}},{\"@type\":\"Person\",\"@id\":\"https:\\\/\\\/www.festivox.fr\\\/blog\\\/#\\\/schema\\\/person\\\/f36a8b6bc94800c3eafed4bca993ce95\",\"name\":\"Michele\",\"image\":{\"@type\":\"ImageObject\",\"inLanguage\":\"fr-FR\",\"@id\":\"https:\\\/\\\/secure.gravatar.com\\\/avatar\\\/b062046536b5d47ec9075956ec349ef95ed06b0f910c578f74abb318668b702e?s=96&d=mm&r=g\",\"url\":\"https:\\\/\\\/secure.gravatar.com\\\/avatar\\\/b062046536b5d47ec9075956ec349ef95ed06b0f910c578f74abb318668b702e?s=96&d=mm&r=g\",\"contentUrl\":\"https:\\\/\\\/secure.gravatar.com\\\/avatar\\\/b062046536b5d47ec9075956ec349ef95ed06b0f910c578f74abb318668b702e?s=96&d=mm&r=g\",\"caption\":\"Michele\"},\"sameAs\":[\"https:\\\/\\\/www.festivox.fr\\\/blog\"],\"url\":\"https:\\\/\\\/www.festivox.fr\\\/blog\\\/author\\\/voxadmin\\\/\"}]}<\/script>\n<!-- \/ Yoast SEO plugin. -->","yoast_head_json":{"title":"Encore une riche saison de jazz - FESTIVOX","robots":{"index":"index","follow":"follow","max-snippet":"max-snippet:-1","max-image-preview":"max-image-preview:large","max-video-preview":"max-video-preview:-1"},"canonical":"https:\/\/www.festivox.fr\/blog\/encore-une-riche-saison-de-jazz\/","og_locale":"fr_FR","og_type":"article","og_title":"Encore une riche saison de jazz - FESTIVOX","og_description":"Petit \u00e0 petit, d\u2019ann\u00e9e en ann\u00e9e, l\u2019\u00e9vidence est bien l\u00e0 : ce qu\u2019offre Jazz MDA aux amateurs de notes bleues gagne en qualit\u00e9, avec nich\u00e9 dans la programmation soigneusement \u00e9labor\u00e9e par Jean-Michel Thinot et son \u00e9quipe, un savant dosage de talents d\u2019ici et de pointures d\u2019ailleurs. Une dizaine de dates habillent ainsi la saison de&hellip;","og_url":"https:\/\/www.festivox.fr\/blog\/encore-une-riche-saison-de-jazz\/","og_site_name":"FESTIVOX","article_published_time":"2023-10-10T23:05:00+00:00","og_image":[{"url":"https:\/\/www.festivox.fr\/blog\/wp-content\/uploads\/2023\/10\/encore-une-riche-saison-de-jazz.jpg","type":"","width":"","height":""}],"author":"Michele","twitter_card":"summary_large_image","twitter_misc":{"\u00c9crit par":"Michele","Dur\u00e9e de lecture estim\u00e9e":"3 minutes"},"schema":{"@context":"https:\/\/schema.org","@graph":[{"@type":"Article","@id":"https:\/\/www.festivox.fr\/blog\/encore-une-riche-saison-de-jazz\/#article","isPartOf":{"@id":"https:\/\/www.festivox.fr\/blog\/encore-une-riche-saison-de-jazz\/"},"author":{"name":"Michele","@id":"https:\/\/www.festivox.fr\/blog\/#\/schema\/person\/f36a8b6bc94800c3eafed4bca993ce95"},"headline":"Encore une riche saison de jazz","datePublished":"2023-10-10T23:05:00+00:00","mainEntityOfPage":{"@id":"https:\/\/www.festivox.fr\/blog\/encore-une-riche-saison-de-jazz\/"},"wordCount":614,"publisher":{"@id":"https:\/\/www.festivox.fr\/blog\/#organization"},"image":{"@id":"https:\/\/www.festivox.fr\/blog\/encore-une-riche-saison-de-jazz\/#primaryimage"},"thumbnailUrl":"https:\/\/www.festivox.fr\/blog\/wp-content\/uploads\/2023\/10\/encore-une-riche-saison-de-jazz.jpg","articleSection":["Wiki Sur Festival Jazz Et Musique En Mode Guinguette:"],"inLanguage":"fr-FR"},{"@type":"WebPage","@id":"https:\/\/www.festivox.fr\/blog\/encore-une-riche-saison-de-jazz\/","url":"https:\/\/www.festivox.fr\/blog\/encore-une-riche-saison-de-jazz\/","name":"Encore une riche saison de jazz - FESTIVOX","isPartOf":{"@id":"https:\/\/www.festivox.fr\/blog\/#website"},"primaryImageOfPage":{"@id":"https:\/\/www.festivox.fr\/blog\/encore-une-riche-saison-de-jazz\/#primaryimage"},"image":{"@id":"https:\/\/www.festivox.fr\/blog\/encore-une-riche-saison-de-jazz\/#primaryimage"},"thumbnailUrl":"https:\/\/www.festivox.fr\/blog\/wp-content\/uploads\/2023\/10\/encore-une-riche-saison-de-jazz.jpg","datePublished":"2023-10-10T23:05:00+00:00","breadcrumb":{"@id":"https:\/\/www.festivox.fr\/blog\/encore-une-riche-saison-de-jazz\/#breadcrumb"},"inLanguage":"fr-FR","potentialAction":[{"@type":"ReadAction","target":["https:\/\/www.festivox.fr\/blog\/encore-une-riche-saison-de-jazz\/"]}]},{"@type":"ImageObject","inLanguage":"fr-FR","@id":"https:\/\/www.festivox.fr\/blog\/encore-une-riche-saison-de-jazz\/#primaryimage","url":"https:\/\/www.festivox.fr\/blog\/wp-content\/uploads\/2023\/10\/encore-une-riche-saison-de-jazz.jpg","contentUrl":"https:\/\/www.festivox.fr\/blog\/wp-content\/uploads\/2023\/10\/encore-une-riche-saison-de-jazz.jpg","width":885,"height":500},{"@type":"BreadcrumbList","@id":"https:\/\/www.festivox.fr\/blog\/encore-une-riche-saison-de-jazz\/#breadcrumb","itemListElement":[{"@type":"ListItem","position":1,"name":"Accueil","item":"https:\/\/www.festivox.fr\/blog\/"},{"@type":"ListItem","position":2,"name":"Encore une riche saison de jazz"}]},{"@type":"WebSite","@id":"https:\/\/www.festivox.fr\/blog\/#website","url":"https:\/\/www.festivox.fr\/blog\/","name":"FESTIVOX","description":"Festival en mode guinguette.","publisher":{"@id":"https:\/\/www.festivox.fr\/blog\/#organization"},"potentialAction":[{"@type":"SearchAction","target":{"@type":"EntryPoint","urlTemplate":"https:\/\/www.festivox.fr\/blog\/?s={search_term_string}"},"query-input":{"@type":"PropertyValueSpecification","valueRequired":true,"valueName":"search_term_string"}}],"inLanguage":"fr-FR"},{"@type":"Organization","@id":"https:\/\/www.festivox.fr\/blog\/#organization","name":"festivox","url":"https:\/\/www.festivox.fr\/blog\/","logo":{"@type":"ImageObject","inLanguage":"fr-FR","@id":"https:\/\/www.festivox.fr\/blog\/#\/schema\/logo\/image\/","url":"https:\/\/www.festivox.fr\/blog\/wp-content\/uploads\/2023\/06\/logo-2.png","contentUrl":"https:\/\/www.festivox.fr\/blog\/wp-content\/uploads\/2023\/06\/logo-2.png","width":480,"height":160,"caption":"festivox"},"image":{"@id":"https:\/\/www.festivox.fr\/blog\/#\/schema\/logo\/image\/"}},{"@type":"Person","@id":"https:\/\/www.festivox.fr\/blog\/#\/schema\/person\/f36a8b6bc94800c3eafed4bca993ce95","name":"Michele","image":{"@type":"ImageObject","inLanguage":"fr-FR","@id":"https:\/\/secure.gravatar.com\/avatar\/b062046536b5d47ec9075956ec349ef95ed06b0f910c578f74abb318668b702e?s=96&d=mm&r=g","url":"https:\/\/secure.gravatar.com\/avatar\/b062046536b5d47ec9075956ec349ef95ed06b0f910c578f74abb318668b702e?s=96&d=mm&r=g","contentUrl":"https:\/\/secure.gravatar.com\/avatar\/b062046536b5d47ec9075956ec349ef95ed06b0f910c578f74abb318668b702e?s=96&d=mm&r=g","caption":"Michele"},"sameAs":["https:\/\/www.festivox.fr\/blog"],"url":"https:\/\/www.festivox.fr\/blog\/author\/voxadmin\/"}]}},"_links":{"self":[{"href":"https:\/\/www.festivox.fr\/blog\/wp-json\/wp\/v2\/posts\/489","targetHints":{"allow":["GET"]}}],"collection":[{"href":"https:\/\/www.festivox.fr\/blog\/wp-json\/wp\/v2\/posts"}],"about":[{"href":"https:\/\/www.festivox.fr\/blog\/wp-json\/wp\/v2\/types\/post"}],"author":[{"embeddable":true,"href":"https:\/\/www.festivox.fr\/blog\/wp-json\/wp\/v2\/users\/1"}],"replies":[{"embeddable":true,"href":"https:\/\/www.festivox.fr\/blog\/wp-json\/wp\/v2\/comments?post=489"}],"version-history":[{"count":0,"href":"https:\/\/www.festivox.fr\/blog\/wp-json\/wp\/v2\/posts\/489\/revisions"}],"wp:featuredmedia":[{"embeddable":true,"href":"https:\/\/www.festivox.fr\/blog\/wp-json\/wp\/v2\/media\/490"}],"wp:attachment":[{"href":"https:\/\/www.festivox.fr\/blog\/wp-json\/wp\/v2\/media?parent=489"}],"wp:term":[{"taxonomy":"category","embeddable":true,"href":"https:\/\/www.festivox.fr\/blog\/wp-json\/wp\/v2\/categories?post=489"},{"taxonomy":"post_tag","embeddable":true,"href":"https:\/\/www.festivox.fr\/blog\/wp-json\/wp\/v2\/tags?post=489"}],"curies":[{"name":"wp","href":"https:\/\/api.w.org\/{rel}","templated":true}]}}