{"id":474,"date":"2023-10-09T07:18:00","date_gmt":"2023-10-09T05:18:00","guid":{"rendered":"https:\/\/www.festivox.fr\/blog\/jazz-culture-de-jazz-et-dautre-de-pierre-de-chocqueuse\/"},"modified":"2023-10-09T07:18:00","modified_gmt":"2023-10-09T05:18:00","slug":"jazz-culture-de-jazz-et-dautre-de-pierre-de-chocqueuse","status":"publish","type":"post","link":"https:\/\/www.festivox.fr\/blog\/jazz-culture-de-jazz-et-dautre-de-pierre-de-chocqueuse\/","title":{"rendered":"Jazz Culture : \u201cDe jazz et d\u2019autre\u201d de Pierre de Chocqueuse"},"content":{"rendered":"\n<div><img decoding=\"async\" src=\"https:\/\/www.festivox.fr\/blog\/wp-content\/uploads\/2023\/10\/jazz-culture-de-jazz-et-dautre-de-pierre-de-chocqueuse.jpg\" class=\"ff-og-image-inserted\"><\/div>\n<p class=\"PopSlotParagraph qg-tx2 qg-xtra-lh svelte-1xznlfb\"><!-- HTML_TAG_START -->\u00ab&nbsp;<em>Avant de vous plonger dans cet ouvrage, ch\u00e8re lectrice ou cher lecteur, il convient de vous mettre au diapason de ce d\u00e9sir de vivre qui en infuse chaque page. Ce n\u2019est qu\u2019alors que vous go\u00fbterez \u00e0 sa juste valeur les p\u00e9r\u00e9grinations artistiques de cet auteur aussi sagace que malicieux. Car c\u2019est bien de d\u00e9sir qu\u2019il est question dans ce recueil de chroniques, \u00e9gren\u00e9es le temps d\u2019une d\u00e9cennie. De d\u00e9sir, et de son compl\u00e9ment, le plaisir&nbsp;; ce sont eux qui guident Pierre de Chocqueuse tout au long de ces pages, un cadeau pour celles et ceux qui partagent cette croyance que le Beau peut surgir \u00e0 tout instant et remplir notre existence, la rendre utile et color\u00e9e, f\u00fbt-on classique ou moderne, boudeur ou enthousiaste, ignare ou savant, tant que, de jazz et d\u2019autre, le d\u00e9sir est l\u00e0&nbsp;!<\/em> \u00bb Laurent de Wilde<!-- HTML_TAG_END --><\/p>\n<p class=\"PopSlotParagraph qg-tx2 qg-xtra-lh svelte-1xznlfb\"><!-- HTML_TAG_START -->Ordonn\u00e9s chronologiquement, un peu comme un journal dont la parution s\u2019est \u00e9tal\u00e9e sur plus de dix ans, les textes r\u00e9unis ici sous le titre \u201c<!-- HTML_TAG_END --> <a href=\"https:\/\/soleilsbleuseditions.box.boutique\/p\/de-jazz-et-d-autre-pierre-de-chocqueuse\" target=\"_blank\" rel=\"noopener noreferrer nofollow\" class data-testid=\"link\"><!-- HTML_TAG_START --><strong>De jazz et d\u2019autre<\/strong><!-- HTML_TAG_END --><\/a><!-- HTML_TAG_START -->\u201d c\u00e9l\u00e8brent des disques, des livres, des films, des musiciens et des musiciennes. Ils t\u00e9moignent de la relation intime que Pierre de Chocqueuse entretient avec le jazz et de sa passion pour le piano.<!-- HTML_TAG_END --><\/p>\n<div class=\"PopSlot inread svelte-1czwje5 isEnabled\">\n<p><span class=\"qg-tx5 svelte-1czwje5\">Publicit\u00e9<\/span> <\/p>\n<\/p><\/div>\n<p class=\"PopSlotParagraph qg-tx2 qg-xtra-lh svelte-1xznlfb\"><!-- HTML_TAG_START -->Journaliste, <strong>Pierre de Chocqueuse<\/strong> a beaucoup fr\u00e9quent\u00e9 les clubs, rencontr\u00e9 des musiciens, r\u00e9dig\u00e9 les programmes de leurs concerts, les livrets de leurs disques et \u00e9crit de nombreuses chroniques. Cet ouvrage en s\u00e9lectionne quelques-unes, sur des jazzmen peu m\u00e9diatis\u00e9s, des albums parfois m\u00e9connus qui lui a sembl\u00e9 important de d\u00e9fendre, r\u00e9v\u00e9ler de nouveaux talents ayant toujours \u00e9t\u00e9 son intention premi\u00e8re. Espace de libert\u00e9, le <!-- HTML_TAG_END --> <a href=\"http:\/\/www.blogdechoc.fr\/\" target=\"_blank\" rel=\"noopener noreferrer nofollow\" class data-testid=\"link\"><!-- HTML_TAG_START -->blog<!-- HTML_TAG_END --><\/a><!-- HTML_TAG_START --> qu\u2019il a tenu depuis 2008 lui a permis de couvrir une vaste actualit\u00e9 culturelle, d\u2019approfondir des sujets qui lui tenaient \u00e0 c\u0153ur, de raconter le jazz et de le questionner&nbsp;: Peut-il exister sans swing ni racines&nbsp;? Va-t-il dispara\u00eetre avec le CD&nbsp;? \u00c9tait-il plus cr\u00e9atif auparavant&nbsp;? Mais pas seulement&nbsp;! D\u2019autres plaisirs, d\u2019autres ivresses nourrissent aussi ces pages.<!-- HTML_TAG_END --><\/p>\n<p class=\"PopSlotParagraph qg-tx2 qg-xtra-lh svelte-1xznlfb\"><!-- HTML_TAG_START -->Pr\u00e9fac\u00e9 par Laurent de Wilde et publi\u00e9 aux \u00c9ditions Les Soleils Bleus, \u201cDe jazz et d\u2019autre\u201d semble au mieux les r\u00e9sumer. Vous y trouverez entre autres des axolotls, des ermites qui partent \u00e0 la retraite, des pigeons qui ont mal \u00e0 la t\u00eate, de dr\u00f4les de drames, et des consid\u00e9rations sur Boris Vian, Duke Ellington, Andr\u00e9 Hodeir, Claude Debussy et la modernit\u00e9 des Heures persanes. Certains textes font l\u2019\u00e9loge de la lenteur&nbsp;; d\u2019autres prennent la d\u00e9fense du compositeur Henri Dutilleux ou regrettent les \u00e9reintements d\u2019antan. Puissiez-vous en appr\u00e9cier la lecture.<br \/>(extrait du communiqu\u00e9 de presse)<!-- HTML_TAG_END --><\/p>\n<div class=\"Bounce svelte-as7t32 hasAudio\">\n<div class=\"Bounce-left svelte-as7t32\">\n<p><span class=\"Bounce-conceptTitle qg-tx5 svelte-as7t32\">Open jazz<\/span> <span class=\"g-separator svelte-as7t32\"><\/span> <button class=\"Button light tertiary medium svelte-8vggd3\" type=\"button\" data-testid=\"BookmarkToggle\">  \u00c9couter plus tard <\/button><\/p>\n<\/div>\n<div class=\"Bounce-playerButton svelte-as7t32\">\n<p> <button class=\"Button dark primary small isExpandable svelte-8vggd3\" data-track-click-type=\"replayButton\" type=\"button\" data-testid=\"replay-button\"><span class=\"paused\"><span class=\"qg-sr-only\">Lecture<\/span> <\/span> <span><!-- HTML_TAG_START -->\u00e9couter<!-- HTML_TAG_END --><\/span> <\/button> <\/p>\n<p> <span class=\"Duration light qg-tx5 svelte-13envo2\">59 min <\/span><\/div>\n<\/p><\/div>\n<p> Cet article, qui traite du th\u00e8me \u00ab\u00a0Festival Jazz et musique en mode guinguette\u00a0\u00bb, vous est d\u00e9lib\u00e9r\u00e9ment offert par festivox.fr. La raison d\u2019\u00eatre de festivox.fr est de parler de Festival Jazz et musique en mode guinguette dans la transparence la plus g\u00e9n\u00e9rale en vous procurant la visibilit\u00e9 de tout ce qui est publi\u00e9 sur ce sujet sur le web La chronique a \u00e9t\u00e9 g\u00e9n\u00e9r\u00e9e de la mani\u00e8re la plus honn\u00eate que possible. S\u2019il advenait que vous projetez d\u2019apporter quelques notes concernant le domaine de \u00ab\u00a0Festival Jazz et musique en mode guinguette\u00a0\u00bb vous avez la possibilit\u00e9 de d&rsquo;\u00e9changer avec notre r\u00e9daction. Dans peu de temps, on mettra en ligne d&rsquo;autres informations pertinentes autour du sujet \u00ab\u00a0Festival Jazz et musique en mode guinguette\u00a0\u00bb. Ainsi, consultez r\u00e9guli\u00e8rement notre site.<\/p>\n","protected":false},"excerpt":{"rendered":"<p>\u00ab&nbsp;Avant de vous plonger dans cet ouvrage, ch\u00e8re lectrice ou cher lecteur, il convient de vous mettre au diapason de ce d\u00e9sir de vivre qui en infuse chaque page. Ce n\u2019est qu\u2019alors que vous go\u00fbterez \u00e0 sa juste valeur les p\u00e9r\u00e9grinations artistiques de cet auteur aussi sagace que malicieux. Car c\u2019est bien de d\u00e9sir qu\u2019il&hellip;<\/p>\n","protected":false},"author":1,"featured_media":475,"comment_status":"closed","ping_status":"closed","sticky":false,"template":"","format":"standard","meta":{"footnotes":""},"categories":[3],"tags":[],"class_list":["post-474","post","type-post","status-publish","format-standard","has-post-thumbnail","hentry","category-wiki-sur-festival-jazz-et-musique-en-mode-guinguette"],"yoast_head":"<!-- This site is optimized with the Yoast SEO plugin v27.5 - https:\/\/yoast.com\/product\/yoast-seo-wordpress\/ -->\n<title>Jazz Culture : \u201cDe jazz et d\u2019autre\u201d de Pierre de Chocqueuse - FESTIVOX<\/title>\n<meta name=\"robots\" content=\"index, follow, max-snippet:-1, max-image-preview:large, max-video-preview:-1\" \/>\n<link rel=\"canonical\" href=\"https:\/\/www.festivox.fr\/blog\/jazz-culture-de-jazz-et-dautre-de-pierre-de-chocqueuse\/\" \/>\n<meta property=\"og:locale\" content=\"fr_FR\" \/>\n<meta property=\"og:type\" content=\"article\" \/>\n<meta property=\"og:title\" content=\"Jazz Culture : \u201cDe jazz et d\u2019autre\u201d de Pierre de Chocqueuse - FESTIVOX\" \/>\n<meta property=\"og:description\" content=\"\u00ab&nbsp;Avant de vous plonger dans cet ouvrage, ch\u00e8re lectrice ou cher lecteur, il convient de vous mettre au diapason de ce d\u00e9sir de vivre qui en infuse chaque page. Ce n\u2019est qu\u2019alors que vous go\u00fbterez \u00e0 sa juste valeur les p\u00e9r\u00e9grinations artistiques de cet auteur aussi sagace que malicieux. Car c\u2019est bien de d\u00e9sir qu\u2019il&hellip;\" \/>\n<meta property=\"og:url\" content=\"https:\/\/www.festivox.fr\/blog\/jazz-culture-de-jazz-et-dautre-de-pierre-de-chocqueuse\/\" \/>\n<meta property=\"og:site_name\" content=\"FESTIVOX\" \/>\n<meta property=\"article:published_time\" content=\"2023-10-09T05:18:00+00:00\" \/>\n<meta property=\"og:image\" content=\"https:\/\/www.festivox.fr\/blog\/wp-content\/uploads\/2023\/10\/jazz-culture-de-jazz-et-dautre-de-pierre-de-chocqueuse.jpg\" \/>\n<meta name=\"author\" content=\"Michele\" \/>\n<meta name=\"twitter:card\" content=\"summary_large_image\" \/>\n<meta name=\"twitter:label1\" content=\"\u00c9crit par\" \/>\n\t<meta name=\"twitter:data1\" content=\"Michele\" \/>\n\t<meta name=\"twitter:label2\" content=\"Dur\u00e9e de lecture estim\u00e9e\" \/>\n\t<meta name=\"twitter:data2\" content=\"3 minutes\" \/>\n<script type=\"application\/ld+json\" class=\"yoast-schema-graph\">{\"@context\":\"https:\\\/\\\/schema.org\",\"@graph\":[{\"@type\":\"Article\",\"@id\":\"https:\\\/\\\/www.festivox.fr\\\/blog\\\/jazz-culture-de-jazz-et-dautre-de-pierre-de-chocqueuse\\\/#article\",\"isPartOf\":{\"@id\":\"https:\\\/\\\/www.festivox.fr\\\/blog\\\/jazz-culture-de-jazz-et-dautre-de-pierre-de-chocqueuse\\\/\"},\"author\":{\"name\":\"Michele\",\"@id\":\"https:\\\/\\\/www.festivox.fr\\\/blog\\\/#\\\/schema\\\/person\\\/f36a8b6bc94800c3eafed4bca993ce95\"},\"headline\":\"Jazz Culture : \u201cDe jazz et d\u2019autre\u201d de Pierre de Chocqueuse\",\"datePublished\":\"2023-10-09T05:18:00+00:00\",\"mainEntityOfPage\":{\"@id\":\"https:\\\/\\\/www.festivox.fr\\\/blog\\\/jazz-culture-de-jazz-et-dautre-de-pierre-de-chocqueuse\\\/\"},\"wordCount\":638,\"publisher\":{\"@id\":\"https:\\\/\\\/www.festivox.fr\\\/blog\\\/#organization\"},\"image\":{\"@id\":\"https:\\\/\\\/www.festivox.fr\\\/blog\\\/jazz-culture-de-jazz-et-dautre-de-pierre-de-chocqueuse\\\/#primaryimage\"},\"thumbnailUrl\":\"https:\\\/\\\/www.festivox.fr\\\/blog\\\/wp-content\\\/uploads\\\/2023\\\/10\\\/jazz-culture-de-jazz-et-dautre-de-pierre-de-chocqueuse.jpg\",\"articleSection\":[\"Wiki Sur Festival Jazz Et Musique En Mode Guinguette:\"],\"inLanguage\":\"fr-FR\"},{\"@type\":\"WebPage\",\"@id\":\"https:\\\/\\\/www.festivox.fr\\\/blog\\\/jazz-culture-de-jazz-et-dautre-de-pierre-de-chocqueuse\\\/\",\"url\":\"https:\\\/\\\/www.festivox.fr\\\/blog\\\/jazz-culture-de-jazz-et-dautre-de-pierre-de-chocqueuse\\\/\",\"name\":\"Jazz Culture : \u201cDe jazz et d\u2019autre\u201d de Pierre de Chocqueuse - FESTIVOX\",\"isPartOf\":{\"@id\":\"https:\\\/\\\/www.festivox.fr\\\/blog\\\/#website\"},\"primaryImageOfPage\":{\"@id\":\"https:\\\/\\\/www.festivox.fr\\\/blog\\\/jazz-culture-de-jazz-et-dautre-de-pierre-de-chocqueuse\\\/#primaryimage\"},\"image\":{\"@id\":\"https:\\\/\\\/www.festivox.fr\\\/blog\\\/jazz-culture-de-jazz-et-dautre-de-pierre-de-chocqueuse\\\/#primaryimage\"},\"thumbnailUrl\":\"https:\\\/\\\/www.festivox.fr\\\/blog\\\/wp-content\\\/uploads\\\/2023\\\/10\\\/jazz-culture-de-jazz-et-dautre-de-pierre-de-chocqueuse.jpg\",\"datePublished\":\"2023-10-09T05:18:00+00:00\",\"breadcrumb\":{\"@id\":\"https:\\\/\\\/www.festivox.fr\\\/blog\\\/jazz-culture-de-jazz-et-dautre-de-pierre-de-chocqueuse\\\/#breadcrumb\"},\"inLanguage\":\"fr-FR\",\"potentialAction\":[{\"@type\":\"ReadAction\",\"target\":[\"https:\\\/\\\/www.festivox.fr\\\/blog\\\/jazz-culture-de-jazz-et-dautre-de-pierre-de-chocqueuse\\\/\"]}]},{\"@type\":\"ImageObject\",\"inLanguage\":\"fr-FR\",\"@id\":\"https:\\\/\\\/www.festivox.fr\\\/blog\\\/jazz-culture-de-jazz-et-dautre-de-pierre-de-chocqueuse\\\/#primaryimage\",\"url\":\"https:\\\/\\\/www.festivox.fr\\\/blog\\\/wp-content\\\/uploads\\\/2023\\\/10\\\/jazz-culture-de-jazz-et-dautre-de-pierre-de-chocqueuse.jpg\",\"contentUrl\":\"https:\\\/\\\/www.festivox.fr\\\/blog\\\/wp-content\\\/uploads\\\/2023\\\/10\\\/jazz-culture-de-jazz-et-dautre-de-pierre-de-chocqueuse.jpg\",\"width\":1200,\"height\":680},{\"@type\":\"BreadcrumbList\",\"@id\":\"https:\\\/\\\/www.festivox.fr\\\/blog\\\/jazz-culture-de-jazz-et-dautre-de-pierre-de-chocqueuse\\\/#breadcrumb\",\"itemListElement\":[{\"@type\":\"ListItem\",\"position\":1,\"name\":\"Accueil\",\"item\":\"https:\\\/\\\/www.festivox.fr\\\/blog\\\/\"},{\"@type\":\"ListItem\",\"position\":2,\"name\":\"Jazz Culture : \u201cDe jazz et d\u2019autre\u201d de Pierre de Chocqueuse\"}]},{\"@type\":\"WebSite\",\"@id\":\"https:\\\/\\\/www.festivox.fr\\\/blog\\\/#website\",\"url\":\"https:\\\/\\\/www.festivox.fr\\\/blog\\\/\",\"name\":\"FESTIVOX\",\"description\":\"Festival en mode guinguette.\",\"publisher\":{\"@id\":\"https:\\\/\\\/www.festivox.fr\\\/blog\\\/#organization\"},\"potentialAction\":[{\"@type\":\"SearchAction\",\"target\":{\"@type\":\"EntryPoint\",\"urlTemplate\":\"https:\\\/\\\/www.festivox.fr\\\/blog\\\/?s={search_term_string}\"},\"query-input\":{\"@type\":\"PropertyValueSpecification\",\"valueRequired\":true,\"valueName\":\"search_term_string\"}}],\"inLanguage\":\"fr-FR\"},{\"@type\":\"Organization\",\"@id\":\"https:\\\/\\\/www.festivox.fr\\\/blog\\\/#organization\",\"name\":\"festivox\",\"url\":\"https:\\\/\\\/www.festivox.fr\\\/blog\\\/\",\"logo\":{\"@type\":\"ImageObject\",\"inLanguage\":\"fr-FR\",\"@id\":\"https:\\\/\\\/www.festivox.fr\\\/blog\\\/#\\\/schema\\\/logo\\\/image\\\/\",\"url\":\"https:\\\/\\\/www.festivox.fr\\\/blog\\\/wp-content\\\/uploads\\\/2023\\\/06\\\/logo-2.png\",\"contentUrl\":\"https:\\\/\\\/www.festivox.fr\\\/blog\\\/wp-content\\\/uploads\\\/2023\\\/06\\\/logo-2.png\",\"width\":480,\"height\":160,\"caption\":\"festivox\"},\"image\":{\"@id\":\"https:\\\/\\\/www.festivox.fr\\\/blog\\\/#\\\/schema\\\/logo\\\/image\\\/\"}},{\"@type\":\"Person\",\"@id\":\"https:\\\/\\\/www.festivox.fr\\\/blog\\\/#\\\/schema\\\/person\\\/f36a8b6bc94800c3eafed4bca993ce95\",\"name\":\"Michele\",\"image\":{\"@type\":\"ImageObject\",\"inLanguage\":\"fr-FR\",\"@id\":\"https:\\\/\\\/secure.gravatar.com\\\/avatar\\\/b062046536b5d47ec9075956ec349ef95ed06b0f910c578f74abb318668b702e?s=96&d=mm&r=g\",\"url\":\"https:\\\/\\\/secure.gravatar.com\\\/avatar\\\/b062046536b5d47ec9075956ec349ef95ed06b0f910c578f74abb318668b702e?s=96&d=mm&r=g\",\"contentUrl\":\"https:\\\/\\\/secure.gravatar.com\\\/avatar\\\/b062046536b5d47ec9075956ec349ef95ed06b0f910c578f74abb318668b702e?s=96&d=mm&r=g\",\"caption\":\"Michele\"},\"sameAs\":[\"https:\\\/\\\/www.festivox.fr\\\/blog\"],\"url\":\"https:\\\/\\\/www.festivox.fr\\\/blog\\\/author\\\/voxadmin\\\/\"}]}<\/script>\n<!-- \/ Yoast SEO plugin. -->","yoast_head_json":{"title":"Jazz Culture : \u201cDe jazz et d\u2019autre\u201d de Pierre de Chocqueuse - FESTIVOX","robots":{"index":"index","follow":"follow","max-snippet":"max-snippet:-1","max-image-preview":"max-image-preview:large","max-video-preview":"max-video-preview:-1"},"canonical":"https:\/\/www.festivox.fr\/blog\/jazz-culture-de-jazz-et-dautre-de-pierre-de-chocqueuse\/","og_locale":"fr_FR","og_type":"article","og_title":"Jazz Culture : \u201cDe jazz et d\u2019autre\u201d de Pierre de Chocqueuse - FESTIVOX","og_description":"\u00ab&nbsp;Avant de vous plonger dans cet ouvrage, ch\u00e8re lectrice ou cher lecteur, il convient de vous mettre au diapason de ce d\u00e9sir de vivre qui en infuse chaque page. Ce n\u2019est qu\u2019alors que vous go\u00fbterez \u00e0 sa juste valeur les p\u00e9r\u00e9grinations artistiques de cet auteur aussi sagace que malicieux. Car c\u2019est bien de d\u00e9sir qu\u2019il&hellip;","og_url":"https:\/\/www.festivox.fr\/blog\/jazz-culture-de-jazz-et-dautre-de-pierre-de-chocqueuse\/","og_site_name":"FESTIVOX","article_published_time":"2023-10-09T05:18:00+00:00","og_image":[{"url":"https:\/\/www.festivox.fr\/blog\/wp-content\/uploads\/2023\/10\/jazz-culture-de-jazz-et-dautre-de-pierre-de-chocqueuse.jpg","type":"","width":"","height":""}],"author":"Michele","twitter_card":"summary_large_image","twitter_misc":{"\u00c9crit par":"Michele","Dur\u00e9e de lecture estim\u00e9e":"3 minutes"},"schema":{"@context":"https:\/\/schema.org","@graph":[{"@type":"Article","@id":"https:\/\/www.festivox.fr\/blog\/jazz-culture-de-jazz-et-dautre-de-pierre-de-chocqueuse\/#article","isPartOf":{"@id":"https:\/\/www.festivox.fr\/blog\/jazz-culture-de-jazz-et-dautre-de-pierre-de-chocqueuse\/"},"author":{"name":"Michele","@id":"https:\/\/www.festivox.fr\/blog\/#\/schema\/person\/f36a8b6bc94800c3eafed4bca993ce95"},"headline":"Jazz Culture : \u201cDe jazz et d\u2019autre\u201d de Pierre de Chocqueuse","datePublished":"2023-10-09T05:18:00+00:00","mainEntityOfPage":{"@id":"https:\/\/www.festivox.fr\/blog\/jazz-culture-de-jazz-et-dautre-de-pierre-de-chocqueuse\/"},"wordCount":638,"publisher":{"@id":"https:\/\/www.festivox.fr\/blog\/#organization"},"image":{"@id":"https:\/\/www.festivox.fr\/blog\/jazz-culture-de-jazz-et-dautre-de-pierre-de-chocqueuse\/#primaryimage"},"thumbnailUrl":"https:\/\/www.festivox.fr\/blog\/wp-content\/uploads\/2023\/10\/jazz-culture-de-jazz-et-dautre-de-pierre-de-chocqueuse.jpg","articleSection":["Wiki Sur Festival Jazz Et Musique En Mode Guinguette:"],"inLanguage":"fr-FR"},{"@type":"WebPage","@id":"https:\/\/www.festivox.fr\/blog\/jazz-culture-de-jazz-et-dautre-de-pierre-de-chocqueuse\/","url":"https:\/\/www.festivox.fr\/blog\/jazz-culture-de-jazz-et-dautre-de-pierre-de-chocqueuse\/","name":"Jazz Culture : \u201cDe jazz et d\u2019autre\u201d de Pierre de Chocqueuse - FESTIVOX","isPartOf":{"@id":"https:\/\/www.festivox.fr\/blog\/#website"},"primaryImageOfPage":{"@id":"https:\/\/www.festivox.fr\/blog\/jazz-culture-de-jazz-et-dautre-de-pierre-de-chocqueuse\/#primaryimage"},"image":{"@id":"https:\/\/www.festivox.fr\/blog\/jazz-culture-de-jazz-et-dautre-de-pierre-de-chocqueuse\/#primaryimage"},"thumbnailUrl":"https:\/\/www.festivox.fr\/blog\/wp-content\/uploads\/2023\/10\/jazz-culture-de-jazz-et-dautre-de-pierre-de-chocqueuse.jpg","datePublished":"2023-10-09T05:18:00+00:00","breadcrumb":{"@id":"https:\/\/www.festivox.fr\/blog\/jazz-culture-de-jazz-et-dautre-de-pierre-de-chocqueuse\/#breadcrumb"},"inLanguage":"fr-FR","potentialAction":[{"@type":"ReadAction","target":["https:\/\/www.festivox.fr\/blog\/jazz-culture-de-jazz-et-dautre-de-pierre-de-chocqueuse\/"]}]},{"@type":"ImageObject","inLanguage":"fr-FR","@id":"https:\/\/www.festivox.fr\/blog\/jazz-culture-de-jazz-et-dautre-de-pierre-de-chocqueuse\/#primaryimage","url":"https:\/\/www.festivox.fr\/blog\/wp-content\/uploads\/2023\/10\/jazz-culture-de-jazz-et-dautre-de-pierre-de-chocqueuse.jpg","contentUrl":"https:\/\/www.festivox.fr\/blog\/wp-content\/uploads\/2023\/10\/jazz-culture-de-jazz-et-dautre-de-pierre-de-chocqueuse.jpg","width":1200,"height":680},{"@type":"BreadcrumbList","@id":"https:\/\/www.festivox.fr\/blog\/jazz-culture-de-jazz-et-dautre-de-pierre-de-chocqueuse\/#breadcrumb","itemListElement":[{"@type":"ListItem","position":1,"name":"Accueil","item":"https:\/\/www.festivox.fr\/blog\/"},{"@type":"ListItem","position":2,"name":"Jazz Culture : \u201cDe jazz et d\u2019autre\u201d de Pierre de Chocqueuse"}]},{"@type":"WebSite","@id":"https:\/\/www.festivox.fr\/blog\/#website","url":"https:\/\/www.festivox.fr\/blog\/","name":"FESTIVOX","description":"Festival en mode guinguette.","publisher":{"@id":"https:\/\/www.festivox.fr\/blog\/#organization"},"potentialAction":[{"@type":"SearchAction","target":{"@type":"EntryPoint","urlTemplate":"https:\/\/www.festivox.fr\/blog\/?s={search_term_string}"},"query-input":{"@type":"PropertyValueSpecification","valueRequired":true,"valueName":"search_term_string"}}],"inLanguage":"fr-FR"},{"@type":"Organization","@id":"https:\/\/www.festivox.fr\/blog\/#organization","name":"festivox","url":"https:\/\/www.festivox.fr\/blog\/","logo":{"@type":"ImageObject","inLanguage":"fr-FR","@id":"https:\/\/www.festivox.fr\/blog\/#\/schema\/logo\/image\/","url":"https:\/\/www.festivox.fr\/blog\/wp-content\/uploads\/2023\/06\/logo-2.png","contentUrl":"https:\/\/www.festivox.fr\/blog\/wp-content\/uploads\/2023\/06\/logo-2.png","width":480,"height":160,"caption":"festivox"},"image":{"@id":"https:\/\/www.festivox.fr\/blog\/#\/schema\/logo\/image\/"}},{"@type":"Person","@id":"https:\/\/www.festivox.fr\/blog\/#\/schema\/person\/f36a8b6bc94800c3eafed4bca993ce95","name":"Michele","image":{"@type":"ImageObject","inLanguage":"fr-FR","@id":"https:\/\/secure.gravatar.com\/avatar\/b062046536b5d47ec9075956ec349ef95ed06b0f910c578f74abb318668b702e?s=96&d=mm&r=g","url":"https:\/\/secure.gravatar.com\/avatar\/b062046536b5d47ec9075956ec349ef95ed06b0f910c578f74abb318668b702e?s=96&d=mm&r=g","contentUrl":"https:\/\/secure.gravatar.com\/avatar\/b062046536b5d47ec9075956ec349ef95ed06b0f910c578f74abb318668b702e?s=96&d=mm&r=g","caption":"Michele"},"sameAs":["https:\/\/www.festivox.fr\/blog"],"url":"https:\/\/www.festivox.fr\/blog\/author\/voxadmin\/"}]}},"_links":{"self":[{"href":"https:\/\/www.festivox.fr\/blog\/wp-json\/wp\/v2\/posts\/474","targetHints":{"allow":["GET"]}}],"collection":[{"href":"https:\/\/www.festivox.fr\/blog\/wp-json\/wp\/v2\/posts"}],"about":[{"href":"https:\/\/www.festivox.fr\/blog\/wp-json\/wp\/v2\/types\/post"}],"author":[{"embeddable":true,"href":"https:\/\/www.festivox.fr\/blog\/wp-json\/wp\/v2\/users\/1"}],"replies":[{"embeddable":true,"href":"https:\/\/www.festivox.fr\/blog\/wp-json\/wp\/v2\/comments?post=474"}],"version-history":[{"count":0,"href":"https:\/\/www.festivox.fr\/blog\/wp-json\/wp\/v2\/posts\/474\/revisions"}],"wp:featuredmedia":[{"embeddable":true,"href":"https:\/\/www.festivox.fr\/blog\/wp-json\/wp\/v2\/media\/475"}],"wp:attachment":[{"href":"https:\/\/www.festivox.fr\/blog\/wp-json\/wp\/v2\/media?parent=474"}],"wp:term":[{"taxonomy":"category","embeddable":true,"href":"https:\/\/www.festivox.fr\/blog\/wp-json\/wp\/v2\/categories?post=474"},{"taxonomy":"post_tag","embeddable":true,"href":"https:\/\/www.festivox.fr\/blog\/wp-json\/wp\/v2\/tags?post=474"}],"curies":[{"name":"wp","href":"https:\/\/api.w.org\/{rel}","templated":true}]}}