{"id":470,"date":"2023-10-05T07:38:00","date_gmt":"2023-10-05T05:38:00","guid":{"rendered":"https:\/\/www.festivox.fr\/blog\/la-saison-2023-24-du-utah-jazz-dans-un-monde-ideal\/"},"modified":"2023-10-05T07:38:00","modified_gmt":"2023-10-05T05:38:00","slug":"la-saison-2023-24-du-utah-jazz-dans-un-monde-ideal","status":"publish","type":"post","link":"https:\/\/www.festivox.fr\/blog\/la-saison-2023-24-du-utah-jazz-dans-un-monde-ideal\/","title":{"rendered":"La saison 2023-24 du Utah Jazz\u2026 dans un monde id\u00e9al"},"content":{"rendered":"\n<div><img decoding=\"async\" src=\"https:\/\/www.festivox.fr\/blog\/wp-content\/uploads\/2023\/10\/la-saison-2023-24-du-utah-jazz-dans-un-monde-ideal.jpg\" class=\"ff-og-image-inserted\"><\/div>\n<p><strong>C\u2019est la nouveaut\u00e9 de la saison \u00e0 la r\u00e9daction de TrashTalk. Les 30 previews en 30 jours c\u2019est bien, analyser chaque joueur de chaque \u00e9quipe pourquoi pas, mais se laisser aller \u00e0 sa propre imagination, parfois, \u00e7a ne fait pas de mal et \u00e7a emp\u00eache m\u00eame de vieillir. Tout au long de ces previews l\u2019\u00e9quipe vous proposera donc le sc\u00e9nario\u2026 parfait pour chaque franchise NBA en 2023-24. Et si d\u2019aventure votre \u00e9quipe l\u00e2chait une disasterclass cette saison, vous pourrez toujours relire ce papier en avril et vous convaincre que tout s\u2019est bien pass\u00e9. Aujourd\u2019hui ? LeUtah Jazz !<\/strong><\/p>\n<p><a href=\"https:\/\/trashtalk.co\/2023\/10\/05\/la-saison-2023-24-du-utah-jazz-dans-leur-pire-cauchemar\/\" target=\"_blank\" rel=\"nofollow\"><em>Mais aussi : La saison 2023-24 du Utah Jazz\u2026 dans leur pire cauchemar<\/em><\/a><\/p>\n<h2>Individuellement, Will Hardy a d\u00e9finitivement des cracks \u00e0 disposition<\/h2>\n<p>On avait laiss\u00e9 Lauri Markkanen All-Star et MIP ? Voici Lauri Markkanen All-Star, et candidat MVP. Le Finlandais a fait l\u2019arm\u00e9e et la Coupe du Monde cet \u00e9t\u00e9, et il d\u00e9barque \u00e0 la rentr\u00e9e avec une confiance in\u00e9branlable. Les sorties \u00e0 40 points ou plus sont habituelles et le statut officiel de Lauri est donc \u201cfranchise player d\u2019une \u00e9quipe qui gagne\u201d. Wow. A ses c\u00f4t\u00e9s Walker Kessler est le meilleur contreur de la Ligue, John Collins est sorti du cinq avec beaucoup d\u2019humilit\u00e9 et devient de ce fait un favori pour le troph\u00e9e de meilleur sixi\u00e8me homme de la Ligue, \u00e0 moins que celui-ci ne revienne\u2026 \u00e0 l\u2019infernal Keyonte George et ses 18 pions de moyenne en sortie de bench. Cerise sur la meringue l\u2019explosion d\u2019Ochai Agbaji et les progr\u00e8s du duo Fontecchio \/ Horton-Tucker, alors que Collin Sexton est de retour au tr\u00e8s haut niveau, que Kris Dunn, Kelly Olynyk et Jordan Clarkson l\u00e2chent des saisons tout \u00e0 fait honorables et que Taylor Hendricks a int\u00e9gr\u00e9 le cinq en toute discr\u00e9tion mais avec beaucoup d\u2019apprentissage \u00e0 la cl\u00e9. Est-ce qu\u2019on vient d\u2019imaginer un sc\u00e9nario o\u00f9 le roster tout entier assure ? Oui, car c\u2019est un peu l\u2019id\u00e9e g\u00e9n\u00e9rale de cette s\u00e9rie de papier.<\/p>\n<h2>Danny Ainge tente un gros coup \u00e0 la trade deadline (et le r\u00e9ussit)<\/h2>\n<p>En f\u00e9vrier Danny Ainge se ronge les ongles. Pl\u00e9onasme, habitude. Le Jazz a un bilan solide, le Jazz est tranquillement install\u00e9 \u00e0 la septi\u00e8me place de l\u2019Ouest et semble m\u00eame en avoir encore sous le coude, mais quelque chose titille Tonton Danny. C\u2019est ainsi que quelques heures apr\u00e8s l\u2019ouverture de la trade deadline, ce bon vieux Jordan Clarkson est envoy\u00e9 \u00e0 Detroit avec Kelly Olynyk contre\u2026 James Wiseman et quelques bonbecs, James Wiseman qui se refaisait tout doucement la cerise dans le Michigan et qui devient instantan\u00e9ment un crack accompli d\u00e8s son arriv\u00e9e dans l\u2019Utah. Si les lignes arri\u00e8res ont belle allure avec les progr\u00e8s notamment de Keyonte George, dessous c\u2019est une v\u00e9ritable Dream Team qu\u2019est en train de composer le front office du Jazz, dans le starting five et sur le banc, aussi. Ne l\u2019oubliez jamais, en f\u00e9vrier le Danny Ainge est une vraie machine.<\/p>\n<h2>Le Jazz progresse encore et file en Playoffs<\/h2>\n<p>Avec un groupe solide, complet et joueur, le Jazz est officiellement (re)devenue une \u00e9quipe qui compte \u00e0 l\u2019Ouest. Avec 46 victoires et 36 d\u00e9faites les hommes de Will Hardy terminent sixi\u00e8mes de la Conf\u00e9rence Ouest et affrontent les Nuggets au premier tour. Comme vous vous en doutez, le retour en postseason est rude et le 4-1 inflig\u00e9 par Denver a des airs de gentleman sweep. Pas grave, Utah is back en Playoffs et nous a fait plein de promesses, avec un groupe ultra-solide, un board qui semble savoir o\u00f9 il va et un paquet d\u2019assets int\u00e9ressantes pour les n\u00e9gociations \u00e0 venir. La belle histoire continue, plus personne ne parle de Donovan Mitchell ou Rudy Gobert, et c\u2019est peut-\u00eatre bien \u00e7a la meilleure des nouvelles.<\/p>\n<p> Cet article, qui traite du th\u00e8me \u00ab\u00a0Festival Jazz et musique en mode guinguette\u00a0\u00bb, vous est d\u00e9lib\u00e9r\u00e9ment offert par festivox.fr. La raison d\u2019\u00eatre de festivox.fr est de parler de Festival Jazz et musique en mode guinguette dans la transparence la plus g\u00e9n\u00e9rale en vous procurant la visibilit\u00e9 de tout ce qui est publi\u00e9 sur ce sujet sur le web La chronique a \u00e9t\u00e9 g\u00e9n\u00e9r\u00e9e de la mani\u00e8re la plus honn\u00eate que possible. S\u2019il advenait que vous projetez d\u2019apporter quelques notes concernant le domaine de \u00ab\u00a0Festival Jazz et musique en mode guinguette\u00a0\u00bb vous avez la possibilit\u00e9 de d&rsquo;\u00e9changer avec notre r\u00e9daction. Dans peu de temps, on mettra en ligne d&rsquo;autres informations pertinentes autour du sujet \u00ab\u00a0Festival Jazz et musique en mode guinguette\u00a0\u00bb. Ainsi, consultez r\u00e9guli\u00e8rement notre site.<\/p>\n","protected":false},"excerpt":{"rendered":"<p>C\u2019est la nouveaut\u00e9 de la saison \u00e0 la r\u00e9daction de TrashTalk. Les 30 previews en 30 jours c\u2019est bien, analyser chaque joueur de chaque \u00e9quipe pourquoi pas, mais se laisser aller \u00e0 sa propre imagination, parfois, \u00e7a ne fait pas de mal et \u00e7a emp\u00eache m\u00eame de vieillir. Tout au long de ces previews l\u2019\u00e9quipe&hellip;<\/p>\n","protected":false},"author":1,"featured_media":471,"comment_status":"closed","ping_status":"closed","sticky":false,"template":"","format":"standard","meta":{"footnotes":""},"categories":[3],"tags":[],"class_list":["post-470","post","type-post","status-publish","format-standard","has-post-thumbnail","hentry","category-wiki-sur-festival-jazz-et-musique-en-mode-guinguette"],"yoast_head":"<!-- This site is optimized with the Yoast SEO plugin v27.5 - https:\/\/yoast.com\/product\/yoast-seo-wordpress\/ -->\n<title>La saison 2023-24 du Utah Jazz\u2026 dans un monde id\u00e9al - FESTIVOX<\/title>\n<meta name=\"robots\" content=\"index, follow, max-snippet:-1, max-image-preview:large, max-video-preview:-1\" \/>\n<link rel=\"canonical\" href=\"https:\/\/www.festivox.fr\/blog\/la-saison-2023-24-du-utah-jazz-dans-un-monde-ideal\/\" \/>\n<meta property=\"og:locale\" content=\"fr_FR\" \/>\n<meta property=\"og:type\" content=\"article\" \/>\n<meta property=\"og:title\" content=\"La saison 2023-24 du Utah Jazz\u2026 dans un monde id\u00e9al - FESTIVOX\" \/>\n<meta property=\"og:description\" content=\"C\u2019est la nouveaut\u00e9 de la saison \u00e0 la r\u00e9daction de TrashTalk. Les 30 previews en 30 jours c\u2019est bien, analyser chaque joueur de chaque \u00e9quipe pourquoi pas, mais se laisser aller \u00e0 sa propre imagination, parfois, \u00e7a ne fait pas de mal et \u00e7a emp\u00eache m\u00eame de vieillir. Tout au long de ces previews l\u2019\u00e9quipe&hellip;\" \/>\n<meta property=\"og:url\" content=\"https:\/\/www.festivox.fr\/blog\/la-saison-2023-24-du-utah-jazz-dans-un-monde-ideal\/\" \/>\n<meta property=\"og:site_name\" content=\"FESTIVOX\" \/>\n<meta property=\"article:published_time\" content=\"2023-10-05T05:38:00+00:00\" \/>\n<meta property=\"og:image\" content=\"https:\/\/www.festivox.fr\/blog\/wp-content\/uploads\/2023\/10\/la-saison-2023-24-du-utah-jazz-dans-un-monde-ideal.jpg\" \/>\n<meta name=\"author\" content=\"Michele\" \/>\n<meta name=\"twitter:card\" content=\"summary_large_image\" \/>\n<meta name=\"twitter:label1\" content=\"\u00c9crit par\" \/>\n\t<meta name=\"twitter:data1\" content=\"Michele\" \/>\n\t<meta name=\"twitter:label2\" content=\"Dur\u00e9e de lecture estim\u00e9e\" \/>\n\t<meta name=\"twitter:data2\" content=\"4 minutes\" \/>\n<script type=\"application\/ld+json\" class=\"yoast-schema-graph\">{\"@context\":\"https:\\\/\\\/schema.org\",\"@graph\":[{\"@type\":\"Article\",\"@id\":\"https:\\\/\\\/www.festivox.fr\\\/blog\\\/la-saison-2023-24-du-utah-jazz-dans-un-monde-ideal\\\/#article\",\"isPartOf\":{\"@id\":\"https:\\\/\\\/www.festivox.fr\\\/blog\\\/la-saison-2023-24-du-utah-jazz-dans-un-monde-ideal\\\/\"},\"author\":{\"name\":\"Michele\",\"@id\":\"https:\\\/\\\/www.festivox.fr\\\/blog\\\/#\\\/schema\\\/person\\\/f36a8b6bc94800c3eafed4bca993ce95\"},\"headline\":\"La saison 2023-24 du Utah Jazz\u2026 dans un monde id\u00e9al\",\"datePublished\":\"2023-10-05T05:38:00+00:00\",\"mainEntityOfPage\":{\"@id\":\"https:\\\/\\\/www.festivox.fr\\\/blog\\\/la-saison-2023-24-du-utah-jazz-dans-un-monde-ideal\\\/\"},\"wordCount\":816,\"publisher\":{\"@id\":\"https:\\\/\\\/www.festivox.fr\\\/blog\\\/#organization\"},\"image\":{\"@id\":\"https:\\\/\\\/www.festivox.fr\\\/blog\\\/la-saison-2023-24-du-utah-jazz-dans-un-monde-ideal\\\/#primaryimage\"},\"thumbnailUrl\":\"https:\\\/\\\/www.festivox.fr\\\/blog\\\/wp-content\\\/uploads\\\/2023\\\/10\\\/la-saison-2023-24-du-utah-jazz-dans-un-monde-ideal.jpg\",\"articleSection\":[\"Wiki Sur Festival Jazz Et Musique En Mode Guinguette:\"],\"inLanguage\":\"fr-FR\"},{\"@type\":\"WebPage\",\"@id\":\"https:\\\/\\\/www.festivox.fr\\\/blog\\\/la-saison-2023-24-du-utah-jazz-dans-un-monde-ideal\\\/\",\"url\":\"https:\\\/\\\/www.festivox.fr\\\/blog\\\/la-saison-2023-24-du-utah-jazz-dans-un-monde-ideal\\\/\",\"name\":\"La saison 2023-24 du Utah Jazz\u2026 dans un monde id\u00e9al - FESTIVOX\",\"isPartOf\":{\"@id\":\"https:\\\/\\\/www.festivox.fr\\\/blog\\\/#website\"},\"primaryImageOfPage\":{\"@id\":\"https:\\\/\\\/www.festivox.fr\\\/blog\\\/la-saison-2023-24-du-utah-jazz-dans-un-monde-ideal\\\/#primaryimage\"},\"image\":{\"@id\":\"https:\\\/\\\/www.festivox.fr\\\/blog\\\/la-saison-2023-24-du-utah-jazz-dans-un-monde-ideal\\\/#primaryimage\"},\"thumbnailUrl\":\"https:\\\/\\\/www.festivox.fr\\\/blog\\\/wp-content\\\/uploads\\\/2023\\\/10\\\/la-saison-2023-24-du-utah-jazz-dans-un-monde-ideal.jpg\",\"datePublished\":\"2023-10-05T05:38:00+00:00\",\"breadcrumb\":{\"@id\":\"https:\\\/\\\/www.festivox.fr\\\/blog\\\/la-saison-2023-24-du-utah-jazz-dans-un-monde-ideal\\\/#breadcrumb\"},\"inLanguage\":\"fr-FR\",\"potentialAction\":[{\"@type\":\"ReadAction\",\"target\":[\"https:\\\/\\\/www.festivox.fr\\\/blog\\\/la-saison-2023-24-du-utah-jazz-dans-un-monde-ideal\\\/\"]}]},{\"@type\":\"ImageObject\",\"inLanguage\":\"fr-FR\",\"@id\":\"https:\\\/\\\/www.festivox.fr\\\/blog\\\/la-saison-2023-24-du-utah-jazz-dans-un-monde-ideal\\\/#primaryimage\",\"url\":\"https:\\\/\\\/www.festivox.fr\\\/blog\\\/wp-content\\\/uploads\\\/2023\\\/10\\\/la-saison-2023-24-du-utah-jazz-dans-un-monde-ideal.jpg\",\"contentUrl\":\"https:\\\/\\\/www.festivox.fr\\\/blog\\\/wp-content\\\/uploads\\\/2023\\\/10\\\/la-saison-2023-24-du-utah-jazz-dans-un-monde-ideal.jpg\",\"width\":2060,\"height\":1030},{\"@type\":\"BreadcrumbList\",\"@id\":\"https:\\\/\\\/www.festivox.fr\\\/blog\\\/la-saison-2023-24-du-utah-jazz-dans-un-monde-ideal\\\/#breadcrumb\",\"itemListElement\":[{\"@type\":\"ListItem\",\"position\":1,\"name\":\"Accueil\",\"item\":\"https:\\\/\\\/www.festivox.fr\\\/blog\\\/\"},{\"@type\":\"ListItem\",\"position\":2,\"name\":\"La saison 2023-24 du Utah Jazz\u2026 dans un monde id\u00e9al\"}]},{\"@type\":\"WebSite\",\"@id\":\"https:\\\/\\\/www.festivox.fr\\\/blog\\\/#website\",\"url\":\"https:\\\/\\\/www.festivox.fr\\\/blog\\\/\",\"name\":\"FESTIVOX\",\"description\":\"Festival en mode guinguette.\",\"publisher\":{\"@id\":\"https:\\\/\\\/www.festivox.fr\\\/blog\\\/#organization\"},\"potentialAction\":[{\"@type\":\"SearchAction\",\"target\":{\"@type\":\"EntryPoint\",\"urlTemplate\":\"https:\\\/\\\/www.festivox.fr\\\/blog\\\/?s={search_term_string}\"},\"query-input\":{\"@type\":\"PropertyValueSpecification\",\"valueRequired\":true,\"valueName\":\"search_term_string\"}}],\"inLanguage\":\"fr-FR\"},{\"@type\":\"Organization\",\"@id\":\"https:\\\/\\\/www.festivox.fr\\\/blog\\\/#organization\",\"name\":\"festivox\",\"url\":\"https:\\\/\\\/www.festivox.fr\\\/blog\\\/\",\"logo\":{\"@type\":\"ImageObject\",\"inLanguage\":\"fr-FR\",\"@id\":\"https:\\\/\\\/www.festivox.fr\\\/blog\\\/#\\\/schema\\\/logo\\\/image\\\/\",\"url\":\"https:\\\/\\\/www.festivox.fr\\\/blog\\\/wp-content\\\/uploads\\\/2023\\\/06\\\/logo-2.png\",\"contentUrl\":\"https:\\\/\\\/www.festivox.fr\\\/blog\\\/wp-content\\\/uploads\\\/2023\\\/06\\\/logo-2.png\",\"width\":480,\"height\":160,\"caption\":\"festivox\"},\"image\":{\"@id\":\"https:\\\/\\\/www.festivox.fr\\\/blog\\\/#\\\/schema\\\/logo\\\/image\\\/\"}},{\"@type\":\"Person\",\"@id\":\"https:\\\/\\\/www.festivox.fr\\\/blog\\\/#\\\/schema\\\/person\\\/f36a8b6bc94800c3eafed4bca993ce95\",\"name\":\"Michele\",\"image\":{\"@type\":\"ImageObject\",\"inLanguage\":\"fr-FR\",\"@id\":\"https:\\\/\\\/secure.gravatar.com\\\/avatar\\\/b062046536b5d47ec9075956ec349ef95ed06b0f910c578f74abb318668b702e?s=96&d=mm&r=g\",\"url\":\"https:\\\/\\\/secure.gravatar.com\\\/avatar\\\/b062046536b5d47ec9075956ec349ef95ed06b0f910c578f74abb318668b702e?s=96&d=mm&r=g\",\"contentUrl\":\"https:\\\/\\\/secure.gravatar.com\\\/avatar\\\/b062046536b5d47ec9075956ec349ef95ed06b0f910c578f74abb318668b702e?s=96&d=mm&r=g\",\"caption\":\"Michele\"},\"sameAs\":[\"https:\\\/\\\/www.festivox.fr\\\/blog\"],\"url\":\"https:\\\/\\\/www.festivox.fr\\\/blog\\\/author\\\/voxadmin\\\/\"}]}<\/script>\n<!-- \/ Yoast SEO plugin. -->","yoast_head_json":{"title":"La saison 2023-24 du Utah Jazz\u2026 dans un monde id\u00e9al - FESTIVOX","robots":{"index":"index","follow":"follow","max-snippet":"max-snippet:-1","max-image-preview":"max-image-preview:large","max-video-preview":"max-video-preview:-1"},"canonical":"https:\/\/www.festivox.fr\/blog\/la-saison-2023-24-du-utah-jazz-dans-un-monde-ideal\/","og_locale":"fr_FR","og_type":"article","og_title":"La saison 2023-24 du Utah Jazz\u2026 dans un monde id\u00e9al - FESTIVOX","og_description":"C\u2019est la nouveaut\u00e9 de la saison \u00e0 la r\u00e9daction de TrashTalk. Les 30 previews en 30 jours c\u2019est bien, analyser chaque joueur de chaque \u00e9quipe pourquoi pas, mais se laisser aller \u00e0 sa propre imagination, parfois, \u00e7a ne fait pas de mal et \u00e7a emp\u00eache m\u00eame de vieillir. Tout au long de ces previews l\u2019\u00e9quipe&hellip;","og_url":"https:\/\/www.festivox.fr\/blog\/la-saison-2023-24-du-utah-jazz-dans-un-monde-ideal\/","og_site_name":"FESTIVOX","article_published_time":"2023-10-05T05:38:00+00:00","og_image":[{"url":"https:\/\/www.festivox.fr\/blog\/wp-content\/uploads\/2023\/10\/la-saison-2023-24-du-utah-jazz-dans-un-monde-ideal.jpg","type":"","width":"","height":""}],"author":"Michele","twitter_card":"summary_large_image","twitter_misc":{"\u00c9crit par":"Michele","Dur\u00e9e de lecture estim\u00e9e":"4 minutes"},"schema":{"@context":"https:\/\/schema.org","@graph":[{"@type":"Article","@id":"https:\/\/www.festivox.fr\/blog\/la-saison-2023-24-du-utah-jazz-dans-un-monde-ideal\/#article","isPartOf":{"@id":"https:\/\/www.festivox.fr\/blog\/la-saison-2023-24-du-utah-jazz-dans-un-monde-ideal\/"},"author":{"name":"Michele","@id":"https:\/\/www.festivox.fr\/blog\/#\/schema\/person\/f36a8b6bc94800c3eafed4bca993ce95"},"headline":"La saison 2023-24 du Utah Jazz\u2026 dans un monde id\u00e9al","datePublished":"2023-10-05T05:38:00+00:00","mainEntityOfPage":{"@id":"https:\/\/www.festivox.fr\/blog\/la-saison-2023-24-du-utah-jazz-dans-un-monde-ideal\/"},"wordCount":816,"publisher":{"@id":"https:\/\/www.festivox.fr\/blog\/#organization"},"image":{"@id":"https:\/\/www.festivox.fr\/blog\/la-saison-2023-24-du-utah-jazz-dans-un-monde-ideal\/#primaryimage"},"thumbnailUrl":"https:\/\/www.festivox.fr\/blog\/wp-content\/uploads\/2023\/10\/la-saison-2023-24-du-utah-jazz-dans-un-monde-ideal.jpg","articleSection":["Wiki Sur Festival Jazz Et Musique En Mode Guinguette:"],"inLanguage":"fr-FR"},{"@type":"WebPage","@id":"https:\/\/www.festivox.fr\/blog\/la-saison-2023-24-du-utah-jazz-dans-un-monde-ideal\/","url":"https:\/\/www.festivox.fr\/blog\/la-saison-2023-24-du-utah-jazz-dans-un-monde-ideal\/","name":"La saison 2023-24 du Utah Jazz\u2026 dans un monde id\u00e9al - FESTIVOX","isPartOf":{"@id":"https:\/\/www.festivox.fr\/blog\/#website"},"primaryImageOfPage":{"@id":"https:\/\/www.festivox.fr\/blog\/la-saison-2023-24-du-utah-jazz-dans-un-monde-ideal\/#primaryimage"},"image":{"@id":"https:\/\/www.festivox.fr\/blog\/la-saison-2023-24-du-utah-jazz-dans-un-monde-ideal\/#primaryimage"},"thumbnailUrl":"https:\/\/www.festivox.fr\/blog\/wp-content\/uploads\/2023\/10\/la-saison-2023-24-du-utah-jazz-dans-un-monde-ideal.jpg","datePublished":"2023-10-05T05:38:00+00:00","breadcrumb":{"@id":"https:\/\/www.festivox.fr\/blog\/la-saison-2023-24-du-utah-jazz-dans-un-monde-ideal\/#breadcrumb"},"inLanguage":"fr-FR","potentialAction":[{"@type":"ReadAction","target":["https:\/\/www.festivox.fr\/blog\/la-saison-2023-24-du-utah-jazz-dans-un-monde-ideal\/"]}]},{"@type":"ImageObject","inLanguage":"fr-FR","@id":"https:\/\/www.festivox.fr\/blog\/la-saison-2023-24-du-utah-jazz-dans-un-monde-ideal\/#primaryimage","url":"https:\/\/www.festivox.fr\/blog\/wp-content\/uploads\/2023\/10\/la-saison-2023-24-du-utah-jazz-dans-un-monde-ideal.jpg","contentUrl":"https:\/\/www.festivox.fr\/blog\/wp-content\/uploads\/2023\/10\/la-saison-2023-24-du-utah-jazz-dans-un-monde-ideal.jpg","width":2060,"height":1030},{"@type":"BreadcrumbList","@id":"https:\/\/www.festivox.fr\/blog\/la-saison-2023-24-du-utah-jazz-dans-un-monde-ideal\/#breadcrumb","itemListElement":[{"@type":"ListItem","position":1,"name":"Accueil","item":"https:\/\/www.festivox.fr\/blog\/"},{"@type":"ListItem","position":2,"name":"La saison 2023-24 du Utah Jazz\u2026 dans un monde id\u00e9al"}]},{"@type":"WebSite","@id":"https:\/\/www.festivox.fr\/blog\/#website","url":"https:\/\/www.festivox.fr\/blog\/","name":"FESTIVOX","description":"Festival en mode guinguette.","publisher":{"@id":"https:\/\/www.festivox.fr\/blog\/#organization"},"potentialAction":[{"@type":"SearchAction","target":{"@type":"EntryPoint","urlTemplate":"https:\/\/www.festivox.fr\/blog\/?s={search_term_string}"},"query-input":{"@type":"PropertyValueSpecification","valueRequired":true,"valueName":"search_term_string"}}],"inLanguage":"fr-FR"},{"@type":"Organization","@id":"https:\/\/www.festivox.fr\/blog\/#organization","name":"festivox","url":"https:\/\/www.festivox.fr\/blog\/","logo":{"@type":"ImageObject","inLanguage":"fr-FR","@id":"https:\/\/www.festivox.fr\/blog\/#\/schema\/logo\/image\/","url":"https:\/\/www.festivox.fr\/blog\/wp-content\/uploads\/2023\/06\/logo-2.png","contentUrl":"https:\/\/www.festivox.fr\/blog\/wp-content\/uploads\/2023\/06\/logo-2.png","width":480,"height":160,"caption":"festivox"},"image":{"@id":"https:\/\/www.festivox.fr\/blog\/#\/schema\/logo\/image\/"}},{"@type":"Person","@id":"https:\/\/www.festivox.fr\/blog\/#\/schema\/person\/f36a8b6bc94800c3eafed4bca993ce95","name":"Michele","image":{"@type":"ImageObject","inLanguage":"fr-FR","@id":"https:\/\/secure.gravatar.com\/avatar\/b062046536b5d47ec9075956ec349ef95ed06b0f910c578f74abb318668b702e?s=96&d=mm&r=g","url":"https:\/\/secure.gravatar.com\/avatar\/b062046536b5d47ec9075956ec349ef95ed06b0f910c578f74abb318668b702e?s=96&d=mm&r=g","contentUrl":"https:\/\/secure.gravatar.com\/avatar\/b062046536b5d47ec9075956ec349ef95ed06b0f910c578f74abb318668b702e?s=96&d=mm&r=g","caption":"Michele"},"sameAs":["https:\/\/www.festivox.fr\/blog"],"url":"https:\/\/www.festivox.fr\/blog\/author\/voxadmin\/"}]}},"_links":{"self":[{"href":"https:\/\/www.festivox.fr\/blog\/wp-json\/wp\/v2\/posts\/470","targetHints":{"allow":["GET"]}}],"collection":[{"href":"https:\/\/www.festivox.fr\/blog\/wp-json\/wp\/v2\/posts"}],"about":[{"href":"https:\/\/www.festivox.fr\/blog\/wp-json\/wp\/v2\/types\/post"}],"author":[{"embeddable":true,"href":"https:\/\/www.festivox.fr\/blog\/wp-json\/wp\/v2\/users\/1"}],"replies":[{"embeddable":true,"href":"https:\/\/www.festivox.fr\/blog\/wp-json\/wp\/v2\/comments?post=470"}],"version-history":[{"count":0,"href":"https:\/\/www.festivox.fr\/blog\/wp-json\/wp\/v2\/posts\/470\/revisions"}],"wp:featuredmedia":[{"embeddable":true,"href":"https:\/\/www.festivox.fr\/blog\/wp-json\/wp\/v2\/media\/471"}],"wp:attachment":[{"href":"https:\/\/www.festivox.fr\/blog\/wp-json\/wp\/v2\/media?parent=470"}],"wp:term":[{"taxonomy":"category","embeddable":true,"href":"https:\/\/www.festivox.fr\/blog\/wp-json\/wp\/v2\/categories?post=470"},{"taxonomy":"post_tag","embeddable":true,"href":"https:\/\/www.festivox.fr\/blog\/wp-json\/wp\/v2\/tags?post=470"}],"curies":[{"name":"wp","href":"https:\/\/api.w.org\/{rel}","templated":true}]}}