{"id":433,"date":"2023-09-21T09:51:00","date_gmt":"2023-09-21T07:51:00","guid":{"rendered":"https:\/\/www.festivox.fr\/blog\/jazz-et-garonne-revient-a-marmande-le-5-octobre-on-veut-presenter-des-oeuvres-originales-et-valoriser-la-creation-artistique\/"},"modified":"2023-09-21T09:51:00","modified_gmt":"2023-09-21T07:51:00","slug":"jazz-et-garonne-revient-a-marmande-le-5-octobre-on-veut-presenter-des-oeuvres-originales-et-valoriser-la-creation-artistique","status":"publish","type":"post","link":"https:\/\/www.festivox.fr\/blog\/jazz-et-garonne-revient-a-marmande-le-5-octobre-on-veut-presenter-des-oeuvres-originales-et-valoriser-la-creation-artistique\/","title":{"rendered":"Jazz et Garonne revient \u00e0 Marmande le 5 octobre : \u00ab On veut pr\u00e9senter des \u0153uvres originales et valoriser la cr\u00e9ation artistique"},"content":{"rendered":"\n<div>\n<p>\u00ab&nbsp;On est ravis de finaliser et d\u2019aborder cette 13<sup>e<\/sup> \u00e9dition de <a href=\"https:\/\/www.jazzetgaronne.com\/\" target=\"_blank\" rel=\"nofollow noopener\">Jazz et Garonne<\/a>, de voir toute l\u2019\u00e9nergie qu\u2019il y a encore autour de ce festival, et de pouvoir une nouvelle fois alimenter la curiosit\u00e9 des gens qui aiment cette musique, et, ce, malgr\u00e9 les difficult\u00e9s qui existent parfois pour les petits festivals.&nbsp;\u00bb C\u2019est avec enthousiasme qu\u2019\u00c9ric S\u00e9va, des Z\u2019Arts de Garonne, l\u2019association organisatrice, a pr\u00e9sent\u00e9 la nouvelle \u00e9dition du festival de jazz marmandais, qui se tiendra du 5 au 15&nbsp;octobre prochain. Au programme, plusieurs soir\u00e9es de concerts, mais&#8230;<\/p>\n<\/div>\n<div>\n<p>\u00ab&nbsp;On est ravis de finaliser et d\u2019aborder cette 13<sup>e<\/sup> \u00e9dition de <a href=\"https:\/\/www.jazzetgaronne.com\/\" target=\"_blank\" rel=\"nofollow noopener\">Jazz et Garonne<\/a>, de voir toute l\u2019\u00e9nergie qu\u2019il y a encore autour de ce festival, et de pouvoir une nouvelle fois alimenter la curiosit\u00e9 des gens qui aiment cette musique, et, ce, malgr\u00e9 les difficult\u00e9s qui existent parfois pour les petits festivals.&nbsp;\u00bb C\u2019est avec enthousiasme qu\u2019\u00c9ric S\u00e9va, des Z\u2019Arts de Garonne, l\u2019association organisatrice, a pr\u00e9sent\u00e9 la nouvelle \u00e9dition du festival de jazz marmandais, qui se tiendra du 5 au 15&nbsp;octobre prochain. Au programme, plusieurs soir\u00e9es de concerts, mais pas que\u2026<\/p>\n<h2 class=\"article-subtitle\"><span class=\"lettrine-true\">1 &#8211;<\/span> Des concerts p\u00e9dagogiques suivis d\u2019une soir\u00e9e<\/h2>\n<p>Cette ann\u00e9e, le festival commencera le jeudi 5&nbsp;octobre avec ses traditionnels concerts p\u00e9dagogiques. Le Duo Loryx sera pr\u00e9sent au Com\u0153dia pour deux temps avec les scolaires \u00e0 10 heures et 14&nbsp;h&nbsp;15. Fr\u00e9d\u00e9ric Couderc et C\u00e9dric Baud, \u00e0 la fl\u00fbte et \u00e0 la guitare, encadreront ce \u00ab&nbsp;voyage musical autour de la fl\u00fbte&nbsp;\u00bb, lors duquel une panoplie d\u2019instruments sera pr\u00e9sent\u00e9e aux \u00e9l\u00e8ves.<\/p>\n<div class=\"related-article related-article-premium base-margin-bottom\"> <span class=\"badge\">Sur le m\u00eame sujet<\/span> <\/div>\n<p>Et, le soir, un concert aura lieu pour la premi\u00e8re fois \u00e0 l\u2019issue de ces rencontres avec les plus jeunes. Il commencera \u00e0 20 heures, toujours au Com\u0153dia avec le duo Loryx.<\/p>\n<h2 class=\"article-subtitle\"><span class=\"lettrine-true\">2 &#8211;<\/span> Deux week-ends de musique<\/h2>\n<p>Apr\u00e8s cette mise en bouche, le premier week-end de concert sera lanc\u00e9 au Petit Th\u00e9\u00e2tre Coluche avec le Eddie Dhaini Quartet, le vendredi 6&nbsp;octobre \u00e0 20&nbsp;h&nbsp;30. \u00ab&nbsp;On a voulu mettre en avant de jeunes musiciens, d\u00e9taille \u00c9ric S\u00e9va. Ce quartet avec guitare, contrebasse, batterie et trompette propose une musique tr\u00e8s sensible, uniquement des compositions, ce qui correspond \u00e0 la ligne artistique du festival&nbsp;: pr\u00e9senter des \u0153uvres originales et valoriser la cr\u00e9ation artistique.&nbsp;\u00bb<\/p>\n<blockquote><p>\u00ab&nbsp;On est ravis de pouvoir une nouvelle fois alimenter la curiosit\u00e9 des gens qui aiment cette musique&nbsp;\u00bb<\/p><\/blockquote>\n<p>Le 7&nbsp;octobre sera d\u00e9di\u00e9 aux tout petits avec un go\u00fbter jazz et une balade africaine entre musique et danse. Koku Am\u00e9ada emm\u00e8nera les 2-8&nbsp;ans dans un voyage au c\u0153ur de l\u2019Afrique. \u00ab&nbsp;Comme les enfants sont souvent participatifs, ce sera sympa de les voir danser et tester les instruments&nbsp;\u00bb, anticipe \u00c9ric S\u00e9va. Deux s\u00e9ances gratuites sont pr\u00e9vues, \u00e0 14&nbsp;h&nbsp;15 et 15&nbsp;h&nbsp;15, \u00e0 la m\u00e9diath\u00e8que.<\/p>\n<figure class=\"medium\"> <img decoding=\"async\" id=\"16632870\" src=\"https:\/\/www.festivox.fr\/blog\/wp-content\/uploads\/2023\/09\/jazz-et-garonne-revient-a-marmande-le-5-octobre-on-veut-presenter-des-oeuvres-originales-et-valoriser-la-creation-artistique.jpg\" alt=\"\u00c9ric S\u00e9va pr\u00e9sentera \u00ab&nbsp;Adeo&nbsp;\u00bb (l\u2019expression signifie \u00ab&nbsp;aller vers&nbsp;\u00bb en latin) le 13&nbsp;octobre.\"><figcaption class=\"caption\">    <span>\u00c9ric S\u00e9va pr\u00e9sentera \u00ab&nbsp;Adeo&nbsp;\u00bb (l\u2019expression signifie \u00ab&nbsp;aller vers&nbsp;\u00bb en latin) le 13&nbsp;octobre.<\/span> <\/p>\n<p>Sylvain Gripoix<\/p>\n<\/figcaption><\/figure>\n<p>Viendra ensuite le deuxi\u00e8me week-end. Le vendredi 13&nbsp;octobre, \u00e0 20 heures, \u00c9ric S\u00e9va montera sur la sc\u00e8ne du Com\u0153dia avec six autres musiciens pour pr\u00e9senter \u00ab&nbsp;Adeo&nbsp;\u00bb, un projet \u00e9crit pendant le confinement, qui fera se rencontrer la musique de tradition orale (jazz, musique populaire) et celle de tradition \u00e9crite (musique classique). Suivra ensuite le Roger Biwandu et son \u00ab&nbsp;Bordeaux Quintet&nbsp;\u00bb, \u00e0 21&nbsp;h&nbsp;45.<\/p>\n<figure class=\"medium\"> <img decoding=\"async\" id=\"16632872\" src=\"https:\/\/www.festivox.fr\/blog\/wp-content\/uploads\/2023\/09\/jazz-et-garonne-revient-a-marmande-le-5-octobre-on-veut-presenter-des-oeuvres-originales-et-valoriser-la-creation-artistique-1.jpg\" alt=\"Roger Biwandu s\u2019entourera de ses amis musiciens du circuit bordelais.\"><figcaption class=\"caption\">    <span>Roger Biwandu s\u2019entourera de ses amis musiciens du circuit bordelais.<\/span> <\/p>\n<p>Collection personnelle<\/p>\n<\/figcaption><\/figure>\n<p>Le lendemain, samedi 14&nbsp;octobre, place \u00e0 Na\u00efssam Jalal (Com\u0153dia, 20 heures), fl\u00fbtiste compositrice plusieurs fois r\u00e9compens\u00e9e, notamment par une Victoire du jazz en 2019. \u00ab&nbsp;C\u2019est une artiste tr\u00e8s habit\u00e9e par la spiritualit\u00e9, ce qui s\u2019entend profond\u00e9ment dans sa musique, \u00e0 la fois m\u00e9ditative et puissante.&nbsp;\u00bb Un concert qui contrastera avec le suivant, celui de Thierry Eliez, qui rendra hommage \u00e0 Emerson, du groupe Emerson, Lake and Palmer, en revisitant des morceaux rock avec des cordes et dans une configuration acoustique.<\/p>\n<figure class=\"medium\"> <img decoding=\"async\" id=\"16632897\" src=\"https:\/\/www.festivox.fr\/blog\/wp-content\/uploads\/2023\/09\/jazz-et-garonne-revient-a-marmande-le-5-octobre-on-veut-presenter-des-oeuvres-originales-et-valoriser-la-creation-artistique-2.jpg\" alt=\"Thierry Eliez entour\u00e9 de Ceilin Poggi, Johan Renard, Khoa-Nam Nguyen, Valentine Garilli et Guillaume Latil.\"><figcaption class=\"caption\">    <span>Thierry Eliez entour\u00e9 de Ceilin Poggi, Johan Renard, Khoa-Nam Nguyen, Valentine Garilli et Guillaume Latil.<\/span> <\/p>\n<p>Aurore Doudoux<\/p>\n<\/figcaption><\/figure>\n<p>Le week-end et le festival prendront fin lors d\u2019un ultime concert, le 15&nbsp;octobre \u00e0 19 heures, en l\u2019\u00e9glise de Fourques, o\u00f9 les saxophonistes C\u00e9line Bonacina et Laurent Dehors, \u00ab&nbsp;deux solistes remarquables&nbsp;\u00bb, m\u00e9langeront \u00ab&nbsp;leurs univers tr\u00e8s diff\u00e9rents&nbsp;\u00bb pour un concert qui promet d\u2019\u00eatre singulier.<\/p>\n<figure class=\"medium\"> <img decoding=\"async\" id=\"16632896\" src=\"https:\/\/www.festivox.fr\/blog\/wp-content\/uploads\/2023\/09\/jazz-et-garonne-revient-a-marmande-le-5-octobre-on-veut-presenter-des-oeuvres-originales-et-valoriser-la-creation-artistique-3.jpg\" alt=\"C\u00e9line Bonacina et Laurent Dehors forment le duo Bonacina-Dehors.\"><figcaption class=\"caption\">    <span>C\u00e9line Bonacina et Laurent Dehors forment le duo Bonacina-Dehors.<\/span> <\/p>\n<p>Lo\u00efc Seron<\/p>\n<\/figcaption><\/figure>\n<h2 class=\"article-subtitle\"><span class=\"lettrine-true\">3 &#8211;<\/span> Conf\u00e9rence et brunch<\/h2>\n<p>Pour faire sortir la musique des salles du concert, un brunch est \u00e9galement organis\u00e9 dans le cadre du festival, le dimanche 8&nbsp;octobre \u00e0 11 heures au caf\u00e9 du commerce. On pourra y profiter d\u2019un concert gratuit du groupe local Edzato qui pr\u00e9sentera son r\u00e9pertoire entre standards r\u00e9arrang\u00e9s et compositions intimistes.<\/p>\n<div class=\"related-article related-article-premium base-margin-bottom\"> <span class=\"badge\">Sur le m\u00eame sujet<\/span> <\/div>\n<p>Le 14&nbsp;octobre, Jean-Michel Proust, v\u00e9ritable \u00ab&nbsp;encyclop\u00e9die du jazz&nbsp;\u00bb, animera une conf\u00e9rence gratuite sur le label jazz Blue Note \u00e0 la m\u00e9diath\u00e8que (11 heures). \u00ab&nbsp;C\u2019est toujours int\u00e9ressant d\u2019entendre des gens tr\u00e8s cultiv\u00e9s dans un domaine en parler avec passion&nbsp;\u00bb, se r\u00e9jouit \u00c9ric S\u00e9va.<\/p>\n<h2 class=\"article-subtitle\"><span class=\"lettrine-true\">4 &#8211;<\/span> Une expo \u00e0 la m\u00e9diath\u00e8que<\/h2>\n<p>Enfin, du 23&nbsp;septembre au 28&nbsp;octobre, trois photographes d\u2019Action Jazz exposeront leurs clich\u00e9s \u00e0 la m\u00e9diath\u00e8que, pour une exposition intitul\u00e9e \u00ab&nbsp;Quand le jazz s\u2019expose&nbsp;\u00bb. On y retrouvera des photos des diff\u00e9rentes \u00e9ditions de Jazz et Garonne, mais aussi de nombreux festivals de Nouvelle-Aquitaine et du Lot-et-Garonne.<\/p>\n<p><em>R\u00e9servations \u00e0 l\u2019Office de tourisme du Val de Garonne, rue Toupinerie ou <a href=\"https:\/\/www.jazzetgaronne.com\/le-festival\/billetterie\/\" target=\"_blank\" rel=\"nofollow noopener\">sur le site de l\u2019\u00e9v\u00e9nement<\/a>. Concerts de 8 \u00e0 20&nbsp;euros. Gratuit pour les moins de 12&nbsp;ans.<\/em><\/p>\n<\/div>\n<p> Cet article, qui traite du th\u00e8me \u00ab\u00a0Festival Jazz et musique en mode guinguette\u00a0\u00bb, vous est d\u00e9lib\u00e9r\u00e9ment offert par festivox.fr. La raison d\u2019\u00eatre de festivox.fr est de parler de Festival Jazz et musique en mode guinguette dans la transparence la plus g\u00e9n\u00e9rale en vous procurant la visibilit\u00e9 de tout ce qui est publi\u00e9 sur ce sujet sur le web La chronique a \u00e9t\u00e9 g\u00e9n\u00e9r\u00e9e de la mani\u00e8re la plus honn\u00eate que possible. S\u2019il advenait que vous projetez d\u2019apporter quelques notes concernant le domaine de \u00ab\u00a0Festival Jazz et musique en mode guinguette\u00a0\u00bb vous avez la possibilit\u00e9 de d&rsquo;\u00e9changer avec notre r\u00e9daction. Dans peu de temps, on mettra en ligne d&rsquo;autres informations pertinentes autour du sujet \u00ab\u00a0Festival Jazz et musique en mode guinguette\u00a0\u00bb. Ainsi, consultez r\u00e9guli\u00e8rement notre site.<\/p>\n","protected":false},"excerpt":{"rendered":"<p>\u00ab&nbsp;On est ravis de finaliser et d\u2019aborder cette 13e \u00e9dition de Jazz et Garonne, de voir toute l\u2019\u00e9nergie qu\u2019il y a encore autour de ce festival, et de pouvoir une nouvelle fois alimenter la curiosit\u00e9 des gens qui aiment cette musique, et, ce, malgr\u00e9 les difficult\u00e9s qui existent parfois pour les petits festivals.&nbsp;\u00bb C\u2019est avec&hellip;<\/p>\n","protected":false},"author":1,"featured_media":434,"comment_status":"closed","ping_status":"closed","sticky":false,"template":"","format":"standard","meta":{"footnotes":""},"categories":[3],"tags":[],"class_list":["post-433","post","type-post","status-publish","format-standard","has-post-thumbnail","hentry","category-wiki-sur-festival-jazz-et-musique-en-mode-guinguette"],"yoast_head":"<!-- This site is optimized with the Yoast SEO plugin v27.5 - https:\/\/yoast.com\/product\/yoast-seo-wordpress\/ -->\n<title>Jazz et Garonne revient \u00e0 Marmande le 5 octobre : \u00ab On veut pr\u00e9senter des \u0153uvres originales et valoriser la cr\u00e9ation artistique - FESTIVOX<\/title>\n<meta name=\"robots\" content=\"index, follow, max-snippet:-1, max-image-preview:large, max-video-preview:-1\" \/>\n<link rel=\"canonical\" href=\"https:\/\/www.festivox.fr\/blog\/jazz-et-garonne-revient-a-marmande-le-5-octobre-on-veut-presenter-des-oeuvres-originales-et-valoriser-la-creation-artistique\/\" \/>\n<meta property=\"og:locale\" content=\"fr_FR\" \/>\n<meta property=\"og:type\" content=\"article\" \/>\n<meta property=\"og:title\" content=\"Jazz et Garonne revient \u00e0 Marmande le 5 octobre : \u00ab On veut pr\u00e9senter des \u0153uvres originales et valoriser la cr\u00e9ation artistique - FESTIVOX\" \/>\n<meta property=\"og:description\" content=\"\u00ab&nbsp;On est ravis de finaliser et d\u2019aborder cette 13e \u00e9dition de Jazz et Garonne, de voir toute l\u2019\u00e9nergie qu\u2019il y a encore autour de ce festival, et de pouvoir une nouvelle fois alimenter la curiosit\u00e9 des gens qui aiment cette musique, et, ce, malgr\u00e9 les difficult\u00e9s qui existent parfois pour les petits festivals.&nbsp;\u00bb C\u2019est avec&hellip;\" \/>\n<meta property=\"og:url\" content=\"https:\/\/www.festivox.fr\/blog\/jazz-et-garonne-revient-a-marmande-le-5-octobre-on-veut-presenter-des-oeuvres-originales-et-valoriser-la-creation-artistique\/\" \/>\n<meta property=\"og:site_name\" content=\"FESTIVOX\" \/>\n<meta property=\"article:published_time\" content=\"2023-09-21T07:51:00+00:00\" \/>\n<meta property=\"og:image\" content=\"https:\/\/www.festivox.fr\/blog\/wp-content\/uploads\/2023\/09\/jazz-et-garonne-revient-a-marmande-le-5-octobre-on-veut-presenter-des-oeuvres-originales-et-valoriser-la-creation-artistique.jpg\" \/>\n<meta name=\"author\" content=\"Michele\" \/>\n<meta name=\"twitter:card\" content=\"summary_large_image\" \/>\n<meta name=\"twitter:label1\" content=\"\u00c9crit par\" \/>\n\t<meta name=\"twitter:data1\" content=\"Michele\" \/>\n\t<meta name=\"twitter:label2\" content=\"Dur\u00e9e de lecture estim\u00e9e\" \/>\n\t<meta name=\"twitter:data2\" content=\"6 minutes\" \/>\n<script type=\"application\/ld+json\" class=\"yoast-schema-graph\">{\"@context\":\"https:\\\/\\\/schema.org\",\"@graph\":[{\"@type\":\"Article\",\"@id\":\"https:\\\/\\\/www.festivox.fr\\\/blog\\\/jazz-et-garonne-revient-a-marmande-le-5-octobre-on-veut-presenter-des-oeuvres-originales-et-valoriser-la-creation-artistique\\\/#article\",\"isPartOf\":{\"@id\":\"https:\\\/\\\/www.festivox.fr\\\/blog\\\/jazz-et-garonne-revient-a-marmande-le-5-octobre-on-veut-presenter-des-oeuvres-originales-et-valoriser-la-creation-artistique\\\/\"},\"author\":{\"name\":\"Michele\",\"@id\":\"https:\\\/\\\/www.festivox.fr\\\/blog\\\/#\\\/schema\\\/person\\\/f36a8b6bc94800c3eafed4bca993ce95\"},\"headline\":\"Jazz et Garonne revient \u00e0 Marmande le 5 octobre : \u00ab On veut pr\u00e9senter des \u0153uvres originales et valoriser la cr\u00e9ation artistique\",\"datePublished\":\"2023-09-21T07:51:00+00:00\",\"mainEntityOfPage\":{\"@id\":\"https:\\\/\\\/www.festivox.fr\\\/blog\\\/jazz-et-garonne-revient-a-marmande-le-5-octobre-on-veut-presenter-des-oeuvres-originales-et-valoriser-la-creation-artistique\\\/\"},\"wordCount\":1172,\"publisher\":{\"@id\":\"https:\\\/\\\/www.festivox.fr\\\/blog\\\/#organization\"},\"image\":{\"@id\":\"https:\\\/\\\/www.festivox.fr\\\/blog\\\/jazz-et-garonne-revient-a-marmande-le-5-octobre-on-veut-presenter-des-oeuvres-originales-et-valoriser-la-creation-artistique\\\/#primaryimage\"},\"thumbnailUrl\":\"https:\\\/\\\/www.festivox.fr\\\/blog\\\/wp-content\\\/uploads\\\/2023\\\/09\\\/jazz-et-garonne-revient-a-marmande-le-5-octobre-on-veut-presenter-des-oeuvres-originales-et-valoriser-la-creation-artistique.jpg\",\"articleSection\":[\"Wiki Sur Festival Jazz Et Musique En Mode Guinguette:\"],\"inLanguage\":\"fr-FR\"},{\"@type\":\"WebPage\",\"@id\":\"https:\\\/\\\/www.festivox.fr\\\/blog\\\/jazz-et-garonne-revient-a-marmande-le-5-octobre-on-veut-presenter-des-oeuvres-originales-et-valoriser-la-creation-artistique\\\/\",\"url\":\"https:\\\/\\\/www.festivox.fr\\\/blog\\\/jazz-et-garonne-revient-a-marmande-le-5-octobre-on-veut-presenter-des-oeuvres-originales-et-valoriser-la-creation-artistique\\\/\",\"name\":\"Jazz et Garonne revient \u00e0 Marmande le 5 octobre : \u00ab On veut pr\u00e9senter des \u0153uvres originales et valoriser la cr\u00e9ation artistique - FESTIVOX\",\"isPartOf\":{\"@id\":\"https:\\\/\\\/www.festivox.fr\\\/blog\\\/#website\"},\"primaryImageOfPage\":{\"@id\":\"https:\\\/\\\/www.festivox.fr\\\/blog\\\/jazz-et-garonne-revient-a-marmande-le-5-octobre-on-veut-presenter-des-oeuvres-originales-et-valoriser-la-creation-artistique\\\/#primaryimage\"},\"image\":{\"@id\":\"https:\\\/\\\/www.festivox.fr\\\/blog\\\/jazz-et-garonne-revient-a-marmande-le-5-octobre-on-veut-presenter-des-oeuvres-originales-et-valoriser-la-creation-artistique\\\/#primaryimage\"},\"thumbnailUrl\":\"https:\\\/\\\/www.festivox.fr\\\/blog\\\/wp-content\\\/uploads\\\/2023\\\/09\\\/jazz-et-garonne-revient-a-marmande-le-5-octobre-on-veut-presenter-des-oeuvres-originales-et-valoriser-la-creation-artistique.jpg\",\"datePublished\":\"2023-09-21T07:51:00+00:00\",\"breadcrumb\":{\"@id\":\"https:\\\/\\\/www.festivox.fr\\\/blog\\\/jazz-et-garonne-revient-a-marmande-le-5-octobre-on-veut-presenter-des-oeuvres-originales-et-valoriser-la-creation-artistique\\\/#breadcrumb\"},\"inLanguage\":\"fr-FR\",\"potentialAction\":[{\"@type\":\"ReadAction\",\"target\":[\"https:\\\/\\\/www.festivox.fr\\\/blog\\\/jazz-et-garonne-revient-a-marmande-le-5-octobre-on-veut-presenter-des-oeuvres-originales-et-valoriser-la-creation-artistique\\\/\"]}]},{\"@type\":\"ImageObject\",\"inLanguage\":\"fr-FR\",\"@id\":\"https:\\\/\\\/www.festivox.fr\\\/blog\\\/jazz-et-garonne-revient-a-marmande-le-5-octobre-on-veut-presenter-des-oeuvres-originales-et-valoriser-la-creation-artistique\\\/#primaryimage\",\"url\":\"https:\\\/\\\/www.festivox.fr\\\/blog\\\/wp-content\\\/uploads\\\/2023\\\/09\\\/jazz-et-garonne-revient-a-marmande-le-5-octobre-on-veut-presenter-des-oeuvres-originales-et-valoriser-la-creation-artistique.jpg\",\"contentUrl\":\"https:\\\/\\\/www.festivox.fr\\\/blog\\\/wp-content\\\/uploads\\\/2023\\\/09\\\/jazz-et-garonne-revient-a-marmande-le-5-octobre-on-veut-presenter-des-oeuvres-originales-et-valoriser-la-creation-artistique.jpg\",\"width\":1200,\"height\":800},{\"@type\":\"BreadcrumbList\",\"@id\":\"https:\\\/\\\/www.festivox.fr\\\/blog\\\/jazz-et-garonne-revient-a-marmande-le-5-octobre-on-veut-presenter-des-oeuvres-originales-et-valoriser-la-creation-artistique\\\/#breadcrumb\",\"itemListElement\":[{\"@type\":\"ListItem\",\"position\":1,\"name\":\"Accueil\",\"item\":\"https:\\\/\\\/www.festivox.fr\\\/blog\\\/\"},{\"@type\":\"ListItem\",\"position\":2,\"name\":\"Jazz et Garonne revient \u00e0 Marmande le 5 octobre : \u00ab On veut pr\u00e9senter des \u0153uvres originales et valoriser la cr\u00e9ation artistique\"}]},{\"@type\":\"WebSite\",\"@id\":\"https:\\\/\\\/www.festivox.fr\\\/blog\\\/#website\",\"url\":\"https:\\\/\\\/www.festivox.fr\\\/blog\\\/\",\"name\":\"FESTIVOX\",\"description\":\"Festival en mode guinguette.\",\"publisher\":{\"@id\":\"https:\\\/\\\/www.festivox.fr\\\/blog\\\/#organization\"},\"potentialAction\":[{\"@type\":\"SearchAction\",\"target\":{\"@type\":\"EntryPoint\",\"urlTemplate\":\"https:\\\/\\\/www.festivox.fr\\\/blog\\\/?s={search_term_string}\"},\"query-input\":{\"@type\":\"PropertyValueSpecification\",\"valueRequired\":true,\"valueName\":\"search_term_string\"}}],\"inLanguage\":\"fr-FR\"},{\"@type\":\"Organization\",\"@id\":\"https:\\\/\\\/www.festivox.fr\\\/blog\\\/#organization\",\"name\":\"festivox\",\"url\":\"https:\\\/\\\/www.festivox.fr\\\/blog\\\/\",\"logo\":{\"@type\":\"ImageObject\",\"inLanguage\":\"fr-FR\",\"@id\":\"https:\\\/\\\/www.festivox.fr\\\/blog\\\/#\\\/schema\\\/logo\\\/image\\\/\",\"url\":\"https:\\\/\\\/www.festivox.fr\\\/blog\\\/wp-content\\\/uploads\\\/2023\\\/06\\\/logo-2.png\",\"contentUrl\":\"https:\\\/\\\/www.festivox.fr\\\/blog\\\/wp-content\\\/uploads\\\/2023\\\/06\\\/logo-2.png\",\"width\":480,\"height\":160,\"caption\":\"festivox\"},\"image\":{\"@id\":\"https:\\\/\\\/www.festivox.fr\\\/blog\\\/#\\\/schema\\\/logo\\\/image\\\/\"}},{\"@type\":\"Person\",\"@id\":\"https:\\\/\\\/www.festivox.fr\\\/blog\\\/#\\\/schema\\\/person\\\/f36a8b6bc94800c3eafed4bca993ce95\",\"name\":\"Michele\",\"image\":{\"@type\":\"ImageObject\",\"inLanguage\":\"fr-FR\",\"@id\":\"https:\\\/\\\/secure.gravatar.com\\\/avatar\\\/b062046536b5d47ec9075956ec349ef95ed06b0f910c578f74abb318668b702e?s=96&d=mm&r=g\",\"url\":\"https:\\\/\\\/secure.gravatar.com\\\/avatar\\\/b062046536b5d47ec9075956ec349ef95ed06b0f910c578f74abb318668b702e?s=96&d=mm&r=g\",\"contentUrl\":\"https:\\\/\\\/secure.gravatar.com\\\/avatar\\\/b062046536b5d47ec9075956ec349ef95ed06b0f910c578f74abb318668b702e?s=96&d=mm&r=g\",\"caption\":\"Michele\"},\"sameAs\":[\"https:\\\/\\\/www.festivox.fr\\\/blog\"],\"url\":\"https:\\\/\\\/www.festivox.fr\\\/blog\\\/author\\\/voxadmin\\\/\"}]}<\/script>\n<!-- \/ Yoast SEO plugin. -->","yoast_head_json":{"title":"Jazz et Garonne revient \u00e0 Marmande le 5 octobre : \u00ab On veut pr\u00e9senter des \u0153uvres originales et valoriser la cr\u00e9ation artistique - FESTIVOX","robots":{"index":"index","follow":"follow","max-snippet":"max-snippet:-1","max-image-preview":"max-image-preview:large","max-video-preview":"max-video-preview:-1"},"canonical":"https:\/\/www.festivox.fr\/blog\/jazz-et-garonne-revient-a-marmande-le-5-octobre-on-veut-presenter-des-oeuvres-originales-et-valoriser-la-creation-artistique\/","og_locale":"fr_FR","og_type":"article","og_title":"Jazz et Garonne revient \u00e0 Marmande le 5 octobre : \u00ab On veut pr\u00e9senter des \u0153uvres originales et valoriser la cr\u00e9ation artistique - FESTIVOX","og_description":"\u00ab&nbsp;On est ravis de finaliser et d\u2019aborder cette 13e \u00e9dition de Jazz et Garonne, de voir toute l\u2019\u00e9nergie qu\u2019il y a encore autour de ce festival, et de pouvoir une nouvelle fois alimenter la curiosit\u00e9 des gens qui aiment cette musique, et, ce, malgr\u00e9 les difficult\u00e9s qui existent parfois pour les petits festivals.&nbsp;\u00bb C\u2019est avec&hellip;","og_url":"https:\/\/www.festivox.fr\/blog\/jazz-et-garonne-revient-a-marmande-le-5-octobre-on-veut-presenter-des-oeuvres-originales-et-valoriser-la-creation-artistique\/","og_site_name":"FESTIVOX","article_published_time":"2023-09-21T07:51:00+00:00","og_image":[{"url":"https:\/\/www.festivox.fr\/blog\/wp-content\/uploads\/2023\/09\/jazz-et-garonne-revient-a-marmande-le-5-octobre-on-veut-presenter-des-oeuvres-originales-et-valoriser-la-creation-artistique.jpg","type":"","width":"","height":""}],"author":"Michele","twitter_card":"summary_large_image","twitter_misc":{"\u00c9crit par":"Michele","Dur\u00e9e de lecture estim\u00e9e":"6 minutes"},"schema":{"@context":"https:\/\/schema.org","@graph":[{"@type":"Article","@id":"https:\/\/www.festivox.fr\/blog\/jazz-et-garonne-revient-a-marmande-le-5-octobre-on-veut-presenter-des-oeuvres-originales-et-valoriser-la-creation-artistique\/#article","isPartOf":{"@id":"https:\/\/www.festivox.fr\/blog\/jazz-et-garonne-revient-a-marmande-le-5-octobre-on-veut-presenter-des-oeuvres-originales-et-valoriser-la-creation-artistique\/"},"author":{"name":"Michele","@id":"https:\/\/www.festivox.fr\/blog\/#\/schema\/person\/f36a8b6bc94800c3eafed4bca993ce95"},"headline":"Jazz et Garonne revient \u00e0 Marmande le 5 octobre : \u00ab On veut pr\u00e9senter des \u0153uvres originales et valoriser la cr\u00e9ation artistique","datePublished":"2023-09-21T07:51:00+00:00","mainEntityOfPage":{"@id":"https:\/\/www.festivox.fr\/blog\/jazz-et-garonne-revient-a-marmande-le-5-octobre-on-veut-presenter-des-oeuvres-originales-et-valoriser-la-creation-artistique\/"},"wordCount":1172,"publisher":{"@id":"https:\/\/www.festivox.fr\/blog\/#organization"},"image":{"@id":"https:\/\/www.festivox.fr\/blog\/jazz-et-garonne-revient-a-marmande-le-5-octobre-on-veut-presenter-des-oeuvres-originales-et-valoriser-la-creation-artistique\/#primaryimage"},"thumbnailUrl":"https:\/\/www.festivox.fr\/blog\/wp-content\/uploads\/2023\/09\/jazz-et-garonne-revient-a-marmande-le-5-octobre-on-veut-presenter-des-oeuvres-originales-et-valoriser-la-creation-artistique.jpg","articleSection":["Wiki Sur Festival Jazz Et Musique En Mode Guinguette:"],"inLanguage":"fr-FR"},{"@type":"WebPage","@id":"https:\/\/www.festivox.fr\/blog\/jazz-et-garonne-revient-a-marmande-le-5-octobre-on-veut-presenter-des-oeuvres-originales-et-valoriser-la-creation-artistique\/","url":"https:\/\/www.festivox.fr\/blog\/jazz-et-garonne-revient-a-marmande-le-5-octobre-on-veut-presenter-des-oeuvres-originales-et-valoriser-la-creation-artistique\/","name":"Jazz et Garonne revient \u00e0 Marmande le 5 octobre : \u00ab On veut pr\u00e9senter des \u0153uvres originales et valoriser la cr\u00e9ation artistique - FESTIVOX","isPartOf":{"@id":"https:\/\/www.festivox.fr\/blog\/#website"},"primaryImageOfPage":{"@id":"https:\/\/www.festivox.fr\/blog\/jazz-et-garonne-revient-a-marmande-le-5-octobre-on-veut-presenter-des-oeuvres-originales-et-valoriser-la-creation-artistique\/#primaryimage"},"image":{"@id":"https:\/\/www.festivox.fr\/blog\/jazz-et-garonne-revient-a-marmande-le-5-octobre-on-veut-presenter-des-oeuvres-originales-et-valoriser-la-creation-artistique\/#primaryimage"},"thumbnailUrl":"https:\/\/www.festivox.fr\/blog\/wp-content\/uploads\/2023\/09\/jazz-et-garonne-revient-a-marmande-le-5-octobre-on-veut-presenter-des-oeuvres-originales-et-valoriser-la-creation-artistique.jpg","datePublished":"2023-09-21T07:51:00+00:00","breadcrumb":{"@id":"https:\/\/www.festivox.fr\/blog\/jazz-et-garonne-revient-a-marmande-le-5-octobre-on-veut-presenter-des-oeuvres-originales-et-valoriser-la-creation-artistique\/#breadcrumb"},"inLanguage":"fr-FR","potentialAction":[{"@type":"ReadAction","target":["https:\/\/www.festivox.fr\/blog\/jazz-et-garonne-revient-a-marmande-le-5-octobre-on-veut-presenter-des-oeuvres-originales-et-valoriser-la-creation-artistique\/"]}]},{"@type":"ImageObject","inLanguage":"fr-FR","@id":"https:\/\/www.festivox.fr\/blog\/jazz-et-garonne-revient-a-marmande-le-5-octobre-on-veut-presenter-des-oeuvres-originales-et-valoriser-la-creation-artistique\/#primaryimage","url":"https:\/\/www.festivox.fr\/blog\/wp-content\/uploads\/2023\/09\/jazz-et-garonne-revient-a-marmande-le-5-octobre-on-veut-presenter-des-oeuvres-originales-et-valoriser-la-creation-artistique.jpg","contentUrl":"https:\/\/www.festivox.fr\/blog\/wp-content\/uploads\/2023\/09\/jazz-et-garonne-revient-a-marmande-le-5-octobre-on-veut-presenter-des-oeuvres-originales-et-valoriser-la-creation-artistique.jpg","width":1200,"height":800},{"@type":"BreadcrumbList","@id":"https:\/\/www.festivox.fr\/blog\/jazz-et-garonne-revient-a-marmande-le-5-octobre-on-veut-presenter-des-oeuvres-originales-et-valoriser-la-creation-artistique\/#breadcrumb","itemListElement":[{"@type":"ListItem","position":1,"name":"Accueil","item":"https:\/\/www.festivox.fr\/blog\/"},{"@type":"ListItem","position":2,"name":"Jazz et Garonne revient \u00e0 Marmande le 5 octobre : \u00ab On veut pr\u00e9senter des \u0153uvres originales et valoriser la cr\u00e9ation artistique"}]},{"@type":"WebSite","@id":"https:\/\/www.festivox.fr\/blog\/#website","url":"https:\/\/www.festivox.fr\/blog\/","name":"FESTIVOX","description":"Festival en mode guinguette.","publisher":{"@id":"https:\/\/www.festivox.fr\/blog\/#organization"},"potentialAction":[{"@type":"SearchAction","target":{"@type":"EntryPoint","urlTemplate":"https:\/\/www.festivox.fr\/blog\/?s={search_term_string}"},"query-input":{"@type":"PropertyValueSpecification","valueRequired":true,"valueName":"search_term_string"}}],"inLanguage":"fr-FR"},{"@type":"Organization","@id":"https:\/\/www.festivox.fr\/blog\/#organization","name":"festivox","url":"https:\/\/www.festivox.fr\/blog\/","logo":{"@type":"ImageObject","inLanguage":"fr-FR","@id":"https:\/\/www.festivox.fr\/blog\/#\/schema\/logo\/image\/","url":"https:\/\/www.festivox.fr\/blog\/wp-content\/uploads\/2023\/06\/logo-2.png","contentUrl":"https:\/\/www.festivox.fr\/blog\/wp-content\/uploads\/2023\/06\/logo-2.png","width":480,"height":160,"caption":"festivox"},"image":{"@id":"https:\/\/www.festivox.fr\/blog\/#\/schema\/logo\/image\/"}},{"@type":"Person","@id":"https:\/\/www.festivox.fr\/blog\/#\/schema\/person\/f36a8b6bc94800c3eafed4bca993ce95","name":"Michele","image":{"@type":"ImageObject","inLanguage":"fr-FR","@id":"https:\/\/secure.gravatar.com\/avatar\/b062046536b5d47ec9075956ec349ef95ed06b0f910c578f74abb318668b702e?s=96&d=mm&r=g","url":"https:\/\/secure.gravatar.com\/avatar\/b062046536b5d47ec9075956ec349ef95ed06b0f910c578f74abb318668b702e?s=96&d=mm&r=g","contentUrl":"https:\/\/secure.gravatar.com\/avatar\/b062046536b5d47ec9075956ec349ef95ed06b0f910c578f74abb318668b702e?s=96&d=mm&r=g","caption":"Michele"},"sameAs":["https:\/\/www.festivox.fr\/blog"],"url":"https:\/\/www.festivox.fr\/blog\/author\/voxadmin\/"}]}},"_links":{"self":[{"href":"https:\/\/www.festivox.fr\/blog\/wp-json\/wp\/v2\/posts\/433","targetHints":{"allow":["GET"]}}],"collection":[{"href":"https:\/\/www.festivox.fr\/blog\/wp-json\/wp\/v2\/posts"}],"about":[{"href":"https:\/\/www.festivox.fr\/blog\/wp-json\/wp\/v2\/types\/post"}],"author":[{"embeddable":true,"href":"https:\/\/www.festivox.fr\/blog\/wp-json\/wp\/v2\/users\/1"}],"replies":[{"embeddable":true,"href":"https:\/\/www.festivox.fr\/blog\/wp-json\/wp\/v2\/comments?post=433"}],"version-history":[{"count":0,"href":"https:\/\/www.festivox.fr\/blog\/wp-json\/wp\/v2\/posts\/433\/revisions"}],"wp:featuredmedia":[{"embeddable":true,"href":"https:\/\/www.festivox.fr\/blog\/wp-json\/wp\/v2\/media\/434"}],"wp:attachment":[{"href":"https:\/\/www.festivox.fr\/blog\/wp-json\/wp\/v2\/media?parent=433"}],"wp:term":[{"taxonomy":"category","embeddable":true,"href":"https:\/\/www.festivox.fr\/blog\/wp-json\/wp\/v2\/categories?post=433"},{"taxonomy":"post_tag","embeddable":true,"href":"https:\/\/www.festivox.fr\/blog\/wp-json\/wp\/v2\/tags?post=433"}],"curies":[{"name":"wp","href":"https:\/\/api.w.org\/{rel}","templated":true}]}}