{"id":409,"date":"2023-09-10T02:17:00","date_gmt":"2023-09-10T00:17:00","guid":{"rendered":"https:\/\/www.festivox.fr\/blog\/colmar-jazz-off-comme-un-bruit-qui-court\/"},"modified":"2023-09-10T02:17:00","modified_gmt":"2023-09-10T00:17:00","slug":"colmar-jazz-off-comme-un-bruit-qui-court","status":"publish","type":"post","link":"https:\/\/www.festivox.fr\/blog\/colmar-jazz-off-comme-un-bruit-qui-court\/","title":{"rendered":"Colmar Jazz off: comme un bruit qui court"},"content":{"rendered":"\n<div><img decoding=\"async\" src=\"https:\/\/www.festivox.fr\/blog\/wp-content\/uploads\/2023\/09\/colmar-jazz-off-comme-un-bruit-qui-court.jpg\" class=\"ff-og-image-inserted\"><\/div>\n<p>Vous avez choisi de refuser le d\u00e9p\u00f4t de cookies, vous pouvez \u00e0 tout moment <a id=\"cmp_changeConsent\" href=\"Didomi.notice.show()\" target=\"_blank\" rel=\"nofollow\">modifier votre choix, ici<\/a>.<\/p>\n<p>Le contenu de ce site est le fruit du travail de journalistes qui vous apportent chaque jour une information locale de qualit\u00e9, fiable, compl\u00e8te, et des services en ligne innovants. Ce travail s\u2019appuie sur les revenus compl\u00e9mentaires de la publicit\u00e9 et de l\u2019abonnement.<\/p>\n<p> Cet article, qui traite du th\u00e8me \u00ab\u00a0Festival Jazz et musique en mode guinguette\u00a0\u00bb, vous est d\u00e9lib\u00e9r\u00e9ment offert par festivox.fr. La raison d\u2019\u00eatre de festivox.fr est de parler de Festival Jazz et musique en mode guinguette dans la transparence la plus g\u00e9n\u00e9rale en vous procurant la visibilit\u00e9 de tout ce qui est publi\u00e9 sur ce sujet sur le web La chronique a \u00e9t\u00e9 g\u00e9n\u00e9r\u00e9e de la mani\u00e8re la plus honn\u00eate que possible. S\u2019il advenait que vous projetez d\u2019apporter quelques notes concernant le domaine de \u00ab\u00a0Festival Jazz et musique en mode guinguette\u00a0\u00bb vous avez la possibilit\u00e9 de d&rsquo;\u00e9changer avec notre r\u00e9daction. Dans peu de temps, on mettra en ligne d&rsquo;autres informations pertinentes autour du sujet \u00ab\u00a0Festival Jazz et musique en mode guinguette\u00a0\u00bb. Ainsi, consultez r\u00e9guli\u00e8rement notre site.<\/p>\n","protected":false},"excerpt":{"rendered":"<p>Vous avez choisi de refuser le d\u00e9p\u00f4t de cookies, vous pouvez \u00e0 tout moment modifier votre choix, ici. Le contenu de ce site est le fruit du travail de journalistes qui vous apportent chaque jour une information locale de qualit\u00e9, fiable, compl\u00e8te, et des services en ligne innovants. Ce travail s\u2019appuie sur les revenus compl\u00e9mentaires&hellip;<\/p>\n","protected":false},"author":1,"featured_media":410,"comment_status":"closed","ping_status":"closed","sticky":false,"template":"","format":"standard","meta":{"footnotes":""},"categories":[3],"tags":[],"class_list":["post-409","post","type-post","status-publish","format-standard","has-post-thumbnail","hentry","category-wiki-sur-festival-jazz-et-musique-en-mode-guinguette"],"yoast_head":"<!-- This site is optimized with the Yoast SEO plugin v27.5 - https:\/\/yoast.com\/product\/yoast-seo-wordpress\/ -->\n<title>Colmar Jazz off: comme un bruit qui court - FESTIVOX<\/title>\n<meta name=\"robots\" content=\"index, follow, max-snippet:-1, max-image-preview:large, max-video-preview:-1\" \/>\n<link rel=\"canonical\" href=\"https:\/\/www.festivox.fr\/blog\/colmar-jazz-off-comme-un-bruit-qui-court\/\" \/>\n<meta property=\"og:locale\" content=\"fr_FR\" \/>\n<meta property=\"og:type\" content=\"article\" \/>\n<meta property=\"og:title\" content=\"Colmar Jazz off: comme un bruit qui court - FESTIVOX\" \/>\n<meta property=\"og:description\" content=\"Vous avez choisi de refuser le d\u00e9p\u00f4t de cookies, vous pouvez \u00e0 tout moment modifier votre choix, ici. Le contenu de ce site est le fruit du travail de journalistes qui vous apportent chaque jour une information locale de qualit\u00e9, fiable, compl\u00e8te, et des services en ligne innovants. Ce travail s\u2019appuie sur les revenus compl\u00e9mentaires&hellip;\" \/>\n<meta property=\"og:url\" content=\"https:\/\/www.festivox.fr\/blog\/colmar-jazz-off-comme-un-bruit-qui-court\/\" \/>\n<meta property=\"og:site_name\" content=\"FESTIVOX\" \/>\n<meta property=\"article:published_time\" content=\"2023-09-10T00:17:00+00:00\" \/>\n<meta property=\"og:image\" content=\"https:\/\/www.festivox.fr\/blog\/wp-content\/uploads\/2023\/09\/colmar-jazz-off-comme-un-bruit-qui-court.jpg\" \/>\n<meta name=\"author\" content=\"Michele\" \/>\n<meta name=\"twitter:card\" content=\"summary_large_image\" \/>\n<meta name=\"twitter:label1\" content=\"\u00c9crit par\" \/>\n\t<meta name=\"twitter:data1\" content=\"Michele\" \/>\n\t<meta name=\"twitter:label2\" content=\"Dur\u00e9e de lecture estim\u00e9e\" \/>\n\t<meta name=\"twitter:data2\" content=\"1 minute\" \/>\n<script type=\"application\/ld+json\" class=\"yoast-schema-graph\">{\"@context\":\"https:\\\/\\\/schema.org\",\"@graph\":[{\"@type\":\"Article\",\"@id\":\"https:\\\/\\\/www.festivox.fr\\\/blog\\\/colmar-jazz-off-comme-un-bruit-qui-court\\\/#article\",\"isPartOf\":{\"@id\":\"https:\\\/\\\/www.festivox.fr\\\/blog\\\/colmar-jazz-off-comme-un-bruit-qui-court\\\/\"},\"author\":{\"name\":\"Michele\",\"@id\":\"https:\\\/\\\/www.festivox.fr\\\/blog\\\/#\\\/schema\\\/person\\\/f36a8b6bc94800c3eafed4bca993ce95\"},\"headline\":\"Colmar Jazz off: comme un bruit qui court\",\"datePublished\":\"2023-09-10T00:17:00+00:00\",\"mainEntityOfPage\":{\"@id\":\"https:\\\/\\\/www.festivox.fr\\\/blog\\\/colmar-jazz-off-comme-un-bruit-qui-court\\\/\"},\"wordCount\":219,\"publisher\":{\"@id\":\"https:\\\/\\\/www.festivox.fr\\\/blog\\\/#organization\"},\"image\":{\"@id\":\"https:\\\/\\\/www.festivox.fr\\\/blog\\\/colmar-jazz-off-comme-un-bruit-qui-court\\\/#primaryimage\"},\"thumbnailUrl\":\"https:\\\/\\\/www.festivox.fr\\\/blog\\\/wp-content\\\/uploads\\\/2023\\\/09\\\/colmar-jazz-off-comme-un-bruit-qui-court.jpg\",\"articleSection\":[\"Wiki Sur Festival Jazz Et Musique En Mode Guinguette:\"],\"inLanguage\":\"fr-FR\"},{\"@type\":\"WebPage\",\"@id\":\"https:\\\/\\\/www.festivox.fr\\\/blog\\\/colmar-jazz-off-comme-un-bruit-qui-court\\\/\",\"url\":\"https:\\\/\\\/www.festivox.fr\\\/blog\\\/colmar-jazz-off-comme-un-bruit-qui-court\\\/\",\"name\":\"Colmar Jazz off: comme un bruit qui court - FESTIVOX\",\"isPartOf\":{\"@id\":\"https:\\\/\\\/www.festivox.fr\\\/blog\\\/#website\"},\"primaryImageOfPage\":{\"@id\":\"https:\\\/\\\/www.festivox.fr\\\/blog\\\/colmar-jazz-off-comme-un-bruit-qui-court\\\/#primaryimage\"},\"image\":{\"@id\":\"https:\\\/\\\/www.festivox.fr\\\/blog\\\/colmar-jazz-off-comme-un-bruit-qui-court\\\/#primaryimage\"},\"thumbnailUrl\":\"https:\\\/\\\/www.festivox.fr\\\/blog\\\/wp-content\\\/uploads\\\/2023\\\/09\\\/colmar-jazz-off-comme-un-bruit-qui-court.jpg\",\"datePublished\":\"2023-09-10T00:17:00+00:00\",\"breadcrumb\":{\"@id\":\"https:\\\/\\\/www.festivox.fr\\\/blog\\\/colmar-jazz-off-comme-un-bruit-qui-court\\\/#breadcrumb\"},\"inLanguage\":\"fr-FR\",\"potentialAction\":[{\"@type\":\"ReadAction\",\"target\":[\"https:\\\/\\\/www.festivox.fr\\\/blog\\\/colmar-jazz-off-comme-un-bruit-qui-court\\\/\"]}]},{\"@type\":\"ImageObject\",\"inLanguage\":\"fr-FR\",\"@id\":\"https:\\\/\\\/www.festivox.fr\\\/blog\\\/colmar-jazz-off-comme-un-bruit-qui-court\\\/#primaryimage\",\"url\":\"https:\\\/\\\/www.festivox.fr\\\/blog\\\/wp-content\\\/uploads\\\/2023\\\/09\\\/colmar-jazz-off-comme-un-bruit-qui-court.jpg\",\"contentUrl\":\"https:\\\/\\\/www.festivox.fr\\\/blog\\\/wp-content\\\/uploads\\\/2023\\\/09\\\/colmar-jazz-off-comme-un-bruit-qui-court.jpg\",\"width\":1200,\"height\":630},{\"@type\":\"BreadcrumbList\",\"@id\":\"https:\\\/\\\/www.festivox.fr\\\/blog\\\/colmar-jazz-off-comme-un-bruit-qui-court\\\/#breadcrumb\",\"itemListElement\":[{\"@type\":\"ListItem\",\"position\":1,\"name\":\"Accueil\",\"item\":\"https:\\\/\\\/www.festivox.fr\\\/blog\\\/\"},{\"@type\":\"ListItem\",\"position\":2,\"name\":\"Colmar Jazz off: comme un bruit qui court\"}]},{\"@type\":\"WebSite\",\"@id\":\"https:\\\/\\\/www.festivox.fr\\\/blog\\\/#website\",\"url\":\"https:\\\/\\\/www.festivox.fr\\\/blog\\\/\",\"name\":\"FESTIVOX\",\"description\":\"Festival en mode guinguette.\",\"publisher\":{\"@id\":\"https:\\\/\\\/www.festivox.fr\\\/blog\\\/#organization\"},\"potentialAction\":[{\"@type\":\"SearchAction\",\"target\":{\"@type\":\"EntryPoint\",\"urlTemplate\":\"https:\\\/\\\/www.festivox.fr\\\/blog\\\/?s={search_term_string}\"},\"query-input\":{\"@type\":\"PropertyValueSpecification\",\"valueRequired\":true,\"valueName\":\"search_term_string\"}}],\"inLanguage\":\"fr-FR\"},{\"@type\":\"Organization\",\"@id\":\"https:\\\/\\\/www.festivox.fr\\\/blog\\\/#organization\",\"name\":\"festivox\",\"url\":\"https:\\\/\\\/www.festivox.fr\\\/blog\\\/\",\"logo\":{\"@type\":\"ImageObject\",\"inLanguage\":\"fr-FR\",\"@id\":\"https:\\\/\\\/www.festivox.fr\\\/blog\\\/#\\\/schema\\\/logo\\\/image\\\/\",\"url\":\"https:\\\/\\\/www.festivox.fr\\\/blog\\\/wp-content\\\/uploads\\\/2023\\\/06\\\/logo-2.png\",\"contentUrl\":\"https:\\\/\\\/www.festivox.fr\\\/blog\\\/wp-content\\\/uploads\\\/2023\\\/06\\\/logo-2.png\",\"width\":480,\"height\":160,\"caption\":\"festivox\"},\"image\":{\"@id\":\"https:\\\/\\\/www.festivox.fr\\\/blog\\\/#\\\/schema\\\/logo\\\/image\\\/\"}},{\"@type\":\"Person\",\"@id\":\"https:\\\/\\\/www.festivox.fr\\\/blog\\\/#\\\/schema\\\/person\\\/f36a8b6bc94800c3eafed4bca993ce95\",\"name\":\"Michele\",\"image\":{\"@type\":\"ImageObject\",\"inLanguage\":\"fr-FR\",\"@id\":\"https:\\\/\\\/secure.gravatar.com\\\/avatar\\\/b062046536b5d47ec9075956ec349ef95ed06b0f910c578f74abb318668b702e?s=96&d=mm&r=g\",\"url\":\"https:\\\/\\\/secure.gravatar.com\\\/avatar\\\/b062046536b5d47ec9075956ec349ef95ed06b0f910c578f74abb318668b702e?s=96&d=mm&r=g\",\"contentUrl\":\"https:\\\/\\\/secure.gravatar.com\\\/avatar\\\/b062046536b5d47ec9075956ec349ef95ed06b0f910c578f74abb318668b702e?s=96&d=mm&r=g\",\"caption\":\"Michele\"},\"sameAs\":[\"https:\\\/\\\/www.festivox.fr\\\/blog\"],\"url\":\"https:\\\/\\\/www.festivox.fr\\\/blog\\\/author\\\/voxadmin\\\/\"}]}<\/script>\n<!-- \/ Yoast SEO plugin. -->","yoast_head_json":{"title":"Colmar Jazz off: comme un bruit qui court - FESTIVOX","robots":{"index":"index","follow":"follow","max-snippet":"max-snippet:-1","max-image-preview":"max-image-preview:large","max-video-preview":"max-video-preview:-1"},"canonical":"https:\/\/www.festivox.fr\/blog\/colmar-jazz-off-comme-un-bruit-qui-court\/","og_locale":"fr_FR","og_type":"article","og_title":"Colmar Jazz off: comme un bruit qui court - FESTIVOX","og_description":"Vous avez choisi de refuser le d\u00e9p\u00f4t de cookies, vous pouvez \u00e0 tout moment modifier votre choix, ici. Le contenu de ce site est le fruit du travail de journalistes qui vous apportent chaque jour une information locale de qualit\u00e9, fiable, compl\u00e8te, et des services en ligne innovants. Ce travail s\u2019appuie sur les revenus compl\u00e9mentaires&hellip;","og_url":"https:\/\/www.festivox.fr\/blog\/colmar-jazz-off-comme-un-bruit-qui-court\/","og_site_name":"FESTIVOX","article_published_time":"2023-09-10T00:17:00+00:00","og_image":[{"url":"https:\/\/www.festivox.fr\/blog\/wp-content\/uploads\/2023\/09\/colmar-jazz-off-comme-un-bruit-qui-court.jpg","type":"","width":"","height":""}],"author":"Michele","twitter_card":"summary_large_image","twitter_misc":{"\u00c9crit par":"Michele","Dur\u00e9e de lecture estim\u00e9e":"1 minute"},"schema":{"@context":"https:\/\/schema.org","@graph":[{"@type":"Article","@id":"https:\/\/www.festivox.fr\/blog\/colmar-jazz-off-comme-un-bruit-qui-court\/#article","isPartOf":{"@id":"https:\/\/www.festivox.fr\/blog\/colmar-jazz-off-comme-un-bruit-qui-court\/"},"author":{"name":"Michele","@id":"https:\/\/www.festivox.fr\/blog\/#\/schema\/person\/f36a8b6bc94800c3eafed4bca993ce95"},"headline":"Colmar Jazz off: comme un bruit qui court","datePublished":"2023-09-10T00:17:00+00:00","mainEntityOfPage":{"@id":"https:\/\/www.festivox.fr\/blog\/colmar-jazz-off-comme-un-bruit-qui-court\/"},"wordCount":219,"publisher":{"@id":"https:\/\/www.festivox.fr\/blog\/#organization"},"image":{"@id":"https:\/\/www.festivox.fr\/blog\/colmar-jazz-off-comme-un-bruit-qui-court\/#primaryimage"},"thumbnailUrl":"https:\/\/www.festivox.fr\/blog\/wp-content\/uploads\/2023\/09\/colmar-jazz-off-comme-un-bruit-qui-court.jpg","articleSection":["Wiki Sur Festival Jazz Et Musique En Mode Guinguette:"],"inLanguage":"fr-FR"},{"@type":"WebPage","@id":"https:\/\/www.festivox.fr\/blog\/colmar-jazz-off-comme-un-bruit-qui-court\/","url":"https:\/\/www.festivox.fr\/blog\/colmar-jazz-off-comme-un-bruit-qui-court\/","name":"Colmar Jazz off: comme un bruit qui court - FESTIVOX","isPartOf":{"@id":"https:\/\/www.festivox.fr\/blog\/#website"},"primaryImageOfPage":{"@id":"https:\/\/www.festivox.fr\/blog\/colmar-jazz-off-comme-un-bruit-qui-court\/#primaryimage"},"image":{"@id":"https:\/\/www.festivox.fr\/blog\/colmar-jazz-off-comme-un-bruit-qui-court\/#primaryimage"},"thumbnailUrl":"https:\/\/www.festivox.fr\/blog\/wp-content\/uploads\/2023\/09\/colmar-jazz-off-comme-un-bruit-qui-court.jpg","datePublished":"2023-09-10T00:17:00+00:00","breadcrumb":{"@id":"https:\/\/www.festivox.fr\/blog\/colmar-jazz-off-comme-un-bruit-qui-court\/#breadcrumb"},"inLanguage":"fr-FR","potentialAction":[{"@type":"ReadAction","target":["https:\/\/www.festivox.fr\/blog\/colmar-jazz-off-comme-un-bruit-qui-court\/"]}]},{"@type":"ImageObject","inLanguage":"fr-FR","@id":"https:\/\/www.festivox.fr\/blog\/colmar-jazz-off-comme-un-bruit-qui-court\/#primaryimage","url":"https:\/\/www.festivox.fr\/blog\/wp-content\/uploads\/2023\/09\/colmar-jazz-off-comme-un-bruit-qui-court.jpg","contentUrl":"https:\/\/www.festivox.fr\/blog\/wp-content\/uploads\/2023\/09\/colmar-jazz-off-comme-un-bruit-qui-court.jpg","width":1200,"height":630},{"@type":"BreadcrumbList","@id":"https:\/\/www.festivox.fr\/blog\/colmar-jazz-off-comme-un-bruit-qui-court\/#breadcrumb","itemListElement":[{"@type":"ListItem","position":1,"name":"Accueil","item":"https:\/\/www.festivox.fr\/blog\/"},{"@type":"ListItem","position":2,"name":"Colmar Jazz off: comme un bruit qui court"}]},{"@type":"WebSite","@id":"https:\/\/www.festivox.fr\/blog\/#website","url":"https:\/\/www.festivox.fr\/blog\/","name":"FESTIVOX","description":"Festival en mode guinguette.","publisher":{"@id":"https:\/\/www.festivox.fr\/blog\/#organization"},"potentialAction":[{"@type":"SearchAction","target":{"@type":"EntryPoint","urlTemplate":"https:\/\/www.festivox.fr\/blog\/?s={search_term_string}"},"query-input":{"@type":"PropertyValueSpecification","valueRequired":true,"valueName":"search_term_string"}}],"inLanguage":"fr-FR"},{"@type":"Organization","@id":"https:\/\/www.festivox.fr\/blog\/#organization","name":"festivox","url":"https:\/\/www.festivox.fr\/blog\/","logo":{"@type":"ImageObject","inLanguage":"fr-FR","@id":"https:\/\/www.festivox.fr\/blog\/#\/schema\/logo\/image\/","url":"https:\/\/www.festivox.fr\/blog\/wp-content\/uploads\/2023\/06\/logo-2.png","contentUrl":"https:\/\/www.festivox.fr\/blog\/wp-content\/uploads\/2023\/06\/logo-2.png","width":480,"height":160,"caption":"festivox"},"image":{"@id":"https:\/\/www.festivox.fr\/blog\/#\/schema\/logo\/image\/"}},{"@type":"Person","@id":"https:\/\/www.festivox.fr\/blog\/#\/schema\/person\/f36a8b6bc94800c3eafed4bca993ce95","name":"Michele","image":{"@type":"ImageObject","inLanguage":"fr-FR","@id":"https:\/\/secure.gravatar.com\/avatar\/b062046536b5d47ec9075956ec349ef95ed06b0f910c578f74abb318668b702e?s=96&d=mm&r=g","url":"https:\/\/secure.gravatar.com\/avatar\/b062046536b5d47ec9075956ec349ef95ed06b0f910c578f74abb318668b702e?s=96&d=mm&r=g","contentUrl":"https:\/\/secure.gravatar.com\/avatar\/b062046536b5d47ec9075956ec349ef95ed06b0f910c578f74abb318668b702e?s=96&d=mm&r=g","caption":"Michele"},"sameAs":["https:\/\/www.festivox.fr\/blog"],"url":"https:\/\/www.festivox.fr\/blog\/author\/voxadmin\/"}]}},"_links":{"self":[{"href":"https:\/\/www.festivox.fr\/blog\/wp-json\/wp\/v2\/posts\/409","targetHints":{"allow":["GET"]}}],"collection":[{"href":"https:\/\/www.festivox.fr\/blog\/wp-json\/wp\/v2\/posts"}],"about":[{"href":"https:\/\/www.festivox.fr\/blog\/wp-json\/wp\/v2\/types\/post"}],"author":[{"embeddable":true,"href":"https:\/\/www.festivox.fr\/blog\/wp-json\/wp\/v2\/users\/1"}],"replies":[{"embeddable":true,"href":"https:\/\/www.festivox.fr\/blog\/wp-json\/wp\/v2\/comments?post=409"}],"version-history":[{"count":0,"href":"https:\/\/www.festivox.fr\/blog\/wp-json\/wp\/v2\/posts\/409\/revisions"}],"wp:featuredmedia":[{"embeddable":true,"href":"https:\/\/www.festivox.fr\/blog\/wp-json\/wp\/v2\/media\/410"}],"wp:attachment":[{"href":"https:\/\/www.festivox.fr\/blog\/wp-json\/wp\/v2\/media?parent=409"}],"wp:term":[{"taxonomy":"category","embeddable":true,"href":"https:\/\/www.festivox.fr\/blog\/wp-json\/wp\/v2\/categories?post=409"},{"taxonomy":"post_tag","embeddable":true,"href":"https:\/\/www.festivox.fr\/blog\/wp-json\/wp\/v2\/tags?post=409"}],"curies":[{"name":"wp","href":"https:\/\/api.w.org\/{rel}","templated":true}]}}