{"id":401,"date":"2023-09-06T04:38:00","date_gmt":"2023-09-06T02:38:00","guid":{"rendered":"https:\/\/www.festivox.fr\/blog\/albret-jazz-festival-le-jazz-devrait-avoir-une-plus-grande-place\/"},"modified":"2023-09-06T04:38:00","modified_gmt":"2023-09-06T02:38:00","slug":"albret-jazz-festival-le-jazz-devrait-avoir-une-plus-grande-place","status":"publish","type":"post","link":"https:\/\/www.festivox.fr\/blog\/albret-jazz-festival-le-jazz-devrait-avoir-une-plus-grande-place\/","title":{"rendered":"Albret jazz festival : \u00ab Le jazz devrait avoir une plus grande place"},"content":{"rendered":"\n<div>\n<p>L\u2019aventure Sa\u00efan Supa Crew a beau \u00eatre termin\u00e9e depuis quinze ans, Sly Johnson n\u2019a pas ch\u00f4m\u00e9 depuis. Ses quatre albums, le dernier en 2022, ont fait montre d\u2019une palette artistique qui s\u2019\u00e9tend du hip-hop au funk, \u00e0 la soul\u2026 Et aujourd\u2019hui, au jazz, parfait terrain de jeu de la puissance vocale de l\u2019artiste, qui sera pr\u00e9sent \u00e0 l\u2019Albret jazz festival.<\/p>\n<p class=\"interview-question\">L\u2019Albret&#8230;<\/p>\n<\/div>\n<div>\n<p>L\u2019aventure Sa\u00efan Supa Crew a beau \u00eatre termin\u00e9e depuis quinze ans, Sly Johnson n\u2019a pas ch\u00f4m\u00e9 depuis. Ses quatre albums, le dernier en 2022, ont fait montre d\u2019une palette artistique qui s\u2019\u00e9tend du hip-hop au funk, \u00e0 la soul\u2026 Et aujourd\u2019hui, au jazz, parfait terrain de jeu de la puissance vocale de l\u2019artiste, qui sera pr\u00e9sent \u00e0 l\u2019Albret jazz festival.<\/p>\n<p class=\"interview-question\">L\u2019Albret jazz festival, qu\u2019est-ce que \u00e7a repr\u00e9sente pour vous&nbsp;?<\/p>\n<p class=\"interview-answer\">J\u2019avoue que je ne le connaissais pas, mais j\u2019ai eu l\u2019occasion de travailler avec le programmateur, Didier Bergen, qui m\u2019avait invit\u00e9 \u00e0 Blois, pour un concert jazz. Connaissant Didier et son amour pour la musique, je pense que \u00e7a va \u00eatre super. Et au-del\u00e0, je suis familier des concerts de jazz, qui sont, \u00e0 mon sens, les plus ouverts sur le type de musique que je peux faire, \u00e0 cheval entre le hip-hop, la n\u00e9osoul et le jazz.<\/p>\n<p class=\"interview-question\">Vous qui venez du hip-hop, qu\u2019est-ce qui vous a amen\u00e9 \u00e0 vous int\u00e9resser au jazz&nbsp;?<\/p>\n<p class=\"interview-answer\">Je suis un habitu\u00e9 depuis tout petit. Si je suis dans la musique aujourd\u2019hui, c\u2019est en majeure partie gr\u00e2ce \u00e0 mon p\u00e8re, qui \u00e9tait un amoureux du jazz. J\u2019ai toujours v\u00e9cu entour\u00e9 de disques, beaucoup \u00e9cout\u00e9 de musiques avec lui, c\u2019\u00e9tait un moyen de nous connecter. Je pense que la vie n\u2019est qu\u2019une reproduction de cycles et c\u2019est peut-\u00eatre naturel de l\u2019inclure dans ma musique.<\/p>\n<p class=\"interview-question\">Quelles sont vos influences jazz&nbsp;?<\/p>\n<p class=\"interview-answer\">Il y en a deux qui reviennent, Robert Glasper et Roy Hargrove. Vu l\u2019\u00e2ge que j\u2019ai [49&nbsp;ans, NDLR], on est, \u00e0 quelques ann\u00e9es pr\u00e8s, de la m\u00eame g\u00e9n\u00e9ration. Ce sont de tr\u00e8s grands jazzmen, mais qui sont aussi tourn\u00e9s vers le hip-hop&nbsp;: Roy Hargrove avec son groupe, The RH Factor, et Robert Glasper avec l\u2019album \u00ab&nbsp;Black Radio&nbsp;\u00bb.<\/p>\n<p class=\"interview-question\">Le jazz est une musique totalement actuelle&nbsp;?<\/p>\n<p class=\"interview-answer\">Le jazz devrait m\u00eame avoir une plus grande place. Le fait de jouer sur sc\u00e8ne avec des musiciens jazz m\u2019apporte une grande libert\u00e9 m\u00e9lodique et rythmique. Si je veux partir dans un moment improvis\u00e9, je peux sans probl\u00e8me, l\u00e0 o\u00f9 dans un autre style de musique, ce serait moins convenu. Le jazz est actuel car il peut \u00e9voluer vers n\u2019importe quelle forme. Et c\u2019est pour \u00e7a que c\u2019est l\u2019une des plus grandes musiques.<\/p>\n<div class=\"related-article base-margin-bottom\"> <span class=\"badge\">Sur le m\u00eame sujet<\/span> <\/p>\n<div class=\"image-on-right-1-4 mobile-image-on-right-1-4\">\n<section class=\"article\">\n<div class=\"inner-article\">\n<figure> <a href=\"https:\/\/www.sudouest.fr\/culture\/musique\/avis-de-tempete-de-jazz-a-nerac-16436553.php\" title=\"Avis de temp\u00eate de jazz \u00e0 N\u00e9rac\" target=\"_blank\" rel=\"nofollow\"> <img decoding=\"async\" src=\"https:\/\/www.festivox.fr\/blog\/wp-content\/uploads\/2023\/09\/albret-jazz-festival-le-jazz-devrait-avoir-une-plus-grande-place.jpg\" alt=\"Avis de temp\u00eate de jazz \u00e0 N\u00e9rac\"> <\/a> <\/figure>\n<div class=\"article-wrapper\"> <a href=\"https:\/\/www.sudouest.fr\/culture\/musique\/avis-de-tempete-de-jazz-a-nerac-16436553.php\" title=\"Avis de temp\u00eate de jazz \u00e0 N\u00e9rac\" target=\"_blank\" rel=\"nofollow\"> <\/p>\n<p> Avis de temp\u00eate de jazz \u00e0 N\u00e9rac <\/p>\n<p> <\/a> <\/p>\n<p> La 3e \u00e9dition de l\u2019Albret Jazz Festival aligne les pointures internationales, de Sly Johnson \u00e0 Fred Wesley, de Kyle Eastwood \u00e0 China Moses. Du 8 au 10&nbsp;septembre <\/p>\n<\/p><\/div>\n<\/p><\/div>\n<\/section><\/div>\n<\/div>\n<p class=\"interview-question\">Vous aviez dit avoir envie de \u00ab&nbsp;cr\u00e9er un standard&nbsp;\u00bb. Est-ce que le jazz en fera d\u00e9sormais partie&nbsp;?<\/p>\n<p class=\"interview-answer\">La direction que je prends artistiquement tend vers cela. Je veux essayer de cr\u00e9er un v\u00e9ritable univers, reconnaissable, au m\u00eame titre que les grands artistes que je peux \u00e9couter, comme Robert Glasper, les Roots, ou Common, qui bien \u00e9tant qu\u2019un rappeur, fait en sorte que l\u2019on ressente le jazz, la soul, le funk dans sa musique. Je veux essayer de cr\u00e9er une mouvance, une autre branche de la musique que l\u2019on peut conna\u00eetre.<\/p>\n<p class=\"interview-question\">C\u2019est d\u2019ailleurs pour \u00e7a que vous avez cr\u00e9\u00e9 votre propre label, TAGi Music, cette ann\u00e9e. Pour donner une place au jazz.<\/p>\n<p class=\"interview-answer\">L\u2019objectif \u00e9tait d\u2019abord de me donner une place, d\u2019avoir une libert\u00e9 artistique totale. Ce label va me permettre de travailler plus librement avec d\u2019autres artistes et d\u2019avoir le choix sur ce que j\u2019aurai envie de sortir. Je travaille d\u00e9j\u00e0 sur mon prochain album, qui sera plus jazzy que le pr\u00e9c\u00e9dent. On va \u00eatre tr\u00e8s actifs musicalement, et toutes les musiques seront interconnect\u00e9es.<\/p>\n<p><em>Albret jazz festival, du 8 au 10&nbsp;septembre, au parc de la Garenne \u00e0 N\u00e9rac. 70&nbsp;euros pour les trois jours, 65 en tarif r\u00e9duit, gratuit pour les moins de 12&nbsp;ans. Infos et r\u00e9servations sur <a href=\"https:\/\/www.albret-jazz-festival.com\/\" target=\"_blank\" rel=\"nofollow noopener\">albret-jazz-festival.com<\/a><\/em><\/p>\n<\/div>\n<p> Cet article, qui traite du th\u00e8me \u00ab\u00a0Festival Jazz et musique en mode guinguette\u00a0\u00bb, vous est d\u00e9lib\u00e9r\u00e9ment offert par festivox.fr. La raison d\u2019\u00eatre de festivox.fr est de parler de Festival Jazz et musique en mode guinguette dans la transparence la plus g\u00e9n\u00e9rale en vous procurant la visibilit\u00e9 de tout ce qui est publi\u00e9 sur ce sujet sur le web La chronique a \u00e9t\u00e9 g\u00e9n\u00e9r\u00e9e de la mani\u00e8re la plus honn\u00eate que possible. S\u2019il advenait que vous projetez d\u2019apporter quelques notes concernant le domaine de \u00ab\u00a0Festival Jazz et musique en mode guinguette\u00a0\u00bb vous avez la possibilit\u00e9 de d&rsquo;\u00e9changer avec notre r\u00e9daction. Dans peu de temps, on mettra en ligne d&rsquo;autres informations pertinentes autour du sujet \u00ab\u00a0Festival Jazz et musique en mode guinguette\u00a0\u00bb. Ainsi, consultez r\u00e9guli\u00e8rement notre site.<\/p>\n","protected":false},"excerpt":{"rendered":"<p>L\u2019aventure Sa\u00efan Supa Crew a beau \u00eatre termin\u00e9e depuis quinze ans, Sly Johnson n\u2019a pas ch\u00f4m\u00e9 depuis. Ses quatre albums, le dernier en 2022, ont fait montre d\u2019une palette artistique qui s\u2019\u00e9tend du hip-hop au funk, \u00e0 la soul\u2026 Et aujourd\u2019hui, au jazz, parfait terrain de jeu de la puissance vocale de l\u2019artiste, qui sera&hellip;<\/p>\n","protected":false},"author":1,"featured_media":402,"comment_status":"closed","ping_status":"closed","sticky":false,"template":"","format":"standard","meta":{"footnotes":""},"categories":[3],"tags":[],"class_list":["post-401","post","type-post","status-publish","format-standard","has-post-thumbnail","hentry","category-wiki-sur-festival-jazz-et-musique-en-mode-guinguette"],"yoast_head":"<!-- This site is optimized with the Yoast SEO plugin v27.5 - https:\/\/yoast.com\/product\/yoast-seo-wordpress\/ -->\n<title>Albret jazz festival : \u00ab Le jazz devrait avoir une plus grande place - FESTIVOX<\/title>\n<meta name=\"robots\" content=\"index, follow, max-snippet:-1, max-image-preview:large, max-video-preview:-1\" \/>\n<link rel=\"canonical\" href=\"https:\/\/www.festivox.fr\/blog\/albret-jazz-festival-le-jazz-devrait-avoir-une-plus-grande-place\/\" \/>\n<meta property=\"og:locale\" content=\"fr_FR\" \/>\n<meta property=\"og:type\" content=\"article\" \/>\n<meta property=\"og:title\" content=\"Albret jazz festival : \u00ab Le jazz devrait avoir une plus grande place - FESTIVOX\" \/>\n<meta property=\"og:description\" content=\"L\u2019aventure Sa\u00efan Supa Crew a beau \u00eatre termin\u00e9e depuis quinze ans, Sly Johnson n\u2019a pas ch\u00f4m\u00e9 depuis. Ses quatre albums, le dernier en 2022, ont fait montre d\u2019une palette artistique qui s\u2019\u00e9tend du hip-hop au funk, \u00e0 la soul\u2026 Et aujourd\u2019hui, au jazz, parfait terrain de jeu de la puissance vocale de l\u2019artiste, qui sera&hellip;\" \/>\n<meta property=\"og:url\" content=\"https:\/\/www.festivox.fr\/blog\/albret-jazz-festival-le-jazz-devrait-avoir-une-plus-grande-place\/\" \/>\n<meta property=\"og:site_name\" content=\"FESTIVOX\" \/>\n<meta property=\"article:published_time\" content=\"2023-09-06T02:38:00+00:00\" \/>\n<meta property=\"og:image\" content=\"https:\/\/www.festivox.fr\/blog\/wp-content\/uploads\/2023\/09\/albret-jazz-festival-le-jazz-devrait-avoir-une-plus-grande-place.jpg\" \/>\n<meta name=\"author\" content=\"Michele\" \/>\n<meta name=\"twitter:card\" content=\"summary_large_image\" \/>\n<meta name=\"twitter:label1\" content=\"\u00c9crit par\" \/>\n\t<meta name=\"twitter:data1\" content=\"Michele\" \/>\n\t<meta name=\"twitter:label2\" content=\"Dur\u00e9e de lecture estim\u00e9e\" \/>\n\t<meta name=\"twitter:data2\" content=\"5 minutes\" \/>\n<script type=\"application\/ld+json\" class=\"yoast-schema-graph\">{\"@context\":\"https:\\\/\\\/schema.org\",\"@graph\":[{\"@type\":\"Article\",\"@id\":\"https:\\\/\\\/www.festivox.fr\\\/blog\\\/albret-jazz-festival-le-jazz-devrait-avoir-une-plus-grande-place\\\/#article\",\"isPartOf\":{\"@id\":\"https:\\\/\\\/www.festivox.fr\\\/blog\\\/albret-jazz-festival-le-jazz-devrait-avoir-une-plus-grande-place\\\/\"},\"author\":{\"name\":\"Michele\",\"@id\":\"https:\\\/\\\/www.festivox.fr\\\/blog\\\/#\\\/schema\\\/person\\\/f36a8b6bc94800c3eafed4bca993ce95\"},\"headline\":\"Albret jazz festival : \u00ab Le jazz devrait avoir une plus grande place\",\"datePublished\":\"2023-09-06T02:38:00+00:00\",\"mainEntityOfPage\":{\"@id\":\"https:\\\/\\\/www.festivox.fr\\\/blog\\\/albret-jazz-festival-le-jazz-devrait-avoir-une-plus-grande-place\\\/\"},\"wordCount\":923,\"publisher\":{\"@id\":\"https:\\\/\\\/www.festivox.fr\\\/blog\\\/#organization\"},\"image\":{\"@id\":\"https:\\\/\\\/www.festivox.fr\\\/blog\\\/albret-jazz-festival-le-jazz-devrait-avoir-une-plus-grande-place\\\/#primaryimage\"},\"thumbnailUrl\":\"https:\\\/\\\/www.festivox.fr\\\/blog\\\/wp-content\\\/uploads\\\/2023\\\/09\\\/albret-jazz-festival-le-jazz-devrait-avoir-une-plus-grande-place.jpg\",\"articleSection\":[\"Wiki Sur Festival Jazz Et Musique En Mode Guinguette:\"],\"inLanguage\":\"fr-FR\"},{\"@type\":\"WebPage\",\"@id\":\"https:\\\/\\\/www.festivox.fr\\\/blog\\\/albret-jazz-festival-le-jazz-devrait-avoir-une-plus-grande-place\\\/\",\"url\":\"https:\\\/\\\/www.festivox.fr\\\/blog\\\/albret-jazz-festival-le-jazz-devrait-avoir-une-plus-grande-place\\\/\",\"name\":\"Albret jazz festival : \u00ab Le jazz devrait avoir une plus grande place - FESTIVOX\",\"isPartOf\":{\"@id\":\"https:\\\/\\\/www.festivox.fr\\\/blog\\\/#website\"},\"primaryImageOfPage\":{\"@id\":\"https:\\\/\\\/www.festivox.fr\\\/blog\\\/albret-jazz-festival-le-jazz-devrait-avoir-une-plus-grande-place\\\/#primaryimage\"},\"image\":{\"@id\":\"https:\\\/\\\/www.festivox.fr\\\/blog\\\/albret-jazz-festival-le-jazz-devrait-avoir-une-plus-grande-place\\\/#primaryimage\"},\"thumbnailUrl\":\"https:\\\/\\\/www.festivox.fr\\\/blog\\\/wp-content\\\/uploads\\\/2023\\\/09\\\/albret-jazz-festival-le-jazz-devrait-avoir-une-plus-grande-place.jpg\",\"datePublished\":\"2023-09-06T02:38:00+00:00\",\"breadcrumb\":{\"@id\":\"https:\\\/\\\/www.festivox.fr\\\/blog\\\/albret-jazz-festival-le-jazz-devrait-avoir-une-plus-grande-place\\\/#breadcrumb\"},\"inLanguage\":\"fr-FR\",\"potentialAction\":[{\"@type\":\"ReadAction\",\"target\":[\"https:\\\/\\\/www.festivox.fr\\\/blog\\\/albret-jazz-festival-le-jazz-devrait-avoir-une-plus-grande-place\\\/\"]}]},{\"@type\":\"ImageObject\",\"inLanguage\":\"fr-FR\",\"@id\":\"https:\\\/\\\/www.festivox.fr\\\/blog\\\/albret-jazz-festival-le-jazz-devrait-avoir-une-plus-grande-place\\\/#primaryimage\",\"url\":\"https:\\\/\\\/www.festivox.fr\\\/blog\\\/wp-content\\\/uploads\\\/2023\\\/09\\\/albret-jazz-festival-le-jazz-devrait-avoir-une-plus-grande-place.jpg\",\"contentUrl\":\"https:\\\/\\\/www.festivox.fr\\\/blog\\\/wp-content\\\/uploads\\\/2023\\\/09\\\/albret-jazz-festival-le-jazz-devrait-avoir-une-plus-grande-place.jpg\",\"width\":220,\"height\":110},{\"@type\":\"BreadcrumbList\",\"@id\":\"https:\\\/\\\/www.festivox.fr\\\/blog\\\/albret-jazz-festival-le-jazz-devrait-avoir-une-plus-grande-place\\\/#breadcrumb\",\"itemListElement\":[{\"@type\":\"ListItem\",\"position\":1,\"name\":\"Accueil\",\"item\":\"https:\\\/\\\/www.festivox.fr\\\/blog\\\/\"},{\"@type\":\"ListItem\",\"position\":2,\"name\":\"Albret jazz festival : \u00ab Le jazz devrait avoir une plus grande place\"}]},{\"@type\":\"WebSite\",\"@id\":\"https:\\\/\\\/www.festivox.fr\\\/blog\\\/#website\",\"url\":\"https:\\\/\\\/www.festivox.fr\\\/blog\\\/\",\"name\":\"FESTIVOX\",\"description\":\"Festival en mode guinguette.\",\"publisher\":{\"@id\":\"https:\\\/\\\/www.festivox.fr\\\/blog\\\/#organization\"},\"potentialAction\":[{\"@type\":\"SearchAction\",\"target\":{\"@type\":\"EntryPoint\",\"urlTemplate\":\"https:\\\/\\\/www.festivox.fr\\\/blog\\\/?s={search_term_string}\"},\"query-input\":{\"@type\":\"PropertyValueSpecification\",\"valueRequired\":true,\"valueName\":\"search_term_string\"}}],\"inLanguage\":\"fr-FR\"},{\"@type\":\"Organization\",\"@id\":\"https:\\\/\\\/www.festivox.fr\\\/blog\\\/#organization\",\"name\":\"festivox\",\"url\":\"https:\\\/\\\/www.festivox.fr\\\/blog\\\/\",\"logo\":{\"@type\":\"ImageObject\",\"inLanguage\":\"fr-FR\",\"@id\":\"https:\\\/\\\/www.festivox.fr\\\/blog\\\/#\\\/schema\\\/logo\\\/image\\\/\",\"url\":\"https:\\\/\\\/www.festivox.fr\\\/blog\\\/wp-content\\\/uploads\\\/2023\\\/06\\\/logo-2.png\",\"contentUrl\":\"https:\\\/\\\/www.festivox.fr\\\/blog\\\/wp-content\\\/uploads\\\/2023\\\/06\\\/logo-2.png\",\"width\":480,\"height\":160,\"caption\":\"festivox\"},\"image\":{\"@id\":\"https:\\\/\\\/www.festivox.fr\\\/blog\\\/#\\\/schema\\\/logo\\\/image\\\/\"}},{\"@type\":\"Person\",\"@id\":\"https:\\\/\\\/www.festivox.fr\\\/blog\\\/#\\\/schema\\\/person\\\/f36a8b6bc94800c3eafed4bca993ce95\",\"name\":\"Michele\",\"image\":{\"@type\":\"ImageObject\",\"inLanguage\":\"fr-FR\",\"@id\":\"https:\\\/\\\/secure.gravatar.com\\\/avatar\\\/b062046536b5d47ec9075956ec349ef95ed06b0f910c578f74abb318668b702e?s=96&d=mm&r=g\",\"url\":\"https:\\\/\\\/secure.gravatar.com\\\/avatar\\\/b062046536b5d47ec9075956ec349ef95ed06b0f910c578f74abb318668b702e?s=96&d=mm&r=g\",\"contentUrl\":\"https:\\\/\\\/secure.gravatar.com\\\/avatar\\\/b062046536b5d47ec9075956ec349ef95ed06b0f910c578f74abb318668b702e?s=96&d=mm&r=g\",\"caption\":\"Michele\"},\"sameAs\":[\"https:\\\/\\\/www.festivox.fr\\\/blog\"],\"url\":\"https:\\\/\\\/www.festivox.fr\\\/blog\\\/author\\\/voxadmin\\\/\"}]}<\/script>\n<!-- \/ Yoast SEO plugin. -->","yoast_head_json":{"title":"Albret jazz festival : \u00ab Le jazz devrait avoir une plus grande place - FESTIVOX","robots":{"index":"index","follow":"follow","max-snippet":"max-snippet:-1","max-image-preview":"max-image-preview:large","max-video-preview":"max-video-preview:-1"},"canonical":"https:\/\/www.festivox.fr\/blog\/albret-jazz-festival-le-jazz-devrait-avoir-une-plus-grande-place\/","og_locale":"fr_FR","og_type":"article","og_title":"Albret jazz festival : \u00ab Le jazz devrait avoir une plus grande place - FESTIVOX","og_description":"L\u2019aventure Sa\u00efan Supa Crew a beau \u00eatre termin\u00e9e depuis quinze ans, Sly Johnson n\u2019a pas ch\u00f4m\u00e9 depuis. Ses quatre albums, le dernier en 2022, ont fait montre d\u2019une palette artistique qui s\u2019\u00e9tend du hip-hop au funk, \u00e0 la soul\u2026 Et aujourd\u2019hui, au jazz, parfait terrain de jeu de la puissance vocale de l\u2019artiste, qui sera&hellip;","og_url":"https:\/\/www.festivox.fr\/blog\/albret-jazz-festival-le-jazz-devrait-avoir-une-plus-grande-place\/","og_site_name":"FESTIVOX","article_published_time":"2023-09-06T02:38:00+00:00","og_image":[{"url":"https:\/\/www.festivox.fr\/blog\/wp-content\/uploads\/2023\/09\/albret-jazz-festival-le-jazz-devrait-avoir-une-plus-grande-place.jpg","type":"","width":"","height":""}],"author":"Michele","twitter_card":"summary_large_image","twitter_misc":{"\u00c9crit par":"Michele","Dur\u00e9e de lecture estim\u00e9e":"5 minutes"},"schema":{"@context":"https:\/\/schema.org","@graph":[{"@type":"Article","@id":"https:\/\/www.festivox.fr\/blog\/albret-jazz-festival-le-jazz-devrait-avoir-une-plus-grande-place\/#article","isPartOf":{"@id":"https:\/\/www.festivox.fr\/blog\/albret-jazz-festival-le-jazz-devrait-avoir-une-plus-grande-place\/"},"author":{"name":"Michele","@id":"https:\/\/www.festivox.fr\/blog\/#\/schema\/person\/f36a8b6bc94800c3eafed4bca993ce95"},"headline":"Albret jazz festival : \u00ab Le jazz devrait avoir une plus grande place","datePublished":"2023-09-06T02:38:00+00:00","mainEntityOfPage":{"@id":"https:\/\/www.festivox.fr\/blog\/albret-jazz-festival-le-jazz-devrait-avoir-une-plus-grande-place\/"},"wordCount":923,"publisher":{"@id":"https:\/\/www.festivox.fr\/blog\/#organization"},"image":{"@id":"https:\/\/www.festivox.fr\/blog\/albret-jazz-festival-le-jazz-devrait-avoir-une-plus-grande-place\/#primaryimage"},"thumbnailUrl":"https:\/\/www.festivox.fr\/blog\/wp-content\/uploads\/2023\/09\/albret-jazz-festival-le-jazz-devrait-avoir-une-plus-grande-place.jpg","articleSection":["Wiki Sur Festival Jazz Et Musique En Mode Guinguette:"],"inLanguage":"fr-FR"},{"@type":"WebPage","@id":"https:\/\/www.festivox.fr\/blog\/albret-jazz-festival-le-jazz-devrait-avoir-une-plus-grande-place\/","url":"https:\/\/www.festivox.fr\/blog\/albret-jazz-festival-le-jazz-devrait-avoir-une-plus-grande-place\/","name":"Albret jazz festival : \u00ab Le jazz devrait avoir une plus grande place - FESTIVOX","isPartOf":{"@id":"https:\/\/www.festivox.fr\/blog\/#website"},"primaryImageOfPage":{"@id":"https:\/\/www.festivox.fr\/blog\/albret-jazz-festival-le-jazz-devrait-avoir-une-plus-grande-place\/#primaryimage"},"image":{"@id":"https:\/\/www.festivox.fr\/blog\/albret-jazz-festival-le-jazz-devrait-avoir-une-plus-grande-place\/#primaryimage"},"thumbnailUrl":"https:\/\/www.festivox.fr\/blog\/wp-content\/uploads\/2023\/09\/albret-jazz-festival-le-jazz-devrait-avoir-une-plus-grande-place.jpg","datePublished":"2023-09-06T02:38:00+00:00","breadcrumb":{"@id":"https:\/\/www.festivox.fr\/blog\/albret-jazz-festival-le-jazz-devrait-avoir-une-plus-grande-place\/#breadcrumb"},"inLanguage":"fr-FR","potentialAction":[{"@type":"ReadAction","target":["https:\/\/www.festivox.fr\/blog\/albret-jazz-festival-le-jazz-devrait-avoir-une-plus-grande-place\/"]}]},{"@type":"ImageObject","inLanguage":"fr-FR","@id":"https:\/\/www.festivox.fr\/blog\/albret-jazz-festival-le-jazz-devrait-avoir-une-plus-grande-place\/#primaryimage","url":"https:\/\/www.festivox.fr\/blog\/wp-content\/uploads\/2023\/09\/albret-jazz-festival-le-jazz-devrait-avoir-une-plus-grande-place.jpg","contentUrl":"https:\/\/www.festivox.fr\/blog\/wp-content\/uploads\/2023\/09\/albret-jazz-festival-le-jazz-devrait-avoir-une-plus-grande-place.jpg","width":220,"height":110},{"@type":"BreadcrumbList","@id":"https:\/\/www.festivox.fr\/blog\/albret-jazz-festival-le-jazz-devrait-avoir-une-plus-grande-place\/#breadcrumb","itemListElement":[{"@type":"ListItem","position":1,"name":"Accueil","item":"https:\/\/www.festivox.fr\/blog\/"},{"@type":"ListItem","position":2,"name":"Albret jazz festival : \u00ab Le jazz devrait avoir une plus grande place"}]},{"@type":"WebSite","@id":"https:\/\/www.festivox.fr\/blog\/#website","url":"https:\/\/www.festivox.fr\/blog\/","name":"FESTIVOX","description":"Festival en mode guinguette.","publisher":{"@id":"https:\/\/www.festivox.fr\/blog\/#organization"},"potentialAction":[{"@type":"SearchAction","target":{"@type":"EntryPoint","urlTemplate":"https:\/\/www.festivox.fr\/blog\/?s={search_term_string}"},"query-input":{"@type":"PropertyValueSpecification","valueRequired":true,"valueName":"search_term_string"}}],"inLanguage":"fr-FR"},{"@type":"Organization","@id":"https:\/\/www.festivox.fr\/blog\/#organization","name":"festivox","url":"https:\/\/www.festivox.fr\/blog\/","logo":{"@type":"ImageObject","inLanguage":"fr-FR","@id":"https:\/\/www.festivox.fr\/blog\/#\/schema\/logo\/image\/","url":"https:\/\/www.festivox.fr\/blog\/wp-content\/uploads\/2023\/06\/logo-2.png","contentUrl":"https:\/\/www.festivox.fr\/blog\/wp-content\/uploads\/2023\/06\/logo-2.png","width":480,"height":160,"caption":"festivox"},"image":{"@id":"https:\/\/www.festivox.fr\/blog\/#\/schema\/logo\/image\/"}},{"@type":"Person","@id":"https:\/\/www.festivox.fr\/blog\/#\/schema\/person\/f36a8b6bc94800c3eafed4bca993ce95","name":"Michele","image":{"@type":"ImageObject","inLanguage":"fr-FR","@id":"https:\/\/secure.gravatar.com\/avatar\/b062046536b5d47ec9075956ec349ef95ed06b0f910c578f74abb318668b702e?s=96&d=mm&r=g","url":"https:\/\/secure.gravatar.com\/avatar\/b062046536b5d47ec9075956ec349ef95ed06b0f910c578f74abb318668b702e?s=96&d=mm&r=g","contentUrl":"https:\/\/secure.gravatar.com\/avatar\/b062046536b5d47ec9075956ec349ef95ed06b0f910c578f74abb318668b702e?s=96&d=mm&r=g","caption":"Michele"},"sameAs":["https:\/\/www.festivox.fr\/blog"],"url":"https:\/\/www.festivox.fr\/blog\/author\/voxadmin\/"}]}},"_links":{"self":[{"href":"https:\/\/www.festivox.fr\/blog\/wp-json\/wp\/v2\/posts\/401","targetHints":{"allow":["GET"]}}],"collection":[{"href":"https:\/\/www.festivox.fr\/blog\/wp-json\/wp\/v2\/posts"}],"about":[{"href":"https:\/\/www.festivox.fr\/blog\/wp-json\/wp\/v2\/types\/post"}],"author":[{"embeddable":true,"href":"https:\/\/www.festivox.fr\/blog\/wp-json\/wp\/v2\/users\/1"}],"replies":[{"embeddable":true,"href":"https:\/\/www.festivox.fr\/blog\/wp-json\/wp\/v2\/comments?post=401"}],"version-history":[{"count":0,"href":"https:\/\/www.festivox.fr\/blog\/wp-json\/wp\/v2\/posts\/401\/revisions"}],"wp:featuredmedia":[{"embeddable":true,"href":"https:\/\/www.festivox.fr\/blog\/wp-json\/wp\/v2\/media\/402"}],"wp:attachment":[{"href":"https:\/\/www.festivox.fr\/blog\/wp-json\/wp\/v2\/media?parent=401"}],"wp:term":[{"taxonomy":"category","embeddable":true,"href":"https:\/\/www.festivox.fr\/blog\/wp-json\/wp\/v2\/categories?post=401"},{"taxonomy":"post_tag","embeddable":true,"href":"https:\/\/www.festivox.fr\/blog\/wp-json\/wp\/v2\/tags?post=401"}],"curies":[{"name":"wp","href":"https:\/\/api.w.org\/{rel}","templated":true}]}}