{"id":399,"date":"2023-09-06T22:47:00","date_gmt":"2023-09-06T20:47:00","guid":{"rendered":"https:\/\/www.festivox.fr\/blog\/albret-jazz-festival-instant-de-bonheur-local\/"},"modified":"2023-09-06T22:47:00","modified_gmt":"2023-09-06T20:47:00","slug":"albret-jazz-festival-instant-de-bonheur-local","status":"publish","type":"post","link":"https:\/\/www.festivox.fr\/blog\/albret-jazz-festival-instant-de-bonheur-local\/","title":{"rendered":"Albret Jazz Festival : instant de bonheur local"},"content":{"rendered":"\n<div><img decoding=\"async\" src=\"https:\/\/www.festivox.fr\/blog\/wp-content\/uploads\/2023\/09\/albret-jazz-festival-instant-de-bonheur-local.jpg\" class=\"ff-og-image-inserted\"><\/div>\n<p> Troisi\u00e8me round ce week-end pour l\u2019Albret Jazz Festival. Profitons-en pour rappeler en quoi consiste cet \u00e9v\u00e9nement. <\/p>\n<div>\n<p>Sur le papier, et rien que dans son nom, le principe de l\u2019Albret Jazz Festival est simple : il s\u2019agit d\u2019amener du jazz en Lot-et-Garonne, avec les concerts d\u2019artistes de qualit\u00e9, qu\u2019ils soient connus internationalement ou juste localement, en in ou en off. Il a vu le jour en 2017 sous le nom Albret Jazz Sessions, puis a mut\u00e9 en 2021. Un petit air de \u00ab\u00a0Jazz in Marciac\u00a0\u00bb, mais sans chercher \u00e0 concurrencer le festival gersois.<\/p>\n<p><!-- Pub DFP Position [outstream] --> <\/p>\n<p>Au contraire, l\u2019\u00e9v\u00e9nement n\u00e9racais s\u2019est construit sa propre identit\u00e9, sur trois \u00e9ditions successives. Pour commencer, sur le plan alimentaire, tout est pr\u00e9vu pour servir des produits locaux, autant que possible. Les glaces des Tontons Papas de Casteljaloux (test\u00e9es et approuv\u00e9es), les Vignerons de Buzet, la cuisine du chef Michel Dussau, les fruits et l\u00e9gumes des environs\u2026 On cultive le patrimoine lot-et-garonnais. Musicalement, si c\u2019est le terme \u00ab\u00a0jazz\u00a0\u00bb qui appara\u00eet dans le nom, mais le mot englobe plusieurs styles.<\/p>\n<p><!-- Pub DFP Position [article] --> <\/p>\n<p>Blues, doo-wop, hard bop, be-bop, rythm\u2019n blues, soul, et m\u00eame des touches de rock\u2019n\u2019roll (si vous assistez au concert d\u2019Audrey et les Faces B vendredi). C\u2019est \u00e9bouriffant, de constater la quantit\u00e9 de genres engendr\u00e9s par le blues et les jazz des ann\u00e9es 20.<\/p>\n<p>Ce qu\u2019il y a de bien, aussi, avec l\u2019Albret Jazz Festival, c\u2019est la date. Un week-end de septembre, c\u2019est l\u2019arri\u00e8re-saison, on n\u2019a plus forc\u00e9ment les chaleurs \u00e9touffantes de juillet et ao\u00fbt. Bien s\u00fbr, il y a un petit go\u00fbt de rentr\u00e9e, l\u00e9g\u00e8rement amer en bouche, mais les festivit\u00e9s \u00ab\u00a0tardives\u00a0\u00bb, comme celles-ci redonnent facilement le sourire.<\/p>\n<p>Pour un tarif somme toute raisonnable, on a acc\u00e8s \u00e0 des artistes talentueux, venus des quatre coins du monde. Si vous \u00e9tiez \u00e0 N\u00e9rac l\u2019ann\u00e9e derni\u00e8re, vous avez peut-\u00eatre eu la chance d\u2019assister aux spectacles de Ben l\u2019oncle Soul et Ma\u00eb Defays, mais aussi le groupe Electro Deluxe, ou les Swing Bones. En 2021, Andr\u00e9 Manoukian a livr\u00e9 une prestation inoubliable, et est devenu le parrain du festival. Ceci pour la sc\u00e8ne principale, les concerts \u00ab\u00a0in\u00a0\u00bb. Pour le \u00ab\u00a0off\u00a0\u00bb (au Village des Saveurs et en d\u00e9ambulation dans les rues de N\u00e9rac), la qualit\u00e9 n\u2019est pas moindre. Certains des artistes \u00e0 se produire sont connus des Lot-et-Garonnais, comme le Jimmy Chambert 4tet, ou le trompettiste Laurent Agn\u00e8s, qu\u2019on a d\u00e9j\u00e0 pu voir au restaurant agenais Le Plancher des Vaches. Mais les groupes du off arrivent d\u2019un peu partout, ils ont voyag\u00e9 et rapport\u00e9 dans leurs bagages de nombreux souvenirs de leurs exp\u00e9riences sc\u00e9niques. Il y en a pour tous les go\u00fbts, et le public appr\u00e9cie. Comme r\u00e9sum\u00e9 par ses organisateurs, l\u2019Albret Jazz Festival a une ambition : devenir le plus grand des petits festivals !<\/p>\n<\/p><\/div>\n<p> Cet article, qui traite du th\u00e8me \u00ab\u00a0Festival Jazz et musique en mode guinguette\u00a0\u00bb, vous est d\u00e9lib\u00e9r\u00e9ment offert par festivox.fr. La raison d\u2019\u00eatre de festivox.fr est de parler de Festival Jazz et musique en mode guinguette dans la transparence la plus g\u00e9n\u00e9rale en vous procurant la visibilit\u00e9 de tout ce qui est publi\u00e9 sur ce sujet sur le web La chronique a \u00e9t\u00e9 g\u00e9n\u00e9r\u00e9e de la mani\u00e8re la plus honn\u00eate que possible. S\u2019il advenait que vous projetez d\u2019apporter quelques notes concernant le domaine de \u00ab\u00a0Festival Jazz et musique en mode guinguette\u00a0\u00bb vous avez la possibilit\u00e9 de d&rsquo;\u00e9changer avec notre r\u00e9daction. Dans peu de temps, on mettra en ligne d&rsquo;autres informations pertinentes autour du sujet \u00ab\u00a0Festival Jazz et musique en mode guinguette\u00a0\u00bb. Ainsi, consultez r\u00e9guli\u00e8rement notre site.<\/p>\n","protected":false},"excerpt":{"rendered":"<p>Troisi\u00e8me round ce week-end pour l\u2019Albret Jazz Festival. Profitons-en pour rappeler en quoi consiste cet \u00e9v\u00e9nement. Sur le papier, et rien que dans son nom, le principe de l\u2019Albret Jazz Festival est simple : il s\u2019agit d\u2019amener du jazz en Lot-et-Garonne, avec les concerts d\u2019artistes de qualit\u00e9, qu\u2019ils soient connus internationalement ou juste localement, en&hellip;<\/p>\n","protected":false},"author":1,"featured_media":400,"comment_status":"closed","ping_status":"closed","sticky":false,"template":"","format":"standard","meta":{"footnotes":""},"categories":[3],"tags":[],"class_list":["post-399","post","type-post","status-publish","format-standard","has-post-thumbnail","hentry","category-wiki-sur-festival-jazz-et-musique-en-mode-guinguette"],"yoast_head":"<!-- This site is optimized with the Yoast SEO plugin v27.5 - https:\/\/yoast.com\/product\/yoast-seo-wordpress\/ -->\n<title>Albret Jazz Festival : instant de bonheur local - FESTIVOX<\/title>\n<meta name=\"robots\" content=\"index, follow, max-snippet:-1, max-image-preview:large, max-video-preview:-1\" \/>\n<link rel=\"canonical\" href=\"https:\/\/www.festivox.fr\/blog\/albret-jazz-festival-instant-de-bonheur-local\/\" \/>\n<meta property=\"og:locale\" content=\"fr_FR\" \/>\n<meta property=\"og:type\" content=\"article\" \/>\n<meta property=\"og:title\" content=\"Albret Jazz Festival : instant de bonheur local - FESTIVOX\" \/>\n<meta property=\"og:description\" content=\"Troisi\u00e8me round ce week-end pour l\u2019Albret Jazz Festival. Profitons-en pour rappeler en quoi consiste cet \u00e9v\u00e9nement. Sur le papier, et rien que dans son nom, le principe de l\u2019Albret Jazz Festival est simple : il s\u2019agit d\u2019amener du jazz en Lot-et-Garonne, avec les concerts d\u2019artistes de qualit\u00e9, qu\u2019ils soient connus internationalement ou juste localement, en&hellip;\" \/>\n<meta property=\"og:url\" content=\"https:\/\/www.festivox.fr\/blog\/albret-jazz-festival-instant-de-bonheur-local\/\" \/>\n<meta property=\"og:site_name\" content=\"FESTIVOX\" \/>\n<meta property=\"article:published_time\" content=\"2023-09-06T20:47:00+00:00\" \/>\n<meta property=\"og:image\" content=\"https:\/\/www.festivox.fr\/blog\/wp-content\/uploads\/2023\/09\/albret-jazz-festival-instant-de-bonheur-local.jpg\" \/>\n<meta name=\"author\" content=\"Michele\" \/>\n<meta name=\"twitter:card\" content=\"summary_large_image\" \/>\n<meta name=\"twitter:label1\" content=\"\u00c9crit par\" \/>\n\t<meta name=\"twitter:data1\" content=\"Michele\" \/>\n\t<meta name=\"twitter:label2\" content=\"Dur\u00e9e de lecture estim\u00e9e\" \/>\n\t<meta name=\"twitter:data2\" content=\"3 minutes\" \/>\n<script type=\"application\/ld+json\" class=\"yoast-schema-graph\">{\"@context\":\"https:\\\/\\\/schema.org\",\"@graph\":[{\"@type\":\"Article\",\"@id\":\"https:\\\/\\\/www.festivox.fr\\\/blog\\\/albret-jazz-festival-instant-de-bonheur-local\\\/#article\",\"isPartOf\":{\"@id\":\"https:\\\/\\\/www.festivox.fr\\\/blog\\\/albret-jazz-festival-instant-de-bonheur-local\\\/\"},\"author\":{\"name\":\"Michele\",\"@id\":\"https:\\\/\\\/www.festivox.fr\\\/blog\\\/#\\\/schema\\\/person\\\/f36a8b6bc94800c3eafed4bca993ce95\"},\"headline\":\"Albret Jazz Festival : instant de bonheur local\",\"datePublished\":\"2023-09-06T20:47:00+00:00\",\"mainEntityOfPage\":{\"@id\":\"https:\\\/\\\/www.festivox.fr\\\/blog\\\/albret-jazz-festival-instant-de-bonheur-local\\\/\"},\"wordCount\":656,\"publisher\":{\"@id\":\"https:\\\/\\\/www.festivox.fr\\\/blog\\\/#organization\"},\"image\":{\"@id\":\"https:\\\/\\\/www.festivox.fr\\\/blog\\\/albret-jazz-festival-instant-de-bonheur-local\\\/#primaryimage\"},\"thumbnailUrl\":\"https:\\\/\\\/www.festivox.fr\\\/blog\\\/wp-content\\\/uploads\\\/2023\\\/09\\\/albret-jazz-festival-instant-de-bonheur-local.jpg\",\"articleSection\":[\"Wiki Sur Festival Jazz Et Musique En Mode Guinguette:\"],\"inLanguage\":\"fr-FR\"},{\"@type\":\"WebPage\",\"@id\":\"https:\\\/\\\/www.festivox.fr\\\/blog\\\/albret-jazz-festival-instant-de-bonheur-local\\\/\",\"url\":\"https:\\\/\\\/www.festivox.fr\\\/blog\\\/albret-jazz-festival-instant-de-bonheur-local\\\/\",\"name\":\"Albret Jazz Festival : instant de bonheur local - FESTIVOX\",\"isPartOf\":{\"@id\":\"https:\\\/\\\/www.festivox.fr\\\/blog\\\/#website\"},\"primaryImageOfPage\":{\"@id\":\"https:\\\/\\\/www.festivox.fr\\\/blog\\\/albret-jazz-festival-instant-de-bonheur-local\\\/#primaryimage\"},\"image\":{\"@id\":\"https:\\\/\\\/www.festivox.fr\\\/blog\\\/albret-jazz-festival-instant-de-bonheur-local\\\/#primaryimage\"},\"thumbnailUrl\":\"https:\\\/\\\/www.festivox.fr\\\/blog\\\/wp-content\\\/uploads\\\/2023\\\/09\\\/albret-jazz-festival-instant-de-bonheur-local.jpg\",\"datePublished\":\"2023-09-06T20:47:00+00:00\",\"breadcrumb\":{\"@id\":\"https:\\\/\\\/www.festivox.fr\\\/blog\\\/albret-jazz-festival-instant-de-bonheur-local\\\/#breadcrumb\"},\"inLanguage\":\"fr-FR\",\"potentialAction\":[{\"@type\":\"ReadAction\",\"target\":[\"https:\\\/\\\/www.festivox.fr\\\/blog\\\/albret-jazz-festival-instant-de-bonheur-local\\\/\"]}]},{\"@type\":\"ImageObject\",\"inLanguage\":\"fr-FR\",\"@id\":\"https:\\\/\\\/www.festivox.fr\\\/blog\\\/albret-jazz-festival-instant-de-bonheur-local\\\/#primaryimage\",\"url\":\"https:\\\/\\\/www.festivox.fr\\\/blog\\\/wp-content\\\/uploads\\\/2023\\\/09\\\/albret-jazz-festival-instant-de-bonheur-local.jpg\",\"contentUrl\":\"https:\\\/\\\/www.festivox.fr\\\/blog\\\/wp-content\\\/uploads\\\/2023\\\/09\\\/albret-jazz-festival-instant-de-bonheur-local.jpg\",\"width\":885,\"height\":500},{\"@type\":\"BreadcrumbList\",\"@id\":\"https:\\\/\\\/www.festivox.fr\\\/blog\\\/albret-jazz-festival-instant-de-bonheur-local\\\/#breadcrumb\",\"itemListElement\":[{\"@type\":\"ListItem\",\"position\":1,\"name\":\"Accueil\",\"item\":\"https:\\\/\\\/www.festivox.fr\\\/blog\\\/\"},{\"@type\":\"ListItem\",\"position\":2,\"name\":\"Albret Jazz Festival : instant de bonheur local\"}]},{\"@type\":\"WebSite\",\"@id\":\"https:\\\/\\\/www.festivox.fr\\\/blog\\\/#website\",\"url\":\"https:\\\/\\\/www.festivox.fr\\\/blog\\\/\",\"name\":\"FESTIVOX\",\"description\":\"Festival en mode guinguette.\",\"publisher\":{\"@id\":\"https:\\\/\\\/www.festivox.fr\\\/blog\\\/#organization\"},\"potentialAction\":[{\"@type\":\"SearchAction\",\"target\":{\"@type\":\"EntryPoint\",\"urlTemplate\":\"https:\\\/\\\/www.festivox.fr\\\/blog\\\/?s={search_term_string}\"},\"query-input\":{\"@type\":\"PropertyValueSpecification\",\"valueRequired\":true,\"valueName\":\"search_term_string\"}}],\"inLanguage\":\"fr-FR\"},{\"@type\":\"Organization\",\"@id\":\"https:\\\/\\\/www.festivox.fr\\\/blog\\\/#organization\",\"name\":\"festivox\",\"url\":\"https:\\\/\\\/www.festivox.fr\\\/blog\\\/\",\"logo\":{\"@type\":\"ImageObject\",\"inLanguage\":\"fr-FR\",\"@id\":\"https:\\\/\\\/www.festivox.fr\\\/blog\\\/#\\\/schema\\\/logo\\\/image\\\/\",\"url\":\"https:\\\/\\\/www.festivox.fr\\\/blog\\\/wp-content\\\/uploads\\\/2023\\\/06\\\/logo-2.png\",\"contentUrl\":\"https:\\\/\\\/www.festivox.fr\\\/blog\\\/wp-content\\\/uploads\\\/2023\\\/06\\\/logo-2.png\",\"width\":480,\"height\":160,\"caption\":\"festivox\"},\"image\":{\"@id\":\"https:\\\/\\\/www.festivox.fr\\\/blog\\\/#\\\/schema\\\/logo\\\/image\\\/\"}},{\"@type\":\"Person\",\"@id\":\"https:\\\/\\\/www.festivox.fr\\\/blog\\\/#\\\/schema\\\/person\\\/f36a8b6bc94800c3eafed4bca993ce95\",\"name\":\"Michele\",\"image\":{\"@type\":\"ImageObject\",\"inLanguage\":\"fr-FR\",\"@id\":\"https:\\\/\\\/secure.gravatar.com\\\/avatar\\\/b062046536b5d47ec9075956ec349ef95ed06b0f910c578f74abb318668b702e?s=96&d=mm&r=g\",\"url\":\"https:\\\/\\\/secure.gravatar.com\\\/avatar\\\/b062046536b5d47ec9075956ec349ef95ed06b0f910c578f74abb318668b702e?s=96&d=mm&r=g\",\"contentUrl\":\"https:\\\/\\\/secure.gravatar.com\\\/avatar\\\/b062046536b5d47ec9075956ec349ef95ed06b0f910c578f74abb318668b702e?s=96&d=mm&r=g\",\"caption\":\"Michele\"},\"sameAs\":[\"https:\\\/\\\/www.festivox.fr\\\/blog\"],\"url\":\"https:\\\/\\\/www.festivox.fr\\\/blog\\\/author\\\/voxadmin\\\/\"}]}<\/script>\n<!-- \/ Yoast SEO plugin. -->","yoast_head_json":{"title":"Albret Jazz Festival : instant de bonheur local - FESTIVOX","robots":{"index":"index","follow":"follow","max-snippet":"max-snippet:-1","max-image-preview":"max-image-preview:large","max-video-preview":"max-video-preview:-1"},"canonical":"https:\/\/www.festivox.fr\/blog\/albret-jazz-festival-instant-de-bonheur-local\/","og_locale":"fr_FR","og_type":"article","og_title":"Albret Jazz Festival : instant de bonheur local - FESTIVOX","og_description":"Troisi\u00e8me round ce week-end pour l\u2019Albret Jazz Festival. Profitons-en pour rappeler en quoi consiste cet \u00e9v\u00e9nement. Sur le papier, et rien que dans son nom, le principe de l\u2019Albret Jazz Festival est simple : il s\u2019agit d\u2019amener du jazz en Lot-et-Garonne, avec les concerts d\u2019artistes de qualit\u00e9, qu\u2019ils soient connus internationalement ou juste localement, en&hellip;","og_url":"https:\/\/www.festivox.fr\/blog\/albret-jazz-festival-instant-de-bonheur-local\/","og_site_name":"FESTIVOX","article_published_time":"2023-09-06T20:47:00+00:00","og_image":[{"url":"https:\/\/www.festivox.fr\/blog\/wp-content\/uploads\/2023\/09\/albret-jazz-festival-instant-de-bonheur-local.jpg","type":"","width":"","height":""}],"author":"Michele","twitter_card":"summary_large_image","twitter_misc":{"\u00c9crit par":"Michele","Dur\u00e9e de lecture estim\u00e9e":"3 minutes"},"schema":{"@context":"https:\/\/schema.org","@graph":[{"@type":"Article","@id":"https:\/\/www.festivox.fr\/blog\/albret-jazz-festival-instant-de-bonheur-local\/#article","isPartOf":{"@id":"https:\/\/www.festivox.fr\/blog\/albret-jazz-festival-instant-de-bonheur-local\/"},"author":{"name":"Michele","@id":"https:\/\/www.festivox.fr\/blog\/#\/schema\/person\/f36a8b6bc94800c3eafed4bca993ce95"},"headline":"Albret Jazz Festival : instant de bonheur local","datePublished":"2023-09-06T20:47:00+00:00","mainEntityOfPage":{"@id":"https:\/\/www.festivox.fr\/blog\/albret-jazz-festival-instant-de-bonheur-local\/"},"wordCount":656,"publisher":{"@id":"https:\/\/www.festivox.fr\/blog\/#organization"},"image":{"@id":"https:\/\/www.festivox.fr\/blog\/albret-jazz-festival-instant-de-bonheur-local\/#primaryimage"},"thumbnailUrl":"https:\/\/www.festivox.fr\/blog\/wp-content\/uploads\/2023\/09\/albret-jazz-festival-instant-de-bonheur-local.jpg","articleSection":["Wiki Sur Festival Jazz Et Musique En Mode Guinguette:"],"inLanguage":"fr-FR"},{"@type":"WebPage","@id":"https:\/\/www.festivox.fr\/blog\/albret-jazz-festival-instant-de-bonheur-local\/","url":"https:\/\/www.festivox.fr\/blog\/albret-jazz-festival-instant-de-bonheur-local\/","name":"Albret Jazz Festival : instant de bonheur local - FESTIVOX","isPartOf":{"@id":"https:\/\/www.festivox.fr\/blog\/#website"},"primaryImageOfPage":{"@id":"https:\/\/www.festivox.fr\/blog\/albret-jazz-festival-instant-de-bonheur-local\/#primaryimage"},"image":{"@id":"https:\/\/www.festivox.fr\/blog\/albret-jazz-festival-instant-de-bonheur-local\/#primaryimage"},"thumbnailUrl":"https:\/\/www.festivox.fr\/blog\/wp-content\/uploads\/2023\/09\/albret-jazz-festival-instant-de-bonheur-local.jpg","datePublished":"2023-09-06T20:47:00+00:00","breadcrumb":{"@id":"https:\/\/www.festivox.fr\/blog\/albret-jazz-festival-instant-de-bonheur-local\/#breadcrumb"},"inLanguage":"fr-FR","potentialAction":[{"@type":"ReadAction","target":["https:\/\/www.festivox.fr\/blog\/albret-jazz-festival-instant-de-bonheur-local\/"]}]},{"@type":"ImageObject","inLanguage":"fr-FR","@id":"https:\/\/www.festivox.fr\/blog\/albret-jazz-festival-instant-de-bonheur-local\/#primaryimage","url":"https:\/\/www.festivox.fr\/blog\/wp-content\/uploads\/2023\/09\/albret-jazz-festival-instant-de-bonheur-local.jpg","contentUrl":"https:\/\/www.festivox.fr\/blog\/wp-content\/uploads\/2023\/09\/albret-jazz-festival-instant-de-bonheur-local.jpg","width":885,"height":500},{"@type":"BreadcrumbList","@id":"https:\/\/www.festivox.fr\/blog\/albret-jazz-festival-instant-de-bonheur-local\/#breadcrumb","itemListElement":[{"@type":"ListItem","position":1,"name":"Accueil","item":"https:\/\/www.festivox.fr\/blog\/"},{"@type":"ListItem","position":2,"name":"Albret Jazz Festival : instant de bonheur local"}]},{"@type":"WebSite","@id":"https:\/\/www.festivox.fr\/blog\/#website","url":"https:\/\/www.festivox.fr\/blog\/","name":"FESTIVOX","description":"Festival en mode guinguette.","publisher":{"@id":"https:\/\/www.festivox.fr\/blog\/#organization"},"potentialAction":[{"@type":"SearchAction","target":{"@type":"EntryPoint","urlTemplate":"https:\/\/www.festivox.fr\/blog\/?s={search_term_string}"},"query-input":{"@type":"PropertyValueSpecification","valueRequired":true,"valueName":"search_term_string"}}],"inLanguage":"fr-FR"},{"@type":"Organization","@id":"https:\/\/www.festivox.fr\/blog\/#organization","name":"festivox","url":"https:\/\/www.festivox.fr\/blog\/","logo":{"@type":"ImageObject","inLanguage":"fr-FR","@id":"https:\/\/www.festivox.fr\/blog\/#\/schema\/logo\/image\/","url":"https:\/\/www.festivox.fr\/blog\/wp-content\/uploads\/2023\/06\/logo-2.png","contentUrl":"https:\/\/www.festivox.fr\/blog\/wp-content\/uploads\/2023\/06\/logo-2.png","width":480,"height":160,"caption":"festivox"},"image":{"@id":"https:\/\/www.festivox.fr\/blog\/#\/schema\/logo\/image\/"}},{"@type":"Person","@id":"https:\/\/www.festivox.fr\/blog\/#\/schema\/person\/f36a8b6bc94800c3eafed4bca993ce95","name":"Michele","image":{"@type":"ImageObject","inLanguage":"fr-FR","@id":"https:\/\/secure.gravatar.com\/avatar\/b062046536b5d47ec9075956ec349ef95ed06b0f910c578f74abb318668b702e?s=96&d=mm&r=g","url":"https:\/\/secure.gravatar.com\/avatar\/b062046536b5d47ec9075956ec349ef95ed06b0f910c578f74abb318668b702e?s=96&d=mm&r=g","contentUrl":"https:\/\/secure.gravatar.com\/avatar\/b062046536b5d47ec9075956ec349ef95ed06b0f910c578f74abb318668b702e?s=96&d=mm&r=g","caption":"Michele"},"sameAs":["https:\/\/www.festivox.fr\/blog"],"url":"https:\/\/www.festivox.fr\/blog\/author\/voxadmin\/"}]}},"_links":{"self":[{"href":"https:\/\/www.festivox.fr\/blog\/wp-json\/wp\/v2\/posts\/399","targetHints":{"allow":["GET"]}}],"collection":[{"href":"https:\/\/www.festivox.fr\/blog\/wp-json\/wp\/v2\/posts"}],"about":[{"href":"https:\/\/www.festivox.fr\/blog\/wp-json\/wp\/v2\/types\/post"}],"author":[{"embeddable":true,"href":"https:\/\/www.festivox.fr\/blog\/wp-json\/wp\/v2\/users\/1"}],"replies":[{"embeddable":true,"href":"https:\/\/www.festivox.fr\/blog\/wp-json\/wp\/v2\/comments?post=399"}],"version-history":[{"count":0,"href":"https:\/\/www.festivox.fr\/blog\/wp-json\/wp\/v2\/posts\/399\/revisions"}],"wp:featuredmedia":[{"embeddable":true,"href":"https:\/\/www.festivox.fr\/blog\/wp-json\/wp\/v2\/media\/400"}],"wp:attachment":[{"href":"https:\/\/www.festivox.fr\/blog\/wp-json\/wp\/v2\/media?parent=399"}],"wp:term":[{"taxonomy":"category","embeddable":true,"href":"https:\/\/www.festivox.fr\/blog\/wp-json\/wp\/v2\/categories?post=399"},{"taxonomy":"post_tag","embeddable":true,"href":"https:\/\/www.festivox.fr\/blog\/wp-json\/wp\/v2\/tags?post=399"}],"curies":[{"name":"wp","href":"https:\/\/api.w.org\/{rel}","templated":true}]}}