{"id":387,"date":"2023-09-03T01:59:00","date_gmt":"2023-09-02T23:59:00","guid":{"rendered":"https:\/\/www.festivox.fr\/blog\/albret-jazz-festival-jai-une-approche-passionnelle-de-la-musique-didier-bergen-a-la-manoeuvre\/"},"modified":"2023-09-03T01:59:00","modified_gmt":"2023-09-02T23:59:00","slug":"albret-jazz-festival-jai-une-approche-passionnelle-de-la-musique-didier-bergen-a-la-manoeuvre","status":"publish","type":"post","link":"https:\/\/www.festivox.fr\/blog\/albret-jazz-festival-jai-une-approche-passionnelle-de-la-musique-didier-bergen-a-la-manoeuvre\/","title":{"rendered":"Albret Jazz Festival. \u00ab J\u2019ai une approche passionnelle de la musique \u00bb, Didier Bergen \u00e0 la man\u0153uvre"},"content":{"rendered":"\n<div><img decoding=\"async\" src=\"https:\/\/www.festivox.fr\/blog\/wp-content\/uploads\/2023\/09\/albret-jazz-festival-jai-une-approche-passionnelle-de-la-musique-didier-bergen-a-la-manoeuvre.jpg\" class=\"ff-og-image-inserted\"><\/div>\n<div>\n<p>\u00ab&nbsp;Pourquoi le jazz&nbsp;?&nbsp;\u00bb En posant la question, Didier Bergen replonge dans ses souvenirs d\u2019enfance. \u00ab&nbsp;Mon p\u00e8re \u00e9tait aviateur et a pass\u00e9 un moment aux \u00c9tats-Unis. Quand il est rentr\u00e9, il avait dans sa malle en m\u00e9tal des vinyles d\u2019Ella Fitzgerald, Billie Holiday, tous les grands noms du jazz.&nbsp;Je trouvais exceptionnelle cette capacit\u00e9 d\u2019improvisation qu\u2019a le jazz. On n\u2019\u00e9coute jamais le m\u00eame morceau\u2026&nbsp;\u00bb Certes, \u00e0 l\u2019adolescence, il s\u2019en \u00e9loigne\u2026 \u00ab&nbsp;J\u2019ai d\u00e9couvert&#8230;<\/p>\n<\/div>\n<div>\n<p>\u00ab&nbsp;Pourquoi le jazz&nbsp;?&nbsp;\u00bb En posant la question, Didier Bergen replonge dans ses souvenirs d\u2019enfance. \u00ab&nbsp;Mon p\u00e8re \u00e9tait aviateur et a pass\u00e9 un moment aux \u00c9tats-Unis. Quand il est rentr\u00e9, il avait dans sa malle en m\u00e9tal des vinyles d\u2019Ella Fitzgerald, Billie Holiday, tous les grands noms du jazz.&nbsp;Je trouvais exceptionnelle cette capacit\u00e9 d\u2019improvisation qu\u2019a le jazz. On n\u2019\u00e9coute jamais le m\u00eame morceau\u2026&nbsp;\u00bb Certes, \u00e0 l\u2019adolescence, il s\u2019en \u00e9loigne\u2026 \u00ab&nbsp;J\u2019ai d\u00e9couvert plus tard les ACDC, Genesis\u2026&nbsp;\u00bb Mais le jazz ne tarde pas \u00e0 revenir. \u00ab&nbsp;J\u2019ai une approche passionnelle de la musique.&nbsp;\u00bb<\/p>\n<p>Qui transpara\u00eet dans la fabrication, l\u2019alchimie d\u2019Albret Jazz Festival. Pour lui (et un peu par amour), il a quitt\u00e9 Blois, direction N\u00e9rac. \u00ab&nbsp;Je n\u2019imaginais pas faire na\u00eetre un festival en \u00e9tant \u00e0 distance.&nbsp;\u00bb Cette ann\u00e9e, le directeur esp\u00e8re d\u00e9passer les 4&nbsp;000 entr\u00e9es. \u00ab&nbsp;Nous ne serons jamais Marciac, ce n\u2019est pas l\u2019ambition.&nbsp;\u00bb Plus que la taille, c\u2019est la qualit\u00e9 qui compte. Pour le public et pour les artistes qui seront choy\u00e9s.<\/p>\n<h2 class=\"article-subtitle\">Cr\u00e8ve-c\u0153ur<\/h2>\n<p>Car le monsieur \u00e0 la voix grave &#8211; il chante aussi dans des groupes de jazz &#8211; conna\u00eet sa partition. Et ce n\u2019est pas tout \u00e0 fait par hasard si le festival est n\u00e9 en Lot-et-Garonne. C\u2019est lui qui g\u00e8re les tourn\u00e9es All That Jazz, qui avaient lieu, jusqu\u2019en 2019, \u00e0 Cap Cin\u00e9ma, avant de passer sous la banni\u00e8re du groupe CGR.<\/p>\n<blockquote><p>Gr\u00e2ce \u00e0 la capacit\u00e9 d\u2019improvisation du jazz, on n\u2019\u00e9coute jamais deux fois le m\u00eame morceau<\/p><\/blockquote>\n<p>\u00ab&nbsp;Cela a \u00e9t\u00e9 un cr\u00e8ve-c\u0153ur d\u2019arr\u00eater la tourn\u00e9e \u00e0 Agen. L\u2019\u00e9v\u00e9nement commen\u00e7ait vraiment \u00e0 y \u00eatre ancr\u00e9&nbsp;\u00bb, se souvient-il. La mort dans l\u2019\u00e2me, il arr\u00eate cette tourn\u00e9e. Non sans dire \u00e0 son ami, le restaurateur Michel Dussau, \u00ab&nbsp;je reviendrais. Je ne sais pas comment, mais je reviendrai\u2026&nbsp;\u00bb<\/p>\n<p>C\u2019est ce m\u00eame Michel Dussau qui, apr\u00e8s le confinement de 2020, le contacte. \u00ab&nbsp;L\u2019office de tourisme de l\u2019Albret et la Communaut\u00e9 de communes organisaient des concerts de jazz itin\u00e9rant. Il leur a dit que j\u2019\u00e9tais l\u2019homme de la situation\u2026&nbsp;\u00bb<\/p>\n<h2 class=\"article-subtitle\">Disney et le Club Med<\/h2>\n<p>Au d\u00e9part, Didier Bergen ne fait qu\u2019un peu de conseil par t\u00e9l\u00e9phone. Mais, au fur et \u00e0 mesure, il tombe amoureux de l\u2019exp\u00e9rience. Et Albret Jazz Session devient Albret Jazz Festival. Quand il s\u2019agit de trouver un lieu, apr\u00e8s avoir fait quelques visites, il a un vrai coup de c\u0153ur pour le parc de la Garenne et son th\u00e9\u00e2tre de verdure. Le reste d\u00e9coule logiquement.<\/p>\n<p>Avec ses 20&nbsp;ans d\u2019exp\u00e9rience chez Disney (la grande parade, c\u2019\u00e9tait lui), au Club Med, Centrer Parcs et la programmation de All That Jazz, les contacts, ce n\u2019est pas ce qui manque. Il se prend tellement au jeu qu\u2019il finit par s\u2019installer ici. \u00ab&nbsp;Aujourd\u2019hui, nous en sommes aux derniers ajustements. Ce matin, j\u2019ai coll\u00e9 des affiches&nbsp;!&nbsp;\u00bb Son enthousiasme et son engagement ne sont plus \u00e0 d\u00e9montrer. \u00ab&nbsp;Un festival, c\u2019est toute une \u00e9quipe. Et celle-l\u00e0, elle a une super \u00e9nergie&nbsp;!&nbsp;\u00bb<\/p>\n<p>C\u00f4t\u00e9 programmation, \u00ab&nbsp;je la veux f\u00e9d\u00e9ratrice et de qualit\u00e9&nbsp;\u00bb. Comme parrain de la premi\u00e8re \u00e9dition, il choisit Alain Manoukian. \u00ab&nbsp;C\u2019est un peu mon porte-bonheur. Il a \u00e9galement \u00e9t\u00e9 parrain de All That Jazz&nbsp;\u00bb, sourit le directeur artistique. Sa programmation, il la veut f\u00e9d\u00e9ratrice, de qualit\u00e9. Et repr\u00e9sentative du jazz sous toutes ses formes. \u00ab&nbsp;Si Miles Davis \u00e9tait encore l\u00e0, je suis s\u00fbr qu\u2019il jouerait avec des DJ\u2026&nbsp;\u00bb<\/p>\n<p><h2> Deux sc\u00e8nes, 15 concerts<br \/>\n<\/h2>\n<p>Pour cette troisi\u00e8me \u00e9dition, Didier Bergen est all\u00e9 jusqu\u2019\u00e0 encourager une collaboration in\u00e9dite autour des grandes voix f\u00e9minines entre The amazing Keystone 7tet et China Moses. La rencontre, en live, aura lieu vendredi 8&nbsp;septembre, \u00e0 20&nbsp;h&nbsp;30, au th\u00e9\u00e2tre de verdure, avant le concert des Lehmans Brothers. C\u00f4t\u00e9 t\u00eate d\u2019affiche, le th\u00e9\u00e2tre de verdure accueillera, samedi, \u00e0 22 heures, Fred Wesley and the new JB\u2019s. Ce tromboniste d\u2019exception a longtemps \u00e9t\u00e9 le compagnon de sc\u00e8ne de James Brown. Dimanche, ce sont Hugh Coltman et Matthis Pascaud, \u00e0 14 heures, et Kyle Eastwood, \u00e0 15&nbsp;h&nbsp;30, qui cl\u00f4tureront ce festival.<br \/>Une programmation qui s\u2019accompagne non pas d\u2019un \u00ab&nbsp;off&nbsp;\u00bb, terme que Didier Bergen r\u00e9prouve, mais d\u2019une programmation alternative au Village des saveurs, toujours \u00e0 la Garenne. On y retrouvera des standards du jazz, avec Laurent Agn\u00e8s and Friends (vendredi soir), mais aussi des inspirations plus d\u00e9cal\u00e9es avec Macadam Farmer, samedi \u00e0 15 heures. Dimanche, \u00e0 11&nbsp;heures, 50 \u00e9l\u00e8ves de l\u2019\u00e9cole de musique, issus des classes de saxophone, trompette, fl\u00fbte\u2026 monteront \u00e0 leur tour sur sc\u00e8ne. \u00ab&nbsp;Nous avons \u00e9galement pr\u00e9vu une sc\u00e8ne au march\u00e9, le samedi. Le festival doit vivre dans sa ville.&nbsp;\u00bb<\/p>\n<p><em>Programmation compl\u00e8te, tarifs et r\u00e9servations sur albret-jazz-festival.com<\/em><\/p>\n<\/div>\n<p> Cet article, qui traite du th\u00e8me \u00ab\u00a0Festival Jazz et musique en mode guinguette\u00a0\u00bb, vous est d\u00e9lib\u00e9r\u00e9ment offert par festivox.fr. La raison d\u2019\u00eatre de festivox.fr est de parler de Festival Jazz et musique en mode guinguette dans la transparence la plus g\u00e9n\u00e9rale en vous procurant la visibilit\u00e9 de tout ce qui est publi\u00e9 sur ce sujet sur le web La chronique a \u00e9t\u00e9 g\u00e9n\u00e9r\u00e9e de la mani\u00e8re la plus honn\u00eate que possible. S\u2019il advenait que vous projetez d\u2019apporter quelques notes concernant le domaine de \u00ab\u00a0Festival Jazz et musique en mode guinguette\u00a0\u00bb vous avez la possibilit\u00e9 de d&rsquo;\u00e9changer avec notre r\u00e9daction. Dans peu de temps, on mettra en ligne d&rsquo;autres informations pertinentes autour du sujet \u00ab\u00a0Festival Jazz et musique en mode guinguette\u00a0\u00bb. Ainsi, consultez r\u00e9guli\u00e8rement notre site.<\/p>\n","protected":false},"excerpt":{"rendered":"<p>\u00ab&nbsp;Pourquoi le jazz&nbsp;?&nbsp;\u00bb En posant la question, Didier Bergen replonge dans ses souvenirs d\u2019enfance. \u00ab&nbsp;Mon p\u00e8re \u00e9tait aviateur et a pass\u00e9 un moment aux \u00c9tats-Unis. Quand il est rentr\u00e9, il avait dans sa malle en m\u00e9tal des vinyles d\u2019Ella Fitzgerald, Billie Holiday, tous les grands noms du jazz.&nbsp;Je trouvais exceptionnelle cette capacit\u00e9 d\u2019improvisation qu\u2019a le&hellip;<\/p>\n","protected":false},"author":1,"featured_media":388,"comment_status":"closed","ping_status":"closed","sticky":false,"template":"","format":"standard","meta":{"footnotes":""},"categories":[3],"tags":[],"class_list":["post-387","post","type-post","status-publish","format-standard","has-post-thumbnail","hentry","category-wiki-sur-festival-jazz-et-musique-en-mode-guinguette"],"yoast_head":"<!-- This site is optimized with the Yoast SEO plugin v27.5 - https:\/\/yoast.com\/product\/yoast-seo-wordpress\/ -->\n<title>Albret Jazz Festival. \u00ab J\u2019ai une approche passionnelle de la musique \u00bb, Didier Bergen \u00e0 la man\u0153uvre - FESTIVOX<\/title>\n<meta name=\"robots\" content=\"index, follow, max-snippet:-1, max-image-preview:large, max-video-preview:-1\" \/>\n<link rel=\"canonical\" href=\"https:\/\/www.festivox.fr\/blog\/albret-jazz-festival-jai-une-approche-passionnelle-de-la-musique-didier-bergen-a-la-manoeuvre\/\" \/>\n<meta property=\"og:locale\" content=\"fr_FR\" \/>\n<meta property=\"og:type\" content=\"article\" \/>\n<meta property=\"og:title\" content=\"Albret Jazz Festival. \u00ab J\u2019ai une approche passionnelle de la musique \u00bb, Didier Bergen \u00e0 la man\u0153uvre - FESTIVOX\" \/>\n<meta property=\"og:description\" content=\"\u00ab&nbsp;Pourquoi le jazz&nbsp;?&nbsp;\u00bb En posant la question, Didier Bergen replonge dans ses souvenirs d\u2019enfance. \u00ab&nbsp;Mon p\u00e8re \u00e9tait aviateur et a pass\u00e9 un moment aux \u00c9tats-Unis. Quand il est rentr\u00e9, il avait dans sa malle en m\u00e9tal des vinyles d\u2019Ella Fitzgerald, Billie Holiday, tous les grands noms du jazz.&nbsp;Je trouvais exceptionnelle cette capacit\u00e9 d\u2019improvisation qu\u2019a le&hellip;\" \/>\n<meta property=\"og:url\" content=\"https:\/\/www.festivox.fr\/blog\/albret-jazz-festival-jai-une-approche-passionnelle-de-la-musique-didier-bergen-a-la-manoeuvre\/\" \/>\n<meta property=\"og:site_name\" content=\"FESTIVOX\" \/>\n<meta property=\"article:published_time\" content=\"2023-09-02T23:59:00+00:00\" \/>\n<meta property=\"og:image\" content=\"https:\/\/www.festivox.fr\/blog\/wp-content\/uploads\/2023\/09\/albret-jazz-festival-jai-une-approche-passionnelle-de-la-musique-didier-bergen-a-la-manoeuvre.jpg\" \/>\n<meta name=\"author\" content=\"Michele\" \/>\n<meta name=\"twitter:card\" content=\"summary_large_image\" \/>\n<meta name=\"twitter:label1\" content=\"\u00c9crit par\" \/>\n\t<meta name=\"twitter:data1\" content=\"Michele\" \/>\n\t<meta name=\"twitter:label2\" content=\"Dur\u00e9e de lecture estim\u00e9e\" \/>\n\t<meta name=\"twitter:data2\" content=\"6 minutes\" \/>\n<script type=\"application\/ld+json\" class=\"yoast-schema-graph\">{\"@context\":\"https:\\\/\\\/schema.org\",\"@graph\":[{\"@type\":\"Article\",\"@id\":\"https:\\\/\\\/www.festivox.fr\\\/blog\\\/albret-jazz-festival-jai-une-approche-passionnelle-de-la-musique-didier-bergen-a-la-manoeuvre\\\/#article\",\"isPartOf\":{\"@id\":\"https:\\\/\\\/www.festivox.fr\\\/blog\\\/albret-jazz-festival-jai-une-approche-passionnelle-de-la-musique-didier-bergen-a-la-manoeuvre\\\/\"},\"author\":{\"name\":\"Michele\",\"@id\":\"https:\\\/\\\/www.festivox.fr\\\/blog\\\/#\\\/schema\\\/person\\\/f36a8b6bc94800c3eafed4bca993ce95\"},\"headline\":\"Albret Jazz Festival. \u00ab J\u2019ai une approche passionnelle de la musique \u00bb, Didier Bergen \u00e0 la man\u0153uvre\",\"datePublished\":\"2023-09-02T23:59:00+00:00\",\"mainEntityOfPage\":{\"@id\":\"https:\\\/\\\/www.festivox.fr\\\/blog\\\/albret-jazz-festival-jai-une-approche-passionnelle-de-la-musique-didier-bergen-a-la-manoeuvre\\\/\"},\"wordCount\":1125,\"publisher\":{\"@id\":\"https:\\\/\\\/www.festivox.fr\\\/blog\\\/#organization\"},\"image\":{\"@id\":\"https:\\\/\\\/www.festivox.fr\\\/blog\\\/albret-jazz-festival-jai-une-approche-passionnelle-de-la-musique-didier-bergen-a-la-manoeuvre\\\/#primaryimage\"},\"thumbnailUrl\":\"https:\\\/\\\/www.festivox.fr\\\/blog\\\/wp-content\\\/uploads\\\/2023\\\/09\\\/albret-jazz-festival-jai-une-approche-passionnelle-de-la-musique-didier-bergen-a-la-manoeuvre.jpg\",\"articleSection\":[\"Wiki Sur Festival Jazz Et Musique En Mode Guinguette:\"],\"inLanguage\":\"fr-FR\"},{\"@type\":\"WebPage\",\"@id\":\"https:\\\/\\\/www.festivox.fr\\\/blog\\\/albret-jazz-festival-jai-une-approche-passionnelle-de-la-musique-didier-bergen-a-la-manoeuvre\\\/\",\"url\":\"https:\\\/\\\/www.festivox.fr\\\/blog\\\/albret-jazz-festival-jai-une-approche-passionnelle-de-la-musique-didier-bergen-a-la-manoeuvre\\\/\",\"name\":\"Albret Jazz Festival. \u00ab J\u2019ai une approche passionnelle de la musique \u00bb, Didier Bergen \u00e0 la man\u0153uvre - FESTIVOX\",\"isPartOf\":{\"@id\":\"https:\\\/\\\/www.festivox.fr\\\/blog\\\/#website\"},\"primaryImageOfPage\":{\"@id\":\"https:\\\/\\\/www.festivox.fr\\\/blog\\\/albret-jazz-festival-jai-une-approche-passionnelle-de-la-musique-didier-bergen-a-la-manoeuvre\\\/#primaryimage\"},\"image\":{\"@id\":\"https:\\\/\\\/www.festivox.fr\\\/blog\\\/albret-jazz-festival-jai-une-approche-passionnelle-de-la-musique-didier-bergen-a-la-manoeuvre\\\/#primaryimage\"},\"thumbnailUrl\":\"https:\\\/\\\/www.festivox.fr\\\/blog\\\/wp-content\\\/uploads\\\/2023\\\/09\\\/albret-jazz-festival-jai-une-approche-passionnelle-de-la-musique-didier-bergen-a-la-manoeuvre.jpg\",\"datePublished\":\"2023-09-02T23:59:00+00:00\",\"breadcrumb\":{\"@id\":\"https:\\\/\\\/www.festivox.fr\\\/blog\\\/albret-jazz-festival-jai-une-approche-passionnelle-de-la-musique-didier-bergen-a-la-manoeuvre\\\/#breadcrumb\"},\"inLanguage\":\"fr-FR\",\"potentialAction\":[{\"@type\":\"ReadAction\",\"target\":[\"https:\\\/\\\/www.festivox.fr\\\/blog\\\/albret-jazz-festival-jai-une-approche-passionnelle-de-la-musique-didier-bergen-a-la-manoeuvre\\\/\"]}]},{\"@type\":\"ImageObject\",\"inLanguage\":\"fr-FR\",\"@id\":\"https:\\\/\\\/www.festivox.fr\\\/blog\\\/albret-jazz-festival-jai-une-approche-passionnelle-de-la-musique-didier-bergen-a-la-manoeuvre\\\/#primaryimage\",\"url\":\"https:\\\/\\\/www.festivox.fr\\\/blog\\\/wp-content\\\/uploads\\\/2023\\\/09\\\/albret-jazz-festival-jai-une-approche-passionnelle-de-la-musique-didier-bergen-a-la-manoeuvre.jpg\",\"contentUrl\":\"https:\\\/\\\/www.festivox.fr\\\/blog\\\/wp-content\\\/uploads\\\/2023\\\/09\\\/albret-jazz-festival-jai-une-approche-passionnelle-de-la-musique-didier-bergen-a-la-manoeuvre.jpg\",\"width\":1200,\"height\":900},{\"@type\":\"BreadcrumbList\",\"@id\":\"https:\\\/\\\/www.festivox.fr\\\/blog\\\/albret-jazz-festival-jai-une-approche-passionnelle-de-la-musique-didier-bergen-a-la-manoeuvre\\\/#breadcrumb\",\"itemListElement\":[{\"@type\":\"ListItem\",\"position\":1,\"name\":\"Accueil\",\"item\":\"https:\\\/\\\/www.festivox.fr\\\/blog\\\/\"},{\"@type\":\"ListItem\",\"position\":2,\"name\":\"Albret Jazz Festival. \u00ab J\u2019ai une approche passionnelle de la musique \u00bb, Didier Bergen \u00e0 la man\u0153uvre\"}]},{\"@type\":\"WebSite\",\"@id\":\"https:\\\/\\\/www.festivox.fr\\\/blog\\\/#website\",\"url\":\"https:\\\/\\\/www.festivox.fr\\\/blog\\\/\",\"name\":\"FESTIVOX\",\"description\":\"Festival en mode guinguette.\",\"publisher\":{\"@id\":\"https:\\\/\\\/www.festivox.fr\\\/blog\\\/#organization\"},\"potentialAction\":[{\"@type\":\"SearchAction\",\"target\":{\"@type\":\"EntryPoint\",\"urlTemplate\":\"https:\\\/\\\/www.festivox.fr\\\/blog\\\/?s={search_term_string}\"},\"query-input\":{\"@type\":\"PropertyValueSpecification\",\"valueRequired\":true,\"valueName\":\"search_term_string\"}}],\"inLanguage\":\"fr-FR\"},{\"@type\":\"Organization\",\"@id\":\"https:\\\/\\\/www.festivox.fr\\\/blog\\\/#organization\",\"name\":\"festivox\",\"url\":\"https:\\\/\\\/www.festivox.fr\\\/blog\\\/\",\"logo\":{\"@type\":\"ImageObject\",\"inLanguage\":\"fr-FR\",\"@id\":\"https:\\\/\\\/www.festivox.fr\\\/blog\\\/#\\\/schema\\\/logo\\\/image\\\/\",\"url\":\"https:\\\/\\\/www.festivox.fr\\\/blog\\\/wp-content\\\/uploads\\\/2023\\\/06\\\/logo-2.png\",\"contentUrl\":\"https:\\\/\\\/www.festivox.fr\\\/blog\\\/wp-content\\\/uploads\\\/2023\\\/06\\\/logo-2.png\",\"width\":480,\"height\":160,\"caption\":\"festivox\"},\"image\":{\"@id\":\"https:\\\/\\\/www.festivox.fr\\\/blog\\\/#\\\/schema\\\/logo\\\/image\\\/\"}},{\"@type\":\"Person\",\"@id\":\"https:\\\/\\\/www.festivox.fr\\\/blog\\\/#\\\/schema\\\/person\\\/f36a8b6bc94800c3eafed4bca993ce95\",\"name\":\"Michele\",\"image\":{\"@type\":\"ImageObject\",\"inLanguage\":\"fr-FR\",\"@id\":\"https:\\\/\\\/secure.gravatar.com\\\/avatar\\\/b062046536b5d47ec9075956ec349ef95ed06b0f910c578f74abb318668b702e?s=96&d=mm&r=g\",\"url\":\"https:\\\/\\\/secure.gravatar.com\\\/avatar\\\/b062046536b5d47ec9075956ec349ef95ed06b0f910c578f74abb318668b702e?s=96&d=mm&r=g\",\"contentUrl\":\"https:\\\/\\\/secure.gravatar.com\\\/avatar\\\/b062046536b5d47ec9075956ec349ef95ed06b0f910c578f74abb318668b702e?s=96&d=mm&r=g\",\"caption\":\"Michele\"},\"sameAs\":[\"https:\\\/\\\/www.festivox.fr\\\/blog\"],\"url\":\"https:\\\/\\\/www.festivox.fr\\\/blog\\\/author\\\/voxadmin\\\/\"}]}<\/script>\n<!-- \/ Yoast SEO plugin. -->","yoast_head_json":{"title":"Albret Jazz Festival. \u00ab J\u2019ai une approche passionnelle de la musique \u00bb, Didier Bergen \u00e0 la man\u0153uvre - FESTIVOX","robots":{"index":"index","follow":"follow","max-snippet":"max-snippet:-1","max-image-preview":"max-image-preview:large","max-video-preview":"max-video-preview:-1"},"canonical":"https:\/\/www.festivox.fr\/blog\/albret-jazz-festival-jai-une-approche-passionnelle-de-la-musique-didier-bergen-a-la-manoeuvre\/","og_locale":"fr_FR","og_type":"article","og_title":"Albret Jazz Festival. \u00ab J\u2019ai une approche passionnelle de la musique \u00bb, Didier Bergen \u00e0 la man\u0153uvre - FESTIVOX","og_description":"\u00ab&nbsp;Pourquoi le jazz&nbsp;?&nbsp;\u00bb En posant la question, Didier Bergen replonge dans ses souvenirs d\u2019enfance. \u00ab&nbsp;Mon p\u00e8re \u00e9tait aviateur et a pass\u00e9 un moment aux \u00c9tats-Unis. Quand il est rentr\u00e9, il avait dans sa malle en m\u00e9tal des vinyles d\u2019Ella Fitzgerald, Billie Holiday, tous les grands noms du jazz.&nbsp;Je trouvais exceptionnelle cette capacit\u00e9 d\u2019improvisation qu\u2019a le&hellip;","og_url":"https:\/\/www.festivox.fr\/blog\/albret-jazz-festival-jai-une-approche-passionnelle-de-la-musique-didier-bergen-a-la-manoeuvre\/","og_site_name":"FESTIVOX","article_published_time":"2023-09-02T23:59:00+00:00","og_image":[{"url":"https:\/\/www.festivox.fr\/blog\/wp-content\/uploads\/2023\/09\/albret-jazz-festival-jai-une-approche-passionnelle-de-la-musique-didier-bergen-a-la-manoeuvre.jpg","type":"","width":"","height":""}],"author":"Michele","twitter_card":"summary_large_image","twitter_misc":{"\u00c9crit par":"Michele","Dur\u00e9e de lecture estim\u00e9e":"6 minutes"},"schema":{"@context":"https:\/\/schema.org","@graph":[{"@type":"Article","@id":"https:\/\/www.festivox.fr\/blog\/albret-jazz-festival-jai-une-approche-passionnelle-de-la-musique-didier-bergen-a-la-manoeuvre\/#article","isPartOf":{"@id":"https:\/\/www.festivox.fr\/blog\/albret-jazz-festival-jai-une-approche-passionnelle-de-la-musique-didier-bergen-a-la-manoeuvre\/"},"author":{"name":"Michele","@id":"https:\/\/www.festivox.fr\/blog\/#\/schema\/person\/f36a8b6bc94800c3eafed4bca993ce95"},"headline":"Albret Jazz Festival. \u00ab J\u2019ai une approche passionnelle de la musique \u00bb, Didier Bergen \u00e0 la man\u0153uvre","datePublished":"2023-09-02T23:59:00+00:00","mainEntityOfPage":{"@id":"https:\/\/www.festivox.fr\/blog\/albret-jazz-festival-jai-une-approche-passionnelle-de-la-musique-didier-bergen-a-la-manoeuvre\/"},"wordCount":1125,"publisher":{"@id":"https:\/\/www.festivox.fr\/blog\/#organization"},"image":{"@id":"https:\/\/www.festivox.fr\/blog\/albret-jazz-festival-jai-une-approche-passionnelle-de-la-musique-didier-bergen-a-la-manoeuvre\/#primaryimage"},"thumbnailUrl":"https:\/\/www.festivox.fr\/blog\/wp-content\/uploads\/2023\/09\/albret-jazz-festival-jai-une-approche-passionnelle-de-la-musique-didier-bergen-a-la-manoeuvre.jpg","articleSection":["Wiki Sur Festival Jazz Et Musique En Mode Guinguette:"],"inLanguage":"fr-FR"},{"@type":"WebPage","@id":"https:\/\/www.festivox.fr\/blog\/albret-jazz-festival-jai-une-approche-passionnelle-de-la-musique-didier-bergen-a-la-manoeuvre\/","url":"https:\/\/www.festivox.fr\/blog\/albret-jazz-festival-jai-une-approche-passionnelle-de-la-musique-didier-bergen-a-la-manoeuvre\/","name":"Albret Jazz Festival. \u00ab J\u2019ai une approche passionnelle de la musique \u00bb, Didier Bergen \u00e0 la man\u0153uvre - FESTIVOX","isPartOf":{"@id":"https:\/\/www.festivox.fr\/blog\/#website"},"primaryImageOfPage":{"@id":"https:\/\/www.festivox.fr\/blog\/albret-jazz-festival-jai-une-approche-passionnelle-de-la-musique-didier-bergen-a-la-manoeuvre\/#primaryimage"},"image":{"@id":"https:\/\/www.festivox.fr\/blog\/albret-jazz-festival-jai-une-approche-passionnelle-de-la-musique-didier-bergen-a-la-manoeuvre\/#primaryimage"},"thumbnailUrl":"https:\/\/www.festivox.fr\/blog\/wp-content\/uploads\/2023\/09\/albret-jazz-festival-jai-une-approche-passionnelle-de-la-musique-didier-bergen-a-la-manoeuvre.jpg","datePublished":"2023-09-02T23:59:00+00:00","breadcrumb":{"@id":"https:\/\/www.festivox.fr\/blog\/albret-jazz-festival-jai-une-approche-passionnelle-de-la-musique-didier-bergen-a-la-manoeuvre\/#breadcrumb"},"inLanguage":"fr-FR","potentialAction":[{"@type":"ReadAction","target":["https:\/\/www.festivox.fr\/blog\/albret-jazz-festival-jai-une-approche-passionnelle-de-la-musique-didier-bergen-a-la-manoeuvre\/"]}]},{"@type":"ImageObject","inLanguage":"fr-FR","@id":"https:\/\/www.festivox.fr\/blog\/albret-jazz-festival-jai-une-approche-passionnelle-de-la-musique-didier-bergen-a-la-manoeuvre\/#primaryimage","url":"https:\/\/www.festivox.fr\/blog\/wp-content\/uploads\/2023\/09\/albret-jazz-festival-jai-une-approche-passionnelle-de-la-musique-didier-bergen-a-la-manoeuvre.jpg","contentUrl":"https:\/\/www.festivox.fr\/blog\/wp-content\/uploads\/2023\/09\/albret-jazz-festival-jai-une-approche-passionnelle-de-la-musique-didier-bergen-a-la-manoeuvre.jpg","width":1200,"height":900},{"@type":"BreadcrumbList","@id":"https:\/\/www.festivox.fr\/blog\/albret-jazz-festival-jai-une-approche-passionnelle-de-la-musique-didier-bergen-a-la-manoeuvre\/#breadcrumb","itemListElement":[{"@type":"ListItem","position":1,"name":"Accueil","item":"https:\/\/www.festivox.fr\/blog\/"},{"@type":"ListItem","position":2,"name":"Albret Jazz Festival. \u00ab J\u2019ai une approche passionnelle de la musique \u00bb, Didier Bergen \u00e0 la man\u0153uvre"}]},{"@type":"WebSite","@id":"https:\/\/www.festivox.fr\/blog\/#website","url":"https:\/\/www.festivox.fr\/blog\/","name":"FESTIVOX","description":"Festival en mode guinguette.","publisher":{"@id":"https:\/\/www.festivox.fr\/blog\/#organization"},"potentialAction":[{"@type":"SearchAction","target":{"@type":"EntryPoint","urlTemplate":"https:\/\/www.festivox.fr\/blog\/?s={search_term_string}"},"query-input":{"@type":"PropertyValueSpecification","valueRequired":true,"valueName":"search_term_string"}}],"inLanguage":"fr-FR"},{"@type":"Organization","@id":"https:\/\/www.festivox.fr\/blog\/#organization","name":"festivox","url":"https:\/\/www.festivox.fr\/blog\/","logo":{"@type":"ImageObject","inLanguage":"fr-FR","@id":"https:\/\/www.festivox.fr\/blog\/#\/schema\/logo\/image\/","url":"https:\/\/www.festivox.fr\/blog\/wp-content\/uploads\/2023\/06\/logo-2.png","contentUrl":"https:\/\/www.festivox.fr\/blog\/wp-content\/uploads\/2023\/06\/logo-2.png","width":480,"height":160,"caption":"festivox"},"image":{"@id":"https:\/\/www.festivox.fr\/blog\/#\/schema\/logo\/image\/"}},{"@type":"Person","@id":"https:\/\/www.festivox.fr\/blog\/#\/schema\/person\/f36a8b6bc94800c3eafed4bca993ce95","name":"Michele","image":{"@type":"ImageObject","inLanguage":"fr-FR","@id":"https:\/\/secure.gravatar.com\/avatar\/b062046536b5d47ec9075956ec349ef95ed06b0f910c578f74abb318668b702e?s=96&d=mm&r=g","url":"https:\/\/secure.gravatar.com\/avatar\/b062046536b5d47ec9075956ec349ef95ed06b0f910c578f74abb318668b702e?s=96&d=mm&r=g","contentUrl":"https:\/\/secure.gravatar.com\/avatar\/b062046536b5d47ec9075956ec349ef95ed06b0f910c578f74abb318668b702e?s=96&d=mm&r=g","caption":"Michele"},"sameAs":["https:\/\/www.festivox.fr\/blog"],"url":"https:\/\/www.festivox.fr\/blog\/author\/voxadmin\/"}]}},"_links":{"self":[{"href":"https:\/\/www.festivox.fr\/blog\/wp-json\/wp\/v2\/posts\/387","targetHints":{"allow":["GET"]}}],"collection":[{"href":"https:\/\/www.festivox.fr\/blog\/wp-json\/wp\/v2\/posts"}],"about":[{"href":"https:\/\/www.festivox.fr\/blog\/wp-json\/wp\/v2\/types\/post"}],"author":[{"embeddable":true,"href":"https:\/\/www.festivox.fr\/blog\/wp-json\/wp\/v2\/users\/1"}],"replies":[{"embeddable":true,"href":"https:\/\/www.festivox.fr\/blog\/wp-json\/wp\/v2\/comments?post=387"}],"version-history":[{"count":0,"href":"https:\/\/www.festivox.fr\/blog\/wp-json\/wp\/v2\/posts\/387\/revisions"}],"wp:featuredmedia":[{"embeddable":true,"href":"https:\/\/www.festivox.fr\/blog\/wp-json\/wp\/v2\/media\/388"}],"wp:attachment":[{"href":"https:\/\/www.festivox.fr\/blog\/wp-json\/wp\/v2\/media?parent=387"}],"wp:term":[{"taxonomy":"category","embeddable":true,"href":"https:\/\/www.festivox.fr\/blog\/wp-json\/wp\/v2\/categories?post=387"},{"taxonomy":"post_tag","embeddable":true,"href":"https:\/\/www.festivox.fr\/blog\/wp-json\/wp\/v2\/tags?post=387"}],"curies":[{"name":"wp","href":"https:\/\/api.w.org\/{rel}","templated":true}]}}