{"id":381,"date":"2023-08-26T10:44:00","date_gmt":"2023-08-26T08:44:00","guid":{"rendered":"https:\/\/www.festivox.fr\/blog\/jazz-a-la-villette-for-kids-2023-le-programme-jazz-pour-les-enfants\/"},"modified":"2023-08-26T10:44:00","modified_gmt":"2023-08-26T08:44:00","slug":"jazz-a-la-villette-for-kids-2023-le-programme-jazz-pour-les-enfants","status":"publish","type":"post","link":"https:\/\/www.festivox.fr\/blog\/jazz-a-la-villette-for-kids-2023-le-programme-jazz-pour-les-enfants\/","title":{"rendered":"Jazz \u00e0 la Villette for Kids 2023, le programme jazz pour les enfants"},"content":{"rendered":"\n<p> Par Margot H., My B. \u00b7 Photos par Margot H. \u00b7 Publi\u00e9 le 26 ao\u00fbt 2023 \u00e0 14h54 <\/p>\n<p> Jazz \u00e0 la Villette for kids !, c&rsquo;est le programme jazz des petits lors du festival Jazz \u00e0 la Villette, organis\u00e9 du 30 ao\u00fbt au 10 septembre 2023. Alors, avec les plus jeunes, c&rsquo;est un programme po\u00e9tique et musical qui vous attend en famille ! <\/p>\n<div> <span id=\"article-start\"><\/span> <\/p>\n<p>Comme \u00e0 chaque fin de vacances\/d\u00e9but de rentr\u00e9e scolaire, la<strong><a href=\"https:\/\/www.sortiraparis.com\/lieux\/55076-philharmonie-de-paris\" target=\"_blank\" rel=\"nofollow\"> Philharmonie de Paris <\/a><\/strong>vous donne rendez-vous pour son traditionnel festival<strong>&nbsp;<a href=\"https:\/\/www.sortiraparis.com\/scenes\/concert-musique\/articles\/52948-festival-jazz-a-la-villette-2023-de-la-soul-oumou-sangare-anne-paceo-voici-la-programmation\" target=\"_blank\" rel=\"nofollow\">Jazz \u00e0 la Villette<\/a><\/strong> pour mettre la musique jazz sur le devant de la sc\u00e8ne. Cette ann\u00e9e, on n&rsquo;y fait pas exception, avec une<strong> tr\u00e8s belle programmation<\/strong>, allant de&nbsp;Oumou Sangar\u00e9, Anne Paceo et Mulatu Astatke \u00e0 Gogo Penguin, Samara Joy, en passant par Ballak\u00e9 Sissoko ou encore Meshell Ndegeocello. En bref, c&rsquo;est<strong> LE rendez-vous musical<\/strong> \u00e0 ne pas manquer pour tous les amateurs de jazz. Alors, pour le jeune public et les familles, la<strong> <a href=\"https:\/\/www.sortiraparis.com\/lieux\/55076-philharmonie-de-paris\" target=\"_blank\" rel=\"nofollow\">Philharmonie <\/a><\/strong>propose un programme sp\u00e9cialement pens\u00e9 pour les petits, avec <strong><a href=\"https:\/\/philharmoniedeparis.fr\/fr\/agenda?weekend_i=863&amp;publicTypeGps=2%2B3%2B4\" target=\"_blank\" rel=\"noopener nofollow\">Jazz \u00e0 la Villette for Kids<\/a><\/strong> !<\/p>\n<blockquote class=\"boxed\">\n<p><a href=\"https:\/\/www.sortiraparis.com\/scenes\/concert-musique\/articles\/52948-festival-jazz-a-la-villette-2023-lee-fields-de-la-soul-anne-paceo-voici-la-programmation\" data-id=\"52948\" target=\"_blank\" rel=\"nofollow\"><img loading=\"lazy\" decoding=\"async\" src=\"https:\/\/www.festivox.fr\/blog\/wp-content\/uploads\/2023\/09\/jazz-a-la-villette-for-kids-2023-le-programme-jazz-pour-les-enfants.jpg\" data-src=\"https:\/\/cdn.sortiraparis.com\/images\/6\/1665\/748095-festival-jazz-a-la-villette-2022-kokoroko-avishai-cohen-quartet-voici-la-programmation.jpg\" data-lazy=\"0\" class=\"lazy visible-lg-inline float-left\" width=\"150\" height=\"150\" alt=\"Festival Jazz \u00e0 La Villette 2022 : Kokoroko, Avishai Cohen Quartet...voici la programmation \"><img loading=\"lazy\" decoding=\"async\" src=\"https:\/\/www.festivox.fr\/blog\/wp-content\/uploads\/2023\/09\/jazz-a-la-villette-for-kids-2023-le-programme-jazz-pour-les-enfants.jpg\" data-src=\"https:\/\/cdn.sortiraparis.com\/images\/37\/1665\/748095-festival-jazz-a-la-villette-2022-kokoroko-avishai-cohen-quartet-voici-la-programmation.jpg\" data-lazy=\"0\" class=\"lazy visible-md-inline float-left\" width=\"150\" height=\"150\" alt=\"Festival Jazz \u00e0 La Villette 2022 : Kokoroko, Avishai Cohen Quartet...voici la programmation \"><img loading=\"lazy\" decoding=\"async\" src=\"https:\/\/www.festivox.fr\/blog\/wp-content\/uploads\/2023\/09\/jazz-a-la-villette-for-kids-2023-le-programme-jazz-pour-les-enfants.jpg\" data-src=\"https:\/\/cdn.sortiraparis.com\/images\/70\/1665\/748095-festival-jazz-a-la-villette-2022-kokoroko-avishai-cohen-quartet-voici-la-programmation.jpg\" data-lazy=\"0\" class=\"lazy visible-sm-inline float-left\" width=\"150\" height=\"150\" alt=\"Festival Jazz \u00e0 La Villette 2022 : Kokoroko, Avishai Cohen Quartet...voici la programmation \"><img loading=\"lazy\" decoding=\"async\" src=\"https:\/\/www.festivox.fr\/blog\/wp-content\/uploads\/2023\/09\/jazz-a-la-villette-for-kids-2023-le-programme-jazz-pour-les-enfants.jpg\" data-src=\"https:\/\/cdn.sortiraparis.com\/images\/71\/1665\/748095-festival-jazz-a-la-villette-2022-kokoroko-avishai-cohen-quartet-voici-la-programmation.jpg\" data-lazy=\"0\" class=\"lazy visible-xs-inline float-left\" width=\"150\" height=\"150\" alt=\"Festival Jazz \u00e0 La Villette 2022 : Kokoroko, Avishai Cohen Quartet...voici la programmation \"> <strong>Festival Jazz \u00e0 La Villette 2023 : Lee Fields, De La Soul, Anne Paceo&#8230;voici la programmation<\/strong><\/a><br \/>Le Jazz est une fois encore \u00e0 l\u2019honneur \u00e0 Paris \u00e0 l&rsquo;occasion de l\u2019\u00e9dition 2023 du festival Jazz \u00e0 La Villette, qui se tient cette ann\u00e9e du mercredi 30 ao\u00fbt au dimanche 10 septembre ! Au menu ? De La Soul, Oumou Sangar\u00e9, Lee Fields, Anne Paceo, Mulatu Astatke, Gogo Penguin, Samara Joy, Ballak\u00e9 Sissoko ou encore Meshell Ndegeocello. <a href=\"https:\/\/www.sortiraparis.com\/scenes\/concert-musique\/articles\/52948-festival-jazz-a-la-villette-2023-lee-fields-de-la-soul-anne-paceo-voici-la-programmation\" target=\"_blank\" rel=\"nofollow\">[Lire la suite]<\/a><\/p>\n<\/blockquote>\n<p><span>Au programme, vous pourrez \u00e9couter, rire, chanter, observer et surtout, vous \u00e9merveiller lors de <strong>concerts<\/strong>, <strong>spectacles<\/strong>,<strong> cin\u00e9-concerts<\/strong> ou activit\u00e9s propos\u00e9es pour cette \u00e9dition 2023 de <strong>Jazz \u00e0 la Villette for Kids<\/strong>, pr\u00e9vue <strong>du 2 au 10 septembre 2023<\/strong>. D\u00e9couvrez l&rsquo;incroyable histoire de<em> Nanouk l&rsquo;esquimau<\/em> lors d&rsquo;un <strong>cin\u00e9-concert<\/strong> in\u00e9dit, assistez \u00e0 un concert de jazz depuis <strong><a href=\"https:\/\/www.sortiraparis.com\/lieux\/58130-little-villette\" target=\"_blank\" rel=\"nofollow\">Little Villette<\/a><\/strong>, \u00e9coutez les spectacles musicaux, apprenez \u00e0 chanter le jazz lors des<strong> ateliers<\/strong> propos\u00e9s&#8230; Oui, en ce d\u00e9but de <a href=\"https:\/\/www.sortiraparis.com\/enfant-famille\/guides\/289789-que-faire-avec-les-enfants-au-mois-de-septembre-les-bons-plans-famille-a-ne-surtout-pas-louper\" target=\"_blank\" rel=\"nofollow\">septembre 2023<\/a>, l&rsquo;heure est au jazz du c\u00f4t\u00e9 de la Villette et plus pr\u00e9cis\u00e9ment, \u00e0 la<strong><a href=\"https:\/\/www.sortiraparis.com\/lieux\/55076-philharmonie-de-paris\" target=\"_blank\" rel=\"nofollow\"> Philharmonie de Paris<\/a><\/strong>.&nbsp;<\/span><\/p>\n<h3><strong>Au programme de Jazz \u00e0 la Villette 2023 :&nbsp;<\/strong><\/h3>\n<p><strong>Samedi 2 septembre&nbsp;<\/strong><\/p>\n<p><strong>Jazz \u00e0 Little Villette (concert)<\/strong><\/p>\n<ul>\n<li><span><strong>Quand ?<\/strong> \u00e0 14h30&nbsp;<\/span><\/li>\n<li><span><strong>O\u00f9 ?<\/strong> Little Villette&nbsp;<\/span><\/li>\n<li><span><strong>Pour qui ?<\/strong> \u00e0 partir de 2 ans<\/span><\/li>\n<li><span><strong>Combien ?<\/strong> entr\u00e9e libre<\/span><\/li>\n<\/ul>\n<p><strong>L&rsquo;appel de la for\u00eat (spectacle)<\/strong><\/p>\n<ul>\n<li><span><strong>Quand ?<\/strong> \u00e0 15h, 18h<\/span><\/li>\n<li><span><strong>O\u00f9 ?<\/strong> Le Studio &#8211; Philharmonie&nbsp;<\/span><\/li>\n<li><span><strong>Pour qui ?<\/strong> d\u00e8s 6 ans&nbsp;<\/span><\/li>\n<li><span><strong>Combien ?<\/strong> \u00e0 partir de 15 \u20ac<\/span><\/li>\n<\/ul>\n<p><strong>Dimanche 3 septembre&nbsp;<\/strong><\/p>\n<p><strong>Jazz \u00e0 Little Villette (concert)<\/strong><\/p>\n<ul>\n<li><strong>Quand ?<\/strong> \u00e0 14h30&nbsp;<\/li>\n<li><strong>O\u00f9 ?<\/strong> Little Villette<\/li>\n<li><strong>Pour qui ?<\/strong> \u00e0 partir de 2 ans&nbsp;<\/li>\n<li><strong>Combien ?<\/strong> entr\u00e9e libre<\/li>\n<\/ul>\n<p><strong>Nanouk l&rsquo;esquimau (cin\u00e9-concert)<\/strong><\/p>\n<ul>\n<li><strong>Quand ?<\/strong> \u00e0 15h et 18h<\/li>\n<li><strong>O\u00f9 ?<\/strong> Amphith\u00e9\u00e2tre &#8211; Cit\u00e9 de la musique&nbsp;<\/li>\n<li><strong>Pour qui ?<\/strong> d\u00e8s 6 ans&nbsp;<\/li>\n<li><strong>Combien ?<\/strong> \u00e0 partir de 15 \u20ac<\/li>\n<\/ul>\n<p><strong>Samedi 9 septembre&nbsp;<\/strong><\/p>\n<p><strong>Jazz \u00e0 Little Villette (concert)<\/strong><\/p>\n<ul>\n<li><strong>Quand ?<\/strong> \u00e0 14h30<\/li>\n<li><strong>O\u00f9 ?<\/strong> Little Villette<\/li>\n<li><strong>Pour qui ?<\/strong> \u00e0 partir de 2 ans&nbsp;<\/li>\n<li><strong>Combien ?<\/strong> entr\u00e9e libre&nbsp;<\/li>\n<\/ul>\n<p><strong>Versant Versant (spectacle)<\/strong><\/p>\n<ul>\n<li><strong>Quand ?<\/strong> \u00e0 15h et 18h<\/li>\n<li><strong>O\u00f9 ?<\/strong> Amphith\u00e9\u00e2tre &#8211; Cit\u00e9 de la musique&nbsp;<\/li>\n<li><strong>Pour qui ?<\/strong> d\u00e8s 6 ans&nbsp;<\/li>\n<li><strong>Combien ?<\/strong> \u00e0 partir de 15 \u20ac<\/li>\n<\/ul>\n<p><strong>Dimanche 10 septembre&nbsp;<\/strong><\/p>\n<p><strong>Escales de Maclanarnaque<\/strong><\/p>\n<ul>\n<li><strong>Quand ?<\/strong> \u00e0 11h&nbsp;<\/li>\n<li><strong>O\u00f9 ?<\/strong> salle de conf\u00e9rence -philharmonie&nbsp;<\/li>\n<li><strong>Pour qui ?<\/strong> d\u00e8s 3 ans&nbsp;<\/li>\n<li><strong>Combien ?<\/strong> \u00e0 partir de 15 \u20ac<\/li>\n<\/ul>\n<p><strong>Jazz \u00e0 Little Villette<\/strong><\/p>\n<ul>\n<li><strong>Quand ?<\/strong> \u00e0 14h30&nbsp;<\/li>\n<li><strong>O\u00f9 ?<\/strong> Little Villette<\/li>\n<li><strong>Pour qui ?<\/strong> \u00e0 partir de 2 ans&nbsp;<\/li>\n<li><strong>Combien ?<\/strong> entr\u00e9e libre&nbsp;<\/li>\n<\/ul>\n<p><strong>Activit\u00e9s&nbsp;<\/strong><\/p>\n<p><strong>Chantons jazz (atelier de pratique musicale)<\/strong><\/p>\n<ul>\n<li><strong>Quand ?<\/strong> 3 et 10 septembre \u00e0 14h et 15h15<\/li>\n<li><strong>Pour qui ?<\/strong> \u00e0 partir de 5 ans<\/li>\n<li><strong>Combien ?<\/strong> 12 \u20ac enfant, 15 \u20ac adulte<\/li>\n<\/ul>\n<p> <span id=\"article-end\"><\/span> <\/div>\n<p> Cet article, qui traite du th\u00e8me \u00ab\u00a0Festival Jazz et musique en mode guinguette\u00a0\u00bb, vous est d\u00e9lib\u00e9r\u00e9ment offert par festivox.fr. La raison d\u2019\u00eatre de festivox.fr est de parler de Festival Jazz et musique en mode guinguette dans la transparence la plus g\u00e9n\u00e9rale en vous procurant la visibilit\u00e9 de tout ce qui est publi\u00e9 sur ce sujet sur le web La chronique a \u00e9t\u00e9 g\u00e9n\u00e9r\u00e9e de la mani\u00e8re la plus honn\u00eate que possible. S\u2019il advenait que vous projetez d\u2019apporter quelques notes concernant le domaine de \u00ab\u00a0Festival Jazz et musique en mode guinguette\u00a0\u00bb vous avez la possibilit\u00e9 de d&rsquo;\u00e9changer avec notre r\u00e9daction. Dans peu de temps, on mettra en ligne d&rsquo;autres informations pertinentes autour du sujet \u00ab\u00a0Festival Jazz et musique en mode guinguette\u00a0\u00bb. Ainsi, consultez r\u00e9guli\u00e8rement notre site.<\/p>\n","protected":false},"excerpt":{"rendered":"<p>Par Margot H., My B. \u00b7 Photos par Margot H. \u00b7 Publi\u00e9 le 26 ao\u00fbt 2023 \u00e0 14h54 Jazz \u00e0 la Villette for kids !, c&rsquo;est le programme jazz des petits lors du festival Jazz \u00e0 la Villette, organis\u00e9 du 30 ao\u00fbt au 10 septembre 2023. Alors, avec les plus jeunes, c&rsquo;est un programme po\u00e9tique&hellip;<\/p>\n","protected":false},"author":1,"featured_media":382,"comment_status":"closed","ping_status":"closed","sticky":false,"template":"","format":"standard","meta":{"footnotes":""},"categories":[3],"tags":[],"class_list":["post-381","post","type-post","status-publish","format-standard","has-post-thumbnail","hentry","category-wiki-sur-festival-jazz-et-musique-en-mode-guinguette"],"yoast_head":"<!-- This site is optimized with the Yoast SEO plugin v27.5 - https:\/\/yoast.com\/product\/yoast-seo-wordpress\/ -->\n<title>Jazz \u00e0 la Villette for Kids 2023, le programme jazz pour les enfants - FESTIVOX<\/title>\n<meta name=\"robots\" content=\"index, follow, max-snippet:-1, max-image-preview:large, max-video-preview:-1\" \/>\n<link rel=\"canonical\" href=\"https:\/\/www.festivox.fr\/blog\/jazz-a-la-villette-for-kids-2023-le-programme-jazz-pour-les-enfants\/\" \/>\n<meta property=\"og:locale\" content=\"fr_FR\" \/>\n<meta property=\"og:type\" content=\"article\" \/>\n<meta property=\"og:title\" content=\"Jazz \u00e0 la Villette for Kids 2023, le programme jazz pour les enfants - FESTIVOX\" \/>\n<meta property=\"og:description\" content=\"Par Margot H., My B. \u00b7 Photos par Margot H. \u00b7 Publi\u00e9 le 26 ao\u00fbt 2023 \u00e0 14h54 Jazz \u00e0 la Villette for kids !, c&rsquo;est le programme jazz des petits lors du festival Jazz \u00e0 la Villette, organis\u00e9 du 30 ao\u00fbt au 10 septembre 2023. Alors, avec les plus jeunes, c&rsquo;est un programme po\u00e9tique&hellip;\" \/>\n<meta property=\"og:url\" content=\"https:\/\/www.festivox.fr\/blog\/jazz-a-la-villette-for-kids-2023-le-programme-jazz-pour-les-enfants\/\" \/>\n<meta property=\"og:site_name\" content=\"FESTIVOX\" \/>\n<meta property=\"article:published_time\" content=\"2023-08-26T08:44:00+00:00\" \/>\n<meta property=\"og:image\" content=\"https:\/\/www.festivox.fr\/blog\/wp-content\/uploads\/2023\/09\/jazz-a-la-villette-for-kids-2023-le-programme-jazz-pour-les-enfants.jpg\" \/>\n<meta name=\"author\" content=\"Michele\" \/>\n<meta name=\"twitter:card\" content=\"summary_large_image\" \/>\n<meta name=\"twitter:label1\" content=\"\u00c9crit par\" \/>\n\t<meta name=\"twitter:data1\" content=\"Michele\" \/>\n\t<meta name=\"twitter:label2\" content=\"Dur\u00e9e de lecture estim\u00e9e\" \/>\n\t<meta name=\"twitter:data2\" content=\"4 minutes\" \/>\n<script type=\"application\/ld+json\" class=\"yoast-schema-graph\">{\"@context\":\"https:\\\/\\\/schema.org\",\"@graph\":[{\"@type\":\"Article\",\"@id\":\"https:\\\/\\\/www.festivox.fr\\\/blog\\\/jazz-a-la-villette-for-kids-2023-le-programme-jazz-pour-les-enfants\\\/#article\",\"isPartOf\":{\"@id\":\"https:\\\/\\\/www.festivox.fr\\\/blog\\\/jazz-a-la-villette-for-kids-2023-le-programme-jazz-pour-les-enfants\\\/\"},\"author\":{\"name\":\"Michele\",\"@id\":\"https:\\\/\\\/www.festivox.fr\\\/blog\\\/#\\\/schema\\\/person\\\/f36a8b6bc94800c3eafed4bca993ce95\"},\"headline\":\"Jazz \u00e0 la Villette for Kids 2023, le programme jazz pour les enfants\",\"datePublished\":\"2023-08-26T08:44:00+00:00\",\"mainEntityOfPage\":{\"@id\":\"https:\\\/\\\/www.festivox.fr\\\/blog\\\/jazz-a-la-villette-for-kids-2023-le-programme-jazz-pour-les-enfants\\\/\"},\"wordCount\":713,\"publisher\":{\"@id\":\"https:\\\/\\\/www.festivox.fr\\\/blog\\\/#organization\"},\"image\":{\"@id\":\"https:\\\/\\\/www.festivox.fr\\\/blog\\\/jazz-a-la-villette-for-kids-2023-le-programme-jazz-pour-les-enfants\\\/#primaryimage\"},\"thumbnailUrl\":\"https:\\\/\\\/www.festivox.fr\\\/blog\\\/wp-content\\\/uploads\\\/2023\\\/09\\\/jazz-a-la-villette-for-kids-2023-le-programme-jazz-pour-les-enfants.jpg\",\"articleSection\":[\"Wiki Sur Festival Jazz Et Musique En Mode Guinguette:\"],\"inLanguage\":\"fr-FR\"},{\"@type\":\"WebPage\",\"@id\":\"https:\\\/\\\/www.festivox.fr\\\/blog\\\/jazz-a-la-villette-for-kids-2023-le-programme-jazz-pour-les-enfants\\\/\",\"url\":\"https:\\\/\\\/www.festivox.fr\\\/blog\\\/jazz-a-la-villette-for-kids-2023-le-programme-jazz-pour-les-enfants\\\/\",\"name\":\"Jazz \u00e0 la Villette for Kids 2023, le programme jazz pour les enfants - FESTIVOX\",\"isPartOf\":{\"@id\":\"https:\\\/\\\/www.festivox.fr\\\/blog\\\/#website\"},\"primaryImageOfPage\":{\"@id\":\"https:\\\/\\\/www.festivox.fr\\\/blog\\\/jazz-a-la-villette-for-kids-2023-le-programme-jazz-pour-les-enfants\\\/#primaryimage\"},\"image\":{\"@id\":\"https:\\\/\\\/www.festivox.fr\\\/blog\\\/jazz-a-la-villette-for-kids-2023-le-programme-jazz-pour-les-enfants\\\/#primaryimage\"},\"thumbnailUrl\":\"https:\\\/\\\/www.festivox.fr\\\/blog\\\/wp-content\\\/uploads\\\/2023\\\/09\\\/jazz-a-la-villette-for-kids-2023-le-programme-jazz-pour-les-enfants.jpg\",\"datePublished\":\"2023-08-26T08:44:00+00:00\",\"breadcrumb\":{\"@id\":\"https:\\\/\\\/www.festivox.fr\\\/blog\\\/jazz-a-la-villette-for-kids-2023-le-programme-jazz-pour-les-enfants\\\/#breadcrumb\"},\"inLanguage\":\"fr-FR\",\"potentialAction\":[{\"@type\":\"ReadAction\",\"target\":[\"https:\\\/\\\/www.festivox.fr\\\/blog\\\/jazz-a-la-villette-for-kids-2023-le-programme-jazz-pour-les-enfants\\\/\"]}]},{\"@type\":\"ImageObject\",\"inLanguage\":\"fr-FR\",\"@id\":\"https:\\\/\\\/www.festivox.fr\\\/blog\\\/jazz-a-la-villette-for-kids-2023-le-programme-jazz-pour-les-enfants\\\/#primaryimage\",\"url\":\"https:\\\/\\\/www.festivox.fr\\\/blog\\\/wp-content\\\/uploads\\\/2023\\\/09\\\/jazz-a-la-villette-for-kids-2023-le-programme-jazz-pour-les-enfants.jpg\",\"contentUrl\":\"https:\\\/\\\/www.festivox.fr\\\/blog\\\/wp-content\\\/uploads\\\/2023\\\/09\\\/jazz-a-la-villette-for-kids-2023-le-programme-jazz-pour-les-enfants.jpg\",\"width\":150,\"height\":150},{\"@type\":\"BreadcrumbList\",\"@id\":\"https:\\\/\\\/www.festivox.fr\\\/blog\\\/jazz-a-la-villette-for-kids-2023-le-programme-jazz-pour-les-enfants\\\/#breadcrumb\",\"itemListElement\":[{\"@type\":\"ListItem\",\"position\":1,\"name\":\"Accueil\",\"item\":\"https:\\\/\\\/www.festivox.fr\\\/blog\\\/\"},{\"@type\":\"ListItem\",\"position\":2,\"name\":\"Jazz \u00e0 la Villette for Kids 2023, le programme jazz pour les enfants\"}]},{\"@type\":\"WebSite\",\"@id\":\"https:\\\/\\\/www.festivox.fr\\\/blog\\\/#website\",\"url\":\"https:\\\/\\\/www.festivox.fr\\\/blog\\\/\",\"name\":\"FESTIVOX\",\"description\":\"Festival en mode guinguette.\",\"publisher\":{\"@id\":\"https:\\\/\\\/www.festivox.fr\\\/blog\\\/#organization\"},\"potentialAction\":[{\"@type\":\"SearchAction\",\"target\":{\"@type\":\"EntryPoint\",\"urlTemplate\":\"https:\\\/\\\/www.festivox.fr\\\/blog\\\/?s={search_term_string}\"},\"query-input\":{\"@type\":\"PropertyValueSpecification\",\"valueRequired\":true,\"valueName\":\"search_term_string\"}}],\"inLanguage\":\"fr-FR\"},{\"@type\":\"Organization\",\"@id\":\"https:\\\/\\\/www.festivox.fr\\\/blog\\\/#organization\",\"name\":\"festivox\",\"url\":\"https:\\\/\\\/www.festivox.fr\\\/blog\\\/\",\"logo\":{\"@type\":\"ImageObject\",\"inLanguage\":\"fr-FR\",\"@id\":\"https:\\\/\\\/www.festivox.fr\\\/blog\\\/#\\\/schema\\\/logo\\\/image\\\/\",\"url\":\"https:\\\/\\\/www.festivox.fr\\\/blog\\\/wp-content\\\/uploads\\\/2023\\\/06\\\/logo-2.png\",\"contentUrl\":\"https:\\\/\\\/www.festivox.fr\\\/blog\\\/wp-content\\\/uploads\\\/2023\\\/06\\\/logo-2.png\",\"width\":480,\"height\":160,\"caption\":\"festivox\"},\"image\":{\"@id\":\"https:\\\/\\\/www.festivox.fr\\\/blog\\\/#\\\/schema\\\/logo\\\/image\\\/\"}},{\"@type\":\"Person\",\"@id\":\"https:\\\/\\\/www.festivox.fr\\\/blog\\\/#\\\/schema\\\/person\\\/f36a8b6bc94800c3eafed4bca993ce95\",\"name\":\"Michele\",\"image\":{\"@type\":\"ImageObject\",\"inLanguage\":\"fr-FR\",\"@id\":\"https:\\\/\\\/secure.gravatar.com\\\/avatar\\\/b062046536b5d47ec9075956ec349ef95ed06b0f910c578f74abb318668b702e?s=96&d=mm&r=g\",\"url\":\"https:\\\/\\\/secure.gravatar.com\\\/avatar\\\/b062046536b5d47ec9075956ec349ef95ed06b0f910c578f74abb318668b702e?s=96&d=mm&r=g\",\"contentUrl\":\"https:\\\/\\\/secure.gravatar.com\\\/avatar\\\/b062046536b5d47ec9075956ec349ef95ed06b0f910c578f74abb318668b702e?s=96&d=mm&r=g\",\"caption\":\"Michele\"},\"sameAs\":[\"https:\\\/\\\/www.festivox.fr\\\/blog\"],\"url\":\"https:\\\/\\\/www.festivox.fr\\\/blog\\\/author\\\/voxadmin\\\/\"}]}<\/script>\n<!-- \/ Yoast SEO plugin. -->","yoast_head_json":{"title":"Jazz \u00e0 la Villette for Kids 2023, le programme jazz pour les enfants - FESTIVOX","robots":{"index":"index","follow":"follow","max-snippet":"max-snippet:-1","max-image-preview":"max-image-preview:large","max-video-preview":"max-video-preview:-1"},"canonical":"https:\/\/www.festivox.fr\/blog\/jazz-a-la-villette-for-kids-2023-le-programme-jazz-pour-les-enfants\/","og_locale":"fr_FR","og_type":"article","og_title":"Jazz \u00e0 la Villette for Kids 2023, le programme jazz pour les enfants - FESTIVOX","og_description":"Par Margot H., My B. \u00b7 Photos par Margot H. \u00b7 Publi\u00e9 le 26 ao\u00fbt 2023 \u00e0 14h54 Jazz \u00e0 la Villette for kids !, c&rsquo;est le programme jazz des petits lors du festival Jazz \u00e0 la Villette, organis\u00e9 du 30 ao\u00fbt au 10 septembre 2023. Alors, avec les plus jeunes, c&rsquo;est un programme po\u00e9tique&hellip;","og_url":"https:\/\/www.festivox.fr\/blog\/jazz-a-la-villette-for-kids-2023-le-programme-jazz-pour-les-enfants\/","og_site_name":"FESTIVOX","article_published_time":"2023-08-26T08:44:00+00:00","og_image":[{"url":"https:\/\/www.festivox.fr\/blog\/wp-content\/uploads\/2023\/09\/jazz-a-la-villette-for-kids-2023-le-programme-jazz-pour-les-enfants.jpg","type":"","width":"","height":""}],"author":"Michele","twitter_card":"summary_large_image","twitter_misc":{"\u00c9crit par":"Michele","Dur\u00e9e de lecture estim\u00e9e":"4 minutes"},"schema":{"@context":"https:\/\/schema.org","@graph":[{"@type":"Article","@id":"https:\/\/www.festivox.fr\/blog\/jazz-a-la-villette-for-kids-2023-le-programme-jazz-pour-les-enfants\/#article","isPartOf":{"@id":"https:\/\/www.festivox.fr\/blog\/jazz-a-la-villette-for-kids-2023-le-programme-jazz-pour-les-enfants\/"},"author":{"name":"Michele","@id":"https:\/\/www.festivox.fr\/blog\/#\/schema\/person\/f36a8b6bc94800c3eafed4bca993ce95"},"headline":"Jazz \u00e0 la Villette for Kids 2023, le programme jazz pour les enfants","datePublished":"2023-08-26T08:44:00+00:00","mainEntityOfPage":{"@id":"https:\/\/www.festivox.fr\/blog\/jazz-a-la-villette-for-kids-2023-le-programme-jazz-pour-les-enfants\/"},"wordCount":713,"publisher":{"@id":"https:\/\/www.festivox.fr\/blog\/#organization"},"image":{"@id":"https:\/\/www.festivox.fr\/blog\/jazz-a-la-villette-for-kids-2023-le-programme-jazz-pour-les-enfants\/#primaryimage"},"thumbnailUrl":"https:\/\/www.festivox.fr\/blog\/wp-content\/uploads\/2023\/09\/jazz-a-la-villette-for-kids-2023-le-programme-jazz-pour-les-enfants.jpg","articleSection":["Wiki Sur Festival Jazz Et Musique En Mode Guinguette:"],"inLanguage":"fr-FR"},{"@type":"WebPage","@id":"https:\/\/www.festivox.fr\/blog\/jazz-a-la-villette-for-kids-2023-le-programme-jazz-pour-les-enfants\/","url":"https:\/\/www.festivox.fr\/blog\/jazz-a-la-villette-for-kids-2023-le-programme-jazz-pour-les-enfants\/","name":"Jazz \u00e0 la Villette for Kids 2023, le programme jazz pour les enfants - FESTIVOX","isPartOf":{"@id":"https:\/\/www.festivox.fr\/blog\/#website"},"primaryImageOfPage":{"@id":"https:\/\/www.festivox.fr\/blog\/jazz-a-la-villette-for-kids-2023-le-programme-jazz-pour-les-enfants\/#primaryimage"},"image":{"@id":"https:\/\/www.festivox.fr\/blog\/jazz-a-la-villette-for-kids-2023-le-programme-jazz-pour-les-enfants\/#primaryimage"},"thumbnailUrl":"https:\/\/www.festivox.fr\/blog\/wp-content\/uploads\/2023\/09\/jazz-a-la-villette-for-kids-2023-le-programme-jazz-pour-les-enfants.jpg","datePublished":"2023-08-26T08:44:00+00:00","breadcrumb":{"@id":"https:\/\/www.festivox.fr\/blog\/jazz-a-la-villette-for-kids-2023-le-programme-jazz-pour-les-enfants\/#breadcrumb"},"inLanguage":"fr-FR","potentialAction":[{"@type":"ReadAction","target":["https:\/\/www.festivox.fr\/blog\/jazz-a-la-villette-for-kids-2023-le-programme-jazz-pour-les-enfants\/"]}]},{"@type":"ImageObject","inLanguage":"fr-FR","@id":"https:\/\/www.festivox.fr\/blog\/jazz-a-la-villette-for-kids-2023-le-programme-jazz-pour-les-enfants\/#primaryimage","url":"https:\/\/www.festivox.fr\/blog\/wp-content\/uploads\/2023\/09\/jazz-a-la-villette-for-kids-2023-le-programme-jazz-pour-les-enfants.jpg","contentUrl":"https:\/\/www.festivox.fr\/blog\/wp-content\/uploads\/2023\/09\/jazz-a-la-villette-for-kids-2023-le-programme-jazz-pour-les-enfants.jpg","width":150,"height":150},{"@type":"BreadcrumbList","@id":"https:\/\/www.festivox.fr\/blog\/jazz-a-la-villette-for-kids-2023-le-programme-jazz-pour-les-enfants\/#breadcrumb","itemListElement":[{"@type":"ListItem","position":1,"name":"Accueil","item":"https:\/\/www.festivox.fr\/blog\/"},{"@type":"ListItem","position":2,"name":"Jazz \u00e0 la Villette for Kids 2023, le programme jazz pour les enfants"}]},{"@type":"WebSite","@id":"https:\/\/www.festivox.fr\/blog\/#website","url":"https:\/\/www.festivox.fr\/blog\/","name":"FESTIVOX","description":"Festival en mode guinguette.","publisher":{"@id":"https:\/\/www.festivox.fr\/blog\/#organization"},"potentialAction":[{"@type":"SearchAction","target":{"@type":"EntryPoint","urlTemplate":"https:\/\/www.festivox.fr\/blog\/?s={search_term_string}"},"query-input":{"@type":"PropertyValueSpecification","valueRequired":true,"valueName":"search_term_string"}}],"inLanguage":"fr-FR"},{"@type":"Organization","@id":"https:\/\/www.festivox.fr\/blog\/#organization","name":"festivox","url":"https:\/\/www.festivox.fr\/blog\/","logo":{"@type":"ImageObject","inLanguage":"fr-FR","@id":"https:\/\/www.festivox.fr\/blog\/#\/schema\/logo\/image\/","url":"https:\/\/www.festivox.fr\/blog\/wp-content\/uploads\/2023\/06\/logo-2.png","contentUrl":"https:\/\/www.festivox.fr\/blog\/wp-content\/uploads\/2023\/06\/logo-2.png","width":480,"height":160,"caption":"festivox"},"image":{"@id":"https:\/\/www.festivox.fr\/blog\/#\/schema\/logo\/image\/"}},{"@type":"Person","@id":"https:\/\/www.festivox.fr\/blog\/#\/schema\/person\/f36a8b6bc94800c3eafed4bca993ce95","name":"Michele","image":{"@type":"ImageObject","inLanguage":"fr-FR","@id":"https:\/\/secure.gravatar.com\/avatar\/b062046536b5d47ec9075956ec349ef95ed06b0f910c578f74abb318668b702e?s=96&d=mm&r=g","url":"https:\/\/secure.gravatar.com\/avatar\/b062046536b5d47ec9075956ec349ef95ed06b0f910c578f74abb318668b702e?s=96&d=mm&r=g","contentUrl":"https:\/\/secure.gravatar.com\/avatar\/b062046536b5d47ec9075956ec349ef95ed06b0f910c578f74abb318668b702e?s=96&d=mm&r=g","caption":"Michele"},"sameAs":["https:\/\/www.festivox.fr\/blog"],"url":"https:\/\/www.festivox.fr\/blog\/author\/voxadmin\/"}]}},"_links":{"self":[{"href":"https:\/\/www.festivox.fr\/blog\/wp-json\/wp\/v2\/posts\/381","targetHints":{"allow":["GET"]}}],"collection":[{"href":"https:\/\/www.festivox.fr\/blog\/wp-json\/wp\/v2\/posts"}],"about":[{"href":"https:\/\/www.festivox.fr\/blog\/wp-json\/wp\/v2\/types\/post"}],"author":[{"embeddable":true,"href":"https:\/\/www.festivox.fr\/blog\/wp-json\/wp\/v2\/users\/1"}],"replies":[{"embeddable":true,"href":"https:\/\/www.festivox.fr\/blog\/wp-json\/wp\/v2\/comments?post=381"}],"version-history":[{"count":0,"href":"https:\/\/www.festivox.fr\/blog\/wp-json\/wp\/v2\/posts\/381\/revisions"}],"wp:featuredmedia":[{"embeddable":true,"href":"https:\/\/www.festivox.fr\/blog\/wp-json\/wp\/v2\/media\/382"}],"wp:attachment":[{"href":"https:\/\/www.festivox.fr\/blog\/wp-json\/wp\/v2\/media?parent=381"}],"wp:term":[{"taxonomy":"category","embeddable":true,"href":"https:\/\/www.festivox.fr\/blog\/wp-json\/wp\/v2\/categories?post=381"},{"taxonomy":"post_tag","embeddable":true,"href":"https:\/\/www.festivox.fr\/blog\/wp-json\/wp\/v2\/tags?post=381"}],"curies":[{"name":"wp","href":"https:\/\/api.w.org\/{rel}","templated":true}]}}