{"id":373,"date":"2023-08-27T14:36:00","date_gmt":"2023-08-27T12:36:00","guid":{"rendered":"https:\/\/www.festivox.fr\/blog\/argeles-sur-mer-raco-jazz-du-racou-a-la-nouvelle-orleans-en-quelques-notes\/"},"modified":"2023-08-27T14:36:00","modified_gmt":"2023-08-27T12:36:00","slug":"argeles-sur-mer-raco-jazz-du-racou-a-la-nouvelle-orleans-en-quelques-notes","status":"publish","type":"post","link":"https:\/\/www.festivox.fr\/blog\/argeles-sur-mer-raco-jazz-du-racou-a-la-nouvelle-orleans-en-quelques-notes\/","title":{"rendered":"Argel\u00e8s-sur-Mer : Rac\u2019\u00d3 Jazz : du Racou \u00e0 la Nouvelle-Orl\u00e9ans en quelques notes"},"content":{"rendered":"\n<div><img decoding=\"async\" src=\"https:\/\/www.festivox.fr\/blog\/wp-content\/uploads\/2023\/08\/argeles-sur-mer-raco-jazz-du-racou-a-la-nouvelle-orleans-en-quelques-notes.jpg\" class=\"ff-og-image-inserted\"><\/div>\n<p> Cette fin de semaine, le jazz est de retour dans la cit\u00e9 maritime. Jeudi et vendredi, d\u00e9ambulations et concerts animeront l\u2019avenue Torre-d\u2019en-Sorra et la place des Granotes. <\/p>\n<div data-state=\"fixed-height\" data-selection=\"disabled\">\n<p>Apr\u00e8s trois \u00e9ditions fort prometteuses, le Racou jazz festival a disparu en 2020, pour cause de pand\u00e9mie. La municipalit\u00e9 et les commer\u00e7ants du Racou le font rena\u00eetre de ses cendres sous un nouveau nom : le Rac\u2019\u00f3 jazz. \u00c0 d\u00e9guster sans mod\u00e9ration sur l\u2019avenue Torre-d\u2019enSorra et la place des Granotes, <b>jeudi 31 ao\u00fbt<\/b> et <b>vendredi 1er septembre<\/b>.<\/p>\n<p><!-- Pub DFP Position [outstream] --> <\/p>\n<h2 class=\"txt-int\"><b>Jeudi 31 ao\u00fbt<\/b><\/h2>\n<p>De 19 h \u00e0 23 h, d\u00e9ambulations jazz sur l\u2019avenue Torre-d\u2019en-Sorra.<\/p>\n<p><!-- Pub DFP Position [article] --> <\/p>\n<p><b>L\u2019affaire \u00e0 swing. <\/b> Un rythme d\u2019acier, un r\u00e9pertoire \u00e9lectrique, des arrangements in\u00e9dits, une pinc\u00e9e de modernisme sur fond de style traditionnel et un zeste de fantaisie.<\/p>\n<p><b>Le Jazz in street band. <\/b>Le groupe distille les notes des plus grands standards du jazz \u00e0 la sauce jazz festif de la Nouvelle-Orl\u00e9ans, pour une ambiance styl\u00e9e, jazzy et originale.<\/p>\n<p><b>Les Rogers Brass.<\/b> Quand la chaleur envo\u00fbtante des cuivres se m\u00eale \u00e0 la puissance des tambours cr\u00e9oles, la magie s\u2019installe et illumine tous les instants de la vie\u2026<\/p>\n<p><b>Les Zykatok et the karriole.<\/b><\/p>\n<p>Quatre dr\u00f4les de musiciens juch\u00e9s sur \u00ab\u00a0the karriole\u00a0\u00bb proposent un spectacle tout en \u00e9quilibre alliant humour, musique, amour du travail du bois et du m\u00e9tal, jeu clownesque et interaction avec le public.<\/p>\n<p>\u00c0 21 h, concert jazz-swing sur la place des Granotes, avec les <b>Timber men Stompers<\/b>, le quintet de jazz traditionnel de la Nouvelle-Orl\u00e9ans le plus embl\u00e9matique d\u2019Europe qui revisite les morceaux connus et m\u00e9connus des ann\u00e9es 1920 \u00e0 1940.<\/p>\n<h2 class=\"txt-int\"><b>Vendredi 1er septembre<\/b><\/h2>\n<p>Quatre sc\u00e8nes et huit concerts-spectacles aux mille nuances de jazz. Premi\u00e8re sc\u00e8ne \u00e0 19 h 30, <b>Jungle Calls.<\/b> Imaginez-vous dans les ann\u00e9es 1920, au milieu des marais de Louisiane avec les crocodiles\u2026 Ces six musiciens de la vall\u00e9e du Conflent vont vous h\u00e9risser les poils pour mieux vous d\u00e9voiler les perles des grands compositeurs des Ann\u00e9es Folles. \u00c0 21 h 30, <b>Jungle cats<\/b>. Revivez l\u2019ambiance des clubs de jazz de la Nouvelle Orl\u00e9ans : ces musiciens vous emm\u00e8nent dans des territoires inexplor\u00e9s o\u00f9 l\u2019improvisation r\u00e8gne en ma\u00eetre.<\/p>\n<p>Deuxi\u00e8me sc\u00e8ne, \u00e0 19 h 30, <b>Dry wing 4tet<\/b> Deux guitares, un violon, une contrebasse\u2026 Le Dry hop swing 4tet vous invite \u00e0 partager un jazz manouche riche en ar\u00f4mes. \u00c0 21 h 30, <b>le Jajazz !<\/b> Le Jajazz ! , c\u2019est du jazz, un peu de swing, un soup\u00e7on de pop, une cuiller\u00e9e de rock\u2026<\/p>\n<p>Troisi\u00e8me sc\u00e8ne \u00e0 19 h 30, <b>Blue train quintet.<\/b> Leur partition oscille entre Hard-bop, compositions originales, r\u00e9miniscences du label Blue note et standards de jazz moderne subtilement r\u00e9adapt\u00e9s. \u00c0 21 h 30, <b>French quartet orchestra.<\/b> Laissez-vous emporter dans le French quarter, le mythique carr\u00e9 fran\u00e7ais de la Nouvelle-Orl\u00e9ans, avec un r\u00e9pertoire festif, \u00e0 partager dans la joie et la bonne humeur !<\/p>\n<p>Quatri\u00e8me sc\u00e8ne, place des Granotes, \u00e0 21 h, duo DJ set jazz et cercle a\u00e9rien, par <b>Hanging Plants<\/b>. Plongez dans<i> L\u2019heure bleue, <\/i>un tableau musical m\u00ealant danse a\u00e9rienne et DJ set aux accents jazz. Un moment suspendu entre r\u00eave et musique.<\/p>\n<footer class=\"txt-note\"><i>Gratuit.<\/i><\/footer>\n<\/p><\/div>\n<p> Cet article, qui traite du th\u00e8me \u00ab\u00a0Festival Jazz et musique en mode guinguette\u00a0\u00bb, vous est d\u00e9lib\u00e9r\u00e9ment offert par festivox.fr. La raison d\u2019\u00eatre de festivox.fr est de parler de Festival Jazz et musique en mode guinguette dans la transparence la plus g\u00e9n\u00e9rale en vous procurant la visibilit\u00e9 de tout ce qui est publi\u00e9 sur ce sujet sur le web La chronique a \u00e9t\u00e9 g\u00e9n\u00e9r\u00e9e de la mani\u00e8re la plus honn\u00eate que possible. S\u2019il advenait que vous projetez d\u2019apporter quelques notes concernant le domaine de \u00ab\u00a0Festival Jazz et musique en mode guinguette\u00a0\u00bb vous avez la possibilit\u00e9 de d&rsquo;\u00e9changer avec notre r\u00e9daction. Dans peu de temps, on mettra en ligne d&rsquo;autres informations pertinentes autour du sujet \u00ab\u00a0Festival Jazz et musique en mode guinguette\u00a0\u00bb. Ainsi, consultez r\u00e9guli\u00e8rement notre site.<\/p>\n","protected":false},"excerpt":{"rendered":"<p>Cette fin de semaine, le jazz est de retour dans la cit\u00e9 maritime. Jeudi et vendredi, d\u00e9ambulations et concerts animeront l\u2019avenue Torre-d\u2019en-Sorra et la place des Granotes. Apr\u00e8s trois \u00e9ditions fort prometteuses, le Racou jazz festival a disparu en 2020, pour cause de pand\u00e9mie. La municipalit\u00e9 et les commer\u00e7ants du Racou le font rena\u00eetre de&hellip;<\/p>\n","protected":false},"author":1,"featured_media":374,"comment_status":"closed","ping_status":"closed","sticky":false,"template":"","format":"standard","meta":{"footnotes":""},"categories":[3],"tags":[],"class_list":["post-373","post","type-post","status-publish","format-standard","has-post-thumbnail","hentry","category-wiki-sur-festival-jazz-et-musique-en-mode-guinguette"],"yoast_head":"<!-- This site is optimized with the Yoast SEO plugin v27.5 - https:\/\/yoast.com\/product\/yoast-seo-wordpress\/ -->\n<title>Argel\u00e8s-sur-Mer : Rac\u2019\u00d3 Jazz : du Racou \u00e0 la Nouvelle-Orl\u00e9ans en quelques notes - FESTIVOX<\/title>\n<meta name=\"robots\" content=\"index, follow, max-snippet:-1, max-image-preview:large, max-video-preview:-1\" \/>\n<link rel=\"canonical\" href=\"https:\/\/www.festivox.fr\/blog\/argeles-sur-mer-raco-jazz-du-racou-a-la-nouvelle-orleans-en-quelques-notes\/\" \/>\n<meta property=\"og:locale\" content=\"fr_FR\" \/>\n<meta property=\"og:type\" content=\"article\" \/>\n<meta property=\"og:title\" content=\"Argel\u00e8s-sur-Mer : Rac\u2019\u00d3 Jazz : du Racou \u00e0 la Nouvelle-Orl\u00e9ans en quelques notes - FESTIVOX\" \/>\n<meta property=\"og:description\" content=\"Cette fin de semaine, le jazz est de retour dans la cit\u00e9 maritime. Jeudi et vendredi, d\u00e9ambulations et concerts animeront l\u2019avenue Torre-d\u2019en-Sorra et la place des Granotes. Apr\u00e8s trois \u00e9ditions fort prometteuses, le Racou jazz festival a disparu en 2020, pour cause de pand\u00e9mie. La municipalit\u00e9 et les commer\u00e7ants du Racou le font rena\u00eetre de&hellip;\" \/>\n<meta property=\"og:url\" content=\"https:\/\/www.festivox.fr\/blog\/argeles-sur-mer-raco-jazz-du-racou-a-la-nouvelle-orleans-en-quelques-notes\/\" \/>\n<meta property=\"og:site_name\" content=\"FESTIVOX\" \/>\n<meta property=\"article:published_time\" content=\"2023-08-27T12:36:00+00:00\" \/>\n<meta property=\"og:image\" content=\"https:\/\/www.festivox.fr\/blog\/wp-content\/uploads\/2023\/08\/argeles-sur-mer-raco-jazz-du-racou-a-la-nouvelle-orleans-en-quelques-notes.jpg\" \/>\n<meta name=\"author\" content=\"Michele\" \/>\n<meta name=\"twitter:card\" content=\"summary_large_image\" \/>\n<meta name=\"twitter:label1\" content=\"\u00c9crit par\" \/>\n\t<meta name=\"twitter:data1\" content=\"Michele\" \/>\n\t<meta name=\"twitter:label2\" content=\"Dur\u00e9e de lecture estim\u00e9e\" \/>\n\t<meta name=\"twitter:data2\" content=\"3 minutes\" \/>\n<script type=\"application\/ld+json\" class=\"yoast-schema-graph\">{\"@context\":\"https:\\\/\\\/schema.org\",\"@graph\":[{\"@type\":\"Article\",\"@id\":\"https:\\\/\\\/www.festivox.fr\\\/blog\\\/argeles-sur-mer-raco-jazz-du-racou-a-la-nouvelle-orleans-en-quelques-notes\\\/#article\",\"isPartOf\":{\"@id\":\"https:\\\/\\\/www.festivox.fr\\\/blog\\\/argeles-sur-mer-raco-jazz-du-racou-a-la-nouvelle-orleans-en-quelques-notes\\\/\"},\"author\":{\"name\":\"Michele\",\"@id\":\"https:\\\/\\\/www.festivox.fr\\\/blog\\\/#\\\/schema\\\/person\\\/f36a8b6bc94800c3eafed4bca993ce95\"},\"headline\":\"Argel\u00e8s-sur-Mer : Rac\u2019\u00d3 Jazz : du Racou \u00e0 la Nouvelle-Orl\u00e9ans en quelques notes\",\"datePublished\":\"2023-08-27T12:36:00+00:00\",\"mainEntityOfPage\":{\"@id\":\"https:\\\/\\\/www.festivox.fr\\\/blog\\\/argeles-sur-mer-raco-jazz-du-racou-a-la-nouvelle-orleans-en-quelques-notes\\\/\"},\"wordCount\":693,\"publisher\":{\"@id\":\"https:\\\/\\\/www.festivox.fr\\\/blog\\\/#organization\"},\"image\":{\"@id\":\"https:\\\/\\\/www.festivox.fr\\\/blog\\\/argeles-sur-mer-raco-jazz-du-racou-a-la-nouvelle-orleans-en-quelques-notes\\\/#primaryimage\"},\"thumbnailUrl\":\"https:\\\/\\\/www.festivox.fr\\\/blog\\\/wp-content\\\/uploads\\\/2023\\\/08\\\/argeles-sur-mer-raco-jazz-du-racou-a-la-nouvelle-orleans-en-quelques-notes.jpg\",\"articleSection\":[\"Wiki Sur Festival Jazz Et Musique En Mode Guinguette:\"],\"inLanguage\":\"fr-FR\"},{\"@type\":\"WebPage\",\"@id\":\"https:\\\/\\\/www.festivox.fr\\\/blog\\\/argeles-sur-mer-raco-jazz-du-racou-a-la-nouvelle-orleans-en-quelques-notes\\\/\",\"url\":\"https:\\\/\\\/www.festivox.fr\\\/blog\\\/argeles-sur-mer-raco-jazz-du-racou-a-la-nouvelle-orleans-en-quelques-notes\\\/\",\"name\":\"Argel\u00e8s-sur-Mer : Rac\u2019\u00d3 Jazz : du Racou \u00e0 la Nouvelle-Orl\u00e9ans en quelques notes - FESTIVOX\",\"isPartOf\":{\"@id\":\"https:\\\/\\\/www.festivox.fr\\\/blog\\\/#website\"},\"primaryImageOfPage\":{\"@id\":\"https:\\\/\\\/www.festivox.fr\\\/blog\\\/argeles-sur-mer-raco-jazz-du-racou-a-la-nouvelle-orleans-en-quelques-notes\\\/#primaryimage\"},\"image\":{\"@id\":\"https:\\\/\\\/www.festivox.fr\\\/blog\\\/argeles-sur-mer-raco-jazz-du-racou-a-la-nouvelle-orleans-en-quelques-notes\\\/#primaryimage\"},\"thumbnailUrl\":\"https:\\\/\\\/www.festivox.fr\\\/blog\\\/wp-content\\\/uploads\\\/2023\\\/08\\\/argeles-sur-mer-raco-jazz-du-racou-a-la-nouvelle-orleans-en-quelques-notes.jpg\",\"datePublished\":\"2023-08-27T12:36:00+00:00\",\"breadcrumb\":{\"@id\":\"https:\\\/\\\/www.festivox.fr\\\/blog\\\/argeles-sur-mer-raco-jazz-du-racou-a-la-nouvelle-orleans-en-quelques-notes\\\/#breadcrumb\"},\"inLanguage\":\"fr-FR\",\"potentialAction\":[{\"@type\":\"ReadAction\",\"target\":[\"https:\\\/\\\/www.festivox.fr\\\/blog\\\/argeles-sur-mer-raco-jazz-du-racou-a-la-nouvelle-orleans-en-quelques-notes\\\/\"]}]},{\"@type\":\"ImageObject\",\"inLanguage\":\"fr-FR\",\"@id\":\"https:\\\/\\\/www.festivox.fr\\\/blog\\\/argeles-sur-mer-raco-jazz-du-racou-a-la-nouvelle-orleans-en-quelques-notes\\\/#primaryimage\",\"url\":\"https:\\\/\\\/www.festivox.fr\\\/blog\\\/wp-content\\\/uploads\\\/2023\\\/08\\\/argeles-sur-mer-raco-jazz-du-racou-a-la-nouvelle-orleans-en-quelques-notes.jpg\",\"contentUrl\":\"https:\\\/\\\/www.festivox.fr\\\/blog\\\/wp-content\\\/uploads\\\/2023\\\/08\\\/argeles-sur-mer-raco-jazz-du-racou-a-la-nouvelle-orleans-en-quelques-notes.jpg\",\"width\":885,\"height\":500},{\"@type\":\"BreadcrumbList\",\"@id\":\"https:\\\/\\\/www.festivox.fr\\\/blog\\\/argeles-sur-mer-raco-jazz-du-racou-a-la-nouvelle-orleans-en-quelques-notes\\\/#breadcrumb\",\"itemListElement\":[{\"@type\":\"ListItem\",\"position\":1,\"name\":\"Accueil\",\"item\":\"https:\\\/\\\/www.festivox.fr\\\/blog\\\/\"},{\"@type\":\"ListItem\",\"position\":2,\"name\":\"Argel\u00e8s-sur-Mer : Rac\u2019\u00d3 Jazz : du Racou \u00e0 la Nouvelle-Orl\u00e9ans en quelques notes\"}]},{\"@type\":\"WebSite\",\"@id\":\"https:\\\/\\\/www.festivox.fr\\\/blog\\\/#website\",\"url\":\"https:\\\/\\\/www.festivox.fr\\\/blog\\\/\",\"name\":\"FESTIVOX\",\"description\":\"Festival en mode guinguette.\",\"publisher\":{\"@id\":\"https:\\\/\\\/www.festivox.fr\\\/blog\\\/#organization\"},\"potentialAction\":[{\"@type\":\"SearchAction\",\"target\":{\"@type\":\"EntryPoint\",\"urlTemplate\":\"https:\\\/\\\/www.festivox.fr\\\/blog\\\/?s={search_term_string}\"},\"query-input\":{\"@type\":\"PropertyValueSpecification\",\"valueRequired\":true,\"valueName\":\"search_term_string\"}}],\"inLanguage\":\"fr-FR\"},{\"@type\":\"Organization\",\"@id\":\"https:\\\/\\\/www.festivox.fr\\\/blog\\\/#organization\",\"name\":\"festivox\",\"url\":\"https:\\\/\\\/www.festivox.fr\\\/blog\\\/\",\"logo\":{\"@type\":\"ImageObject\",\"inLanguage\":\"fr-FR\",\"@id\":\"https:\\\/\\\/www.festivox.fr\\\/blog\\\/#\\\/schema\\\/logo\\\/image\\\/\",\"url\":\"https:\\\/\\\/www.festivox.fr\\\/blog\\\/wp-content\\\/uploads\\\/2023\\\/06\\\/logo-2.png\",\"contentUrl\":\"https:\\\/\\\/www.festivox.fr\\\/blog\\\/wp-content\\\/uploads\\\/2023\\\/06\\\/logo-2.png\",\"width\":480,\"height\":160,\"caption\":\"festivox\"},\"image\":{\"@id\":\"https:\\\/\\\/www.festivox.fr\\\/blog\\\/#\\\/schema\\\/logo\\\/image\\\/\"}},{\"@type\":\"Person\",\"@id\":\"https:\\\/\\\/www.festivox.fr\\\/blog\\\/#\\\/schema\\\/person\\\/f36a8b6bc94800c3eafed4bca993ce95\",\"name\":\"Michele\",\"image\":{\"@type\":\"ImageObject\",\"inLanguage\":\"fr-FR\",\"@id\":\"https:\\\/\\\/secure.gravatar.com\\\/avatar\\\/b062046536b5d47ec9075956ec349ef95ed06b0f910c578f74abb318668b702e?s=96&d=mm&r=g\",\"url\":\"https:\\\/\\\/secure.gravatar.com\\\/avatar\\\/b062046536b5d47ec9075956ec349ef95ed06b0f910c578f74abb318668b702e?s=96&d=mm&r=g\",\"contentUrl\":\"https:\\\/\\\/secure.gravatar.com\\\/avatar\\\/b062046536b5d47ec9075956ec349ef95ed06b0f910c578f74abb318668b702e?s=96&d=mm&r=g\",\"caption\":\"Michele\"},\"sameAs\":[\"https:\\\/\\\/www.festivox.fr\\\/blog\"],\"url\":\"https:\\\/\\\/www.festivox.fr\\\/blog\\\/author\\\/voxadmin\\\/\"}]}<\/script>\n<!-- \/ Yoast SEO plugin. -->","yoast_head_json":{"title":"Argel\u00e8s-sur-Mer : Rac\u2019\u00d3 Jazz : du Racou \u00e0 la Nouvelle-Orl\u00e9ans en quelques notes - FESTIVOX","robots":{"index":"index","follow":"follow","max-snippet":"max-snippet:-1","max-image-preview":"max-image-preview:large","max-video-preview":"max-video-preview:-1"},"canonical":"https:\/\/www.festivox.fr\/blog\/argeles-sur-mer-raco-jazz-du-racou-a-la-nouvelle-orleans-en-quelques-notes\/","og_locale":"fr_FR","og_type":"article","og_title":"Argel\u00e8s-sur-Mer : Rac\u2019\u00d3 Jazz : du Racou \u00e0 la Nouvelle-Orl\u00e9ans en quelques notes - FESTIVOX","og_description":"Cette fin de semaine, le jazz est de retour dans la cit\u00e9 maritime. Jeudi et vendredi, d\u00e9ambulations et concerts animeront l\u2019avenue Torre-d\u2019en-Sorra et la place des Granotes. Apr\u00e8s trois \u00e9ditions fort prometteuses, le Racou jazz festival a disparu en 2020, pour cause de pand\u00e9mie. La municipalit\u00e9 et les commer\u00e7ants du Racou le font rena\u00eetre de&hellip;","og_url":"https:\/\/www.festivox.fr\/blog\/argeles-sur-mer-raco-jazz-du-racou-a-la-nouvelle-orleans-en-quelques-notes\/","og_site_name":"FESTIVOX","article_published_time":"2023-08-27T12:36:00+00:00","og_image":[{"url":"https:\/\/www.festivox.fr\/blog\/wp-content\/uploads\/2023\/08\/argeles-sur-mer-raco-jazz-du-racou-a-la-nouvelle-orleans-en-quelques-notes.jpg","type":"","width":"","height":""}],"author":"Michele","twitter_card":"summary_large_image","twitter_misc":{"\u00c9crit par":"Michele","Dur\u00e9e de lecture estim\u00e9e":"3 minutes"},"schema":{"@context":"https:\/\/schema.org","@graph":[{"@type":"Article","@id":"https:\/\/www.festivox.fr\/blog\/argeles-sur-mer-raco-jazz-du-racou-a-la-nouvelle-orleans-en-quelques-notes\/#article","isPartOf":{"@id":"https:\/\/www.festivox.fr\/blog\/argeles-sur-mer-raco-jazz-du-racou-a-la-nouvelle-orleans-en-quelques-notes\/"},"author":{"name":"Michele","@id":"https:\/\/www.festivox.fr\/blog\/#\/schema\/person\/f36a8b6bc94800c3eafed4bca993ce95"},"headline":"Argel\u00e8s-sur-Mer : Rac\u2019\u00d3 Jazz : du Racou \u00e0 la Nouvelle-Orl\u00e9ans en quelques notes","datePublished":"2023-08-27T12:36:00+00:00","mainEntityOfPage":{"@id":"https:\/\/www.festivox.fr\/blog\/argeles-sur-mer-raco-jazz-du-racou-a-la-nouvelle-orleans-en-quelques-notes\/"},"wordCount":693,"publisher":{"@id":"https:\/\/www.festivox.fr\/blog\/#organization"},"image":{"@id":"https:\/\/www.festivox.fr\/blog\/argeles-sur-mer-raco-jazz-du-racou-a-la-nouvelle-orleans-en-quelques-notes\/#primaryimage"},"thumbnailUrl":"https:\/\/www.festivox.fr\/blog\/wp-content\/uploads\/2023\/08\/argeles-sur-mer-raco-jazz-du-racou-a-la-nouvelle-orleans-en-quelques-notes.jpg","articleSection":["Wiki Sur Festival Jazz Et Musique En Mode Guinguette:"],"inLanguage":"fr-FR"},{"@type":"WebPage","@id":"https:\/\/www.festivox.fr\/blog\/argeles-sur-mer-raco-jazz-du-racou-a-la-nouvelle-orleans-en-quelques-notes\/","url":"https:\/\/www.festivox.fr\/blog\/argeles-sur-mer-raco-jazz-du-racou-a-la-nouvelle-orleans-en-quelques-notes\/","name":"Argel\u00e8s-sur-Mer : Rac\u2019\u00d3 Jazz : du Racou \u00e0 la Nouvelle-Orl\u00e9ans en quelques notes - FESTIVOX","isPartOf":{"@id":"https:\/\/www.festivox.fr\/blog\/#website"},"primaryImageOfPage":{"@id":"https:\/\/www.festivox.fr\/blog\/argeles-sur-mer-raco-jazz-du-racou-a-la-nouvelle-orleans-en-quelques-notes\/#primaryimage"},"image":{"@id":"https:\/\/www.festivox.fr\/blog\/argeles-sur-mer-raco-jazz-du-racou-a-la-nouvelle-orleans-en-quelques-notes\/#primaryimage"},"thumbnailUrl":"https:\/\/www.festivox.fr\/blog\/wp-content\/uploads\/2023\/08\/argeles-sur-mer-raco-jazz-du-racou-a-la-nouvelle-orleans-en-quelques-notes.jpg","datePublished":"2023-08-27T12:36:00+00:00","breadcrumb":{"@id":"https:\/\/www.festivox.fr\/blog\/argeles-sur-mer-raco-jazz-du-racou-a-la-nouvelle-orleans-en-quelques-notes\/#breadcrumb"},"inLanguage":"fr-FR","potentialAction":[{"@type":"ReadAction","target":["https:\/\/www.festivox.fr\/blog\/argeles-sur-mer-raco-jazz-du-racou-a-la-nouvelle-orleans-en-quelques-notes\/"]}]},{"@type":"ImageObject","inLanguage":"fr-FR","@id":"https:\/\/www.festivox.fr\/blog\/argeles-sur-mer-raco-jazz-du-racou-a-la-nouvelle-orleans-en-quelques-notes\/#primaryimage","url":"https:\/\/www.festivox.fr\/blog\/wp-content\/uploads\/2023\/08\/argeles-sur-mer-raco-jazz-du-racou-a-la-nouvelle-orleans-en-quelques-notes.jpg","contentUrl":"https:\/\/www.festivox.fr\/blog\/wp-content\/uploads\/2023\/08\/argeles-sur-mer-raco-jazz-du-racou-a-la-nouvelle-orleans-en-quelques-notes.jpg","width":885,"height":500},{"@type":"BreadcrumbList","@id":"https:\/\/www.festivox.fr\/blog\/argeles-sur-mer-raco-jazz-du-racou-a-la-nouvelle-orleans-en-quelques-notes\/#breadcrumb","itemListElement":[{"@type":"ListItem","position":1,"name":"Accueil","item":"https:\/\/www.festivox.fr\/blog\/"},{"@type":"ListItem","position":2,"name":"Argel\u00e8s-sur-Mer : Rac\u2019\u00d3 Jazz : du Racou \u00e0 la Nouvelle-Orl\u00e9ans en quelques notes"}]},{"@type":"WebSite","@id":"https:\/\/www.festivox.fr\/blog\/#website","url":"https:\/\/www.festivox.fr\/blog\/","name":"FESTIVOX","description":"Festival en mode guinguette.","publisher":{"@id":"https:\/\/www.festivox.fr\/blog\/#organization"},"potentialAction":[{"@type":"SearchAction","target":{"@type":"EntryPoint","urlTemplate":"https:\/\/www.festivox.fr\/blog\/?s={search_term_string}"},"query-input":{"@type":"PropertyValueSpecification","valueRequired":true,"valueName":"search_term_string"}}],"inLanguage":"fr-FR"},{"@type":"Organization","@id":"https:\/\/www.festivox.fr\/blog\/#organization","name":"festivox","url":"https:\/\/www.festivox.fr\/blog\/","logo":{"@type":"ImageObject","inLanguage":"fr-FR","@id":"https:\/\/www.festivox.fr\/blog\/#\/schema\/logo\/image\/","url":"https:\/\/www.festivox.fr\/blog\/wp-content\/uploads\/2023\/06\/logo-2.png","contentUrl":"https:\/\/www.festivox.fr\/blog\/wp-content\/uploads\/2023\/06\/logo-2.png","width":480,"height":160,"caption":"festivox"},"image":{"@id":"https:\/\/www.festivox.fr\/blog\/#\/schema\/logo\/image\/"}},{"@type":"Person","@id":"https:\/\/www.festivox.fr\/blog\/#\/schema\/person\/f36a8b6bc94800c3eafed4bca993ce95","name":"Michele","image":{"@type":"ImageObject","inLanguage":"fr-FR","@id":"https:\/\/secure.gravatar.com\/avatar\/b062046536b5d47ec9075956ec349ef95ed06b0f910c578f74abb318668b702e?s=96&d=mm&r=g","url":"https:\/\/secure.gravatar.com\/avatar\/b062046536b5d47ec9075956ec349ef95ed06b0f910c578f74abb318668b702e?s=96&d=mm&r=g","contentUrl":"https:\/\/secure.gravatar.com\/avatar\/b062046536b5d47ec9075956ec349ef95ed06b0f910c578f74abb318668b702e?s=96&d=mm&r=g","caption":"Michele"},"sameAs":["https:\/\/www.festivox.fr\/blog"],"url":"https:\/\/www.festivox.fr\/blog\/author\/voxadmin\/"}]}},"_links":{"self":[{"href":"https:\/\/www.festivox.fr\/blog\/wp-json\/wp\/v2\/posts\/373","targetHints":{"allow":["GET"]}}],"collection":[{"href":"https:\/\/www.festivox.fr\/blog\/wp-json\/wp\/v2\/posts"}],"about":[{"href":"https:\/\/www.festivox.fr\/blog\/wp-json\/wp\/v2\/types\/post"}],"author":[{"embeddable":true,"href":"https:\/\/www.festivox.fr\/blog\/wp-json\/wp\/v2\/users\/1"}],"replies":[{"embeddable":true,"href":"https:\/\/www.festivox.fr\/blog\/wp-json\/wp\/v2\/comments?post=373"}],"version-history":[{"count":0,"href":"https:\/\/www.festivox.fr\/blog\/wp-json\/wp\/v2\/posts\/373\/revisions"}],"wp:featuredmedia":[{"embeddable":true,"href":"https:\/\/www.festivox.fr\/blog\/wp-json\/wp\/v2\/media\/374"}],"wp:attachment":[{"href":"https:\/\/www.festivox.fr\/blog\/wp-json\/wp\/v2\/media?parent=373"}],"wp:term":[{"taxonomy":"category","embeddable":true,"href":"https:\/\/www.festivox.fr\/blog\/wp-json\/wp\/v2\/categories?post=373"},{"taxonomy":"post_tag","embeddable":true,"href":"https:\/\/www.festivox.fr\/blog\/wp-json\/wp\/v2\/tags?post=373"}],"curies":[{"name":"wp","href":"https:\/\/api.w.org\/{rel}","templated":true}]}}