{"id":361,"date":"2023-08-21T08:54:00","date_gmt":"2023-08-21T06:54:00","guid":{"rendered":"https:\/\/www.festivox.fr\/blog\/howard-becker-sociologue-et-pianiste-de-jazz\/"},"modified":"2023-08-21T08:54:00","modified_gmt":"2023-08-21T06:54:00","slug":"howard-becker-sociologue-et-pianiste-de-jazz","status":"publish","type":"post","link":"https:\/\/www.festivox.fr\/blog\/howard-becker-sociologue-et-pianiste-de-jazz\/","title":{"rendered":"Howard Becker, sociologue et pianiste de jazz"},"content":{"rendered":"\n<div><img decoding=\"async\" src=\"https:\/\/www.festivox.fr\/blog\/wp-content\/uploads\/2023\/08\/howard-becker-sociologue-et-pianiste-de-jazz.jpg\" class=\"ff-og-image-inserted\"><\/div>\n<p class=\"PopSlotParagraph qg-tx2 qg-xtra-lh svelte-1xznlfb\"><!-- HTML_TAG_START -->Deux livres d\u2019Howard Becker, <em>Outsiders<\/em> et <em>Les mondes de l\u2019art<\/em>, ont marqu\u00e9 la sociologie et la philosophie fran\u00e7aises, d\u2019autant plus que Becker est \u00e0 la fois francophone et francophile. Ces deux livres doivent beaucoup aux multiples carri\u00e8res de leur auteur&nbsp;: photographe, sociologue, pianiste de jazz \u00e0 temps partiel. C\u2019est faute de pouvoir vivre de son m\u00e9tier de pianiste, dit avec humour Becker, qu\u2019il a pris la sociologie comme second m\u00e9tier&#8230;<!-- HTML_TAG_END --><\/p>\n<h2 class=\"qg-st2 \"><!-- HTML_TAG_START -->Penser par cas, \u00e9crire par morceaux<!-- HTML_TAG_END --><\/h2>\n<p class=\"PopSlotParagraph qg-tx2 qg-xtra-lh svelte-1xznlfb\"><!-- HTML_TAG_START -->Becker explique qu\u2019il construit ses livres par petits morceaux qu\u2019il assemble ensuite, ou par petites histoires dont il fait un livre. Cette m\u00e9thode d\u2019\u00e9criture r\u00e9pond \u00e0 sa m\u00e9thode de pens\u00e9e, la pens\u00e9e par cas (<em>reasoning from Cases<\/em>) dont un de ses tout derniers livres, <em>What about Mozart&nbsp;? What about Murder&nbsp;? Reasoning from Cases<\/em>, expose les principes. Quant \u00e0 son exp\u00e9rience d\u2019improvisation encadr\u00e9e en jazz, elle nourrit son id\u00e9e d\u2019interaction norm\u00e9es ou du moins stabilis\u00e9es par ce que Becker appelle des \u00ab&nbsp;conventions&nbsp;\u00bb, des connaissances communes implicites permettant aux musiciens, ou aux acteurs sociaux en g\u00e9n\u00e9ral, de prendre tr\u00e8s rapidement les bonnes d\u00e9cisions.<!-- HTML_TAG_END --><\/p>\n<div class=\"PopSlot inread svelte-1czwje5 isEnabled\">\n<p><span class=\"qg-tx5 svelte-1czwje5\">Publicit\u00e9<\/span> <\/p>\n<\/p><\/div>\n<h2 class=\"qg-st2 \"><!-- HTML_TAG_START -->Bibliographie&nbsp;:<!-- HTML_TAG_END --><\/h2>\n<p class=\"PopSlotParagraph qg-tx2 qg-xtra-lh svelte-1xznlfb\"><!-- HTML_TAG_START -->Howard Becker, <em>Outsiders. \u00c9tudes de sociologie de la d\u00e9viance<\/em>, M\u00e9taili\u00e9, 1985<!-- HTML_TAG_END --><\/p>\n<p class=\"PopSlotParagraph qg-tx2 qg-xtra-lh svelte-1xznlfb\"><!-- HTML_TAG_START -->Howard Becker, <em>Les Mondes de l\u2019art<\/em>, Flammarion, 1988<!-- HTML_TAG_END --><\/p>\n<p class=\"PopSlotParagraph qg-tx2 qg-xtra-lh svelte-1xznlfb\"><!-- HTML_TAG_START -->Howard Becker, <em>La bonne focale&nbsp;: de l\u2019utilit\u00e9 des cas particuliers en sciences sociales<\/em>, La D\u00e9couverte, 2016<!-- HTML_TAG_END --><\/p>\n<p class=\"PopSlotParagraph qg-tx2 qg-xtra-lh svelte-1xznlfb\"><!-- HTML_TAG_START -->Howard Becker, <em>What about Mozart&nbsp;? What about Murder&nbsp;? Reasoning from Cases<\/em>, University of Chicago Press, 2014<!-- HTML_TAG_END --><\/p>\n<p class=\"PopSlotParagraph qg-tx2 qg-xtra-lh svelte-1xznlfb\"><!-- HTML_TAG_START -->Howard Becker, \u00ab&nbsp;Les lieux du jazz&nbsp;\u00bb, <em>\u00c9rudit<\/em>, volume 34-2, 2002<!-- HTML_TAG_END --><\/p>\n<p class=\"PopSlotParagraph qg-tx2 qg-xtra-lh svelte-1xznlfb\"><!-- HTML_TAG_START -->Sylvain Bourmeau et Jean-Philippe Heurtin, \u00ab&nbsp;La carri\u00e8re d\u00e9viante du professeur Becker. Entretien avec Howard Becker&nbsp;\u00bb, <em>Politix<\/em>, vol. 10, n\u00b0 37, 1997<!-- HTML_TAG_END --><\/p>\n<p class=\"PopSlotParagraph qg-tx2 qg-xtra-lh svelte-1xznlfb\"><!-- HTML_TAG_START -->Jean-Louis Fabiani, \u00ab&nbsp;Howard S. Becker. Le sociologue et ses carri\u00e8res&nbsp;\u00bb, <em>Politika<\/em>, 2020, en ligne<!-- HTML_TAG_END --><\/p>\n<p class=\"PopSlotParagraph qg-tx2 qg-xtra-lh svelte-1xznlfb\"><!-- HTML_TAG_START -->Camille Aza\u00efs, Talia Bachir-Loopuyt et Pierre Saint-Germier, \u00ab&nbsp;Du jazz aux mouvements sociaux&nbsp;: le r\u00e9pertoire en action. Entretien avec Howard Becker&nbsp;\u00bb, <em>Trac\u00e9s<\/em>, n\u00b0 18 2010, en ligne<!-- HTML_TAG_END --><\/p>\n<p class=\"PopSlotParagraph qg-tx2 qg-xtra-lh svelte-1xznlfb\"><!-- HTML_TAG_START -->Vid\u00e9o avec Howard Becker au piano \u00e0 l\u2019occasion d\u2019une <em>Jam session<\/em>&nbsp;dans le cadre d\u2019une convention de l\u2019association de la sociologie am\u00e9ricaine&nbsp;:<!-- HTML_TAG_END --><\/p>\n<p class=\"PopSlotParagraph qg-tx2 qg-xtra-lh svelte-1xznlfb\"><!-- HTML_TAG_START -->https:\/\/www.youtube.com\/watch?v=3bJBRYLhhEE&amp;t=24s<!-- HTML_TAG_END --><\/p>\n<p> Cet article, qui traite du th\u00e8me \u00ab\u00a0Festival Jazz et musique en mode guinguette\u00a0\u00bb, vous est d\u00e9lib\u00e9r\u00e9ment offert par festivox.fr. La raison d\u2019\u00eatre de festivox.fr est de parler de Festival Jazz et musique en mode guinguette dans la transparence la plus g\u00e9n\u00e9rale en vous procurant la visibilit\u00e9 de tout ce qui est publi\u00e9 sur ce sujet sur le web La chronique a \u00e9t\u00e9 g\u00e9n\u00e9r\u00e9e de la mani\u00e8re la plus honn\u00eate que possible. S\u2019il advenait que vous projetez d\u2019apporter quelques notes concernant le domaine de \u00ab\u00a0Festival Jazz et musique en mode guinguette\u00a0\u00bb vous avez la possibilit\u00e9 de d&rsquo;\u00e9changer avec notre r\u00e9daction. Dans peu de temps, on mettra en ligne d&rsquo;autres informations pertinentes autour du sujet \u00ab\u00a0Festival Jazz et musique en mode guinguette\u00a0\u00bb. Ainsi, consultez r\u00e9guli\u00e8rement notre site.<\/p>\n","protected":false},"excerpt":{"rendered":"<p>Deux livres d\u2019Howard Becker, Outsiders et Les mondes de l\u2019art, ont marqu\u00e9 la sociologie et la philosophie fran\u00e7aises, d\u2019autant plus que Becker est \u00e0 la fois francophone et francophile. Ces deux livres doivent beaucoup aux multiples carri\u00e8res de leur auteur&nbsp;: photographe, sociologue, pianiste de jazz \u00e0 temps partiel. C\u2019est faute de pouvoir vivre de son&hellip;<\/p>\n","protected":false},"author":1,"featured_media":362,"comment_status":"closed","ping_status":"closed","sticky":false,"template":"","format":"standard","meta":{"footnotes":""},"categories":[3],"tags":[],"class_list":["post-361","post","type-post","status-publish","format-standard","has-post-thumbnail","hentry","category-wiki-sur-festival-jazz-et-musique-en-mode-guinguette"],"yoast_head":"<!-- This site is optimized with the Yoast SEO plugin v27.5 - https:\/\/yoast.com\/product\/yoast-seo-wordpress\/ -->\n<title>Howard Becker, sociologue et pianiste de jazz - FESTIVOX<\/title>\n<meta name=\"robots\" content=\"index, follow, max-snippet:-1, max-image-preview:large, max-video-preview:-1\" \/>\n<link rel=\"canonical\" href=\"https:\/\/www.festivox.fr\/blog\/howard-becker-sociologue-et-pianiste-de-jazz\/\" \/>\n<meta property=\"og:locale\" content=\"fr_FR\" \/>\n<meta property=\"og:type\" content=\"article\" \/>\n<meta property=\"og:title\" content=\"Howard Becker, sociologue et pianiste de jazz - FESTIVOX\" \/>\n<meta property=\"og:description\" content=\"Deux livres d\u2019Howard Becker, Outsiders et Les mondes de l\u2019art, ont marqu\u00e9 la sociologie et la philosophie fran\u00e7aises, d\u2019autant plus que Becker est \u00e0 la fois francophone et francophile. Ces deux livres doivent beaucoup aux multiples carri\u00e8res de leur auteur&nbsp;: photographe, sociologue, pianiste de jazz \u00e0 temps partiel. C\u2019est faute de pouvoir vivre de son&hellip;\" \/>\n<meta property=\"og:url\" content=\"https:\/\/www.festivox.fr\/blog\/howard-becker-sociologue-et-pianiste-de-jazz\/\" \/>\n<meta property=\"og:site_name\" content=\"FESTIVOX\" \/>\n<meta property=\"article:published_time\" content=\"2023-08-21T06:54:00+00:00\" \/>\n<meta property=\"og:image\" content=\"https:\/\/www.festivox.fr\/blog\/wp-content\/uploads\/2023\/08\/howard-becker-sociologue-et-pianiste-de-jazz.jpg\" \/>\n<meta name=\"author\" content=\"Michele\" \/>\n<meta name=\"twitter:card\" content=\"summary_large_image\" \/>\n<meta name=\"twitter:label1\" content=\"\u00c9crit par\" \/>\n\t<meta name=\"twitter:data1\" content=\"Michele\" \/>\n\t<meta name=\"twitter:label2\" content=\"Dur\u00e9e de lecture estim\u00e9e\" \/>\n\t<meta name=\"twitter:data2\" content=\"3 minutes\" \/>\n<script type=\"application\/ld+json\" class=\"yoast-schema-graph\">{\"@context\":\"https:\\\/\\\/schema.org\",\"@graph\":[{\"@type\":\"Article\",\"@id\":\"https:\\\/\\\/www.festivox.fr\\\/blog\\\/howard-becker-sociologue-et-pianiste-de-jazz\\\/#article\",\"isPartOf\":{\"@id\":\"https:\\\/\\\/www.festivox.fr\\\/blog\\\/howard-becker-sociologue-et-pianiste-de-jazz\\\/\"},\"author\":{\"name\":\"Michele\",\"@id\":\"https:\\\/\\\/www.festivox.fr\\\/blog\\\/#\\\/schema\\\/person\\\/f36a8b6bc94800c3eafed4bca993ce95\"},\"headline\":\"Howard Becker, sociologue et pianiste de jazz\",\"datePublished\":\"2023-08-21T06:54:00+00:00\",\"mainEntityOfPage\":{\"@id\":\"https:\\\/\\\/www.festivox.fr\\\/blog\\\/howard-becker-sociologue-et-pianiste-de-jazz\\\/\"},\"wordCount\":534,\"publisher\":{\"@id\":\"https:\\\/\\\/www.festivox.fr\\\/blog\\\/#organization\"},\"image\":{\"@id\":\"https:\\\/\\\/www.festivox.fr\\\/blog\\\/howard-becker-sociologue-et-pianiste-de-jazz\\\/#primaryimage\"},\"thumbnailUrl\":\"https:\\\/\\\/www.festivox.fr\\\/blog\\\/wp-content\\\/uploads\\\/2023\\\/08\\\/howard-becker-sociologue-et-pianiste-de-jazz.jpg\",\"articleSection\":[\"Wiki Sur Festival Jazz Et Musique En Mode Guinguette:\"],\"inLanguage\":\"fr-FR\"},{\"@type\":\"WebPage\",\"@id\":\"https:\\\/\\\/www.festivox.fr\\\/blog\\\/howard-becker-sociologue-et-pianiste-de-jazz\\\/\",\"url\":\"https:\\\/\\\/www.festivox.fr\\\/blog\\\/howard-becker-sociologue-et-pianiste-de-jazz\\\/\",\"name\":\"Howard Becker, sociologue et pianiste de jazz - FESTIVOX\",\"isPartOf\":{\"@id\":\"https:\\\/\\\/www.festivox.fr\\\/blog\\\/#website\"},\"primaryImageOfPage\":{\"@id\":\"https:\\\/\\\/www.festivox.fr\\\/blog\\\/howard-becker-sociologue-et-pianiste-de-jazz\\\/#primaryimage\"},\"image\":{\"@id\":\"https:\\\/\\\/www.festivox.fr\\\/blog\\\/howard-becker-sociologue-et-pianiste-de-jazz\\\/#primaryimage\"},\"thumbnailUrl\":\"https:\\\/\\\/www.festivox.fr\\\/blog\\\/wp-content\\\/uploads\\\/2023\\\/08\\\/howard-becker-sociologue-et-pianiste-de-jazz.jpg\",\"datePublished\":\"2023-08-21T06:54:00+00:00\",\"breadcrumb\":{\"@id\":\"https:\\\/\\\/www.festivox.fr\\\/blog\\\/howard-becker-sociologue-et-pianiste-de-jazz\\\/#breadcrumb\"},\"inLanguage\":\"fr-FR\",\"potentialAction\":[{\"@type\":\"ReadAction\",\"target\":[\"https:\\\/\\\/www.festivox.fr\\\/blog\\\/howard-becker-sociologue-et-pianiste-de-jazz\\\/\"]}]},{\"@type\":\"ImageObject\",\"inLanguage\":\"fr-FR\",\"@id\":\"https:\\\/\\\/www.festivox.fr\\\/blog\\\/howard-becker-sociologue-et-pianiste-de-jazz\\\/#primaryimage\",\"url\":\"https:\\\/\\\/www.festivox.fr\\\/blog\\\/wp-content\\\/uploads\\\/2023\\\/08\\\/howard-becker-sociologue-et-pianiste-de-jazz.jpg\",\"contentUrl\":\"https:\\\/\\\/www.festivox.fr\\\/blog\\\/wp-content\\\/uploads\\\/2023\\\/08\\\/howard-becker-sociologue-et-pianiste-de-jazz.jpg\",\"width\":1024,\"height\":580},{\"@type\":\"BreadcrumbList\",\"@id\":\"https:\\\/\\\/www.festivox.fr\\\/blog\\\/howard-becker-sociologue-et-pianiste-de-jazz\\\/#breadcrumb\",\"itemListElement\":[{\"@type\":\"ListItem\",\"position\":1,\"name\":\"Accueil\",\"item\":\"https:\\\/\\\/www.festivox.fr\\\/blog\\\/\"},{\"@type\":\"ListItem\",\"position\":2,\"name\":\"Howard Becker, sociologue et pianiste de jazz\"}]},{\"@type\":\"WebSite\",\"@id\":\"https:\\\/\\\/www.festivox.fr\\\/blog\\\/#website\",\"url\":\"https:\\\/\\\/www.festivox.fr\\\/blog\\\/\",\"name\":\"FESTIVOX\",\"description\":\"Festival en mode guinguette.\",\"publisher\":{\"@id\":\"https:\\\/\\\/www.festivox.fr\\\/blog\\\/#organization\"},\"potentialAction\":[{\"@type\":\"SearchAction\",\"target\":{\"@type\":\"EntryPoint\",\"urlTemplate\":\"https:\\\/\\\/www.festivox.fr\\\/blog\\\/?s={search_term_string}\"},\"query-input\":{\"@type\":\"PropertyValueSpecification\",\"valueRequired\":true,\"valueName\":\"search_term_string\"}}],\"inLanguage\":\"fr-FR\"},{\"@type\":\"Organization\",\"@id\":\"https:\\\/\\\/www.festivox.fr\\\/blog\\\/#organization\",\"name\":\"festivox\",\"url\":\"https:\\\/\\\/www.festivox.fr\\\/blog\\\/\",\"logo\":{\"@type\":\"ImageObject\",\"inLanguage\":\"fr-FR\",\"@id\":\"https:\\\/\\\/www.festivox.fr\\\/blog\\\/#\\\/schema\\\/logo\\\/image\\\/\",\"url\":\"https:\\\/\\\/www.festivox.fr\\\/blog\\\/wp-content\\\/uploads\\\/2023\\\/06\\\/logo-2.png\",\"contentUrl\":\"https:\\\/\\\/www.festivox.fr\\\/blog\\\/wp-content\\\/uploads\\\/2023\\\/06\\\/logo-2.png\",\"width\":480,\"height\":160,\"caption\":\"festivox\"},\"image\":{\"@id\":\"https:\\\/\\\/www.festivox.fr\\\/blog\\\/#\\\/schema\\\/logo\\\/image\\\/\"}},{\"@type\":\"Person\",\"@id\":\"https:\\\/\\\/www.festivox.fr\\\/blog\\\/#\\\/schema\\\/person\\\/f36a8b6bc94800c3eafed4bca993ce95\",\"name\":\"Michele\",\"image\":{\"@type\":\"ImageObject\",\"inLanguage\":\"fr-FR\",\"@id\":\"https:\\\/\\\/secure.gravatar.com\\\/avatar\\\/b062046536b5d47ec9075956ec349ef95ed06b0f910c578f74abb318668b702e?s=96&d=mm&r=g\",\"url\":\"https:\\\/\\\/secure.gravatar.com\\\/avatar\\\/b062046536b5d47ec9075956ec349ef95ed06b0f910c578f74abb318668b702e?s=96&d=mm&r=g\",\"contentUrl\":\"https:\\\/\\\/secure.gravatar.com\\\/avatar\\\/b062046536b5d47ec9075956ec349ef95ed06b0f910c578f74abb318668b702e?s=96&d=mm&r=g\",\"caption\":\"Michele\"},\"sameAs\":[\"https:\\\/\\\/www.festivox.fr\\\/blog\"],\"url\":\"https:\\\/\\\/www.festivox.fr\\\/blog\\\/author\\\/voxadmin\\\/\"}]}<\/script>\n<!-- \/ Yoast SEO plugin. -->","yoast_head_json":{"title":"Howard Becker, sociologue et pianiste de jazz - FESTIVOX","robots":{"index":"index","follow":"follow","max-snippet":"max-snippet:-1","max-image-preview":"max-image-preview:large","max-video-preview":"max-video-preview:-1"},"canonical":"https:\/\/www.festivox.fr\/blog\/howard-becker-sociologue-et-pianiste-de-jazz\/","og_locale":"fr_FR","og_type":"article","og_title":"Howard Becker, sociologue et pianiste de jazz - FESTIVOX","og_description":"Deux livres d\u2019Howard Becker, Outsiders et Les mondes de l\u2019art, ont marqu\u00e9 la sociologie et la philosophie fran\u00e7aises, d\u2019autant plus que Becker est \u00e0 la fois francophone et francophile. Ces deux livres doivent beaucoup aux multiples carri\u00e8res de leur auteur&nbsp;: photographe, sociologue, pianiste de jazz \u00e0 temps partiel. C\u2019est faute de pouvoir vivre de son&hellip;","og_url":"https:\/\/www.festivox.fr\/blog\/howard-becker-sociologue-et-pianiste-de-jazz\/","og_site_name":"FESTIVOX","article_published_time":"2023-08-21T06:54:00+00:00","og_image":[{"url":"https:\/\/www.festivox.fr\/blog\/wp-content\/uploads\/2023\/08\/howard-becker-sociologue-et-pianiste-de-jazz.jpg","type":"","width":"","height":""}],"author":"Michele","twitter_card":"summary_large_image","twitter_misc":{"\u00c9crit par":"Michele","Dur\u00e9e de lecture estim\u00e9e":"3 minutes"},"schema":{"@context":"https:\/\/schema.org","@graph":[{"@type":"Article","@id":"https:\/\/www.festivox.fr\/blog\/howard-becker-sociologue-et-pianiste-de-jazz\/#article","isPartOf":{"@id":"https:\/\/www.festivox.fr\/blog\/howard-becker-sociologue-et-pianiste-de-jazz\/"},"author":{"name":"Michele","@id":"https:\/\/www.festivox.fr\/blog\/#\/schema\/person\/f36a8b6bc94800c3eafed4bca993ce95"},"headline":"Howard Becker, sociologue et pianiste de jazz","datePublished":"2023-08-21T06:54:00+00:00","mainEntityOfPage":{"@id":"https:\/\/www.festivox.fr\/blog\/howard-becker-sociologue-et-pianiste-de-jazz\/"},"wordCount":534,"publisher":{"@id":"https:\/\/www.festivox.fr\/blog\/#organization"},"image":{"@id":"https:\/\/www.festivox.fr\/blog\/howard-becker-sociologue-et-pianiste-de-jazz\/#primaryimage"},"thumbnailUrl":"https:\/\/www.festivox.fr\/blog\/wp-content\/uploads\/2023\/08\/howard-becker-sociologue-et-pianiste-de-jazz.jpg","articleSection":["Wiki Sur Festival Jazz Et Musique En Mode Guinguette:"],"inLanguage":"fr-FR"},{"@type":"WebPage","@id":"https:\/\/www.festivox.fr\/blog\/howard-becker-sociologue-et-pianiste-de-jazz\/","url":"https:\/\/www.festivox.fr\/blog\/howard-becker-sociologue-et-pianiste-de-jazz\/","name":"Howard Becker, sociologue et pianiste de jazz - FESTIVOX","isPartOf":{"@id":"https:\/\/www.festivox.fr\/blog\/#website"},"primaryImageOfPage":{"@id":"https:\/\/www.festivox.fr\/blog\/howard-becker-sociologue-et-pianiste-de-jazz\/#primaryimage"},"image":{"@id":"https:\/\/www.festivox.fr\/blog\/howard-becker-sociologue-et-pianiste-de-jazz\/#primaryimage"},"thumbnailUrl":"https:\/\/www.festivox.fr\/blog\/wp-content\/uploads\/2023\/08\/howard-becker-sociologue-et-pianiste-de-jazz.jpg","datePublished":"2023-08-21T06:54:00+00:00","breadcrumb":{"@id":"https:\/\/www.festivox.fr\/blog\/howard-becker-sociologue-et-pianiste-de-jazz\/#breadcrumb"},"inLanguage":"fr-FR","potentialAction":[{"@type":"ReadAction","target":["https:\/\/www.festivox.fr\/blog\/howard-becker-sociologue-et-pianiste-de-jazz\/"]}]},{"@type":"ImageObject","inLanguage":"fr-FR","@id":"https:\/\/www.festivox.fr\/blog\/howard-becker-sociologue-et-pianiste-de-jazz\/#primaryimage","url":"https:\/\/www.festivox.fr\/blog\/wp-content\/uploads\/2023\/08\/howard-becker-sociologue-et-pianiste-de-jazz.jpg","contentUrl":"https:\/\/www.festivox.fr\/blog\/wp-content\/uploads\/2023\/08\/howard-becker-sociologue-et-pianiste-de-jazz.jpg","width":1024,"height":580},{"@type":"BreadcrumbList","@id":"https:\/\/www.festivox.fr\/blog\/howard-becker-sociologue-et-pianiste-de-jazz\/#breadcrumb","itemListElement":[{"@type":"ListItem","position":1,"name":"Accueil","item":"https:\/\/www.festivox.fr\/blog\/"},{"@type":"ListItem","position":2,"name":"Howard Becker, sociologue et pianiste de jazz"}]},{"@type":"WebSite","@id":"https:\/\/www.festivox.fr\/blog\/#website","url":"https:\/\/www.festivox.fr\/blog\/","name":"FESTIVOX","description":"Festival en mode guinguette.","publisher":{"@id":"https:\/\/www.festivox.fr\/blog\/#organization"},"potentialAction":[{"@type":"SearchAction","target":{"@type":"EntryPoint","urlTemplate":"https:\/\/www.festivox.fr\/blog\/?s={search_term_string}"},"query-input":{"@type":"PropertyValueSpecification","valueRequired":true,"valueName":"search_term_string"}}],"inLanguage":"fr-FR"},{"@type":"Organization","@id":"https:\/\/www.festivox.fr\/blog\/#organization","name":"festivox","url":"https:\/\/www.festivox.fr\/blog\/","logo":{"@type":"ImageObject","inLanguage":"fr-FR","@id":"https:\/\/www.festivox.fr\/blog\/#\/schema\/logo\/image\/","url":"https:\/\/www.festivox.fr\/blog\/wp-content\/uploads\/2023\/06\/logo-2.png","contentUrl":"https:\/\/www.festivox.fr\/blog\/wp-content\/uploads\/2023\/06\/logo-2.png","width":480,"height":160,"caption":"festivox"},"image":{"@id":"https:\/\/www.festivox.fr\/blog\/#\/schema\/logo\/image\/"}},{"@type":"Person","@id":"https:\/\/www.festivox.fr\/blog\/#\/schema\/person\/f36a8b6bc94800c3eafed4bca993ce95","name":"Michele","image":{"@type":"ImageObject","inLanguage":"fr-FR","@id":"https:\/\/secure.gravatar.com\/avatar\/b062046536b5d47ec9075956ec349ef95ed06b0f910c578f74abb318668b702e?s=96&d=mm&r=g","url":"https:\/\/secure.gravatar.com\/avatar\/b062046536b5d47ec9075956ec349ef95ed06b0f910c578f74abb318668b702e?s=96&d=mm&r=g","contentUrl":"https:\/\/secure.gravatar.com\/avatar\/b062046536b5d47ec9075956ec349ef95ed06b0f910c578f74abb318668b702e?s=96&d=mm&r=g","caption":"Michele"},"sameAs":["https:\/\/www.festivox.fr\/blog"],"url":"https:\/\/www.festivox.fr\/blog\/author\/voxadmin\/"}]}},"_links":{"self":[{"href":"https:\/\/www.festivox.fr\/blog\/wp-json\/wp\/v2\/posts\/361","targetHints":{"allow":["GET"]}}],"collection":[{"href":"https:\/\/www.festivox.fr\/blog\/wp-json\/wp\/v2\/posts"}],"about":[{"href":"https:\/\/www.festivox.fr\/blog\/wp-json\/wp\/v2\/types\/post"}],"author":[{"embeddable":true,"href":"https:\/\/www.festivox.fr\/blog\/wp-json\/wp\/v2\/users\/1"}],"replies":[{"embeddable":true,"href":"https:\/\/www.festivox.fr\/blog\/wp-json\/wp\/v2\/comments?post=361"}],"version-history":[{"count":0,"href":"https:\/\/www.festivox.fr\/blog\/wp-json\/wp\/v2\/posts\/361\/revisions"}],"wp:featuredmedia":[{"embeddable":true,"href":"https:\/\/www.festivox.fr\/blog\/wp-json\/wp\/v2\/media\/362"}],"wp:attachment":[{"href":"https:\/\/www.festivox.fr\/blog\/wp-json\/wp\/v2\/media?parent=361"}],"wp:term":[{"taxonomy":"category","embeddable":true,"href":"https:\/\/www.festivox.fr\/blog\/wp-json\/wp\/v2\/categories?post=361"},{"taxonomy":"post_tag","embeddable":true,"href":"https:\/\/www.festivox.fr\/blog\/wp-json\/wp\/v2\/tags?post=361"}],"curies":[{"name":"wp","href":"https:\/\/api.w.org\/{rel}","templated":true}]}}