{"id":355,"date":"2023-08-17T14:38:00","date_gmt":"2023-08-17T12:38:00","guid":{"rendered":"https:\/\/www.festivox.fr\/blog\/ile-de-re-saint-martin-de-re-va-bouger-au-rythme-du-jazz\/"},"modified":"2023-08-17T14:38:00","modified_gmt":"2023-08-17T12:38:00","slug":"ile-de-re-saint-martin-de-re-va-bouger-au-rythme-du-jazz","status":"publish","type":"post","link":"https:\/\/www.festivox.fr\/blog\/ile-de-re-saint-martin-de-re-va-bouger-au-rythme-du-jazz\/","title":{"rendered":"\u00cele de R\u00e9 : Saint-Martin-de-R\u00e9 va bouger au rythme du jazz"},"content":{"rendered":"\n<div><img decoding=\"async\" src=\"https:\/\/www.festivox.fr\/blog\/wp-content\/uploads\/2023\/08\/ile-de-re-saint-martin-de-re-va-bouger-au-rythme-du-jazz.jpg\" class=\"ff-og-image-inserted\"><\/div>\n<div>\n<p><span class=\"lettrine-true\">A<\/span>pr\u00e8s un long parcours dans le monde associatif, notamment en tant qu\u2019entra\u00eeneur de l\u2019\u00e9quipe de football de Saint-Martin-de-R\u00e9, Daniel Lagarde a lanc\u00e9 le festival Jazz en R\u00e9 pour la premi\u00e8re fois en 1998. Il ne se d\u00e9finit pas lui-m\u00eame comme musicien. \u00ab&nbsp;J\u2019ai fait seulement un tout petit peu de batterie&#8230;<\/p>\n<\/div>\n<div>\n<p><span class=\"lettrine-true\">A<\/span>pr\u00e8s un long parcours dans le monde associatif, notamment en tant qu\u2019entra\u00eeneur de l\u2019\u00e9quipe de football de Saint-Martin-de-R\u00e9, Daniel Lagarde a lanc\u00e9 le festival Jazz en R\u00e9 pour la premi\u00e8re fois en 1998. Il ne se d\u00e9finit pas lui-m\u00eame comme musicien. \u00ab&nbsp;J\u2019ai fait seulement un tout petit peu de batterie mais quasiment rien, j\u2019aime tout simplement en \u00e9couter&nbsp;\u00bb, confie le septuag\u00e9naire.<\/p>\n<p>Avec l\u2019aide de six autres b\u00e9n\u00e9voles, la majorit\u00e9 retrait\u00e9s et passionn\u00e9s de jazz, ils mettent en place le festival d\u00e8s l\u2019ann\u00e9e pr\u00e9c\u00e9dente. \u00ab&nbsp;D\u00e8s septembre, je re\u00e7ois plus d\u2019une centaine des disques et des vid\u00e9os des potentiels artistes que je vais inviter. \u00c0 la fin, je dois en choisir six donc c\u2019est un gros travail mais c\u2019est passionnant.&nbsp;\u00bb Tous les artistes invit\u00e9s sont des professionnels, francophones ou non. \u00ab&nbsp;Cette ann\u00e9e on a Kicca qui est une chanteuse italienne par exemple et sinon plusieurs groupes seront pr\u00e9sents comme Bloom et Paris Paname.&nbsp;\u00bb Tous les ans la programmation est diff\u00e9rente, permettant aux spectateurs de d\u00e9couvrir de nouveaux artistes.<\/p>\n<h2 class=\"article-subtitle\">Un festival familial<\/h2>\n<p>La sc\u00e8ne qui se tiendra sur le parking de la Courtine, sur le port de Saint-Martin-de-R\u00e9, sera visible de tous les visiteurs pour amener le plus de personnes au jazz, le souhait de Daniel Lagarde. \u00ab&nbsp;Ce qui me fait plaisir, c\u2019est quand je fais d\u00e9couvrir \u00e0 des gens assez jeunes le jazz alors qu\u2019ils ne connaissaient pas. Le public se rajeunit d\u2019ann\u00e9e en ann\u00e9e, alors qu\u2019au d\u00e9but du festival il y avait une majorit\u00e9 de personnes de mon \u00e2ge&nbsp;\u00bb, sourit-il.<\/p>\n<p>Tous les types de jazz pourront \u00eatre \u00e9cout\u00e9s durant les trois soirs sur le port, parents et enfants pourront y trouver leur compte. \u00ab&nbsp;Il y a du jazz manouche, du jazz de la Nouvelle-Orl\u00e9ans, du jazz \u00e9lectro et un peu de blues parce que j\u2019aime vraiment bien \u00e7a&nbsp;\u00bb, explique Daniel Lagarde.<\/p>\n<p>Certains vacanciers sont des fid\u00e8les du festival et sont pr\u00e9sents quasiment tous les ans. \u00ab&nbsp;J\u2019en connais qui r\u00e9servent leurs vacances sur l\u2019\u00eele de R\u00e9 \u00e0 chaque fois \u00e0 cette p\u00e9riode, fin ao\u00fbt, pour pouvoir \u00eatre pr\u00e9sents au festival. Quelques fois, des spectateurs s\u2019installent m\u00eame sur leur bateau et profitent de la soir\u00e9e.&nbsp;\u00bb<\/p>\n<h2 class=\"article-subtitle\">Concerts gratuits<\/h2>\n<p>Les diff\u00e9rents concerts sont tous gratuits, une volont\u00e9 de l\u2019association et de son pr\u00e9sident. \u00ab&nbsp;L\u2019\u00eele de R\u00e9 est d\u00e9j\u00e0 assez ch\u00e8re, j\u2019ai voulu que les gens puissent venir sans payer. Je pourrais demander une contribution mais \u00e7a ne m\u2019int\u00e9resse pas. Au d\u00e9part, on me disait que \u00e7a ne marcherait pas et maintenant il y a quasiment un festival par village de l\u2019\u00eele&nbsp;\u00bb, rigole Daniel Lagarde.<\/p>\n<p>Pour permettre cette gratuit\u00e9, le festival est financ\u00e9 en grande partie par les pouvoirs publics. \u00ab&nbsp;On a toujours \u00e9t\u00e9 suivi par la commune de Saint-Martin-de-R\u00e9 depuis le d\u00e9but de l\u2019aventure. Ensuite, on a la communaut\u00e9 de communes et le D\u00e9partement qui nous aide aussi. Le reste, c\u2019est moi qui vais le chercher chez des sponsors.&nbsp;\u00bb<\/p>\n<p><em>Les concerts d\u00e9buteront \u00e0 21&nbsp;h&nbsp;15 et 22&nbsp;h&nbsp;15 pendant les trois soirs et dureront entre 1 heure et 1&nbsp;h&nbsp;15 chacun. Renseignements et programmation sur <a href=\"https:\/\/www.jazzenre.fr\/\" target=\"_blank\" rel=\"nofollow noopener\">www.jazzenre.fr<\/a><\/em><\/p>\n<\/div>\n<p> Cet article, qui traite du th\u00e8me \u00ab\u00a0Festival Jazz et musique en mode guinguette\u00a0\u00bb, vous est d\u00e9lib\u00e9r\u00e9ment offert par festivox.fr. La raison d\u2019\u00eatre de festivox.fr est de parler de Festival Jazz et musique en mode guinguette dans la transparence la plus g\u00e9n\u00e9rale en vous procurant la visibilit\u00e9 de tout ce qui est publi\u00e9 sur ce sujet sur le web La chronique a \u00e9t\u00e9 g\u00e9n\u00e9r\u00e9e de la mani\u00e8re la plus honn\u00eate que possible. S\u2019il advenait que vous projetez d\u2019apporter quelques notes concernant le domaine de \u00ab\u00a0Festival Jazz et musique en mode guinguette\u00a0\u00bb vous avez la possibilit\u00e9 de d&rsquo;\u00e9changer avec notre r\u00e9daction. Dans peu de temps, on mettra en ligne d&rsquo;autres informations pertinentes autour du sujet \u00ab\u00a0Festival Jazz et musique en mode guinguette\u00a0\u00bb. Ainsi, consultez r\u00e9guli\u00e8rement notre site.<\/p>\n","protected":false},"excerpt":{"rendered":"<p>Apr\u00e8s un long parcours dans le monde associatif, notamment en tant qu\u2019entra\u00eeneur de l\u2019\u00e9quipe de football de Saint-Martin-de-R\u00e9, Daniel Lagarde a lanc\u00e9 le festival Jazz en R\u00e9 pour la premi\u00e8re fois en 1998. Il ne se d\u00e9finit pas lui-m\u00eame comme musicien. \u00ab&nbsp;J\u2019ai fait seulement un tout petit peu de batterie&#8230; Apr\u00e8s un long parcours dans&hellip;<\/p>\n","protected":false},"author":1,"featured_media":356,"comment_status":"closed","ping_status":"closed","sticky":false,"template":"","format":"standard","meta":{"footnotes":""},"categories":[3],"tags":[],"class_list":["post-355","post","type-post","status-publish","format-standard","has-post-thumbnail","hentry","category-wiki-sur-festival-jazz-et-musique-en-mode-guinguette"],"yoast_head":"<!-- This site is optimized with the Yoast SEO plugin v27.5 - https:\/\/yoast.com\/product\/yoast-seo-wordpress\/ -->\n<title>\u00cele de R\u00e9 : Saint-Martin-de-R\u00e9 va bouger au rythme du jazz - FESTIVOX<\/title>\n<meta name=\"robots\" content=\"index, follow, max-snippet:-1, max-image-preview:large, max-video-preview:-1\" \/>\n<link rel=\"canonical\" href=\"https:\/\/www.festivox.fr\/blog\/ile-de-re-saint-martin-de-re-va-bouger-au-rythme-du-jazz\/\" \/>\n<meta property=\"og:locale\" content=\"fr_FR\" \/>\n<meta property=\"og:type\" content=\"article\" \/>\n<meta property=\"og:title\" content=\"\u00cele de R\u00e9 : Saint-Martin-de-R\u00e9 va bouger au rythme du jazz - FESTIVOX\" \/>\n<meta property=\"og:description\" content=\"Apr\u00e8s un long parcours dans le monde associatif, notamment en tant qu\u2019entra\u00eeneur de l\u2019\u00e9quipe de football de Saint-Martin-de-R\u00e9, Daniel Lagarde a lanc\u00e9 le festival Jazz en R\u00e9 pour la premi\u00e8re fois en 1998. Il ne se d\u00e9finit pas lui-m\u00eame comme musicien. \u00ab&nbsp;J\u2019ai fait seulement un tout petit peu de batterie&#8230; Apr\u00e8s un long parcours dans&hellip;\" \/>\n<meta property=\"og:url\" content=\"https:\/\/www.festivox.fr\/blog\/ile-de-re-saint-martin-de-re-va-bouger-au-rythme-du-jazz\/\" \/>\n<meta property=\"og:site_name\" content=\"FESTIVOX\" \/>\n<meta property=\"article:published_time\" content=\"2023-08-17T12:38:00+00:00\" \/>\n<meta property=\"og:image\" content=\"https:\/\/www.festivox.fr\/blog\/wp-content\/uploads\/2023\/08\/ile-de-re-saint-martin-de-re-va-bouger-au-rythme-du-jazz.jpg\" \/>\n<meta name=\"author\" content=\"Michele\" \/>\n<meta name=\"twitter:card\" content=\"summary_large_image\" \/>\n<meta name=\"twitter:label1\" content=\"\u00c9crit par\" \/>\n\t<meta name=\"twitter:data1\" content=\"Michele\" \/>\n\t<meta name=\"twitter:label2\" content=\"Dur\u00e9e de lecture estim\u00e9e\" \/>\n\t<meta name=\"twitter:data2\" content=\"4 minutes\" \/>\n<script type=\"application\/ld+json\" class=\"yoast-schema-graph\">{\"@context\":\"https:\\\/\\\/schema.org\",\"@graph\":[{\"@type\":\"Article\",\"@id\":\"https:\\\/\\\/www.festivox.fr\\\/blog\\\/ile-de-re-saint-martin-de-re-va-bouger-au-rythme-du-jazz\\\/#article\",\"isPartOf\":{\"@id\":\"https:\\\/\\\/www.festivox.fr\\\/blog\\\/ile-de-re-saint-martin-de-re-va-bouger-au-rythme-du-jazz\\\/\"},\"author\":{\"name\":\"Michele\",\"@id\":\"https:\\\/\\\/www.festivox.fr\\\/blog\\\/#\\\/schema\\\/person\\\/f36a8b6bc94800c3eafed4bca993ce95\"},\"headline\":\"\u00cele de R\u00e9 : Saint-Martin-de-R\u00e9 va bouger au rythme du jazz\",\"datePublished\":\"2023-08-17T12:38:00+00:00\",\"mainEntityOfPage\":{\"@id\":\"https:\\\/\\\/www.festivox.fr\\\/blog\\\/ile-de-re-saint-martin-de-re-va-bouger-au-rythme-du-jazz\\\/\"},\"wordCount\":798,\"publisher\":{\"@id\":\"https:\\\/\\\/www.festivox.fr\\\/blog\\\/#organization\"},\"image\":{\"@id\":\"https:\\\/\\\/www.festivox.fr\\\/blog\\\/ile-de-re-saint-martin-de-re-va-bouger-au-rythme-du-jazz\\\/#primaryimage\"},\"thumbnailUrl\":\"https:\\\/\\\/www.festivox.fr\\\/blog\\\/wp-content\\\/uploads\\\/2023\\\/08\\\/ile-de-re-saint-martin-de-re-va-bouger-au-rythme-du-jazz.jpg\",\"articleSection\":[\"Wiki Sur Festival Jazz Et Musique En Mode Guinguette:\"],\"inLanguage\":\"fr-FR\"},{\"@type\":\"WebPage\",\"@id\":\"https:\\\/\\\/www.festivox.fr\\\/blog\\\/ile-de-re-saint-martin-de-re-va-bouger-au-rythme-du-jazz\\\/\",\"url\":\"https:\\\/\\\/www.festivox.fr\\\/blog\\\/ile-de-re-saint-martin-de-re-va-bouger-au-rythme-du-jazz\\\/\",\"name\":\"\u00cele de R\u00e9 : Saint-Martin-de-R\u00e9 va bouger au rythme du jazz - FESTIVOX\",\"isPartOf\":{\"@id\":\"https:\\\/\\\/www.festivox.fr\\\/blog\\\/#website\"},\"primaryImageOfPage\":{\"@id\":\"https:\\\/\\\/www.festivox.fr\\\/blog\\\/ile-de-re-saint-martin-de-re-va-bouger-au-rythme-du-jazz\\\/#primaryimage\"},\"image\":{\"@id\":\"https:\\\/\\\/www.festivox.fr\\\/blog\\\/ile-de-re-saint-martin-de-re-va-bouger-au-rythme-du-jazz\\\/#primaryimage\"},\"thumbnailUrl\":\"https:\\\/\\\/www.festivox.fr\\\/blog\\\/wp-content\\\/uploads\\\/2023\\\/08\\\/ile-de-re-saint-martin-de-re-va-bouger-au-rythme-du-jazz.jpg\",\"datePublished\":\"2023-08-17T12:38:00+00:00\",\"breadcrumb\":{\"@id\":\"https:\\\/\\\/www.festivox.fr\\\/blog\\\/ile-de-re-saint-martin-de-re-va-bouger-au-rythme-du-jazz\\\/#breadcrumb\"},\"inLanguage\":\"fr-FR\",\"potentialAction\":[{\"@type\":\"ReadAction\",\"target\":[\"https:\\\/\\\/www.festivox.fr\\\/blog\\\/ile-de-re-saint-martin-de-re-va-bouger-au-rythme-du-jazz\\\/\"]}]},{\"@type\":\"ImageObject\",\"inLanguage\":\"fr-FR\",\"@id\":\"https:\\\/\\\/www.festivox.fr\\\/blog\\\/ile-de-re-saint-martin-de-re-va-bouger-au-rythme-du-jazz\\\/#primaryimage\",\"url\":\"https:\\\/\\\/www.festivox.fr\\\/blog\\\/wp-content\\\/uploads\\\/2023\\\/08\\\/ile-de-re-saint-martin-de-re-va-bouger-au-rythme-du-jazz.jpg\",\"contentUrl\":\"https:\\\/\\\/www.festivox.fr\\\/blog\\\/wp-content\\\/uploads\\\/2023\\\/08\\\/ile-de-re-saint-martin-de-re-va-bouger-au-rythme-du-jazz.jpg\",\"width\":1200,\"height\":800},{\"@type\":\"BreadcrumbList\",\"@id\":\"https:\\\/\\\/www.festivox.fr\\\/blog\\\/ile-de-re-saint-martin-de-re-va-bouger-au-rythme-du-jazz\\\/#breadcrumb\",\"itemListElement\":[{\"@type\":\"ListItem\",\"position\":1,\"name\":\"Accueil\",\"item\":\"https:\\\/\\\/www.festivox.fr\\\/blog\\\/\"},{\"@type\":\"ListItem\",\"position\":2,\"name\":\"\u00cele de R\u00e9 : Saint-Martin-de-R\u00e9 va bouger au rythme du jazz\"}]},{\"@type\":\"WebSite\",\"@id\":\"https:\\\/\\\/www.festivox.fr\\\/blog\\\/#website\",\"url\":\"https:\\\/\\\/www.festivox.fr\\\/blog\\\/\",\"name\":\"FESTIVOX\",\"description\":\"Festival en mode guinguette.\",\"publisher\":{\"@id\":\"https:\\\/\\\/www.festivox.fr\\\/blog\\\/#organization\"},\"potentialAction\":[{\"@type\":\"SearchAction\",\"target\":{\"@type\":\"EntryPoint\",\"urlTemplate\":\"https:\\\/\\\/www.festivox.fr\\\/blog\\\/?s={search_term_string}\"},\"query-input\":{\"@type\":\"PropertyValueSpecification\",\"valueRequired\":true,\"valueName\":\"search_term_string\"}}],\"inLanguage\":\"fr-FR\"},{\"@type\":\"Organization\",\"@id\":\"https:\\\/\\\/www.festivox.fr\\\/blog\\\/#organization\",\"name\":\"festivox\",\"url\":\"https:\\\/\\\/www.festivox.fr\\\/blog\\\/\",\"logo\":{\"@type\":\"ImageObject\",\"inLanguage\":\"fr-FR\",\"@id\":\"https:\\\/\\\/www.festivox.fr\\\/blog\\\/#\\\/schema\\\/logo\\\/image\\\/\",\"url\":\"https:\\\/\\\/www.festivox.fr\\\/blog\\\/wp-content\\\/uploads\\\/2023\\\/06\\\/logo-2.png\",\"contentUrl\":\"https:\\\/\\\/www.festivox.fr\\\/blog\\\/wp-content\\\/uploads\\\/2023\\\/06\\\/logo-2.png\",\"width\":480,\"height\":160,\"caption\":\"festivox\"},\"image\":{\"@id\":\"https:\\\/\\\/www.festivox.fr\\\/blog\\\/#\\\/schema\\\/logo\\\/image\\\/\"}},{\"@type\":\"Person\",\"@id\":\"https:\\\/\\\/www.festivox.fr\\\/blog\\\/#\\\/schema\\\/person\\\/f36a8b6bc94800c3eafed4bca993ce95\",\"name\":\"Michele\",\"image\":{\"@type\":\"ImageObject\",\"inLanguage\":\"fr-FR\",\"@id\":\"https:\\\/\\\/secure.gravatar.com\\\/avatar\\\/b062046536b5d47ec9075956ec349ef95ed06b0f910c578f74abb318668b702e?s=96&d=mm&r=g\",\"url\":\"https:\\\/\\\/secure.gravatar.com\\\/avatar\\\/b062046536b5d47ec9075956ec349ef95ed06b0f910c578f74abb318668b702e?s=96&d=mm&r=g\",\"contentUrl\":\"https:\\\/\\\/secure.gravatar.com\\\/avatar\\\/b062046536b5d47ec9075956ec349ef95ed06b0f910c578f74abb318668b702e?s=96&d=mm&r=g\",\"caption\":\"Michele\"},\"sameAs\":[\"https:\\\/\\\/www.festivox.fr\\\/blog\"],\"url\":\"https:\\\/\\\/www.festivox.fr\\\/blog\\\/author\\\/voxadmin\\\/\"}]}<\/script>\n<!-- \/ Yoast SEO plugin. -->","yoast_head_json":{"title":"\u00cele de R\u00e9 : Saint-Martin-de-R\u00e9 va bouger au rythme du jazz - FESTIVOX","robots":{"index":"index","follow":"follow","max-snippet":"max-snippet:-1","max-image-preview":"max-image-preview:large","max-video-preview":"max-video-preview:-1"},"canonical":"https:\/\/www.festivox.fr\/blog\/ile-de-re-saint-martin-de-re-va-bouger-au-rythme-du-jazz\/","og_locale":"fr_FR","og_type":"article","og_title":"\u00cele de R\u00e9 : Saint-Martin-de-R\u00e9 va bouger au rythme du jazz - FESTIVOX","og_description":"Apr\u00e8s un long parcours dans le monde associatif, notamment en tant qu\u2019entra\u00eeneur de l\u2019\u00e9quipe de football de Saint-Martin-de-R\u00e9, Daniel Lagarde a lanc\u00e9 le festival Jazz en R\u00e9 pour la premi\u00e8re fois en 1998. Il ne se d\u00e9finit pas lui-m\u00eame comme musicien. \u00ab&nbsp;J\u2019ai fait seulement un tout petit peu de batterie&#8230; Apr\u00e8s un long parcours dans&hellip;","og_url":"https:\/\/www.festivox.fr\/blog\/ile-de-re-saint-martin-de-re-va-bouger-au-rythme-du-jazz\/","og_site_name":"FESTIVOX","article_published_time":"2023-08-17T12:38:00+00:00","og_image":[{"url":"https:\/\/www.festivox.fr\/blog\/wp-content\/uploads\/2023\/08\/ile-de-re-saint-martin-de-re-va-bouger-au-rythme-du-jazz.jpg","type":"","width":"","height":""}],"author":"Michele","twitter_card":"summary_large_image","twitter_misc":{"\u00c9crit par":"Michele","Dur\u00e9e de lecture estim\u00e9e":"4 minutes"},"schema":{"@context":"https:\/\/schema.org","@graph":[{"@type":"Article","@id":"https:\/\/www.festivox.fr\/blog\/ile-de-re-saint-martin-de-re-va-bouger-au-rythme-du-jazz\/#article","isPartOf":{"@id":"https:\/\/www.festivox.fr\/blog\/ile-de-re-saint-martin-de-re-va-bouger-au-rythme-du-jazz\/"},"author":{"name":"Michele","@id":"https:\/\/www.festivox.fr\/blog\/#\/schema\/person\/f36a8b6bc94800c3eafed4bca993ce95"},"headline":"\u00cele de R\u00e9 : Saint-Martin-de-R\u00e9 va bouger au rythme du jazz","datePublished":"2023-08-17T12:38:00+00:00","mainEntityOfPage":{"@id":"https:\/\/www.festivox.fr\/blog\/ile-de-re-saint-martin-de-re-va-bouger-au-rythme-du-jazz\/"},"wordCount":798,"publisher":{"@id":"https:\/\/www.festivox.fr\/blog\/#organization"},"image":{"@id":"https:\/\/www.festivox.fr\/blog\/ile-de-re-saint-martin-de-re-va-bouger-au-rythme-du-jazz\/#primaryimage"},"thumbnailUrl":"https:\/\/www.festivox.fr\/blog\/wp-content\/uploads\/2023\/08\/ile-de-re-saint-martin-de-re-va-bouger-au-rythme-du-jazz.jpg","articleSection":["Wiki Sur Festival Jazz Et Musique En Mode Guinguette:"],"inLanguage":"fr-FR"},{"@type":"WebPage","@id":"https:\/\/www.festivox.fr\/blog\/ile-de-re-saint-martin-de-re-va-bouger-au-rythme-du-jazz\/","url":"https:\/\/www.festivox.fr\/blog\/ile-de-re-saint-martin-de-re-va-bouger-au-rythme-du-jazz\/","name":"\u00cele de R\u00e9 : Saint-Martin-de-R\u00e9 va bouger au rythme du jazz - FESTIVOX","isPartOf":{"@id":"https:\/\/www.festivox.fr\/blog\/#website"},"primaryImageOfPage":{"@id":"https:\/\/www.festivox.fr\/blog\/ile-de-re-saint-martin-de-re-va-bouger-au-rythme-du-jazz\/#primaryimage"},"image":{"@id":"https:\/\/www.festivox.fr\/blog\/ile-de-re-saint-martin-de-re-va-bouger-au-rythme-du-jazz\/#primaryimage"},"thumbnailUrl":"https:\/\/www.festivox.fr\/blog\/wp-content\/uploads\/2023\/08\/ile-de-re-saint-martin-de-re-va-bouger-au-rythme-du-jazz.jpg","datePublished":"2023-08-17T12:38:00+00:00","breadcrumb":{"@id":"https:\/\/www.festivox.fr\/blog\/ile-de-re-saint-martin-de-re-va-bouger-au-rythme-du-jazz\/#breadcrumb"},"inLanguage":"fr-FR","potentialAction":[{"@type":"ReadAction","target":["https:\/\/www.festivox.fr\/blog\/ile-de-re-saint-martin-de-re-va-bouger-au-rythme-du-jazz\/"]}]},{"@type":"ImageObject","inLanguage":"fr-FR","@id":"https:\/\/www.festivox.fr\/blog\/ile-de-re-saint-martin-de-re-va-bouger-au-rythme-du-jazz\/#primaryimage","url":"https:\/\/www.festivox.fr\/blog\/wp-content\/uploads\/2023\/08\/ile-de-re-saint-martin-de-re-va-bouger-au-rythme-du-jazz.jpg","contentUrl":"https:\/\/www.festivox.fr\/blog\/wp-content\/uploads\/2023\/08\/ile-de-re-saint-martin-de-re-va-bouger-au-rythme-du-jazz.jpg","width":1200,"height":800},{"@type":"BreadcrumbList","@id":"https:\/\/www.festivox.fr\/blog\/ile-de-re-saint-martin-de-re-va-bouger-au-rythme-du-jazz\/#breadcrumb","itemListElement":[{"@type":"ListItem","position":1,"name":"Accueil","item":"https:\/\/www.festivox.fr\/blog\/"},{"@type":"ListItem","position":2,"name":"\u00cele de R\u00e9 : Saint-Martin-de-R\u00e9 va bouger au rythme du jazz"}]},{"@type":"WebSite","@id":"https:\/\/www.festivox.fr\/blog\/#website","url":"https:\/\/www.festivox.fr\/blog\/","name":"FESTIVOX","description":"Festival en mode guinguette.","publisher":{"@id":"https:\/\/www.festivox.fr\/blog\/#organization"},"potentialAction":[{"@type":"SearchAction","target":{"@type":"EntryPoint","urlTemplate":"https:\/\/www.festivox.fr\/blog\/?s={search_term_string}"},"query-input":{"@type":"PropertyValueSpecification","valueRequired":true,"valueName":"search_term_string"}}],"inLanguage":"fr-FR"},{"@type":"Organization","@id":"https:\/\/www.festivox.fr\/blog\/#organization","name":"festivox","url":"https:\/\/www.festivox.fr\/blog\/","logo":{"@type":"ImageObject","inLanguage":"fr-FR","@id":"https:\/\/www.festivox.fr\/blog\/#\/schema\/logo\/image\/","url":"https:\/\/www.festivox.fr\/blog\/wp-content\/uploads\/2023\/06\/logo-2.png","contentUrl":"https:\/\/www.festivox.fr\/blog\/wp-content\/uploads\/2023\/06\/logo-2.png","width":480,"height":160,"caption":"festivox"},"image":{"@id":"https:\/\/www.festivox.fr\/blog\/#\/schema\/logo\/image\/"}},{"@type":"Person","@id":"https:\/\/www.festivox.fr\/blog\/#\/schema\/person\/f36a8b6bc94800c3eafed4bca993ce95","name":"Michele","image":{"@type":"ImageObject","inLanguage":"fr-FR","@id":"https:\/\/secure.gravatar.com\/avatar\/b062046536b5d47ec9075956ec349ef95ed06b0f910c578f74abb318668b702e?s=96&d=mm&r=g","url":"https:\/\/secure.gravatar.com\/avatar\/b062046536b5d47ec9075956ec349ef95ed06b0f910c578f74abb318668b702e?s=96&d=mm&r=g","contentUrl":"https:\/\/secure.gravatar.com\/avatar\/b062046536b5d47ec9075956ec349ef95ed06b0f910c578f74abb318668b702e?s=96&d=mm&r=g","caption":"Michele"},"sameAs":["https:\/\/www.festivox.fr\/blog"],"url":"https:\/\/www.festivox.fr\/blog\/author\/voxadmin\/"}]}},"_links":{"self":[{"href":"https:\/\/www.festivox.fr\/blog\/wp-json\/wp\/v2\/posts\/355","targetHints":{"allow":["GET"]}}],"collection":[{"href":"https:\/\/www.festivox.fr\/blog\/wp-json\/wp\/v2\/posts"}],"about":[{"href":"https:\/\/www.festivox.fr\/blog\/wp-json\/wp\/v2\/types\/post"}],"author":[{"embeddable":true,"href":"https:\/\/www.festivox.fr\/blog\/wp-json\/wp\/v2\/users\/1"}],"replies":[{"embeddable":true,"href":"https:\/\/www.festivox.fr\/blog\/wp-json\/wp\/v2\/comments?post=355"}],"version-history":[{"count":0,"href":"https:\/\/www.festivox.fr\/blog\/wp-json\/wp\/v2\/posts\/355\/revisions"}],"wp:featuredmedia":[{"embeddable":true,"href":"https:\/\/www.festivox.fr\/blog\/wp-json\/wp\/v2\/media\/356"}],"wp:attachment":[{"href":"https:\/\/www.festivox.fr\/blog\/wp-json\/wp\/v2\/media?parent=355"}],"wp:term":[{"taxonomy":"category","embeddable":true,"href":"https:\/\/www.festivox.fr\/blog\/wp-json\/wp\/v2\/categories?post=355"},{"taxonomy":"post_tag","embeddable":true,"href":"https:\/\/www.festivox.fr\/blog\/wp-json\/wp\/v2\/tags?post=355"}],"curies":[{"name":"wp","href":"https:\/\/api.w.org\/{rel}","templated":true}]}}