{"id":353,"date":"2023-08-17T11:55:00","date_gmt":"2023-08-17T09:55:00","guid":{"rendered":"https:\/\/www.festivox.fr\/blog\/gironde-le-festival-soulacn-jazz-lance-sa-premiere-edition-ce-week-end\/"},"modified":"2023-08-17T11:55:00","modified_gmt":"2023-08-17T09:55:00","slug":"gironde-le-festival-soulacn-jazz-lance-sa-premiere-edition-ce-week-end","status":"publish","type":"post","link":"https:\/\/www.festivox.fr\/blog\/gironde-le-festival-soulacn-jazz-lance-sa-premiere-edition-ce-week-end\/","title":{"rendered":"Gironde : le festival Soulac\u2019n Jazz lance sa premi\u00e8re \u00e9dition ce week-end"},"content":{"rendered":"\n<div><img decoding=\"async\" src=\"https:\/\/www.festivox.fr\/blog\/wp-content\/uploads\/2023\/08\/gironde-le-festival-soulacn-jazz-lance-sa-premiere-edition-ce-week-end.jpg\" class=\"ff-og-image-inserted\"><\/div>\n<div>\n<p>\u00ab&nbsp;Le fil rouge du festival, c\u2019est rendre le jazz accessible au plus grand nombre dans un endroit o\u00f9 \u00e7a ne se fait plus trop&nbsp;\u00bb, s\u2019enthousiasme Ga\u00ebl Moignot, responsable des relations avec les associations locales du Soulac\u2019n Jazz festival. Du 18 au 20&nbsp;ao\u00fbt, Soulac f\u00eatera la premi\u00e8re \u00e9dition de l\u2019\u00e9v\u00e9nement qui animera la ville tout au long du week-end. Trois jours&#8230;<\/p>\n<\/div>\n<div>\n<p>\u00ab&nbsp;Le fil rouge du festival, c\u2019est rendre le jazz accessible au plus grand nombre dans un endroit o\u00f9 \u00e7a ne se fait plus trop&nbsp;\u00bb, s\u2019enthousiasme Ga\u00ebl Moignot, responsable des relations avec les associations locales du Soulac\u2019n Jazz festival. Du 18 au 20&nbsp;ao\u00fbt, Soulac f\u00eatera la premi\u00e8re \u00e9dition de l\u2019\u00e9v\u00e9nement qui animera la ville tout au long du week-end. Trois jours dont l\u2019histoire commence \u00ab&nbsp;dans un jardin&nbsp;\u00bb.<\/p>\n<p>Il y a de cela un an, Philippe Catherine et \u00c9lisabeth Kleinemas, couple de Soulacais de c\u0153ur passionn\u00e9s de jazz, souhaitent organiser un concert du genre chez eux. Alors qu\u2019ils pensent accueillir \u00ab&nbsp;80&nbsp;personnes maximum&nbsp;\u00bb, ils sont contraints de mettre un terme aux r\u00e9servations arriv\u00e9 \u00e0 \u00ab&nbsp;130&nbsp;personnes&nbsp;\u00bb, raconte l\u2019organisateur.<\/p>\n<p>Alors, un an plus tard, les passionn\u00e9s voient plus grand et plus long, avec trois jours de concerts teint\u00e9s de proximit\u00e9 entre public et artistes. \u00ab&nbsp;L\u2019id\u00e9e derri\u00e8re le festival est aussi de cr\u00e9er de l\u2019\u00e9change. L\u2019ambition \u00e9tait de proposer un jazz m\u00e9lodieux, mais aussi des artistes accessibles et ouverts, dispos\u00e9s \u00e0 discuter avec le public avant ou apr\u00e8s les concerts&nbsp;\u00bb, rapporte Ga\u00ebl Moignot.<\/p>\n<h2 class=\"article-subtitle\">Le concert du vendredi d\u00e9j\u00e0 complet<\/h2>\n<p>\u00c0 la veille du festival, le concert du vendredi soir affiche complet depuis plus d\u2019une semaine. \u00ab&nbsp;C\u2019est de l\u2019ordre de l\u2019exceptionnel ici, surtout en \u00e9t\u00e9&nbsp;\u00bb, se r\u00e9jouit le membre de l\u2019\u00e9quipe. Pour les concerts du samedi et dimanche, quelques places sont toujours disponibles, pour un prix de 25&nbsp;euros par concert ou de 45&nbsp;euros pour un pass deux jours.<\/p>\n<p>En dehors des concerts pr\u00e9vus le soir, Soulac vivra aussi ses journ\u00e9es au rythme du jazz, puisque <a href=\"https:\/\/soulacnjazz.fr\/le-festival\/le-off\/\" target=\"_blank\" rel=\"nofollow noopener\">sept \u00e9tablissements<\/a> de la ville ont nou\u00e9 un partenariat avec le festival, dont la direction artistique, sugg\u00e9r\u00e9s par l\u2019\u00e9quipe organisatrice, garantit une coh\u00e9rence musicale tout au long des trois jours.<\/p>\n<p>Pour la suite, l\u2019ambition du Soulac\u2019n Jazz festival est de ne pas en rester \u00e0 sa premi\u00e8re. Plus encore, de \u00ab&nbsp;devenir un festival de jazz r\u00e9f\u00e9rence dans le M\u00e9doc d\u2019ici cinq ans&nbsp;\u00bb, d\u00e9taille Ga\u00ebl Moignot. D\u2019ici l\u00e0, les amateurs, passionn\u00e9s et novices du genre musical pourront se retrouver \u00e0 Soulac-sur-Mer lors de cette premi\u00e8re \u00e9dition, que ce soit dans les \u00e9tablissements partenaires la journ\u00e9e, \u00e0 la salle Notre-Dame ces vendredi et samedi soirs, ou \u00e0 la basilique Notre-Dame-de-la-Fin-des-Terres ce dimanche soir.<\/p>\n<p><em>Pour plus d\u2019informations&nbsp;: contact soulacnjazz.fr<\/em><\/p>\n<p><h2> Le programme<br \/>\n<\/h2>\n<p><strong>Vendredi 18&nbsp;ao\u00fbt<\/strong>, \u00e0 20&nbsp;h&nbsp;30, salle Notre-Dame, un quintet de choc m\u00e8nera la danse d\u2019une soir\u00e9e pop\u2019n jazz Tribute to Supertramp avec Dominique Fillon, Sylvain Goutard \u00e0 la trompette, Antoine Fillon \u00e0 la batterie, L\u00e9onie Hey \u00e0 la contrebasse et Benjamin Petit au saxophone.<br \/>\n<strong>Samedi 19&nbsp;ao\u00fbt,<\/strong> toujours salle Notre-Dame \u00e0 21 heures, un quartet compos\u00e9 de Matthieu Chazarenc \u00e0 la batterie, Sylvain Gontard au bugle, Christophe Wallemme \u00e0 la contrebasse et Laurent Derache \u00e0 l\u2019accord\u00e9on, interpr\u00e9tera \u00ab&nbsp;Canto I et II&nbsp;\u00bb.<br \/>\nDimanche \u00e0 20&nbsp;h&nbsp;30 dans la basilique, sera c\u00e9l\u00e9br\u00e9e l\u2019union du classique et du jazz avec le concert Cross Over, interpr\u00e9t\u00e9 par Dominique Fillon au piano, Sylvain Gontard \u00e0 la trompette, Ak\u00e9mi Fillon au violon. C\u2019est \u00e0 un instant musical mariant la d\u00e9licatesse de la musique classique et la fantaisie du jazz que sera convi\u00e9 le public sur les pas des p\u00e8lerins de Saint-Jacques-de-Compostelle \u00e0 la crois\u00e9e des chemins et des genres musicaux.<br \/>\n<strong>Le festival off<\/strong> se jouera dans les commerces participants&nbsp;: Caba\u00f1a, 8, rue Br\u00e9montier, Ba\u00efne Caf\u00e9, chemin des Na\u00efades, Bar des Ami (e) s, rue Trouche, pizzeria Chez Pep\u2019s, rue Br\u00e9montier, Le Rallye, rue de la Plage, Brasserie de la Plage, plage centrale, Le Comptoir des vins, rue Holagray.<\/p>\n<\/p><\/div>\n<p> Cet article, qui traite du th\u00e8me \u00ab\u00a0Festival Jazz et musique en mode guinguette\u00a0\u00bb, vous est d\u00e9lib\u00e9r\u00e9ment offert par festivox.fr. La raison d\u2019\u00eatre de festivox.fr est de parler de Festival Jazz et musique en mode guinguette dans la transparence la plus g\u00e9n\u00e9rale en vous procurant la visibilit\u00e9 de tout ce qui est publi\u00e9 sur ce sujet sur le web La chronique a \u00e9t\u00e9 g\u00e9n\u00e9r\u00e9e de la mani\u00e8re la plus honn\u00eate que possible. S\u2019il advenait que vous projetez d\u2019apporter quelques notes concernant le domaine de \u00ab\u00a0Festival Jazz et musique en mode guinguette\u00a0\u00bb vous avez la possibilit\u00e9 de d&rsquo;\u00e9changer avec notre r\u00e9daction. Dans peu de temps, on mettra en ligne d&rsquo;autres informations pertinentes autour du sujet \u00ab\u00a0Festival Jazz et musique en mode guinguette\u00a0\u00bb. Ainsi, consultez r\u00e9guli\u00e8rement notre site.<\/p>\n","protected":false},"excerpt":{"rendered":"<p>\u00ab&nbsp;Le fil rouge du festival, c\u2019est rendre le jazz accessible au plus grand nombre dans un endroit o\u00f9 \u00e7a ne se fait plus trop&nbsp;\u00bb, s\u2019enthousiasme Ga\u00ebl Moignot, responsable des relations avec les associations locales du Soulac\u2019n Jazz festival. Du 18 au 20&nbsp;ao\u00fbt, Soulac f\u00eatera la premi\u00e8re \u00e9dition de l\u2019\u00e9v\u00e9nement qui animera la ville tout au&hellip;<\/p>\n","protected":false},"author":1,"featured_media":354,"comment_status":"closed","ping_status":"closed","sticky":false,"template":"","format":"standard","meta":{"footnotes":""},"categories":[3],"tags":[],"class_list":["post-353","post","type-post","status-publish","format-standard","has-post-thumbnail","hentry","category-wiki-sur-festival-jazz-et-musique-en-mode-guinguette"],"yoast_head":"<!-- This site is optimized with the Yoast SEO plugin v27.5 - https:\/\/yoast.com\/product\/yoast-seo-wordpress\/ -->\n<title>Gironde : le festival Soulac\u2019n Jazz lance sa premi\u00e8re \u00e9dition ce week-end - FESTIVOX<\/title>\n<meta name=\"robots\" content=\"index, follow, max-snippet:-1, max-image-preview:large, max-video-preview:-1\" \/>\n<link rel=\"canonical\" href=\"https:\/\/www.festivox.fr\/blog\/gironde-le-festival-soulacn-jazz-lance-sa-premiere-edition-ce-week-end\/\" \/>\n<meta property=\"og:locale\" content=\"fr_FR\" \/>\n<meta property=\"og:type\" content=\"article\" \/>\n<meta property=\"og:title\" content=\"Gironde : le festival Soulac\u2019n Jazz lance sa premi\u00e8re \u00e9dition ce week-end - FESTIVOX\" \/>\n<meta property=\"og:description\" content=\"\u00ab&nbsp;Le fil rouge du festival, c\u2019est rendre le jazz accessible au plus grand nombre dans un endroit o\u00f9 \u00e7a ne se fait plus trop&nbsp;\u00bb, s\u2019enthousiasme Ga\u00ebl Moignot, responsable des relations avec les associations locales du Soulac\u2019n Jazz festival. Du 18 au 20&nbsp;ao\u00fbt, Soulac f\u00eatera la premi\u00e8re \u00e9dition de l\u2019\u00e9v\u00e9nement qui animera la ville tout au&hellip;\" \/>\n<meta property=\"og:url\" content=\"https:\/\/www.festivox.fr\/blog\/gironde-le-festival-soulacn-jazz-lance-sa-premiere-edition-ce-week-end\/\" \/>\n<meta property=\"og:site_name\" content=\"FESTIVOX\" \/>\n<meta property=\"article:published_time\" content=\"2023-08-17T09:55:00+00:00\" \/>\n<meta property=\"og:image\" content=\"https:\/\/www.festivox.fr\/blog\/wp-content\/uploads\/2023\/08\/gironde-le-festival-soulacn-jazz-lance-sa-premiere-edition-ce-week-end.jpg\" \/>\n<meta name=\"author\" content=\"Michele\" \/>\n<meta name=\"twitter:card\" content=\"summary_large_image\" \/>\n<meta name=\"twitter:label1\" content=\"\u00c9crit par\" \/>\n\t<meta name=\"twitter:data1\" content=\"Michele\" \/>\n\t<meta name=\"twitter:label2\" content=\"Dur\u00e9e de lecture estim\u00e9e\" \/>\n\t<meta name=\"twitter:data2\" content=\"4 minutes\" \/>\n<script type=\"application\/ld+json\" class=\"yoast-schema-graph\">{\"@context\":\"https:\\\/\\\/schema.org\",\"@graph\":[{\"@type\":\"Article\",\"@id\":\"https:\\\/\\\/www.festivox.fr\\\/blog\\\/gironde-le-festival-soulacn-jazz-lance-sa-premiere-edition-ce-week-end\\\/#article\",\"isPartOf\":{\"@id\":\"https:\\\/\\\/www.festivox.fr\\\/blog\\\/gironde-le-festival-soulacn-jazz-lance-sa-premiere-edition-ce-week-end\\\/\"},\"author\":{\"name\":\"Michele\",\"@id\":\"https:\\\/\\\/www.festivox.fr\\\/blog\\\/#\\\/schema\\\/person\\\/f36a8b6bc94800c3eafed4bca993ce95\"},\"headline\":\"Gironde : le festival Soulac\u2019n Jazz lance sa premi\u00e8re \u00e9dition ce week-end\",\"datePublished\":\"2023-08-17T09:55:00+00:00\",\"mainEntityOfPage\":{\"@id\":\"https:\\\/\\\/www.festivox.fr\\\/blog\\\/gironde-le-festival-soulacn-jazz-lance-sa-premiere-edition-ce-week-end\\\/\"},\"wordCount\":892,\"publisher\":{\"@id\":\"https:\\\/\\\/www.festivox.fr\\\/blog\\\/#organization\"},\"image\":{\"@id\":\"https:\\\/\\\/www.festivox.fr\\\/blog\\\/gironde-le-festival-soulacn-jazz-lance-sa-premiere-edition-ce-week-end\\\/#primaryimage\"},\"thumbnailUrl\":\"https:\\\/\\\/www.festivox.fr\\\/blog\\\/wp-content\\\/uploads\\\/2023\\\/08\\\/gironde-le-festival-soulacn-jazz-lance-sa-premiere-edition-ce-week-end.jpg\",\"articleSection\":[\"Wiki Sur Festival Jazz Et Musique En Mode Guinguette:\"],\"inLanguage\":\"fr-FR\"},{\"@type\":\"WebPage\",\"@id\":\"https:\\\/\\\/www.festivox.fr\\\/blog\\\/gironde-le-festival-soulacn-jazz-lance-sa-premiere-edition-ce-week-end\\\/\",\"url\":\"https:\\\/\\\/www.festivox.fr\\\/blog\\\/gironde-le-festival-soulacn-jazz-lance-sa-premiere-edition-ce-week-end\\\/\",\"name\":\"Gironde : le festival Soulac\u2019n Jazz lance sa premi\u00e8re \u00e9dition ce week-end - FESTIVOX\",\"isPartOf\":{\"@id\":\"https:\\\/\\\/www.festivox.fr\\\/blog\\\/#website\"},\"primaryImageOfPage\":{\"@id\":\"https:\\\/\\\/www.festivox.fr\\\/blog\\\/gironde-le-festival-soulacn-jazz-lance-sa-premiere-edition-ce-week-end\\\/#primaryimage\"},\"image\":{\"@id\":\"https:\\\/\\\/www.festivox.fr\\\/blog\\\/gironde-le-festival-soulacn-jazz-lance-sa-premiere-edition-ce-week-end\\\/#primaryimage\"},\"thumbnailUrl\":\"https:\\\/\\\/www.festivox.fr\\\/blog\\\/wp-content\\\/uploads\\\/2023\\\/08\\\/gironde-le-festival-soulacn-jazz-lance-sa-premiere-edition-ce-week-end.jpg\",\"datePublished\":\"2023-08-17T09:55:00+00:00\",\"breadcrumb\":{\"@id\":\"https:\\\/\\\/www.festivox.fr\\\/blog\\\/gironde-le-festival-soulacn-jazz-lance-sa-premiere-edition-ce-week-end\\\/#breadcrumb\"},\"inLanguage\":\"fr-FR\",\"potentialAction\":[{\"@type\":\"ReadAction\",\"target\":[\"https:\\\/\\\/www.festivox.fr\\\/blog\\\/gironde-le-festival-soulacn-jazz-lance-sa-premiere-edition-ce-week-end\\\/\"]}]},{\"@type\":\"ImageObject\",\"inLanguage\":\"fr-FR\",\"@id\":\"https:\\\/\\\/www.festivox.fr\\\/blog\\\/gironde-le-festival-soulacn-jazz-lance-sa-premiere-edition-ce-week-end\\\/#primaryimage\",\"url\":\"https:\\\/\\\/www.festivox.fr\\\/blog\\\/wp-content\\\/uploads\\\/2023\\\/08\\\/gironde-le-festival-soulacn-jazz-lance-sa-premiere-edition-ce-week-end.jpg\",\"contentUrl\":\"https:\\\/\\\/www.festivox.fr\\\/blog\\\/wp-content\\\/uploads\\\/2023\\\/08\\\/gironde-le-festival-soulacn-jazz-lance-sa-premiere-edition-ce-week-end.jpg\",\"width\":1200,\"height\":800},{\"@type\":\"BreadcrumbList\",\"@id\":\"https:\\\/\\\/www.festivox.fr\\\/blog\\\/gironde-le-festival-soulacn-jazz-lance-sa-premiere-edition-ce-week-end\\\/#breadcrumb\",\"itemListElement\":[{\"@type\":\"ListItem\",\"position\":1,\"name\":\"Accueil\",\"item\":\"https:\\\/\\\/www.festivox.fr\\\/blog\\\/\"},{\"@type\":\"ListItem\",\"position\":2,\"name\":\"Gironde : le festival Soulac\u2019n Jazz lance sa premi\u00e8re \u00e9dition ce week-end\"}]},{\"@type\":\"WebSite\",\"@id\":\"https:\\\/\\\/www.festivox.fr\\\/blog\\\/#website\",\"url\":\"https:\\\/\\\/www.festivox.fr\\\/blog\\\/\",\"name\":\"FESTIVOX\",\"description\":\"Festival en mode guinguette.\",\"publisher\":{\"@id\":\"https:\\\/\\\/www.festivox.fr\\\/blog\\\/#organization\"},\"potentialAction\":[{\"@type\":\"SearchAction\",\"target\":{\"@type\":\"EntryPoint\",\"urlTemplate\":\"https:\\\/\\\/www.festivox.fr\\\/blog\\\/?s={search_term_string}\"},\"query-input\":{\"@type\":\"PropertyValueSpecification\",\"valueRequired\":true,\"valueName\":\"search_term_string\"}}],\"inLanguage\":\"fr-FR\"},{\"@type\":\"Organization\",\"@id\":\"https:\\\/\\\/www.festivox.fr\\\/blog\\\/#organization\",\"name\":\"festivox\",\"url\":\"https:\\\/\\\/www.festivox.fr\\\/blog\\\/\",\"logo\":{\"@type\":\"ImageObject\",\"inLanguage\":\"fr-FR\",\"@id\":\"https:\\\/\\\/www.festivox.fr\\\/blog\\\/#\\\/schema\\\/logo\\\/image\\\/\",\"url\":\"https:\\\/\\\/www.festivox.fr\\\/blog\\\/wp-content\\\/uploads\\\/2023\\\/06\\\/logo-2.png\",\"contentUrl\":\"https:\\\/\\\/www.festivox.fr\\\/blog\\\/wp-content\\\/uploads\\\/2023\\\/06\\\/logo-2.png\",\"width\":480,\"height\":160,\"caption\":\"festivox\"},\"image\":{\"@id\":\"https:\\\/\\\/www.festivox.fr\\\/blog\\\/#\\\/schema\\\/logo\\\/image\\\/\"}},{\"@type\":\"Person\",\"@id\":\"https:\\\/\\\/www.festivox.fr\\\/blog\\\/#\\\/schema\\\/person\\\/f36a8b6bc94800c3eafed4bca993ce95\",\"name\":\"Michele\",\"image\":{\"@type\":\"ImageObject\",\"inLanguage\":\"fr-FR\",\"@id\":\"https:\\\/\\\/secure.gravatar.com\\\/avatar\\\/b062046536b5d47ec9075956ec349ef95ed06b0f910c578f74abb318668b702e?s=96&d=mm&r=g\",\"url\":\"https:\\\/\\\/secure.gravatar.com\\\/avatar\\\/b062046536b5d47ec9075956ec349ef95ed06b0f910c578f74abb318668b702e?s=96&d=mm&r=g\",\"contentUrl\":\"https:\\\/\\\/secure.gravatar.com\\\/avatar\\\/b062046536b5d47ec9075956ec349ef95ed06b0f910c578f74abb318668b702e?s=96&d=mm&r=g\",\"caption\":\"Michele\"},\"sameAs\":[\"https:\\\/\\\/www.festivox.fr\\\/blog\"],\"url\":\"https:\\\/\\\/www.festivox.fr\\\/blog\\\/author\\\/voxadmin\\\/\"}]}<\/script>\n<!-- \/ Yoast SEO plugin. -->","yoast_head_json":{"title":"Gironde : le festival Soulac\u2019n Jazz lance sa premi\u00e8re \u00e9dition ce week-end - FESTIVOX","robots":{"index":"index","follow":"follow","max-snippet":"max-snippet:-1","max-image-preview":"max-image-preview:large","max-video-preview":"max-video-preview:-1"},"canonical":"https:\/\/www.festivox.fr\/blog\/gironde-le-festival-soulacn-jazz-lance-sa-premiere-edition-ce-week-end\/","og_locale":"fr_FR","og_type":"article","og_title":"Gironde : le festival Soulac\u2019n Jazz lance sa premi\u00e8re \u00e9dition ce week-end - FESTIVOX","og_description":"\u00ab&nbsp;Le fil rouge du festival, c\u2019est rendre le jazz accessible au plus grand nombre dans un endroit o\u00f9 \u00e7a ne se fait plus trop&nbsp;\u00bb, s\u2019enthousiasme Ga\u00ebl Moignot, responsable des relations avec les associations locales du Soulac\u2019n Jazz festival. Du 18 au 20&nbsp;ao\u00fbt, Soulac f\u00eatera la premi\u00e8re \u00e9dition de l\u2019\u00e9v\u00e9nement qui animera la ville tout au&hellip;","og_url":"https:\/\/www.festivox.fr\/blog\/gironde-le-festival-soulacn-jazz-lance-sa-premiere-edition-ce-week-end\/","og_site_name":"FESTIVOX","article_published_time":"2023-08-17T09:55:00+00:00","og_image":[{"url":"https:\/\/www.festivox.fr\/blog\/wp-content\/uploads\/2023\/08\/gironde-le-festival-soulacn-jazz-lance-sa-premiere-edition-ce-week-end.jpg","type":"","width":"","height":""}],"author":"Michele","twitter_card":"summary_large_image","twitter_misc":{"\u00c9crit par":"Michele","Dur\u00e9e de lecture estim\u00e9e":"4 minutes"},"schema":{"@context":"https:\/\/schema.org","@graph":[{"@type":"Article","@id":"https:\/\/www.festivox.fr\/blog\/gironde-le-festival-soulacn-jazz-lance-sa-premiere-edition-ce-week-end\/#article","isPartOf":{"@id":"https:\/\/www.festivox.fr\/blog\/gironde-le-festival-soulacn-jazz-lance-sa-premiere-edition-ce-week-end\/"},"author":{"name":"Michele","@id":"https:\/\/www.festivox.fr\/blog\/#\/schema\/person\/f36a8b6bc94800c3eafed4bca993ce95"},"headline":"Gironde : le festival Soulac\u2019n Jazz lance sa premi\u00e8re \u00e9dition ce week-end","datePublished":"2023-08-17T09:55:00+00:00","mainEntityOfPage":{"@id":"https:\/\/www.festivox.fr\/blog\/gironde-le-festival-soulacn-jazz-lance-sa-premiere-edition-ce-week-end\/"},"wordCount":892,"publisher":{"@id":"https:\/\/www.festivox.fr\/blog\/#organization"},"image":{"@id":"https:\/\/www.festivox.fr\/blog\/gironde-le-festival-soulacn-jazz-lance-sa-premiere-edition-ce-week-end\/#primaryimage"},"thumbnailUrl":"https:\/\/www.festivox.fr\/blog\/wp-content\/uploads\/2023\/08\/gironde-le-festival-soulacn-jazz-lance-sa-premiere-edition-ce-week-end.jpg","articleSection":["Wiki Sur Festival Jazz Et Musique En Mode Guinguette:"],"inLanguage":"fr-FR"},{"@type":"WebPage","@id":"https:\/\/www.festivox.fr\/blog\/gironde-le-festival-soulacn-jazz-lance-sa-premiere-edition-ce-week-end\/","url":"https:\/\/www.festivox.fr\/blog\/gironde-le-festival-soulacn-jazz-lance-sa-premiere-edition-ce-week-end\/","name":"Gironde : le festival Soulac\u2019n Jazz lance sa premi\u00e8re \u00e9dition ce week-end - FESTIVOX","isPartOf":{"@id":"https:\/\/www.festivox.fr\/blog\/#website"},"primaryImageOfPage":{"@id":"https:\/\/www.festivox.fr\/blog\/gironde-le-festival-soulacn-jazz-lance-sa-premiere-edition-ce-week-end\/#primaryimage"},"image":{"@id":"https:\/\/www.festivox.fr\/blog\/gironde-le-festival-soulacn-jazz-lance-sa-premiere-edition-ce-week-end\/#primaryimage"},"thumbnailUrl":"https:\/\/www.festivox.fr\/blog\/wp-content\/uploads\/2023\/08\/gironde-le-festival-soulacn-jazz-lance-sa-premiere-edition-ce-week-end.jpg","datePublished":"2023-08-17T09:55:00+00:00","breadcrumb":{"@id":"https:\/\/www.festivox.fr\/blog\/gironde-le-festival-soulacn-jazz-lance-sa-premiere-edition-ce-week-end\/#breadcrumb"},"inLanguage":"fr-FR","potentialAction":[{"@type":"ReadAction","target":["https:\/\/www.festivox.fr\/blog\/gironde-le-festival-soulacn-jazz-lance-sa-premiere-edition-ce-week-end\/"]}]},{"@type":"ImageObject","inLanguage":"fr-FR","@id":"https:\/\/www.festivox.fr\/blog\/gironde-le-festival-soulacn-jazz-lance-sa-premiere-edition-ce-week-end\/#primaryimage","url":"https:\/\/www.festivox.fr\/blog\/wp-content\/uploads\/2023\/08\/gironde-le-festival-soulacn-jazz-lance-sa-premiere-edition-ce-week-end.jpg","contentUrl":"https:\/\/www.festivox.fr\/blog\/wp-content\/uploads\/2023\/08\/gironde-le-festival-soulacn-jazz-lance-sa-premiere-edition-ce-week-end.jpg","width":1200,"height":800},{"@type":"BreadcrumbList","@id":"https:\/\/www.festivox.fr\/blog\/gironde-le-festival-soulacn-jazz-lance-sa-premiere-edition-ce-week-end\/#breadcrumb","itemListElement":[{"@type":"ListItem","position":1,"name":"Accueil","item":"https:\/\/www.festivox.fr\/blog\/"},{"@type":"ListItem","position":2,"name":"Gironde : le festival Soulac\u2019n Jazz lance sa premi\u00e8re \u00e9dition ce week-end"}]},{"@type":"WebSite","@id":"https:\/\/www.festivox.fr\/blog\/#website","url":"https:\/\/www.festivox.fr\/blog\/","name":"FESTIVOX","description":"Festival en mode guinguette.","publisher":{"@id":"https:\/\/www.festivox.fr\/blog\/#organization"},"potentialAction":[{"@type":"SearchAction","target":{"@type":"EntryPoint","urlTemplate":"https:\/\/www.festivox.fr\/blog\/?s={search_term_string}"},"query-input":{"@type":"PropertyValueSpecification","valueRequired":true,"valueName":"search_term_string"}}],"inLanguage":"fr-FR"},{"@type":"Organization","@id":"https:\/\/www.festivox.fr\/blog\/#organization","name":"festivox","url":"https:\/\/www.festivox.fr\/blog\/","logo":{"@type":"ImageObject","inLanguage":"fr-FR","@id":"https:\/\/www.festivox.fr\/blog\/#\/schema\/logo\/image\/","url":"https:\/\/www.festivox.fr\/blog\/wp-content\/uploads\/2023\/06\/logo-2.png","contentUrl":"https:\/\/www.festivox.fr\/blog\/wp-content\/uploads\/2023\/06\/logo-2.png","width":480,"height":160,"caption":"festivox"},"image":{"@id":"https:\/\/www.festivox.fr\/blog\/#\/schema\/logo\/image\/"}},{"@type":"Person","@id":"https:\/\/www.festivox.fr\/blog\/#\/schema\/person\/f36a8b6bc94800c3eafed4bca993ce95","name":"Michele","image":{"@type":"ImageObject","inLanguage":"fr-FR","@id":"https:\/\/secure.gravatar.com\/avatar\/b062046536b5d47ec9075956ec349ef95ed06b0f910c578f74abb318668b702e?s=96&d=mm&r=g","url":"https:\/\/secure.gravatar.com\/avatar\/b062046536b5d47ec9075956ec349ef95ed06b0f910c578f74abb318668b702e?s=96&d=mm&r=g","contentUrl":"https:\/\/secure.gravatar.com\/avatar\/b062046536b5d47ec9075956ec349ef95ed06b0f910c578f74abb318668b702e?s=96&d=mm&r=g","caption":"Michele"},"sameAs":["https:\/\/www.festivox.fr\/blog"],"url":"https:\/\/www.festivox.fr\/blog\/author\/voxadmin\/"}]}},"_links":{"self":[{"href":"https:\/\/www.festivox.fr\/blog\/wp-json\/wp\/v2\/posts\/353","targetHints":{"allow":["GET"]}}],"collection":[{"href":"https:\/\/www.festivox.fr\/blog\/wp-json\/wp\/v2\/posts"}],"about":[{"href":"https:\/\/www.festivox.fr\/blog\/wp-json\/wp\/v2\/types\/post"}],"author":[{"embeddable":true,"href":"https:\/\/www.festivox.fr\/blog\/wp-json\/wp\/v2\/users\/1"}],"replies":[{"embeddable":true,"href":"https:\/\/www.festivox.fr\/blog\/wp-json\/wp\/v2\/comments?post=353"}],"version-history":[{"count":0,"href":"https:\/\/www.festivox.fr\/blog\/wp-json\/wp\/v2\/posts\/353\/revisions"}],"wp:featuredmedia":[{"embeddable":true,"href":"https:\/\/www.festivox.fr\/blog\/wp-json\/wp\/v2\/media\/354"}],"wp:attachment":[{"href":"https:\/\/www.festivox.fr\/blog\/wp-json\/wp\/v2\/media?parent=353"}],"wp:term":[{"taxonomy":"category","embeddable":true,"href":"https:\/\/www.festivox.fr\/blog\/wp-json\/wp\/v2\/categories?post=353"},{"taxonomy":"post_tag","embeddable":true,"href":"https:\/\/www.festivox.fr\/blog\/wp-json\/wp\/v2\/tags?post=353"}],"curies":[{"name":"wp","href":"https:\/\/api.w.org\/{rel}","templated":true}]}}