{"id":347,"date":"2023-08-11T03:37:00","date_gmt":"2023-08-11T01:37:00","guid":{"rendered":"https:\/\/www.festivox.fr\/blog\/le-gaume-jazz-festival-un-festival-unique-en-son-genre\/"},"modified":"2023-08-11T03:37:00","modified_gmt":"2023-08-11T01:37:00","slug":"le-gaume-jazz-festival-un-festival-unique-en-son-genre","status":"publish","type":"post","link":"https:\/\/www.festivox.fr\/blog\/le-gaume-jazz-festival-un-festival-unique-en-son-genre\/","title":{"rendered":"Le Gaume Jazz Festival, un festival unique en son genre"},"content":{"rendered":"\n<p class=\"article__intro\">C\u2019est une perle rare, une perle musicale \u00e0 deux pas des Ardennes, \u00e0 une heure de Charleville-M\u00e9zi\u00e8res un festival de jazz qui n\u2019a pas chang\u00e9 de nom depuis sa cr\u00e9ation : le Gaume Jazz Festival. Et la Gaume, c\u2019est le nom de cette luxuriante campagne belge qui l\u2019a vu naitre il y a 39 ans !<\/p>\n<p>Cette ann\u00e9e encore, du 11 au 13 ao\u00fbt, la programmation du <a href=\"https:\/\/www.gaume-jazz.com\/\" rel=\"noopener nofollow\" target=\"_blank\">Gaume Jazz Festival<\/a> va ravir les oreilles les plus averties comme celles qui le sont moins.<\/p>\n<p>Des pointures internationalement reconnues comme Philip Catherine, Renaud Garcia-Fons ou Claire Antonini \u00e0 Camille Bertault, laur\u00e9ate des Victoire de la Musique 2023, en passant par les fran\u00e7ais Poitou et Pumpkin et Daida&#8230; ou le saxophoniste belge Manu Hermia. Le petit village de Rossignol va encore une fois r\u00e9sonner Jazz et attirer un public tr\u00e8s nombreux.<\/p>\n<p>5 sc\u00e8nes, 24 concerts, plus de 120 musiciens de 12 pays, le tout dans une ambiance champ\u00eatre, o\u00f9 l\u2019on peut c\u00f4toyer les artistes en toute simplicit\u00e9, d\u00e9guster la bi\u00e8re locale en mangeant des frites. Et c\u2019est cela le secret de long\u00e9vit\u00e9 de cette perle \u00e0 la note bleue dans la verte campagne belge. La simplicit\u00e9. C\u2019est un peu comme si, depuis longtemps dans cette contr\u00e9e, le mot jazz n\u2019\u00e9tait plus un mot r\u00e9serv\u00e9 \u00e0 une \u00e9lite, ou \u00e0 un public grisonnant. <em>\u201cJ\u2019ai fait attention \u00e0 d\u00e9velopper une strat\u00e9gie de communication qui d\u00e9sacralise le jazz\u201d<\/em>, explique Jean-Pierre Bissot, le fondateur du Gaume Jazz Festival et ex-directeur des Jeunesses Musicales du Luxembourg belge, un flambeau aujourd\u2019hui repris par sa fille Julie.<\/p>\n<p>Dans les pas de son p\u00e8re, elle met son \u00e9nergie \u00e0 d\u00e9velopper toute l\u2019ann\u00e9e dans les \u00e9coles et les salles communales une approche de la musique, de toutes les musiques, par des concerts, des rencontres. En ao\u00fbt, pendant le festival, elle maintient les fameux stages p\u00e9dagogiques qui donnent lieu \u00e0 des concerts. Les petits Gaumois d\u2019aujourd\u2019hui deviennent alors le public de demain. Et pour ce festival de jazz qu\u2019il a cr\u00e9\u00e9 en 1985, Jean-Pierre Bissot est perp\u00e9tuellement \u00e0 l\u2019aff\u00fbt de ce qui va \u00e9veiller, r\u00e9veiller, parcourant les festivals d\u2019Europe et d\u2019ailleurs.<\/p>\n<blockquote class=\"ftvi_content_quote\">\n<p class=\"ftvi_citation_quote\">\u00c9veiller par la musique, casser les clich\u00e9s, lever les barri\u00e8res&#8230; Je suis un militant<\/p>\n<div><cite class=\"ftvi_citation_author\">Jean-Pierre Bissot fondateur du Gaume Jazz Festival<\/cite> <\/div>\n<\/blockquote>\n<div class=\"article-image__container\">\n<figure aria-hidden=\"true\">   <img width=\"600\" height=\"400\" class=\"article-image lazy\" data-src=\"https:\/\/www.festivox.fr\/blog\/wp-content\/uploads\/2023\/08\/le-gaume-jazz-festival-un-festival-unique-en-son-genre.webp\" alt=\"Le fondateur et directeur actuel du festival Jean-Pierre Bissot (\u00e0 gauche) avec le leader du groupe Aka Moon, le saxophoniste Fabrizio Cassol (au milieu) et le pianiste Eric Lenigni\"><figcaption>\n<p> <span>Le fondateur et directeur actuel du festival Jean-Pierre Bissot (\u00e0 gauche) avec le leader du groupe Aka Moon, le saxophoniste Fabrizio Cassol (au milieu) et le pianiste Eric Lenigni<\/span> <span class=\"separator\"> \u2022 <\/span> <span>\u00a9 B\u00e9atrice Tardy &#8211; France TV<\/span> <\/p>\n<\/figcaption><\/figure>\n<\/div>\n<p><span>Une programmation bouillonnante<\/span><\/p>\n<p>L\u2019\u00e9clectisme de cette 39\u00e8me \u00e9dition est \u00e0 l\u2019image des pr\u00e9c\u00e9dentes : bouillonnante ! Les artistes ont carte blanche. \u00c0 l&rsquo;affiche : le percussionniste Chris Joris, la jeune bassiste n\u00e9erlandaise en terre belge Louise Van Den Heuvel, ou encore le Trio Grande aur\u00e9ol\u00e9 d\u2019un r\u00e9cent CD (Choc de Jazz Magazine 2022). Le public se d\u00e9lectera devant les cr\u00e9ations du saxophoniste belge Manu Hermia, passionn\u00e9 depuis longtemps par la musique indienne. Sans oublier le projet transfrontalier de Hugo Diaz Quartet, laur\u00e9at du dispositif Propulsion, et qui vient d\u2019obtenir ce week-end le prix du public au Tremplin Jazz d\u2019Avignon.<\/p>\n<p>Ce festival promet encore une fois richesse et joie de la d\u00e9couverte ! Deux hommages sont tr\u00e8s attendus, l\u2019un \u00e0 Serge Gainsbourg avec la voix sublime de la fran\u00e7aise Camille Bertault et le Brussels Jazz Orchestra, l\u2019autre au prince belge de la guitare, Philip Catherine. Enfin, dans les coups de c\u0153ur, on ne ratera pas le contrebassiste Fran\u00e7ois Poitou qui invite Pumpkin, une rappeuse incisive, \u00e0 habiter son jazz buissonnier !<\/p>\n<p>Ce festival a aussi son festival Off. Depuis le 30 juillet et jusqu\u2019au 15 ao\u00fbt, des concerts in\u00e9dits sont propos\u00e9s dans les plus petites communes de la Gaume, \u00e0 8 euros le concert. Le 39\u00e8me Gaume Jazz Festival se d\u00e9roule les 11-12-13 ao\u00fbt \u00e0 Rossignol-Tintigny, en Belgique.&nbsp;<\/p>\n<p> Cet article, qui traite du th\u00e8me \u00ab\u00a0Festival Jazz et musique en mode guinguette\u00a0\u00bb, vous est d\u00e9lib\u00e9r\u00e9ment offert par festivox.fr. La raison d\u2019\u00eatre de festivox.fr est de parler de Festival Jazz et musique en mode guinguette dans la transparence la plus g\u00e9n\u00e9rale en vous procurant la visibilit\u00e9 de tout ce qui est publi\u00e9 sur ce sujet sur le web La chronique a \u00e9t\u00e9 g\u00e9n\u00e9r\u00e9e de la mani\u00e8re la plus honn\u00eate que possible. S\u2019il advenait que vous projetez d\u2019apporter quelques notes concernant le domaine de \u00ab\u00a0Festival Jazz et musique en mode guinguette\u00a0\u00bb vous avez la possibilit\u00e9 de d&rsquo;\u00e9changer avec notre r\u00e9daction. Dans peu de temps, on mettra en ligne d&rsquo;autres informations pertinentes autour du sujet \u00ab\u00a0Festival Jazz et musique en mode guinguette\u00a0\u00bb. Ainsi, consultez r\u00e9guli\u00e8rement notre site.<\/p>\n","protected":false},"excerpt":{"rendered":"<p>C\u2019est une perle rare, une perle musicale \u00e0 deux pas des Ardennes, \u00e0 une heure de Charleville-M\u00e9zi\u00e8res un festival de jazz qui n\u2019a pas chang\u00e9 de nom depuis sa cr\u00e9ation : le Gaume Jazz Festival. Et la Gaume, c\u2019est le nom de cette luxuriante campagne belge qui l\u2019a vu naitre il y a 39 ans&hellip;<\/p>\n","protected":false},"author":1,"featured_media":348,"comment_status":"closed","ping_status":"closed","sticky":false,"template":"","format":"standard","meta":{"footnotes":""},"categories":[3],"tags":[],"class_list":["post-347","post","type-post","status-publish","format-standard","has-post-thumbnail","hentry","category-wiki-sur-festival-jazz-et-musique-en-mode-guinguette"],"yoast_head":"<!-- This site is optimized with the Yoast SEO plugin v27.5 - https:\/\/yoast.com\/product\/yoast-seo-wordpress\/ -->\n<title>Le Gaume Jazz Festival, un festival unique en son genre - FESTIVOX<\/title>\n<meta name=\"robots\" content=\"index, follow, max-snippet:-1, max-image-preview:large, max-video-preview:-1\" \/>\n<link rel=\"canonical\" href=\"https:\/\/www.festivox.fr\/blog\/le-gaume-jazz-festival-un-festival-unique-en-son-genre\/\" \/>\n<meta property=\"og:locale\" content=\"fr_FR\" \/>\n<meta property=\"og:type\" content=\"article\" \/>\n<meta property=\"og:title\" content=\"Le Gaume Jazz Festival, un festival unique en son genre - FESTIVOX\" \/>\n<meta property=\"og:description\" content=\"C\u2019est une perle rare, une perle musicale \u00e0 deux pas des Ardennes, \u00e0 une heure de Charleville-M\u00e9zi\u00e8res un festival de jazz qui n\u2019a pas chang\u00e9 de nom depuis sa cr\u00e9ation : le Gaume Jazz Festival. Et la Gaume, c\u2019est le nom de cette luxuriante campagne belge qui l\u2019a vu naitre il y a 39 ans&hellip;\" \/>\n<meta property=\"og:url\" content=\"https:\/\/www.festivox.fr\/blog\/le-gaume-jazz-festival-un-festival-unique-en-son-genre\/\" \/>\n<meta property=\"og:site_name\" content=\"FESTIVOX\" \/>\n<meta property=\"article:published_time\" content=\"2023-08-11T01:37:00+00:00\" \/>\n<meta property=\"og:image\" content=\"https:\/\/www.festivox.fr\/blog\/wp-content\/uploads\/2023\/08\/le-gaume-jazz-festival-un-festival-unique-en-son-genre.webp\" \/>\n<meta name=\"author\" content=\"Michele\" \/>\n<meta name=\"twitter:card\" content=\"summary_large_image\" \/>\n<meta name=\"twitter:label1\" content=\"\u00c9crit par\" \/>\n\t<meta name=\"twitter:data1\" content=\"Michele\" \/>\n\t<meta name=\"twitter:label2\" content=\"Dur\u00e9e de lecture estim\u00e9e\" \/>\n\t<meta name=\"twitter:data2\" content=\"4 minutes\" \/>\n<script type=\"application\/ld+json\" class=\"yoast-schema-graph\">{\"@context\":\"https:\\\/\\\/schema.org\",\"@graph\":[{\"@type\":\"Article\",\"@id\":\"https:\\\/\\\/www.festivox.fr\\\/blog\\\/le-gaume-jazz-festival-un-festival-unique-en-son-genre\\\/#article\",\"isPartOf\":{\"@id\":\"https:\\\/\\\/www.festivox.fr\\\/blog\\\/le-gaume-jazz-festival-un-festival-unique-en-son-genre\\\/\"},\"author\":{\"name\":\"Michele\",\"@id\":\"https:\\\/\\\/www.festivox.fr\\\/blog\\\/#\\\/schema\\\/person\\\/f36a8b6bc94800c3eafed4bca993ce95\"},\"headline\":\"Le Gaume Jazz Festival, un festival unique en son genre\",\"datePublished\":\"2023-08-11T01:37:00+00:00\",\"mainEntityOfPage\":{\"@id\":\"https:\\\/\\\/www.festivox.fr\\\/blog\\\/le-gaume-jazz-festival-un-festival-unique-en-son-genre\\\/\"},\"wordCount\":814,\"publisher\":{\"@id\":\"https:\\\/\\\/www.festivox.fr\\\/blog\\\/#organization\"},\"image\":{\"@id\":\"https:\\\/\\\/www.festivox.fr\\\/blog\\\/le-gaume-jazz-festival-un-festival-unique-en-son-genre\\\/#primaryimage\"},\"thumbnailUrl\":\"https:\\\/\\\/www.festivox.fr\\\/blog\\\/wp-content\\\/uploads\\\/2023\\\/08\\\/le-gaume-jazz-festival-un-festival-unique-en-son-genre.webp\",\"articleSection\":[\"Wiki Sur Festival Jazz Et Musique En Mode Guinguette:\"],\"inLanguage\":\"fr-FR\"},{\"@type\":\"WebPage\",\"@id\":\"https:\\\/\\\/www.festivox.fr\\\/blog\\\/le-gaume-jazz-festival-un-festival-unique-en-son-genre\\\/\",\"url\":\"https:\\\/\\\/www.festivox.fr\\\/blog\\\/le-gaume-jazz-festival-un-festival-unique-en-son-genre\\\/\",\"name\":\"Le Gaume Jazz Festival, un festival unique en son genre - FESTIVOX\",\"isPartOf\":{\"@id\":\"https:\\\/\\\/www.festivox.fr\\\/blog\\\/#website\"},\"primaryImageOfPage\":{\"@id\":\"https:\\\/\\\/www.festivox.fr\\\/blog\\\/le-gaume-jazz-festival-un-festival-unique-en-son-genre\\\/#primaryimage\"},\"image\":{\"@id\":\"https:\\\/\\\/www.festivox.fr\\\/blog\\\/le-gaume-jazz-festival-un-festival-unique-en-son-genre\\\/#primaryimage\"},\"thumbnailUrl\":\"https:\\\/\\\/www.festivox.fr\\\/blog\\\/wp-content\\\/uploads\\\/2023\\\/08\\\/le-gaume-jazz-festival-un-festival-unique-en-son-genre.webp\",\"datePublished\":\"2023-08-11T01:37:00+00:00\",\"breadcrumb\":{\"@id\":\"https:\\\/\\\/www.festivox.fr\\\/blog\\\/le-gaume-jazz-festival-un-festival-unique-en-son-genre\\\/#breadcrumb\"},\"inLanguage\":\"fr-FR\",\"potentialAction\":[{\"@type\":\"ReadAction\",\"target\":[\"https:\\\/\\\/www.festivox.fr\\\/blog\\\/le-gaume-jazz-festival-un-festival-unique-en-son-genre\\\/\"]}]},{\"@type\":\"ImageObject\",\"inLanguage\":\"fr-FR\",\"@id\":\"https:\\\/\\\/www.festivox.fr\\\/blog\\\/le-gaume-jazz-festival-un-festival-unique-en-son-genre\\\/#primaryimage\",\"url\":\"https:\\\/\\\/www.festivox.fr\\\/blog\\\/wp-content\\\/uploads\\\/2023\\\/08\\\/le-gaume-jazz-festival-un-festival-unique-en-son-genre.webp\",\"contentUrl\":\"https:\\\/\\\/www.festivox.fr\\\/blog\\\/wp-content\\\/uploads\\\/2023\\\/08\\\/le-gaume-jazz-festival-un-festival-unique-en-son-genre.webp\",\"width\":800,\"height\":450},{\"@type\":\"BreadcrumbList\",\"@id\":\"https:\\\/\\\/www.festivox.fr\\\/blog\\\/le-gaume-jazz-festival-un-festival-unique-en-son-genre\\\/#breadcrumb\",\"itemListElement\":[{\"@type\":\"ListItem\",\"position\":1,\"name\":\"Accueil\",\"item\":\"https:\\\/\\\/www.festivox.fr\\\/blog\\\/\"},{\"@type\":\"ListItem\",\"position\":2,\"name\":\"Le Gaume Jazz Festival, un festival unique en son genre\"}]},{\"@type\":\"WebSite\",\"@id\":\"https:\\\/\\\/www.festivox.fr\\\/blog\\\/#website\",\"url\":\"https:\\\/\\\/www.festivox.fr\\\/blog\\\/\",\"name\":\"FESTIVOX\",\"description\":\"Festival en mode guinguette.\",\"publisher\":{\"@id\":\"https:\\\/\\\/www.festivox.fr\\\/blog\\\/#organization\"},\"potentialAction\":[{\"@type\":\"SearchAction\",\"target\":{\"@type\":\"EntryPoint\",\"urlTemplate\":\"https:\\\/\\\/www.festivox.fr\\\/blog\\\/?s={search_term_string}\"},\"query-input\":{\"@type\":\"PropertyValueSpecification\",\"valueRequired\":true,\"valueName\":\"search_term_string\"}}],\"inLanguage\":\"fr-FR\"},{\"@type\":\"Organization\",\"@id\":\"https:\\\/\\\/www.festivox.fr\\\/blog\\\/#organization\",\"name\":\"festivox\",\"url\":\"https:\\\/\\\/www.festivox.fr\\\/blog\\\/\",\"logo\":{\"@type\":\"ImageObject\",\"inLanguage\":\"fr-FR\",\"@id\":\"https:\\\/\\\/www.festivox.fr\\\/blog\\\/#\\\/schema\\\/logo\\\/image\\\/\",\"url\":\"https:\\\/\\\/www.festivox.fr\\\/blog\\\/wp-content\\\/uploads\\\/2023\\\/06\\\/logo-2.png\",\"contentUrl\":\"https:\\\/\\\/www.festivox.fr\\\/blog\\\/wp-content\\\/uploads\\\/2023\\\/06\\\/logo-2.png\",\"width\":480,\"height\":160,\"caption\":\"festivox\"},\"image\":{\"@id\":\"https:\\\/\\\/www.festivox.fr\\\/blog\\\/#\\\/schema\\\/logo\\\/image\\\/\"}},{\"@type\":\"Person\",\"@id\":\"https:\\\/\\\/www.festivox.fr\\\/blog\\\/#\\\/schema\\\/person\\\/f36a8b6bc94800c3eafed4bca993ce95\",\"name\":\"Michele\",\"image\":{\"@type\":\"ImageObject\",\"inLanguage\":\"fr-FR\",\"@id\":\"https:\\\/\\\/secure.gravatar.com\\\/avatar\\\/b062046536b5d47ec9075956ec349ef95ed06b0f910c578f74abb318668b702e?s=96&d=mm&r=g\",\"url\":\"https:\\\/\\\/secure.gravatar.com\\\/avatar\\\/b062046536b5d47ec9075956ec349ef95ed06b0f910c578f74abb318668b702e?s=96&d=mm&r=g\",\"contentUrl\":\"https:\\\/\\\/secure.gravatar.com\\\/avatar\\\/b062046536b5d47ec9075956ec349ef95ed06b0f910c578f74abb318668b702e?s=96&d=mm&r=g\",\"caption\":\"Michele\"},\"sameAs\":[\"https:\\\/\\\/www.festivox.fr\\\/blog\"],\"url\":\"https:\\\/\\\/www.festivox.fr\\\/blog\\\/author\\\/voxadmin\\\/\"}]}<\/script>\n<!-- \/ Yoast SEO plugin. -->","yoast_head_json":{"title":"Le Gaume Jazz Festival, un festival unique en son genre - FESTIVOX","robots":{"index":"index","follow":"follow","max-snippet":"max-snippet:-1","max-image-preview":"max-image-preview:large","max-video-preview":"max-video-preview:-1"},"canonical":"https:\/\/www.festivox.fr\/blog\/le-gaume-jazz-festival-un-festival-unique-en-son-genre\/","og_locale":"fr_FR","og_type":"article","og_title":"Le Gaume Jazz Festival, un festival unique en son genre - FESTIVOX","og_description":"C\u2019est une perle rare, une perle musicale \u00e0 deux pas des Ardennes, \u00e0 une heure de Charleville-M\u00e9zi\u00e8res un festival de jazz qui n\u2019a pas chang\u00e9 de nom depuis sa cr\u00e9ation : le Gaume Jazz Festival. Et la Gaume, c\u2019est le nom de cette luxuriante campagne belge qui l\u2019a vu naitre il y a 39 ans&hellip;","og_url":"https:\/\/www.festivox.fr\/blog\/le-gaume-jazz-festival-un-festival-unique-en-son-genre\/","og_site_name":"FESTIVOX","article_published_time":"2023-08-11T01:37:00+00:00","og_image":[{"url":"https:\/\/www.festivox.fr\/blog\/wp-content\/uploads\/2023\/08\/le-gaume-jazz-festival-un-festival-unique-en-son-genre.webp","type":"","width":"","height":""}],"author":"Michele","twitter_card":"summary_large_image","twitter_misc":{"\u00c9crit par":"Michele","Dur\u00e9e de lecture estim\u00e9e":"4 minutes"},"schema":{"@context":"https:\/\/schema.org","@graph":[{"@type":"Article","@id":"https:\/\/www.festivox.fr\/blog\/le-gaume-jazz-festival-un-festival-unique-en-son-genre\/#article","isPartOf":{"@id":"https:\/\/www.festivox.fr\/blog\/le-gaume-jazz-festival-un-festival-unique-en-son-genre\/"},"author":{"name":"Michele","@id":"https:\/\/www.festivox.fr\/blog\/#\/schema\/person\/f36a8b6bc94800c3eafed4bca993ce95"},"headline":"Le Gaume Jazz Festival, un festival unique en son genre","datePublished":"2023-08-11T01:37:00+00:00","mainEntityOfPage":{"@id":"https:\/\/www.festivox.fr\/blog\/le-gaume-jazz-festival-un-festival-unique-en-son-genre\/"},"wordCount":814,"publisher":{"@id":"https:\/\/www.festivox.fr\/blog\/#organization"},"image":{"@id":"https:\/\/www.festivox.fr\/blog\/le-gaume-jazz-festival-un-festival-unique-en-son-genre\/#primaryimage"},"thumbnailUrl":"https:\/\/www.festivox.fr\/blog\/wp-content\/uploads\/2023\/08\/le-gaume-jazz-festival-un-festival-unique-en-son-genre.webp","articleSection":["Wiki Sur Festival Jazz Et Musique En Mode Guinguette:"],"inLanguage":"fr-FR"},{"@type":"WebPage","@id":"https:\/\/www.festivox.fr\/blog\/le-gaume-jazz-festival-un-festival-unique-en-son-genre\/","url":"https:\/\/www.festivox.fr\/blog\/le-gaume-jazz-festival-un-festival-unique-en-son-genre\/","name":"Le Gaume Jazz Festival, un festival unique en son genre - FESTIVOX","isPartOf":{"@id":"https:\/\/www.festivox.fr\/blog\/#website"},"primaryImageOfPage":{"@id":"https:\/\/www.festivox.fr\/blog\/le-gaume-jazz-festival-un-festival-unique-en-son-genre\/#primaryimage"},"image":{"@id":"https:\/\/www.festivox.fr\/blog\/le-gaume-jazz-festival-un-festival-unique-en-son-genre\/#primaryimage"},"thumbnailUrl":"https:\/\/www.festivox.fr\/blog\/wp-content\/uploads\/2023\/08\/le-gaume-jazz-festival-un-festival-unique-en-son-genre.webp","datePublished":"2023-08-11T01:37:00+00:00","breadcrumb":{"@id":"https:\/\/www.festivox.fr\/blog\/le-gaume-jazz-festival-un-festival-unique-en-son-genre\/#breadcrumb"},"inLanguage":"fr-FR","potentialAction":[{"@type":"ReadAction","target":["https:\/\/www.festivox.fr\/blog\/le-gaume-jazz-festival-un-festival-unique-en-son-genre\/"]}]},{"@type":"ImageObject","inLanguage":"fr-FR","@id":"https:\/\/www.festivox.fr\/blog\/le-gaume-jazz-festival-un-festival-unique-en-son-genre\/#primaryimage","url":"https:\/\/www.festivox.fr\/blog\/wp-content\/uploads\/2023\/08\/le-gaume-jazz-festival-un-festival-unique-en-son-genre.webp","contentUrl":"https:\/\/www.festivox.fr\/blog\/wp-content\/uploads\/2023\/08\/le-gaume-jazz-festival-un-festival-unique-en-son-genre.webp","width":800,"height":450},{"@type":"BreadcrumbList","@id":"https:\/\/www.festivox.fr\/blog\/le-gaume-jazz-festival-un-festival-unique-en-son-genre\/#breadcrumb","itemListElement":[{"@type":"ListItem","position":1,"name":"Accueil","item":"https:\/\/www.festivox.fr\/blog\/"},{"@type":"ListItem","position":2,"name":"Le Gaume Jazz Festival, un festival unique en son genre"}]},{"@type":"WebSite","@id":"https:\/\/www.festivox.fr\/blog\/#website","url":"https:\/\/www.festivox.fr\/blog\/","name":"FESTIVOX","description":"Festival en mode guinguette.","publisher":{"@id":"https:\/\/www.festivox.fr\/blog\/#organization"},"potentialAction":[{"@type":"SearchAction","target":{"@type":"EntryPoint","urlTemplate":"https:\/\/www.festivox.fr\/blog\/?s={search_term_string}"},"query-input":{"@type":"PropertyValueSpecification","valueRequired":true,"valueName":"search_term_string"}}],"inLanguage":"fr-FR"},{"@type":"Organization","@id":"https:\/\/www.festivox.fr\/blog\/#organization","name":"festivox","url":"https:\/\/www.festivox.fr\/blog\/","logo":{"@type":"ImageObject","inLanguage":"fr-FR","@id":"https:\/\/www.festivox.fr\/blog\/#\/schema\/logo\/image\/","url":"https:\/\/www.festivox.fr\/blog\/wp-content\/uploads\/2023\/06\/logo-2.png","contentUrl":"https:\/\/www.festivox.fr\/blog\/wp-content\/uploads\/2023\/06\/logo-2.png","width":480,"height":160,"caption":"festivox"},"image":{"@id":"https:\/\/www.festivox.fr\/blog\/#\/schema\/logo\/image\/"}},{"@type":"Person","@id":"https:\/\/www.festivox.fr\/blog\/#\/schema\/person\/f36a8b6bc94800c3eafed4bca993ce95","name":"Michele","image":{"@type":"ImageObject","inLanguage":"fr-FR","@id":"https:\/\/secure.gravatar.com\/avatar\/b062046536b5d47ec9075956ec349ef95ed06b0f910c578f74abb318668b702e?s=96&d=mm&r=g","url":"https:\/\/secure.gravatar.com\/avatar\/b062046536b5d47ec9075956ec349ef95ed06b0f910c578f74abb318668b702e?s=96&d=mm&r=g","contentUrl":"https:\/\/secure.gravatar.com\/avatar\/b062046536b5d47ec9075956ec349ef95ed06b0f910c578f74abb318668b702e?s=96&d=mm&r=g","caption":"Michele"},"sameAs":["https:\/\/www.festivox.fr\/blog"],"url":"https:\/\/www.festivox.fr\/blog\/author\/voxadmin\/"}]}},"_links":{"self":[{"href":"https:\/\/www.festivox.fr\/blog\/wp-json\/wp\/v2\/posts\/347","targetHints":{"allow":["GET"]}}],"collection":[{"href":"https:\/\/www.festivox.fr\/blog\/wp-json\/wp\/v2\/posts"}],"about":[{"href":"https:\/\/www.festivox.fr\/blog\/wp-json\/wp\/v2\/types\/post"}],"author":[{"embeddable":true,"href":"https:\/\/www.festivox.fr\/blog\/wp-json\/wp\/v2\/users\/1"}],"replies":[{"embeddable":true,"href":"https:\/\/www.festivox.fr\/blog\/wp-json\/wp\/v2\/comments?post=347"}],"version-history":[{"count":0,"href":"https:\/\/www.festivox.fr\/blog\/wp-json\/wp\/v2\/posts\/347\/revisions"}],"wp:featuredmedia":[{"embeddable":true,"href":"https:\/\/www.festivox.fr\/blog\/wp-json\/wp\/v2\/media\/348"}],"wp:attachment":[{"href":"https:\/\/www.festivox.fr\/blog\/wp-json\/wp\/v2\/media?parent=347"}],"wp:term":[{"taxonomy":"category","embeddable":true,"href":"https:\/\/www.festivox.fr\/blog\/wp-json\/wp\/v2\/categories?post=347"},{"taxonomy":"post_tag","embeddable":true,"href":"https:\/\/www.festivox.fr\/blog\/wp-json\/wp\/v2\/tags?post=347"}],"curies":[{"name":"wp","href":"https:\/\/api.w.org\/{rel}","templated":true}]}}