{"id":344,"date":"2023-08-17T00:09:00","date_gmt":"2023-08-16T22:09:00","guid":{"rendered":"https:\/\/www.festivox.fr\/blog\/le-festivallon-se-prolonge-en-version-jazz-des-le-25-aout\/"},"modified":"2023-08-17T00:09:00","modified_gmt":"2023-08-16T22:09:00","slug":"le-festivallon-se-prolonge-en-version-jazz-des-le-25-aout","status":"publish","type":"post","link":"https:\/\/www.festivox.fr\/blog\/le-festivallon-se-prolonge-en-version-jazz-des-le-25-aout\/","title":{"rendered":"Le Festivallon se prolonge en version jazz d\u00e8s le 25 ao\u00fbt"},"content":{"rendered":"\n<p>Comme un \u00e9t\u00e9 qui dure. Pour la cinqui\u00e8me ann\u00e9e, le Festivallon joue les prolongations. Alors que les concerts programm\u00e9s&nbsp;dans les bistrots avallonnais s\u2019ach\u00e8vent ce samedi avec la F\u00eate d\u2019Avallon &#8211; o\u00f9 un concert gratuit d\u2019un tribute band au groupe pop Abba est pr\u00e9vu \u00e0 21\u2009h\u200930 avant le feu d\u2019artifice -, l\u2019association Java continue de s\u2019activer pour la pr\u00e9paration du Festivallon jazz, qui d\u00e9butera le vendredi 25&nbsp;ao\u00fbt.<\/p>\n<div class=\"p402_hide\">\n<p>\u00ab\u00a0C\u2019est toujours le m\u00eame objectif, mettre en avant la musique et les bistrots, animer Avallon, explique Bernard Cury, pr\u00e9sident de l\u2019association Java. Cette version jazzy du Festivallon est n\u00e9e parce qu\u2019il y avait une demande d\u2019un certain public dans ce genre de musique. Et puis, c\u2019est une mani\u00e8re de prolonger en douceur la fin de l\u2019\u00e9t\u00e9 jusqu\u2019\u00e0 la rentr\u00e9e, de faire durer les festivit\u00e9s.\u00a0\u00bb Quelque 50 m\u00e9lomanes s\u2019\u00e9taient d\u00e9plac\u00e9s dans chacun des concerts de l\u2019\u00e9dition 2022.<\/p>\n<\/p><\/div>\n<h3>Cinquante personnes en moyenne pour chaque concert<\/h3>\n<p>Quatre soir\u00e9es sont programm\u00e9es \u00e0 Avallon, jusqu\u2019\u00e0 la soir\u00e9e de cl\u00f4ture du 16&nbsp;septembre. \u00ab\u00a0La plupart des \u00e9tablissements qui accueilleront les musiciens ne font pas partie du Festivallon. Ce sont des restaurants plus intimistes, pas dans un d\u00e9lire rock festif, comme, par exemple l\u2019h\u00f4tel-restaurant Le Moulin des Ruats, au bord du Cousin, qui nous a rejoints cette ann\u00e9e\u00a0\u00bb, d\u00e9taille le pr\u00e9sident de l\u2019association Java.<\/p>\n<p class=\"c-lireaussi\"><span class=\"p-premium\">premium<\/span> <a href=\"https:\/\/www.lyonne.fr\/avallon-89200\/loisirs\/pour-la-fete-d-avallon-un-concert-en-hommage-a-abba-avant-le-bouquet-final_14355385\/\" target=\"_blank\" rel=\"nofollow\">Pour la F\u00eate d&rsquo;Avallon, un concert en hommage \u00e0 Abba avant le bouquet final<\/a><\/p>\n<p>Le Festivallon version jazz d\u00e9butera donc le vendredi 25&nbsp;ao\u00fbt avec un concert du groupe Vladimir Torres Trio, men\u00e9 par un bassiste contrebassiste, compositeur et arrangeur renomm\u00e9. Un show jazz qui se tiendra apr\u00e8s un d\u00eener au restaurant Cuisine Ageline, en ext\u00e9rieur, si la m\u00e9t\u00e9o le permet.<\/p>\n<p>Le programme se poursuivra le 1er&nbsp;septembre au restaurant Les Cordois autrement, rue Bocquillot, avec un groupe de swing et de jazz manouche venu de Paris, Les Fr\u00e8res Bouchard, d\u00e9j\u00e0 bien rod\u00e9 \u00e0 la sc\u00e8ne. Le Jean-Fran\u00e7ois Mignot duo encha\u00eenera pour un ap\u00e9ro concert au bord du Cousin au Moulin des Ruats, donc. Le groupe a remport\u00e9 le prestigieux concours Django Reinhardt organis\u00e9 par le festival consacr\u00e9 au c\u00e9l\u00e8bre guitariste en Seine-et-Marne.<\/p>\n<div class=\"bloc url_nl_loisirs\">\n<div id=\"nl_YR_Loisirs\" class=\"row nl\">\n<div class=\"nl-logo\"> <img decoding=\"async\" src=\"https:\/\/www.lamontagne.fr\/static\/bloc\/ripolinage\/newsletter\/logos\/IconeGratuite.svg\"> <\/div>\n<div class=\"nl-titre\">\n<p>Recevez par mail notre newsletter loisirs et retrouvez les id\u00e9es de sorties et d&rsquo;activit\u00e9s dans votre r\u00e9gion.<\/p>\n<\/p><\/div>\n<\/p><\/div>\n<\/p><\/div>\n<h3>Une soir\u00e9e de cl\u00f4ture festive au march\u00e9 couvert<\/h3>\n<p>La soir\u00e9e de cl\u00f4ture se tiendra le samedi 16&nbsp;septembre au march\u00e9 couvert, avec le groupe Holy Bounce, qui met en lumi\u00e8re les grands compositeurs de swing dansant des ann\u00e9es 1930. Pour l\u2019occasion, la chorale avallonnaise Voce Vita assurera la premi\u00e8re partie de cette soir\u00e9e qui s\u2019annonce festive. \u00ab\u00a0Le march\u00e9 couvert a une capacit\u00e9 de 400-500 spectateurs environ. Nous n\u2019en attendons pas tant, seulement une centaine de personnes\u00a0\u00bb, reconna\u00eet Bernard Cury. Et, pour cette soir\u00e9e de cl\u00f4ture, on donne ce qu\u2019on veut ou ce qu\u2019on peut \u00e0 la fin.<\/p>\n<p class=\"c-lireaussi\"><span class=\"p-premium\">premium<\/span> <a href=\"https:\/\/www.lyonne.fr\/avallon-89200\/loisirs\/bernard-cury-dit-doudou-nouvel-homme-orchestre-du-festivallon_14353654\/#Cible%20du%20lienhttps:\/\/www.lyonne.fr\/avallon-89200\/sports\/le-festivallon-celebre-ses-25-ans-a-partir-du-10-juillet_14332554\/\" target=\"_blank\" rel=\"nofollow\">Bernard Cury, dit Doudou, nouvel homme-orchestre du Festivallon<\/a><\/p>\n<p class=\"c-ligne\">Dates \u00e0 retenir<\/p>\n<p><em><strong>25&nbsp;ao\u00fbt<\/strong>.<\/em> Concert du Vladimir Torres Trio au restaurant Cuisine Ang\u00e9line, 46, porte Auxerroise. D\u00eener \u00e0 19&nbsp;heures, concert \u00e0 20&nbsp;heures.<\/p>\n<p><strong><em>1er&nbsp;septembre<\/em>.<\/strong> Concert des Fr\u00e8res Bouchard, au restaurant Les Cordois autrement, 15, rue Bocquillot. D\u00eener-concert \u00e0 20&nbsp;heures.<\/p>\n<p><em><strong>8&nbsp;septembre.<\/strong> <\/em>Concert du Jean-Fran\u00e7ois Mignot Duo \u00e0 l\u2019h\u00f4tel-restaurant Le Moulin des Ruats, 23, rue des \u00celes Labaume. Ap\u00e9ro concert \u00e0 18\u2009h\u200930.<\/p>\n<p><em><strong>16&nbsp;septembre.<\/strong><\/em> Soir\u00e9e de cl\u00f4ture au march\u00e9 couvert \u00e0 partir de 19&nbsp;heures, avec le groupe Holy Bounce, pr\u00e9c\u00e9d\u00e9 de la chorale avallonnaise Voce Vita. Prix libre.<\/p>\n<p><em><strong>Hugues Derouard<br \/>hugues.derouard@centrefrance.com<\/strong><\/em><\/p>\n<p> Cet article, qui traite du th\u00e8me \u00ab\u00a0Festival Jazz et musique en mode guinguette\u00a0\u00bb, vous est d\u00e9lib\u00e9r\u00e9ment offert par festivox.fr. La raison d\u2019\u00eatre de festivox.fr est de parler de Festival Jazz et musique en mode guinguette dans la transparence la plus g\u00e9n\u00e9rale en vous procurant la visibilit\u00e9 de tout ce qui est publi\u00e9 sur ce sujet sur le web La chronique a \u00e9t\u00e9 g\u00e9n\u00e9r\u00e9e de la mani\u00e8re la plus honn\u00eate que possible. S\u2019il advenait que vous projetez d\u2019apporter quelques notes concernant le domaine de \u00ab\u00a0Festival Jazz et musique en mode guinguette\u00a0\u00bb vous avez la possibilit\u00e9 de d&rsquo;\u00e9changer avec notre r\u00e9daction. Dans peu de temps, on mettra en ligne d&rsquo;autres informations pertinentes autour du sujet \u00ab\u00a0Festival Jazz et musique en mode guinguette\u00a0\u00bb. Ainsi, consultez r\u00e9guli\u00e8rement notre site.<\/p>\n","protected":false},"excerpt":{"rendered":"<p>Comme un \u00e9t\u00e9 qui dure. Pour la cinqui\u00e8me ann\u00e9e, le Festivallon joue les prolongations. Alors que les concerts programm\u00e9s&nbsp;dans les bistrots avallonnais s\u2019ach\u00e8vent ce samedi avec la F\u00eate d\u2019Avallon &#8211; o\u00f9 un concert gratuit d\u2019un tribute band au groupe pop Abba est pr\u00e9vu \u00e0 21\u2009h\u200930 avant le feu d\u2019artifice -, l\u2019association Java continue de s\u2019activer&hellip;<\/p>\n","protected":false},"author":1,"featured_media":398,"comment_status":"closed","ping_status":"closed","sticky":false,"template":"","format":"standard","meta":{"footnotes":""},"categories":[3],"tags":[],"class_list":["post-344","post","type-post","status-publish","format-standard","has-post-thumbnail","hentry","category-wiki-sur-festival-jazz-et-musique-en-mode-guinguette"],"yoast_head":"<!-- This site is optimized with the Yoast SEO plugin v27.5 - https:\/\/yoast.com\/product\/yoast-seo-wordpress\/ -->\n<title>Le Festivallon se prolonge en version jazz d\u00e8s le 25 ao\u00fbt - FESTIVOX<\/title>\n<meta name=\"robots\" content=\"index, follow, max-snippet:-1, max-image-preview:large, max-video-preview:-1\" \/>\n<link rel=\"canonical\" href=\"https:\/\/www.festivox.fr\/blog\/le-festivallon-se-prolonge-en-version-jazz-des-le-25-aout\/\" \/>\n<meta property=\"og:locale\" content=\"fr_FR\" \/>\n<meta property=\"og:type\" content=\"article\" \/>\n<meta property=\"og:title\" content=\"Le Festivallon se prolonge en version jazz d\u00e8s le 25 ao\u00fbt - FESTIVOX\" \/>\n<meta property=\"og:description\" content=\"Comme un \u00e9t\u00e9 qui dure. Pour la cinqui\u00e8me ann\u00e9e, le Festivallon joue les prolongations. Alors que les concerts programm\u00e9s&nbsp;dans les bistrots avallonnais s\u2019ach\u00e8vent ce samedi avec la F\u00eate d\u2019Avallon &#8211; o\u00f9 un concert gratuit d\u2019un tribute band au groupe pop Abba est pr\u00e9vu \u00e0 21\u2009h\u200930 avant le feu d\u2019artifice -, l\u2019association Java continue de s\u2019activer&hellip;\" \/>\n<meta property=\"og:url\" content=\"https:\/\/www.festivox.fr\/blog\/le-festivallon-se-prolonge-en-version-jazz-des-le-25-aout\/\" \/>\n<meta property=\"og:site_name\" content=\"FESTIVOX\" \/>\n<meta property=\"article:published_time\" content=\"2023-08-16T22:09:00+00:00\" \/>\n<meta property=\"og:image\" content=\"https:\/\/www.lamontagne.fr\/static\/bloc\/ripolinage\/newsletter\/logos\/IconeGratuite.svg\" \/>\n<meta name=\"author\" content=\"Michele\" \/>\n<meta name=\"twitter:card\" content=\"summary_large_image\" \/>\n<meta name=\"twitter:label1\" content=\"\u00c9crit par\" \/>\n\t<meta name=\"twitter:data1\" content=\"Michele\" \/>\n\t<meta name=\"twitter:label2\" content=\"Dur\u00e9e de lecture estim\u00e9e\" \/>\n\t<meta name=\"twitter:data2\" content=\"4 minutes\" \/>\n<script type=\"application\/ld+json\" class=\"yoast-schema-graph\">{\"@context\":\"https:\\\/\\\/schema.org\",\"@graph\":[{\"@type\":\"Article\",\"@id\":\"https:\\\/\\\/www.festivox.fr\\\/blog\\\/le-festivallon-se-prolonge-en-version-jazz-des-le-25-aout\\\/#article\",\"isPartOf\":{\"@id\":\"https:\\\/\\\/www.festivox.fr\\\/blog\\\/le-festivallon-se-prolonge-en-version-jazz-des-le-25-aout\\\/\"},\"author\":{\"name\":\"Michele\",\"@id\":\"https:\\\/\\\/www.festivox.fr\\\/blog\\\/#\\\/schema\\\/person\\\/f36a8b6bc94800c3eafed4bca993ce95\"},\"headline\":\"Le Festivallon se prolonge en version jazz d\u00e8s le 25 ao\u00fbt\",\"datePublished\":\"2023-08-16T22:09:00+00:00\",\"mainEntityOfPage\":{\"@id\":\"https:\\\/\\\/www.festivox.fr\\\/blog\\\/le-festivallon-se-prolonge-en-version-jazz-des-le-25-aout\\\/\"},\"wordCount\":802,\"publisher\":{\"@id\":\"https:\\\/\\\/www.festivox.fr\\\/blog\\\/#organization\"},\"image\":{\"@id\":\"https:\\\/\\\/www.festivox.fr\\\/blog\\\/le-festivallon-se-prolonge-en-version-jazz-des-le-25-aout\\\/#primaryimage\"},\"thumbnailUrl\":\"https:\\\/\\\/www.festivox.fr\\\/blog\\\/wp-content\\\/uploads\\\/2023\\\/09\\\/le-festivallon-se-prolonge-en-version-jazz-des-le-25-aout.jpg\",\"articleSection\":[\"Wiki Sur Festival Jazz Et Musique En Mode Guinguette:\"],\"inLanguage\":\"fr-FR\"},{\"@type\":\"WebPage\",\"@id\":\"https:\\\/\\\/www.festivox.fr\\\/blog\\\/le-festivallon-se-prolonge-en-version-jazz-des-le-25-aout\\\/\",\"url\":\"https:\\\/\\\/www.festivox.fr\\\/blog\\\/le-festivallon-se-prolonge-en-version-jazz-des-le-25-aout\\\/\",\"name\":\"Le Festivallon se prolonge en version jazz d\u00e8s le 25 ao\u00fbt - FESTIVOX\",\"isPartOf\":{\"@id\":\"https:\\\/\\\/www.festivox.fr\\\/blog\\\/#website\"},\"primaryImageOfPage\":{\"@id\":\"https:\\\/\\\/www.festivox.fr\\\/blog\\\/le-festivallon-se-prolonge-en-version-jazz-des-le-25-aout\\\/#primaryimage\"},\"image\":{\"@id\":\"https:\\\/\\\/www.festivox.fr\\\/blog\\\/le-festivallon-se-prolonge-en-version-jazz-des-le-25-aout\\\/#primaryimage\"},\"thumbnailUrl\":\"https:\\\/\\\/www.festivox.fr\\\/blog\\\/wp-content\\\/uploads\\\/2023\\\/09\\\/le-festivallon-se-prolonge-en-version-jazz-des-le-25-aout.jpg\",\"datePublished\":\"2023-08-16T22:09:00+00:00\",\"breadcrumb\":{\"@id\":\"https:\\\/\\\/www.festivox.fr\\\/blog\\\/le-festivallon-se-prolonge-en-version-jazz-des-le-25-aout\\\/#breadcrumb\"},\"inLanguage\":\"fr-FR\",\"potentialAction\":[{\"@type\":\"ReadAction\",\"target\":[\"https:\\\/\\\/www.festivox.fr\\\/blog\\\/le-festivallon-se-prolonge-en-version-jazz-des-le-25-aout\\\/\"]}]},{\"@type\":\"ImageObject\",\"inLanguage\":\"fr-FR\",\"@id\":\"https:\\\/\\\/www.festivox.fr\\\/blog\\\/le-festivallon-se-prolonge-en-version-jazz-des-le-25-aout\\\/#primaryimage\",\"url\":\"https:\\\/\\\/www.festivox.fr\\\/blog\\\/wp-content\\\/uploads\\\/2023\\\/09\\\/le-festivallon-se-prolonge-en-version-jazz-des-le-25-aout.jpg\",\"contentUrl\":\"https:\\\/\\\/www.festivox.fr\\\/blog\\\/wp-content\\\/uploads\\\/2023\\\/09\\\/le-festivallon-se-prolonge-en-version-jazz-des-le-25-aout.jpg\",\"width\":548,\"height\":438},{\"@type\":\"BreadcrumbList\",\"@id\":\"https:\\\/\\\/www.festivox.fr\\\/blog\\\/le-festivallon-se-prolonge-en-version-jazz-des-le-25-aout\\\/#breadcrumb\",\"itemListElement\":[{\"@type\":\"ListItem\",\"position\":1,\"name\":\"Accueil\",\"item\":\"https:\\\/\\\/www.festivox.fr\\\/blog\\\/\"},{\"@type\":\"ListItem\",\"position\":2,\"name\":\"Le Festivallon se prolonge en version jazz d\u00e8s le 25 ao\u00fbt\"}]},{\"@type\":\"WebSite\",\"@id\":\"https:\\\/\\\/www.festivox.fr\\\/blog\\\/#website\",\"url\":\"https:\\\/\\\/www.festivox.fr\\\/blog\\\/\",\"name\":\"FESTIVOX\",\"description\":\"Festival en mode guinguette.\",\"publisher\":{\"@id\":\"https:\\\/\\\/www.festivox.fr\\\/blog\\\/#organization\"},\"potentialAction\":[{\"@type\":\"SearchAction\",\"target\":{\"@type\":\"EntryPoint\",\"urlTemplate\":\"https:\\\/\\\/www.festivox.fr\\\/blog\\\/?s={search_term_string}\"},\"query-input\":{\"@type\":\"PropertyValueSpecification\",\"valueRequired\":true,\"valueName\":\"search_term_string\"}}],\"inLanguage\":\"fr-FR\"},{\"@type\":\"Organization\",\"@id\":\"https:\\\/\\\/www.festivox.fr\\\/blog\\\/#organization\",\"name\":\"festivox\",\"url\":\"https:\\\/\\\/www.festivox.fr\\\/blog\\\/\",\"logo\":{\"@type\":\"ImageObject\",\"inLanguage\":\"fr-FR\",\"@id\":\"https:\\\/\\\/www.festivox.fr\\\/blog\\\/#\\\/schema\\\/logo\\\/image\\\/\",\"url\":\"https:\\\/\\\/www.festivox.fr\\\/blog\\\/wp-content\\\/uploads\\\/2023\\\/06\\\/logo-2.png\",\"contentUrl\":\"https:\\\/\\\/www.festivox.fr\\\/blog\\\/wp-content\\\/uploads\\\/2023\\\/06\\\/logo-2.png\",\"width\":480,\"height\":160,\"caption\":\"festivox\"},\"image\":{\"@id\":\"https:\\\/\\\/www.festivox.fr\\\/blog\\\/#\\\/schema\\\/logo\\\/image\\\/\"}},{\"@type\":\"Person\",\"@id\":\"https:\\\/\\\/www.festivox.fr\\\/blog\\\/#\\\/schema\\\/person\\\/f36a8b6bc94800c3eafed4bca993ce95\",\"name\":\"Michele\",\"image\":{\"@type\":\"ImageObject\",\"inLanguage\":\"fr-FR\",\"@id\":\"https:\\\/\\\/secure.gravatar.com\\\/avatar\\\/b062046536b5d47ec9075956ec349ef95ed06b0f910c578f74abb318668b702e?s=96&d=mm&r=g\",\"url\":\"https:\\\/\\\/secure.gravatar.com\\\/avatar\\\/b062046536b5d47ec9075956ec349ef95ed06b0f910c578f74abb318668b702e?s=96&d=mm&r=g\",\"contentUrl\":\"https:\\\/\\\/secure.gravatar.com\\\/avatar\\\/b062046536b5d47ec9075956ec349ef95ed06b0f910c578f74abb318668b702e?s=96&d=mm&r=g\",\"caption\":\"Michele\"},\"sameAs\":[\"https:\\\/\\\/www.festivox.fr\\\/blog\"],\"url\":\"https:\\\/\\\/www.festivox.fr\\\/blog\\\/author\\\/voxadmin\\\/\"}]}<\/script>\n<!-- \/ Yoast SEO plugin. -->","yoast_head_json":{"title":"Le Festivallon se prolonge en version jazz d\u00e8s le 25 ao\u00fbt - FESTIVOX","robots":{"index":"index","follow":"follow","max-snippet":"max-snippet:-1","max-image-preview":"max-image-preview:large","max-video-preview":"max-video-preview:-1"},"canonical":"https:\/\/www.festivox.fr\/blog\/le-festivallon-se-prolonge-en-version-jazz-des-le-25-aout\/","og_locale":"fr_FR","og_type":"article","og_title":"Le Festivallon se prolonge en version jazz d\u00e8s le 25 ao\u00fbt - FESTIVOX","og_description":"Comme un \u00e9t\u00e9 qui dure. Pour la cinqui\u00e8me ann\u00e9e, le Festivallon joue les prolongations. Alors que les concerts programm\u00e9s&nbsp;dans les bistrots avallonnais s\u2019ach\u00e8vent ce samedi avec la F\u00eate d\u2019Avallon &#8211; o\u00f9 un concert gratuit d\u2019un tribute band au groupe pop Abba est pr\u00e9vu \u00e0 21\u2009h\u200930 avant le feu d\u2019artifice -, l\u2019association Java continue de s\u2019activer&hellip;","og_url":"https:\/\/www.festivox.fr\/blog\/le-festivallon-se-prolonge-en-version-jazz-des-le-25-aout\/","og_site_name":"FESTIVOX","article_published_time":"2023-08-16T22:09:00+00:00","og_image":[{"url":"https:\/\/www.lamontagne.fr\/static\/bloc\/ripolinage\/newsletter\/logos\/IconeGratuite.svg","type":"","width":"","height":""}],"author":"Michele","twitter_card":"summary_large_image","twitter_misc":{"\u00c9crit par":"Michele","Dur\u00e9e de lecture estim\u00e9e":"4 minutes"},"schema":{"@context":"https:\/\/schema.org","@graph":[{"@type":"Article","@id":"https:\/\/www.festivox.fr\/blog\/le-festivallon-se-prolonge-en-version-jazz-des-le-25-aout\/#article","isPartOf":{"@id":"https:\/\/www.festivox.fr\/blog\/le-festivallon-se-prolonge-en-version-jazz-des-le-25-aout\/"},"author":{"name":"Michele","@id":"https:\/\/www.festivox.fr\/blog\/#\/schema\/person\/f36a8b6bc94800c3eafed4bca993ce95"},"headline":"Le Festivallon se prolonge en version jazz d\u00e8s le 25 ao\u00fbt","datePublished":"2023-08-16T22:09:00+00:00","mainEntityOfPage":{"@id":"https:\/\/www.festivox.fr\/blog\/le-festivallon-se-prolonge-en-version-jazz-des-le-25-aout\/"},"wordCount":802,"publisher":{"@id":"https:\/\/www.festivox.fr\/blog\/#organization"},"image":{"@id":"https:\/\/www.festivox.fr\/blog\/le-festivallon-se-prolonge-en-version-jazz-des-le-25-aout\/#primaryimage"},"thumbnailUrl":"https:\/\/www.festivox.fr\/blog\/wp-content\/uploads\/2023\/09\/le-festivallon-se-prolonge-en-version-jazz-des-le-25-aout.jpg","articleSection":["Wiki Sur Festival Jazz Et Musique En Mode Guinguette:"],"inLanguage":"fr-FR"},{"@type":"WebPage","@id":"https:\/\/www.festivox.fr\/blog\/le-festivallon-se-prolonge-en-version-jazz-des-le-25-aout\/","url":"https:\/\/www.festivox.fr\/blog\/le-festivallon-se-prolonge-en-version-jazz-des-le-25-aout\/","name":"Le Festivallon se prolonge en version jazz d\u00e8s le 25 ao\u00fbt - FESTIVOX","isPartOf":{"@id":"https:\/\/www.festivox.fr\/blog\/#website"},"primaryImageOfPage":{"@id":"https:\/\/www.festivox.fr\/blog\/le-festivallon-se-prolonge-en-version-jazz-des-le-25-aout\/#primaryimage"},"image":{"@id":"https:\/\/www.festivox.fr\/blog\/le-festivallon-se-prolonge-en-version-jazz-des-le-25-aout\/#primaryimage"},"thumbnailUrl":"https:\/\/www.festivox.fr\/blog\/wp-content\/uploads\/2023\/09\/le-festivallon-se-prolonge-en-version-jazz-des-le-25-aout.jpg","datePublished":"2023-08-16T22:09:00+00:00","breadcrumb":{"@id":"https:\/\/www.festivox.fr\/blog\/le-festivallon-se-prolonge-en-version-jazz-des-le-25-aout\/#breadcrumb"},"inLanguage":"fr-FR","potentialAction":[{"@type":"ReadAction","target":["https:\/\/www.festivox.fr\/blog\/le-festivallon-se-prolonge-en-version-jazz-des-le-25-aout\/"]}]},{"@type":"ImageObject","inLanguage":"fr-FR","@id":"https:\/\/www.festivox.fr\/blog\/le-festivallon-se-prolonge-en-version-jazz-des-le-25-aout\/#primaryimage","url":"https:\/\/www.festivox.fr\/blog\/wp-content\/uploads\/2023\/09\/le-festivallon-se-prolonge-en-version-jazz-des-le-25-aout.jpg","contentUrl":"https:\/\/www.festivox.fr\/blog\/wp-content\/uploads\/2023\/09\/le-festivallon-se-prolonge-en-version-jazz-des-le-25-aout.jpg","width":548,"height":438},{"@type":"BreadcrumbList","@id":"https:\/\/www.festivox.fr\/blog\/le-festivallon-se-prolonge-en-version-jazz-des-le-25-aout\/#breadcrumb","itemListElement":[{"@type":"ListItem","position":1,"name":"Accueil","item":"https:\/\/www.festivox.fr\/blog\/"},{"@type":"ListItem","position":2,"name":"Le Festivallon se prolonge en version jazz d\u00e8s le 25 ao\u00fbt"}]},{"@type":"WebSite","@id":"https:\/\/www.festivox.fr\/blog\/#website","url":"https:\/\/www.festivox.fr\/blog\/","name":"FESTIVOX","description":"Festival en mode guinguette.","publisher":{"@id":"https:\/\/www.festivox.fr\/blog\/#organization"},"potentialAction":[{"@type":"SearchAction","target":{"@type":"EntryPoint","urlTemplate":"https:\/\/www.festivox.fr\/blog\/?s={search_term_string}"},"query-input":{"@type":"PropertyValueSpecification","valueRequired":true,"valueName":"search_term_string"}}],"inLanguage":"fr-FR"},{"@type":"Organization","@id":"https:\/\/www.festivox.fr\/blog\/#organization","name":"festivox","url":"https:\/\/www.festivox.fr\/blog\/","logo":{"@type":"ImageObject","inLanguage":"fr-FR","@id":"https:\/\/www.festivox.fr\/blog\/#\/schema\/logo\/image\/","url":"https:\/\/www.festivox.fr\/blog\/wp-content\/uploads\/2023\/06\/logo-2.png","contentUrl":"https:\/\/www.festivox.fr\/blog\/wp-content\/uploads\/2023\/06\/logo-2.png","width":480,"height":160,"caption":"festivox"},"image":{"@id":"https:\/\/www.festivox.fr\/blog\/#\/schema\/logo\/image\/"}},{"@type":"Person","@id":"https:\/\/www.festivox.fr\/blog\/#\/schema\/person\/f36a8b6bc94800c3eafed4bca993ce95","name":"Michele","image":{"@type":"ImageObject","inLanguage":"fr-FR","@id":"https:\/\/secure.gravatar.com\/avatar\/b062046536b5d47ec9075956ec349ef95ed06b0f910c578f74abb318668b702e?s=96&d=mm&r=g","url":"https:\/\/secure.gravatar.com\/avatar\/b062046536b5d47ec9075956ec349ef95ed06b0f910c578f74abb318668b702e?s=96&d=mm&r=g","contentUrl":"https:\/\/secure.gravatar.com\/avatar\/b062046536b5d47ec9075956ec349ef95ed06b0f910c578f74abb318668b702e?s=96&d=mm&r=g","caption":"Michele"},"sameAs":["https:\/\/www.festivox.fr\/blog"],"url":"https:\/\/www.festivox.fr\/blog\/author\/voxadmin\/"}]}},"_links":{"self":[{"href":"https:\/\/www.festivox.fr\/blog\/wp-json\/wp\/v2\/posts\/344","targetHints":{"allow":["GET"]}}],"collection":[{"href":"https:\/\/www.festivox.fr\/blog\/wp-json\/wp\/v2\/posts"}],"about":[{"href":"https:\/\/www.festivox.fr\/blog\/wp-json\/wp\/v2\/types\/post"}],"author":[{"embeddable":true,"href":"https:\/\/www.festivox.fr\/blog\/wp-json\/wp\/v2\/users\/1"}],"replies":[{"embeddable":true,"href":"https:\/\/www.festivox.fr\/blog\/wp-json\/wp\/v2\/comments?post=344"}],"version-history":[{"count":0,"href":"https:\/\/www.festivox.fr\/blog\/wp-json\/wp\/v2\/posts\/344\/revisions"}],"wp:featuredmedia":[{"embeddable":true,"href":"https:\/\/www.festivox.fr\/blog\/wp-json\/wp\/v2\/media\/398"}],"wp:attachment":[{"href":"https:\/\/www.festivox.fr\/blog\/wp-json\/wp\/v2\/media?parent=344"}],"wp:term":[{"taxonomy":"category","embeddable":true,"href":"https:\/\/www.festivox.fr\/blog\/wp-json\/wp\/v2\/categories?post=344"},{"taxonomy":"post_tag","embeddable":true,"href":"https:\/\/www.festivox.fr\/blog\/wp-json\/wp\/v2\/tags?post=344"}],"curies":[{"name":"wp","href":"https:\/\/api.w.org\/{rel}","templated":true}]}}