{"id":336,"date":"2023-08-10T00:39:00","date_gmt":"2023-08-09T22:39:00","guid":{"rendered":"https:\/\/www.festivox.fr\/blog\/pont-de-larn-le-tres-beau-succes-de-la-soiree-jazz\/"},"modified":"2023-08-10T00:39:00","modified_gmt":"2023-08-09T22:39:00","slug":"pont-de-larn-le-tres-beau-succes-de-la-soiree-jazz","status":"publish","type":"post","link":"https:\/\/www.festivox.fr\/blog\/pont-de-larn-le-tres-beau-succes-de-la-soiree-jazz\/","title":{"rendered":"Pont-de-Larn. Le tr\u00e8s beau succ\u00e8s de la soir\u00e9e \u00ab\u00a0Jazz\u00a0\u00bb"},"content":{"rendered":"\n<div><img decoding=\"async\" src=\"https:\/\/www.festivox.fr\/blog\/wp-content\/uploads\/2023\/08\/pont-de-larn-le-tres-beau-succes-de-la-soiree-jazz.jpg\" class=\"ff-og-image-inserted\"><\/div>\n<p>La r\u00e9cente soir\u00e9e Jazz \u00e0 Pont-de-Larn avait r\u00e9uni plus de 400 spectateurs pour le concert du groupe avignonnais \u00ab\u00a0The Yellbows\u00a0\u00bb sous la halle du Claouzou. Ce public venu nombreux n\u2019a pas tari d\u2019\u00e9loges sur la qualit\u00e9 musicale de la prestation propos\u00e9e.<\/p>\n<p><!-- Pub DFP Position [outstream] --> <\/p>\n<p>Ce quartet qualifi\u00e9 d\u2019\u00a0\u00bbun peu fou\u00a0\u00bb a s\u00e9duit le public avec sa musique aux inspirations blues, funky, folk et ses compositions, m\u00e9lange de jazz et de rock jou\u00e9es avec une \u00e9nergie communicative. Cette soir\u00e9e s\u2019est d\u00e9roul\u00e9e dans une ambiance festive appr\u00e9ci\u00e9e par toutes et tous. Apr\u00e8s le report, pour cause d\u2019intemp\u00e9ries, du pique-nique musical tr\u00e8s regrett\u00e9 par les habitants, la commune a r\u00e9ussi son pari, aid\u00e9e cette fois par une m\u00e9t\u00e9o beaucoup plus cl\u00e9mente. Il faut dire aussi que la possibilit\u00e9 de se restaurer autour d\u2019une excellente cuisine r\u00e9unionnaise propos\u00e9e par \u00ab\u00a0Soleil Vanille\u00a0\u00bb a rajout\u00e9 un charme exotique \u00e0 la soir\u00e9e.<\/p>\n<p><!-- Pub DFP Position [article] --> <\/p>\n<p>La municipalit\u00e9 adresse un grand merci \u00e0 Marc Cauquil trompettiste de jazz mazam\u00e9tain et fort connu dans le milieu qui propose, chaque ann\u00e9e, une programmation de grande qualit\u00e9. Ces soir\u00e9es Jazz ont maintenant trouv\u00e9 leur public du c\u00f4t\u00e9 de Pont-de-Larn.<\/p>\n<p>Vivement l\u2019an prochain pour une nouvelle soir\u00e9e !<\/p>\n<p> Cet article, qui traite du th\u00e8me \u00ab\u00a0Festival Jazz et musique en mode guinguette\u00a0\u00bb, vous est d\u00e9lib\u00e9r\u00e9ment offert par festivox.fr. La raison d\u2019\u00eatre de festivox.fr est de parler de Festival Jazz et musique en mode guinguette dans la transparence la plus g\u00e9n\u00e9rale en vous procurant la visibilit\u00e9 de tout ce qui est publi\u00e9 sur ce sujet sur le web La chronique a \u00e9t\u00e9 g\u00e9n\u00e9r\u00e9e de la mani\u00e8re la plus honn\u00eate que possible. S\u2019il advenait que vous projetez d\u2019apporter quelques notes concernant le domaine de \u00ab\u00a0Festival Jazz et musique en mode guinguette\u00a0\u00bb vous avez la possibilit\u00e9 de d&rsquo;\u00e9changer avec notre r\u00e9daction. Dans peu de temps, on mettra en ligne d&rsquo;autres informations pertinentes autour du sujet \u00ab\u00a0Festival Jazz et musique en mode guinguette\u00a0\u00bb. Ainsi, consultez r\u00e9guli\u00e8rement notre site.<\/p>\n","protected":false},"excerpt":{"rendered":"<p>La r\u00e9cente soir\u00e9e Jazz \u00e0 Pont-de-Larn avait r\u00e9uni plus de 400 spectateurs pour le concert du groupe avignonnais \u00ab\u00a0The Yellbows\u00a0\u00bb sous la halle du Claouzou. Ce public venu nombreux n\u2019a pas tari d\u2019\u00e9loges sur la qualit\u00e9 musicale de la prestation propos\u00e9e. Ce quartet qualifi\u00e9 d\u2019\u00a0\u00bbun peu fou\u00a0\u00bb a s\u00e9duit le public avec sa musique aux&hellip;<\/p>\n","protected":false},"author":1,"featured_media":337,"comment_status":"closed","ping_status":"closed","sticky":false,"template":"","format":"standard","meta":{"footnotes":""},"categories":[3],"tags":[],"class_list":["post-336","post","type-post","status-publish","format-standard","has-post-thumbnail","hentry","category-wiki-sur-festival-jazz-et-musique-en-mode-guinguette"],"yoast_head":"<!-- This site is optimized with the Yoast SEO plugin v27.5 - https:\/\/yoast.com\/product\/yoast-seo-wordpress\/ -->\n<title>Pont-de-Larn. Le tr\u00e8s beau succ\u00e8s de la soir\u00e9e &quot;Jazz&quot; - FESTIVOX<\/title>\n<meta name=\"robots\" content=\"index, follow, max-snippet:-1, max-image-preview:large, max-video-preview:-1\" \/>\n<link rel=\"canonical\" href=\"https:\/\/www.festivox.fr\/blog\/pont-de-larn-le-tres-beau-succes-de-la-soiree-jazz\/\" \/>\n<meta property=\"og:locale\" content=\"fr_FR\" \/>\n<meta property=\"og:type\" content=\"article\" \/>\n<meta property=\"og:title\" content=\"Pont-de-Larn. Le tr\u00e8s beau succ\u00e8s de la soir\u00e9e &quot;Jazz&quot; - FESTIVOX\" \/>\n<meta property=\"og:description\" content=\"La r\u00e9cente soir\u00e9e Jazz \u00e0 Pont-de-Larn avait r\u00e9uni plus de 400 spectateurs pour le concert du groupe avignonnais \u00ab\u00a0The Yellbows\u00a0\u00bb sous la halle du Claouzou. Ce public venu nombreux n\u2019a pas tari d\u2019\u00e9loges sur la qualit\u00e9 musicale de la prestation propos\u00e9e. Ce quartet qualifi\u00e9 d\u2019\u00a0\u00bbun peu fou\u00a0\u00bb a s\u00e9duit le public avec sa musique aux&hellip;\" \/>\n<meta property=\"og:url\" content=\"https:\/\/www.festivox.fr\/blog\/pont-de-larn-le-tres-beau-succes-de-la-soiree-jazz\/\" \/>\n<meta property=\"og:site_name\" content=\"FESTIVOX\" \/>\n<meta property=\"article:published_time\" content=\"2023-08-09T22:39:00+00:00\" \/>\n<meta property=\"og:image\" content=\"https:\/\/www.festivox.fr\/blog\/wp-content\/uploads\/2023\/08\/pont-de-larn-le-tres-beau-succes-de-la-soiree-jazz.jpg\" \/>\n<meta name=\"author\" content=\"Michele\" \/>\n<meta name=\"twitter:card\" content=\"summary_large_image\" \/>\n<meta name=\"twitter:label1\" content=\"\u00c9crit par\" \/>\n\t<meta name=\"twitter:data1\" content=\"Michele\" \/>\n\t<meta name=\"twitter:label2\" content=\"Dur\u00e9e de lecture estim\u00e9e\" \/>\n\t<meta name=\"twitter:data2\" content=\"2 minutes\" \/>\n<script type=\"application\/ld+json\" class=\"yoast-schema-graph\">{\"@context\":\"https:\\\/\\\/schema.org\",\"@graph\":[{\"@type\":\"Article\",\"@id\":\"https:\\\/\\\/www.festivox.fr\\\/blog\\\/pont-de-larn-le-tres-beau-succes-de-la-soiree-jazz\\\/#article\",\"isPartOf\":{\"@id\":\"https:\\\/\\\/www.festivox.fr\\\/blog\\\/pont-de-larn-le-tres-beau-succes-de-la-soiree-jazz\\\/\"},\"author\":{\"name\":\"Michele\",\"@id\":\"https:\\\/\\\/www.festivox.fr\\\/blog\\\/#\\\/schema\\\/person\\\/f36a8b6bc94800c3eafed4bca993ce95\"},\"headline\":\"Pont-de-Larn. Le tr\u00e8s beau succ\u00e8s de la soir\u00e9e \u00ab\u00a0Jazz\u00a0\u00bb\",\"datePublished\":\"2023-08-09T22:39:00+00:00\",\"mainEntityOfPage\":{\"@id\":\"https:\\\/\\\/www.festivox.fr\\\/blog\\\/pont-de-larn-le-tres-beau-succes-de-la-soiree-jazz\\\/\"},\"wordCount\":377,\"publisher\":{\"@id\":\"https:\\\/\\\/www.festivox.fr\\\/blog\\\/#organization\"},\"image\":{\"@id\":\"https:\\\/\\\/www.festivox.fr\\\/blog\\\/pont-de-larn-le-tres-beau-succes-de-la-soiree-jazz\\\/#primaryimage\"},\"thumbnailUrl\":\"https:\\\/\\\/www.festivox.fr\\\/blog\\\/wp-content\\\/uploads\\\/2023\\\/08\\\/pont-de-larn-le-tres-beau-succes-de-la-soiree-jazz.jpg\",\"articleSection\":[\"Wiki Sur Festival Jazz Et Musique En Mode Guinguette:\"],\"inLanguage\":\"fr-FR\"},{\"@type\":\"WebPage\",\"@id\":\"https:\\\/\\\/www.festivox.fr\\\/blog\\\/pont-de-larn-le-tres-beau-succes-de-la-soiree-jazz\\\/\",\"url\":\"https:\\\/\\\/www.festivox.fr\\\/blog\\\/pont-de-larn-le-tres-beau-succes-de-la-soiree-jazz\\\/\",\"name\":\"Pont-de-Larn. Le tr\u00e8s beau succ\u00e8s de la soir\u00e9e \\\"Jazz\\\" - FESTIVOX\",\"isPartOf\":{\"@id\":\"https:\\\/\\\/www.festivox.fr\\\/blog\\\/#website\"},\"primaryImageOfPage\":{\"@id\":\"https:\\\/\\\/www.festivox.fr\\\/blog\\\/pont-de-larn-le-tres-beau-succes-de-la-soiree-jazz\\\/#primaryimage\"},\"image\":{\"@id\":\"https:\\\/\\\/www.festivox.fr\\\/blog\\\/pont-de-larn-le-tres-beau-succes-de-la-soiree-jazz\\\/#primaryimage\"},\"thumbnailUrl\":\"https:\\\/\\\/www.festivox.fr\\\/blog\\\/wp-content\\\/uploads\\\/2023\\\/08\\\/pont-de-larn-le-tres-beau-succes-de-la-soiree-jazz.jpg\",\"datePublished\":\"2023-08-09T22:39:00+00:00\",\"breadcrumb\":{\"@id\":\"https:\\\/\\\/www.festivox.fr\\\/blog\\\/pont-de-larn-le-tres-beau-succes-de-la-soiree-jazz\\\/#breadcrumb\"},\"inLanguage\":\"fr-FR\",\"potentialAction\":[{\"@type\":\"ReadAction\",\"target\":[\"https:\\\/\\\/www.festivox.fr\\\/blog\\\/pont-de-larn-le-tres-beau-succes-de-la-soiree-jazz\\\/\"]}]},{\"@type\":\"ImageObject\",\"inLanguage\":\"fr-FR\",\"@id\":\"https:\\\/\\\/www.festivox.fr\\\/blog\\\/pont-de-larn-le-tres-beau-succes-de-la-soiree-jazz\\\/#primaryimage\",\"url\":\"https:\\\/\\\/www.festivox.fr\\\/blog\\\/wp-content\\\/uploads\\\/2023\\\/08\\\/pont-de-larn-le-tres-beau-succes-de-la-soiree-jazz.jpg\",\"contentUrl\":\"https:\\\/\\\/www.festivox.fr\\\/blog\\\/wp-content\\\/uploads\\\/2023\\\/08\\\/pont-de-larn-le-tres-beau-succes-de-la-soiree-jazz.jpg\",\"width\":885,\"height\":500},{\"@type\":\"BreadcrumbList\",\"@id\":\"https:\\\/\\\/www.festivox.fr\\\/blog\\\/pont-de-larn-le-tres-beau-succes-de-la-soiree-jazz\\\/#breadcrumb\",\"itemListElement\":[{\"@type\":\"ListItem\",\"position\":1,\"name\":\"Accueil\",\"item\":\"https:\\\/\\\/www.festivox.fr\\\/blog\\\/\"},{\"@type\":\"ListItem\",\"position\":2,\"name\":\"Pont-de-Larn. Le tr\u00e8s beau succ\u00e8s de la soir\u00e9e \u00ab\u00a0Jazz\u00a0\u00bb\"}]},{\"@type\":\"WebSite\",\"@id\":\"https:\\\/\\\/www.festivox.fr\\\/blog\\\/#website\",\"url\":\"https:\\\/\\\/www.festivox.fr\\\/blog\\\/\",\"name\":\"FESTIVOX\",\"description\":\"Festival en mode guinguette.\",\"publisher\":{\"@id\":\"https:\\\/\\\/www.festivox.fr\\\/blog\\\/#organization\"},\"potentialAction\":[{\"@type\":\"SearchAction\",\"target\":{\"@type\":\"EntryPoint\",\"urlTemplate\":\"https:\\\/\\\/www.festivox.fr\\\/blog\\\/?s={search_term_string}\"},\"query-input\":{\"@type\":\"PropertyValueSpecification\",\"valueRequired\":true,\"valueName\":\"search_term_string\"}}],\"inLanguage\":\"fr-FR\"},{\"@type\":\"Organization\",\"@id\":\"https:\\\/\\\/www.festivox.fr\\\/blog\\\/#organization\",\"name\":\"festivox\",\"url\":\"https:\\\/\\\/www.festivox.fr\\\/blog\\\/\",\"logo\":{\"@type\":\"ImageObject\",\"inLanguage\":\"fr-FR\",\"@id\":\"https:\\\/\\\/www.festivox.fr\\\/blog\\\/#\\\/schema\\\/logo\\\/image\\\/\",\"url\":\"https:\\\/\\\/www.festivox.fr\\\/blog\\\/wp-content\\\/uploads\\\/2023\\\/06\\\/logo-2.png\",\"contentUrl\":\"https:\\\/\\\/www.festivox.fr\\\/blog\\\/wp-content\\\/uploads\\\/2023\\\/06\\\/logo-2.png\",\"width\":480,\"height\":160,\"caption\":\"festivox\"},\"image\":{\"@id\":\"https:\\\/\\\/www.festivox.fr\\\/blog\\\/#\\\/schema\\\/logo\\\/image\\\/\"}},{\"@type\":\"Person\",\"@id\":\"https:\\\/\\\/www.festivox.fr\\\/blog\\\/#\\\/schema\\\/person\\\/f36a8b6bc94800c3eafed4bca993ce95\",\"name\":\"Michele\",\"image\":{\"@type\":\"ImageObject\",\"inLanguage\":\"fr-FR\",\"@id\":\"https:\\\/\\\/secure.gravatar.com\\\/avatar\\\/b062046536b5d47ec9075956ec349ef95ed06b0f910c578f74abb318668b702e?s=96&d=mm&r=g\",\"url\":\"https:\\\/\\\/secure.gravatar.com\\\/avatar\\\/b062046536b5d47ec9075956ec349ef95ed06b0f910c578f74abb318668b702e?s=96&d=mm&r=g\",\"contentUrl\":\"https:\\\/\\\/secure.gravatar.com\\\/avatar\\\/b062046536b5d47ec9075956ec349ef95ed06b0f910c578f74abb318668b702e?s=96&d=mm&r=g\",\"caption\":\"Michele\"},\"sameAs\":[\"https:\\\/\\\/www.festivox.fr\\\/blog\"],\"url\":\"https:\\\/\\\/www.festivox.fr\\\/blog\\\/author\\\/voxadmin\\\/\"}]}<\/script>\n<!-- \/ Yoast SEO plugin. -->","yoast_head_json":{"title":"Pont-de-Larn. Le tr\u00e8s beau succ\u00e8s de la soir\u00e9e \"Jazz\" - FESTIVOX","robots":{"index":"index","follow":"follow","max-snippet":"max-snippet:-1","max-image-preview":"max-image-preview:large","max-video-preview":"max-video-preview:-1"},"canonical":"https:\/\/www.festivox.fr\/blog\/pont-de-larn-le-tres-beau-succes-de-la-soiree-jazz\/","og_locale":"fr_FR","og_type":"article","og_title":"Pont-de-Larn. Le tr\u00e8s beau succ\u00e8s de la soir\u00e9e \"Jazz\" - FESTIVOX","og_description":"La r\u00e9cente soir\u00e9e Jazz \u00e0 Pont-de-Larn avait r\u00e9uni plus de 400 spectateurs pour le concert du groupe avignonnais \u00ab\u00a0The Yellbows\u00a0\u00bb sous la halle du Claouzou. Ce public venu nombreux n\u2019a pas tari d\u2019\u00e9loges sur la qualit\u00e9 musicale de la prestation propos\u00e9e. Ce quartet qualifi\u00e9 d\u2019\u00a0\u00bbun peu fou\u00a0\u00bb a s\u00e9duit le public avec sa musique aux&hellip;","og_url":"https:\/\/www.festivox.fr\/blog\/pont-de-larn-le-tres-beau-succes-de-la-soiree-jazz\/","og_site_name":"FESTIVOX","article_published_time":"2023-08-09T22:39:00+00:00","og_image":[{"url":"https:\/\/www.festivox.fr\/blog\/wp-content\/uploads\/2023\/08\/pont-de-larn-le-tres-beau-succes-de-la-soiree-jazz.jpg","type":"","width":"","height":""}],"author":"Michele","twitter_card":"summary_large_image","twitter_misc":{"\u00c9crit par":"Michele","Dur\u00e9e de lecture estim\u00e9e":"2 minutes"},"schema":{"@context":"https:\/\/schema.org","@graph":[{"@type":"Article","@id":"https:\/\/www.festivox.fr\/blog\/pont-de-larn-le-tres-beau-succes-de-la-soiree-jazz\/#article","isPartOf":{"@id":"https:\/\/www.festivox.fr\/blog\/pont-de-larn-le-tres-beau-succes-de-la-soiree-jazz\/"},"author":{"name":"Michele","@id":"https:\/\/www.festivox.fr\/blog\/#\/schema\/person\/f36a8b6bc94800c3eafed4bca993ce95"},"headline":"Pont-de-Larn. Le tr\u00e8s beau succ\u00e8s de la soir\u00e9e \u00ab\u00a0Jazz\u00a0\u00bb","datePublished":"2023-08-09T22:39:00+00:00","mainEntityOfPage":{"@id":"https:\/\/www.festivox.fr\/blog\/pont-de-larn-le-tres-beau-succes-de-la-soiree-jazz\/"},"wordCount":377,"publisher":{"@id":"https:\/\/www.festivox.fr\/blog\/#organization"},"image":{"@id":"https:\/\/www.festivox.fr\/blog\/pont-de-larn-le-tres-beau-succes-de-la-soiree-jazz\/#primaryimage"},"thumbnailUrl":"https:\/\/www.festivox.fr\/blog\/wp-content\/uploads\/2023\/08\/pont-de-larn-le-tres-beau-succes-de-la-soiree-jazz.jpg","articleSection":["Wiki Sur Festival Jazz Et Musique En Mode Guinguette:"],"inLanguage":"fr-FR"},{"@type":"WebPage","@id":"https:\/\/www.festivox.fr\/blog\/pont-de-larn-le-tres-beau-succes-de-la-soiree-jazz\/","url":"https:\/\/www.festivox.fr\/blog\/pont-de-larn-le-tres-beau-succes-de-la-soiree-jazz\/","name":"Pont-de-Larn. Le tr\u00e8s beau succ\u00e8s de la soir\u00e9e \"Jazz\" - FESTIVOX","isPartOf":{"@id":"https:\/\/www.festivox.fr\/blog\/#website"},"primaryImageOfPage":{"@id":"https:\/\/www.festivox.fr\/blog\/pont-de-larn-le-tres-beau-succes-de-la-soiree-jazz\/#primaryimage"},"image":{"@id":"https:\/\/www.festivox.fr\/blog\/pont-de-larn-le-tres-beau-succes-de-la-soiree-jazz\/#primaryimage"},"thumbnailUrl":"https:\/\/www.festivox.fr\/blog\/wp-content\/uploads\/2023\/08\/pont-de-larn-le-tres-beau-succes-de-la-soiree-jazz.jpg","datePublished":"2023-08-09T22:39:00+00:00","breadcrumb":{"@id":"https:\/\/www.festivox.fr\/blog\/pont-de-larn-le-tres-beau-succes-de-la-soiree-jazz\/#breadcrumb"},"inLanguage":"fr-FR","potentialAction":[{"@type":"ReadAction","target":["https:\/\/www.festivox.fr\/blog\/pont-de-larn-le-tres-beau-succes-de-la-soiree-jazz\/"]}]},{"@type":"ImageObject","inLanguage":"fr-FR","@id":"https:\/\/www.festivox.fr\/blog\/pont-de-larn-le-tres-beau-succes-de-la-soiree-jazz\/#primaryimage","url":"https:\/\/www.festivox.fr\/blog\/wp-content\/uploads\/2023\/08\/pont-de-larn-le-tres-beau-succes-de-la-soiree-jazz.jpg","contentUrl":"https:\/\/www.festivox.fr\/blog\/wp-content\/uploads\/2023\/08\/pont-de-larn-le-tres-beau-succes-de-la-soiree-jazz.jpg","width":885,"height":500},{"@type":"BreadcrumbList","@id":"https:\/\/www.festivox.fr\/blog\/pont-de-larn-le-tres-beau-succes-de-la-soiree-jazz\/#breadcrumb","itemListElement":[{"@type":"ListItem","position":1,"name":"Accueil","item":"https:\/\/www.festivox.fr\/blog\/"},{"@type":"ListItem","position":2,"name":"Pont-de-Larn. Le tr\u00e8s beau succ\u00e8s de la soir\u00e9e \u00ab\u00a0Jazz\u00a0\u00bb"}]},{"@type":"WebSite","@id":"https:\/\/www.festivox.fr\/blog\/#website","url":"https:\/\/www.festivox.fr\/blog\/","name":"FESTIVOX","description":"Festival en mode guinguette.","publisher":{"@id":"https:\/\/www.festivox.fr\/blog\/#organization"},"potentialAction":[{"@type":"SearchAction","target":{"@type":"EntryPoint","urlTemplate":"https:\/\/www.festivox.fr\/blog\/?s={search_term_string}"},"query-input":{"@type":"PropertyValueSpecification","valueRequired":true,"valueName":"search_term_string"}}],"inLanguage":"fr-FR"},{"@type":"Organization","@id":"https:\/\/www.festivox.fr\/blog\/#organization","name":"festivox","url":"https:\/\/www.festivox.fr\/blog\/","logo":{"@type":"ImageObject","inLanguage":"fr-FR","@id":"https:\/\/www.festivox.fr\/blog\/#\/schema\/logo\/image\/","url":"https:\/\/www.festivox.fr\/blog\/wp-content\/uploads\/2023\/06\/logo-2.png","contentUrl":"https:\/\/www.festivox.fr\/blog\/wp-content\/uploads\/2023\/06\/logo-2.png","width":480,"height":160,"caption":"festivox"},"image":{"@id":"https:\/\/www.festivox.fr\/blog\/#\/schema\/logo\/image\/"}},{"@type":"Person","@id":"https:\/\/www.festivox.fr\/blog\/#\/schema\/person\/f36a8b6bc94800c3eafed4bca993ce95","name":"Michele","image":{"@type":"ImageObject","inLanguage":"fr-FR","@id":"https:\/\/secure.gravatar.com\/avatar\/b062046536b5d47ec9075956ec349ef95ed06b0f910c578f74abb318668b702e?s=96&d=mm&r=g","url":"https:\/\/secure.gravatar.com\/avatar\/b062046536b5d47ec9075956ec349ef95ed06b0f910c578f74abb318668b702e?s=96&d=mm&r=g","contentUrl":"https:\/\/secure.gravatar.com\/avatar\/b062046536b5d47ec9075956ec349ef95ed06b0f910c578f74abb318668b702e?s=96&d=mm&r=g","caption":"Michele"},"sameAs":["https:\/\/www.festivox.fr\/blog"],"url":"https:\/\/www.festivox.fr\/blog\/author\/voxadmin\/"}]}},"_links":{"self":[{"href":"https:\/\/www.festivox.fr\/blog\/wp-json\/wp\/v2\/posts\/336","targetHints":{"allow":["GET"]}}],"collection":[{"href":"https:\/\/www.festivox.fr\/blog\/wp-json\/wp\/v2\/posts"}],"about":[{"href":"https:\/\/www.festivox.fr\/blog\/wp-json\/wp\/v2\/types\/post"}],"author":[{"embeddable":true,"href":"https:\/\/www.festivox.fr\/blog\/wp-json\/wp\/v2\/users\/1"}],"replies":[{"embeddable":true,"href":"https:\/\/www.festivox.fr\/blog\/wp-json\/wp\/v2\/comments?post=336"}],"version-history":[{"count":0,"href":"https:\/\/www.festivox.fr\/blog\/wp-json\/wp\/v2\/posts\/336\/revisions"}],"wp:featuredmedia":[{"embeddable":true,"href":"https:\/\/www.festivox.fr\/blog\/wp-json\/wp\/v2\/media\/337"}],"wp:attachment":[{"href":"https:\/\/www.festivox.fr\/blog\/wp-json\/wp\/v2\/media?parent=336"}],"wp:term":[{"taxonomy":"category","embeddable":true,"href":"https:\/\/www.festivox.fr\/blog\/wp-json\/wp\/v2\/categories?post=336"},{"taxonomy":"post_tag","embeddable":true,"href":"https:\/\/www.festivox.fr\/blog\/wp-json\/wp\/v2\/tags?post=336"}],"curies":[{"name":"wp","href":"https:\/\/api.w.org\/{rel}","templated":true}]}}