{"id":324,"date":"2023-08-08T00:23:00","date_gmt":"2023-08-07T22:23:00","guid":{"rendered":"https:\/\/www.festivox.fr\/blog\/un-spectacle-musical-aux-couleurs-du-jazz-ce-mardi-sur-les-bords-du-ponant\/"},"modified":"2023-08-08T00:23:00","modified_gmt":"2023-08-07T22:23:00","slug":"un-spectacle-musical-aux-couleurs-du-jazz-ce-mardi-sur-les-bords-du-ponant","status":"publish","type":"post","link":"https:\/\/www.festivox.fr\/blog\/un-spectacle-musical-aux-couleurs-du-jazz-ce-mardi-sur-les-bords-du-ponant\/","title":{"rendered":"Un spectacle musical aux couleurs du jazz ce mardi sur les bords du Ponant"},"content":{"rendered":"\n<div><img decoding=\"async\" src=\"https:\/\/www.festivox.fr\/blog\/wp-content\/uploads\/2023\/08\/un-spectacle-musical-aux-couleurs-du-jazz-ce-mardi-sur-les-bords-du-ponant.jpg\" class=\"ff-og-image-inserted\"><\/div>\n<p>Sur les bords du Ponant, rendez-vous avec Piano sur l\u2019\u00d4, ce <span class=\"txt-gras\">mardi 8 ao\u00fbt \u00e0 21 h<\/span> pour une soir\u00e9e musicale et bucolique. Un spectacle musical aux couleurs du jazz, intitul\u00e9 <span class=\"txt-cit\">Piano sur la croisette.<\/span> Il invite les spectateurs \u00e0 mettre les voiles et rejoindre les \u00e9toiles du 7e art. Avec Camille Mandineau au chant et Patrick Char au piano qui embarquent ensemble pour r\u00e9interpr\u00e9ter les grands th\u00e8mes du cin\u00e9ma.<\/p>\n<p><!-- Pub DFP Position [outstream] --> <\/p>\n<h2 class=\"txt-int\"><b>Amour, aventure et com\u00e9die<\/b><\/h2>\n<p>Ce duo flottant m\u00ealera aventure, amour et com\u00e9die.<\/p>\n<p><!-- Pub DFP Position [article] --> <\/p>\n<p>Camille Mandineau chante depuis toujours. Marseillaise, sa m\u00e8re lui transmet son amour inconditionnel pour le jazz. C\u2019est une fois b\u00e9n\u00e9vole au festival de Jazz \u00e0 Porquerolles, \u00e0 16 ans, que le virus des \u00ab\u00a0jams\u00a0\u00bb la pique. Elle quitte sa carri\u00e8re d\u2019architecte pour se consacrer pleinement \u00e0 la musique et entre dans une \u00e9cole de jazz en 2018. Sa voix suave et chaleureuse enveloppe, sa place est sur sc\u00e8ne. Camille se produit aujourd\u2019hui dans plusieurs formations du duo au nonette en slalomant avec aisance entre le jazz, la soul, le funk, le gospel et les musiques br\u00e9siliennes.<\/p>\n<p>Patrick Char est natif de Clermont-Ferrand. Son parcours musical \u00e9clectique est nourri de musique classique (conservatoire), de musique actuelle et de jazz.<\/p>\n<p>En 2000, sa formation de graphiste le conduit \u00e0 travailler dans le milieu de la presse \u00e0 New York. De retour en France, il se consacre enti\u00e8rement au piano-jazz, qu\u2019il aborde de mani\u00e8re autodidacte puis au sein d\u2019\u00e9coles sp\u00e9cialis\u00e9es (IMFP).<\/p>\n<p>Il poursuit de nombreuses collaborations musicales du duo au quartet, recherchant toujours la complicit\u00e9 et le plaisir partag\u00e9, dans la recherche d\u2019une vibration commune.<\/p>\n<p>Il int\u00e8gre r\u00e9cemment la compagnie des Pianos du lac qui l\u2019am\u00e8ne \u00e0 se produire en solo ou duo \u00e0 travers la France.<\/p>\n<footer class=\"txt-note\"><i>Prochains rendez-vous : mardi 22 ao\u00fbt \u00e0 21 h, Mario Canonge et Annick Tangorra, un duo piano voix sur du jazz carib\u00e9en. Mardi 29 ao\u00fbt \u00e0 21 h, Marc H\u00e9v\u00e9a et Coline Rio, un duo piano voix sur de nombreuses chansons.<\/i><\/footer>\n<p>Correspondante Midi Libre : 06 71 09 73 75<\/p>\n<p> Cet article, qui traite du th\u00e8me \u00ab\u00a0Festival Jazz et musique en mode guinguette\u00a0\u00bb, vous est d\u00e9lib\u00e9r\u00e9ment offert par festivox.fr. La raison d\u2019\u00eatre de festivox.fr est de parler de Festival Jazz et musique en mode guinguette dans la transparence la plus g\u00e9n\u00e9rale en vous procurant la visibilit\u00e9 de tout ce qui est publi\u00e9 sur ce sujet sur le web La chronique a \u00e9t\u00e9 g\u00e9n\u00e9r\u00e9e de la mani\u00e8re la plus honn\u00eate que possible. S\u2019il advenait que vous projetez d\u2019apporter quelques notes concernant le domaine de \u00ab\u00a0Festival Jazz et musique en mode guinguette\u00a0\u00bb vous avez la possibilit\u00e9 de d&rsquo;\u00e9changer avec notre r\u00e9daction. Dans peu de temps, on mettra en ligne d&rsquo;autres informations pertinentes autour du sujet \u00ab\u00a0Festival Jazz et musique en mode guinguette\u00a0\u00bb. Ainsi, consultez r\u00e9guli\u00e8rement notre site.<\/p>\n","protected":false},"excerpt":{"rendered":"<p>Sur les bords du Ponant, rendez-vous avec Piano sur l\u2019\u00d4, ce mardi 8 ao\u00fbt \u00e0 21 h pour une soir\u00e9e musicale et bucolique. Un spectacle musical aux couleurs du jazz, intitul\u00e9 Piano sur la croisette. Il invite les spectateurs \u00e0 mettre les voiles et rejoindre les \u00e9toiles du 7e art. Avec Camille Mandineau au chant&hellip;<\/p>\n","protected":false},"author":1,"featured_media":325,"comment_status":"closed","ping_status":"closed","sticky":false,"template":"","format":"standard","meta":{"footnotes":""},"categories":[3],"tags":[],"class_list":["post-324","post","type-post","status-publish","format-standard","has-post-thumbnail","hentry","category-wiki-sur-festival-jazz-et-musique-en-mode-guinguette"],"yoast_head":"<!-- This site is optimized with the Yoast SEO plugin v27.5 - https:\/\/yoast.com\/product\/yoast-seo-wordpress\/ -->\n<title>Un spectacle musical aux couleurs du jazz ce mardi sur les bords du Ponant - FESTIVOX<\/title>\n<meta name=\"robots\" content=\"index, follow, max-snippet:-1, max-image-preview:large, max-video-preview:-1\" \/>\n<link rel=\"canonical\" href=\"https:\/\/www.festivox.fr\/blog\/un-spectacle-musical-aux-couleurs-du-jazz-ce-mardi-sur-les-bords-du-ponant\/\" \/>\n<meta property=\"og:locale\" content=\"fr_FR\" \/>\n<meta property=\"og:type\" content=\"article\" \/>\n<meta property=\"og:title\" content=\"Un spectacle musical aux couleurs du jazz ce mardi sur les bords du Ponant - FESTIVOX\" \/>\n<meta property=\"og:description\" content=\"Sur les bords du Ponant, rendez-vous avec Piano sur l\u2019\u00d4, ce mardi 8 ao\u00fbt \u00e0 21 h pour une soir\u00e9e musicale et bucolique. Un spectacle musical aux couleurs du jazz, intitul\u00e9 Piano sur la croisette. Il invite les spectateurs \u00e0 mettre les voiles et rejoindre les \u00e9toiles du 7e art. Avec Camille Mandineau au chant&hellip;\" \/>\n<meta property=\"og:url\" content=\"https:\/\/www.festivox.fr\/blog\/un-spectacle-musical-aux-couleurs-du-jazz-ce-mardi-sur-les-bords-du-ponant\/\" \/>\n<meta property=\"og:site_name\" content=\"FESTIVOX\" \/>\n<meta property=\"article:published_time\" content=\"2023-08-07T22:23:00+00:00\" \/>\n<meta property=\"og:image\" content=\"https:\/\/www.festivox.fr\/blog\/wp-content\/uploads\/2023\/08\/un-spectacle-musical-aux-couleurs-du-jazz-ce-mardi-sur-les-bords-du-ponant.jpg\" \/>\n<meta name=\"author\" content=\"Michele\" \/>\n<meta name=\"twitter:card\" content=\"summary_large_image\" \/>\n<meta name=\"twitter:label1\" content=\"\u00c9crit par\" \/>\n\t<meta name=\"twitter:data1\" content=\"Michele\" \/>\n\t<meta name=\"twitter:label2\" content=\"Dur\u00e9e de lecture estim\u00e9e\" \/>\n\t<meta name=\"twitter:data2\" content=\"2 minutes\" \/>\n<script type=\"application\/ld+json\" class=\"yoast-schema-graph\">{\"@context\":\"https:\\\/\\\/schema.org\",\"@graph\":[{\"@type\":\"Article\",\"@id\":\"https:\\\/\\\/www.festivox.fr\\\/blog\\\/un-spectacle-musical-aux-couleurs-du-jazz-ce-mardi-sur-les-bords-du-ponant\\\/#article\",\"isPartOf\":{\"@id\":\"https:\\\/\\\/www.festivox.fr\\\/blog\\\/un-spectacle-musical-aux-couleurs-du-jazz-ce-mardi-sur-les-bords-du-ponant\\\/\"},\"author\":{\"name\":\"Michele\",\"@id\":\"https:\\\/\\\/www.festivox.fr\\\/blog\\\/#\\\/schema\\\/person\\\/f36a8b6bc94800c3eafed4bca993ce95\"},\"headline\":\"Un spectacle musical aux couleurs du jazz ce mardi sur les bords du Ponant\",\"datePublished\":\"2023-08-07T22:23:00+00:00\",\"mainEntityOfPage\":{\"@id\":\"https:\\\/\\\/www.festivox.fr\\\/blog\\\/un-spectacle-musical-aux-couleurs-du-jazz-ce-mardi-sur-les-bords-du-ponant\\\/\"},\"wordCount\":502,\"publisher\":{\"@id\":\"https:\\\/\\\/www.festivox.fr\\\/blog\\\/#organization\"},\"image\":{\"@id\":\"https:\\\/\\\/www.festivox.fr\\\/blog\\\/un-spectacle-musical-aux-couleurs-du-jazz-ce-mardi-sur-les-bords-du-ponant\\\/#primaryimage\"},\"thumbnailUrl\":\"https:\\\/\\\/www.festivox.fr\\\/blog\\\/wp-content\\\/uploads\\\/2023\\\/08\\\/un-spectacle-musical-aux-couleurs-du-jazz-ce-mardi-sur-les-bords-du-ponant.jpg\",\"articleSection\":[\"Wiki Sur Festival Jazz Et Musique En Mode Guinguette:\"],\"inLanguage\":\"fr-FR\"},{\"@type\":\"WebPage\",\"@id\":\"https:\\\/\\\/www.festivox.fr\\\/blog\\\/un-spectacle-musical-aux-couleurs-du-jazz-ce-mardi-sur-les-bords-du-ponant\\\/\",\"url\":\"https:\\\/\\\/www.festivox.fr\\\/blog\\\/un-spectacle-musical-aux-couleurs-du-jazz-ce-mardi-sur-les-bords-du-ponant\\\/\",\"name\":\"Un spectacle musical aux couleurs du jazz ce mardi sur les bords du Ponant - FESTIVOX\",\"isPartOf\":{\"@id\":\"https:\\\/\\\/www.festivox.fr\\\/blog\\\/#website\"},\"primaryImageOfPage\":{\"@id\":\"https:\\\/\\\/www.festivox.fr\\\/blog\\\/un-spectacle-musical-aux-couleurs-du-jazz-ce-mardi-sur-les-bords-du-ponant\\\/#primaryimage\"},\"image\":{\"@id\":\"https:\\\/\\\/www.festivox.fr\\\/blog\\\/un-spectacle-musical-aux-couleurs-du-jazz-ce-mardi-sur-les-bords-du-ponant\\\/#primaryimage\"},\"thumbnailUrl\":\"https:\\\/\\\/www.festivox.fr\\\/blog\\\/wp-content\\\/uploads\\\/2023\\\/08\\\/un-spectacle-musical-aux-couleurs-du-jazz-ce-mardi-sur-les-bords-du-ponant.jpg\",\"datePublished\":\"2023-08-07T22:23:00+00:00\",\"breadcrumb\":{\"@id\":\"https:\\\/\\\/www.festivox.fr\\\/blog\\\/un-spectacle-musical-aux-couleurs-du-jazz-ce-mardi-sur-les-bords-du-ponant\\\/#breadcrumb\"},\"inLanguage\":\"fr-FR\",\"potentialAction\":[{\"@type\":\"ReadAction\",\"target\":[\"https:\\\/\\\/www.festivox.fr\\\/blog\\\/un-spectacle-musical-aux-couleurs-du-jazz-ce-mardi-sur-les-bords-du-ponant\\\/\"]}]},{\"@type\":\"ImageObject\",\"inLanguage\":\"fr-FR\",\"@id\":\"https:\\\/\\\/www.festivox.fr\\\/blog\\\/un-spectacle-musical-aux-couleurs-du-jazz-ce-mardi-sur-les-bords-du-ponant\\\/#primaryimage\",\"url\":\"https:\\\/\\\/www.festivox.fr\\\/blog\\\/wp-content\\\/uploads\\\/2023\\\/08\\\/un-spectacle-musical-aux-couleurs-du-jazz-ce-mardi-sur-les-bords-du-ponant.jpg\",\"contentUrl\":\"https:\\\/\\\/www.festivox.fr\\\/blog\\\/wp-content\\\/uploads\\\/2023\\\/08\\\/un-spectacle-musical-aux-couleurs-du-jazz-ce-mardi-sur-les-bords-du-ponant.jpg\",\"width\":885,\"height\":500},{\"@type\":\"BreadcrumbList\",\"@id\":\"https:\\\/\\\/www.festivox.fr\\\/blog\\\/un-spectacle-musical-aux-couleurs-du-jazz-ce-mardi-sur-les-bords-du-ponant\\\/#breadcrumb\",\"itemListElement\":[{\"@type\":\"ListItem\",\"position\":1,\"name\":\"Accueil\",\"item\":\"https:\\\/\\\/www.festivox.fr\\\/blog\\\/\"},{\"@type\":\"ListItem\",\"position\":2,\"name\":\"Un spectacle musical aux couleurs du jazz ce mardi sur les bords du Ponant\"}]},{\"@type\":\"WebSite\",\"@id\":\"https:\\\/\\\/www.festivox.fr\\\/blog\\\/#website\",\"url\":\"https:\\\/\\\/www.festivox.fr\\\/blog\\\/\",\"name\":\"FESTIVOX\",\"description\":\"Festival en mode guinguette.\",\"publisher\":{\"@id\":\"https:\\\/\\\/www.festivox.fr\\\/blog\\\/#organization\"},\"potentialAction\":[{\"@type\":\"SearchAction\",\"target\":{\"@type\":\"EntryPoint\",\"urlTemplate\":\"https:\\\/\\\/www.festivox.fr\\\/blog\\\/?s={search_term_string}\"},\"query-input\":{\"@type\":\"PropertyValueSpecification\",\"valueRequired\":true,\"valueName\":\"search_term_string\"}}],\"inLanguage\":\"fr-FR\"},{\"@type\":\"Organization\",\"@id\":\"https:\\\/\\\/www.festivox.fr\\\/blog\\\/#organization\",\"name\":\"festivox\",\"url\":\"https:\\\/\\\/www.festivox.fr\\\/blog\\\/\",\"logo\":{\"@type\":\"ImageObject\",\"inLanguage\":\"fr-FR\",\"@id\":\"https:\\\/\\\/www.festivox.fr\\\/blog\\\/#\\\/schema\\\/logo\\\/image\\\/\",\"url\":\"https:\\\/\\\/www.festivox.fr\\\/blog\\\/wp-content\\\/uploads\\\/2023\\\/06\\\/logo-2.png\",\"contentUrl\":\"https:\\\/\\\/www.festivox.fr\\\/blog\\\/wp-content\\\/uploads\\\/2023\\\/06\\\/logo-2.png\",\"width\":480,\"height\":160,\"caption\":\"festivox\"},\"image\":{\"@id\":\"https:\\\/\\\/www.festivox.fr\\\/blog\\\/#\\\/schema\\\/logo\\\/image\\\/\"}},{\"@type\":\"Person\",\"@id\":\"https:\\\/\\\/www.festivox.fr\\\/blog\\\/#\\\/schema\\\/person\\\/f36a8b6bc94800c3eafed4bca993ce95\",\"name\":\"Michele\",\"image\":{\"@type\":\"ImageObject\",\"inLanguage\":\"fr-FR\",\"@id\":\"https:\\\/\\\/secure.gravatar.com\\\/avatar\\\/b062046536b5d47ec9075956ec349ef95ed06b0f910c578f74abb318668b702e?s=96&d=mm&r=g\",\"url\":\"https:\\\/\\\/secure.gravatar.com\\\/avatar\\\/b062046536b5d47ec9075956ec349ef95ed06b0f910c578f74abb318668b702e?s=96&d=mm&r=g\",\"contentUrl\":\"https:\\\/\\\/secure.gravatar.com\\\/avatar\\\/b062046536b5d47ec9075956ec349ef95ed06b0f910c578f74abb318668b702e?s=96&d=mm&r=g\",\"caption\":\"Michele\"},\"sameAs\":[\"https:\\\/\\\/www.festivox.fr\\\/blog\"],\"url\":\"https:\\\/\\\/www.festivox.fr\\\/blog\\\/author\\\/voxadmin\\\/\"}]}<\/script>\n<!-- \/ Yoast SEO plugin. -->","yoast_head_json":{"title":"Un spectacle musical aux couleurs du jazz ce mardi sur les bords du Ponant - FESTIVOX","robots":{"index":"index","follow":"follow","max-snippet":"max-snippet:-1","max-image-preview":"max-image-preview:large","max-video-preview":"max-video-preview:-1"},"canonical":"https:\/\/www.festivox.fr\/blog\/un-spectacle-musical-aux-couleurs-du-jazz-ce-mardi-sur-les-bords-du-ponant\/","og_locale":"fr_FR","og_type":"article","og_title":"Un spectacle musical aux couleurs du jazz ce mardi sur les bords du Ponant - FESTIVOX","og_description":"Sur les bords du Ponant, rendez-vous avec Piano sur l\u2019\u00d4, ce mardi 8 ao\u00fbt \u00e0 21 h pour une soir\u00e9e musicale et bucolique. Un spectacle musical aux couleurs du jazz, intitul\u00e9 Piano sur la croisette. Il invite les spectateurs \u00e0 mettre les voiles et rejoindre les \u00e9toiles du 7e art. Avec Camille Mandineau au chant&hellip;","og_url":"https:\/\/www.festivox.fr\/blog\/un-spectacle-musical-aux-couleurs-du-jazz-ce-mardi-sur-les-bords-du-ponant\/","og_site_name":"FESTIVOX","article_published_time":"2023-08-07T22:23:00+00:00","og_image":[{"url":"https:\/\/www.festivox.fr\/blog\/wp-content\/uploads\/2023\/08\/un-spectacle-musical-aux-couleurs-du-jazz-ce-mardi-sur-les-bords-du-ponant.jpg","type":"","width":"","height":""}],"author":"Michele","twitter_card":"summary_large_image","twitter_misc":{"\u00c9crit par":"Michele","Dur\u00e9e de lecture estim\u00e9e":"2 minutes"},"schema":{"@context":"https:\/\/schema.org","@graph":[{"@type":"Article","@id":"https:\/\/www.festivox.fr\/blog\/un-spectacle-musical-aux-couleurs-du-jazz-ce-mardi-sur-les-bords-du-ponant\/#article","isPartOf":{"@id":"https:\/\/www.festivox.fr\/blog\/un-spectacle-musical-aux-couleurs-du-jazz-ce-mardi-sur-les-bords-du-ponant\/"},"author":{"name":"Michele","@id":"https:\/\/www.festivox.fr\/blog\/#\/schema\/person\/f36a8b6bc94800c3eafed4bca993ce95"},"headline":"Un spectacle musical aux couleurs du jazz ce mardi sur les bords du Ponant","datePublished":"2023-08-07T22:23:00+00:00","mainEntityOfPage":{"@id":"https:\/\/www.festivox.fr\/blog\/un-spectacle-musical-aux-couleurs-du-jazz-ce-mardi-sur-les-bords-du-ponant\/"},"wordCount":502,"publisher":{"@id":"https:\/\/www.festivox.fr\/blog\/#organization"},"image":{"@id":"https:\/\/www.festivox.fr\/blog\/un-spectacle-musical-aux-couleurs-du-jazz-ce-mardi-sur-les-bords-du-ponant\/#primaryimage"},"thumbnailUrl":"https:\/\/www.festivox.fr\/blog\/wp-content\/uploads\/2023\/08\/un-spectacle-musical-aux-couleurs-du-jazz-ce-mardi-sur-les-bords-du-ponant.jpg","articleSection":["Wiki Sur Festival Jazz Et Musique En Mode Guinguette:"],"inLanguage":"fr-FR"},{"@type":"WebPage","@id":"https:\/\/www.festivox.fr\/blog\/un-spectacle-musical-aux-couleurs-du-jazz-ce-mardi-sur-les-bords-du-ponant\/","url":"https:\/\/www.festivox.fr\/blog\/un-spectacle-musical-aux-couleurs-du-jazz-ce-mardi-sur-les-bords-du-ponant\/","name":"Un spectacle musical aux couleurs du jazz ce mardi sur les bords du Ponant - FESTIVOX","isPartOf":{"@id":"https:\/\/www.festivox.fr\/blog\/#website"},"primaryImageOfPage":{"@id":"https:\/\/www.festivox.fr\/blog\/un-spectacle-musical-aux-couleurs-du-jazz-ce-mardi-sur-les-bords-du-ponant\/#primaryimage"},"image":{"@id":"https:\/\/www.festivox.fr\/blog\/un-spectacle-musical-aux-couleurs-du-jazz-ce-mardi-sur-les-bords-du-ponant\/#primaryimage"},"thumbnailUrl":"https:\/\/www.festivox.fr\/blog\/wp-content\/uploads\/2023\/08\/un-spectacle-musical-aux-couleurs-du-jazz-ce-mardi-sur-les-bords-du-ponant.jpg","datePublished":"2023-08-07T22:23:00+00:00","breadcrumb":{"@id":"https:\/\/www.festivox.fr\/blog\/un-spectacle-musical-aux-couleurs-du-jazz-ce-mardi-sur-les-bords-du-ponant\/#breadcrumb"},"inLanguage":"fr-FR","potentialAction":[{"@type":"ReadAction","target":["https:\/\/www.festivox.fr\/blog\/un-spectacle-musical-aux-couleurs-du-jazz-ce-mardi-sur-les-bords-du-ponant\/"]}]},{"@type":"ImageObject","inLanguage":"fr-FR","@id":"https:\/\/www.festivox.fr\/blog\/un-spectacle-musical-aux-couleurs-du-jazz-ce-mardi-sur-les-bords-du-ponant\/#primaryimage","url":"https:\/\/www.festivox.fr\/blog\/wp-content\/uploads\/2023\/08\/un-spectacle-musical-aux-couleurs-du-jazz-ce-mardi-sur-les-bords-du-ponant.jpg","contentUrl":"https:\/\/www.festivox.fr\/blog\/wp-content\/uploads\/2023\/08\/un-spectacle-musical-aux-couleurs-du-jazz-ce-mardi-sur-les-bords-du-ponant.jpg","width":885,"height":500},{"@type":"BreadcrumbList","@id":"https:\/\/www.festivox.fr\/blog\/un-spectacle-musical-aux-couleurs-du-jazz-ce-mardi-sur-les-bords-du-ponant\/#breadcrumb","itemListElement":[{"@type":"ListItem","position":1,"name":"Accueil","item":"https:\/\/www.festivox.fr\/blog\/"},{"@type":"ListItem","position":2,"name":"Un spectacle musical aux couleurs du jazz ce mardi sur les bords du Ponant"}]},{"@type":"WebSite","@id":"https:\/\/www.festivox.fr\/blog\/#website","url":"https:\/\/www.festivox.fr\/blog\/","name":"FESTIVOX","description":"Festival en mode guinguette.","publisher":{"@id":"https:\/\/www.festivox.fr\/blog\/#organization"},"potentialAction":[{"@type":"SearchAction","target":{"@type":"EntryPoint","urlTemplate":"https:\/\/www.festivox.fr\/blog\/?s={search_term_string}"},"query-input":{"@type":"PropertyValueSpecification","valueRequired":true,"valueName":"search_term_string"}}],"inLanguage":"fr-FR"},{"@type":"Organization","@id":"https:\/\/www.festivox.fr\/blog\/#organization","name":"festivox","url":"https:\/\/www.festivox.fr\/blog\/","logo":{"@type":"ImageObject","inLanguage":"fr-FR","@id":"https:\/\/www.festivox.fr\/blog\/#\/schema\/logo\/image\/","url":"https:\/\/www.festivox.fr\/blog\/wp-content\/uploads\/2023\/06\/logo-2.png","contentUrl":"https:\/\/www.festivox.fr\/blog\/wp-content\/uploads\/2023\/06\/logo-2.png","width":480,"height":160,"caption":"festivox"},"image":{"@id":"https:\/\/www.festivox.fr\/blog\/#\/schema\/logo\/image\/"}},{"@type":"Person","@id":"https:\/\/www.festivox.fr\/blog\/#\/schema\/person\/f36a8b6bc94800c3eafed4bca993ce95","name":"Michele","image":{"@type":"ImageObject","inLanguage":"fr-FR","@id":"https:\/\/secure.gravatar.com\/avatar\/b062046536b5d47ec9075956ec349ef95ed06b0f910c578f74abb318668b702e?s=96&d=mm&r=g","url":"https:\/\/secure.gravatar.com\/avatar\/b062046536b5d47ec9075956ec349ef95ed06b0f910c578f74abb318668b702e?s=96&d=mm&r=g","contentUrl":"https:\/\/secure.gravatar.com\/avatar\/b062046536b5d47ec9075956ec349ef95ed06b0f910c578f74abb318668b702e?s=96&d=mm&r=g","caption":"Michele"},"sameAs":["https:\/\/www.festivox.fr\/blog"],"url":"https:\/\/www.festivox.fr\/blog\/author\/voxadmin\/"}]}},"_links":{"self":[{"href":"https:\/\/www.festivox.fr\/blog\/wp-json\/wp\/v2\/posts\/324","targetHints":{"allow":["GET"]}}],"collection":[{"href":"https:\/\/www.festivox.fr\/blog\/wp-json\/wp\/v2\/posts"}],"about":[{"href":"https:\/\/www.festivox.fr\/blog\/wp-json\/wp\/v2\/types\/post"}],"author":[{"embeddable":true,"href":"https:\/\/www.festivox.fr\/blog\/wp-json\/wp\/v2\/users\/1"}],"replies":[{"embeddable":true,"href":"https:\/\/www.festivox.fr\/blog\/wp-json\/wp\/v2\/comments?post=324"}],"version-history":[{"count":0,"href":"https:\/\/www.festivox.fr\/blog\/wp-json\/wp\/v2\/posts\/324\/revisions"}],"wp:featuredmedia":[{"embeddable":true,"href":"https:\/\/www.festivox.fr\/blog\/wp-json\/wp\/v2\/media\/325"}],"wp:attachment":[{"href":"https:\/\/www.festivox.fr\/blog\/wp-json\/wp\/v2\/media?parent=324"}],"wp:term":[{"taxonomy":"category","embeddable":true,"href":"https:\/\/www.festivox.fr\/blog\/wp-json\/wp\/v2\/categories?post=324"},{"taxonomy":"post_tag","embeddable":true,"href":"https:\/\/www.festivox.fr\/blog\/wp-json\/wp\/v2\/tags?post=324"}],"curies":[{"name":"wp","href":"https:\/\/api.w.org\/{rel}","templated":true}]}}