{"id":318,"date":"2023-08-05T08:37:00","date_gmt":"2023-08-05T06:37:00","guid":{"rendered":"https:\/\/www.festivox.fr\/blog\/le-chateau-doleron-la-citadelle-brule-pour-jazz-en-feux\/"},"modified":"2023-08-05T08:37:00","modified_gmt":"2023-08-05T06:37:00","slug":"le-chateau-doleron-la-citadelle-brule-pour-jazz-en-feux","status":"publish","type":"post","link":"https:\/\/www.festivox.fr\/blog\/le-chateau-doleron-la-citadelle-brule-pour-jazz-en-feux\/","title":{"rendered":"Le Ch\u00e2teau-d\u2019Ol\u00e9ron : la citadelle br\u00fble pour Jazz en feux"},"content":{"rendered":"\n<div><img decoding=\"async\" src=\"https:\/\/www.festivox.fr\/blog\/wp-content\/uploads\/2023\/08\/le-chateau-doleron-la-citadelle-brule-pour-jazz-en-feux.jpg\" class=\"ff-og-image-inserted\"><\/div>\n<div>\n<p>Le Festival <a href=\"https:\/\/www.lechateaudoleron.fr\/agenda\/8-et-9-aout-2023-festival-sites-en-scene-jazz-en-feux-edition-2023-citadelle\/\" target=\"_blank\" rel=\"nofollow noopener\">Sites en Sc\u00e8ne Jazz en feux<\/a> aura lieu mardi&nbsp;8 et mercredi 9&nbsp;ao\u00fbt \u00e0 la citadelle du Ch\u00e2teau-d\u2019Ol\u00e9ron. Avec une programmation pointue, la mairie esp\u00e8re faire le plein de spectateurs. Le mardi, \u00e0 partir de 19&nbsp;h&nbsp;30, le groupe <a href=\"https:\/\/prod.jaspir.com\/total-hip-replacement\/\" target=\"_blank\" rel=\"nofollow noopener\">Total Hip Replacement&#8230;<\/a><\/p>\n<\/div>\n<div>\n<p>Le Festival <a href=\"https:\/\/www.lechateaudoleron.fr\/agenda\/8-et-9-aout-2023-festival-sites-en-scene-jazz-en-feux-edition-2023-citadelle\/\" target=\"_blank\" rel=\"nofollow noopener\">Sites en Sc\u00e8ne Jazz en feux<\/a> aura lieu mardi&nbsp;8 et mercredi 9&nbsp;ao\u00fbt \u00e0 la citadelle du Ch\u00e2teau-d\u2019Ol\u00e9ron. Avec une programmation pointue, la mairie esp\u00e8re faire le plein de spectateurs. Le mardi, \u00e0 partir de 19&nbsp;h&nbsp;30, le groupe <a href=\"https:\/\/prod.jaspir.com\/total-hip-replacement\/\" target=\"_blank\" rel=\"nofollow noopener\">Total Hip Replacement &amp; Anyankofo<\/a> fera la premi\u00e8re partie. La performance sera suivie, \u00e0 21 heures, du concert de <a href=\"https:\/\/www.luckychops.com\/\" target=\"_blank\" rel=\"nofollow noopener\">Lucky Chops<\/a>. \u00ab&nbsp;C\u2019est un groupe tr\u00e8s populaire, notamment chez les jeunes. Ils n\u2019ont que deux dates en France et nous en faisons partie&nbsp;\u00bb, explique Micheline Humbert, \u00e9lue charg\u00e9e de la culture au Ch\u00e2teau-d\u2019Ol\u00e9ron. Le groupe form\u00e9 de six musiciens s\u2019est forg\u00e9 une r\u00e9putation de groupe \u00e9clectique, alliant l\u2019\u00e9nergie d\u2019un groupe de rock \u00e0 la vitalit\u00e9 de la musique. La soir\u00e9e sera suivie, \u00e0 23 heures, du traditionnel spectacle pyrotechnique \u00e0 360\u00b0 qui, cette ann\u00e9e, aura lieu les deux soirs du festival.<\/p>\n<div class=\"related-article related-article-premium base-margin-bottom\"> <span class=\"badge\">Sur le m\u00eame sujet<\/span> <\/div>\n<h2 class=\"article-subtitle\">Le retour de Thomas Leleu<\/h2>\n<p>Le mercredi, c\u2019est <a href=\"https:\/\/www.facebook.com\/FishBabyband\/\" target=\"_blank\" rel=\"nofollow noopener\">Fish Baby<\/a> et son jazz \u00e9lectro qui sera en premi\u00e8re partie du tubiste <a href=\"https:\/\/thomasleleu.com\/\" target=\"_blank\" rel=\"nofollow noopener\">Thomas Leleu<\/a>, accompagn\u00e9 de cinq musiciens. D\u00e9j\u00e0 pr\u00e9sent l\u2019ann\u00e9e derni\u00e8re, il est de retour sur la sc\u00e8ne ol\u00e9ronaise. \u00ab&nbsp;\u00c7a a \u00e9t\u00e9 un tel succ\u00e8s que nous avons souhait\u00e9 le reprogrammer pour cette ann\u00e9e&nbsp;\u00bb, ajoute l\u2019\u00e9lue. Des stands de restauration et des buvettes seront disponibles chaque soir. Chacun pourra, s\u2019il le souhaite, amener son propre pique-nique.<\/p>\n<p>Pour pouvoir profiter de cette 37<sup>e<\/sup> \u00e9dition, il faudra d\u00e9bourser 30&nbsp;euros pour un soir et 50 pour les deux. Un prix en hausse compar\u00e9 \u00e0 l\u2019ann\u00e9e derni\u00e8re. \u00ab&nbsp;Nous avons rajout\u00e9 un spectacle pyrotechnique, ce qui est extr\u00eamement co\u00fbteux&nbsp;\u00bb justifie Micheline Humbert. Pourtant, la mairie a choisi de conserver la gratuit\u00e9 pour les moins de 12&nbsp;ans. L\u2019organisation esp\u00e8re autant d\u2019affluence que l\u2019ann\u00e9e derni\u00e8re. Pour rappel, plus de 2&nbsp;000&nbsp;personnes s\u2019\u00e9taient r\u00e9unies chaque soir et, pour esp\u00e9rer rivaliser, la municipalit\u00e9 compte sur une bonne m\u00e9t\u00e9o.<\/p>\n<div class=\"related-article related-article-premium base-margin-bottom\"> <span class=\"badge\">Sur le m\u00eame sujet<\/span> <\/div>\n<p><em>Pour assister \u00e0 cette 37<sup>e<\/sup> \u00e9dition, les billets sont disponibles en ligne, dans les bureaux d\u2019accueil des offices de tourisme et sur place les soirs de concerts.<\/em><\/p>\n<\/div>\n<p> Cet article, qui traite du th\u00e8me \u00ab\u00a0Festival Jazz et musique en mode guinguette\u00a0\u00bb, vous est d\u00e9lib\u00e9r\u00e9ment offert par festivox.fr. La raison d\u2019\u00eatre de festivox.fr est de parler de Festival Jazz et musique en mode guinguette dans la transparence la plus g\u00e9n\u00e9rale en vous procurant la visibilit\u00e9 de tout ce qui est publi\u00e9 sur ce sujet sur le web La chronique a \u00e9t\u00e9 g\u00e9n\u00e9r\u00e9e de la mani\u00e8re la plus honn\u00eate que possible. S\u2019il advenait que vous projetez d\u2019apporter quelques notes concernant le domaine de \u00ab\u00a0Festival Jazz et musique en mode guinguette\u00a0\u00bb vous avez la possibilit\u00e9 de d&rsquo;\u00e9changer avec notre r\u00e9daction. Dans peu de temps, on mettra en ligne d&rsquo;autres informations pertinentes autour du sujet \u00ab\u00a0Festival Jazz et musique en mode guinguette\u00a0\u00bb. Ainsi, consultez r\u00e9guli\u00e8rement notre site.<\/p>\n","protected":false},"excerpt":{"rendered":"<p>Le Festival Sites en Sc\u00e8ne Jazz en feux aura lieu mardi&nbsp;8 et mercredi 9&nbsp;ao\u00fbt \u00e0 la citadelle du Ch\u00e2teau-d\u2019Ol\u00e9ron. Avec une programmation pointue, la mairie esp\u00e8re faire le plein de spectateurs. Le mardi, \u00e0 partir de 19&nbsp;h&nbsp;30, le groupe Total Hip Replacement&#8230; Le Festival Sites en Sc\u00e8ne Jazz en feux aura lieu mardi&nbsp;8 et mercredi&hellip;<\/p>\n","protected":false},"author":1,"featured_media":319,"comment_status":"closed","ping_status":"closed","sticky":false,"template":"","format":"standard","meta":{"footnotes":""},"categories":[3],"tags":[],"class_list":["post-318","post","type-post","status-publish","format-standard","has-post-thumbnail","hentry","category-wiki-sur-festival-jazz-et-musique-en-mode-guinguette"],"yoast_head":"<!-- This site is optimized with the Yoast SEO plugin v27.5 - https:\/\/yoast.com\/product\/yoast-seo-wordpress\/ -->\n<title>Le Ch\u00e2teau-d\u2019Ol\u00e9ron : la citadelle br\u00fble pour Jazz en feux - FESTIVOX<\/title>\n<meta name=\"robots\" content=\"index, follow, max-snippet:-1, max-image-preview:large, max-video-preview:-1\" \/>\n<link rel=\"canonical\" href=\"https:\/\/www.festivox.fr\/blog\/le-chateau-doleron-la-citadelle-brule-pour-jazz-en-feux\/\" \/>\n<meta property=\"og:locale\" content=\"fr_FR\" \/>\n<meta property=\"og:type\" content=\"article\" \/>\n<meta property=\"og:title\" content=\"Le Ch\u00e2teau-d\u2019Ol\u00e9ron : la citadelle br\u00fble pour Jazz en feux - FESTIVOX\" \/>\n<meta property=\"og:description\" content=\"Le Festival Sites en Sc\u00e8ne Jazz en feux aura lieu mardi&nbsp;8 et mercredi 9&nbsp;ao\u00fbt \u00e0 la citadelle du Ch\u00e2teau-d\u2019Ol\u00e9ron. Avec une programmation pointue, la mairie esp\u00e8re faire le plein de spectateurs. Le mardi, \u00e0 partir de 19&nbsp;h&nbsp;30, le groupe Total Hip Replacement&#8230; Le Festival Sites en Sc\u00e8ne Jazz en feux aura lieu mardi&nbsp;8 et mercredi&hellip;\" \/>\n<meta property=\"og:url\" content=\"https:\/\/www.festivox.fr\/blog\/le-chateau-doleron-la-citadelle-brule-pour-jazz-en-feux\/\" \/>\n<meta property=\"og:site_name\" content=\"FESTIVOX\" \/>\n<meta property=\"article:published_time\" content=\"2023-08-05T06:37:00+00:00\" \/>\n<meta property=\"og:image\" content=\"https:\/\/www.festivox.fr\/blog\/wp-content\/uploads\/2023\/08\/le-chateau-doleron-la-citadelle-brule-pour-jazz-en-feux.jpg\" \/>\n<meta name=\"author\" content=\"Michele\" \/>\n<meta name=\"twitter:card\" content=\"summary_large_image\" \/>\n<meta name=\"twitter:label1\" content=\"\u00c9crit par\" \/>\n\t<meta name=\"twitter:data1\" content=\"Michele\" \/>\n\t<meta name=\"twitter:label2\" content=\"Dur\u00e9e de lecture estim\u00e9e\" \/>\n\t<meta name=\"twitter:data2\" content=\"3 minutes\" \/>\n<script type=\"application\/ld+json\" class=\"yoast-schema-graph\">{\"@context\":\"https:\\\/\\\/schema.org\",\"@graph\":[{\"@type\":\"Article\",\"@id\":\"https:\\\/\\\/www.festivox.fr\\\/blog\\\/le-chateau-doleron-la-citadelle-brule-pour-jazz-en-feux\\\/#article\",\"isPartOf\":{\"@id\":\"https:\\\/\\\/www.festivox.fr\\\/blog\\\/le-chateau-doleron-la-citadelle-brule-pour-jazz-en-feux\\\/\"},\"author\":{\"name\":\"Michele\",\"@id\":\"https:\\\/\\\/www.festivox.fr\\\/blog\\\/#\\\/schema\\\/person\\\/f36a8b6bc94800c3eafed4bca993ce95\"},\"headline\":\"Le Ch\u00e2teau-d\u2019Ol\u00e9ron : la citadelle br\u00fble pour Jazz en feux\",\"datePublished\":\"2023-08-05T06:37:00+00:00\",\"mainEntityOfPage\":{\"@id\":\"https:\\\/\\\/www.festivox.fr\\\/blog\\\/le-chateau-doleron-la-citadelle-brule-pour-jazz-en-feux\\\/\"},\"wordCount\":595,\"publisher\":{\"@id\":\"https:\\\/\\\/www.festivox.fr\\\/blog\\\/#organization\"},\"image\":{\"@id\":\"https:\\\/\\\/www.festivox.fr\\\/blog\\\/le-chateau-doleron-la-citadelle-brule-pour-jazz-en-feux\\\/#primaryimage\"},\"thumbnailUrl\":\"https:\\\/\\\/www.festivox.fr\\\/blog\\\/wp-content\\\/uploads\\\/2023\\\/08\\\/le-chateau-doleron-la-citadelle-brule-pour-jazz-en-feux.jpg\",\"articleSection\":[\"Wiki Sur Festival Jazz Et Musique En Mode Guinguette:\"],\"inLanguage\":\"fr-FR\"},{\"@type\":\"WebPage\",\"@id\":\"https:\\\/\\\/www.festivox.fr\\\/blog\\\/le-chateau-doleron-la-citadelle-brule-pour-jazz-en-feux\\\/\",\"url\":\"https:\\\/\\\/www.festivox.fr\\\/blog\\\/le-chateau-doleron-la-citadelle-brule-pour-jazz-en-feux\\\/\",\"name\":\"Le Ch\u00e2teau-d\u2019Ol\u00e9ron : la citadelle br\u00fble pour Jazz en feux - FESTIVOX\",\"isPartOf\":{\"@id\":\"https:\\\/\\\/www.festivox.fr\\\/blog\\\/#website\"},\"primaryImageOfPage\":{\"@id\":\"https:\\\/\\\/www.festivox.fr\\\/blog\\\/le-chateau-doleron-la-citadelle-brule-pour-jazz-en-feux\\\/#primaryimage\"},\"image\":{\"@id\":\"https:\\\/\\\/www.festivox.fr\\\/blog\\\/le-chateau-doleron-la-citadelle-brule-pour-jazz-en-feux\\\/#primaryimage\"},\"thumbnailUrl\":\"https:\\\/\\\/www.festivox.fr\\\/blog\\\/wp-content\\\/uploads\\\/2023\\\/08\\\/le-chateau-doleron-la-citadelle-brule-pour-jazz-en-feux.jpg\",\"datePublished\":\"2023-08-05T06:37:00+00:00\",\"breadcrumb\":{\"@id\":\"https:\\\/\\\/www.festivox.fr\\\/blog\\\/le-chateau-doleron-la-citadelle-brule-pour-jazz-en-feux\\\/#breadcrumb\"},\"inLanguage\":\"fr-FR\",\"potentialAction\":[{\"@type\":\"ReadAction\",\"target\":[\"https:\\\/\\\/www.festivox.fr\\\/blog\\\/le-chateau-doleron-la-citadelle-brule-pour-jazz-en-feux\\\/\"]}]},{\"@type\":\"ImageObject\",\"inLanguage\":\"fr-FR\",\"@id\":\"https:\\\/\\\/www.festivox.fr\\\/blog\\\/le-chateau-doleron-la-citadelle-brule-pour-jazz-en-feux\\\/#primaryimage\",\"url\":\"https:\\\/\\\/www.festivox.fr\\\/blog\\\/wp-content\\\/uploads\\\/2023\\\/08\\\/le-chateau-doleron-la-citadelle-brule-pour-jazz-en-feux.jpg\",\"contentUrl\":\"https:\\\/\\\/www.festivox.fr\\\/blog\\\/wp-content\\\/uploads\\\/2023\\\/08\\\/le-chateau-doleron-la-citadelle-brule-pour-jazz-en-feux.jpg\",\"width\":1200,\"height\":800},{\"@type\":\"BreadcrumbList\",\"@id\":\"https:\\\/\\\/www.festivox.fr\\\/blog\\\/le-chateau-doleron-la-citadelle-brule-pour-jazz-en-feux\\\/#breadcrumb\",\"itemListElement\":[{\"@type\":\"ListItem\",\"position\":1,\"name\":\"Accueil\",\"item\":\"https:\\\/\\\/www.festivox.fr\\\/blog\\\/\"},{\"@type\":\"ListItem\",\"position\":2,\"name\":\"Le Ch\u00e2teau-d\u2019Ol\u00e9ron : la citadelle br\u00fble pour Jazz en feux\"}]},{\"@type\":\"WebSite\",\"@id\":\"https:\\\/\\\/www.festivox.fr\\\/blog\\\/#website\",\"url\":\"https:\\\/\\\/www.festivox.fr\\\/blog\\\/\",\"name\":\"FESTIVOX\",\"description\":\"Festival en mode guinguette.\",\"publisher\":{\"@id\":\"https:\\\/\\\/www.festivox.fr\\\/blog\\\/#organization\"},\"potentialAction\":[{\"@type\":\"SearchAction\",\"target\":{\"@type\":\"EntryPoint\",\"urlTemplate\":\"https:\\\/\\\/www.festivox.fr\\\/blog\\\/?s={search_term_string}\"},\"query-input\":{\"@type\":\"PropertyValueSpecification\",\"valueRequired\":true,\"valueName\":\"search_term_string\"}}],\"inLanguage\":\"fr-FR\"},{\"@type\":\"Organization\",\"@id\":\"https:\\\/\\\/www.festivox.fr\\\/blog\\\/#organization\",\"name\":\"festivox\",\"url\":\"https:\\\/\\\/www.festivox.fr\\\/blog\\\/\",\"logo\":{\"@type\":\"ImageObject\",\"inLanguage\":\"fr-FR\",\"@id\":\"https:\\\/\\\/www.festivox.fr\\\/blog\\\/#\\\/schema\\\/logo\\\/image\\\/\",\"url\":\"https:\\\/\\\/www.festivox.fr\\\/blog\\\/wp-content\\\/uploads\\\/2023\\\/06\\\/logo-2.png\",\"contentUrl\":\"https:\\\/\\\/www.festivox.fr\\\/blog\\\/wp-content\\\/uploads\\\/2023\\\/06\\\/logo-2.png\",\"width\":480,\"height\":160,\"caption\":\"festivox\"},\"image\":{\"@id\":\"https:\\\/\\\/www.festivox.fr\\\/blog\\\/#\\\/schema\\\/logo\\\/image\\\/\"}},{\"@type\":\"Person\",\"@id\":\"https:\\\/\\\/www.festivox.fr\\\/blog\\\/#\\\/schema\\\/person\\\/f36a8b6bc94800c3eafed4bca993ce95\",\"name\":\"Michele\",\"image\":{\"@type\":\"ImageObject\",\"inLanguage\":\"fr-FR\",\"@id\":\"https:\\\/\\\/secure.gravatar.com\\\/avatar\\\/b062046536b5d47ec9075956ec349ef95ed06b0f910c578f74abb318668b702e?s=96&d=mm&r=g\",\"url\":\"https:\\\/\\\/secure.gravatar.com\\\/avatar\\\/b062046536b5d47ec9075956ec349ef95ed06b0f910c578f74abb318668b702e?s=96&d=mm&r=g\",\"contentUrl\":\"https:\\\/\\\/secure.gravatar.com\\\/avatar\\\/b062046536b5d47ec9075956ec349ef95ed06b0f910c578f74abb318668b702e?s=96&d=mm&r=g\",\"caption\":\"Michele\"},\"sameAs\":[\"https:\\\/\\\/www.festivox.fr\\\/blog\"],\"url\":\"https:\\\/\\\/www.festivox.fr\\\/blog\\\/author\\\/voxadmin\\\/\"}]}<\/script>\n<!-- \/ Yoast SEO plugin. -->","yoast_head_json":{"title":"Le Ch\u00e2teau-d\u2019Ol\u00e9ron : la citadelle br\u00fble pour Jazz en feux - FESTIVOX","robots":{"index":"index","follow":"follow","max-snippet":"max-snippet:-1","max-image-preview":"max-image-preview:large","max-video-preview":"max-video-preview:-1"},"canonical":"https:\/\/www.festivox.fr\/blog\/le-chateau-doleron-la-citadelle-brule-pour-jazz-en-feux\/","og_locale":"fr_FR","og_type":"article","og_title":"Le Ch\u00e2teau-d\u2019Ol\u00e9ron : la citadelle br\u00fble pour Jazz en feux - FESTIVOX","og_description":"Le Festival Sites en Sc\u00e8ne Jazz en feux aura lieu mardi&nbsp;8 et mercredi 9&nbsp;ao\u00fbt \u00e0 la citadelle du Ch\u00e2teau-d\u2019Ol\u00e9ron. Avec une programmation pointue, la mairie esp\u00e8re faire le plein de spectateurs. Le mardi, \u00e0 partir de 19&nbsp;h&nbsp;30, le groupe Total Hip Replacement&#8230; Le Festival Sites en Sc\u00e8ne Jazz en feux aura lieu mardi&nbsp;8 et mercredi&hellip;","og_url":"https:\/\/www.festivox.fr\/blog\/le-chateau-doleron-la-citadelle-brule-pour-jazz-en-feux\/","og_site_name":"FESTIVOX","article_published_time":"2023-08-05T06:37:00+00:00","og_image":[{"url":"https:\/\/www.festivox.fr\/blog\/wp-content\/uploads\/2023\/08\/le-chateau-doleron-la-citadelle-brule-pour-jazz-en-feux.jpg","type":"","width":"","height":""}],"author":"Michele","twitter_card":"summary_large_image","twitter_misc":{"\u00c9crit par":"Michele","Dur\u00e9e de lecture estim\u00e9e":"3 minutes"},"schema":{"@context":"https:\/\/schema.org","@graph":[{"@type":"Article","@id":"https:\/\/www.festivox.fr\/blog\/le-chateau-doleron-la-citadelle-brule-pour-jazz-en-feux\/#article","isPartOf":{"@id":"https:\/\/www.festivox.fr\/blog\/le-chateau-doleron-la-citadelle-brule-pour-jazz-en-feux\/"},"author":{"name":"Michele","@id":"https:\/\/www.festivox.fr\/blog\/#\/schema\/person\/f36a8b6bc94800c3eafed4bca993ce95"},"headline":"Le Ch\u00e2teau-d\u2019Ol\u00e9ron : la citadelle br\u00fble pour Jazz en feux","datePublished":"2023-08-05T06:37:00+00:00","mainEntityOfPage":{"@id":"https:\/\/www.festivox.fr\/blog\/le-chateau-doleron-la-citadelle-brule-pour-jazz-en-feux\/"},"wordCount":595,"publisher":{"@id":"https:\/\/www.festivox.fr\/blog\/#organization"},"image":{"@id":"https:\/\/www.festivox.fr\/blog\/le-chateau-doleron-la-citadelle-brule-pour-jazz-en-feux\/#primaryimage"},"thumbnailUrl":"https:\/\/www.festivox.fr\/blog\/wp-content\/uploads\/2023\/08\/le-chateau-doleron-la-citadelle-brule-pour-jazz-en-feux.jpg","articleSection":["Wiki Sur Festival Jazz Et Musique En Mode Guinguette:"],"inLanguage":"fr-FR"},{"@type":"WebPage","@id":"https:\/\/www.festivox.fr\/blog\/le-chateau-doleron-la-citadelle-brule-pour-jazz-en-feux\/","url":"https:\/\/www.festivox.fr\/blog\/le-chateau-doleron-la-citadelle-brule-pour-jazz-en-feux\/","name":"Le Ch\u00e2teau-d\u2019Ol\u00e9ron : la citadelle br\u00fble pour Jazz en feux - FESTIVOX","isPartOf":{"@id":"https:\/\/www.festivox.fr\/blog\/#website"},"primaryImageOfPage":{"@id":"https:\/\/www.festivox.fr\/blog\/le-chateau-doleron-la-citadelle-brule-pour-jazz-en-feux\/#primaryimage"},"image":{"@id":"https:\/\/www.festivox.fr\/blog\/le-chateau-doleron-la-citadelle-brule-pour-jazz-en-feux\/#primaryimage"},"thumbnailUrl":"https:\/\/www.festivox.fr\/blog\/wp-content\/uploads\/2023\/08\/le-chateau-doleron-la-citadelle-brule-pour-jazz-en-feux.jpg","datePublished":"2023-08-05T06:37:00+00:00","breadcrumb":{"@id":"https:\/\/www.festivox.fr\/blog\/le-chateau-doleron-la-citadelle-brule-pour-jazz-en-feux\/#breadcrumb"},"inLanguage":"fr-FR","potentialAction":[{"@type":"ReadAction","target":["https:\/\/www.festivox.fr\/blog\/le-chateau-doleron-la-citadelle-brule-pour-jazz-en-feux\/"]}]},{"@type":"ImageObject","inLanguage":"fr-FR","@id":"https:\/\/www.festivox.fr\/blog\/le-chateau-doleron-la-citadelle-brule-pour-jazz-en-feux\/#primaryimage","url":"https:\/\/www.festivox.fr\/blog\/wp-content\/uploads\/2023\/08\/le-chateau-doleron-la-citadelle-brule-pour-jazz-en-feux.jpg","contentUrl":"https:\/\/www.festivox.fr\/blog\/wp-content\/uploads\/2023\/08\/le-chateau-doleron-la-citadelle-brule-pour-jazz-en-feux.jpg","width":1200,"height":800},{"@type":"BreadcrumbList","@id":"https:\/\/www.festivox.fr\/blog\/le-chateau-doleron-la-citadelle-brule-pour-jazz-en-feux\/#breadcrumb","itemListElement":[{"@type":"ListItem","position":1,"name":"Accueil","item":"https:\/\/www.festivox.fr\/blog\/"},{"@type":"ListItem","position":2,"name":"Le Ch\u00e2teau-d\u2019Ol\u00e9ron : la citadelle br\u00fble pour Jazz en feux"}]},{"@type":"WebSite","@id":"https:\/\/www.festivox.fr\/blog\/#website","url":"https:\/\/www.festivox.fr\/blog\/","name":"FESTIVOX","description":"Festival en mode guinguette.","publisher":{"@id":"https:\/\/www.festivox.fr\/blog\/#organization"},"potentialAction":[{"@type":"SearchAction","target":{"@type":"EntryPoint","urlTemplate":"https:\/\/www.festivox.fr\/blog\/?s={search_term_string}"},"query-input":{"@type":"PropertyValueSpecification","valueRequired":true,"valueName":"search_term_string"}}],"inLanguage":"fr-FR"},{"@type":"Organization","@id":"https:\/\/www.festivox.fr\/blog\/#organization","name":"festivox","url":"https:\/\/www.festivox.fr\/blog\/","logo":{"@type":"ImageObject","inLanguage":"fr-FR","@id":"https:\/\/www.festivox.fr\/blog\/#\/schema\/logo\/image\/","url":"https:\/\/www.festivox.fr\/blog\/wp-content\/uploads\/2023\/06\/logo-2.png","contentUrl":"https:\/\/www.festivox.fr\/blog\/wp-content\/uploads\/2023\/06\/logo-2.png","width":480,"height":160,"caption":"festivox"},"image":{"@id":"https:\/\/www.festivox.fr\/blog\/#\/schema\/logo\/image\/"}},{"@type":"Person","@id":"https:\/\/www.festivox.fr\/blog\/#\/schema\/person\/f36a8b6bc94800c3eafed4bca993ce95","name":"Michele","image":{"@type":"ImageObject","inLanguage":"fr-FR","@id":"https:\/\/secure.gravatar.com\/avatar\/b062046536b5d47ec9075956ec349ef95ed06b0f910c578f74abb318668b702e?s=96&d=mm&r=g","url":"https:\/\/secure.gravatar.com\/avatar\/b062046536b5d47ec9075956ec349ef95ed06b0f910c578f74abb318668b702e?s=96&d=mm&r=g","contentUrl":"https:\/\/secure.gravatar.com\/avatar\/b062046536b5d47ec9075956ec349ef95ed06b0f910c578f74abb318668b702e?s=96&d=mm&r=g","caption":"Michele"},"sameAs":["https:\/\/www.festivox.fr\/blog"],"url":"https:\/\/www.festivox.fr\/blog\/author\/voxadmin\/"}]}},"_links":{"self":[{"href":"https:\/\/www.festivox.fr\/blog\/wp-json\/wp\/v2\/posts\/318","targetHints":{"allow":["GET"]}}],"collection":[{"href":"https:\/\/www.festivox.fr\/blog\/wp-json\/wp\/v2\/posts"}],"about":[{"href":"https:\/\/www.festivox.fr\/blog\/wp-json\/wp\/v2\/types\/post"}],"author":[{"embeddable":true,"href":"https:\/\/www.festivox.fr\/blog\/wp-json\/wp\/v2\/users\/1"}],"replies":[{"embeddable":true,"href":"https:\/\/www.festivox.fr\/blog\/wp-json\/wp\/v2\/comments?post=318"}],"version-history":[{"count":0,"href":"https:\/\/www.festivox.fr\/blog\/wp-json\/wp\/v2\/posts\/318\/revisions"}],"wp:featuredmedia":[{"embeddable":true,"href":"https:\/\/www.festivox.fr\/blog\/wp-json\/wp\/v2\/media\/319"}],"wp:attachment":[{"href":"https:\/\/www.festivox.fr\/blog\/wp-json\/wp\/v2\/media?parent=318"}],"wp:term":[{"taxonomy":"category","embeddable":true,"href":"https:\/\/www.festivox.fr\/blog\/wp-json\/wp\/v2\/categories?post=318"},{"taxonomy":"post_tag","embeddable":true,"href":"https:\/\/www.festivox.fr\/blog\/wp-json\/wp\/v2\/tags?post=318"}],"curies":[{"name":"wp","href":"https:\/\/api.w.org\/{rel}","templated":true}]}}