{"id":316,"date":"2023-08-04T10:27:00","date_gmt":"2023-08-04T08:27:00","guid":{"rendered":"https:\/\/www.festivox.fr\/blog\/jazz-in-marciac-le-dispositif-jazz-au-college-fete-deja-ses-30-ans\/"},"modified":"2023-08-04T10:27:00","modified_gmt":"2023-08-04T08:27:00","slug":"jazz-in-marciac-le-dispositif-jazz-au-college-fete-deja-ses-30-ans","status":"publish","type":"post","link":"https:\/\/www.festivox.fr\/blog\/jazz-in-marciac-le-dispositif-jazz-au-college-fete-deja-ses-30-ans\/","title":{"rendered":"Jazz in Marciac : le dispositif \u00ab\u00a0Jazz au coll\u00e8ge\u00a0\u00bb f\u00eate d\u00e9j\u00e0 ses 30 ans"},"content":{"rendered":"\n<p> <span class=\"article-full__chapo-label hide-on-small-only\">l&rsquo;essentiel<\/span> Depuis 30 ans, le coll\u00e8ge de Marciac place la musique au c\u0153ur de ses enseignements. Les \u00e9l\u00e8ves se sont produits au Bis de Jazz in Marciac le jeudi 3 ao\u00fbt. <\/p>\n<div>\n<p>Jeudi 3 ao\u00fbt, ce sont les \u00e9l\u00e8ves des Ateliers d\u2019initiation \u00e0 la musique jazz (AIMJ) qui se produisaient sur la sc\u00e8ne Bis du festival de Jazz in Marciac (JIM). Comme \u00e0 chaque \u00e9dition de JIM, le public \u00e9tait nombreux. Ce concert constitue une restitution de tous les apprentissages musicaux de l\u2019ann\u00e9e scolaire de la classe de 6e jusqu\u2019\u00e0 la 3e, des groupes de combos et du dernier n\u00e9, le Big-band compos\u00e9 d\u2019une trentaine de musiciens des quatre niveaux et qui a g\u00e9n\u00e9r\u00e9 une ovation ce jeudi apr\u00e8s-midi.<\/p>\n<p><!-- Pub DFP Position [outstream] --> <\/p>\n<p class=\"std-elt__inline\"> <strong>A lire aussi :<\/strong> <a href=\"https:\/\/www.ladepeche.fr\/2023\/07\/19\/jazz-in-marciac-la-45e-edition-du-festival-gersois-decline-toutes-les-facettes-du-jazz-a-partir-de-ce-jeudi-20-juillet-11348539.php\" target=\"_blank\" rel=\"nofollow\">Jazz in Marciac : la 45e \u00e9dition du festival gersois d\u00e9cline toutes les facettes du jazz \u00e0 partir de ce jeudi 20 juillet<\/a> <\/p>\n<p><!-- Pub DFP Position [article] --> <\/p>\n<p>Il y a 30 ans, le coll\u00e8ge perdait des \u00e9l\u00e8ves d\u00e9mographiquement parlant. Afin de ramener des jeunes de l\u2019ext\u00e9rieur, le principal du coll\u00e8ge Jean-Louis Guilhaumon, soutenu par le recteur, l\u2019inspecteur d\u2019acad\u00e9mie, le conseil d\u00e9partemental et la mairie a cr\u00e9\u00e9 en 1993 les classes d\u2019AIMJ, coupl\u00e9es \u00e0 un internat labellis\u00e9 d\u2019excellence depuis 2 ans. Ainsi de 80 \u00e9l\u00e8ves, le coll\u00e8ge est pass\u00e9 aujourd\u2019hui \u00e0 plus de 200 dont 130 en option musique. Un mod\u00e8le qui n\u2019existe nulle part ailleurs et qui en fait toute sa singularit\u00e9 avec un projet p\u00e9dagogique innovant \u00e9crit par Jean Pierre Perebelle.<\/p>\n<div class=\"center-align\">\n<figure class=\"std-img\" data-src=\"https:\/\/images.ladepeche.fr\/api\/v1\/images\/view\/64cd09bccd28c704533600e6\/original\/image.jpg?v=1\"> <img class=\"std-img__img responsive-img\" data-src=\"https:\/\/www.festivox.fr\/blog\/wp-content\/uploads\/2023\/08\/jazz-in-marciac-le-dispositif-jazz-au-college-fete-deja-ses-30-ans.jpg\" alt=\"Le Big-Band est le dernier n\u00e9 dans le coll\u00e8ge.\"><figcaption class=\"article-full__media-infos\"> Le Big-Band est le dernier n\u00e9 dans le coll\u00e8ge. <span class=\"article-full__media-author\">Photo DDM &#8211; Maryse Lacour<\/span> <\/figcaption><\/figure>\n<\/div>\n<p>\u00ab\u00a0Faire d\u00e9couvrir \u00e0 l\u2019\u00e9l\u00e8ve le plaisir de la pratique de la musique\u00a0\u00bb, pr\u00e9cise J\u00e9r\u00f4me Delesalle, Conseiller p\u00e9dagogique d\u2019\u00e9ducation (CPE) au coll\u00e8ge de Marciac depuis 2008. L\u2019\u00e9l\u00e8ve se d\u00e9veloppe autour des notions de lien social, collectif, acquiert de la confiance, de l\u2019autonomie par la musique. Pour ne citer qu\u2019un exemple, celui de la prise de risque dans l\u2019improvisation. \u00ab\u00a0Beaucoup de rigueur mais aussi de la bienveillance font la r\u00e9ussite du projet et les exemples d\u2019\u00e9volution positive sont nombreux\u00a0\u00bb, souligne le CPE.<\/p>\n<p class=\"std-elt__inline\"> <strong>A lire aussi :<\/strong> <a href=\"https:\/\/www.ladepeche.fr\/2023\/07\/27\/les-brigades-vertes-a-loeuvre-pour-le-festival-jazz-in-marciac-11365071.php\" target=\"_blank\" rel=\"nofollow\">Les brigades vertes \u00e0 l\u2019\u0153uvre pour le festival Jazz in Marciac<\/a> <\/p>\n<p>Une heure par semaine, le mercredi, un intervenant ext\u00e9rieur s\u2019occupe des combos et du travail de l\u2019instrument de musique pris en charge par JIM. Les combos compos\u00e9s de 6 \u00e0 7 \u00e9l\u00e8ves pratiquent la musique toute l\u2019ann\u00e9e, se produisent sur les sc\u00e8nes du Gers. Six albums ont \u00e9t\u00e9 enregistr\u00e9s pris en charge par l\u2019association de parents d\u2019\u00e9l\u00e8ves musiciens Voy\u2019Jazz. Pour les 30 ans des AIMJ, l\u2019association et le coll\u00e8ge Aretha Franklin ont r\u00e9alis\u00e9 un livre comm\u00e9moratif et enregistr\u00e9 un 7e album avec des invit\u00e9s exceptionnels comme Wynton Marsalis, Emile Parisien, Le\u00efla Martial ou Rolando Luna.<\/p>\n<footer class=\"txt-note\">Pour commander un CD et\/ou une version imprim\u00e9e du livre\u2005: voyjazz@gmail.com<\/footer>\n<\/p><\/div>\n<p> Cet article, qui traite du th\u00e8me \u00ab\u00a0Festival Jazz et musique en mode guinguette\u00a0\u00bb, vous est d\u00e9lib\u00e9r\u00e9ment offert par festivox.fr. La raison d\u2019\u00eatre de festivox.fr est de parler de Festival Jazz et musique en mode guinguette dans la transparence la plus g\u00e9n\u00e9rale en vous procurant la visibilit\u00e9 de tout ce qui est publi\u00e9 sur ce sujet sur le web La chronique a \u00e9t\u00e9 g\u00e9n\u00e9r\u00e9e de la mani\u00e8re la plus honn\u00eate que possible. S\u2019il advenait que vous projetez d\u2019apporter quelques notes concernant le domaine de \u00ab\u00a0Festival Jazz et musique en mode guinguette\u00a0\u00bb vous avez la possibilit\u00e9 de d&rsquo;\u00e9changer avec notre r\u00e9daction. Dans peu de temps, on mettra en ligne d&rsquo;autres informations pertinentes autour du sujet \u00ab\u00a0Festival Jazz et musique en mode guinguette\u00a0\u00bb. Ainsi, consultez r\u00e9guli\u00e8rement notre site.<\/p>\n","protected":false},"excerpt":{"rendered":"<p>l&rsquo;essentiel Depuis 30 ans, le coll\u00e8ge de Marciac place la musique au c\u0153ur de ses enseignements. Les \u00e9l\u00e8ves se sont produits au Bis de Jazz in Marciac le jeudi 3 ao\u00fbt. Jeudi 3 ao\u00fbt, ce sont les \u00e9l\u00e8ves des Ateliers d\u2019initiation \u00e0 la musique jazz (AIMJ) qui se produisaient sur la sc\u00e8ne Bis du festival&hellip;<\/p>\n","protected":false},"author":1,"featured_media":317,"comment_status":"closed","ping_status":"closed","sticky":false,"template":"","format":"standard","meta":{"footnotes":""},"categories":[3],"tags":[],"class_list":["post-316","post","type-post","status-publish","format-standard","has-post-thumbnail","hentry","category-wiki-sur-festival-jazz-et-musique-en-mode-guinguette"],"yoast_head":"<!-- This site is optimized with the Yoast SEO plugin v27.5 - https:\/\/yoast.com\/product\/yoast-seo-wordpress\/ -->\n<title>Jazz in Marciac : le dispositif &quot;Jazz au coll\u00e8ge&quot; f\u00eate d\u00e9j\u00e0 ses 30 ans - FESTIVOX<\/title>\n<meta name=\"robots\" content=\"index, follow, max-snippet:-1, max-image-preview:large, max-video-preview:-1\" \/>\n<link rel=\"canonical\" href=\"https:\/\/www.festivox.fr\/blog\/jazz-in-marciac-le-dispositif-jazz-au-college-fete-deja-ses-30-ans\/\" \/>\n<meta property=\"og:locale\" content=\"fr_FR\" \/>\n<meta property=\"og:type\" content=\"article\" \/>\n<meta property=\"og:title\" content=\"Jazz in Marciac : le dispositif &quot;Jazz au coll\u00e8ge&quot; f\u00eate d\u00e9j\u00e0 ses 30 ans - FESTIVOX\" \/>\n<meta property=\"og:description\" content=\"l&rsquo;essentiel Depuis 30 ans, le coll\u00e8ge de Marciac place la musique au c\u0153ur de ses enseignements. Les \u00e9l\u00e8ves se sont produits au Bis de Jazz in Marciac le jeudi 3 ao\u00fbt. Jeudi 3 ao\u00fbt, ce sont les \u00e9l\u00e8ves des Ateliers d\u2019initiation \u00e0 la musique jazz (AIMJ) qui se produisaient sur la sc\u00e8ne Bis du festival&hellip;\" \/>\n<meta property=\"og:url\" content=\"https:\/\/www.festivox.fr\/blog\/jazz-in-marciac-le-dispositif-jazz-au-college-fete-deja-ses-30-ans\/\" \/>\n<meta property=\"og:site_name\" content=\"FESTIVOX\" \/>\n<meta property=\"article:published_time\" content=\"2023-08-04T08:27:00+00:00\" \/>\n<meta property=\"og:image\" content=\"https:\/\/www.festivox.fr\/blog\/wp-content\/uploads\/2023\/08\/jazz-in-marciac-le-dispositif-jazz-au-college-fete-deja-ses-30-ans.jpg\" \/>\n<meta name=\"author\" content=\"Michele\" \/>\n<meta name=\"twitter:card\" content=\"summary_large_image\" \/>\n<meta name=\"twitter:label1\" content=\"\u00c9crit par\" \/>\n\t<meta name=\"twitter:data1\" content=\"Michele\" \/>\n\t<meta name=\"twitter:label2\" content=\"Dur\u00e9e de lecture estim\u00e9e\" \/>\n\t<meta name=\"twitter:data2\" content=\"3 minutes\" \/>\n<script type=\"application\/ld+json\" class=\"yoast-schema-graph\">{\"@context\":\"https:\\\/\\\/schema.org\",\"@graph\":[{\"@type\":\"Article\",\"@id\":\"https:\\\/\\\/www.festivox.fr\\\/blog\\\/jazz-in-marciac-le-dispositif-jazz-au-college-fete-deja-ses-30-ans\\\/#article\",\"isPartOf\":{\"@id\":\"https:\\\/\\\/www.festivox.fr\\\/blog\\\/jazz-in-marciac-le-dispositif-jazz-au-college-fete-deja-ses-30-ans\\\/\"},\"author\":{\"name\":\"Michele\",\"@id\":\"https:\\\/\\\/www.festivox.fr\\\/blog\\\/#\\\/schema\\\/person\\\/f36a8b6bc94800c3eafed4bca993ce95\"},\"headline\":\"Jazz in Marciac : le dispositif \u00ab\u00a0Jazz au coll\u00e8ge\u00a0\u00bb f\u00eate d\u00e9j\u00e0 ses 30 ans\",\"datePublished\":\"2023-08-04T08:27:00+00:00\",\"mainEntityOfPage\":{\"@id\":\"https:\\\/\\\/www.festivox.fr\\\/blog\\\/jazz-in-marciac-le-dispositif-jazz-au-college-fete-deja-ses-30-ans\\\/\"},\"wordCount\":666,\"publisher\":{\"@id\":\"https:\\\/\\\/www.festivox.fr\\\/blog\\\/#organization\"},\"image\":{\"@id\":\"https:\\\/\\\/www.festivox.fr\\\/blog\\\/jazz-in-marciac-le-dispositif-jazz-au-college-fete-deja-ses-30-ans\\\/#primaryimage\"},\"thumbnailUrl\":\"https:\\\/\\\/www.festivox.fr\\\/blog\\\/wp-content\\\/uploads\\\/2023\\\/08\\\/jazz-in-marciac-le-dispositif-jazz-au-college-fete-deja-ses-30-ans.jpg\",\"articleSection\":[\"Wiki Sur Festival Jazz Et Musique En Mode Guinguette:\"],\"inLanguage\":\"fr-FR\"},{\"@type\":\"WebPage\",\"@id\":\"https:\\\/\\\/www.festivox.fr\\\/blog\\\/jazz-in-marciac-le-dispositif-jazz-au-college-fete-deja-ses-30-ans\\\/\",\"url\":\"https:\\\/\\\/www.festivox.fr\\\/blog\\\/jazz-in-marciac-le-dispositif-jazz-au-college-fete-deja-ses-30-ans\\\/\",\"name\":\"Jazz in Marciac : le dispositif \\\"Jazz au coll\u00e8ge\\\" f\u00eate d\u00e9j\u00e0 ses 30 ans - FESTIVOX\",\"isPartOf\":{\"@id\":\"https:\\\/\\\/www.festivox.fr\\\/blog\\\/#website\"},\"primaryImageOfPage\":{\"@id\":\"https:\\\/\\\/www.festivox.fr\\\/blog\\\/jazz-in-marciac-le-dispositif-jazz-au-college-fete-deja-ses-30-ans\\\/#primaryimage\"},\"image\":{\"@id\":\"https:\\\/\\\/www.festivox.fr\\\/blog\\\/jazz-in-marciac-le-dispositif-jazz-au-college-fete-deja-ses-30-ans\\\/#primaryimage\"},\"thumbnailUrl\":\"https:\\\/\\\/www.festivox.fr\\\/blog\\\/wp-content\\\/uploads\\\/2023\\\/08\\\/jazz-in-marciac-le-dispositif-jazz-au-college-fete-deja-ses-30-ans.jpg\",\"datePublished\":\"2023-08-04T08:27:00+00:00\",\"breadcrumb\":{\"@id\":\"https:\\\/\\\/www.festivox.fr\\\/blog\\\/jazz-in-marciac-le-dispositif-jazz-au-college-fete-deja-ses-30-ans\\\/#breadcrumb\"},\"inLanguage\":\"fr-FR\",\"potentialAction\":[{\"@type\":\"ReadAction\",\"target\":[\"https:\\\/\\\/www.festivox.fr\\\/blog\\\/jazz-in-marciac-le-dispositif-jazz-au-college-fete-deja-ses-30-ans\\\/\"]}]},{\"@type\":\"ImageObject\",\"inLanguage\":\"fr-FR\",\"@id\":\"https:\\\/\\\/www.festivox.fr\\\/blog\\\/jazz-in-marciac-le-dispositif-jazz-au-college-fete-deja-ses-30-ans\\\/#primaryimage\",\"url\":\"https:\\\/\\\/www.festivox.fr\\\/blog\\\/wp-content\\\/uploads\\\/2023\\\/08\\\/jazz-in-marciac-le-dispositif-jazz-au-college-fete-deja-ses-30-ans.jpg\",\"contentUrl\":\"https:\\\/\\\/www.festivox.fr\\\/blog\\\/wp-content\\\/uploads\\\/2023\\\/08\\\/jazz-in-marciac-le-dispositif-jazz-au-college-fete-deja-ses-30-ans.jpg\",\"width\":1409,\"height\":520},{\"@type\":\"BreadcrumbList\",\"@id\":\"https:\\\/\\\/www.festivox.fr\\\/blog\\\/jazz-in-marciac-le-dispositif-jazz-au-college-fete-deja-ses-30-ans\\\/#breadcrumb\",\"itemListElement\":[{\"@type\":\"ListItem\",\"position\":1,\"name\":\"Accueil\",\"item\":\"https:\\\/\\\/www.festivox.fr\\\/blog\\\/\"},{\"@type\":\"ListItem\",\"position\":2,\"name\":\"Jazz in Marciac : le dispositif \u00ab\u00a0Jazz au coll\u00e8ge\u00a0\u00bb f\u00eate d\u00e9j\u00e0 ses 30 ans\"}]},{\"@type\":\"WebSite\",\"@id\":\"https:\\\/\\\/www.festivox.fr\\\/blog\\\/#website\",\"url\":\"https:\\\/\\\/www.festivox.fr\\\/blog\\\/\",\"name\":\"FESTIVOX\",\"description\":\"Festival en mode guinguette.\",\"publisher\":{\"@id\":\"https:\\\/\\\/www.festivox.fr\\\/blog\\\/#organization\"},\"potentialAction\":[{\"@type\":\"SearchAction\",\"target\":{\"@type\":\"EntryPoint\",\"urlTemplate\":\"https:\\\/\\\/www.festivox.fr\\\/blog\\\/?s={search_term_string}\"},\"query-input\":{\"@type\":\"PropertyValueSpecification\",\"valueRequired\":true,\"valueName\":\"search_term_string\"}}],\"inLanguage\":\"fr-FR\"},{\"@type\":\"Organization\",\"@id\":\"https:\\\/\\\/www.festivox.fr\\\/blog\\\/#organization\",\"name\":\"festivox\",\"url\":\"https:\\\/\\\/www.festivox.fr\\\/blog\\\/\",\"logo\":{\"@type\":\"ImageObject\",\"inLanguage\":\"fr-FR\",\"@id\":\"https:\\\/\\\/www.festivox.fr\\\/blog\\\/#\\\/schema\\\/logo\\\/image\\\/\",\"url\":\"https:\\\/\\\/www.festivox.fr\\\/blog\\\/wp-content\\\/uploads\\\/2023\\\/06\\\/logo-2.png\",\"contentUrl\":\"https:\\\/\\\/www.festivox.fr\\\/blog\\\/wp-content\\\/uploads\\\/2023\\\/06\\\/logo-2.png\",\"width\":480,\"height\":160,\"caption\":\"festivox\"},\"image\":{\"@id\":\"https:\\\/\\\/www.festivox.fr\\\/blog\\\/#\\\/schema\\\/logo\\\/image\\\/\"}},{\"@type\":\"Person\",\"@id\":\"https:\\\/\\\/www.festivox.fr\\\/blog\\\/#\\\/schema\\\/person\\\/f36a8b6bc94800c3eafed4bca993ce95\",\"name\":\"Michele\",\"image\":{\"@type\":\"ImageObject\",\"inLanguage\":\"fr-FR\",\"@id\":\"https:\\\/\\\/secure.gravatar.com\\\/avatar\\\/b062046536b5d47ec9075956ec349ef95ed06b0f910c578f74abb318668b702e?s=96&d=mm&r=g\",\"url\":\"https:\\\/\\\/secure.gravatar.com\\\/avatar\\\/b062046536b5d47ec9075956ec349ef95ed06b0f910c578f74abb318668b702e?s=96&d=mm&r=g\",\"contentUrl\":\"https:\\\/\\\/secure.gravatar.com\\\/avatar\\\/b062046536b5d47ec9075956ec349ef95ed06b0f910c578f74abb318668b702e?s=96&d=mm&r=g\",\"caption\":\"Michele\"},\"sameAs\":[\"https:\\\/\\\/www.festivox.fr\\\/blog\"],\"url\":\"https:\\\/\\\/www.festivox.fr\\\/blog\\\/author\\\/voxadmin\\\/\"}]}<\/script>\n<!-- \/ Yoast SEO plugin. -->","yoast_head_json":{"title":"Jazz in Marciac : le dispositif \"Jazz au coll\u00e8ge\" f\u00eate d\u00e9j\u00e0 ses 30 ans - FESTIVOX","robots":{"index":"index","follow":"follow","max-snippet":"max-snippet:-1","max-image-preview":"max-image-preview:large","max-video-preview":"max-video-preview:-1"},"canonical":"https:\/\/www.festivox.fr\/blog\/jazz-in-marciac-le-dispositif-jazz-au-college-fete-deja-ses-30-ans\/","og_locale":"fr_FR","og_type":"article","og_title":"Jazz in Marciac : le dispositif \"Jazz au coll\u00e8ge\" f\u00eate d\u00e9j\u00e0 ses 30 ans - FESTIVOX","og_description":"l&rsquo;essentiel Depuis 30 ans, le coll\u00e8ge de Marciac place la musique au c\u0153ur de ses enseignements. Les \u00e9l\u00e8ves se sont produits au Bis de Jazz in Marciac le jeudi 3 ao\u00fbt. Jeudi 3 ao\u00fbt, ce sont les \u00e9l\u00e8ves des Ateliers d\u2019initiation \u00e0 la musique jazz (AIMJ) qui se produisaient sur la sc\u00e8ne Bis du festival&hellip;","og_url":"https:\/\/www.festivox.fr\/blog\/jazz-in-marciac-le-dispositif-jazz-au-college-fete-deja-ses-30-ans\/","og_site_name":"FESTIVOX","article_published_time":"2023-08-04T08:27:00+00:00","og_image":[{"url":"https:\/\/www.festivox.fr\/blog\/wp-content\/uploads\/2023\/08\/jazz-in-marciac-le-dispositif-jazz-au-college-fete-deja-ses-30-ans.jpg","type":"","width":"","height":""}],"author":"Michele","twitter_card":"summary_large_image","twitter_misc":{"\u00c9crit par":"Michele","Dur\u00e9e de lecture estim\u00e9e":"3 minutes"},"schema":{"@context":"https:\/\/schema.org","@graph":[{"@type":"Article","@id":"https:\/\/www.festivox.fr\/blog\/jazz-in-marciac-le-dispositif-jazz-au-college-fete-deja-ses-30-ans\/#article","isPartOf":{"@id":"https:\/\/www.festivox.fr\/blog\/jazz-in-marciac-le-dispositif-jazz-au-college-fete-deja-ses-30-ans\/"},"author":{"name":"Michele","@id":"https:\/\/www.festivox.fr\/blog\/#\/schema\/person\/f36a8b6bc94800c3eafed4bca993ce95"},"headline":"Jazz in Marciac : le dispositif \u00ab\u00a0Jazz au coll\u00e8ge\u00a0\u00bb f\u00eate d\u00e9j\u00e0 ses 30 ans","datePublished":"2023-08-04T08:27:00+00:00","mainEntityOfPage":{"@id":"https:\/\/www.festivox.fr\/blog\/jazz-in-marciac-le-dispositif-jazz-au-college-fete-deja-ses-30-ans\/"},"wordCount":666,"publisher":{"@id":"https:\/\/www.festivox.fr\/blog\/#organization"},"image":{"@id":"https:\/\/www.festivox.fr\/blog\/jazz-in-marciac-le-dispositif-jazz-au-college-fete-deja-ses-30-ans\/#primaryimage"},"thumbnailUrl":"https:\/\/www.festivox.fr\/blog\/wp-content\/uploads\/2023\/08\/jazz-in-marciac-le-dispositif-jazz-au-college-fete-deja-ses-30-ans.jpg","articleSection":["Wiki Sur Festival Jazz Et Musique En Mode Guinguette:"],"inLanguage":"fr-FR"},{"@type":"WebPage","@id":"https:\/\/www.festivox.fr\/blog\/jazz-in-marciac-le-dispositif-jazz-au-college-fete-deja-ses-30-ans\/","url":"https:\/\/www.festivox.fr\/blog\/jazz-in-marciac-le-dispositif-jazz-au-college-fete-deja-ses-30-ans\/","name":"Jazz in Marciac : le dispositif \"Jazz au coll\u00e8ge\" f\u00eate d\u00e9j\u00e0 ses 30 ans - FESTIVOX","isPartOf":{"@id":"https:\/\/www.festivox.fr\/blog\/#website"},"primaryImageOfPage":{"@id":"https:\/\/www.festivox.fr\/blog\/jazz-in-marciac-le-dispositif-jazz-au-college-fete-deja-ses-30-ans\/#primaryimage"},"image":{"@id":"https:\/\/www.festivox.fr\/blog\/jazz-in-marciac-le-dispositif-jazz-au-college-fete-deja-ses-30-ans\/#primaryimage"},"thumbnailUrl":"https:\/\/www.festivox.fr\/blog\/wp-content\/uploads\/2023\/08\/jazz-in-marciac-le-dispositif-jazz-au-college-fete-deja-ses-30-ans.jpg","datePublished":"2023-08-04T08:27:00+00:00","breadcrumb":{"@id":"https:\/\/www.festivox.fr\/blog\/jazz-in-marciac-le-dispositif-jazz-au-college-fete-deja-ses-30-ans\/#breadcrumb"},"inLanguage":"fr-FR","potentialAction":[{"@type":"ReadAction","target":["https:\/\/www.festivox.fr\/blog\/jazz-in-marciac-le-dispositif-jazz-au-college-fete-deja-ses-30-ans\/"]}]},{"@type":"ImageObject","inLanguage":"fr-FR","@id":"https:\/\/www.festivox.fr\/blog\/jazz-in-marciac-le-dispositif-jazz-au-college-fete-deja-ses-30-ans\/#primaryimage","url":"https:\/\/www.festivox.fr\/blog\/wp-content\/uploads\/2023\/08\/jazz-in-marciac-le-dispositif-jazz-au-college-fete-deja-ses-30-ans.jpg","contentUrl":"https:\/\/www.festivox.fr\/blog\/wp-content\/uploads\/2023\/08\/jazz-in-marciac-le-dispositif-jazz-au-college-fete-deja-ses-30-ans.jpg","width":1409,"height":520},{"@type":"BreadcrumbList","@id":"https:\/\/www.festivox.fr\/blog\/jazz-in-marciac-le-dispositif-jazz-au-college-fete-deja-ses-30-ans\/#breadcrumb","itemListElement":[{"@type":"ListItem","position":1,"name":"Accueil","item":"https:\/\/www.festivox.fr\/blog\/"},{"@type":"ListItem","position":2,"name":"Jazz in Marciac : le dispositif \u00ab\u00a0Jazz au coll\u00e8ge\u00a0\u00bb f\u00eate d\u00e9j\u00e0 ses 30 ans"}]},{"@type":"WebSite","@id":"https:\/\/www.festivox.fr\/blog\/#website","url":"https:\/\/www.festivox.fr\/blog\/","name":"FESTIVOX","description":"Festival en mode guinguette.","publisher":{"@id":"https:\/\/www.festivox.fr\/blog\/#organization"},"potentialAction":[{"@type":"SearchAction","target":{"@type":"EntryPoint","urlTemplate":"https:\/\/www.festivox.fr\/blog\/?s={search_term_string}"},"query-input":{"@type":"PropertyValueSpecification","valueRequired":true,"valueName":"search_term_string"}}],"inLanguage":"fr-FR"},{"@type":"Organization","@id":"https:\/\/www.festivox.fr\/blog\/#organization","name":"festivox","url":"https:\/\/www.festivox.fr\/blog\/","logo":{"@type":"ImageObject","inLanguage":"fr-FR","@id":"https:\/\/www.festivox.fr\/blog\/#\/schema\/logo\/image\/","url":"https:\/\/www.festivox.fr\/blog\/wp-content\/uploads\/2023\/06\/logo-2.png","contentUrl":"https:\/\/www.festivox.fr\/blog\/wp-content\/uploads\/2023\/06\/logo-2.png","width":480,"height":160,"caption":"festivox"},"image":{"@id":"https:\/\/www.festivox.fr\/blog\/#\/schema\/logo\/image\/"}},{"@type":"Person","@id":"https:\/\/www.festivox.fr\/blog\/#\/schema\/person\/f36a8b6bc94800c3eafed4bca993ce95","name":"Michele","image":{"@type":"ImageObject","inLanguage":"fr-FR","@id":"https:\/\/secure.gravatar.com\/avatar\/b062046536b5d47ec9075956ec349ef95ed06b0f910c578f74abb318668b702e?s=96&d=mm&r=g","url":"https:\/\/secure.gravatar.com\/avatar\/b062046536b5d47ec9075956ec349ef95ed06b0f910c578f74abb318668b702e?s=96&d=mm&r=g","contentUrl":"https:\/\/secure.gravatar.com\/avatar\/b062046536b5d47ec9075956ec349ef95ed06b0f910c578f74abb318668b702e?s=96&d=mm&r=g","caption":"Michele"},"sameAs":["https:\/\/www.festivox.fr\/blog"],"url":"https:\/\/www.festivox.fr\/blog\/author\/voxadmin\/"}]}},"_links":{"self":[{"href":"https:\/\/www.festivox.fr\/blog\/wp-json\/wp\/v2\/posts\/316","targetHints":{"allow":["GET"]}}],"collection":[{"href":"https:\/\/www.festivox.fr\/blog\/wp-json\/wp\/v2\/posts"}],"about":[{"href":"https:\/\/www.festivox.fr\/blog\/wp-json\/wp\/v2\/types\/post"}],"author":[{"embeddable":true,"href":"https:\/\/www.festivox.fr\/blog\/wp-json\/wp\/v2\/users\/1"}],"replies":[{"embeddable":true,"href":"https:\/\/www.festivox.fr\/blog\/wp-json\/wp\/v2\/comments?post=316"}],"version-history":[{"count":0,"href":"https:\/\/www.festivox.fr\/blog\/wp-json\/wp\/v2\/posts\/316\/revisions"}],"wp:featuredmedia":[{"embeddable":true,"href":"https:\/\/www.festivox.fr\/blog\/wp-json\/wp\/v2\/media\/317"}],"wp:attachment":[{"href":"https:\/\/www.festivox.fr\/blog\/wp-json\/wp\/v2\/media?parent=316"}],"wp:term":[{"taxonomy":"category","embeddable":true,"href":"https:\/\/www.festivox.fr\/blog\/wp-json\/wp\/v2\/categories?post=316"},{"taxonomy":"post_tag","embeddable":true,"href":"https:\/\/www.festivox.fr\/blog\/wp-json\/wp\/v2\/tags?post=316"}],"curies":[{"name":"wp","href":"https:\/\/api.w.org\/{rel}","templated":true}]}}