{"id":314,"date":"2023-08-06T16:26:00","date_gmt":"2023-08-06T14:26:00","guid":{"rendered":"https:\/\/www.festivox.fr\/blog\/musique-jazz-is-dead-rend-hommage-a-tony-allen\/"},"modified":"2023-08-06T16:26:00","modified_gmt":"2023-08-06T14:26:00","slug":"musique-jazz-is-dead-rend-hommage-a-tony-allen","status":"publish","type":"post","link":"https:\/\/www.festivox.fr\/blog\/musique-jazz-is-dead-rend-hommage-a-tony-allen\/","title":{"rendered":"Musique : \u00ab\u00a0Jazz is dead\u00a0\u00bb rend hommage \u00e0 Tony Allen"},"content":{"rendered":"\n<div><img decoding=\"async\" src=\"https:\/\/www.festivox.fr\/blog\/wp-content\/uploads\/2023\/08\/musique-jazz-is-dead-rend-hommage-a-tony-allen.jpg\" class=\"ff-og-image-inserted\"><\/div>\n<div id=\"rf-player-wrapper-5579267\">\n<p> <button class=\"fi-button fi-button--large fi-button--dark fi-button--with-left-icon rf-player-wrapper__play-btn\" data-emission-title=\"Culture d'\u00e9t\u00e9\" data-diffusion-title=\"Musique : &quot;Jazz is dead&quot; rend hommage \u00e0 Tony Allen\" data-extract-title=\"Culture d'\u00e9t\u00e9 du samedi 05 ao\u00fbt 2023\" data-url=\"https:\/\/media.radiofrance-podcast.net\/podcast09\/11628-05.08.2023-ITEMA_23453870-2023I22959S0217-21.mp3\" data-media-id=\"5579267\" data-expression-uuid=\"2fe65b76-5790-4795-a4e5-bbd90427bce9\" data-start-time=\"1691216760\" data-end-time=\"1691216940\" data-emission-business-reference=\"22959\" data-is-aod=\"1\" data-clip-type=\"reecoute\">   <!-- --><span class=\"fi-button__text\">\u00e9couter (3min)<\/span><!-- --> <\/button> <\/p>\n<\/div>\n<p> Le dix-huiti\u00e8me chapitre de la collection jazz d\u00e9voile des sessions enregistr\u00e9es par le l\u00e9gendaire batteur nig\u00e9rian, en 2018 \u00e0 Los Angeles, soit deux ans avant sa mort.\n<\/p>\n<div>\n<p><span>Avec 18 volumes \u00e0 ce jour, la collection <em>Jazz is dead <\/em>est d\u00e9sormais bien install\u00e9e dans le paysage musical. <\/span> <span>Imagin\u00e9e et pilot\u00e9e par les musiciens et producteurs venus du hip-hop Adrian Younge et Ali Shaheed Muhammad,&nbsp;<\/span> <span>elle a d\u00e9j\u00e0 rendu hommage \u00e0 de nombreuses figures comme Brian Jackson, Jo\u00e3o Donato ou Lonnie Liston Smith, parmi d&rsquo;autres. Le principe : faire venir ces pointures (et m\u00eame pionniers pour certains) en studio \u00e0 Los Angeles, et improviser ou jouer avec eux de nouveaux morceaux, tout en conservant leur \u00ab\u00a0patte\u00a0\u00bb.<\/span><\/p>\n<p>Et si ce nouveau chapitre, paru d\u00e9but juillet, est si particulier et \u00e9mouvant, c&rsquo;est qu&rsquo;il est consacr\u00e9 \u00e0 Tony Allen, <span>le c\u00e9l\u00e8bre batteur nig\u00e9rian, ancien compagnon de route d&rsquo;un certain Fela Kuti avec <em>Africa 70<\/em>, <\/span> <span>disparu il y a trois ans, \u00e0 Courbevoie en France, dans sa 79e ann\u00e9e. I<\/span><span>l avait enregistr\u00e9 ses sessions avec \u00ab\u00a0Jazz is dead\u00a0\u00bb \u00e0 Los Angeles \u00e0 l&rsquo;\u00e9t\u00e9 2018.<\/span><\/p>\n<p>[embedded content]<\/p>\n<p><span>Au cours d&rsquo;une riche carri\u00e8re lui ayant permis de faire le tour du monde plusieurs fois et de multiplier les projets diff\u00e9rents, <\/span><span>Tony Allen a notamment crois\u00e9 la route de Damon Albarn, le leader des groupes Blur et Gorillaz,&nbsp;<\/span> <span>collaborant ensemble sur le supergroupe <em> The good the bad and the Queen<\/em>. <\/span> <span>Damon Albarn qui a lui-m\u00eame rendu hommage \u00e0 Tony Allen r\u00e9cemment au festival Rio Loco de Toulouse, sur sc\u00e8ne mais aussi en coulisses, au micro de Yann Bertrand :&nbsp;<\/span><\/p>\n<blockquote class=\"ftvi_content_quote\">\n<p class=\"ftvi_citation_quote\">\u00ab\u00a0Vous savez, il est l\u00e0 avec nous, il marche parmi nous. Il existe dans sa musique, et dans nos souvenirs de lui, musicalement et spirituellement.\u00a0\u00bb<\/p>\n<div><cite class=\"ftvi_citation_author\">Le chanteur et musicien Damon Albarn<\/cite><\/p>\n<p class=\"ftvi_citation_source\">\u00e0 franceinfo<\/p>\n<\/div>\n<\/blockquote>\n<p><em>\u00ab\u00a0Et ce n&rsquo;est pas rien de lui rendre hommage, m\u00eame si c&rsquo;\u00e9tait un &lsquo;roi fou&rsquo; <\/em>(\u00ab\u00a0King of Madness\u00a0\u00bb en version originale, NDLR) <em>. C&rsquo;est lui qui m&rsquo;a autoris\u00e9 \u00e0 entrer dans le rythme. Avant lui, j&rsquo;\u00e9tais un &lsquo;outsider&rsquo; du rythme&nbsp;et gr\u00e2ce \u00e0 son tutorat, son exemple, j&rsquo;ai pu y aller \u00e0 fond. Il fait partie de mes nombreux professeurs.\u00a0\u00bb<\/em><\/p>\n<p>[embedded content]<\/p>\n<p><span>Et dans la m\u00eame veine, <em>\u00ab\u00a0c&rsquo;\u00e9tait un grand honneur d&rsquo;accueillir Tony Allen\u00a0\u00bb,<\/em>&nbsp; <\/span> <span>nous disent les patrons de Jazz is Dead en pr\u00e9sentation de ce disque, <\/span> <em>\u00ab\u00a0et nous ne pourrions \u00eatre plus excit\u00e9s de partager ces extraits funky avec vous\u00a0\u00bb<\/em><\/p>\n<p><strong> <em>Jazz is dead vol. 18 : Tony Allen<\/em> (Redeye distribution\/K7 records). <\/strong><\/p>\n<\/div>\n<p> Cet article, qui traite du th\u00e8me \u00ab\u00a0Festival Jazz et musique en mode guinguette\u00a0\u00bb, vous est d\u00e9lib\u00e9r\u00e9ment offert par festivox.fr. La raison d\u2019\u00eatre de festivox.fr est de parler de Festival Jazz et musique en mode guinguette dans la transparence la plus g\u00e9n\u00e9rale en vous procurant la visibilit\u00e9 de tout ce qui est publi\u00e9 sur ce sujet sur le web La chronique a \u00e9t\u00e9 g\u00e9n\u00e9r\u00e9e de la mani\u00e8re la plus honn\u00eate que possible. S\u2019il advenait que vous projetez d\u2019apporter quelques notes concernant le domaine de \u00ab\u00a0Festival Jazz et musique en mode guinguette\u00a0\u00bb vous avez la possibilit\u00e9 de d&rsquo;\u00e9changer avec notre r\u00e9daction. Dans peu de temps, on mettra en ligne d&rsquo;autres informations pertinentes autour du sujet \u00ab\u00a0Festival Jazz et musique en mode guinguette\u00a0\u00bb. Ainsi, consultez r\u00e9guli\u00e8rement notre site.<\/p>\n","protected":false},"excerpt":{"rendered":"<p>\u00e9couter (3min) Le dix-huiti\u00e8me chapitre de la collection jazz d\u00e9voile des sessions enregistr\u00e9es par le l\u00e9gendaire batteur nig\u00e9rian, en 2018 \u00e0 Los Angeles, soit deux ans avant sa mort. Avec 18 volumes \u00e0 ce jour, la collection Jazz is dead est d\u00e9sormais bien install\u00e9e dans le paysage musical. Imagin\u00e9e et pilot\u00e9e par les musiciens et&hellip;<\/p>\n","protected":false},"author":1,"featured_media":315,"comment_status":"closed","ping_status":"closed","sticky":false,"template":"","format":"standard","meta":{"footnotes":""},"categories":[3],"tags":[],"class_list":["post-314","post","type-post","status-publish","format-standard","has-post-thumbnail","hentry","category-wiki-sur-festival-jazz-et-musique-en-mode-guinguette"],"yoast_head":"<!-- This site is optimized with the Yoast SEO plugin v27.5 - https:\/\/yoast.com\/product\/yoast-seo-wordpress\/ -->\n<title>Musique : &quot;Jazz is dead&quot; rend hommage \u00e0 Tony Allen - FESTIVOX<\/title>\n<meta name=\"robots\" content=\"index, follow, max-snippet:-1, max-image-preview:large, max-video-preview:-1\" \/>\n<link rel=\"canonical\" href=\"https:\/\/www.festivox.fr\/blog\/musique-jazz-is-dead-rend-hommage-a-tony-allen\/\" \/>\n<meta property=\"og:locale\" content=\"fr_FR\" \/>\n<meta property=\"og:type\" content=\"article\" \/>\n<meta property=\"og:title\" content=\"Musique : &quot;Jazz is dead&quot; rend hommage \u00e0 Tony Allen - FESTIVOX\" \/>\n<meta property=\"og:description\" content=\"\u00e9couter (3min) Le dix-huiti\u00e8me chapitre de la collection jazz d\u00e9voile des sessions enregistr\u00e9es par le l\u00e9gendaire batteur nig\u00e9rian, en 2018 \u00e0 Los Angeles, soit deux ans avant sa mort. Avec 18 volumes \u00e0 ce jour, la collection Jazz is dead est d\u00e9sormais bien install\u00e9e dans le paysage musical. Imagin\u00e9e et pilot\u00e9e par les musiciens et&hellip;\" \/>\n<meta property=\"og:url\" content=\"https:\/\/www.festivox.fr\/blog\/musique-jazz-is-dead-rend-hommage-a-tony-allen\/\" \/>\n<meta property=\"og:site_name\" content=\"FESTIVOX\" \/>\n<meta property=\"article:published_time\" content=\"2023-08-06T14:26:00+00:00\" \/>\n<meta property=\"og:image\" content=\"https:\/\/www.festivox.fr\/blog\/wp-content\/uploads\/2023\/08\/musique-jazz-is-dead-rend-hommage-a-tony-allen.jpg\" \/>\n<meta name=\"author\" content=\"Michele\" \/>\n<meta name=\"twitter:card\" content=\"summary_large_image\" \/>\n<meta name=\"twitter:label1\" content=\"\u00c9crit par\" \/>\n\t<meta name=\"twitter:data1\" content=\"Michele\" \/>\n\t<meta name=\"twitter:label2\" content=\"Dur\u00e9e de lecture estim\u00e9e\" \/>\n\t<meta name=\"twitter:data2\" content=\"3 minutes\" \/>\n<script type=\"application\/ld+json\" class=\"yoast-schema-graph\">{\"@context\":\"https:\\\/\\\/schema.org\",\"@graph\":[{\"@type\":\"Article\",\"@id\":\"https:\\\/\\\/www.festivox.fr\\\/blog\\\/musique-jazz-is-dead-rend-hommage-a-tony-allen\\\/#article\",\"isPartOf\":{\"@id\":\"https:\\\/\\\/www.festivox.fr\\\/blog\\\/musique-jazz-is-dead-rend-hommage-a-tony-allen\\\/\"},\"author\":{\"name\":\"Michele\",\"@id\":\"https:\\\/\\\/www.festivox.fr\\\/blog\\\/#\\\/schema\\\/person\\\/f36a8b6bc94800c3eafed4bca993ce95\"},\"headline\":\"Musique : \u00ab\u00a0Jazz is dead\u00a0\u00bb rend hommage \u00e0 Tony Allen\",\"datePublished\":\"2023-08-06T14:26:00+00:00\",\"mainEntityOfPage\":{\"@id\":\"https:\\\/\\\/www.festivox.fr\\\/blog\\\/musique-jazz-is-dead-rend-hommage-a-tony-allen\\\/\"},\"wordCount\":576,\"publisher\":{\"@id\":\"https:\\\/\\\/www.festivox.fr\\\/blog\\\/#organization\"},\"image\":{\"@id\":\"https:\\\/\\\/www.festivox.fr\\\/blog\\\/musique-jazz-is-dead-rend-hommage-a-tony-allen\\\/#primaryimage\"},\"thumbnailUrl\":\"https:\\\/\\\/www.festivox.fr\\\/blog\\\/wp-content\\\/uploads\\\/2023\\\/08\\\/musique-jazz-is-dead-rend-hommage-a-tony-allen.jpg\",\"articleSection\":[\"Wiki Sur Festival Jazz Et Musique En Mode Guinguette:\"],\"inLanguage\":\"fr-FR\"},{\"@type\":\"WebPage\",\"@id\":\"https:\\\/\\\/www.festivox.fr\\\/blog\\\/musique-jazz-is-dead-rend-hommage-a-tony-allen\\\/\",\"url\":\"https:\\\/\\\/www.festivox.fr\\\/blog\\\/musique-jazz-is-dead-rend-hommage-a-tony-allen\\\/\",\"name\":\"Musique : \\\"Jazz is dead\\\" rend hommage \u00e0 Tony Allen - FESTIVOX\",\"isPartOf\":{\"@id\":\"https:\\\/\\\/www.festivox.fr\\\/blog\\\/#website\"},\"primaryImageOfPage\":{\"@id\":\"https:\\\/\\\/www.festivox.fr\\\/blog\\\/musique-jazz-is-dead-rend-hommage-a-tony-allen\\\/#primaryimage\"},\"image\":{\"@id\":\"https:\\\/\\\/www.festivox.fr\\\/blog\\\/musique-jazz-is-dead-rend-hommage-a-tony-allen\\\/#primaryimage\"},\"thumbnailUrl\":\"https:\\\/\\\/www.festivox.fr\\\/blog\\\/wp-content\\\/uploads\\\/2023\\\/08\\\/musique-jazz-is-dead-rend-hommage-a-tony-allen.jpg\",\"datePublished\":\"2023-08-06T14:26:00+00:00\",\"breadcrumb\":{\"@id\":\"https:\\\/\\\/www.festivox.fr\\\/blog\\\/musique-jazz-is-dead-rend-hommage-a-tony-allen\\\/#breadcrumb\"},\"inLanguage\":\"fr-FR\",\"potentialAction\":[{\"@type\":\"ReadAction\",\"target\":[\"https:\\\/\\\/www.festivox.fr\\\/blog\\\/musique-jazz-is-dead-rend-hommage-a-tony-allen\\\/\"]}]},{\"@type\":\"ImageObject\",\"inLanguage\":\"fr-FR\",\"@id\":\"https:\\\/\\\/www.festivox.fr\\\/blog\\\/musique-jazz-is-dead-rend-hommage-a-tony-allen\\\/#primaryimage\",\"url\":\"https:\\\/\\\/www.festivox.fr\\\/blog\\\/wp-content\\\/uploads\\\/2023\\\/08\\\/musique-jazz-is-dead-rend-hommage-a-tony-allen.jpg\",\"contentUrl\":\"https:\\\/\\\/www.festivox.fr\\\/blog\\\/wp-content\\\/uploads\\\/2023\\\/08\\\/musique-jazz-is-dead-rend-hommage-a-tony-allen.jpg\",\"width\":1500,\"height\":843},{\"@type\":\"BreadcrumbList\",\"@id\":\"https:\\\/\\\/www.festivox.fr\\\/blog\\\/musique-jazz-is-dead-rend-hommage-a-tony-allen\\\/#breadcrumb\",\"itemListElement\":[{\"@type\":\"ListItem\",\"position\":1,\"name\":\"Accueil\",\"item\":\"https:\\\/\\\/www.festivox.fr\\\/blog\\\/\"},{\"@type\":\"ListItem\",\"position\":2,\"name\":\"Musique : \u00ab\u00a0Jazz is dead\u00a0\u00bb rend hommage \u00e0 Tony Allen\"}]},{\"@type\":\"WebSite\",\"@id\":\"https:\\\/\\\/www.festivox.fr\\\/blog\\\/#website\",\"url\":\"https:\\\/\\\/www.festivox.fr\\\/blog\\\/\",\"name\":\"FESTIVOX\",\"description\":\"Festival en mode guinguette.\",\"publisher\":{\"@id\":\"https:\\\/\\\/www.festivox.fr\\\/blog\\\/#organization\"},\"potentialAction\":[{\"@type\":\"SearchAction\",\"target\":{\"@type\":\"EntryPoint\",\"urlTemplate\":\"https:\\\/\\\/www.festivox.fr\\\/blog\\\/?s={search_term_string}\"},\"query-input\":{\"@type\":\"PropertyValueSpecification\",\"valueRequired\":true,\"valueName\":\"search_term_string\"}}],\"inLanguage\":\"fr-FR\"},{\"@type\":\"Organization\",\"@id\":\"https:\\\/\\\/www.festivox.fr\\\/blog\\\/#organization\",\"name\":\"festivox\",\"url\":\"https:\\\/\\\/www.festivox.fr\\\/blog\\\/\",\"logo\":{\"@type\":\"ImageObject\",\"inLanguage\":\"fr-FR\",\"@id\":\"https:\\\/\\\/www.festivox.fr\\\/blog\\\/#\\\/schema\\\/logo\\\/image\\\/\",\"url\":\"https:\\\/\\\/www.festivox.fr\\\/blog\\\/wp-content\\\/uploads\\\/2023\\\/06\\\/logo-2.png\",\"contentUrl\":\"https:\\\/\\\/www.festivox.fr\\\/blog\\\/wp-content\\\/uploads\\\/2023\\\/06\\\/logo-2.png\",\"width\":480,\"height\":160,\"caption\":\"festivox\"},\"image\":{\"@id\":\"https:\\\/\\\/www.festivox.fr\\\/blog\\\/#\\\/schema\\\/logo\\\/image\\\/\"}},{\"@type\":\"Person\",\"@id\":\"https:\\\/\\\/www.festivox.fr\\\/blog\\\/#\\\/schema\\\/person\\\/f36a8b6bc94800c3eafed4bca993ce95\",\"name\":\"Michele\",\"image\":{\"@type\":\"ImageObject\",\"inLanguage\":\"fr-FR\",\"@id\":\"https:\\\/\\\/secure.gravatar.com\\\/avatar\\\/b062046536b5d47ec9075956ec349ef95ed06b0f910c578f74abb318668b702e?s=96&d=mm&r=g\",\"url\":\"https:\\\/\\\/secure.gravatar.com\\\/avatar\\\/b062046536b5d47ec9075956ec349ef95ed06b0f910c578f74abb318668b702e?s=96&d=mm&r=g\",\"contentUrl\":\"https:\\\/\\\/secure.gravatar.com\\\/avatar\\\/b062046536b5d47ec9075956ec349ef95ed06b0f910c578f74abb318668b702e?s=96&d=mm&r=g\",\"caption\":\"Michele\"},\"sameAs\":[\"https:\\\/\\\/www.festivox.fr\\\/blog\"],\"url\":\"https:\\\/\\\/www.festivox.fr\\\/blog\\\/author\\\/voxadmin\\\/\"}]}<\/script>\n<!-- \/ Yoast SEO plugin. -->","yoast_head_json":{"title":"Musique : \"Jazz is dead\" rend hommage \u00e0 Tony Allen - FESTIVOX","robots":{"index":"index","follow":"follow","max-snippet":"max-snippet:-1","max-image-preview":"max-image-preview:large","max-video-preview":"max-video-preview:-1"},"canonical":"https:\/\/www.festivox.fr\/blog\/musique-jazz-is-dead-rend-hommage-a-tony-allen\/","og_locale":"fr_FR","og_type":"article","og_title":"Musique : \"Jazz is dead\" rend hommage \u00e0 Tony Allen - FESTIVOX","og_description":"\u00e9couter (3min) Le dix-huiti\u00e8me chapitre de la collection jazz d\u00e9voile des sessions enregistr\u00e9es par le l\u00e9gendaire batteur nig\u00e9rian, en 2018 \u00e0 Los Angeles, soit deux ans avant sa mort. Avec 18 volumes \u00e0 ce jour, la collection Jazz is dead est d\u00e9sormais bien install\u00e9e dans le paysage musical. Imagin\u00e9e et pilot\u00e9e par les musiciens et&hellip;","og_url":"https:\/\/www.festivox.fr\/blog\/musique-jazz-is-dead-rend-hommage-a-tony-allen\/","og_site_name":"FESTIVOX","article_published_time":"2023-08-06T14:26:00+00:00","og_image":[{"url":"https:\/\/www.festivox.fr\/blog\/wp-content\/uploads\/2023\/08\/musique-jazz-is-dead-rend-hommage-a-tony-allen.jpg","type":"","width":"","height":""}],"author":"Michele","twitter_card":"summary_large_image","twitter_misc":{"\u00c9crit par":"Michele","Dur\u00e9e de lecture estim\u00e9e":"3 minutes"},"schema":{"@context":"https:\/\/schema.org","@graph":[{"@type":"Article","@id":"https:\/\/www.festivox.fr\/blog\/musique-jazz-is-dead-rend-hommage-a-tony-allen\/#article","isPartOf":{"@id":"https:\/\/www.festivox.fr\/blog\/musique-jazz-is-dead-rend-hommage-a-tony-allen\/"},"author":{"name":"Michele","@id":"https:\/\/www.festivox.fr\/blog\/#\/schema\/person\/f36a8b6bc94800c3eafed4bca993ce95"},"headline":"Musique : \u00ab\u00a0Jazz is dead\u00a0\u00bb rend hommage \u00e0 Tony Allen","datePublished":"2023-08-06T14:26:00+00:00","mainEntityOfPage":{"@id":"https:\/\/www.festivox.fr\/blog\/musique-jazz-is-dead-rend-hommage-a-tony-allen\/"},"wordCount":576,"publisher":{"@id":"https:\/\/www.festivox.fr\/blog\/#organization"},"image":{"@id":"https:\/\/www.festivox.fr\/blog\/musique-jazz-is-dead-rend-hommage-a-tony-allen\/#primaryimage"},"thumbnailUrl":"https:\/\/www.festivox.fr\/blog\/wp-content\/uploads\/2023\/08\/musique-jazz-is-dead-rend-hommage-a-tony-allen.jpg","articleSection":["Wiki Sur Festival Jazz Et Musique En Mode Guinguette:"],"inLanguage":"fr-FR"},{"@type":"WebPage","@id":"https:\/\/www.festivox.fr\/blog\/musique-jazz-is-dead-rend-hommage-a-tony-allen\/","url":"https:\/\/www.festivox.fr\/blog\/musique-jazz-is-dead-rend-hommage-a-tony-allen\/","name":"Musique : \"Jazz is dead\" rend hommage \u00e0 Tony Allen - FESTIVOX","isPartOf":{"@id":"https:\/\/www.festivox.fr\/blog\/#website"},"primaryImageOfPage":{"@id":"https:\/\/www.festivox.fr\/blog\/musique-jazz-is-dead-rend-hommage-a-tony-allen\/#primaryimage"},"image":{"@id":"https:\/\/www.festivox.fr\/blog\/musique-jazz-is-dead-rend-hommage-a-tony-allen\/#primaryimage"},"thumbnailUrl":"https:\/\/www.festivox.fr\/blog\/wp-content\/uploads\/2023\/08\/musique-jazz-is-dead-rend-hommage-a-tony-allen.jpg","datePublished":"2023-08-06T14:26:00+00:00","breadcrumb":{"@id":"https:\/\/www.festivox.fr\/blog\/musique-jazz-is-dead-rend-hommage-a-tony-allen\/#breadcrumb"},"inLanguage":"fr-FR","potentialAction":[{"@type":"ReadAction","target":["https:\/\/www.festivox.fr\/blog\/musique-jazz-is-dead-rend-hommage-a-tony-allen\/"]}]},{"@type":"ImageObject","inLanguage":"fr-FR","@id":"https:\/\/www.festivox.fr\/blog\/musique-jazz-is-dead-rend-hommage-a-tony-allen\/#primaryimage","url":"https:\/\/www.festivox.fr\/blog\/wp-content\/uploads\/2023\/08\/musique-jazz-is-dead-rend-hommage-a-tony-allen.jpg","contentUrl":"https:\/\/www.festivox.fr\/blog\/wp-content\/uploads\/2023\/08\/musique-jazz-is-dead-rend-hommage-a-tony-allen.jpg","width":1500,"height":843},{"@type":"BreadcrumbList","@id":"https:\/\/www.festivox.fr\/blog\/musique-jazz-is-dead-rend-hommage-a-tony-allen\/#breadcrumb","itemListElement":[{"@type":"ListItem","position":1,"name":"Accueil","item":"https:\/\/www.festivox.fr\/blog\/"},{"@type":"ListItem","position":2,"name":"Musique : \u00ab\u00a0Jazz is dead\u00a0\u00bb rend hommage \u00e0 Tony Allen"}]},{"@type":"WebSite","@id":"https:\/\/www.festivox.fr\/blog\/#website","url":"https:\/\/www.festivox.fr\/blog\/","name":"FESTIVOX","description":"Festival en mode guinguette.","publisher":{"@id":"https:\/\/www.festivox.fr\/blog\/#organization"},"potentialAction":[{"@type":"SearchAction","target":{"@type":"EntryPoint","urlTemplate":"https:\/\/www.festivox.fr\/blog\/?s={search_term_string}"},"query-input":{"@type":"PropertyValueSpecification","valueRequired":true,"valueName":"search_term_string"}}],"inLanguage":"fr-FR"},{"@type":"Organization","@id":"https:\/\/www.festivox.fr\/blog\/#organization","name":"festivox","url":"https:\/\/www.festivox.fr\/blog\/","logo":{"@type":"ImageObject","inLanguage":"fr-FR","@id":"https:\/\/www.festivox.fr\/blog\/#\/schema\/logo\/image\/","url":"https:\/\/www.festivox.fr\/blog\/wp-content\/uploads\/2023\/06\/logo-2.png","contentUrl":"https:\/\/www.festivox.fr\/blog\/wp-content\/uploads\/2023\/06\/logo-2.png","width":480,"height":160,"caption":"festivox"},"image":{"@id":"https:\/\/www.festivox.fr\/blog\/#\/schema\/logo\/image\/"}},{"@type":"Person","@id":"https:\/\/www.festivox.fr\/blog\/#\/schema\/person\/f36a8b6bc94800c3eafed4bca993ce95","name":"Michele","image":{"@type":"ImageObject","inLanguage":"fr-FR","@id":"https:\/\/secure.gravatar.com\/avatar\/b062046536b5d47ec9075956ec349ef95ed06b0f910c578f74abb318668b702e?s=96&d=mm&r=g","url":"https:\/\/secure.gravatar.com\/avatar\/b062046536b5d47ec9075956ec349ef95ed06b0f910c578f74abb318668b702e?s=96&d=mm&r=g","contentUrl":"https:\/\/secure.gravatar.com\/avatar\/b062046536b5d47ec9075956ec349ef95ed06b0f910c578f74abb318668b702e?s=96&d=mm&r=g","caption":"Michele"},"sameAs":["https:\/\/www.festivox.fr\/blog"],"url":"https:\/\/www.festivox.fr\/blog\/author\/voxadmin\/"}]}},"_links":{"self":[{"href":"https:\/\/www.festivox.fr\/blog\/wp-json\/wp\/v2\/posts\/314","targetHints":{"allow":["GET"]}}],"collection":[{"href":"https:\/\/www.festivox.fr\/blog\/wp-json\/wp\/v2\/posts"}],"about":[{"href":"https:\/\/www.festivox.fr\/blog\/wp-json\/wp\/v2\/types\/post"}],"author":[{"embeddable":true,"href":"https:\/\/www.festivox.fr\/blog\/wp-json\/wp\/v2\/users\/1"}],"replies":[{"embeddable":true,"href":"https:\/\/www.festivox.fr\/blog\/wp-json\/wp\/v2\/comments?post=314"}],"version-history":[{"count":0,"href":"https:\/\/www.festivox.fr\/blog\/wp-json\/wp\/v2\/posts\/314\/revisions"}],"wp:featuredmedia":[{"embeddable":true,"href":"https:\/\/www.festivox.fr\/blog\/wp-json\/wp\/v2\/media\/315"}],"wp:attachment":[{"href":"https:\/\/www.festivox.fr\/blog\/wp-json\/wp\/v2\/media?parent=314"}],"wp:term":[{"taxonomy":"category","embeddable":true,"href":"https:\/\/www.festivox.fr\/blog\/wp-json\/wp\/v2\/categories?post=314"},{"taxonomy":"post_tag","embeddable":true,"href":"https:\/\/www.festivox.fr\/blog\/wp-json\/wp\/v2\/tags?post=314"}],"curies":[{"name":"wp","href":"https:\/\/api.w.org\/{rel}","templated":true}]}}