{"id":304,"date":"2023-08-02T07:01:00","date_gmt":"2023-08-02T05:01:00","guid":{"rendered":"https:\/\/www.festivox.fr\/blog\/jazz-correia-enceinte-elle-brise-le-silence-apres-les-images-de-sa-vive-altercation-a-saint-tropez\/"},"modified":"2023-08-02T07:01:00","modified_gmt":"2023-08-02T05:01:00","slug":"jazz-correia-enceinte-elle-brise-le-silence-apres-les-images-de-sa-vive-altercation-a-saint-tropez","status":"publish","type":"post","link":"https:\/\/www.festivox.fr\/blog\/jazz-correia-enceinte-elle-brise-le-silence-apres-les-images-de-sa-vive-altercation-a-saint-tropez\/","title":{"rendered":"Jazz Correia enceinte : elle brise le silence apr\u00e8s les images de sa vive altercation \u00e0 Saint-Tropez"},"content":{"rendered":"\n<div>\n<p>Jazz Correia fait souvent parler d&rsquo;elle sur les r\u00e9seaux sociaux. La voil\u00e0 r\u00e9cemment au c\u0153ur d&rsquo;un nouveau scandale, impliquant une bagarre \u00e0 Saint-Tropez. Ce mercredi 2 ao\u00fbt 2023, l&rsquo;influenceuse et m\u00e8re de famille a tenu \u00e0 donner sa version des faits en story sur Instagram.<\/p>\n<\/p><\/div>\n<div>\n<p>Il y a souvent des turbulences autour de la JLC Family. Jazz Correia a l&rsquo;habitude de pousser <strong>des coups de gueule<\/strong> sur ses r\u00e9seaux sociaux, y compris envers sa propre famille. Ainsi, elle avait surpris les internautes <a href=\"https:\/\/www.voici.fr\/news-people\/javais-envie-de-la-defoncer-jazz-correia-semporte-violemment-contre-sa-fille-sur-les-reseaux-sociaux-754714\" target=\"_blank\" rel=\"nofollow\">en s&#8217;emportant violemment contre sa fille<\/a>. Son couple, qu&rsquo;elle forme avec Laurent depuis de nombreuses ann\u00e9es, a aussi connu <strong>des hauts et des bas<\/strong>. Des peines de c\u0153ur forc\u00e9ment rendues publiques, \u00e0 cause d&rsquo;une forte exposition en ligne.<\/p>\n<p>Voil\u00e0 <strong>un nouveau scandale<\/strong> pour la JLC Family. Ce mardi 1er&nbsp;ao\u00fbt 2023, le blogueur Aqababe a relay\u00e9 une vid\u00e9o de Jazz Correia, actuellement en vacances \u00e0 Saint-Tropez. Sur les images, <a href=\"https:\/\/www.voici.fr\/news-people\/jazz-correia-enceinte-les-images-de-la-maman-en-train-de-se-battre-a-saint-tropez-choquent-les-internautes-762722\" target=\"_blank\" rel=\"nofollow\">la maman semble se battre avec un homme<\/a>. Des images qui ont choqu\u00e9 les internautes, car la jeune femme arrive bient\u00f4t <strong>au terme de sa quatri\u00e8me grossesse<\/strong>\u2026 Face \u00e0 la pol\u00e9mique, l&rsquo;influenceuse a pris la parole en story sur Instagram ce mercredi 2&nbsp;ao\u00fbt 2023. \u00ab\u00a0<em>Non, je ne me bats pas, pour ceux qui ont pu voir \u00e7a<\/em>\u00ab\u00a0. Il s&rsquo;agirait uniquement d&rsquo;une \u00ab\u00a0<em>embrouille entre d&rsquo;anciens amis<\/em>\u00a0\u00bb d&rsquo;apr\u00e8s ses propos.<\/p>\n<h2 id=\"1c72e\">Jazz Correia nie s&rsquo;\u00eatre battue et donne sa version des faits<\/h2>\n<p>\u00ab\u00a0<em>Il a jet\u00e9 son verre sur Laurent apr\u00e8s qu&rsquo;ils se soient d\u00e9j\u00e0 chiffonn\u00e9s pendant 10 minutes. Je suis venue lui hurler dessus, il m&rsquo;a pouss\u00e9e en arri\u00e8re,<\/em><em><strong> j\u2019ai voulu lui en mettre une<\/strong><\/em><em>, point<\/em>\u00ab\u00a0, ajoute <a href=\"https:\/\/www.voici.fr\/news-people\/casse-toi-dici-jazz-correia-violemment-agressee-par-la-gerante-dune-plage-privee-elle-raconte-760891\" target=\"_blank\" rel=\"nofollow\">celle qui a d\u00e9j\u00e0 \u00e9t\u00e9 violemment agress\u00e9e par la g\u00e9rante d&rsquo;une plage priv\u00e9e<\/a>. \u00ab\u00a0<em>J&rsquo;avoue, la vid\u00e9o moi aussi m&rsquo;a surprise, mais bien attis\u00e9e surtout (sic)\u00a0\u00bb, <\/em>confie-t-elle, avant d&rsquo;essayer de limiter l&rsquo;impact de cette vid\u00e9o. \u00ab\u00a0<em>Bref, cela n&rsquo;est pas une bagarre, <\/em><em><strong>je me suis laiss\u00e9e emporter<\/strong><\/em><em> [par la] col\u00e8re avec mon ancien ami, rien de dramatique<\/em>.\u00a0\u00bb Jazz Correia s&rsquo;est aussi dit touch\u00e9e par la situation. \u00ab\u00a0<em>Et le pire dans tout \u00e7a, c&rsquo;est que je suis super triste qu&rsquo;il se soit pass\u00e9 tout \u00e7a, pour plein de raisons<\/em>\u00ab\u00a0. Circulez, il n&rsquo;y a (plus) rien \u00e0 voir.<\/p>\n<figure data-type=\"image\" data-key=\"7tuno\" data-site=\"PMD_BONE_Image\">\n<div class=\"ratio-custom\"><img decoding=\"async\" src=\"https:\/\/www.festivox.fr\/blog\/wp-content\/uploads\/2023\/08\/jazz-correia-enceinte-elle-brise-le-silence-apres-les-images-de-sa-vive-altercation-a-saint-tropez.jpg\" alt class=\"allowseedtag apply-ratio lazyload\"><\/div><figcaption><span class=\"credit\">\u00a9 INSTAGRAM \/ Jazz Correia<\/span><\/figcaption><\/figure>\n<figure data-type=\"media\" data-key=\"auljf\" data-site=\"PMD_BONE_Article\"> <\/figure>\n<\/p><\/div>\n<p> Cet article, qui traite du th\u00e8me \u00ab\u00a0Festival Jazz et musique en mode guinguette\u00a0\u00bb, vous est d\u00e9lib\u00e9r\u00e9ment offert par festivox.fr. La raison d\u2019\u00eatre de festivox.fr est de parler de Festival Jazz et musique en mode guinguette dans la transparence la plus g\u00e9n\u00e9rale en vous procurant la visibilit\u00e9 de tout ce qui est publi\u00e9 sur ce sujet sur le web La chronique a \u00e9t\u00e9 g\u00e9n\u00e9r\u00e9e de la mani\u00e8re la plus honn\u00eate que possible. S\u2019il advenait que vous projetez d\u2019apporter quelques notes concernant le domaine de \u00ab\u00a0Festival Jazz et musique en mode guinguette\u00a0\u00bb vous avez la possibilit\u00e9 de d&rsquo;\u00e9changer avec notre r\u00e9daction. Dans peu de temps, on mettra en ligne d&rsquo;autres informations pertinentes autour du sujet \u00ab\u00a0Festival Jazz et musique en mode guinguette\u00a0\u00bb. Ainsi, consultez r\u00e9guli\u00e8rement notre site.<\/p>\n","protected":false},"excerpt":{"rendered":"<p>Jazz Correia fait souvent parler d&rsquo;elle sur les r\u00e9seaux sociaux. La voil\u00e0 r\u00e9cemment au c\u0153ur d&rsquo;un nouveau scandale, impliquant une bagarre \u00e0 Saint-Tropez. Ce mercredi 2 ao\u00fbt 2023, l&rsquo;influenceuse et m\u00e8re de famille a tenu \u00e0 donner sa version des faits en story sur Instagram. Il y a souvent des turbulences autour de la JLC&hellip;<\/p>\n","protected":false},"author":1,"featured_media":305,"comment_status":"closed","ping_status":"closed","sticky":false,"template":"","format":"standard","meta":{"footnotes":""},"categories":[3],"tags":[],"class_list":["post-304","post","type-post","status-publish","format-standard","has-post-thumbnail","hentry","category-wiki-sur-festival-jazz-et-musique-en-mode-guinguette"],"yoast_head":"<!-- This site is optimized with the Yoast SEO plugin v27.5 - https:\/\/yoast.com\/product\/yoast-seo-wordpress\/ -->\n<title>Jazz Correia enceinte : elle brise le silence apr\u00e8s les images de sa vive altercation \u00e0 Saint-Tropez - FESTIVOX<\/title>\n<meta name=\"robots\" content=\"index, follow, max-snippet:-1, max-image-preview:large, max-video-preview:-1\" \/>\n<link rel=\"canonical\" href=\"https:\/\/www.festivox.fr\/blog\/jazz-correia-enceinte-elle-brise-le-silence-apres-les-images-de-sa-vive-altercation-a-saint-tropez\/\" \/>\n<meta property=\"og:locale\" content=\"fr_FR\" \/>\n<meta property=\"og:type\" content=\"article\" \/>\n<meta property=\"og:title\" content=\"Jazz Correia enceinte : elle brise le silence apr\u00e8s les images de sa vive altercation \u00e0 Saint-Tropez - FESTIVOX\" \/>\n<meta property=\"og:description\" content=\"Jazz Correia fait souvent parler d&rsquo;elle sur les r\u00e9seaux sociaux. La voil\u00e0 r\u00e9cemment au c\u0153ur d&rsquo;un nouveau scandale, impliquant une bagarre \u00e0 Saint-Tropez. Ce mercredi 2 ao\u00fbt 2023, l&rsquo;influenceuse et m\u00e8re de famille a tenu \u00e0 donner sa version des faits en story sur Instagram. Il y a souvent des turbulences autour de la JLC&hellip;\" \/>\n<meta property=\"og:url\" content=\"https:\/\/www.festivox.fr\/blog\/jazz-correia-enceinte-elle-brise-le-silence-apres-les-images-de-sa-vive-altercation-a-saint-tropez\/\" \/>\n<meta property=\"og:site_name\" content=\"FESTIVOX\" \/>\n<meta property=\"article:published_time\" content=\"2023-08-02T05:01:00+00:00\" \/>\n<meta property=\"og:image\" content=\"https:\/\/www.festivox.fr\/blog\/wp-content\/uploads\/2023\/08\/jazz-correia-enceinte-elle-brise-le-silence-apres-les-images-de-sa-vive-altercation-a-saint-tropez.jpg\" \/>\n<meta name=\"author\" content=\"Michele\" \/>\n<meta name=\"twitter:card\" content=\"summary_large_image\" \/>\n<meta name=\"twitter:label1\" content=\"\u00c9crit par\" \/>\n\t<meta name=\"twitter:data1\" content=\"Michele\" \/>\n\t<meta name=\"twitter:label2\" content=\"Dur\u00e9e de lecture estim\u00e9e\" \/>\n\t<meta name=\"twitter:data2\" content=\"3 minutes\" \/>\n<script type=\"application\/ld+json\" class=\"yoast-schema-graph\">{\"@context\":\"https:\\\/\\\/schema.org\",\"@graph\":[{\"@type\":\"Article\",\"@id\":\"https:\\\/\\\/www.festivox.fr\\\/blog\\\/jazz-correia-enceinte-elle-brise-le-silence-apres-les-images-de-sa-vive-altercation-a-saint-tropez\\\/#article\",\"isPartOf\":{\"@id\":\"https:\\\/\\\/www.festivox.fr\\\/blog\\\/jazz-correia-enceinte-elle-brise-le-silence-apres-les-images-de-sa-vive-altercation-a-saint-tropez\\\/\"},\"author\":{\"name\":\"Michele\",\"@id\":\"https:\\\/\\\/www.festivox.fr\\\/blog\\\/#\\\/schema\\\/person\\\/f36a8b6bc94800c3eafed4bca993ce95\"},\"headline\":\"Jazz Correia enceinte : elle brise le silence apr\u00e8s les images de sa vive altercation \u00e0 Saint-Tropez\",\"datePublished\":\"2023-08-02T05:01:00+00:00\",\"mainEntityOfPage\":{\"@id\":\"https:\\\/\\\/www.festivox.fr\\\/blog\\\/jazz-correia-enceinte-elle-brise-le-silence-apres-les-images-de-sa-vive-altercation-a-saint-tropez\\\/\"},\"wordCount\":547,\"publisher\":{\"@id\":\"https:\\\/\\\/www.festivox.fr\\\/blog\\\/#organization\"},\"image\":{\"@id\":\"https:\\\/\\\/www.festivox.fr\\\/blog\\\/jazz-correia-enceinte-elle-brise-le-silence-apres-les-images-de-sa-vive-altercation-a-saint-tropez\\\/#primaryimage\"},\"thumbnailUrl\":\"https:\\\/\\\/www.festivox.fr\\\/blog\\\/wp-content\\\/uploads\\\/2023\\\/08\\\/jazz-correia-enceinte-elle-brise-le-silence-apres-les-images-de-sa-vive-altercation-a-saint-tropez.jpg\",\"articleSection\":[\"Wiki Sur Festival Jazz Et Musique En Mode Guinguette:\"],\"inLanguage\":\"fr-FR\"},{\"@type\":\"WebPage\",\"@id\":\"https:\\\/\\\/www.festivox.fr\\\/blog\\\/jazz-correia-enceinte-elle-brise-le-silence-apres-les-images-de-sa-vive-altercation-a-saint-tropez\\\/\",\"url\":\"https:\\\/\\\/www.festivox.fr\\\/blog\\\/jazz-correia-enceinte-elle-brise-le-silence-apres-les-images-de-sa-vive-altercation-a-saint-tropez\\\/\",\"name\":\"Jazz Correia enceinte : elle brise le silence apr\u00e8s les images de sa vive altercation \u00e0 Saint-Tropez - FESTIVOX\",\"isPartOf\":{\"@id\":\"https:\\\/\\\/www.festivox.fr\\\/blog\\\/#website\"},\"primaryImageOfPage\":{\"@id\":\"https:\\\/\\\/www.festivox.fr\\\/blog\\\/jazz-correia-enceinte-elle-brise-le-silence-apres-les-images-de-sa-vive-altercation-a-saint-tropez\\\/#primaryimage\"},\"image\":{\"@id\":\"https:\\\/\\\/www.festivox.fr\\\/blog\\\/jazz-correia-enceinte-elle-brise-le-silence-apres-les-images-de-sa-vive-altercation-a-saint-tropez\\\/#primaryimage\"},\"thumbnailUrl\":\"https:\\\/\\\/www.festivox.fr\\\/blog\\\/wp-content\\\/uploads\\\/2023\\\/08\\\/jazz-correia-enceinte-elle-brise-le-silence-apres-les-images-de-sa-vive-altercation-a-saint-tropez.jpg\",\"datePublished\":\"2023-08-02T05:01:00+00:00\",\"breadcrumb\":{\"@id\":\"https:\\\/\\\/www.festivox.fr\\\/blog\\\/jazz-correia-enceinte-elle-brise-le-silence-apres-les-images-de-sa-vive-altercation-a-saint-tropez\\\/#breadcrumb\"},\"inLanguage\":\"fr-FR\",\"potentialAction\":[{\"@type\":\"ReadAction\",\"target\":[\"https:\\\/\\\/www.festivox.fr\\\/blog\\\/jazz-correia-enceinte-elle-brise-le-silence-apres-les-images-de-sa-vive-altercation-a-saint-tropez\\\/\"]}]},{\"@type\":\"ImageObject\",\"inLanguage\":\"fr-FR\",\"@id\":\"https:\\\/\\\/www.festivox.fr\\\/blog\\\/jazz-correia-enceinte-elle-brise-le-silence-apres-les-images-de-sa-vive-altercation-a-saint-tropez\\\/#primaryimage\",\"url\":\"https:\\\/\\\/www.festivox.fr\\\/blog\\\/wp-content\\\/uploads\\\/2023\\\/08\\\/jazz-correia-enceinte-elle-brise-le-silence-apres-les-images-de-sa-vive-altercation-a-saint-tropez.jpg\",\"contentUrl\":\"https:\\\/\\\/www.festivox.fr\\\/blog\\\/wp-content\\\/uploads\\\/2023\\\/08\\\/jazz-correia-enceinte-elle-brise-le-silence-apres-les-images-de-sa-vive-altercation-a-saint-tropez.jpg\",\"width\":480,\"height\":828},{\"@type\":\"BreadcrumbList\",\"@id\":\"https:\\\/\\\/www.festivox.fr\\\/blog\\\/jazz-correia-enceinte-elle-brise-le-silence-apres-les-images-de-sa-vive-altercation-a-saint-tropez\\\/#breadcrumb\",\"itemListElement\":[{\"@type\":\"ListItem\",\"position\":1,\"name\":\"Accueil\",\"item\":\"https:\\\/\\\/www.festivox.fr\\\/blog\\\/\"},{\"@type\":\"ListItem\",\"position\":2,\"name\":\"Jazz Correia enceinte : elle brise le silence apr\u00e8s les images de sa vive altercation \u00e0 Saint-Tropez\"}]},{\"@type\":\"WebSite\",\"@id\":\"https:\\\/\\\/www.festivox.fr\\\/blog\\\/#website\",\"url\":\"https:\\\/\\\/www.festivox.fr\\\/blog\\\/\",\"name\":\"FESTIVOX\",\"description\":\"Festival en mode guinguette.\",\"publisher\":{\"@id\":\"https:\\\/\\\/www.festivox.fr\\\/blog\\\/#organization\"},\"potentialAction\":[{\"@type\":\"SearchAction\",\"target\":{\"@type\":\"EntryPoint\",\"urlTemplate\":\"https:\\\/\\\/www.festivox.fr\\\/blog\\\/?s={search_term_string}\"},\"query-input\":{\"@type\":\"PropertyValueSpecification\",\"valueRequired\":true,\"valueName\":\"search_term_string\"}}],\"inLanguage\":\"fr-FR\"},{\"@type\":\"Organization\",\"@id\":\"https:\\\/\\\/www.festivox.fr\\\/blog\\\/#organization\",\"name\":\"festivox\",\"url\":\"https:\\\/\\\/www.festivox.fr\\\/blog\\\/\",\"logo\":{\"@type\":\"ImageObject\",\"inLanguage\":\"fr-FR\",\"@id\":\"https:\\\/\\\/www.festivox.fr\\\/blog\\\/#\\\/schema\\\/logo\\\/image\\\/\",\"url\":\"https:\\\/\\\/www.festivox.fr\\\/blog\\\/wp-content\\\/uploads\\\/2023\\\/06\\\/logo-2.png\",\"contentUrl\":\"https:\\\/\\\/www.festivox.fr\\\/blog\\\/wp-content\\\/uploads\\\/2023\\\/06\\\/logo-2.png\",\"width\":480,\"height\":160,\"caption\":\"festivox\"},\"image\":{\"@id\":\"https:\\\/\\\/www.festivox.fr\\\/blog\\\/#\\\/schema\\\/logo\\\/image\\\/\"}},{\"@type\":\"Person\",\"@id\":\"https:\\\/\\\/www.festivox.fr\\\/blog\\\/#\\\/schema\\\/person\\\/f36a8b6bc94800c3eafed4bca993ce95\",\"name\":\"Michele\",\"image\":{\"@type\":\"ImageObject\",\"inLanguage\":\"fr-FR\",\"@id\":\"https:\\\/\\\/secure.gravatar.com\\\/avatar\\\/b062046536b5d47ec9075956ec349ef95ed06b0f910c578f74abb318668b702e?s=96&d=mm&r=g\",\"url\":\"https:\\\/\\\/secure.gravatar.com\\\/avatar\\\/b062046536b5d47ec9075956ec349ef95ed06b0f910c578f74abb318668b702e?s=96&d=mm&r=g\",\"contentUrl\":\"https:\\\/\\\/secure.gravatar.com\\\/avatar\\\/b062046536b5d47ec9075956ec349ef95ed06b0f910c578f74abb318668b702e?s=96&d=mm&r=g\",\"caption\":\"Michele\"},\"sameAs\":[\"https:\\\/\\\/www.festivox.fr\\\/blog\"],\"url\":\"https:\\\/\\\/www.festivox.fr\\\/blog\\\/author\\\/voxadmin\\\/\"}]}<\/script>\n<!-- \/ Yoast SEO plugin. -->","yoast_head_json":{"title":"Jazz Correia enceinte : elle brise le silence apr\u00e8s les images de sa vive altercation \u00e0 Saint-Tropez - FESTIVOX","robots":{"index":"index","follow":"follow","max-snippet":"max-snippet:-1","max-image-preview":"max-image-preview:large","max-video-preview":"max-video-preview:-1"},"canonical":"https:\/\/www.festivox.fr\/blog\/jazz-correia-enceinte-elle-brise-le-silence-apres-les-images-de-sa-vive-altercation-a-saint-tropez\/","og_locale":"fr_FR","og_type":"article","og_title":"Jazz Correia enceinte : elle brise le silence apr\u00e8s les images de sa vive altercation \u00e0 Saint-Tropez - FESTIVOX","og_description":"Jazz Correia fait souvent parler d&rsquo;elle sur les r\u00e9seaux sociaux. La voil\u00e0 r\u00e9cemment au c\u0153ur d&rsquo;un nouveau scandale, impliquant une bagarre \u00e0 Saint-Tropez. Ce mercredi 2 ao\u00fbt 2023, l&rsquo;influenceuse et m\u00e8re de famille a tenu \u00e0 donner sa version des faits en story sur Instagram. Il y a souvent des turbulences autour de la JLC&hellip;","og_url":"https:\/\/www.festivox.fr\/blog\/jazz-correia-enceinte-elle-brise-le-silence-apres-les-images-de-sa-vive-altercation-a-saint-tropez\/","og_site_name":"FESTIVOX","article_published_time":"2023-08-02T05:01:00+00:00","og_image":[{"url":"https:\/\/www.festivox.fr\/blog\/wp-content\/uploads\/2023\/08\/jazz-correia-enceinte-elle-brise-le-silence-apres-les-images-de-sa-vive-altercation-a-saint-tropez.jpg","type":"","width":"","height":""}],"author":"Michele","twitter_card":"summary_large_image","twitter_misc":{"\u00c9crit par":"Michele","Dur\u00e9e de lecture estim\u00e9e":"3 minutes"},"schema":{"@context":"https:\/\/schema.org","@graph":[{"@type":"Article","@id":"https:\/\/www.festivox.fr\/blog\/jazz-correia-enceinte-elle-brise-le-silence-apres-les-images-de-sa-vive-altercation-a-saint-tropez\/#article","isPartOf":{"@id":"https:\/\/www.festivox.fr\/blog\/jazz-correia-enceinte-elle-brise-le-silence-apres-les-images-de-sa-vive-altercation-a-saint-tropez\/"},"author":{"name":"Michele","@id":"https:\/\/www.festivox.fr\/blog\/#\/schema\/person\/f36a8b6bc94800c3eafed4bca993ce95"},"headline":"Jazz Correia enceinte : elle brise le silence apr\u00e8s les images de sa vive altercation \u00e0 Saint-Tropez","datePublished":"2023-08-02T05:01:00+00:00","mainEntityOfPage":{"@id":"https:\/\/www.festivox.fr\/blog\/jazz-correia-enceinte-elle-brise-le-silence-apres-les-images-de-sa-vive-altercation-a-saint-tropez\/"},"wordCount":547,"publisher":{"@id":"https:\/\/www.festivox.fr\/blog\/#organization"},"image":{"@id":"https:\/\/www.festivox.fr\/blog\/jazz-correia-enceinte-elle-brise-le-silence-apres-les-images-de-sa-vive-altercation-a-saint-tropez\/#primaryimage"},"thumbnailUrl":"https:\/\/www.festivox.fr\/blog\/wp-content\/uploads\/2023\/08\/jazz-correia-enceinte-elle-brise-le-silence-apres-les-images-de-sa-vive-altercation-a-saint-tropez.jpg","articleSection":["Wiki Sur Festival Jazz Et Musique En Mode Guinguette:"],"inLanguage":"fr-FR"},{"@type":"WebPage","@id":"https:\/\/www.festivox.fr\/blog\/jazz-correia-enceinte-elle-brise-le-silence-apres-les-images-de-sa-vive-altercation-a-saint-tropez\/","url":"https:\/\/www.festivox.fr\/blog\/jazz-correia-enceinte-elle-brise-le-silence-apres-les-images-de-sa-vive-altercation-a-saint-tropez\/","name":"Jazz Correia enceinte : elle brise le silence apr\u00e8s les images de sa vive altercation \u00e0 Saint-Tropez - FESTIVOX","isPartOf":{"@id":"https:\/\/www.festivox.fr\/blog\/#website"},"primaryImageOfPage":{"@id":"https:\/\/www.festivox.fr\/blog\/jazz-correia-enceinte-elle-brise-le-silence-apres-les-images-de-sa-vive-altercation-a-saint-tropez\/#primaryimage"},"image":{"@id":"https:\/\/www.festivox.fr\/blog\/jazz-correia-enceinte-elle-brise-le-silence-apres-les-images-de-sa-vive-altercation-a-saint-tropez\/#primaryimage"},"thumbnailUrl":"https:\/\/www.festivox.fr\/blog\/wp-content\/uploads\/2023\/08\/jazz-correia-enceinte-elle-brise-le-silence-apres-les-images-de-sa-vive-altercation-a-saint-tropez.jpg","datePublished":"2023-08-02T05:01:00+00:00","breadcrumb":{"@id":"https:\/\/www.festivox.fr\/blog\/jazz-correia-enceinte-elle-brise-le-silence-apres-les-images-de-sa-vive-altercation-a-saint-tropez\/#breadcrumb"},"inLanguage":"fr-FR","potentialAction":[{"@type":"ReadAction","target":["https:\/\/www.festivox.fr\/blog\/jazz-correia-enceinte-elle-brise-le-silence-apres-les-images-de-sa-vive-altercation-a-saint-tropez\/"]}]},{"@type":"ImageObject","inLanguage":"fr-FR","@id":"https:\/\/www.festivox.fr\/blog\/jazz-correia-enceinte-elle-brise-le-silence-apres-les-images-de-sa-vive-altercation-a-saint-tropez\/#primaryimage","url":"https:\/\/www.festivox.fr\/blog\/wp-content\/uploads\/2023\/08\/jazz-correia-enceinte-elle-brise-le-silence-apres-les-images-de-sa-vive-altercation-a-saint-tropez.jpg","contentUrl":"https:\/\/www.festivox.fr\/blog\/wp-content\/uploads\/2023\/08\/jazz-correia-enceinte-elle-brise-le-silence-apres-les-images-de-sa-vive-altercation-a-saint-tropez.jpg","width":480,"height":828},{"@type":"BreadcrumbList","@id":"https:\/\/www.festivox.fr\/blog\/jazz-correia-enceinte-elle-brise-le-silence-apres-les-images-de-sa-vive-altercation-a-saint-tropez\/#breadcrumb","itemListElement":[{"@type":"ListItem","position":1,"name":"Accueil","item":"https:\/\/www.festivox.fr\/blog\/"},{"@type":"ListItem","position":2,"name":"Jazz Correia enceinte : elle brise le silence apr\u00e8s les images de sa vive altercation \u00e0 Saint-Tropez"}]},{"@type":"WebSite","@id":"https:\/\/www.festivox.fr\/blog\/#website","url":"https:\/\/www.festivox.fr\/blog\/","name":"FESTIVOX","description":"Festival en mode guinguette.","publisher":{"@id":"https:\/\/www.festivox.fr\/blog\/#organization"},"potentialAction":[{"@type":"SearchAction","target":{"@type":"EntryPoint","urlTemplate":"https:\/\/www.festivox.fr\/blog\/?s={search_term_string}"},"query-input":{"@type":"PropertyValueSpecification","valueRequired":true,"valueName":"search_term_string"}}],"inLanguage":"fr-FR"},{"@type":"Organization","@id":"https:\/\/www.festivox.fr\/blog\/#organization","name":"festivox","url":"https:\/\/www.festivox.fr\/blog\/","logo":{"@type":"ImageObject","inLanguage":"fr-FR","@id":"https:\/\/www.festivox.fr\/blog\/#\/schema\/logo\/image\/","url":"https:\/\/www.festivox.fr\/blog\/wp-content\/uploads\/2023\/06\/logo-2.png","contentUrl":"https:\/\/www.festivox.fr\/blog\/wp-content\/uploads\/2023\/06\/logo-2.png","width":480,"height":160,"caption":"festivox"},"image":{"@id":"https:\/\/www.festivox.fr\/blog\/#\/schema\/logo\/image\/"}},{"@type":"Person","@id":"https:\/\/www.festivox.fr\/blog\/#\/schema\/person\/f36a8b6bc94800c3eafed4bca993ce95","name":"Michele","image":{"@type":"ImageObject","inLanguage":"fr-FR","@id":"https:\/\/secure.gravatar.com\/avatar\/b062046536b5d47ec9075956ec349ef95ed06b0f910c578f74abb318668b702e?s=96&d=mm&r=g","url":"https:\/\/secure.gravatar.com\/avatar\/b062046536b5d47ec9075956ec349ef95ed06b0f910c578f74abb318668b702e?s=96&d=mm&r=g","contentUrl":"https:\/\/secure.gravatar.com\/avatar\/b062046536b5d47ec9075956ec349ef95ed06b0f910c578f74abb318668b702e?s=96&d=mm&r=g","caption":"Michele"},"sameAs":["https:\/\/www.festivox.fr\/blog"],"url":"https:\/\/www.festivox.fr\/blog\/author\/voxadmin\/"}]}},"_links":{"self":[{"href":"https:\/\/www.festivox.fr\/blog\/wp-json\/wp\/v2\/posts\/304","targetHints":{"allow":["GET"]}}],"collection":[{"href":"https:\/\/www.festivox.fr\/blog\/wp-json\/wp\/v2\/posts"}],"about":[{"href":"https:\/\/www.festivox.fr\/blog\/wp-json\/wp\/v2\/types\/post"}],"author":[{"embeddable":true,"href":"https:\/\/www.festivox.fr\/blog\/wp-json\/wp\/v2\/users\/1"}],"replies":[{"embeddable":true,"href":"https:\/\/www.festivox.fr\/blog\/wp-json\/wp\/v2\/comments?post=304"}],"version-history":[{"count":0,"href":"https:\/\/www.festivox.fr\/blog\/wp-json\/wp\/v2\/posts\/304\/revisions"}],"wp:featuredmedia":[{"embeddable":true,"href":"https:\/\/www.festivox.fr\/blog\/wp-json\/wp\/v2\/media\/305"}],"wp:attachment":[{"href":"https:\/\/www.festivox.fr\/blog\/wp-json\/wp\/v2\/media?parent=304"}],"wp:term":[{"taxonomy":"category","embeddable":true,"href":"https:\/\/www.festivox.fr\/blog\/wp-json\/wp\/v2\/categories?post=304"},{"taxonomy":"post_tag","embeddable":true,"href":"https:\/\/www.festivox.fr\/blog\/wp-json\/wp\/v2\/tags?post=304"}],"curies":[{"name":"wp","href":"https:\/\/api.w.org\/{rel}","templated":true}]}}