{"id":294,"date":"2023-07-13T15:03:00","date_gmt":"2023-07-13T13:03:00","guid":{"rendered":"https:\/\/www.festivox.fr\/blog\/joe-bonamassa-norah-jones-et-pat-metheny-trois-couleurs-musicales-du-festival-jazz-a-vienne\/"},"modified":"2023-07-13T15:03:00","modified_gmt":"2023-07-13T13:03:00","slug":"joe-bonamassa-norah-jones-et-pat-metheny-trois-couleurs-musicales-du-festival-jazz-a-vienne","status":"publish","type":"post","link":"https:\/\/www.festivox.fr\/blog\/joe-bonamassa-norah-jones-et-pat-metheny-trois-couleurs-musicales-du-festival-jazz-a-vienne\/","title":{"rendered":"Joe Bonamassa, Norah Jones et Pat Metheny : trois couleurs musicales du festival Jazz \u00e0 Vienne"},"content":{"rendered":"\n<p> Pour ses derniers jours, le festival Jazz \u00e0 Vienne a re\u00e7u trois artistes aux univers musicaux bien diff\u00e9rents. Retour sur trois concerts de ce rendez-vous incontournable qui se cl\u00f4t ce jeudi soir.\n<\/p>\n<div>\n<p>Les concerts de Jazz \u00e0 Vienne se suivent mais ne se ressemblent pas. Des ambiances bien diff\u00e9rentes sur ces trois soir\u00e9es avant la cl\u00f4ture avec Goran Bregovic ce jeudi 13 juillet. Joe Bonamassa, Norah Jones et Pat Metheny ont confirm\u00e9 l&rsquo;\u00e9clectisme de ce festival dont la renomm\u00e9e internationale n&rsquo;est plus \u00e0 rappeler.<\/p>\n<h2 class=\"number\"><span>1<\/span>Joe Bonamassa<\/h2>\n<p>Ce lundi 10 juillet \u00e9tait sans doute parmi les jours les plus chauds de la semaine, mais le guitariste am\u00e9ricain Joe Bonamassa ne s&rsquo;est pas priv\u00e9 pour faire monter encore plus la temp\u00e9rature qu&rsquo;il a lui m\u00eame qualifi\u00e9e de <em>\u00ab\u00a0fuckin&rsquo; hot !\u00a0\u00bb<\/em>.<\/p>\n<figure class=\"fig-cms-media-image\">     <img loading=\"lazy\" decoding=\"async\" src=\"https:\/\/www.festivox.fr\/blog\/wp-content\/uploads\/2023\/08\/joe-bonamassa-norah-jones-et-pat-metheny-trois-couleurs-musicales-du-festival-jazz-a-vienne.jpg\" class=\"cms-media-image\" alt=\"Joe Bonamassa sur la sc\u00e8ne du th\u00e9\u00e2tre antique de Vienne le 10 juillet 2023 avec une Fender Stratocaster s\u00e9rie L du d\u00e9but des ann\u00e9es 60 (Arthur Viguier)\" width=\"720\" height=\"405\" data-sizes=\"auto\">  <img loading=\"lazy\" decoding=\"async\" src=\"https:\/\/www.festivox.fr\/blog\/wp-content\/uploads\/2023\/08\/joe-bonamassa-norah-jones-et-pat-metheny-trois-couleurs-musicales-du-festival-jazz-a-vienne.jpg\" class=\"cms-media-image lazyload\" alt=\"Joe Bonamassa sur la sc\u00e8ne du th\u00e9\u00e2tre antique de Vienne le 10 juillet 2023 avec une Fender Stratocaster s\u00e9rie L du d\u00e9but des ann\u00e9es 60 (Arthur Viguier)\" width=\"720\" height=\"405\" data-sizes=\"auto\"><figcaption aria-hidden=\"true\">Joe Bonamassa sur la sc\u00e8ne du th\u00e9\u00e2tre antique de Vienne le 10 juillet 2023 avec une Fender Stratocaster s\u00e9rie L du d\u00e9but des ann\u00e9es 60 <span>(Arthur Viguier)<\/span><\/figcaption><\/figure>\n<p>Apr\u00e8s une premi\u00e8re partie avec un blues de facture classique assur\u00e9e par le v\u00e9t\u00e9ran Joe Louis Walker, le virtuose \u00ab\u00a0Big Joe\u00a0\u00bb a mis le feu aux poudres avec un show d\u00e9voilant toute sa palette de dext\u00e9rit\u00e9. Solos \u00e0 rallonge, volume pouss\u00e9 \u00e0 fond et n\u00e9cessitant de calfeutrer l&rsquo;impressionnante batterie d&rsquo;amplis derri\u00e8re un mur de plexiglas, d\u00e9luge de notes en cascade, et surtout un <a href=\"https:\/\/textes-blog-rock-n-roll.fr\/joe-bonamassa-chaud-bouillant-a-jazz-a-vienne\/#Une_collection_hallucinante_de_guitares\" target=\"_blank\" rel=\"noopener nofollow\" class=\"ftvi-click\" data-click-value=\"content::link-in-content::article::https:\/\/textes-blog-rock-n-roll.fr\/joe-bonamassa-chaud-bouillant-a-jazz-a-vienne\/#Une_collection_hallucinante_de_guitares\">floril\u00e8ge de guitares prestigieuses<\/a> mill\u00e9sim\u00e9es des meilleures ann\u00e9es de Gibson et Fender. Bonamassa est connu pour collectionner les instruments de valeur, pour ce concert il a tout bonnement jou\u00e9 une guitare diff\u00e9rente \u00e0 chaque chanson ! Des mod\u00e8les mythiques dont certains atteignent bient\u00f4t les 80 ans d&rsquo;existence comme une Stratocaster de 1955, ou plusieurs Les Paul fin fifties et d\u00e9but sixties.<\/p>\n<figure class=\"fig-cms-media-image\">     <img loading=\"lazy\" decoding=\"async\" src=\"https:\/\/www.festivox.fr\/blog\/wp-content\/uploads\/2023\/08\/joe-bonamassa-norah-jones-et-pat-metheny-trois-couleurs-musicales-du-festival-jazz-a-vienne-1.jpg\" class=\"cms-media-image\" alt=\"Joe Bonamassa sur la sc\u00e8ne du th\u00e9\u00e2tre antique de Vienne le 10 juillet 2023 avec une Gibson Les Paul hybride (m\u00e9caniques type 60's et potards type 50's) (Arthur Viguier)\" width=\"720\" height=\"405\" data-sizes=\"auto\">  <img loading=\"lazy\" decoding=\"async\" src=\"https:\/\/www.festivox.fr\/blog\/wp-content\/uploads\/2023\/08\/joe-bonamassa-norah-jones-et-pat-metheny-trois-couleurs-musicales-du-festival-jazz-a-vienne-1.jpg\" class=\"cms-media-image lazyload\" alt=\"Joe Bonamassa sur la sc\u00e8ne du th\u00e9\u00e2tre antique de Vienne le 10 juillet 2023 avec une Gibson Les Paul hybride (m\u00e9caniques type 60's et potards type 50's) (Arthur Viguier)\" width=\"720\" height=\"405\" data-sizes=\"auto\"><figcaption aria-hidden=\"true\">Joe Bonamassa sur la sc\u00e8ne du th\u00e9\u00e2tre antique de Vienne le 10 juillet 2023 avec une Gibson Les Paul hybride (m\u00e9caniques type 60&rsquo;s et potards type 50&rsquo;s) <span>(Arthur Viguier)<\/span><\/figcaption><\/figure>\n<p>Abordable en coulisse en toute simplicit\u00e9, le guitar-hero \u00e9tait accompagn\u00e9 par la fine fleur du blues-rock actuel, notamment le guitariste Josh Smith ou encore la \u00ab\u00a0l\u00e9gende vivante\u00a0\u00bb Reese Wynans, ancien clavi\u00e9riste de Stevie Ray Vaughan, et pour qui Bonamassa a demand\u00e9 au public une standing ovation. Ce m\u00eame public s&rsquo;est retrouv\u00e9 un peu d\u00e9contenanc\u00e9 durant l&rsquo;ouverture du show plut\u00f4t \u00e9tonnante o\u00f9 les musiciens rentrent sur sc\u00e8ne au son d&rsquo;une musique d&rsquo;ambiance, un morceau de Tom Petty. Mais c&rsquo;est surtout la fin du concert qui a frustr\u00e9 le th\u00e9\u00e2tre antique de Vienne plein \u00e0 craquer, quand Bonamassa et son groupe ont d\u00fb renoncer \u00e0 un rappel en raison des horaires du festival.<\/p>\n<p>[embedded content]<\/p>\n<h2 class=\"number\"><span>2<\/span>Norah Jones<\/h2>\n<p>Apr\u00e8s le d\u00e9luge sonore, place \u00e0 une atmosph\u00e8re intimiste avec Norah Jones et son jazz-pop feutr\u00e9. La soir\u00e9e avait d&rsquo;abord commenc\u00e9 sous les auspices soul en invitant la doyenne Mavis Staples. On l&rsquo;avait d\u00e9j\u00e0 fortement appr\u00e9ci\u00e9e <a href=\"https:\/\/www.francetvinfo.fr\/culture\/musique\/soul\/mavis-staples-et-don-bryant-2-legendes-de-la-soul-qui-ont-fait-fuir-la-pluie-aux-nuits-de-fourviere_3526649.html\" target=\"_blank\" rel=\"noopener nofollow\" class=\"ftvi-click\" data-click-value=\"content::link-in-content::article::\/culture\/musique\/soul\/mavis-staples-et-don-bryant-2-legendes-de-la-soul-qui-ont-fait-fuir-la-pluie-aux-nuits-de-fourviere_3526649.html\">aux Nuits de Fourvi\u00e8re il y a quatre ans<\/a>, mais ce mardi 11 juillet, en plus des classiques <em>For what it&rsquo;s worth<\/em><span> e<\/span>t <em>Respect yourself<\/em>, la chanteuse am\u00e9ricaine a interpr\u00e9t\u00e9 le c\u00e9l\u00e9brissime <em>The Weight <\/em>du groupe The Band qu&rsquo;elle avait accompagn\u00e9 en 1976 lors du mythique concert <em>The last waltz<\/em>, film\u00e9 par Martin Scorsese. Un titre qui avait manqu\u00e9 en 2019 et qui a \u00e9t\u00e9 chaleureusement accueilli par le public. Mavis Staples f\u00eatait ses 84 ans lundi soir, et le th\u00e9\u00e2tre antique de Vienne a entonn\u00e9 un <em>Happy Birthday<\/em> vibrant pour cette grande dame de la Soul.<\/p>\n<p>[embedded content]<\/p>\n<p>Norah Jones n&rsquo;a pas manqu\u00e9 de lui rendre \u00e0 nouveau hommage en deuxi\u00e8me partie de soir\u00e9e. La fille de Ravi Shankar a s\u00e9duit l&rsquo;assistance avec sa voix suave et ses arrangements parfois \u00e0 la fronti\u00e8re du folk voire de la country. Apr\u00e8s une ouverture au chant seul, accompagn\u00e9e par son formidable trio de musiciens, elle s&rsquo;est assise au piano, avant de prendre la guitare plus tard sur quelques morceaux.<\/p>\n<p>[embedded content]<\/p>\n<p>Malgr\u00e9 la sc\u00e8ne tr\u00e8s large, le quatuor a jou\u00e9 de fa\u00e7on resserr\u00e9e, comme s&rsquo;il se trouvait \u00e0 l&rsquo;\u00e9troit dans un club amateur. Une coh\u00e9sion parfaite qui sied bien \u00e0 l&rsquo;univers musical de la chanteuse. Norah Jones a conquis le public sans difficult\u00e9 avec ses tubes <em>Sunrise<\/em>, <em>Come away with me<\/em> et l&rsquo;in\u00e9vitable <em>Don&rsquo;t know why<\/em> en cl\u00f4ture de set. Contrairement \u00e0 Joe Bonamassa, l&rsquo;artiste a elle pu revenir pour un rappel, une reprise de Jesse Harris <em>I&rsquo;ve Got to See You Again<\/em>. Un ange est pass\u00e9 ce soir-l\u00e0 Vienne, et plusieurs voix dans l&rsquo;assistance ont cri\u00e9 <em>\u00ab\u00a0we love you !\u00a0\u00bb.<\/em> Norah Jones a confirm\u00e9 son attachement au public fran\u00e7ais en lui retournant la pareille :<em> \u00ab\u00a0je vous aime aussi\u00a0\u00bb.<\/em><\/p>\n<p>[embedded content]<\/p>\n<h2 class=\"number\"><span>3<\/span>Pat Metheny<\/h2>\n<p>Autre style, autre ambiance mercredi soir 12 juillet. \u00c0 la diff\u00e9rence des deux pr\u00e9c\u00e9dents, le concert de Pat Metheny \u00e9tait enti\u00e8rement assis. Avec une telle configuration, on aurait pu craindre un jazz quelque peu select et \u00e9litiste, r\u00e9serv\u00e9 aux initi\u00e9s. Mais au contraire, le guitariste virtuose met de suite tout le monde \u00e0 l&rsquo;aise par sa simplicit\u00e9 et sa d\u00e9contraction. En short, baskets et sweat-shirt, Metheny joue devant le public comme s&rsquo;il \u00e9tait dans notre salon. Bien que pr\u00e9sent\u00e9 comme nom principal de la soir\u00e9e, il est pass\u00e9 en premi\u00e8re partie avant le groupe de jazz-rock-fusion quarantenaire Sixun. Il est sans doute la seule t\u00eate d&rsquo;affiche du festival \u00e0 \u00eatre mont\u00e9 sur sc\u00e8ne alors qu&rsquo;il faisait encore jour.<\/p>\n<figure class=\"fig-cms-media-image\">     <img loading=\"lazy\" decoding=\"async\" src=\"https:\/\/www.festivox.fr\/blog\/wp-content\/uploads\/2023\/08\/joe-bonamassa-norah-jones-et-pat-metheny-trois-couleurs-musicales-du-festival-jazz-a-vienne-2.jpg\" class=\"cms-media-image\" alt=\"Pat Metheny sur la sc\u00e8ne du th\u00e9\u00e2tre antique de Vienne le 12 juillet 2023 (BENOIT ALMERAS \/ MAXPPP)\" width=\"720\" height=\"405\" data-sizes=\"auto\">  <img loading=\"lazy\" decoding=\"async\" src=\"https:\/\/www.festivox.fr\/blog\/wp-content\/uploads\/2023\/08\/joe-bonamassa-norah-jones-et-pat-metheny-trois-couleurs-musicales-du-festival-jazz-a-vienne-2.jpg\" class=\"cms-media-image lazyload\" alt=\"Pat Metheny sur la sc\u00e8ne du th\u00e9\u00e2tre antique de Vienne le 12 juillet 2023 (BENOIT ALMERAS \/ MAXPPP)\" width=\"720\" height=\"405\" data-sizes=\"auto\"><figcaption aria-hidden=\"true\">Pat Metheny sur la sc\u00e8ne du th\u00e9\u00e2tre antique de Vienne le 12 juillet 2023 <span>(BENOIT ALMERAS \/ MAXPPP)<\/span><\/figcaption><\/figure>\n<p>Seul en sc\u00e8ne pour d\u00e9buter, il officie sur une guitare unique au monde, le mod\u00e8le Picasso avec pas moins de 42 cordes ! Des sonorit\u00e9s de harpe celtique et de Koto japonais se m\u00ealent aux couleurs de guitare plus traditionnelle. Mais plut\u00f4t que de faire \u00e9talage de sa technique, Metheny brode des m\u00e9lodies a\u00e9riennes et magiques. Une entr\u00e9e en mati\u00e8re magistrale.<\/p>\n<p>[embedded content]<\/p>\n<p>Il est ensuite rejoint par ses deux musiciens tout aussi virtuoses l&rsquo;un que l&rsquo;autre, le batteur Joe Dyson et le clavi\u00e9riste Chris Fishman qui assure \u00e9galement les parties de basse avec un rendu sonore bluffant, digne d&rsquo;une v\u00e9ritable contrebasse. Sur un seul titre du set, c&rsquo;est le guitariste qui fera office de bassiste par le biais d&rsquo;un effet octaver. Les sonorit\u00e9s du musicien semblent par moments provenir d&rsquo;une autre plan\u00e8te, que ce soit \u00e0 travers sa guitare-synth\u00e9 ou son dispositif d&rsquo;automates m\u00e9caniques actionnant divers instruments.<\/p>\n<p>[embedded content]<\/p>\n<p>Le trio se fait duo \u00e0 deux reprises, Metheny jouant un morceau avec chacun de ses musiciens. Le titre en duo avec le batteur est l&rsquo;occasion d&rsquo;une performance surprenante o\u00f9 le guitariste d\u00e9montre qu&rsquo;une guitare classique aux cordes nylon peut aussi sonner rock en \u00e9tant amplifi\u00e9e de fa\u00e7on distordue !<\/p>\n<p>[embedded content]<\/p>\n<p>Apr\u00e8s une heure trente de concert environ, un rappel en solo offre un instant de gr\u00e2ce dans le th\u00e9\u00e2tre antique de Vienne. Seul \u00e0 la guitare acoustique, Metheny revisite plusieurs de ses m\u00e9lodies les plus connues et enchante le public. Une voix \u00e0 la fin crie <em>\u00ab\u00a0Merci !\u00a0\u00bb <\/em>tandis que tout le monde se l\u00e8ve pour acclamer le guitariste.<\/p>\n<p>[embedded content]<\/p>\n<p>Le trio revient une derni\u00e8re fois, accompagn\u00e9 du syst\u00e8me d&rsquo;automates, pour d\u00e9livrer un final majestueux et qui am\u00e8ne le public \u00e0 se relever une nouvelle fois. Une standing ovation sinc\u00e8re et largement m\u00e9rit\u00e9e pour ce grand moment.<\/p>\n<p>Trois concerts, trois couleurs bien distinctes qui ont donn\u00e9 un aper\u00e7u repr\u00e9sentatif et fid\u00e8le du festival Jazz \u00e0 Vienne, toujours soucieux de proposer une programmation riche et vari\u00e9e, \u00e0 destination de tous les go\u00fbts. Pari r\u00e9ussi \u00e0 nouveau pour cette \u00e9dition 2023.<\/p>\n<figure class=\"fig-cms-media-image\">     <img loading=\"lazy\" decoding=\"async\" src=\"https:\/\/www.festivox.fr\/blog\/wp-content\/uploads\/2023\/08\/joe-bonamassa-norah-jones-et-pat-metheny-trois-couleurs-musicales-du-festival-jazz-a-vienne-3.jpg\" class=\"cms-media-image\" alt=\"Le th\u00e9\u00e2tre antique de Vienne (Is\u00e8re) le 10 juillet 2023 (Jean-Fran\u00e7ois Convert)\" width=\"720\" height=\"405\" data-sizes=\"auto\">  <img loading=\"lazy\" decoding=\"async\" src=\"https:\/\/www.festivox.fr\/blog\/wp-content\/uploads\/2023\/08\/joe-bonamassa-norah-jones-et-pat-metheny-trois-couleurs-musicales-du-festival-jazz-a-vienne-3.jpg\" class=\"cms-media-image lazyload\" alt=\"Le th\u00e9\u00e2tre antique de Vienne (Is\u00e8re) le 10 juillet 2023 (Jean-Fran\u00e7ois Convert)\" width=\"720\" height=\"405\" data-sizes=\"auto\"><figcaption aria-hidden=\"true\">Le th\u00e9\u00e2tre antique de Vienne (Is\u00e8re) le 10 juillet 2023 <span>(Jean-Fran\u00e7ois Convert)<\/span><\/figcaption><\/figure>\n<\/p><\/div>\n<p> Cet article, qui traite du th\u00e8me \u00ab\u00a0Festival Jazz et musique en mode guinguette\u00a0\u00bb, vous est d\u00e9lib\u00e9r\u00e9ment offert par festivox.fr. La raison d\u2019\u00eatre de festivox.fr est de parler de Festival Jazz et musique en mode guinguette dans la transparence la plus g\u00e9n\u00e9rale en vous procurant la visibilit\u00e9 de tout ce qui est publi\u00e9 sur ce sujet sur le web La chronique a \u00e9t\u00e9 g\u00e9n\u00e9r\u00e9e de la mani\u00e8re la plus honn\u00eate que possible. S\u2019il advenait que vous projetez d\u2019apporter quelques notes concernant le domaine de \u00ab\u00a0Festival Jazz et musique en mode guinguette\u00a0\u00bb vous avez la possibilit\u00e9 de d&rsquo;\u00e9changer avec notre r\u00e9daction. Dans peu de temps, on mettra en ligne d&rsquo;autres informations pertinentes autour du sujet \u00ab\u00a0Festival Jazz et musique en mode guinguette\u00a0\u00bb. Ainsi, consultez r\u00e9guli\u00e8rement notre site.<\/p>\n","protected":false},"excerpt":{"rendered":"<p>Pour ses derniers jours, le festival Jazz \u00e0 Vienne a re\u00e7u trois artistes aux univers musicaux bien diff\u00e9rents. Retour sur trois concerts de ce rendez-vous incontournable qui se cl\u00f4t ce jeudi soir. Les concerts de Jazz \u00e0 Vienne se suivent mais ne se ressemblent pas. Des ambiances bien diff\u00e9rentes sur ces trois soir\u00e9es avant la&hellip;<\/p>\n","protected":false},"author":1,"featured_media":295,"comment_status":"closed","ping_status":"closed","sticky":false,"template":"","format":"standard","meta":{"footnotes":""},"categories":[3],"tags":[],"class_list":["post-294","post","type-post","status-publish","format-standard","has-post-thumbnail","hentry","category-wiki-sur-festival-jazz-et-musique-en-mode-guinguette"],"yoast_head":"<!-- This site is optimized with the Yoast SEO plugin v27.5 - https:\/\/yoast.com\/product\/yoast-seo-wordpress\/ -->\n<title>Joe Bonamassa, Norah Jones et Pat Metheny : trois couleurs musicales du festival Jazz \u00e0 Vienne - FESTIVOX<\/title>\n<meta name=\"robots\" content=\"index, follow, max-snippet:-1, max-image-preview:large, max-video-preview:-1\" \/>\n<link rel=\"canonical\" href=\"https:\/\/www.festivox.fr\/blog\/joe-bonamassa-norah-jones-et-pat-metheny-trois-couleurs-musicales-du-festival-jazz-a-vienne\/\" \/>\n<meta property=\"og:locale\" content=\"fr_FR\" \/>\n<meta property=\"og:type\" content=\"article\" \/>\n<meta property=\"og:title\" content=\"Joe Bonamassa, Norah Jones et Pat Metheny : trois couleurs musicales du festival Jazz \u00e0 Vienne - FESTIVOX\" \/>\n<meta property=\"og:description\" content=\"Pour ses derniers jours, le festival Jazz \u00e0 Vienne a re\u00e7u trois artistes aux univers musicaux bien diff\u00e9rents. Retour sur trois concerts de ce rendez-vous incontournable qui se cl\u00f4t ce jeudi soir. Les concerts de Jazz \u00e0 Vienne se suivent mais ne se ressemblent pas. Des ambiances bien diff\u00e9rentes sur ces trois soir\u00e9es avant la&hellip;\" \/>\n<meta property=\"og:url\" content=\"https:\/\/www.festivox.fr\/blog\/joe-bonamassa-norah-jones-et-pat-metheny-trois-couleurs-musicales-du-festival-jazz-a-vienne\/\" \/>\n<meta property=\"og:site_name\" content=\"FESTIVOX\" \/>\n<meta property=\"article:published_time\" content=\"2023-07-13T13:03:00+00:00\" \/>\n<meta property=\"og:image\" content=\"https:\/\/www.festivox.fr\/blog\/wp-content\/uploads\/2023\/08\/joe-bonamassa-norah-jones-et-pat-metheny-trois-couleurs-musicales-du-festival-jazz-a-vienne.jpg\" \/>\n<meta name=\"author\" content=\"Michele\" \/>\n<meta name=\"twitter:card\" content=\"summary_large_image\" \/>\n<meta name=\"twitter:label1\" content=\"\u00c9crit par\" \/>\n\t<meta name=\"twitter:data1\" content=\"Michele\" \/>\n\t<meta name=\"twitter:label2\" content=\"Dur\u00e9e de lecture estim\u00e9e\" \/>\n\t<meta name=\"twitter:data2\" content=\"7 minutes\" \/>\n<script type=\"application\/ld+json\" class=\"yoast-schema-graph\">{\"@context\":\"https:\\\/\\\/schema.org\",\"@graph\":[{\"@type\":\"Article\",\"@id\":\"https:\\\/\\\/www.festivox.fr\\\/blog\\\/joe-bonamassa-norah-jones-et-pat-metheny-trois-couleurs-musicales-du-festival-jazz-a-vienne\\\/#article\",\"isPartOf\":{\"@id\":\"https:\\\/\\\/www.festivox.fr\\\/blog\\\/joe-bonamassa-norah-jones-et-pat-metheny-trois-couleurs-musicales-du-festival-jazz-a-vienne\\\/\"},\"author\":{\"name\":\"Michele\",\"@id\":\"https:\\\/\\\/www.festivox.fr\\\/blog\\\/#\\\/schema\\\/person\\\/f36a8b6bc94800c3eafed4bca993ce95\"},\"headline\":\"Joe Bonamassa, Norah Jones et Pat Metheny : trois couleurs musicales du festival Jazz \u00e0 Vienne\",\"datePublished\":\"2023-07-13T13:03:00+00:00\",\"mainEntityOfPage\":{\"@id\":\"https:\\\/\\\/www.festivox.fr\\\/blog\\\/joe-bonamassa-norah-jones-et-pat-metheny-trois-couleurs-musicales-du-festival-jazz-a-vienne\\\/\"},\"wordCount\":1475,\"publisher\":{\"@id\":\"https:\\\/\\\/www.festivox.fr\\\/blog\\\/#organization\"},\"image\":{\"@id\":\"https:\\\/\\\/www.festivox.fr\\\/blog\\\/joe-bonamassa-norah-jones-et-pat-metheny-trois-couleurs-musicales-du-festival-jazz-a-vienne\\\/#primaryimage\"},\"thumbnailUrl\":\"https:\\\/\\\/www.festivox.fr\\\/blog\\\/wp-content\\\/uploads\\\/2023\\\/08\\\/joe-bonamassa-norah-jones-et-pat-metheny-trois-couleurs-musicales-du-festival-jazz-a-vienne.jpg\",\"articleSection\":[\"Wiki Sur Festival Jazz Et Musique En Mode Guinguette:\"],\"inLanguage\":\"fr-FR\"},{\"@type\":\"WebPage\",\"@id\":\"https:\\\/\\\/www.festivox.fr\\\/blog\\\/joe-bonamassa-norah-jones-et-pat-metheny-trois-couleurs-musicales-du-festival-jazz-a-vienne\\\/\",\"url\":\"https:\\\/\\\/www.festivox.fr\\\/blog\\\/joe-bonamassa-norah-jones-et-pat-metheny-trois-couleurs-musicales-du-festival-jazz-a-vienne\\\/\",\"name\":\"Joe Bonamassa, Norah Jones et Pat Metheny : trois couleurs musicales du festival Jazz \u00e0 Vienne - FESTIVOX\",\"isPartOf\":{\"@id\":\"https:\\\/\\\/www.festivox.fr\\\/blog\\\/#website\"},\"primaryImageOfPage\":{\"@id\":\"https:\\\/\\\/www.festivox.fr\\\/blog\\\/joe-bonamassa-norah-jones-et-pat-metheny-trois-couleurs-musicales-du-festival-jazz-a-vienne\\\/#primaryimage\"},\"image\":{\"@id\":\"https:\\\/\\\/www.festivox.fr\\\/blog\\\/joe-bonamassa-norah-jones-et-pat-metheny-trois-couleurs-musicales-du-festival-jazz-a-vienne\\\/#primaryimage\"},\"thumbnailUrl\":\"https:\\\/\\\/www.festivox.fr\\\/blog\\\/wp-content\\\/uploads\\\/2023\\\/08\\\/joe-bonamassa-norah-jones-et-pat-metheny-trois-couleurs-musicales-du-festival-jazz-a-vienne.jpg\",\"datePublished\":\"2023-07-13T13:03:00+00:00\",\"breadcrumb\":{\"@id\":\"https:\\\/\\\/www.festivox.fr\\\/blog\\\/joe-bonamassa-norah-jones-et-pat-metheny-trois-couleurs-musicales-du-festival-jazz-a-vienne\\\/#breadcrumb\"},\"inLanguage\":\"fr-FR\",\"potentialAction\":[{\"@type\":\"ReadAction\",\"target\":[\"https:\\\/\\\/www.festivox.fr\\\/blog\\\/joe-bonamassa-norah-jones-et-pat-metheny-trois-couleurs-musicales-du-festival-jazz-a-vienne\\\/\"]}]},{\"@type\":\"ImageObject\",\"inLanguage\":\"fr-FR\",\"@id\":\"https:\\\/\\\/www.festivox.fr\\\/blog\\\/joe-bonamassa-norah-jones-et-pat-metheny-trois-couleurs-musicales-du-festival-jazz-a-vienne\\\/#primaryimage\",\"url\":\"https:\\\/\\\/www.festivox.fr\\\/blog\\\/wp-content\\\/uploads\\\/2023\\\/08\\\/joe-bonamassa-norah-jones-et-pat-metheny-trois-couleurs-musicales-du-festival-jazz-a-vienne.jpg\",\"contentUrl\":\"https:\\\/\\\/www.festivox.fr\\\/blog\\\/wp-content\\\/uploads\\\/2023\\\/08\\\/joe-bonamassa-norah-jones-et-pat-metheny-trois-couleurs-musicales-du-festival-jazz-a-vienne.jpg\",\"width\":720,\"height\":480},{\"@type\":\"BreadcrumbList\",\"@id\":\"https:\\\/\\\/www.festivox.fr\\\/blog\\\/joe-bonamassa-norah-jones-et-pat-metheny-trois-couleurs-musicales-du-festival-jazz-a-vienne\\\/#breadcrumb\",\"itemListElement\":[{\"@type\":\"ListItem\",\"position\":1,\"name\":\"Accueil\",\"item\":\"https:\\\/\\\/www.festivox.fr\\\/blog\\\/\"},{\"@type\":\"ListItem\",\"position\":2,\"name\":\"Joe Bonamassa, Norah Jones et Pat Metheny : trois couleurs musicales du festival Jazz \u00e0 Vienne\"}]},{\"@type\":\"WebSite\",\"@id\":\"https:\\\/\\\/www.festivox.fr\\\/blog\\\/#website\",\"url\":\"https:\\\/\\\/www.festivox.fr\\\/blog\\\/\",\"name\":\"FESTIVOX\",\"description\":\"Festival en mode guinguette.\",\"publisher\":{\"@id\":\"https:\\\/\\\/www.festivox.fr\\\/blog\\\/#organization\"},\"potentialAction\":[{\"@type\":\"SearchAction\",\"target\":{\"@type\":\"EntryPoint\",\"urlTemplate\":\"https:\\\/\\\/www.festivox.fr\\\/blog\\\/?s={search_term_string}\"},\"query-input\":{\"@type\":\"PropertyValueSpecification\",\"valueRequired\":true,\"valueName\":\"search_term_string\"}}],\"inLanguage\":\"fr-FR\"},{\"@type\":\"Organization\",\"@id\":\"https:\\\/\\\/www.festivox.fr\\\/blog\\\/#organization\",\"name\":\"festivox\",\"url\":\"https:\\\/\\\/www.festivox.fr\\\/blog\\\/\",\"logo\":{\"@type\":\"ImageObject\",\"inLanguage\":\"fr-FR\",\"@id\":\"https:\\\/\\\/www.festivox.fr\\\/blog\\\/#\\\/schema\\\/logo\\\/image\\\/\",\"url\":\"https:\\\/\\\/www.festivox.fr\\\/blog\\\/wp-content\\\/uploads\\\/2023\\\/06\\\/logo-2.png\",\"contentUrl\":\"https:\\\/\\\/www.festivox.fr\\\/blog\\\/wp-content\\\/uploads\\\/2023\\\/06\\\/logo-2.png\",\"width\":480,\"height\":160,\"caption\":\"festivox\"},\"image\":{\"@id\":\"https:\\\/\\\/www.festivox.fr\\\/blog\\\/#\\\/schema\\\/logo\\\/image\\\/\"}},{\"@type\":\"Person\",\"@id\":\"https:\\\/\\\/www.festivox.fr\\\/blog\\\/#\\\/schema\\\/person\\\/f36a8b6bc94800c3eafed4bca993ce95\",\"name\":\"Michele\",\"image\":{\"@type\":\"ImageObject\",\"inLanguage\":\"fr-FR\",\"@id\":\"https:\\\/\\\/secure.gravatar.com\\\/avatar\\\/b062046536b5d47ec9075956ec349ef95ed06b0f910c578f74abb318668b702e?s=96&d=mm&r=g\",\"url\":\"https:\\\/\\\/secure.gravatar.com\\\/avatar\\\/b062046536b5d47ec9075956ec349ef95ed06b0f910c578f74abb318668b702e?s=96&d=mm&r=g\",\"contentUrl\":\"https:\\\/\\\/secure.gravatar.com\\\/avatar\\\/b062046536b5d47ec9075956ec349ef95ed06b0f910c578f74abb318668b702e?s=96&d=mm&r=g\",\"caption\":\"Michele\"},\"sameAs\":[\"https:\\\/\\\/www.festivox.fr\\\/blog\"],\"url\":\"https:\\\/\\\/www.festivox.fr\\\/blog\\\/author\\\/voxadmin\\\/\"}]}<\/script>\n<!-- \/ Yoast SEO plugin. -->","yoast_head_json":{"title":"Joe Bonamassa, Norah Jones et Pat Metheny : trois couleurs musicales du festival Jazz \u00e0 Vienne - FESTIVOX","robots":{"index":"index","follow":"follow","max-snippet":"max-snippet:-1","max-image-preview":"max-image-preview:large","max-video-preview":"max-video-preview:-1"},"canonical":"https:\/\/www.festivox.fr\/blog\/joe-bonamassa-norah-jones-et-pat-metheny-trois-couleurs-musicales-du-festival-jazz-a-vienne\/","og_locale":"fr_FR","og_type":"article","og_title":"Joe Bonamassa, Norah Jones et Pat Metheny : trois couleurs musicales du festival Jazz \u00e0 Vienne - FESTIVOX","og_description":"Pour ses derniers jours, le festival Jazz \u00e0 Vienne a re\u00e7u trois artistes aux univers musicaux bien diff\u00e9rents. Retour sur trois concerts de ce rendez-vous incontournable qui se cl\u00f4t ce jeudi soir. Les concerts de Jazz \u00e0 Vienne se suivent mais ne se ressemblent pas. Des ambiances bien diff\u00e9rentes sur ces trois soir\u00e9es avant la&hellip;","og_url":"https:\/\/www.festivox.fr\/blog\/joe-bonamassa-norah-jones-et-pat-metheny-trois-couleurs-musicales-du-festival-jazz-a-vienne\/","og_site_name":"FESTIVOX","article_published_time":"2023-07-13T13:03:00+00:00","og_image":[{"url":"https:\/\/www.festivox.fr\/blog\/wp-content\/uploads\/2023\/08\/joe-bonamassa-norah-jones-et-pat-metheny-trois-couleurs-musicales-du-festival-jazz-a-vienne.jpg","type":"","width":"","height":""}],"author":"Michele","twitter_card":"summary_large_image","twitter_misc":{"\u00c9crit par":"Michele","Dur\u00e9e de lecture estim\u00e9e":"7 minutes"},"schema":{"@context":"https:\/\/schema.org","@graph":[{"@type":"Article","@id":"https:\/\/www.festivox.fr\/blog\/joe-bonamassa-norah-jones-et-pat-metheny-trois-couleurs-musicales-du-festival-jazz-a-vienne\/#article","isPartOf":{"@id":"https:\/\/www.festivox.fr\/blog\/joe-bonamassa-norah-jones-et-pat-metheny-trois-couleurs-musicales-du-festival-jazz-a-vienne\/"},"author":{"name":"Michele","@id":"https:\/\/www.festivox.fr\/blog\/#\/schema\/person\/f36a8b6bc94800c3eafed4bca993ce95"},"headline":"Joe Bonamassa, Norah Jones et Pat Metheny : trois couleurs musicales du festival Jazz \u00e0 Vienne","datePublished":"2023-07-13T13:03:00+00:00","mainEntityOfPage":{"@id":"https:\/\/www.festivox.fr\/blog\/joe-bonamassa-norah-jones-et-pat-metheny-trois-couleurs-musicales-du-festival-jazz-a-vienne\/"},"wordCount":1475,"publisher":{"@id":"https:\/\/www.festivox.fr\/blog\/#organization"},"image":{"@id":"https:\/\/www.festivox.fr\/blog\/joe-bonamassa-norah-jones-et-pat-metheny-trois-couleurs-musicales-du-festival-jazz-a-vienne\/#primaryimage"},"thumbnailUrl":"https:\/\/www.festivox.fr\/blog\/wp-content\/uploads\/2023\/08\/joe-bonamassa-norah-jones-et-pat-metheny-trois-couleurs-musicales-du-festival-jazz-a-vienne.jpg","articleSection":["Wiki Sur Festival Jazz Et Musique En Mode Guinguette:"],"inLanguage":"fr-FR"},{"@type":"WebPage","@id":"https:\/\/www.festivox.fr\/blog\/joe-bonamassa-norah-jones-et-pat-metheny-trois-couleurs-musicales-du-festival-jazz-a-vienne\/","url":"https:\/\/www.festivox.fr\/blog\/joe-bonamassa-norah-jones-et-pat-metheny-trois-couleurs-musicales-du-festival-jazz-a-vienne\/","name":"Joe Bonamassa, Norah Jones et Pat Metheny : trois couleurs musicales du festival Jazz \u00e0 Vienne - FESTIVOX","isPartOf":{"@id":"https:\/\/www.festivox.fr\/blog\/#website"},"primaryImageOfPage":{"@id":"https:\/\/www.festivox.fr\/blog\/joe-bonamassa-norah-jones-et-pat-metheny-trois-couleurs-musicales-du-festival-jazz-a-vienne\/#primaryimage"},"image":{"@id":"https:\/\/www.festivox.fr\/blog\/joe-bonamassa-norah-jones-et-pat-metheny-trois-couleurs-musicales-du-festival-jazz-a-vienne\/#primaryimage"},"thumbnailUrl":"https:\/\/www.festivox.fr\/blog\/wp-content\/uploads\/2023\/08\/joe-bonamassa-norah-jones-et-pat-metheny-trois-couleurs-musicales-du-festival-jazz-a-vienne.jpg","datePublished":"2023-07-13T13:03:00+00:00","breadcrumb":{"@id":"https:\/\/www.festivox.fr\/blog\/joe-bonamassa-norah-jones-et-pat-metheny-trois-couleurs-musicales-du-festival-jazz-a-vienne\/#breadcrumb"},"inLanguage":"fr-FR","potentialAction":[{"@type":"ReadAction","target":["https:\/\/www.festivox.fr\/blog\/joe-bonamassa-norah-jones-et-pat-metheny-trois-couleurs-musicales-du-festival-jazz-a-vienne\/"]}]},{"@type":"ImageObject","inLanguage":"fr-FR","@id":"https:\/\/www.festivox.fr\/blog\/joe-bonamassa-norah-jones-et-pat-metheny-trois-couleurs-musicales-du-festival-jazz-a-vienne\/#primaryimage","url":"https:\/\/www.festivox.fr\/blog\/wp-content\/uploads\/2023\/08\/joe-bonamassa-norah-jones-et-pat-metheny-trois-couleurs-musicales-du-festival-jazz-a-vienne.jpg","contentUrl":"https:\/\/www.festivox.fr\/blog\/wp-content\/uploads\/2023\/08\/joe-bonamassa-norah-jones-et-pat-metheny-trois-couleurs-musicales-du-festival-jazz-a-vienne.jpg","width":720,"height":480},{"@type":"BreadcrumbList","@id":"https:\/\/www.festivox.fr\/blog\/joe-bonamassa-norah-jones-et-pat-metheny-trois-couleurs-musicales-du-festival-jazz-a-vienne\/#breadcrumb","itemListElement":[{"@type":"ListItem","position":1,"name":"Accueil","item":"https:\/\/www.festivox.fr\/blog\/"},{"@type":"ListItem","position":2,"name":"Joe Bonamassa, Norah Jones et Pat Metheny : trois couleurs musicales du festival Jazz \u00e0 Vienne"}]},{"@type":"WebSite","@id":"https:\/\/www.festivox.fr\/blog\/#website","url":"https:\/\/www.festivox.fr\/blog\/","name":"FESTIVOX","description":"Festival en mode guinguette.","publisher":{"@id":"https:\/\/www.festivox.fr\/blog\/#organization"},"potentialAction":[{"@type":"SearchAction","target":{"@type":"EntryPoint","urlTemplate":"https:\/\/www.festivox.fr\/blog\/?s={search_term_string}"},"query-input":{"@type":"PropertyValueSpecification","valueRequired":true,"valueName":"search_term_string"}}],"inLanguage":"fr-FR"},{"@type":"Organization","@id":"https:\/\/www.festivox.fr\/blog\/#organization","name":"festivox","url":"https:\/\/www.festivox.fr\/blog\/","logo":{"@type":"ImageObject","inLanguage":"fr-FR","@id":"https:\/\/www.festivox.fr\/blog\/#\/schema\/logo\/image\/","url":"https:\/\/www.festivox.fr\/blog\/wp-content\/uploads\/2023\/06\/logo-2.png","contentUrl":"https:\/\/www.festivox.fr\/blog\/wp-content\/uploads\/2023\/06\/logo-2.png","width":480,"height":160,"caption":"festivox"},"image":{"@id":"https:\/\/www.festivox.fr\/blog\/#\/schema\/logo\/image\/"}},{"@type":"Person","@id":"https:\/\/www.festivox.fr\/blog\/#\/schema\/person\/f36a8b6bc94800c3eafed4bca993ce95","name":"Michele","image":{"@type":"ImageObject","inLanguage":"fr-FR","@id":"https:\/\/secure.gravatar.com\/avatar\/b062046536b5d47ec9075956ec349ef95ed06b0f910c578f74abb318668b702e?s=96&d=mm&r=g","url":"https:\/\/secure.gravatar.com\/avatar\/b062046536b5d47ec9075956ec349ef95ed06b0f910c578f74abb318668b702e?s=96&d=mm&r=g","contentUrl":"https:\/\/secure.gravatar.com\/avatar\/b062046536b5d47ec9075956ec349ef95ed06b0f910c578f74abb318668b702e?s=96&d=mm&r=g","caption":"Michele"},"sameAs":["https:\/\/www.festivox.fr\/blog"],"url":"https:\/\/www.festivox.fr\/blog\/author\/voxadmin\/"}]}},"_links":{"self":[{"href":"https:\/\/www.festivox.fr\/blog\/wp-json\/wp\/v2\/posts\/294","targetHints":{"allow":["GET"]}}],"collection":[{"href":"https:\/\/www.festivox.fr\/blog\/wp-json\/wp\/v2\/posts"}],"about":[{"href":"https:\/\/www.festivox.fr\/blog\/wp-json\/wp\/v2\/types\/post"}],"author":[{"embeddable":true,"href":"https:\/\/www.festivox.fr\/blog\/wp-json\/wp\/v2\/users\/1"}],"replies":[{"embeddable":true,"href":"https:\/\/www.festivox.fr\/blog\/wp-json\/wp\/v2\/comments?post=294"}],"version-history":[{"count":0,"href":"https:\/\/www.festivox.fr\/blog\/wp-json\/wp\/v2\/posts\/294\/revisions"}],"wp:featuredmedia":[{"embeddable":true,"href":"https:\/\/www.festivox.fr\/blog\/wp-json\/wp\/v2\/media\/295"}],"wp:attachment":[{"href":"https:\/\/www.festivox.fr\/blog\/wp-json\/wp\/v2\/media?parent=294"}],"wp:term":[{"taxonomy":"category","embeddable":true,"href":"https:\/\/www.festivox.fr\/blog\/wp-json\/wp\/v2\/categories?post=294"},{"taxonomy":"post_tag","embeddable":true,"href":"https:\/\/www.festivox.fr\/blog\/wp-json\/wp\/v2\/tags?post=294"}],"curies":[{"name":"wp","href":"https:\/\/api.w.org\/{rel}","templated":true}]}}