{"id":291,"date":"2023-07-29T03:51:00","date_gmt":"2023-07-29T01:51:00","guid":{"rendered":"https:\/\/www.festivox.fr\/blog\/la-londe-jazz-festival-4-jours-de-concerts-gratuits-100-jazz-a-la-londe-les-maures\/"},"modified":"2023-07-29T03:51:00","modified_gmt":"2023-07-29T01:51:00","slug":"la-londe-jazz-festival-4-jours-de-concerts-gratuits-100-jazz-a-la-londe-les-maures","status":"publish","type":"post","link":"https:\/\/www.festivox.fr\/blog\/la-londe-jazz-festival-4-jours-de-concerts-gratuits-100-jazz-a-la-londe-les-maures\/","title":{"rendered":"La Londe Jazz Festival : 4 jours de concerts gratuits 100% jazz \u00e0 La Londe-les-Maures"},"content":{"rendered":"\n<p class=\"article__intro\">Touristes et habitants l\u2019attendent avec impatience chaque ann\u00e9e et on les comprend. La Londe Jazz Festival c\u2019est un \u00e9v\u00e9nement complet entre d\u00e9couverte de la sc\u00e8ne jazz actuelle et mise en valeur du patrimoine Londais. Rendez-vous du 3 au 6 ao\u00fbt !<\/p>\n<p>Convivialit\u00e9 et partage sont certainement les adjectifs qui d\u00e9crivent le mieux ce <a href=\"https:\/\/www.lalondejazzfestival.com\/\" rel=\"noopener nofollow\" target=\"_blank\">festival<\/a> de jazz varois. Depuis 16 ans, <strong>des passionn\u00e9s de musique, fiers de leur terroir<\/strong>, s\u2019att\u00e8lent \u00e0 proposer un \u00e9v\u00e9nement riche et festif dans un cadre somptueux.[embedded content]<\/p>\n<p>Pendant quatre jours, <strong>les pins de la plage de l\u2019Argenti\u00e8re<\/strong> vont vibrer aux sons des cuivres&nbsp;! Sept heures de musique chaque soir \u00e0 partir de 19h entre ap\u00e9ro jazz, concerts sur la grande sc\u00e8ne et jam session. On vous d\u00e9taille tout.<\/p>\n<p>En d\u00e9but de soir\u00e9e, on se met dans l\u2019ambiance. Sous la pin\u00e8de et face \u00e0 la mer, seront propos\u00e9es des d\u00e9gustations de l\u2019ensemble des vins AOC-C\u00f4tes de Provence-La Londe.<\/p>\n<div class=\"article-image__container\">\n<figure aria-hidden=\"true\">   <img width=\"600\" height=\"400\" class=\"article-image lazy\" data-src=\"https:\/\/www.festivox.fr\/blog\/wp-content\/uploads\/2023\/08\/la-londe-jazz-festival-4-jours-de-concerts-gratuits-100-jazz-a-la-londe-les-maures.webp\" alt=\"En d\u00e9but de soir\u00e9e, petits et grand se rassemblent autour d'un verre et de petits plateaux 100% produits r\u00e9gionaux \u00e0 partager.\"><figcaption>\n<p> <span>En d\u00e9but de soir\u00e9e, petits et grand se rassemblent autour d&rsquo;un verre et de petits plateaux 100% produits r\u00e9gionaux \u00e0 partager.<\/span> <span class=\"separator\"> \u2022 <\/span> <span>\u00a9 DORIANA EXPLORES PHOTOGRAPHY<\/span> <\/p>\n<\/figcaption><\/figure>\n<\/div>\n<p>En effet, le Var, et notamment La Londe, disposent de nombreux vignobles. R\u00e9put\u00e9s pour leur qualit\u00e9 gr\u00e2ce leurs emplacements, entre terre et mer, les vins de C\u00f4tes-de-Provence La Londe, sont une fiert\u00e9 pour les vignerons et habitants du territoire. D\u00e9guster, mais aussi \u00e9couter&nbsp;! Lors de ces ap\u00e9ros-jazz, des artistes se produiront au milieu de l\u2019espace d\u00e9tente, entre chaises, tables et festivaliers.<\/p>\n<ul>\n<li>Jeudi 3 ao\u00fbt&nbsp;: <strong>Big Sud Orchestra<\/strong><\/li>\n<li>Vendredi 4 ao\u00fbt&nbsp;: <strong>Michael Steinman et les Angel City Players<\/strong><\/li>\n<li>Samedi 5 ao\u00fbt&nbsp;: <strong>Feugo Latino<\/strong><\/li>\n<li>Dimanche 6 ao\u00fbt&nbsp;: <strong>Jose Caparros Quartet<\/strong><\/li>\n<\/ul>\n<p>[embedded content]<\/p>\n<p>Artistes jazz de la sc\u00e8ne fran\u00e7aise ou internationale, ils viendront tous se produire sur la grande sc\u00e8ne au bord de l\u2019eau.<\/p>\n<p>En ouverture du <a href=\"https:\/\/www.lalondejazzfestival.com\/\" rel=\"noopener nofollow\" target=\"_blank\">festival<\/a>, le trio de voix f\u00e9minines <strong>Bloom <\/strong>et leurs musiciens, contrebassiste et batteur. Pour ce groupe, une organisation particuli\u00e8re o\u00f9 la voix a une place pr\u00e9pond\u00e9rante et particuli\u00e8re dans chacun des titres. Les deux instruments accompagnent en l\u00e9g\u00e8ret\u00e9 et en discr\u00e9tion pour une harmonie parfaite, entre rythme et d\u00e9licatesse.<\/p>\n<p>[embedded content]<\/p>\n<p>Vendredi 5 ao\u00fbt, <strong>Laurent Cugny 10tet<\/strong>&nbsp;! Le moins que l\u2019on puisse dire, c\u2019est que c\u2019est un travail collectif qui sera pr\u00e9sent\u00e9 ce soir-l\u00e0 \u00e0 <a href=\"https:\/\/www.lalondejazzfestival.com\/\" rel=\"noopener nofollow\" target=\"_blank\">La Londe Jazz Festival<\/a>. Laurent Cugny, grand pianiste de jazz, r\u00e9unit trois claviers \u00e9lectriques, guitare, contrebasse, deux batteries, trompette, saxophone, soprano et clarinette basse pour un tentet hors du commun. Entre compositions et reprises, l\u2019improvisation est la bienvenue.<\/p>\n<p>[embedded content]<\/p>\n<p>Duo de femmes pour le samedi 6 ao\u00fbt. <strong>Sarah Lenka invite Macha Gharibian<\/strong> pour une ode aux femmes artistes. La chanteuse \u00e0 la voix \u00e9raill\u00e9e et au style folk, pop et blues donne carte blanche \u00e0 la pianiste et chanteuse Macha Gaharibian.<\/p>\n<p>[embedded content]<\/p>\n<p>Cl\u00f4ture du festival en beaut\u00e9 avec <strong>Newen Afrobeat. <\/strong>Ce groupe d\u2019Am\u00e9rique latine promet une soir\u00e9e \u00e9nergique et dansante&nbsp;! Gr\u00e2ce \u00e0 leur style musical original entre musique latine, afrobeat et jazz et leurs tenues color\u00e9es, ils s\u2019imposent sur la sc\u00e8ne nationale et internationale.[embedded content]<\/p>\n<p>Pour les oiseaux de nuit, <a href=\"https:\/\/www.lalondejazzfestival.com\/\" rel=\"noopener nofollow\" target=\"_blank\">la Londe Jazz Festival<\/a> propose apr\u00e8s chaque concert des Jam Session d\u00e8s 23h15. \u00c0 l\u2019image des clubs de jazz pr\u00e9sents dans les m\u00e9tropoles du monde entier, le festival invite les spectateurs \u00e0 continuer les festivit\u00e9s dans la plus grande convivialit\u00e9.<\/p>\n<div class=\"article-image__container\">\n<figure aria-hidden=\"true\">   <img width=\"600\" height=\"400\" class=\"article-image lazy\" data-src=\"https:\/\/www.festivox.fr\/blog\/wp-content\/uploads\/2023\/08\/la-londe-jazz-festival-4-jours-de-concerts-gratuits-100-jazz-a-la-londe-les-maures-1.webp\" alt=\"Les Jam Session de la Londe Jazz Festival, le plus beau Jazz Club \u00e9ph\u00e9m\u00e8re de France !\"><figcaption>\n<p> <span>Les Jam Session de la Londe Jazz Festival, le plus beau Jazz Club \u00e9ph\u00e9m\u00e8re de France !<\/span> <span class=\"separator\"> \u2022 <\/span> <span>\u00a9 La Londe Jazz Festival<\/span> <\/p>\n<\/figcaption><\/figure>\n<\/div>\n<p>B\u0153ufs endiabl\u00e9s, rencontres inoubliables, des moments hors du temps toujours dans ce magnifique d\u00e9cor&nbsp;! Cette ann\u00e9e, les Jam Session seront anim\u00e9es par C\u00e9cile Messyasz Quartet.<\/p>\n<p><a href=\"https:\/\/www.lalondejazzfestival.com\/\" rel=\"noopener nofollow\" target=\"_blank\">La Londe Jazz Festival<\/a> signe cette ann\u00e9e encore un festival o\u00f9 la musique, le terroir et le patrimoine se marient \u00e0 la perfection. On a h\u00e2te d\u2019y \u00eatre&nbsp;!<\/p>\n<p><strong>La Londe Jazz Festival<\/strong><br \/>Du 3 au 6 ao\u00fbt<br \/>La Londe-les-Maure<br \/>Gratuit<br \/><a href=\"https:\/\/www.lalondejazzfestival.com\/\" rel=\"noopener nofollow\" target=\"_blank\">Toutes les infos<\/a><\/p>\n<p> Cet article, qui traite du th\u00e8me \u00ab\u00a0Festival Jazz et musique en mode guinguette\u00a0\u00bb, vous est d\u00e9lib\u00e9r\u00e9ment offert par festivox.fr. La raison d\u2019\u00eatre de festivox.fr est de parler de Festival Jazz et musique en mode guinguette dans la transparence la plus g\u00e9n\u00e9rale en vous procurant la visibilit\u00e9 de tout ce qui est publi\u00e9 sur ce sujet sur le web La chronique a \u00e9t\u00e9 g\u00e9n\u00e9r\u00e9e de la mani\u00e8re la plus honn\u00eate que possible. S\u2019il advenait que vous projetez d\u2019apporter quelques notes concernant le domaine de \u00ab\u00a0Festival Jazz et musique en mode guinguette\u00a0\u00bb vous avez la possibilit\u00e9 de d&rsquo;\u00e9changer avec notre r\u00e9daction. Dans peu de temps, on mettra en ligne d&rsquo;autres informations pertinentes autour du sujet \u00ab\u00a0Festival Jazz et musique en mode guinguette\u00a0\u00bb. Ainsi, consultez r\u00e9guli\u00e8rement notre site.<\/p>\n","protected":false},"excerpt":{"rendered":"<p>Touristes et habitants l\u2019attendent avec impatience chaque ann\u00e9e et on les comprend. La Londe Jazz Festival c\u2019est un \u00e9v\u00e9nement complet entre d\u00e9couverte de la sc\u00e8ne jazz actuelle et mise en valeur du patrimoine Londais. Rendez-vous du 3 au 6 ao\u00fbt ! Convivialit\u00e9 et partage sont certainement les adjectifs qui d\u00e9crivent le mieux ce festival de&hellip;<\/p>\n","protected":false},"author":1,"featured_media":292,"comment_status":"closed","ping_status":"closed","sticky":false,"template":"","format":"standard","meta":{"footnotes":""},"categories":[3],"tags":[],"class_list":["post-291","post","type-post","status-publish","format-standard","has-post-thumbnail","hentry","category-wiki-sur-festival-jazz-et-musique-en-mode-guinguette"],"yoast_head":"<!-- This site is optimized with the Yoast SEO plugin v27.5 - https:\/\/yoast.com\/product\/yoast-seo-wordpress\/ -->\n<title>La Londe Jazz Festival : 4 jours de concerts gratuits 100% jazz \u00e0 La Londe-les-Maures - FESTIVOX<\/title>\n<meta name=\"robots\" content=\"index, follow, max-snippet:-1, max-image-preview:large, max-video-preview:-1\" \/>\n<link rel=\"canonical\" href=\"https:\/\/www.festivox.fr\/blog\/la-londe-jazz-festival-4-jours-de-concerts-gratuits-100-jazz-a-la-londe-les-maures\/\" \/>\n<meta property=\"og:locale\" content=\"fr_FR\" \/>\n<meta property=\"og:type\" content=\"article\" \/>\n<meta property=\"og:title\" content=\"La Londe Jazz Festival : 4 jours de concerts gratuits 100% jazz \u00e0 La Londe-les-Maures - FESTIVOX\" \/>\n<meta property=\"og:description\" content=\"Touristes et habitants l\u2019attendent avec impatience chaque ann\u00e9e et on les comprend. La Londe Jazz Festival c\u2019est un \u00e9v\u00e9nement complet entre d\u00e9couverte de la sc\u00e8ne jazz actuelle et mise en valeur du patrimoine Londais. Rendez-vous du 3 au 6 ao\u00fbt ! Convivialit\u00e9 et partage sont certainement les adjectifs qui d\u00e9crivent le mieux ce festival de&hellip;\" \/>\n<meta property=\"og:url\" content=\"https:\/\/www.festivox.fr\/blog\/la-londe-jazz-festival-4-jours-de-concerts-gratuits-100-jazz-a-la-londe-les-maures\/\" \/>\n<meta property=\"og:site_name\" content=\"FESTIVOX\" \/>\n<meta property=\"article:published_time\" content=\"2023-07-29T01:51:00+00:00\" \/>\n<meta property=\"og:image\" content=\"https:\/\/www.festivox.fr\/blog\/wp-content\/uploads\/2023\/08\/la-londe-jazz-festival-4-jours-de-concerts-gratuits-100-jazz-a-la-londe-les-maures.webp\" \/>\n<meta name=\"author\" content=\"Michele\" \/>\n<meta name=\"twitter:card\" content=\"summary_large_image\" \/>\n<meta name=\"twitter:label1\" content=\"\u00c9crit par\" \/>\n\t<meta name=\"twitter:data1\" content=\"Michele\" \/>\n\t<meta name=\"twitter:label2\" content=\"Dur\u00e9e de lecture estim\u00e9e\" \/>\n\t<meta name=\"twitter:data2\" content=\"4 minutes\" \/>\n<script type=\"application\/ld+json\" class=\"yoast-schema-graph\">{\"@context\":\"https:\\\/\\\/schema.org\",\"@graph\":[{\"@type\":\"Article\",\"@id\":\"https:\\\/\\\/www.festivox.fr\\\/blog\\\/la-londe-jazz-festival-4-jours-de-concerts-gratuits-100-jazz-a-la-londe-les-maures\\\/#article\",\"isPartOf\":{\"@id\":\"https:\\\/\\\/www.festivox.fr\\\/blog\\\/la-londe-jazz-festival-4-jours-de-concerts-gratuits-100-jazz-a-la-londe-les-maures\\\/\"},\"author\":{\"name\":\"Michele\",\"@id\":\"https:\\\/\\\/www.festivox.fr\\\/blog\\\/#\\\/schema\\\/person\\\/f36a8b6bc94800c3eafed4bca993ce95\"},\"headline\":\"La Londe Jazz Festival : 4 jours de concerts gratuits 100% jazz \u00e0 La Londe-les-Maures\",\"datePublished\":\"2023-07-29T01:51:00+00:00\",\"mainEntityOfPage\":{\"@id\":\"https:\\\/\\\/www.festivox.fr\\\/blog\\\/la-londe-jazz-festival-4-jours-de-concerts-gratuits-100-jazz-a-la-londe-les-maures\\\/\"},\"wordCount\":854,\"publisher\":{\"@id\":\"https:\\\/\\\/www.festivox.fr\\\/blog\\\/#organization\"},\"image\":{\"@id\":\"https:\\\/\\\/www.festivox.fr\\\/blog\\\/la-londe-jazz-festival-4-jours-de-concerts-gratuits-100-jazz-a-la-londe-les-maures\\\/#primaryimage\"},\"thumbnailUrl\":\"https:\\\/\\\/www.festivox.fr\\\/blog\\\/wp-content\\\/uploads\\\/2023\\\/08\\\/la-londe-jazz-festival-4-jours-de-concerts-gratuits-100-jazz-a-la-londe-les-maures.webp\",\"articleSection\":[\"Wiki Sur Festival Jazz Et Musique En Mode Guinguette:\"],\"inLanguage\":\"fr-FR\"},{\"@type\":\"WebPage\",\"@id\":\"https:\\\/\\\/www.festivox.fr\\\/blog\\\/la-londe-jazz-festival-4-jours-de-concerts-gratuits-100-jazz-a-la-londe-les-maures\\\/\",\"url\":\"https:\\\/\\\/www.festivox.fr\\\/blog\\\/la-londe-jazz-festival-4-jours-de-concerts-gratuits-100-jazz-a-la-londe-les-maures\\\/\",\"name\":\"La Londe Jazz Festival : 4 jours de concerts gratuits 100% jazz \u00e0 La Londe-les-Maures - FESTIVOX\",\"isPartOf\":{\"@id\":\"https:\\\/\\\/www.festivox.fr\\\/blog\\\/#website\"},\"primaryImageOfPage\":{\"@id\":\"https:\\\/\\\/www.festivox.fr\\\/blog\\\/la-londe-jazz-festival-4-jours-de-concerts-gratuits-100-jazz-a-la-londe-les-maures\\\/#primaryimage\"},\"image\":{\"@id\":\"https:\\\/\\\/www.festivox.fr\\\/blog\\\/la-londe-jazz-festival-4-jours-de-concerts-gratuits-100-jazz-a-la-londe-les-maures\\\/#primaryimage\"},\"thumbnailUrl\":\"https:\\\/\\\/www.festivox.fr\\\/blog\\\/wp-content\\\/uploads\\\/2023\\\/08\\\/la-londe-jazz-festival-4-jours-de-concerts-gratuits-100-jazz-a-la-londe-les-maures.webp\",\"datePublished\":\"2023-07-29T01:51:00+00:00\",\"breadcrumb\":{\"@id\":\"https:\\\/\\\/www.festivox.fr\\\/blog\\\/la-londe-jazz-festival-4-jours-de-concerts-gratuits-100-jazz-a-la-londe-les-maures\\\/#breadcrumb\"},\"inLanguage\":\"fr-FR\",\"potentialAction\":[{\"@type\":\"ReadAction\",\"target\":[\"https:\\\/\\\/www.festivox.fr\\\/blog\\\/la-londe-jazz-festival-4-jours-de-concerts-gratuits-100-jazz-a-la-londe-les-maures\\\/\"]}]},{\"@type\":\"ImageObject\",\"inLanguage\":\"fr-FR\",\"@id\":\"https:\\\/\\\/www.festivox.fr\\\/blog\\\/la-londe-jazz-festival-4-jours-de-concerts-gratuits-100-jazz-a-la-londe-les-maures\\\/#primaryimage\",\"url\":\"https:\\\/\\\/www.festivox.fr\\\/blog\\\/wp-content\\\/uploads\\\/2023\\\/08\\\/la-londe-jazz-festival-4-jours-de-concerts-gratuits-100-jazz-a-la-londe-les-maures.webp\",\"contentUrl\":\"https:\\\/\\\/www.festivox.fr\\\/blog\\\/wp-content\\\/uploads\\\/2023\\\/08\\\/la-londe-jazz-festival-4-jours-de-concerts-gratuits-100-jazz-a-la-londe-les-maures.webp\",\"width\":800,\"height\":450},{\"@type\":\"BreadcrumbList\",\"@id\":\"https:\\\/\\\/www.festivox.fr\\\/blog\\\/la-londe-jazz-festival-4-jours-de-concerts-gratuits-100-jazz-a-la-londe-les-maures\\\/#breadcrumb\",\"itemListElement\":[{\"@type\":\"ListItem\",\"position\":1,\"name\":\"Accueil\",\"item\":\"https:\\\/\\\/www.festivox.fr\\\/blog\\\/\"},{\"@type\":\"ListItem\",\"position\":2,\"name\":\"La Londe Jazz Festival : 4 jours de concerts gratuits 100% jazz \u00e0 La Londe-les-Maures\"}]},{\"@type\":\"WebSite\",\"@id\":\"https:\\\/\\\/www.festivox.fr\\\/blog\\\/#website\",\"url\":\"https:\\\/\\\/www.festivox.fr\\\/blog\\\/\",\"name\":\"FESTIVOX\",\"description\":\"Festival en mode guinguette.\",\"publisher\":{\"@id\":\"https:\\\/\\\/www.festivox.fr\\\/blog\\\/#organization\"},\"potentialAction\":[{\"@type\":\"SearchAction\",\"target\":{\"@type\":\"EntryPoint\",\"urlTemplate\":\"https:\\\/\\\/www.festivox.fr\\\/blog\\\/?s={search_term_string}\"},\"query-input\":{\"@type\":\"PropertyValueSpecification\",\"valueRequired\":true,\"valueName\":\"search_term_string\"}}],\"inLanguage\":\"fr-FR\"},{\"@type\":\"Organization\",\"@id\":\"https:\\\/\\\/www.festivox.fr\\\/blog\\\/#organization\",\"name\":\"festivox\",\"url\":\"https:\\\/\\\/www.festivox.fr\\\/blog\\\/\",\"logo\":{\"@type\":\"ImageObject\",\"inLanguage\":\"fr-FR\",\"@id\":\"https:\\\/\\\/www.festivox.fr\\\/blog\\\/#\\\/schema\\\/logo\\\/image\\\/\",\"url\":\"https:\\\/\\\/www.festivox.fr\\\/blog\\\/wp-content\\\/uploads\\\/2023\\\/06\\\/logo-2.png\",\"contentUrl\":\"https:\\\/\\\/www.festivox.fr\\\/blog\\\/wp-content\\\/uploads\\\/2023\\\/06\\\/logo-2.png\",\"width\":480,\"height\":160,\"caption\":\"festivox\"},\"image\":{\"@id\":\"https:\\\/\\\/www.festivox.fr\\\/blog\\\/#\\\/schema\\\/logo\\\/image\\\/\"}},{\"@type\":\"Person\",\"@id\":\"https:\\\/\\\/www.festivox.fr\\\/blog\\\/#\\\/schema\\\/person\\\/f36a8b6bc94800c3eafed4bca993ce95\",\"name\":\"Michele\",\"image\":{\"@type\":\"ImageObject\",\"inLanguage\":\"fr-FR\",\"@id\":\"https:\\\/\\\/secure.gravatar.com\\\/avatar\\\/b062046536b5d47ec9075956ec349ef95ed06b0f910c578f74abb318668b702e?s=96&d=mm&r=g\",\"url\":\"https:\\\/\\\/secure.gravatar.com\\\/avatar\\\/b062046536b5d47ec9075956ec349ef95ed06b0f910c578f74abb318668b702e?s=96&d=mm&r=g\",\"contentUrl\":\"https:\\\/\\\/secure.gravatar.com\\\/avatar\\\/b062046536b5d47ec9075956ec349ef95ed06b0f910c578f74abb318668b702e?s=96&d=mm&r=g\",\"caption\":\"Michele\"},\"sameAs\":[\"https:\\\/\\\/www.festivox.fr\\\/blog\"],\"url\":\"https:\\\/\\\/www.festivox.fr\\\/blog\\\/author\\\/voxadmin\\\/\"}]}<\/script>\n<!-- \/ Yoast SEO plugin. -->","yoast_head_json":{"title":"La Londe Jazz Festival : 4 jours de concerts gratuits 100% jazz \u00e0 La Londe-les-Maures - FESTIVOX","robots":{"index":"index","follow":"follow","max-snippet":"max-snippet:-1","max-image-preview":"max-image-preview:large","max-video-preview":"max-video-preview:-1"},"canonical":"https:\/\/www.festivox.fr\/blog\/la-londe-jazz-festival-4-jours-de-concerts-gratuits-100-jazz-a-la-londe-les-maures\/","og_locale":"fr_FR","og_type":"article","og_title":"La Londe Jazz Festival : 4 jours de concerts gratuits 100% jazz \u00e0 La Londe-les-Maures - FESTIVOX","og_description":"Touristes et habitants l\u2019attendent avec impatience chaque ann\u00e9e et on les comprend. La Londe Jazz Festival c\u2019est un \u00e9v\u00e9nement complet entre d\u00e9couverte de la sc\u00e8ne jazz actuelle et mise en valeur du patrimoine Londais. Rendez-vous du 3 au 6 ao\u00fbt ! Convivialit\u00e9 et partage sont certainement les adjectifs qui d\u00e9crivent le mieux ce festival de&hellip;","og_url":"https:\/\/www.festivox.fr\/blog\/la-londe-jazz-festival-4-jours-de-concerts-gratuits-100-jazz-a-la-londe-les-maures\/","og_site_name":"FESTIVOX","article_published_time":"2023-07-29T01:51:00+00:00","og_image":[{"url":"https:\/\/www.festivox.fr\/blog\/wp-content\/uploads\/2023\/08\/la-londe-jazz-festival-4-jours-de-concerts-gratuits-100-jazz-a-la-londe-les-maures.webp","type":"","width":"","height":""}],"author":"Michele","twitter_card":"summary_large_image","twitter_misc":{"\u00c9crit par":"Michele","Dur\u00e9e de lecture estim\u00e9e":"4 minutes"},"schema":{"@context":"https:\/\/schema.org","@graph":[{"@type":"Article","@id":"https:\/\/www.festivox.fr\/blog\/la-londe-jazz-festival-4-jours-de-concerts-gratuits-100-jazz-a-la-londe-les-maures\/#article","isPartOf":{"@id":"https:\/\/www.festivox.fr\/blog\/la-londe-jazz-festival-4-jours-de-concerts-gratuits-100-jazz-a-la-londe-les-maures\/"},"author":{"name":"Michele","@id":"https:\/\/www.festivox.fr\/blog\/#\/schema\/person\/f36a8b6bc94800c3eafed4bca993ce95"},"headline":"La Londe Jazz Festival : 4 jours de concerts gratuits 100% jazz \u00e0 La Londe-les-Maures","datePublished":"2023-07-29T01:51:00+00:00","mainEntityOfPage":{"@id":"https:\/\/www.festivox.fr\/blog\/la-londe-jazz-festival-4-jours-de-concerts-gratuits-100-jazz-a-la-londe-les-maures\/"},"wordCount":854,"publisher":{"@id":"https:\/\/www.festivox.fr\/blog\/#organization"},"image":{"@id":"https:\/\/www.festivox.fr\/blog\/la-londe-jazz-festival-4-jours-de-concerts-gratuits-100-jazz-a-la-londe-les-maures\/#primaryimage"},"thumbnailUrl":"https:\/\/www.festivox.fr\/blog\/wp-content\/uploads\/2023\/08\/la-londe-jazz-festival-4-jours-de-concerts-gratuits-100-jazz-a-la-londe-les-maures.webp","articleSection":["Wiki Sur Festival Jazz Et Musique En Mode Guinguette:"],"inLanguage":"fr-FR"},{"@type":"WebPage","@id":"https:\/\/www.festivox.fr\/blog\/la-londe-jazz-festival-4-jours-de-concerts-gratuits-100-jazz-a-la-londe-les-maures\/","url":"https:\/\/www.festivox.fr\/blog\/la-londe-jazz-festival-4-jours-de-concerts-gratuits-100-jazz-a-la-londe-les-maures\/","name":"La Londe Jazz Festival : 4 jours de concerts gratuits 100% jazz \u00e0 La Londe-les-Maures - FESTIVOX","isPartOf":{"@id":"https:\/\/www.festivox.fr\/blog\/#website"},"primaryImageOfPage":{"@id":"https:\/\/www.festivox.fr\/blog\/la-londe-jazz-festival-4-jours-de-concerts-gratuits-100-jazz-a-la-londe-les-maures\/#primaryimage"},"image":{"@id":"https:\/\/www.festivox.fr\/blog\/la-londe-jazz-festival-4-jours-de-concerts-gratuits-100-jazz-a-la-londe-les-maures\/#primaryimage"},"thumbnailUrl":"https:\/\/www.festivox.fr\/blog\/wp-content\/uploads\/2023\/08\/la-londe-jazz-festival-4-jours-de-concerts-gratuits-100-jazz-a-la-londe-les-maures.webp","datePublished":"2023-07-29T01:51:00+00:00","breadcrumb":{"@id":"https:\/\/www.festivox.fr\/blog\/la-londe-jazz-festival-4-jours-de-concerts-gratuits-100-jazz-a-la-londe-les-maures\/#breadcrumb"},"inLanguage":"fr-FR","potentialAction":[{"@type":"ReadAction","target":["https:\/\/www.festivox.fr\/blog\/la-londe-jazz-festival-4-jours-de-concerts-gratuits-100-jazz-a-la-londe-les-maures\/"]}]},{"@type":"ImageObject","inLanguage":"fr-FR","@id":"https:\/\/www.festivox.fr\/blog\/la-londe-jazz-festival-4-jours-de-concerts-gratuits-100-jazz-a-la-londe-les-maures\/#primaryimage","url":"https:\/\/www.festivox.fr\/blog\/wp-content\/uploads\/2023\/08\/la-londe-jazz-festival-4-jours-de-concerts-gratuits-100-jazz-a-la-londe-les-maures.webp","contentUrl":"https:\/\/www.festivox.fr\/blog\/wp-content\/uploads\/2023\/08\/la-londe-jazz-festival-4-jours-de-concerts-gratuits-100-jazz-a-la-londe-les-maures.webp","width":800,"height":450},{"@type":"BreadcrumbList","@id":"https:\/\/www.festivox.fr\/blog\/la-londe-jazz-festival-4-jours-de-concerts-gratuits-100-jazz-a-la-londe-les-maures\/#breadcrumb","itemListElement":[{"@type":"ListItem","position":1,"name":"Accueil","item":"https:\/\/www.festivox.fr\/blog\/"},{"@type":"ListItem","position":2,"name":"La Londe Jazz Festival : 4 jours de concerts gratuits 100% jazz \u00e0 La Londe-les-Maures"}]},{"@type":"WebSite","@id":"https:\/\/www.festivox.fr\/blog\/#website","url":"https:\/\/www.festivox.fr\/blog\/","name":"FESTIVOX","description":"Festival en mode guinguette.","publisher":{"@id":"https:\/\/www.festivox.fr\/blog\/#organization"},"potentialAction":[{"@type":"SearchAction","target":{"@type":"EntryPoint","urlTemplate":"https:\/\/www.festivox.fr\/blog\/?s={search_term_string}"},"query-input":{"@type":"PropertyValueSpecification","valueRequired":true,"valueName":"search_term_string"}}],"inLanguage":"fr-FR"},{"@type":"Organization","@id":"https:\/\/www.festivox.fr\/blog\/#organization","name":"festivox","url":"https:\/\/www.festivox.fr\/blog\/","logo":{"@type":"ImageObject","inLanguage":"fr-FR","@id":"https:\/\/www.festivox.fr\/blog\/#\/schema\/logo\/image\/","url":"https:\/\/www.festivox.fr\/blog\/wp-content\/uploads\/2023\/06\/logo-2.png","contentUrl":"https:\/\/www.festivox.fr\/blog\/wp-content\/uploads\/2023\/06\/logo-2.png","width":480,"height":160,"caption":"festivox"},"image":{"@id":"https:\/\/www.festivox.fr\/blog\/#\/schema\/logo\/image\/"}},{"@type":"Person","@id":"https:\/\/www.festivox.fr\/blog\/#\/schema\/person\/f36a8b6bc94800c3eafed4bca993ce95","name":"Michele","image":{"@type":"ImageObject","inLanguage":"fr-FR","@id":"https:\/\/secure.gravatar.com\/avatar\/b062046536b5d47ec9075956ec349ef95ed06b0f910c578f74abb318668b702e?s=96&d=mm&r=g","url":"https:\/\/secure.gravatar.com\/avatar\/b062046536b5d47ec9075956ec349ef95ed06b0f910c578f74abb318668b702e?s=96&d=mm&r=g","contentUrl":"https:\/\/secure.gravatar.com\/avatar\/b062046536b5d47ec9075956ec349ef95ed06b0f910c578f74abb318668b702e?s=96&d=mm&r=g","caption":"Michele"},"sameAs":["https:\/\/www.festivox.fr\/blog"],"url":"https:\/\/www.festivox.fr\/blog\/author\/voxadmin\/"}]}},"_links":{"self":[{"href":"https:\/\/www.festivox.fr\/blog\/wp-json\/wp\/v2\/posts\/291","targetHints":{"allow":["GET"]}}],"collection":[{"href":"https:\/\/www.festivox.fr\/blog\/wp-json\/wp\/v2\/posts"}],"about":[{"href":"https:\/\/www.festivox.fr\/blog\/wp-json\/wp\/v2\/types\/post"}],"author":[{"embeddable":true,"href":"https:\/\/www.festivox.fr\/blog\/wp-json\/wp\/v2\/users\/1"}],"replies":[{"embeddable":true,"href":"https:\/\/www.festivox.fr\/blog\/wp-json\/wp\/v2\/comments?post=291"}],"version-history":[{"count":0,"href":"https:\/\/www.festivox.fr\/blog\/wp-json\/wp\/v2\/posts\/291\/revisions"}],"wp:featuredmedia":[{"embeddable":true,"href":"https:\/\/www.festivox.fr\/blog\/wp-json\/wp\/v2\/media\/292"}],"wp:attachment":[{"href":"https:\/\/www.festivox.fr\/blog\/wp-json\/wp\/v2\/media?parent=291"}],"wp:term":[{"taxonomy":"category","embeddable":true,"href":"https:\/\/www.festivox.fr\/blog\/wp-json\/wp\/v2\/categories?post=291"},{"taxonomy":"post_tag","embeddable":true,"href":"https:\/\/www.festivox.fr\/blog\/wp-json\/wp\/v2\/tags?post=291"}],"curies":[{"name":"wp","href":"https:\/\/api.w.org\/{rel}","templated":true}]}}