{"id":281,"date":"2023-07-14T03:54:00","date_gmt":"2023-07-14T01:54:00","guid":{"rendered":"https:\/\/www.festivox.fr\/blog\/vos-pass-pour-le-dinant-jazz-festival-du-28-au-30-07\/"},"modified":"2023-07-14T03:54:00","modified_gmt":"2023-07-14T01:54:00","slug":"vos-pass-pour-le-dinant-jazz-festival-du-28-au-30-07","status":"publish","type":"post","link":"https:\/\/www.festivox.fr\/blog\/vos-pass-pour-le-dinant-jazz-festival-du-28-au-30-07\/","title":{"rendered":"Vos pass pour le Dinant Jazz Festival, du 28 au 30\/07"},"content":{"rendered":"\n<div><img decoding=\"async\" src=\"https:\/\/www.festivox.fr\/blog\/wp-content\/uploads\/2023\/07\/vos-pass-pour-le-dinant-jazz-festival-du-28-au-30-07.jpg\" class=\"ff-og-image-inserted\"><\/div>\n<div>\n<p><span><span><span><span><span><span>Pour sa 21i\u00e8me \u00e9dition le <a href=\"https:\/\/www.dinantjazz.com\/\" target=\"_blank\" rel=\"noopener nofollow\">Dinant Jazz Festival 2023<\/a> se d\u00e9roulera comme \u00e0 son habitude le denier week-end de juillet,&nbsp;<\/span><\/span><\/span><\/span><\/span><\/span><strong><span>du 28 au 30&nbsp;juillet<\/span><\/strong><span>.&nbsp;<\/span><span><span><span>La ville de Dinant aura l\u2019occasion de swinguer sur la note bleue avec sa dose de spontan\u00e9it\u00e9, d\u2019inattendu, d\u2019impr\u00e9vu et de surprise.&nbsp;<\/span>La programmation&nbsp;a \u00e9t\u00e9 pr\u00e9par\u00e9e avec <strong>Gr\u00e9goire Maret<\/strong>, <\/span><\/span><span>artiste mouscronnois expatri\u00e9 \u00e0 New-York et&nbsp;<\/span><span><span>parrain de cette \u00e9dition.&nbsp;<\/span><\/span><\/p>\n<p>Le festival belge revient donc pour sa 21e \u00e9dition avec une affiche aussi belge qu\u2019internationale: Fabrice Alleman, Eric Harland, Lizzy Wright, &#8230;&nbsp;C\u2019est le saxophoniste <strong>St\u00e9phane Mercier<\/strong>, fils de Jacques, qui ouvrira cette s\u00e9rie de concerts.<\/p>\n<p>\u25ba\u25baPlus d&rsquo;infos dans <a href=\"https:\/\/www.rtbf.be\/article\/21e-edition-du-dinant-jazz-festival-des-le-28-juillet-11226697\" target=\"_blank\" rel=\"noopener nofollow\">l&rsquo;article ici<\/a>.<\/p>\n<p><strong><span>Amateurs ou passionn\u00e9s de jazz, La Premi\u00e8re vous offre vos pass 3 jours pour ce festival.<\/span><\/strong><\/p>\n<p>Int\u00e9ress\u00e9 et libre ? Tentez votre chance de les remporter via le formulaire ci-dessous et en r\u00e9pondant \u00e0 la question<\/p>\n<\/div>\n<p> Cet article, qui traite du th\u00e8me \u00ab\u00a0Festival Jazz et musique en mode guinguette\u00a0\u00bb, vous est d\u00e9lib\u00e9r\u00e9ment offert par festivox.fr. La raison d\u2019\u00eatre de festivox.fr est de parler de Festival Jazz et musique en mode guinguette dans la transparence la plus g\u00e9n\u00e9rale en vous procurant la visibilit\u00e9 de tout ce qui est publi\u00e9 sur ce sujet sur le web La chronique a \u00e9t\u00e9 g\u00e9n\u00e9r\u00e9e de la mani\u00e8re la plus honn\u00eate que possible. S\u2019il advenait que vous projetez d\u2019apporter quelques notes concernant le domaine de \u00ab\u00a0Festival Jazz et musique en mode guinguette\u00a0\u00bb vous avez la possibilit\u00e9 de d&rsquo;\u00e9changer avec notre r\u00e9daction. Dans peu de temps, on mettra en ligne d&rsquo;autres informations pertinentes autour du sujet \u00ab\u00a0Festival Jazz et musique en mode guinguette\u00a0\u00bb. Ainsi, consultez r\u00e9guli\u00e8rement notre site.<\/p>\n","protected":false},"excerpt":{"rendered":"<p>Pour sa 21i\u00e8me \u00e9dition le Dinant Jazz Festival 2023 se d\u00e9roulera comme \u00e0 son habitude le denier week-end de juillet,&nbsp;du 28 au 30&nbsp;juillet.&nbsp;La ville de Dinant aura l\u2019occasion de swinguer sur la note bleue avec sa dose de spontan\u00e9it\u00e9, d\u2019inattendu, d\u2019impr\u00e9vu et de surprise.&nbsp;La programmation&nbsp;a \u00e9t\u00e9 pr\u00e9par\u00e9e avec Gr\u00e9goire Maret, artiste mouscronnois expatri\u00e9 \u00e0 New-York&hellip;<\/p>\n","protected":false},"author":1,"featured_media":282,"comment_status":"closed","ping_status":"closed","sticky":false,"template":"","format":"standard","meta":{"footnotes":""},"categories":[3],"tags":[],"class_list":["post-281","post","type-post","status-publish","format-standard","has-post-thumbnail","hentry","category-wiki-sur-festival-jazz-et-musique-en-mode-guinguette"],"yoast_head":"<!-- This site is optimized with the Yoast SEO plugin v27.5 - https:\/\/yoast.com\/product\/yoast-seo-wordpress\/ -->\n<title>Vos pass pour le Dinant Jazz Festival, du 28 au 30\/07 - FESTIVOX<\/title>\n<meta name=\"robots\" content=\"index, follow, max-snippet:-1, max-image-preview:large, max-video-preview:-1\" \/>\n<link rel=\"canonical\" href=\"https:\/\/www.festivox.fr\/blog\/vos-pass-pour-le-dinant-jazz-festival-du-28-au-30-07\/\" \/>\n<meta property=\"og:locale\" content=\"fr_FR\" \/>\n<meta property=\"og:type\" content=\"article\" \/>\n<meta property=\"og:title\" content=\"Vos pass pour le Dinant Jazz Festival, du 28 au 30\/07 - FESTIVOX\" \/>\n<meta property=\"og:description\" content=\"Pour sa 21i\u00e8me \u00e9dition le Dinant Jazz Festival 2023 se d\u00e9roulera comme \u00e0 son habitude le denier week-end de juillet,&nbsp;du 28 au 30&nbsp;juillet.&nbsp;La ville de Dinant aura l\u2019occasion de swinguer sur la note bleue avec sa dose de spontan\u00e9it\u00e9, d\u2019inattendu, d\u2019impr\u00e9vu et de surprise.&nbsp;La programmation&nbsp;a \u00e9t\u00e9 pr\u00e9par\u00e9e avec Gr\u00e9goire Maret, artiste mouscronnois expatri\u00e9 \u00e0 New-York&hellip;\" \/>\n<meta property=\"og:url\" content=\"https:\/\/www.festivox.fr\/blog\/vos-pass-pour-le-dinant-jazz-festival-du-28-au-30-07\/\" \/>\n<meta property=\"og:site_name\" content=\"FESTIVOX\" \/>\n<meta property=\"article:published_time\" content=\"2023-07-14T01:54:00+00:00\" \/>\n<meta property=\"og:image\" content=\"https:\/\/www.festivox.fr\/blog\/wp-content\/uploads\/2023\/07\/vos-pass-pour-le-dinant-jazz-festival-du-28-au-30-07.jpg\" \/>\n<meta name=\"author\" content=\"Michele\" \/>\n<meta name=\"twitter:card\" content=\"summary_large_image\" \/>\n<meta name=\"twitter:label1\" content=\"\u00c9crit par\" \/>\n\t<meta name=\"twitter:data1\" content=\"Michele\" \/>\n\t<meta name=\"twitter:label2\" content=\"Dur\u00e9e de lecture estim\u00e9e\" \/>\n\t<meta name=\"twitter:data2\" content=\"2 minutes\" \/>\n<script type=\"application\/ld+json\" class=\"yoast-schema-graph\">{\"@context\":\"https:\\\/\\\/schema.org\",\"@graph\":[{\"@type\":\"Article\",\"@id\":\"https:\\\/\\\/www.festivox.fr\\\/blog\\\/vos-pass-pour-le-dinant-jazz-festival-du-28-au-30-07\\\/#article\",\"isPartOf\":{\"@id\":\"https:\\\/\\\/www.festivox.fr\\\/blog\\\/vos-pass-pour-le-dinant-jazz-festival-du-28-au-30-07\\\/\"},\"author\":{\"name\":\"Michele\",\"@id\":\"https:\\\/\\\/www.festivox.fr\\\/blog\\\/#\\\/schema\\\/person\\\/f36a8b6bc94800c3eafed4bca993ce95\"},\"headline\":\"Vos pass pour le Dinant Jazz Festival, du 28 au 30\\\/07\",\"datePublished\":\"2023-07-14T01:54:00+00:00\",\"mainEntityOfPage\":{\"@id\":\"https:\\\/\\\/www.festivox.fr\\\/blog\\\/vos-pass-pour-le-dinant-jazz-festival-du-28-au-30-07\\\/\"},\"wordCount\":313,\"publisher\":{\"@id\":\"https:\\\/\\\/www.festivox.fr\\\/blog\\\/#organization\"},\"image\":{\"@id\":\"https:\\\/\\\/www.festivox.fr\\\/blog\\\/vos-pass-pour-le-dinant-jazz-festival-du-28-au-30-07\\\/#primaryimage\"},\"thumbnailUrl\":\"https:\\\/\\\/www.festivox.fr\\\/blog\\\/wp-content\\\/uploads\\\/2023\\\/07\\\/vos-pass-pour-le-dinant-jazz-festival-du-28-au-30-07.jpg\",\"articleSection\":[\"Wiki Sur Festival Jazz Et Musique En Mode Guinguette:\"],\"inLanguage\":\"fr-FR\"},{\"@type\":\"WebPage\",\"@id\":\"https:\\\/\\\/www.festivox.fr\\\/blog\\\/vos-pass-pour-le-dinant-jazz-festival-du-28-au-30-07\\\/\",\"url\":\"https:\\\/\\\/www.festivox.fr\\\/blog\\\/vos-pass-pour-le-dinant-jazz-festival-du-28-au-30-07\\\/\",\"name\":\"Vos pass pour le Dinant Jazz Festival, du 28 au 30\\\/07 - FESTIVOX\",\"isPartOf\":{\"@id\":\"https:\\\/\\\/www.festivox.fr\\\/blog\\\/#website\"},\"primaryImageOfPage\":{\"@id\":\"https:\\\/\\\/www.festivox.fr\\\/blog\\\/vos-pass-pour-le-dinant-jazz-festival-du-28-au-30-07\\\/#primaryimage\"},\"image\":{\"@id\":\"https:\\\/\\\/www.festivox.fr\\\/blog\\\/vos-pass-pour-le-dinant-jazz-festival-du-28-au-30-07\\\/#primaryimage\"},\"thumbnailUrl\":\"https:\\\/\\\/www.festivox.fr\\\/blog\\\/wp-content\\\/uploads\\\/2023\\\/07\\\/vos-pass-pour-le-dinant-jazz-festival-du-28-au-30-07.jpg\",\"datePublished\":\"2023-07-14T01:54:00+00:00\",\"breadcrumb\":{\"@id\":\"https:\\\/\\\/www.festivox.fr\\\/blog\\\/vos-pass-pour-le-dinant-jazz-festival-du-28-au-30-07\\\/#breadcrumb\"},\"inLanguage\":\"fr-FR\",\"potentialAction\":[{\"@type\":\"ReadAction\",\"target\":[\"https:\\\/\\\/www.festivox.fr\\\/blog\\\/vos-pass-pour-le-dinant-jazz-festival-du-28-au-30-07\\\/\"]}]},{\"@type\":\"ImageObject\",\"inLanguage\":\"fr-FR\",\"@id\":\"https:\\\/\\\/www.festivox.fr\\\/blog\\\/vos-pass-pour-le-dinant-jazz-festival-du-28-au-30-07\\\/#primaryimage\",\"url\":\"https:\\\/\\\/www.festivox.fr\\\/blog\\\/wp-content\\\/uploads\\\/2023\\\/07\\\/vos-pass-pour-le-dinant-jazz-festival-du-28-au-30-07.jpg\",\"contentUrl\":\"https:\\\/\\\/www.festivox.fr\\\/blog\\\/wp-content\\\/uploads\\\/2023\\\/07\\\/vos-pass-pour-le-dinant-jazz-festival-du-28-au-30-07.jpg\",\"width\":1920,\"height\":1080},{\"@type\":\"BreadcrumbList\",\"@id\":\"https:\\\/\\\/www.festivox.fr\\\/blog\\\/vos-pass-pour-le-dinant-jazz-festival-du-28-au-30-07\\\/#breadcrumb\",\"itemListElement\":[{\"@type\":\"ListItem\",\"position\":1,\"name\":\"Accueil\",\"item\":\"https:\\\/\\\/www.festivox.fr\\\/blog\\\/\"},{\"@type\":\"ListItem\",\"position\":2,\"name\":\"Vos pass pour le Dinant Jazz Festival, du 28 au 30\\\/07\"}]},{\"@type\":\"WebSite\",\"@id\":\"https:\\\/\\\/www.festivox.fr\\\/blog\\\/#website\",\"url\":\"https:\\\/\\\/www.festivox.fr\\\/blog\\\/\",\"name\":\"FESTIVOX\",\"description\":\"Festival en mode guinguette.\",\"publisher\":{\"@id\":\"https:\\\/\\\/www.festivox.fr\\\/blog\\\/#organization\"},\"potentialAction\":[{\"@type\":\"SearchAction\",\"target\":{\"@type\":\"EntryPoint\",\"urlTemplate\":\"https:\\\/\\\/www.festivox.fr\\\/blog\\\/?s={search_term_string}\"},\"query-input\":{\"@type\":\"PropertyValueSpecification\",\"valueRequired\":true,\"valueName\":\"search_term_string\"}}],\"inLanguage\":\"fr-FR\"},{\"@type\":\"Organization\",\"@id\":\"https:\\\/\\\/www.festivox.fr\\\/blog\\\/#organization\",\"name\":\"festivox\",\"url\":\"https:\\\/\\\/www.festivox.fr\\\/blog\\\/\",\"logo\":{\"@type\":\"ImageObject\",\"inLanguage\":\"fr-FR\",\"@id\":\"https:\\\/\\\/www.festivox.fr\\\/blog\\\/#\\\/schema\\\/logo\\\/image\\\/\",\"url\":\"https:\\\/\\\/www.festivox.fr\\\/blog\\\/wp-content\\\/uploads\\\/2023\\\/06\\\/logo-2.png\",\"contentUrl\":\"https:\\\/\\\/www.festivox.fr\\\/blog\\\/wp-content\\\/uploads\\\/2023\\\/06\\\/logo-2.png\",\"width\":480,\"height\":160,\"caption\":\"festivox\"},\"image\":{\"@id\":\"https:\\\/\\\/www.festivox.fr\\\/blog\\\/#\\\/schema\\\/logo\\\/image\\\/\"}},{\"@type\":\"Person\",\"@id\":\"https:\\\/\\\/www.festivox.fr\\\/blog\\\/#\\\/schema\\\/person\\\/f36a8b6bc94800c3eafed4bca993ce95\",\"name\":\"Michele\",\"image\":{\"@type\":\"ImageObject\",\"inLanguage\":\"fr-FR\",\"@id\":\"https:\\\/\\\/secure.gravatar.com\\\/avatar\\\/b062046536b5d47ec9075956ec349ef95ed06b0f910c578f74abb318668b702e?s=96&d=mm&r=g\",\"url\":\"https:\\\/\\\/secure.gravatar.com\\\/avatar\\\/b062046536b5d47ec9075956ec349ef95ed06b0f910c578f74abb318668b702e?s=96&d=mm&r=g\",\"contentUrl\":\"https:\\\/\\\/secure.gravatar.com\\\/avatar\\\/b062046536b5d47ec9075956ec349ef95ed06b0f910c578f74abb318668b702e?s=96&d=mm&r=g\",\"caption\":\"Michele\"},\"sameAs\":[\"https:\\\/\\\/www.festivox.fr\\\/blog\"],\"url\":\"https:\\\/\\\/www.festivox.fr\\\/blog\\\/author\\\/voxadmin\\\/\"}]}<\/script>\n<!-- \/ Yoast SEO plugin. -->","yoast_head_json":{"title":"Vos pass pour le Dinant Jazz Festival, du 28 au 30\/07 - FESTIVOX","robots":{"index":"index","follow":"follow","max-snippet":"max-snippet:-1","max-image-preview":"max-image-preview:large","max-video-preview":"max-video-preview:-1"},"canonical":"https:\/\/www.festivox.fr\/blog\/vos-pass-pour-le-dinant-jazz-festival-du-28-au-30-07\/","og_locale":"fr_FR","og_type":"article","og_title":"Vos pass pour le Dinant Jazz Festival, du 28 au 30\/07 - FESTIVOX","og_description":"Pour sa 21i\u00e8me \u00e9dition le Dinant Jazz Festival 2023 se d\u00e9roulera comme \u00e0 son habitude le denier week-end de juillet,&nbsp;du 28 au 30&nbsp;juillet.&nbsp;La ville de Dinant aura l\u2019occasion de swinguer sur la note bleue avec sa dose de spontan\u00e9it\u00e9, d\u2019inattendu, d\u2019impr\u00e9vu et de surprise.&nbsp;La programmation&nbsp;a \u00e9t\u00e9 pr\u00e9par\u00e9e avec Gr\u00e9goire Maret, artiste mouscronnois expatri\u00e9 \u00e0 New-York&hellip;","og_url":"https:\/\/www.festivox.fr\/blog\/vos-pass-pour-le-dinant-jazz-festival-du-28-au-30-07\/","og_site_name":"FESTIVOX","article_published_time":"2023-07-14T01:54:00+00:00","og_image":[{"url":"https:\/\/www.festivox.fr\/blog\/wp-content\/uploads\/2023\/07\/vos-pass-pour-le-dinant-jazz-festival-du-28-au-30-07.jpg","type":"","width":"","height":""}],"author":"Michele","twitter_card":"summary_large_image","twitter_misc":{"\u00c9crit par":"Michele","Dur\u00e9e de lecture estim\u00e9e":"2 minutes"},"schema":{"@context":"https:\/\/schema.org","@graph":[{"@type":"Article","@id":"https:\/\/www.festivox.fr\/blog\/vos-pass-pour-le-dinant-jazz-festival-du-28-au-30-07\/#article","isPartOf":{"@id":"https:\/\/www.festivox.fr\/blog\/vos-pass-pour-le-dinant-jazz-festival-du-28-au-30-07\/"},"author":{"name":"Michele","@id":"https:\/\/www.festivox.fr\/blog\/#\/schema\/person\/f36a8b6bc94800c3eafed4bca993ce95"},"headline":"Vos pass pour le Dinant Jazz Festival, du 28 au 30\/07","datePublished":"2023-07-14T01:54:00+00:00","mainEntityOfPage":{"@id":"https:\/\/www.festivox.fr\/blog\/vos-pass-pour-le-dinant-jazz-festival-du-28-au-30-07\/"},"wordCount":313,"publisher":{"@id":"https:\/\/www.festivox.fr\/blog\/#organization"},"image":{"@id":"https:\/\/www.festivox.fr\/blog\/vos-pass-pour-le-dinant-jazz-festival-du-28-au-30-07\/#primaryimage"},"thumbnailUrl":"https:\/\/www.festivox.fr\/blog\/wp-content\/uploads\/2023\/07\/vos-pass-pour-le-dinant-jazz-festival-du-28-au-30-07.jpg","articleSection":["Wiki Sur Festival Jazz Et Musique En Mode Guinguette:"],"inLanguage":"fr-FR"},{"@type":"WebPage","@id":"https:\/\/www.festivox.fr\/blog\/vos-pass-pour-le-dinant-jazz-festival-du-28-au-30-07\/","url":"https:\/\/www.festivox.fr\/blog\/vos-pass-pour-le-dinant-jazz-festival-du-28-au-30-07\/","name":"Vos pass pour le Dinant Jazz Festival, du 28 au 30\/07 - FESTIVOX","isPartOf":{"@id":"https:\/\/www.festivox.fr\/blog\/#website"},"primaryImageOfPage":{"@id":"https:\/\/www.festivox.fr\/blog\/vos-pass-pour-le-dinant-jazz-festival-du-28-au-30-07\/#primaryimage"},"image":{"@id":"https:\/\/www.festivox.fr\/blog\/vos-pass-pour-le-dinant-jazz-festival-du-28-au-30-07\/#primaryimage"},"thumbnailUrl":"https:\/\/www.festivox.fr\/blog\/wp-content\/uploads\/2023\/07\/vos-pass-pour-le-dinant-jazz-festival-du-28-au-30-07.jpg","datePublished":"2023-07-14T01:54:00+00:00","breadcrumb":{"@id":"https:\/\/www.festivox.fr\/blog\/vos-pass-pour-le-dinant-jazz-festival-du-28-au-30-07\/#breadcrumb"},"inLanguage":"fr-FR","potentialAction":[{"@type":"ReadAction","target":["https:\/\/www.festivox.fr\/blog\/vos-pass-pour-le-dinant-jazz-festival-du-28-au-30-07\/"]}]},{"@type":"ImageObject","inLanguage":"fr-FR","@id":"https:\/\/www.festivox.fr\/blog\/vos-pass-pour-le-dinant-jazz-festival-du-28-au-30-07\/#primaryimage","url":"https:\/\/www.festivox.fr\/blog\/wp-content\/uploads\/2023\/07\/vos-pass-pour-le-dinant-jazz-festival-du-28-au-30-07.jpg","contentUrl":"https:\/\/www.festivox.fr\/blog\/wp-content\/uploads\/2023\/07\/vos-pass-pour-le-dinant-jazz-festival-du-28-au-30-07.jpg","width":1920,"height":1080},{"@type":"BreadcrumbList","@id":"https:\/\/www.festivox.fr\/blog\/vos-pass-pour-le-dinant-jazz-festival-du-28-au-30-07\/#breadcrumb","itemListElement":[{"@type":"ListItem","position":1,"name":"Accueil","item":"https:\/\/www.festivox.fr\/blog\/"},{"@type":"ListItem","position":2,"name":"Vos pass pour le Dinant Jazz Festival, du 28 au 30\/07"}]},{"@type":"WebSite","@id":"https:\/\/www.festivox.fr\/blog\/#website","url":"https:\/\/www.festivox.fr\/blog\/","name":"FESTIVOX","description":"Festival en mode guinguette.","publisher":{"@id":"https:\/\/www.festivox.fr\/blog\/#organization"},"potentialAction":[{"@type":"SearchAction","target":{"@type":"EntryPoint","urlTemplate":"https:\/\/www.festivox.fr\/blog\/?s={search_term_string}"},"query-input":{"@type":"PropertyValueSpecification","valueRequired":true,"valueName":"search_term_string"}}],"inLanguage":"fr-FR"},{"@type":"Organization","@id":"https:\/\/www.festivox.fr\/blog\/#organization","name":"festivox","url":"https:\/\/www.festivox.fr\/blog\/","logo":{"@type":"ImageObject","inLanguage":"fr-FR","@id":"https:\/\/www.festivox.fr\/blog\/#\/schema\/logo\/image\/","url":"https:\/\/www.festivox.fr\/blog\/wp-content\/uploads\/2023\/06\/logo-2.png","contentUrl":"https:\/\/www.festivox.fr\/blog\/wp-content\/uploads\/2023\/06\/logo-2.png","width":480,"height":160,"caption":"festivox"},"image":{"@id":"https:\/\/www.festivox.fr\/blog\/#\/schema\/logo\/image\/"}},{"@type":"Person","@id":"https:\/\/www.festivox.fr\/blog\/#\/schema\/person\/f36a8b6bc94800c3eafed4bca993ce95","name":"Michele","image":{"@type":"ImageObject","inLanguage":"fr-FR","@id":"https:\/\/secure.gravatar.com\/avatar\/b062046536b5d47ec9075956ec349ef95ed06b0f910c578f74abb318668b702e?s=96&d=mm&r=g","url":"https:\/\/secure.gravatar.com\/avatar\/b062046536b5d47ec9075956ec349ef95ed06b0f910c578f74abb318668b702e?s=96&d=mm&r=g","contentUrl":"https:\/\/secure.gravatar.com\/avatar\/b062046536b5d47ec9075956ec349ef95ed06b0f910c578f74abb318668b702e?s=96&d=mm&r=g","caption":"Michele"},"sameAs":["https:\/\/www.festivox.fr\/blog"],"url":"https:\/\/www.festivox.fr\/blog\/author\/voxadmin\/"}]}},"_links":{"self":[{"href":"https:\/\/www.festivox.fr\/blog\/wp-json\/wp\/v2\/posts\/281","targetHints":{"allow":["GET"]}}],"collection":[{"href":"https:\/\/www.festivox.fr\/blog\/wp-json\/wp\/v2\/posts"}],"about":[{"href":"https:\/\/www.festivox.fr\/blog\/wp-json\/wp\/v2\/types\/post"}],"author":[{"embeddable":true,"href":"https:\/\/www.festivox.fr\/blog\/wp-json\/wp\/v2\/users\/1"}],"replies":[{"embeddable":true,"href":"https:\/\/www.festivox.fr\/blog\/wp-json\/wp\/v2\/comments?post=281"}],"version-history":[{"count":0,"href":"https:\/\/www.festivox.fr\/blog\/wp-json\/wp\/v2\/posts\/281\/revisions"}],"wp:featuredmedia":[{"embeddable":true,"href":"https:\/\/www.festivox.fr\/blog\/wp-json\/wp\/v2\/media\/282"}],"wp:attachment":[{"href":"https:\/\/www.festivox.fr\/blog\/wp-json\/wp\/v2\/media?parent=281"}],"wp:term":[{"taxonomy":"category","embeddable":true,"href":"https:\/\/www.festivox.fr\/blog\/wp-json\/wp\/v2\/categories?post=281"},{"taxonomy":"post_tag","embeddable":true,"href":"https:\/\/www.festivox.fr\/blog\/wp-json\/wp\/v2\/tags?post=281"}],"curies":[{"name":"wp","href":"https:\/\/api.w.org\/{rel}","templated":true}]}}