{"id":275,"date":"2023-07-21T02:59:00","date_gmt":"2023-07-21T00:59:00","guid":{"rendered":"https:\/\/www.festivox.fr\/blog\/jazz-in-marciac-une-inauguration-au-coeur-des-arenes-de-la-bastide-gersoise\/"},"modified":"2023-07-21T02:59:00","modified_gmt":"2023-07-21T00:59:00","slug":"jazz-in-marciac-une-inauguration-au-coeur-des-arenes-de-la-bastide-gersoise","status":"publish","type":"post","link":"https:\/\/www.festivox.fr\/blog\/jazz-in-marciac-une-inauguration-au-coeur-des-arenes-de-la-bastide-gersoise\/","title":{"rendered":"Jazz in Marciac : une inauguration au c\u0153ur des ar\u00e8nes de la bastide gersoise"},"content":{"rendered":"\n<p> <span class=\"article-full__chapo-label hide-on-small-only\">l&rsquo;essentiel<\/span> La 45e \u00e9dition de Jazz in Marciac a officiellement \u00e9t\u00e9 inaugur\u00e9e ce jeudi 20 juillet au c\u0153ur des ar\u00e8nes de Marciac. <\/p>\n<div>\n<p>Les premi\u00e8res notes de jazz ont r\u00e9sonn\u00e9 depuis la fin de matin\u00e9e, mais la 45e \u00e9dition de <a href=\"https:\/\/www.ladepeche.fr\/culture-et-loisirs\/fetes-et-festivals\/jazz-in-marciac-32\/\" target=\"_blank\" rel=\"noopener nofollow\">Jazz in Marciac<\/a> a officiellement \u00e9t\u00e9 inaugur\u00e9e ce jeudi 20 juillet, en fin d\u2019apr\u00e8s-midi, au c\u0153ur des ar\u00e8nes de la bastide. La c\u00e9r\u00e9monie, \u00e0 laquelle \u00e9taient invit\u00e9s \u00e9lus locaux, repr\u00e9sentants de l\u2019\u00c9ducation nationale et associations, a lanc\u00e9 le festival, plac\u00e9 cette ann\u00e9e sous le signe de la libert\u00e9. \u00ab\u00a0Nous f\u00eatons en 2023 nos noces de vermeil\u00a0\u00bb, a rappel\u00e9 Jean-Louis Guilhaumon, pr\u00e9sident de JIM. \u00ab\u00a0Cet anniversaire poursuit la volont\u00e9 du festival d\u2019inclure et de s\u2019ouvrir \u00e0 diff\u00e9rents horizons\u00a0\u00bb.<\/p>\n<p><!-- Pub DFP Position [outstream] --> <\/p>\n<p class=\"std-elt__inline\"> <strong>A lire aussi :<\/strong> <a href=\"https:\/\/www.ladepeche.fr\/2023\/07\/21\/jazz-in-marciac-mc-solaar-son-rap-et-son-attitude-de-jazzman-pour-la-premiere-de-jim-11353437.php\" target=\"_blank\" rel=\"nofollow\">VIDEO. Jazz in Marciac : MC Solaar, son rap et son \u00ab\u00a0attitude de jazzman\u00a0\u00bb, pour la premi\u00e8re de JIM<\/a> <\/p>\n<p><!-- Pub DFP Position [article] --> <\/p>\n<p>Le festival inspire d\u2019ailleurs au-del\u00e0 des fronti\u00e8res de la France m\u00e9tropolitaine. Un jumelage est en effet en cours de cr\u00e9ation entre Marciac et la ville du Port, \u00e0 la R\u00e9union. \u00ab\u00a0Nous avons cet amour pour le jazz et la culture en commun, a assur\u00e9 son maire, Olivier Hoarau. Nous souhaitons cr\u00e9er un festival en 2024 afin d\u2019\u00e9crire, ensemble, une belle partition l\u2019ann\u00e9e prochaine\u00a0\u00bb.<\/p>\n<div class=\"center-align\">\n<figure class=\"std-img\" data-src=\"https:\/\/images.ladepeche.fr\/api\/v1\/images\/view\/64b99ad19d95a86c4c05d579\/original\/image.jpg?v=1\"> <img class=\"std-img__img responsive-img\" data-src=\"https:\/\/www.festivox.fr\/blog\/wp-content\/uploads\/2023\/07\/jazz-in-marciac-une-inauguration-au-coeur-des-arenes-de-la-bastide-gersoise.jpg\" alt=\"La pr\u00e9sidente de r\u00e9gion, Carole Delga, \u00e9tait pr\u00e9sente \u00e0 l'inauguration.\"><figcaption class=\"article-full__media-infos\"> La pr\u00e9sidente de r\u00e9gion, Carole Delga, \u00e9tait pr\u00e9sente \u00e0 l&rsquo;inauguration. <span class=\"article-full__media-author\">Photo DDM &#8211; Nedir Debbiche<\/span> <\/figcaption><\/figure>\n<\/div>\n<p>Autres nouveaut\u00e9s cette ann\u00e9e\u2005: les partenariats avec la Louisiane et Sud de France. L\u2019inauguration s\u2019est d\u2019ailleurs prolong\u00e9e autour d\u2019un ap\u00e9ritif constitu\u00e9 des produits de la r\u00e9gion. Une collaboration qui offre ainsi l\u2019occasion, selon Carole Delga, pr\u00e9sidente de la r\u00e9gion Occitanie, de \u00ab\u00a0renforcer le symbole de la qualit\u00e9 de vie pour mettre en avant la qualit\u00e9 des produits d\u2019Occitanie\u00a0\u00bb.<\/p>\n<p class=\"std-elt__inline\"> <strong>A lire aussi :<\/strong> <a href=\"https:\/\/www.ladepeche.fr\/2023\/07\/19\/jazz-in-marciac-la-45e-edition-du-festival-gersois-decline-toutes-les-facettes-du-jazz-a-partir-de-ce-jeudi-20-juillet-11348539.php\" target=\"_blank\" rel=\"nofollow\">Jazz in Marciac : la 45e \u00e9dition du festival gersois d\u00e9cline toutes les facettes du jazz \u00e0 partir de ce jeudi 20 juillet<\/a> <\/p>\n<p>En 2022, ce sont plus de 260\u2005000 personnes qui ont visit\u00e9 le festival. Cette ann\u00e9e, les organisateurs esp\u00e8rent d\u00e9passer cette affluence. Mais sans les 1\u2005000 b\u00e9n\u00e9voles, l\u2019\u00e9v\u00e9nement ne serait pas le m\u00eame ont rappel\u00e9 successivement Jean-Louis Guilhaumon, Carole Delga et le pr\u00e9fet, Xavier Bruneti\u00e8re. Car il s\u2019agit, selon Philippe Dupouy, pr\u00e9sident du conseil d\u00e9partemental, \u00ab\u00a0d\u2019une exp\u00e9rience musicale et humaine inoubliable\u00a0\u00bb.<\/p>\n<\/p><\/div>\n<p> Cet article, qui traite du th\u00e8me \u00ab\u00a0Festival Jazz et musique en mode guinguette\u00a0\u00bb, vous est d\u00e9lib\u00e9r\u00e9ment offert par festivox.fr. La raison d\u2019\u00eatre de festivox.fr est de parler de Festival Jazz et musique en mode guinguette dans la transparence la plus g\u00e9n\u00e9rale en vous procurant la visibilit\u00e9 de tout ce qui est publi\u00e9 sur ce sujet sur le web La chronique a \u00e9t\u00e9 g\u00e9n\u00e9r\u00e9e de la mani\u00e8re la plus honn\u00eate que possible. S\u2019il advenait que vous projetez d\u2019apporter quelques notes concernant le domaine de \u00ab\u00a0Festival Jazz et musique en mode guinguette\u00a0\u00bb vous avez la possibilit\u00e9 de d&rsquo;\u00e9changer avec notre r\u00e9daction. Dans peu de temps, on mettra en ligne d&rsquo;autres informations pertinentes autour du sujet \u00ab\u00a0Festival Jazz et musique en mode guinguette\u00a0\u00bb. Ainsi, consultez r\u00e9guli\u00e8rement notre site.<\/p>\n","protected":false},"excerpt":{"rendered":"<p>l&rsquo;essentiel La 45e \u00e9dition de Jazz in Marciac a officiellement \u00e9t\u00e9 inaugur\u00e9e ce jeudi 20 juillet au c\u0153ur des ar\u00e8nes de Marciac. Les premi\u00e8res notes de jazz ont r\u00e9sonn\u00e9 depuis la fin de matin\u00e9e, mais la 45e \u00e9dition de Jazz in Marciac a officiellement \u00e9t\u00e9 inaugur\u00e9e ce jeudi 20 juillet, en fin d\u2019apr\u00e8s-midi, au c\u0153ur&hellip;<\/p>\n","protected":false},"author":1,"featured_media":276,"comment_status":"closed","ping_status":"closed","sticky":false,"template":"","format":"standard","meta":{"footnotes":""},"categories":[3],"tags":[],"class_list":["post-275","post","type-post","status-publish","format-standard","has-post-thumbnail","hentry","category-wiki-sur-festival-jazz-et-musique-en-mode-guinguette"],"yoast_head":"<!-- This site is optimized with the Yoast SEO plugin v27.5 - https:\/\/yoast.com\/product\/yoast-seo-wordpress\/ -->\n<title>Jazz in Marciac : une inauguration au c\u0153ur des ar\u00e8nes de la bastide gersoise - FESTIVOX<\/title>\n<meta name=\"robots\" content=\"index, follow, max-snippet:-1, max-image-preview:large, max-video-preview:-1\" \/>\n<link rel=\"canonical\" href=\"https:\/\/www.festivox.fr\/blog\/jazz-in-marciac-une-inauguration-au-coeur-des-arenes-de-la-bastide-gersoise\/\" \/>\n<meta property=\"og:locale\" content=\"fr_FR\" \/>\n<meta property=\"og:type\" content=\"article\" \/>\n<meta property=\"og:title\" content=\"Jazz in Marciac : une inauguration au c\u0153ur des ar\u00e8nes de la bastide gersoise - FESTIVOX\" \/>\n<meta property=\"og:description\" content=\"l&rsquo;essentiel La 45e \u00e9dition de Jazz in Marciac a officiellement \u00e9t\u00e9 inaugur\u00e9e ce jeudi 20 juillet au c\u0153ur des ar\u00e8nes de Marciac. Les premi\u00e8res notes de jazz ont r\u00e9sonn\u00e9 depuis la fin de matin\u00e9e, mais la 45e \u00e9dition de Jazz in Marciac a officiellement \u00e9t\u00e9 inaugur\u00e9e ce jeudi 20 juillet, en fin d\u2019apr\u00e8s-midi, au c\u0153ur&hellip;\" \/>\n<meta property=\"og:url\" content=\"https:\/\/www.festivox.fr\/blog\/jazz-in-marciac-une-inauguration-au-coeur-des-arenes-de-la-bastide-gersoise\/\" \/>\n<meta property=\"og:site_name\" content=\"FESTIVOX\" \/>\n<meta property=\"article:published_time\" content=\"2023-07-21T00:59:00+00:00\" \/>\n<meta property=\"og:image\" content=\"https:\/\/www.festivox.fr\/blog\/wp-content\/uploads\/2023\/07\/jazz-in-marciac-une-inauguration-au-coeur-des-arenes-de-la-bastide-gersoise.jpg\" \/>\n<meta name=\"author\" content=\"Michele\" \/>\n<meta name=\"twitter:card\" content=\"summary_large_image\" \/>\n<meta name=\"twitter:label1\" content=\"\u00c9crit par\" \/>\n\t<meta name=\"twitter:data1\" content=\"Michele\" \/>\n\t<meta name=\"twitter:label2\" content=\"Dur\u00e9e de lecture estim\u00e9e\" \/>\n\t<meta name=\"twitter:data2\" content=\"3 minutes\" \/>\n<script type=\"application\/ld+json\" class=\"yoast-schema-graph\">{\"@context\":\"https:\\\/\\\/schema.org\",\"@graph\":[{\"@type\":\"Article\",\"@id\":\"https:\\\/\\\/www.festivox.fr\\\/blog\\\/jazz-in-marciac-une-inauguration-au-coeur-des-arenes-de-la-bastide-gersoise\\\/#article\",\"isPartOf\":{\"@id\":\"https:\\\/\\\/www.festivox.fr\\\/blog\\\/jazz-in-marciac-une-inauguration-au-coeur-des-arenes-de-la-bastide-gersoise\\\/\"},\"author\":{\"name\":\"Michele\",\"@id\":\"https:\\\/\\\/www.festivox.fr\\\/blog\\\/#\\\/schema\\\/person\\\/f36a8b6bc94800c3eafed4bca993ce95\"},\"headline\":\"Jazz in Marciac : une inauguration au c\u0153ur des ar\u00e8nes de la bastide gersoise\",\"datePublished\":\"2023-07-21T00:59:00+00:00\",\"mainEntityOfPage\":{\"@id\":\"https:\\\/\\\/www.festivox.fr\\\/blog\\\/jazz-in-marciac-une-inauguration-au-coeur-des-arenes-de-la-bastide-gersoise\\\/\"},\"wordCount\":569,\"publisher\":{\"@id\":\"https:\\\/\\\/www.festivox.fr\\\/blog\\\/#organization\"},\"image\":{\"@id\":\"https:\\\/\\\/www.festivox.fr\\\/blog\\\/jazz-in-marciac-une-inauguration-au-coeur-des-arenes-de-la-bastide-gersoise\\\/#primaryimage\"},\"thumbnailUrl\":\"https:\\\/\\\/www.festivox.fr\\\/blog\\\/wp-content\\\/uploads\\\/2023\\\/07\\\/jazz-in-marciac-une-inauguration-au-coeur-des-arenes-de-la-bastide-gersoise.jpg\",\"articleSection\":[\"Wiki Sur Festival Jazz Et Musique En Mode Guinguette:\"],\"inLanguage\":\"fr-FR\"},{\"@type\":\"WebPage\",\"@id\":\"https:\\\/\\\/www.festivox.fr\\\/blog\\\/jazz-in-marciac-une-inauguration-au-coeur-des-arenes-de-la-bastide-gersoise\\\/\",\"url\":\"https:\\\/\\\/www.festivox.fr\\\/blog\\\/jazz-in-marciac-une-inauguration-au-coeur-des-arenes-de-la-bastide-gersoise\\\/\",\"name\":\"Jazz in Marciac : une inauguration au c\u0153ur des ar\u00e8nes de la bastide gersoise - FESTIVOX\",\"isPartOf\":{\"@id\":\"https:\\\/\\\/www.festivox.fr\\\/blog\\\/#website\"},\"primaryImageOfPage\":{\"@id\":\"https:\\\/\\\/www.festivox.fr\\\/blog\\\/jazz-in-marciac-une-inauguration-au-coeur-des-arenes-de-la-bastide-gersoise\\\/#primaryimage\"},\"image\":{\"@id\":\"https:\\\/\\\/www.festivox.fr\\\/blog\\\/jazz-in-marciac-une-inauguration-au-coeur-des-arenes-de-la-bastide-gersoise\\\/#primaryimage\"},\"thumbnailUrl\":\"https:\\\/\\\/www.festivox.fr\\\/blog\\\/wp-content\\\/uploads\\\/2023\\\/07\\\/jazz-in-marciac-une-inauguration-au-coeur-des-arenes-de-la-bastide-gersoise.jpg\",\"datePublished\":\"2023-07-21T00:59:00+00:00\",\"breadcrumb\":{\"@id\":\"https:\\\/\\\/www.festivox.fr\\\/blog\\\/jazz-in-marciac-une-inauguration-au-coeur-des-arenes-de-la-bastide-gersoise\\\/#breadcrumb\"},\"inLanguage\":\"fr-FR\",\"potentialAction\":[{\"@type\":\"ReadAction\",\"target\":[\"https:\\\/\\\/www.festivox.fr\\\/blog\\\/jazz-in-marciac-une-inauguration-au-coeur-des-arenes-de-la-bastide-gersoise\\\/\"]}]},{\"@type\":\"ImageObject\",\"inLanguage\":\"fr-FR\",\"@id\":\"https:\\\/\\\/www.festivox.fr\\\/blog\\\/jazz-in-marciac-une-inauguration-au-coeur-des-arenes-de-la-bastide-gersoise\\\/#primaryimage\",\"url\":\"https:\\\/\\\/www.festivox.fr\\\/blog\\\/wp-content\\\/uploads\\\/2023\\\/07\\\/jazz-in-marciac-une-inauguration-au-coeur-des-arenes-de-la-bastide-gersoise.jpg\",\"contentUrl\":\"https:\\\/\\\/www.festivox.fr\\\/blog\\\/wp-content\\\/uploads\\\/2023\\\/07\\\/jazz-in-marciac-une-inauguration-au-coeur-des-arenes-de-la-bastide-gersoise.jpg\",\"width\":780,\"height\":520},{\"@type\":\"BreadcrumbList\",\"@id\":\"https:\\\/\\\/www.festivox.fr\\\/blog\\\/jazz-in-marciac-une-inauguration-au-coeur-des-arenes-de-la-bastide-gersoise\\\/#breadcrumb\",\"itemListElement\":[{\"@type\":\"ListItem\",\"position\":1,\"name\":\"Accueil\",\"item\":\"https:\\\/\\\/www.festivox.fr\\\/blog\\\/\"},{\"@type\":\"ListItem\",\"position\":2,\"name\":\"Jazz in Marciac : une inauguration au c\u0153ur des ar\u00e8nes de la bastide gersoise\"}]},{\"@type\":\"WebSite\",\"@id\":\"https:\\\/\\\/www.festivox.fr\\\/blog\\\/#website\",\"url\":\"https:\\\/\\\/www.festivox.fr\\\/blog\\\/\",\"name\":\"FESTIVOX\",\"description\":\"Festival en mode guinguette.\",\"publisher\":{\"@id\":\"https:\\\/\\\/www.festivox.fr\\\/blog\\\/#organization\"},\"potentialAction\":[{\"@type\":\"SearchAction\",\"target\":{\"@type\":\"EntryPoint\",\"urlTemplate\":\"https:\\\/\\\/www.festivox.fr\\\/blog\\\/?s={search_term_string}\"},\"query-input\":{\"@type\":\"PropertyValueSpecification\",\"valueRequired\":true,\"valueName\":\"search_term_string\"}}],\"inLanguage\":\"fr-FR\"},{\"@type\":\"Organization\",\"@id\":\"https:\\\/\\\/www.festivox.fr\\\/blog\\\/#organization\",\"name\":\"festivox\",\"url\":\"https:\\\/\\\/www.festivox.fr\\\/blog\\\/\",\"logo\":{\"@type\":\"ImageObject\",\"inLanguage\":\"fr-FR\",\"@id\":\"https:\\\/\\\/www.festivox.fr\\\/blog\\\/#\\\/schema\\\/logo\\\/image\\\/\",\"url\":\"https:\\\/\\\/www.festivox.fr\\\/blog\\\/wp-content\\\/uploads\\\/2023\\\/06\\\/logo-2.png\",\"contentUrl\":\"https:\\\/\\\/www.festivox.fr\\\/blog\\\/wp-content\\\/uploads\\\/2023\\\/06\\\/logo-2.png\",\"width\":480,\"height\":160,\"caption\":\"festivox\"},\"image\":{\"@id\":\"https:\\\/\\\/www.festivox.fr\\\/blog\\\/#\\\/schema\\\/logo\\\/image\\\/\"}},{\"@type\":\"Person\",\"@id\":\"https:\\\/\\\/www.festivox.fr\\\/blog\\\/#\\\/schema\\\/person\\\/f36a8b6bc94800c3eafed4bca993ce95\",\"name\":\"Michele\",\"image\":{\"@type\":\"ImageObject\",\"inLanguage\":\"fr-FR\",\"@id\":\"https:\\\/\\\/secure.gravatar.com\\\/avatar\\\/b062046536b5d47ec9075956ec349ef95ed06b0f910c578f74abb318668b702e?s=96&d=mm&r=g\",\"url\":\"https:\\\/\\\/secure.gravatar.com\\\/avatar\\\/b062046536b5d47ec9075956ec349ef95ed06b0f910c578f74abb318668b702e?s=96&d=mm&r=g\",\"contentUrl\":\"https:\\\/\\\/secure.gravatar.com\\\/avatar\\\/b062046536b5d47ec9075956ec349ef95ed06b0f910c578f74abb318668b702e?s=96&d=mm&r=g\",\"caption\":\"Michele\"},\"sameAs\":[\"https:\\\/\\\/www.festivox.fr\\\/blog\"],\"url\":\"https:\\\/\\\/www.festivox.fr\\\/blog\\\/author\\\/voxadmin\\\/\"}]}<\/script>\n<!-- \/ Yoast SEO plugin. -->","yoast_head_json":{"title":"Jazz in Marciac : une inauguration au c\u0153ur des ar\u00e8nes de la bastide gersoise - FESTIVOX","robots":{"index":"index","follow":"follow","max-snippet":"max-snippet:-1","max-image-preview":"max-image-preview:large","max-video-preview":"max-video-preview:-1"},"canonical":"https:\/\/www.festivox.fr\/blog\/jazz-in-marciac-une-inauguration-au-coeur-des-arenes-de-la-bastide-gersoise\/","og_locale":"fr_FR","og_type":"article","og_title":"Jazz in Marciac : une inauguration au c\u0153ur des ar\u00e8nes de la bastide gersoise - FESTIVOX","og_description":"l&rsquo;essentiel La 45e \u00e9dition de Jazz in Marciac a officiellement \u00e9t\u00e9 inaugur\u00e9e ce jeudi 20 juillet au c\u0153ur des ar\u00e8nes de Marciac. Les premi\u00e8res notes de jazz ont r\u00e9sonn\u00e9 depuis la fin de matin\u00e9e, mais la 45e \u00e9dition de Jazz in Marciac a officiellement \u00e9t\u00e9 inaugur\u00e9e ce jeudi 20 juillet, en fin d\u2019apr\u00e8s-midi, au c\u0153ur&hellip;","og_url":"https:\/\/www.festivox.fr\/blog\/jazz-in-marciac-une-inauguration-au-coeur-des-arenes-de-la-bastide-gersoise\/","og_site_name":"FESTIVOX","article_published_time":"2023-07-21T00:59:00+00:00","og_image":[{"url":"https:\/\/www.festivox.fr\/blog\/wp-content\/uploads\/2023\/07\/jazz-in-marciac-une-inauguration-au-coeur-des-arenes-de-la-bastide-gersoise.jpg","type":"","width":"","height":""}],"author":"Michele","twitter_card":"summary_large_image","twitter_misc":{"\u00c9crit par":"Michele","Dur\u00e9e de lecture estim\u00e9e":"3 minutes"},"schema":{"@context":"https:\/\/schema.org","@graph":[{"@type":"Article","@id":"https:\/\/www.festivox.fr\/blog\/jazz-in-marciac-une-inauguration-au-coeur-des-arenes-de-la-bastide-gersoise\/#article","isPartOf":{"@id":"https:\/\/www.festivox.fr\/blog\/jazz-in-marciac-une-inauguration-au-coeur-des-arenes-de-la-bastide-gersoise\/"},"author":{"name":"Michele","@id":"https:\/\/www.festivox.fr\/blog\/#\/schema\/person\/f36a8b6bc94800c3eafed4bca993ce95"},"headline":"Jazz in Marciac : une inauguration au c\u0153ur des ar\u00e8nes de la bastide gersoise","datePublished":"2023-07-21T00:59:00+00:00","mainEntityOfPage":{"@id":"https:\/\/www.festivox.fr\/blog\/jazz-in-marciac-une-inauguration-au-coeur-des-arenes-de-la-bastide-gersoise\/"},"wordCount":569,"publisher":{"@id":"https:\/\/www.festivox.fr\/blog\/#organization"},"image":{"@id":"https:\/\/www.festivox.fr\/blog\/jazz-in-marciac-une-inauguration-au-coeur-des-arenes-de-la-bastide-gersoise\/#primaryimage"},"thumbnailUrl":"https:\/\/www.festivox.fr\/blog\/wp-content\/uploads\/2023\/07\/jazz-in-marciac-une-inauguration-au-coeur-des-arenes-de-la-bastide-gersoise.jpg","articleSection":["Wiki Sur Festival Jazz Et Musique En Mode Guinguette:"],"inLanguage":"fr-FR"},{"@type":"WebPage","@id":"https:\/\/www.festivox.fr\/blog\/jazz-in-marciac-une-inauguration-au-coeur-des-arenes-de-la-bastide-gersoise\/","url":"https:\/\/www.festivox.fr\/blog\/jazz-in-marciac-une-inauguration-au-coeur-des-arenes-de-la-bastide-gersoise\/","name":"Jazz in Marciac : une inauguration au c\u0153ur des ar\u00e8nes de la bastide gersoise - FESTIVOX","isPartOf":{"@id":"https:\/\/www.festivox.fr\/blog\/#website"},"primaryImageOfPage":{"@id":"https:\/\/www.festivox.fr\/blog\/jazz-in-marciac-une-inauguration-au-coeur-des-arenes-de-la-bastide-gersoise\/#primaryimage"},"image":{"@id":"https:\/\/www.festivox.fr\/blog\/jazz-in-marciac-une-inauguration-au-coeur-des-arenes-de-la-bastide-gersoise\/#primaryimage"},"thumbnailUrl":"https:\/\/www.festivox.fr\/blog\/wp-content\/uploads\/2023\/07\/jazz-in-marciac-une-inauguration-au-coeur-des-arenes-de-la-bastide-gersoise.jpg","datePublished":"2023-07-21T00:59:00+00:00","breadcrumb":{"@id":"https:\/\/www.festivox.fr\/blog\/jazz-in-marciac-une-inauguration-au-coeur-des-arenes-de-la-bastide-gersoise\/#breadcrumb"},"inLanguage":"fr-FR","potentialAction":[{"@type":"ReadAction","target":["https:\/\/www.festivox.fr\/blog\/jazz-in-marciac-une-inauguration-au-coeur-des-arenes-de-la-bastide-gersoise\/"]}]},{"@type":"ImageObject","inLanguage":"fr-FR","@id":"https:\/\/www.festivox.fr\/blog\/jazz-in-marciac-une-inauguration-au-coeur-des-arenes-de-la-bastide-gersoise\/#primaryimage","url":"https:\/\/www.festivox.fr\/blog\/wp-content\/uploads\/2023\/07\/jazz-in-marciac-une-inauguration-au-coeur-des-arenes-de-la-bastide-gersoise.jpg","contentUrl":"https:\/\/www.festivox.fr\/blog\/wp-content\/uploads\/2023\/07\/jazz-in-marciac-une-inauguration-au-coeur-des-arenes-de-la-bastide-gersoise.jpg","width":780,"height":520},{"@type":"BreadcrumbList","@id":"https:\/\/www.festivox.fr\/blog\/jazz-in-marciac-une-inauguration-au-coeur-des-arenes-de-la-bastide-gersoise\/#breadcrumb","itemListElement":[{"@type":"ListItem","position":1,"name":"Accueil","item":"https:\/\/www.festivox.fr\/blog\/"},{"@type":"ListItem","position":2,"name":"Jazz in Marciac : une inauguration au c\u0153ur des ar\u00e8nes de la bastide gersoise"}]},{"@type":"WebSite","@id":"https:\/\/www.festivox.fr\/blog\/#website","url":"https:\/\/www.festivox.fr\/blog\/","name":"FESTIVOX","description":"Festival en mode guinguette.","publisher":{"@id":"https:\/\/www.festivox.fr\/blog\/#organization"},"potentialAction":[{"@type":"SearchAction","target":{"@type":"EntryPoint","urlTemplate":"https:\/\/www.festivox.fr\/blog\/?s={search_term_string}"},"query-input":{"@type":"PropertyValueSpecification","valueRequired":true,"valueName":"search_term_string"}}],"inLanguage":"fr-FR"},{"@type":"Organization","@id":"https:\/\/www.festivox.fr\/blog\/#organization","name":"festivox","url":"https:\/\/www.festivox.fr\/blog\/","logo":{"@type":"ImageObject","inLanguage":"fr-FR","@id":"https:\/\/www.festivox.fr\/blog\/#\/schema\/logo\/image\/","url":"https:\/\/www.festivox.fr\/blog\/wp-content\/uploads\/2023\/06\/logo-2.png","contentUrl":"https:\/\/www.festivox.fr\/blog\/wp-content\/uploads\/2023\/06\/logo-2.png","width":480,"height":160,"caption":"festivox"},"image":{"@id":"https:\/\/www.festivox.fr\/blog\/#\/schema\/logo\/image\/"}},{"@type":"Person","@id":"https:\/\/www.festivox.fr\/blog\/#\/schema\/person\/f36a8b6bc94800c3eafed4bca993ce95","name":"Michele","image":{"@type":"ImageObject","inLanguage":"fr-FR","@id":"https:\/\/secure.gravatar.com\/avatar\/b062046536b5d47ec9075956ec349ef95ed06b0f910c578f74abb318668b702e?s=96&d=mm&r=g","url":"https:\/\/secure.gravatar.com\/avatar\/b062046536b5d47ec9075956ec349ef95ed06b0f910c578f74abb318668b702e?s=96&d=mm&r=g","contentUrl":"https:\/\/secure.gravatar.com\/avatar\/b062046536b5d47ec9075956ec349ef95ed06b0f910c578f74abb318668b702e?s=96&d=mm&r=g","caption":"Michele"},"sameAs":["https:\/\/www.festivox.fr\/blog"],"url":"https:\/\/www.festivox.fr\/blog\/author\/voxadmin\/"}]}},"_links":{"self":[{"href":"https:\/\/www.festivox.fr\/blog\/wp-json\/wp\/v2\/posts\/275","targetHints":{"allow":["GET"]}}],"collection":[{"href":"https:\/\/www.festivox.fr\/blog\/wp-json\/wp\/v2\/posts"}],"about":[{"href":"https:\/\/www.festivox.fr\/blog\/wp-json\/wp\/v2\/types\/post"}],"author":[{"embeddable":true,"href":"https:\/\/www.festivox.fr\/blog\/wp-json\/wp\/v2\/users\/1"}],"replies":[{"embeddable":true,"href":"https:\/\/www.festivox.fr\/blog\/wp-json\/wp\/v2\/comments?post=275"}],"version-history":[{"count":0,"href":"https:\/\/www.festivox.fr\/blog\/wp-json\/wp\/v2\/posts\/275\/revisions"}],"wp:featuredmedia":[{"embeddable":true,"href":"https:\/\/www.festivox.fr\/blog\/wp-json\/wp\/v2\/media\/276"}],"wp:attachment":[{"href":"https:\/\/www.festivox.fr\/blog\/wp-json\/wp\/v2\/media?parent=275"}],"wp:term":[{"taxonomy":"category","embeddable":true,"href":"https:\/\/www.festivox.fr\/blog\/wp-json\/wp\/v2\/categories?post=275"},{"taxonomy":"post_tag","embeddable":true,"href":"https:\/\/www.festivox.fr\/blog\/wp-json\/wp\/v2\/tags?post=275"}],"curies":[{"name":"wp","href":"https:\/\/api.w.org\/{rel}","templated":true}]}}