{"id":271,"date":"2023-07-26T09:26:00","date_gmt":"2023-07-26T07:26:00","guid":{"rendered":"https:\/\/www.festivox.fr\/blog\/ile-de-re-bernard-lavilliers-murray-head-roberto-fonseca-attendus-a-la-14e-edition-de-jazz-au-phare\/"},"modified":"2023-07-26T09:26:00","modified_gmt":"2023-07-26T07:26:00","slug":"ile-de-re-bernard-lavilliers-murray-head-roberto-fonseca-attendus-a-la-14e-edition-de-jazz-au-phare","status":"publish","type":"post","link":"https:\/\/www.festivox.fr\/blog\/ile-de-re-bernard-lavilliers-murray-head-roberto-fonseca-attendus-a-la-14e-edition-de-jazz-au-phare\/","title":{"rendered":"\u00cele de R\u00e9 : Bernard Lavilliers, Murray Head, Roberto Fonseca, attendus \u00e0 la 14e \u00e9dition de Jazz au phare"},"content":{"rendered":"\n<div><img decoding=\"async\" src=\"https:\/\/www.festivox.fr\/blog\/wp-content\/uploads\/2023\/07\/ile-de-re-bernard-lavilliers-murray-head-roberto-fonseca-attendus-a-la-14e-edition-de-jazz-au-phare.jpg\" class=\"ff-og-image-inserted\"><\/div>\n<div>\n<p>Pendant cinq jours, ce sont pr\u00e8s de 124&nbsp;musiciens qui vont se r\u00e9unir \u00e0 Saint-Cl\u00e9ment-des-Baleines pour un total de 35&nbsp;concerts. Quatre sc\u00e8nes (la Sc\u00e8ne du phare, le&#8230;<\/p>\n<\/div>\n<div>\n<p>Pendant cinq jours, ce sont pr\u00e8s de 124&nbsp;musiciens qui vont se r\u00e9unir \u00e0 Saint-Cl\u00e9ment-des-Baleines pour un total de 35&nbsp;concerts. Quatre sc\u00e8nes (la Sc\u00e8ne du phare, le Th\u00e9\u00e2tre de verdure, le Caf\u00e9 du phare et le Gr\u00e9 du vent) seront plac\u00e9es pr\u00e8s du phare des Baleines. La cinqui\u00e8me (la Java des baleines) s\u2019installera, elle, dans un chapiteau mont\u00e9 en face de l\u2019\u00e9glise du village. Elle sera seulement utilis\u00e9e pour la soir\u00e9e inaugurale.<\/p>\n<div class=\"related-article related-article-premium base-margin-bottom\"> <span class=\"badge\">Sur le m\u00eame sujet<\/span> <\/div>\n<p>Parmi les principales t\u00eates d\u2019affiche, les spectateurs pourront venir \u00e9couter Bir\u00e9li Lagr\u00e8ne, Roberto Fonseca, Murray Head (complet) ou encore Bernard Lavilliers (complet). Selon Jean-Michel Proust, le directeur du festival, environ 3&nbsp;500&nbsp;personnes sont attendues chaque jour.<\/p>\n<p>[embedded content]<\/p>\n<h2 class=\"article-subtitle\">Une sc\u00e8ne \u00e9lectro-lounge<\/h2>\n<p>Nouveaut\u00e9 cette ann\u00e9e, une sc\u00e8ne \u00e9lectro-lounge \u2013 pour \u00ab&nbsp;des personnes peut-\u00eatre un peu moins adeptes du jazz&nbsp;\u00bb, glisse le directeur \u2013 sera ouverte entre 23&nbsp;h&nbsp;30 et une heure du matin. Elle se tiendra au Caf\u00e9 du phare pour des sets de 90&nbsp;minutes, avec des artistes tels que Klem&nbsp;H et Haqibatt.<\/p>\n<p><em><strong>Saint-Cl\u00e9ment-des-Baleines (17) : <\/strong>soir\u00e9e de lancement 20&nbsp;\u20ac,5&nbsp;\u20ac pour les &#8211;&nbsp;de 12&nbsp;ans. Les autres soirs seront \u00e0 49&nbsp;\u20ac pour le plein tarif debout, 44&nbsp;\u20ac tarif r\u00e9duit et 25&nbsp;\u20ac pour les &#8211;&nbsp;de 12&nbsp;ans. Informations compl\u00e9mentaires et billetterie sur <a href=\"https:\/\/jazzauphare.com\/billetterie-2023\/\" target=\"_blank\" rel=\"nofollow noopener\">jazzauphare.com<\/a><\/em><\/p>\n<\/div>\n<p> Cet article, qui traite du th\u00e8me \u00ab\u00a0Festival Jazz et musique en mode guinguette\u00a0\u00bb, vous est d\u00e9lib\u00e9r\u00e9ment offert par festivox.fr. La raison d\u2019\u00eatre de festivox.fr est de parler de Festival Jazz et musique en mode guinguette dans la transparence la plus g\u00e9n\u00e9rale en vous procurant la visibilit\u00e9 de tout ce qui est publi\u00e9 sur ce sujet sur le web La chronique a \u00e9t\u00e9 g\u00e9n\u00e9r\u00e9e de la mani\u00e8re la plus honn\u00eate que possible. S\u2019il advenait que vous projetez d\u2019apporter quelques notes concernant le domaine de \u00ab\u00a0Festival Jazz et musique en mode guinguette\u00a0\u00bb vous avez la possibilit\u00e9 de d&rsquo;\u00e9changer avec notre r\u00e9daction. Dans peu de temps, on mettra en ligne d&rsquo;autres informations pertinentes autour du sujet \u00ab\u00a0Festival Jazz et musique en mode guinguette\u00a0\u00bb. Ainsi, consultez r\u00e9guli\u00e8rement notre site.<\/p>\n","protected":false},"excerpt":{"rendered":"<p>Pendant cinq jours, ce sont pr\u00e8s de 124&nbsp;musiciens qui vont se r\u00e9unir \u00e0 Saint-Cl\u00e9ment-des-Baleines pour un total de 35&nbsp;concerts. Quatre sc\u00e8nes (la Sc\u00e8ne du phare, le&#8230; Pendant cinq jours, ce sont pr\u00e8s de 124&nbsp;musiciens qui vont se r\u00e9unir \u00e0 Saint-Cl\u00e9ment-des-Baleines pour un total de 35&nbsp;concerts. Quatre sc\u00e8nes (la Sc\u00e8ne du phare, le Th\u00e9\u00e2tre de verdure,&hellip;<\/p>\n","protected":false},"author":1,"featured_media":272,"comment_status":"closed","ping_status":"closed","sticky":false,"template":"","format":"standard","meta":{"footnotes":""},"categories":[3],"tags":[],"class_list":["post-271","post","type-post","status-publish","format-standard","has-post-thumbnail","hentry","category-wiki-sur-festival-jazz-et-musique-en-mode-guinguette"],"yoast_head":"<!-- This site is optimized with the Yoast SEO plugin v27.5 - https:\/\/yoast.com\/product\/yoast-seo-wordpress\/ -->\n<title>\u00cele de R\u00e9 : Bernard Lavilliers, Murray Head, Roberto Fonseca, attendus \u00e0 la 14e \u00e9dition de Jazz au phare - FESTIVOX<\/title>\n<meta name=\"robots\" content=\"index, follow, max-snippet:-1, max-image-preview:large, max-video-preview:-1\" \/>\n<link rel=\"canonical\" href=\"https:\/\/www.festivox.fr\/blog\/ile-de-re-bernard-lavilliers-murray-head-roberto-fonseca-attendus-a-la-14e-edition-de-jazz-au-phare\/\" \/>\n<meta property=\"og:locale\" content=\"fr_FR\" \/>\n<meta property=\"og:type\" content=\"article\" \/>\n<meta property=\"og:title\" content=\"\u00cele de R\u00e9 : Bernard Lavilliers, Murray Head, Roberto Fonseca, attendus \u00e0 la 14e \u00e9dition de Jazz au phare - FESTIVOX\" \/>\n<meta property=\"og:description\" content=\"Pendant cinq jours, ce sont pr\u00e8s de 124&nbsp;musiciens qui vont se r\u00e9unir \u00e0 Saint-Cl\u00e9ment-des-Baleines pour un total de 35&nbsp;concerts. Quatre sc\u00e8nes (la Sc\u00e8ne du phare, le&#8230; Pendant cinq jours, ce sont pr\u00e8s de 124&nbsp;musiciens qui vont se r\u00e9unir \u00e0 Saint-Cl\u00e9ment-des-Baleines pour un total de 35&nbsp;concerts. Quatre sc\u00e8nes (la Sc\u00e8ne du phare, le Th\u00e9\u00e2tre de verdure,&hellip;\" \/>\n<meta property=\"og:url\" content=\"https:\/\/www.festivox.fr\/blog\/ile-de-re-bernard-lavilliers-murray-head-roberto-fonseca-attendus-a-la-14e-edition-de-jazz-au-phare\/\" \/>\n<meta property=\"og:site_name\" content=\"FESTIVOX\" \/>\n<meta property=\"article:published_time\" content=\"2023-07-26T07:26:00+00:00\" \/>\n<meta property=\"og:image\" content=\"https:\/\/www.festivox.fr\/blog\/wp-content\/uploads\/2023\/07\/ile-de-re-bernard-lavilliers-murray-head-roberto-fonseca-attendus-a-la-14e-edition-de-jazz-au-phare.jpg\" \/>\n<meta name=\"author\" content=\"Michele\" \/>\n<meta name=\"twitter:card\" content=\"summary_large_image\" \/>\n<meta name=\"twitter:label1\" content=\"\u00c9crit par\" \/>\n\t<meta name=\"twitter:data1\" content=\"Michele\" \/>\n\t<meta name=\"twitter:label2\" content=\"Dur\u00e9e de lecture estim\u00e9e\" \/>\n\t<meta name=\"twitter:data2\" content=\"2 minutes\" \/>\n<script type=\"application\/ld+json\" class=\"yoast-schema-graph\">{\"@context\":\"https:\\\/\\\/schema.org\",\"@graph\":[{\"@type\":\"Article\",\"@id\":\"https:\\\/\\\/www.festivox.fr\\\/blog\\\/ile-de-re-bernard-lavilliers-murray-head-roberto-fonseca-attendus-a-la-14e-edition-de-jazz-au-phare\\\/#article\",\"isPartOf\":{\"@id\":\"https:\\\/\\\/www.festivox.fr\\\/blog\\\/ile-de-re-bernard-lavilliers-murray-head-roberto-fonseca-attendus-a-la-14e-edition-de-jazz-au-phare\\\/\"},\"author\":{\"name\":\"Michele\",\"@id\":\"https:\\\/\\\/www.festivox.fr\\\/blog\\\/#\\\/schema\\\/person\\\/f36a8b6bc94800c3eafed4bca993ce95\"},\"headline\":\"\u00cele de R\u00e9 : Bernard Lavilliers, Murray Head, Roberto Fonseca, attendus \u00e0 la 14e \u00e9dition de Jazz au phare\",\"datePublished\":\"2023-07-26T07:26:00+00:00\",\"mainEntityOfPage\":{\"@id\":\"https:\\\/\\\/www.festivox.fr\\\/blog\\\/ile-de-re-bernard-lavilliers-murray-head-roberto-fonseca-attendus-a-la-14e-edition-de-jazz-au-phare\\\/\"},\"wordCount\":435,\"publisher\":{\"@id\":\"https:\\\/\\\/www.festivox.fr\\\/blog\\\/#organization\"},\"image\":{\"@id\":\"https:\\\/\\\/www.festivox.fr\\\/blog\\\/ile-de-re-bernard-lavilliers-murray-head-roberto-fonseca-attendus-a-la-14e-edition-de-jazz-au-phare\\\/#primaryimage\"},\"thumbnailUrl\":\"https:\\\/\\\/www.festivox.fr\\\/blog\\\/wp-content\\\/uploads\\\/2023\\\/07\\\/ile-de-re-bernard-lavilliers-murray-head-roberto-fonseca-attendus-a-la-14e-edition-de-jazz-au-phare.jpg\",\"articleSection\":[\"Wiki Sur Festival Jazz Et Musique En Mode Guinguette:\"],\"inLanguage\":\"fr-FR\"},{\"@type\":\"WebPage\",\"@id\":\"https:\\\/\\\/www.festivox.fr\\\/blog\\\/ile-de-re-bernard-lavilliers-murray-head-roberto-fonseca-attendus-a-la-14e-edition-de-jazz-au-phare\\\/\",\"url\":\"https:\\\/\\\/www.festivox.fr\\\/blog\\\/ile-de-re-bernard-lavilliers-murray-head-roberto-fonseca-attendus-a-la-14e-edition-de-jazz-au-phare\\\/\",\"name\":\"\u00cele de R\u00e9 : Bernard Lavilliers, Murray Head, Roberto Fonseca, attendus \u00e0 la 14e \u00e9dition de Jazz au phare - FESTIVOX\",\"isPartOf\":{\"@id\":\"https:\\\/\\\/www.festivox.fr\\\/blog\\\/#website\"},\"primaryImageOfPage\":{\"@id\":\"https:\\\/\\\/www.festivox.fr\\\/blog\\\/ile-de-re-bernard-lavilliers-murray-head-roberto-fonseca-attendus-a-la-14e-edition-de-jazz-au-phare\\\/#primaryimage\"},\"image\":{\"@id\":\"https:\\\/\\\/www.festivox.fr\\\/blog\\\/ile-de-re-bernard-lavilliers-murray-head-roberto-fonseca-attendus-a-la-14e-edition-de-jazz-au-phare\\\/#primaryimage\"},\"thumbnailUrl\":\"https:\\\/\\\/www.festivox.fr\\\/blog\\\/wp-content\\\/uploads\\\/2023\\\/07\\\/ile-de-re-bernard-lavilliers-murray-head-roberto-fonseca-attendus-a-la-14e-edition-de-jazz-au-phare.jpg\",\"datePublished\":\"2023-07-26T07:26:00+00:00\",\"breadcrumb\":{\"@id\":\"https:\\\/\\\/www.festivox.fr\\\/blog\\\/ile-de-re-bernard-lavilliers-murray-head-roberto-fonseca-attendus-a-la-14e-edition-de-jazz-au-phare\\\/#breadcrumb\"},\"inLanguage\":\"fr-FR\",\"potentialAction\":[{\"@type\":\"ReadAction\",\"target\":[\"https:\\\/\\\/www.festivox.fr\\\/blog\\\/ile-de-re-bernard-lavilliers-murray-head-roberto-fonseca-attendus-a-la-14e-edition-de-jazz-au-phare\\\/\"]}]},{\"@type\":\"ImageObject\",\"inLanguage\":\"fr-FR\",\"@id\":\"https:\\\/\\\/www.festivox.fr\\\/blog\\\/ile-de-re-bernard-lavilliers-murray-head-roberto-fonseca-attendus-a-la-14e-edition-de-jazz-au-phare\\\/#primaryimage\",\"url\":\"https:\\\/\\\/www.festivox.fr\\\/blog\\\/wp-content\\\/uploads\\\/2023\\\/07\\\/ile-de-re-bernard-lavilliers-murray-head-roberto-fonseca-attendus-a-la-14e-edition-de-jazz-au-phare.jpg\",\"contentUrl\":\"https:\\\/\\\/www.festivox.fr\\\/blog\\\/wp-content\\\/uploads\\\/2023\\\/07\\\/ile-de-re-bernard-lavilliers-murray-head-roberto-fonseca-attendus-a-la-14e-edition-de-jazz-au-phare.jpg\",\"width\":1200,\"height\":761},{\"@type\":\"BreadcrumbList\",\"@id\":\"https:\\\/\\\/www.festivox.fr\\\/blog\\\/ile-de-re-bernard-lavilliers-murray-head-roberto-fonseca-attendus-a-la-14e-edition-de-jazz-au-phare\\\/#breadcrumb\",\"itemListElement\":[{\"@type\":\"ListItem\",\"position\":1,\"name\":\"Accueil\",\"item\":\"https:\\\/\\\/www.festivox.fr\\\/blog\\\/\"},{\"@type\":\"ListItem\",\"position\":2,\"name\":\"\u00cele de R\u00e9 : Bernard Lavilliers, Murray Head, Roberto Fonseca, attendus \u00e0 la 14e \u00e9dition de Jazz au phare\"}]},{\"@type\":\"WebSite\",\"@id\":\"https:\\\/\\\/www.festivox.fr\\\/blog\\\/#website\",\"url\":\"https:\\\/\\\/www.festivox.fr\\\/blog\\\/\",\"name\":\"FESTIVOX\",\"description\":\"Festival en mode guinguette.\",\"publisher\":{\"@id\":\"https:\\\/\\\/www.festivox.fr\\\/blog\\\/#organization\"},\"potentialAction\":[{\"@type\":\"SearchAction\",\"target\":{\"@type\":\"EntryPoint\",\"urlTemplate\":\"https:\\\/\\\/www.festivox.fr\\\/blog\\\/?s={search_term_string}\"},\"query-input\":{\"@type\":\"PropertyValueSpecification\",\"valueRequired\":true,\"valueName\":\"search_term_string\"}}],\"inLanguage\":\"fr-FR\"},{\"@type\":\"Organization\",\"@id\":\"https:\\\/\\\/www.festivox.fr\\\/blog\\\/#organization\",\"name\":\"festivox\",\"url\":\"https:\\\/\\\/www.festivox.fr\\\/blog\\\/\",\"logo\":{\"@type\":\"ImageObject\",\"inLanguage\":\"fr-FR\",\"@id\":\"https:\\\/\\\/www.festivox.fr\\\/blog\\\/#\\\/schema\\\/logo\\\/image\\\/\",\"url\":\"https:\\\/\\\/www.festivox.fr\\\/blog\\\/wp-content\\\/uploads\\\/2023\\\/06\\\/logo-2.png\",\"contentUrl\":\"https:\\\/\\\/www.festivox.fr\\\/blog\\\/wp-content\\\/uploads\\\/2023\\\/06\\\/logo-2.png\",\"width\":480,\"height\":160,\"caption\":\"festivox\"},\"image\":{\"@id\":\"https:\\\/\\\/www.festivox.fr\\\/blog\\\/#\\\/schema\\\/logo\\\/image\\\/\"}},{\"@type\":\"Person\",\"@id\":\"https:\\\/\\\/www.festivox.fr\\\/blog\\\/#\\\/schema\\\/person\\\/f36a8b6bc94800c3eafed4bca993ce95\",\"name\":\"Michele\",\"image\":{\"@type\":\"ImageObject\",\"inLanguage\":\"fr-FR\",\"@id\":\"https:\\\/\\\/secure.gravatar.com\\\/avatar\\\/b062046536b5d47ec9075956ec349ef95ed06b0f910c578f74abb318668b702e?s=96&d=mm&r=g\",\"url\":\"https:\\\/\\\/secure.gravatar.com\\\/avatar\\\/b062046536b5d47ec9075956ec349ef95ed06b0f910c578f74abb318668b702e?s=96&d=mm&r=g\",\"contentUrl\":\"https:\\\/\\\/secure.gravatar.com\\\/avatar\\\/b062046536b5d47ec9075956ec349ef95ed06b0f910c578f74abb318668b702e?s=96&d=mm&r=g\",\"caption\":\"Michele\"},\"sameAs\":[\"https:\\\/\\\/www.festivox.fr\\\/blog\"],\"url\":\"https:\\\/\\\/www.festivox.fr\\\/blog\\\/author\\\/voxadmin\\\/\"}]}<\/script>\n<!-- \/ Yoast SEO plugin. -->","yoast_head_json":{"title":"\u00cele de R\u00e9 : Bernard Lavilliers, Murray Head, Roberto Fonseca, attendus \u00e0 la 14e \u00e9dition de Jazz au phare - FESTIVOX","robots":{"index":"index","follow":"follow","max-snippet":"max-snippet:-1","max-image-preview":"max-image-preview:large","max-video-preview":"max-video-preview:-1"},"canonical":"https:\/\/www.festivox.fr\/blog\/ile-de-re-bernard-lavilliers-murray-head-roberto-fonseca-attendus-a-la-14e-edition-de-jazz-au-phare\/","og_locale":"fr_FR","og_type":"article","og_title":"\u00cele de R\u00e9 : Bernard Lavilliers, Murray Head, Roberto Fonseca, attendus \u00e0 la 14e \u00e9dition de Jazz au phare - FESTIVOX","og_description":"Pendant cinq jours, ce sont pr\u00e8s de 124&nbsp;musiciens qui vont se r\u00e9unir \u00e0 Saint-Cl\u00e9ment-des-Baleines pour un total de 35&nbsp;concerts. Quatre sc\u00e8nes (la Sc\u00e8ne du phare, le&#8230; Pendant cinq jours, ce sont pr\u00e8s de 124&nbsp;musiciens qui vont se r\u00e9unir \u00e0 Saint-Cl\u00e9ment-des-Baleines pour un total de 35&nbsp;concerts. Quatre sc\u00e8nes (la Sc\u00e8ne du phare, le Th\u00e9\u00e2tre de verdure,&hellip;","og_url":"https:\/\/www.festivox.fr\/blog\/ile-de-re-bernard-lavilliers-murray-head-roberto-fonseca-attendus-a-la-14e-edition-de-jazz-au-phare\/","og_site_name":"FESTIVOX","article_published_time":"2023-07-26T07:26:00+00:00","og_image":[{"url":"https:\/\/www.festivox.fr\/blog\/wp-content\/uploads\/2023\/07\/ile-de-re-bernard-lavilliers-murray-head-roberto-fonseca-attendus-a-la-14e-edition-de-jazz-au-phare.jpg","type":"","width":"","height":""}],"author":"Michele","twitter_card":"summary_large_image","twitter_misc":{"\u00c9crit par":"Michele","Dur\u00e9e de lecture estim\u00e9e":"2 minutes"},"schema":{"@context":"https:\/\/schema.org","@graph":[{"@type":"Article","@id":"https:\/\/www.festivox.fr\/blog\/ile-de-re-bernard-lavilliers-murray-head-roberto-fonseca-attendus-a-la-14e-edition-de-jazz-au-phare\/#article","isPartOf":{"@id":"https:\/\/www.festivox.fr\/blog\/ile-de-re-bernard-lavilliers-murray-head-roberto-fonseca-attendus-a-la-14e-edition-de-jazz-au-phare\/"},"author":{"name":"Michele","@id":"https:\/\/www.festivox.fr\/blog\/#\/schema\/person\/f36a8b6bc94800c3eafed4bca993ce95"},"headline":"\u00cele de R\u00e9 : Bernard Lavilliers, Murray Head, Roberto Fonseca, attendus \u00e0 la 14e \u00e9dition de Jazz au phare","datePublished":"2023-07-26T07:26:00+00:00","mainEntityOfPage":{"@id":"https:\/\/www.festivox.fr\/blog\/ile-de-re-bernard-lavilliers-murray-head-roberto-fonseca-attendus-a-la-14e-edition-de-jazz-au-phare\/"},"wordCount":435,"publisher":{"@id":"https:\/\/www.festivox.fr\/blog\/#organization"},"image":{"@id":"https:\/\/www.festivox.fr\/blog\/ile-de-re-bernard-lavilliers-murray-head-roberto-fonseca-attendus-a-la-14e-edition-de-jazz-au-phare\/#primaryimage"},"thumbnailUrl":"https:\/\/www.festivox.fr\/blog\/wp-content\/uploads\/2023\/07\/ile-de-re-bernard-lavilliers-murray-head-roberto-fonseca-attendus-a-la-14e-edition-de-jazz-au-phare.jpg","articleSection":["Wiki Sur Festival Jazz Et Musique En Mode Guinguette:"],"inLanguage":"fr-FR"},{"@type":"WebPage","@id":"https:\/\/www.festivox.fr\/blog\/ile-de-re-bernard-lavilliers-murray-head-roberto-fonseca-attendus-a-la-14e-edition-de-jazz-au-phare\/","url":"https:\/\/www.festivox.fr\/blog\/ile-de-re-bernard-lavilliers-murray-head-roberto-fonseca-attendus-a-la-14e-edition-de-jazz-au-phare\/","name":"\u00cele de R\u00e9 : Bernard Lavilliers, Murray Head, Roberto Fonseca, attendus \u00e0 la 14e \u00e9dition de Jazz au phare - FESTIVOX","isPartOf":{"@id":"https:\/\/www.festivox.fr\/blog\/#website"},"primaryImageOfPage":{"@id":"https:\/\/www.festivox.fr\/blog\/ile-de-re-bernard-lavilliers-murray-head-roberto-fonseca-attendus-a-la-14e-edition-de-jazz-au-phare\/#primaryimage"},"image":{"@id":"https:\/\/www.festivox.fr\/blog\/ile-de-re-bernard-lavilliers-murray-head-roberto-fonseca-attendus-a-la-14e-edition-de-jazz-au-phare\/#primaryimage"},"thumbnailUrl":"https:\/\/www.festivox.fr\/blog\/wp-content\/uploads\/2023\/07\/ile-de-re-bernard-lavilliers-murray-head-roberto-fonseca-attendus-a-la-14e-edition-de-jazz-au-phare.jpg","datePublished":"2023-07-26T07:26:00+00:00","breadcrumb":{"@id":"https:\/\/www.festivox.fr\/blog\/ile-de-re-bernard-lavilliers-murray-head-roberto-fonseca-attendus-a-la-14e-edition-de-jazz-au-phare\/#breadcrumb"},"inLanguage":"fr-FR","potentialAction":[{"@type":"ReadAction","target":["https:\/\/www.festivox.fr\/blog\/ile-de-re-bernard-lavilliers-murray-head-roberto-fonseca-attendus-a-la-14e-edition-de-jazz-au-phare\/"]}]},{"@type":"ImageObject","inLanguage":"fr-FR","@id":"https:\/\/www.festivox.fr\/blog\/ile-de-re-bernard-lavilliers-murray-head-roberto-fonseca-attendus-a-la-14e-edition-de-jazz-au-phare\/#primaryimage","url":"https:\/\/www.festivox.fr\/blog\/wp-content\/uploads\/2023\/07\/ile-de-re-bernard-lavilliers-murray-head-roberto-fonseca-attendus-a-la-14e-edition-de-jazz-au-phare.jpg","contentUrl":"https:\/\/www.festivox.fr\/blog\/wp-content\/uploads\/2023\/07\/ile-de-re-bernard-lavilliers-murray-head-roberto-fonseca-attendus-a-la-14e-edition-de-jazz-au-phare.jpg","width":1200,"height":761},{"@type":"BreadcrumbList","@id":"https:\/\/www.festivox.fr\/blog\/ile-de-re-bernard-lavilliers-murray-head-roberto-fonseca-attendus-a-la-14e-edition-de-jazz-au-phare\/#breadcrumb","itemListElement":[{"@type":"ListItem","position":1,"name":"Accueil","item":"https:\/\/www.festivox.fr\/blog\/"},{"@type":"ListItem","position":2,"name":"\u00cele de R\u00e9 : Bernard Lavilliers, Murray Head, Roberto Fonseca, attendus \u00e0 la 14e \u00e9dition de Jazz au phare"}]},{"@type":"WebSite","@id":"https:\/\/www.festivox.fr\/blog\/#website","url":"https:\/\/www.festivox.fr\/blog\/","name":"FESTIVOX","description":"Festival en mode guinguette.","publisher":{"@id":"https:\/\/www.festivox.fr\/blog\/#organization"},"potentialAction":[{"@type":"SearchAction","target":{"@type":"EntryPoint","urlTemplate":"https:\/\/www.festivox.fr\/blog\/?s={search_term_string}"},"query-input":{"@type":"PropertyValueSpecification","valueRequired":true,"valueName":"search_term_string"}}],"inLanguage":"fr-FR"},{"@type":"Organization","@id":"https:\/\/www.festivox.fr\/blog\/#organization","name":"festivox","url":"https:\/\/www.festivox.fr\/blog\/","logo":{"@type":"ImageObject","inLanguage":"fr-FR","@id":"https:\/\/www.festivox.fr\/blog\/#\/schema\/logo\/image\/","url":"https:\/\/www.festivox.fr\/blog\/wp-content\/uploads\/2023\/06\/logo-2.png","contentUrl":"https:\/\/www.festivox.fr\/blog\/wp-content\/uploads\/2023\/06\/logo-2.png","width":480,"height":160,"caption":"festivox"},"image":{"@id":"https:\/\/www.festivox.fr\/blog\/#\/schema\/logo\/image\/"}},{"@type":"Person","@id":"https:\/\/www.festivox.fr\/blog\/#\/schema\/person\/f36a8b6bc94800c3eafed4bca993ce95","name":"Michele","image":{"@type":"ImageObject","inLanguage":"fr-FR","@id":"https:\/\/secure.gravatar.com\/avatar\/b062046536b5d47ec9075956ec349ef95ed06b0f910c578f74abb318668b702e?s=96&d=mm&r=g","url":"https:\/\/secure.gravatar.com\/avatar\/b062046536b5d47ec9075956ec349ef95ed06b0f910c578f74abb318668b702e?s=96&d=mm&r=g","contentUrl":"https:\/\/secure.gravatar.com\/avatar\/b062046536b5d47ec9075956ec349ef95ed06b0f910c578f74abb318668b702e?s=96&d=mm&r=g","caption":"Michele"},"sameAs":["https:\/\/www.festivox.fr\/blog"],"url":"https:\/\/www.festivox.fr\/blog\/author\/voxadmin\/"}]}},"_links":{"self":[{"href":"https:\/\/www.festivox.fr\/blog\/wp-json\/wp\/v2\/posts\/271","targetHints":{"allow":["GET"]}}],"collection":[{"href":"https:\/\/www.festivox.fr\/blog\/wp-json\/wp\/v2\/posts"}],"about":[{"href":"https:\/\/www.festivox.fr\/blog\/wp-json\/wp\/v2\/types\/post"}],"author":[{"embeddable":true,"href":"https:\/\/www.festivox.fr\/blog\/wp-json\/wp\/v2\/users\/1"}],"replies":[{"embeddable":true,"href":"https:\/\/www.festivox.fr\/blog\/wp-json\/wp\/v2\/comments?post=271"}],"version-history":[{"count":0,"href":"https:\/\/www.festivox.fr\/blog\/wp-json\/wp\/v2\/posts\/271\/revisions"}],"wp:featuredmedia":[{"embeddable":true,"href":"https:\/\/www.festivox.fr\/blog\/wp-json\/wp\/v2\/media\/272"}],"wp:attachment":[{"href":"https:\/\/www.festivox.fr\/blog\/wp-json\/wp\/v2\/media?parent=271"}],"wp:term":[{"taxonomy":"category","embeddable":true,"href":"https:\/\/www.festivox.fr\/blog\/wp-json\/wp\/v2\/categories?post=271"},{"taxonomy":"post_tag","embeddable":true,"href":"https:\/\/www.festivox.fr\/blog\/wp-json\/wp\/v2\/tags?post=271"}],"curies":[{"name":"wp","href":"https:\/\/api.w.org\/{rel}","templated":true}]}}