{"id":267,"date":"2023-07-17T04:16:00","date_gmt":"2023-07-17T02:16:00","guid":{"rendered":"https:\/\/www.festivox.fr\/blog\/festival-jazz-a-sete-ou-sortir-a-sete-et-sur-le-bassin-de-thau\/"},"modified":"2023-07-17T04:16:00","modified_gmt":"2023-07-17T02:16:00","slug":"festival-jazz-a-sete-ou-sortir-a-sete-et-sur-le-bassin-de-thau","status":"publish","type":"post","link":"https:\/\/www.festivox.fr\/blog\/festival-jazz-a-sete-ou-sortir-a-sete-et-sur-le-bassin-de-thau\/","title":{"rendered":"Festival Jazz \u00e0 S\u00e8te : o\u00f9 sortir \u00e0 S\u00e8te et sur le bassin de Thau"},"content":{"rendered":"\n<div><img decoding=\"async\" src=\"https:\/\/www.festivox.fr\/blog\/wp-content\/uploads\/2023\/07\/festival-jazz-a-sete-ou-sortir-a-sete-et-sur-le-bassin-de-thau.jpg\" class=\"ff-og-image-inserted\"><\/div>\n<h2 class=\"txt-int\">FESTIVAL<\/h2>\n<h2 class=\"titre\">Rencontre avec Jazz \u00e0 S\u00e8te<\/h2>\n<p>Dans le cadre du Festival Jazz \u00e0 S\u00e8te,<strong> lundi 17 juillet<\/strong> de 15\u2005h\u200515 \u00e0 16\u2005h\u200515, m\u00e9diath\u00e8que Mitterrand, rencontre artistique avec Sly Johnson, chanteur et beat-boxer de g\u00e9nie, interpr\u00e8te de hip-hop aux influences jazz, blues, funk, soul et m\u00eame rock\u2005! Entr\u00e9e libre.<\/p>\n<p><!-- Pub DFP Position [outstream] --> <\/p>\n<h2 class=\"titre\">Les before de Jazz \u00e0 S\u00e8te<\/h2>\n<p>L\u2019\u00e9tablissement \u201cThe Rio\u201d du quai L\u00e9opold-Suquet accueille<strong> lundi 17 juillet<\/strong> \u00e0 partir de 18\u2005h\u200530, \u201cRachel Ratsozafi Quintet\u201d. La chanteuse d\u00e9voile au public la plan\u00e8te \u201cGospel\u201d, un patchwork esth\u00e9tique surprenant qui donne envie de chanter, danser jusqu\u2019\u00e0 \u00e9mouvoir\u2026 R\u00e9servations au 04 67 74 21 10.<\/p>\n<p><!-- Pub DFP Position [article] --> <\/p>\n<h2 class=\"titre\">Sly Johnson et Arrested Development invit\u00e9s de Jazz \u00e0 S\u00e8te<\/h2>\n<p>Le Th\u00e9\u00e2tre de la Mer, promenade Mal-Leclerc, dans le cadre de Jazz \u00e0 S\u00e8te, accueille<strong> lundi 17 juillet<\/strong> \u00e0 21\u2005h, Sly Johnson, artiste aux talents multiples, autodidacte, pur fruit de la culture hip-hop. Il impose une st\u00e8le o\u00f9 se croisent le funk, la soul, le jazz et le hip-hop, m\u00e9lange puissant, sensuel et sensible\u2026 Puis \u00e0 22\u2005h\u200530, Arrested Development, groupe culte qui rayonne en live avec son hip-hop et qui a remport\u00e9 plusieurs Grammy Awwards. Ils m\u00ealent l\u2019\u00e9nergie du rap, le groove de la soul et les vibrations oldscholl\u2005! Tarifs \u00e0 partir de 45 \u20ac (pass 7 j\/275 \u20ac, pass 2\u2005h\/de 75 \u00e0 105 \u20ac), billetterie \u00e0 la Fnac, Auchan, Carrefour, office de tourisme de S\u00e8te au 04 99 04 71 71.<\/p>\n<h2 class=\"titre\">Rencontre avec Jazz \u00e0 S\u00e8te<\/h2>\n<p>Dans le cadre du Festival Jazz \u00e0 S\u00e8te,<strong> mardi 18 juillet<\/strong> de 15\u2005h\u200515 \u00e0 16\u2005h\u200515, m\u00e9diath\u00e8que Mitterrand, rencontre avec Jean-Pierre Como Trio qui respire la musicalit\u00e9, l\u2018intelligence avec un sens \u00e9vident du dialogue et de l\u2018interaction\u2026Entr\u00e9e libre.<\/p>\n<h2 class=\"titre\">Les before de Jazz \u00e0 S\u00e8te<\/h2>\n<p>L\u2019\u00e9tablissement \u201cThe Rio\u201d du quai L\u00e9opold-Suquet accueille,<strong> mardi 18 juillet<\/strong> \u00e0 partir de 18\u2005h\u200530, \u201cMezcal Jazz Unit\u201d. Le groupe est compos\u00e9 de Christophe Azema au saxo, Jean-Marie Fr\u00e9d\u00e9ric \u00e0 la guitare, Emmanuel de Gouvello \u00e0 la basse et Daniel Solia \u00e0 la batterie. Ils seront en tourn\u00e9e au Japon l\u2019automne prochain. R\u00e9servations au 04 67 74 21 10.<\/p>\n<h2 class=\"titre\">\u201cJean Pierre Como Trio\u201d et \u201cYoun Sun Nah Quartet\u201d invit\u00e9s de Jazz \u00e0 S\u00e8te<\/h2>\n<p>Le Th\u00e9\u00e2tre de la Mer, promenade Mal-Leclerc, dans le cadre de Jazz \u00e0 S\u00e8te, accueille <strong>mardi 18 juillet<\/strong> \u00e0 21\u2005h, \u201cJean Pierre Como Trio\u201d. L\u2019harmonie qui unit ces trois musiciens est \u00e0 son maximum, tout comme la libert\u00e9 dans leur jeu, les \u00e9nergies se lib\u00e8rent\u2026 Un magnifique Trio de classe internationale, une p\u00e9pite \u00e0 ne pas manquer\u2005! Puis \u201cYoun Sun Nah Quartet\u201d, la chanteuse cor\u00e9enne publie son nouvel opus, empruntant tant\u00f4t au jazz, \u00e0 la pop, \u00e0 la folk et aux musiques du monde\u2026 Un r\u00e9pertoire qu\u2018elle revisitera sur sc\u00e8ne avec un groupe qui l\u2019est tout autant avec une formation voix-basses-guitares-claviers\u2026 Tarif de 45 \u20ac (pass 7 j\/275 \u20ac, pass 2\u2005h\/de 75 \u00e0 105 \u20ac), billetterie \u00e0 la Fnac, Auchan, Carrefour, office de tourisme de S\u00e8te au 04 99 04 71 71.<br \/>&nbsp;<\/p>\n<p> Cet article, qui traite du th\u00e8me \u00ab\u00a0Festival Jazz et musique en mode guinguette\u00a0\u00bb, vous est d\u00e9lib\u00e9r\u00e9ment offert par festivox.fr. La raison d\u2019\u00eatre de festivox.fr est de parler de Festival Jazz et musique en mode guinguette dans la transparence la plus g\u00e9n\u00e9rale en vous procurant la visibilit\u00e9 de tout ce qui est publi\u00e9 sur ce sujet sur le web La chronique a \u00e9t\u00e9 g\u00e9n\u00e9r\u00e9e de la mani\u00e8re la plus honn\u00eate que possible. S\u2019il advenait que vous projetez d\u2019apporter quelques notes concernant le domaine de \u00ab\u00a0Festival Jazz et musique en mode guinguette\u00a0\u00bb vous avez la possibilit\u00e9 de d&rsquo;\u00e9changer avec notre r\u00e9daction. Dans peu de temps, on mettra en ligne d&rsquo;autres informations pertinentes autour du sujet \u00ab\u00a0Festival Jazz et musique en mode guinguette\u00a0\u00bb. Ainsi, consultez r\u00e9guli\u00e8rement notre site.<\/p>\n","protected":false},"excerpt":{"rendered":"<p>FESTIVAL Rencontre avec Jazz \u00e0 S\u00e8te Dans le cadre du Festival Jazz \u00e0 S\u00e8te, lundi 17 juillet de 15\u2005h\u200515 \u00e0 16\u2005h\u200515, m\u00e9diath\u00e8que Mitterrand, rencontre artistique avec Sly Johnson, chanteur et beat-boxer de g\u00e9nie, interpr\u00e8te de hip-hop aux influences jazz, blues, funk, soul et m\u00eame rock\u2005! Entr\u00e9e libre. Les before de Jazz \u00e0 S\u00e8te L\u2019\u00e9tablissement \u201cThe&hellip;<\/p>\n","protected":false},"author":1,"featured_media":268,"comment_status":"closed","ping_status":"closed","sticky":false,"template":"","format":"standard","meta":{"footnotes":""},"categories":[3],"tags":[],"class_list":["post-267","post","type-post","status-publish","format-standard","has-post-thumbnail","hentry","category-wiki-sur-festival-jazz-et-musique-en-mode-guinguette"],"yoast_head":"<!-- This site is optimized with the Yoast SEO plugin v27.5 - https:\/\/yoast.com\/product\/yoast-seo-wordpress\/ -->\n<title>Festival Jazz \u00e0 S\u00e8te : o\u00f9 sortir \u00e0 S\u00e8te et sur le bassin de Thau - FESTIVOX<\/title>\n<meta name=\"robots\" content=\"index, follow, max-snippet:-1, max-image-preview:large, max-video-preview:-1\" \/>\n<link rel=\"canonical\" href=\"https:\/\/www.festivox.fr\/blog\/festival-jazz-a-sete-ou-sortir-a-sete-et-sur-le-bassin-de-thau\/\" \/>\n<meta property=\"og:locale\" content=\"fr_FR\" \/>\n<meta property=\"og:type\" content=\"article\" \/>\n<meta property=\"og:title\" content=\"Festival Jazz \u00e0 S\u00e8te : o\u00f9 sortir \u00e0 S\u00e8te et sur le bassin de Thau - FESTIVOX\" \/>\n<meta property=\"og:description\" content=\"FESTIVAL Rencontre avec Jazz \u00e0 S\u00e8te Dans le cadre du Festival Jazz \u00e0 S\u00e8te, lundi 17 juillet de 15\u2005h\u200515 \u00e0 16\u2005h\u200515, m\u00e9diath\u00e8que Mitterrand, rencontre artistique avec Sly Johnson, chanteur et beat-boxer de g\u00e9nie, interpr\u00e8te de hip-hop aux influences jazz, blues, funk, soul et m\u00eame rock\u2005! Entr\u00e9e libre. Les before de Jazz \u00e0 S\u00e8te L\u2019\u00e9tablissement \u201cThe&hellip;\" \/>\n<meta property=\"og:url\" content=\"https:\/\/www.festivox.fr\/blog\/festival-jazz-a-sete-ou-sortir-a-sete-et-sur-le-bassin-de-thau\/\" \/>\n<meta property=\"og:site_name\" content=\"FESTIVOX\" \/>\n<meta property=\"article:published_time\" content=\"2023-07-17T02:16:00+00:00\" \/>\n<meta property=\"og:image\" content=\"https:\/\/www.festivox.fr\/blog\/wp-content\/uploads\/2023\/07\/festival-jazz-a-sete-ou-sortir-a-sete-et-sur-le-bassin-de-thau.jpg\" \/>\n<meta name=\"author\" content=\"Michele\" \/>\n<meta name=\"twitter:card\" content=\"summary_large_image\" \/>\n<meta name=\"twitter:label1\" content=\"\u00c9crit par\" \/>\n\t<meta name=\"twitter:data1\" content=\"Michele\" \/>\n\t<meta name=\"twitter:label2\" content=\"Dur\u00e9e de lecture estim\u00e9e\" \/>\n\t<meta name=\"twitter:data2\" content=\"3 minutes\" \/>\n<script type=\"application\/ld+json\" class=\"yoast-schema-graph\">{\"@context\":\"https:\\\/\\\/schema.org\",\"@graph\":[{\"@type\":\"Article\",\"@id\":\"https:\\\/\\\/www.festivox.fr\\\/blog\\\/festival-jazz-a-sete-ou-sortir-a-sete-et-sur-le-bassin-de-thau\\\/#article\",\"isPartOf\":{\"@id\":\"https:\\\/\\\/www.festivox.fr\\\/blog\\\/festival-jazz-a-sete-ou-sortir-a-sete-et-sur-le-bassin-de-thau\\\/\"},\"author\":{\"name\":\"Michele\",\"@id\":\"https:\\\/\\\/www.festivox.fr\\\/blog\\\/#\\\/schema\\\/person\\\/f36a8b6bc94800c3eafed4bca993ce95\"},\"headline\":\"Festival Jazz \u00e0 S\u00e8te : o\u00f9 sortir \u00e0 S\u00e8te et sur le bassin de Thau\",\"datePublished\":\"2023-07-17T02:16:00+00:00\",\"mainEntityOfPage\":{\"@id\":\"https:\\\/\\\/www.festivox.fr\\\/blog\\\/festival-jazz-a-sete-ou-sortir-a-sete-et-sur-le-bassin-de-thau\\\/\"},\"wordCount\":628,\"publisher\":{\"@id\":\"https:\\\/\\\/www.festivox.fr\\\/blog\\\/#organization\"},\"image\":{\"@id\":\"https:\\\/\\\/www.festivox.fr\\\/blog\\\/festival-jazz-a-sete-ou-sortir-a-sete-et-sur-le-bassin-de-thau\\\/#primaryimage\"},\"thumbnailUrl\":\"https:\\\/\\\/www.festivox.fr\\\/blog\\\/wp-content\\\/uploads\\\/2023\\\/07\\\/festival-jazz-a-sete-ou-sortir-a-sete-et-sur-le-bassin-de-thau.jpg\",\"articleSection\":[\"Wiki Sur Festival Jazz Et Musique En Mode Guinguette:\"],\"inLanguage\":\"fr-FR\"},{\"@type\":\"WebPage\",\"@id\":\"https:\\\/\\\/www.festivox.fr\\\/blog\\\/festival-jazz-a-sete-ou-sortir-a-sete-et-sur-le-bassin-de-thau\\\/\",\"url\":\"https:\\\/\\\/www.festivox.fr\\\/blog\\\/festival-jazz-a-sete-ou-sortir-a-sete-et-sur-le-bassin-de-thau\\\/\",\"name\":\"Festival Jazz \u00e0 S\u00e8te : o\u00f9 sortir \u00e0 S\u00e8te et sur le bassin de Thau - FESTIVOX\",\"isPartOf\":{\"@id\":\"https:\\\/\\\/www.festivox.fr\\\/blog\\\/#website\"},\"primaryImageOfPage\":{\"@id\":\"https:\\\/\\\/www.festivox.fr\\\/blog\\\/festival-jazz-a-sete-ou-sortir-a-sete-et-sur-le-bassin-de-thau\\\/#primaryimage\"},\"image\":{\"@id\":\"https:\\\/\\\/www.festivox.fr\\\/blog\\\/festival-jazz-a-sete-ou-sortir-a-sete-et-sur-le-bassin-de-thau\\\/#primaryimage\"},\"thumbnailUrl\":\"https:\\\/\\\/www.festivox.fr\\\/blog\\\/wp-content\\\/uploads\\\/2023\\\/07\\\/festival-jazz-a-sete-ou-sortir-a-sete-et-sur-le-bassin-de-thau.jpg\",\"datePublished\":\"2023-07-17T02:16:00+00:00\",\"breadcrumb\":{\"@id\":\"https:\\\/\\\/www.festivox.fr\\\/blog\\\/festival-jazz-a-sete-ou-sortir-a-sete-et-sur-le-bassin-de-thau\\\/#breadcrumb\"},\"inLanguage\":\"fr-FR\",\"potentialAction\":[{\"@type\":\"ReadAction\",\"target\":[\"https:\\\/\\\/www.festivox.fr\\\/blog\\\/festival-jazz-a-sete-ou-sortir-a-sete-et-sur-le-bassin-de-thau\\\/\"]}]},{\"@type\":\"ImageObject\",\"inLanguage\":\"fr-FR\",\"@id\":\"https:\\\/\\\/www.festivox.fr\\\/blog\\\/festival-jazz-a-sete-ou-sortir-a-sete-et-sur-le-bassin-de-thau\\\/#primaryimage\",\"url\":\"https:\\\/\\\/www.festivox.fr\\\/blog\\\/wp-content\\\/uploads\\\/2023\\\/07\\\/festival-jazz-a-sete-ou-sortir-a-sete-et-sur-le-bassin-de-thau.jpg\",\"contentUrl\":\"https:\\\/\\\/www.festivox.fr\\\/blog\\\/wp-content\\\/uploads\\\/2023\\\/07\\\/festival-jazz-a-sete-ou-sortir-a-sete-et-sur-le-bassin-de-thau.jpg\",\"width\":885,\"height\":500},{\"@type\":\"BreadcrumbList\",\"@id\":\"https:\\\/\\\/www.festivox.fr\\\/blog\\\/festival-jazz-a-sete-ou-sortir-a-sete-et-sur-le-bassin-de-thau\\\/#breadcrumb\",\"itemListElement\":[{\"@type\":\"ListItem\",\"position\":1,\"name\":\"Accueil\",\"item\":\"https:\\\/\\\/www.festivox.fr\\\/blog\\\/\"},{\"@type\":\"ListItem\",\"position\":2,\"name\":\"Festival Jazz \u00e0 S\u00e8te : o\u00f9 sortir \u00e0 S\u00e8te et sur le bassin de Thau\"}]},{\"@type\":\"WebSite\",\"@id\":\"https:\\\/\\\/www.festivox.fr\\\/blog\\\/#website\",\"url\":\"https:\\\/\\\/www.festivox.fr\\\/blog\\\/\",\"name\":\"FESTIVOX\",\"description\":\"Festival en mode guinguette.\",\"publisher\":{\"@id\":\"https:\\\/\\\/www.festivox.fr\\\/blog\\\/#organization\"},\"potentialAction\":[{\"@type\":\"SearchAction\",\"target\":{\"@type\":\"EntryPoint\",\"urlTemplate\":\"https:\\\/\\\/www.festivox.fr\\\/blog\\\/?s={search_term_string}\"},\"query-input\":{\"@type\":\"PropertyValueSpecification\",\"valueRequired\":true,\"valueName\":\"search_term_string\"}}],\"inLanguage\":\"fr-FR\"},{\"@type\":\"Organization\",\"@id\":\"https:\\\/\\\/www.festivox.fr\\\/blog\\\/#organization\",\"name\":\"festivox\",\"url\":\"https:\\\/\\\/www.festivox.fr\\\/blog\\\/\",\"logo\":{\"@type\":\"ImageObject\",\"inLanguage\":\"fr-FR\",\"@id\":\"https:\\\/\\\/www.festivox.fr\\\/blog\\\/#\\\/schema\\\/logo\\\/image\\\/\",\"url\":\"https:\\\/\\\/www.festivox.fr\\\/blog\\\/wp-content\\\/uploads\\\/2023\\\/06\\\/logo-2.png\",\"contentUrl\":\"https:\\\/\\\/www.festivox.fr\\\/blog\\\/wp-content\\\/uploads\\\/2023\\\/06\\\/logo-2.png\",\"width\":480,\"height\":160,\"caption\":\"festivox\"},\"image\":{\"@id\":\"https:\\\/\\\/www.festivox.fr\\\/blog\\\/#\\\/schema\\\/logo\\\/image\\\/\"}},{\"@type\":\"Person\",\"@id\":\"https:\\\/\\\/www.festivox.fr\\\/blog\\\/#\\\/schema\\\/person\\\/f36a8b6bc94800c3eafed4bca993ce95\",\"name\":\"Michele\",\"image\":{\"@type\":\"ImageObject\",\"inLanguage\":\"fr-FR\",\"@id\":\"https:\\\/\\\/secure.gravatar.com\\\/avatar\\\/b062046536b5d47ec9075956ec349ef95ed06b0f910c578f74abb318668b702e?s=96&d=mm&r=g\",\"url\":\"https:\\\/\\\/secure.gravatar.com\\\/avatar\\\/b062046536b5d47ec9075956ec349ef95ed06b0f910c578f74abb318668b702e?s=96&d=mm&r=g\",\"contentUrl\":\"https:\\\/\\\/secure.gravatar.com\\\/avatar\\\/b062046536b5d47ec9075956ec349ef95ed06b0f910c578f74abb318668b702e?s=96&d=mm&r=g\",\"caption\":\"Michele\"},\"sameAs\":[\"https:\\\/\\\/www.festivox.fr\\\/blog\"],\"url\":\"https:\\\/\\\/www.festivox.fr\\\/blog\\\/author\\\/voxadmin\\\/\"}]}<\/script>\n<!-- \/ Yoast SEO plugin. -->","yoast_head_json":{"title":"Festival Jazz \u00e0 S\u00e8te : o\u00f9 sortir \u00e0 S\u00e8te et sur le bassin de Thau - FESTIVOX","robots":{"index":"index","follow":"follow","max-snippet":"max-snippet:-1","max-image-preview":"max-image-preview:large","max-video-preview":"max-video-preview:-1"},"canonical":"https:\/\/www.festivox.fr\/blog\/festival-jazz-a-sete-ou-sortir-a-sete-et-sur-le-bassin-de-thau\/","og_locale":"fr_FR","og_type":"article","og_title":"Festival Jazz \u00e0 S\u00e8te : o\u00f9 sortir \u00e0 S\u00e8te et sur le bassin de Thau - FESTIVOX","og_description":"FESTIVAL Rencontre avec Jazz \u00e0 S\u00e8te Dans le cadre du Festival Jazz \u00e0 S\u00e8te, lundi 17 juillet de 15\u2005h\u200515 \u00e0 16\u2005h\u200515, m\u00e9diath\u00e8que Mitterrand, rencontre artistique avec Sly Johnson, chanteur et beat-boxer de g\u00e9nie, interpr\u00e8te de hip-hop aux influences jazz, blues, funk, soul et m\u00eame rock\u2005! Entr\u00e9e libre. Les before de Jazz \u00e0 S\u00e8te L\u2019\u00e9tablissement \u201cThe&hellip;","og_url":"https:\/\/www.festivox.fr\/blog\/festival-jazz-a-sete-ou-sortir-a-sete-et-sur-le-bassin-de-thau\/","og_site_name":"FESTIVOX","article_published_time":"2023-07-17T02:16:00+00:00","og_image":[{"url":"https:\/\/www.festivox.fr\/blog\/wp-content\/uploads\/2023\/07\/festival-jazz-a-sete-ou-sortir-a-sete-et-sur-le-bassin-de-thau.jpg","type":"","width":"","height":""}],"author":"Michele","twitter_card":"summary_large_image","twitter_misc":{"\u00c9crit par":"Michele","Dur\u00e9e de lecture estim\u00e9e":"3 minutes"},"schema":{"@context":"https:\/\/schema.org","@graph":[{"@type":"Article","@id":"https:\/\/www.festivox.fr\/blog\/festival-jazz-a-sete-ou-sortir-a-sete-et-sur-le-bassin-de-thau\/#article","isPartOf":{"@id":"https:\/\/www.festivox.fr\/blog\/festival-jazz-a-sete-ou-sortir-a-sete-et-sur-le-bassin-de-thau\/"},"author":{"name":"Michele","@id":"https:\/\/www.festivox.fr\/blog\/#\/schema\/person\/f36a8b6bc94800c3eafed4bca993ce95"},"headline":"Festival Jazz \u00e0 S\u00e8te : o\u00f9 sortir \u00e0 S\u00e8te et sur le bassin de Thau","datePublished":"2023-07-17T02:16:00+00:00","mainEntityOfPage":{"@id":"https:\/\/www.festivox.fr\/blog\/festival-jazz-a-sete-ou-sortir-a-sete-et-sur-le-bassin-de-thau\/"},"wordCount":628,"publisher":{"@id":"https:\/\/www.festivox.fr\/blog\/#organization"},"image":{"@id":"https:\/\/www.festivox.fr\/blog\/festival-jazz-a-sete-ou-sortir-a-sete-et-sur-le-bassin-de-thau\/#primaryimage"},"thumbnailUrl":"https:\/\/www.festivox.fr\/blog\/wp-content\/uploads\/2023\/07\/festival-jazz-a-sete-ou-sortir-a-sete-et-sur-le-bassin-de-thau.jpg","articleSection":["Wiki Sur Festival Jazz Et Musique En Mode Guinguette:"],"inLanguage":"fr-FR"},{"@type":"WebPage","@id":"https:\/\/www.festivox.fr\/blog\/festival-jazz-a-sete-ou-sortir-a-sete-et-sur-le-bassin-de-thau\/","url":"https:\/\/www.festivox.fr\/blog\/festival-jazz-a-sete-ou-sortir-a-sete-et-sur-le-bassin-de-thau\/","name":"Festival Jazz \u00e0 S\u00e8te : o\u00f9 sortir \u00e0 S\u00e8te et sur le bassin de Thau - FESTIVOX","isPartOf":{"@id":"https:\/\/www.festivox.fr\/blog\/#website"},"primaryImageOfPage":{"@id":"https:\/\/www.festivox.fr\/blog\/festival-jazz-a-sete-ou-sortir-a-sete-et-sur-le-bassin-de-thau\/#primaryimage"},"image":{"@id":"https:\/\/www.festivox.fr\/blog\/festival-jazz-a-sete-ou-sortir-a-sete-et-sur-le-bassin-de-thau\/#primaryimage"},"thumbnailUrl":"https:\/\/www.festivox.fr\/blog\/wp-content\/uploads\/2023\/07\/festival-jazz-a-sete-ou-sortir-a-sete-et-sur-le-bassin-de-thau.jpg","datePublished":"2023-07-17T02:16:00+00:00","breadcrumb":{"@id":"https:\/\/www.festivox.fr\/blog\/festival-jazz-a-sete-ou-sortir-a-sete-et-sur-le-bassin-de-thau\/#breadcrumb"},"inLanguage":"fr-FR","potentialAction":[{"@type":"ReadAction","target":["https:\/\/www.festivox.fr\/blog\/festival-jazz-a-sete-ou-sortir-a-sete-et-sur-le-bassin-de-thau\/"]}]},{"@type":"ImageObject","inLanguage":"fr-FR","@id":"https:\/\/www.festivox.fr\/blog\/festival-jazz-a-sete-ou-sortir-a-sete-et-sur-le-bassin-de-thau\/#primaryimage","url":"https:\/\/www.festivox.fr\/blog\/wp-content\/uploads\/2023\/07\/festival-jazz-a-sete-ou-sortir-a-sete-et-sur-le-bassin-de-thau.jpg","contentUrl":"https:\/\/www.festivox.fr\/blog\/wp-content\/uploads\/2023\/07\/festival-jazz-a-sete-ou-sortir-a-sete-et-sur-le-bassin-de-thau.jpg","width":885,"height":500},{"@type":"BreadcrumbList","@id":"https:\/\/www.festivox.fr\/blog\/festival-jazz-a-sete-ou-sortir-a-sete-et-sur-le-bassin-de-thau\/#breadcrumb","itemListElement":[{"@type":"ListItem","position":1,"name":"Accueil","item":"https:\/\/www.festivox.fr\/blog\/"},{"@type":"ListItem","position":2,"name":"Festival Jazz \u00e0 S\u00e8te : o\u00f9 sortir \u00e0 S\u00e8te et sur le bassin de Thau"}]},{"@type":"WebSite","@id":"https:\/\/www.festivox.fr\/blog\/#website","url":"https:\/\/www.festivox.fr\/blog\/","name":"FESTIVOX","description":"Festival en mode guinguette.","publisher":{"@id":"https:\/\/www.festivox.fr\/blog\/#organization"},"potentialAction":[{"@type":"SearchAction","target":{"@type":"EntryPoint","urlTemplate":"https:\/\/www.festivox.fr\/blog\/?s={search_term_string}"},"query-input":{"@type":"PropertyValueSpecification","valueRequired":true,"valueName":"search_term_string"}}],"inLanguage":"fr-FR"},{"@type":"Organization","@id":"https:\/\/www.festivox.fr\/blog\/#organization","name":"festivox","url":"https:\/\/www.festivox.fr\/blog\/","logo":{"@type":"ImageObject","inLanguage":"fr-FR","@id":"https:\/\/www.festivox.fr\/blog\/#\/schema\/logo\/image\/","url":"https:\/\/www.festivox.fr\/blog\/wp-content\/uploads\/2023\/06\/logo-2.png","contentUrl":"https:\/\/www.festivox.fr\/blog\/wp-content\/uploads\/2023\/06\/logo-2.png","width":480,"height":160,"caption":"festivox"},"image":{"@id":"https:\/\/www.festivox.fr\/blog\/#\/schema\/logo\/image\/"}},{"@type":"Person","@id":"https:\/\/www.festivox.fr\/blog\/#\/schema\/person\/f36a8b6bc94800c3eafed4bca993ce95","name":"Michele","image":{"@type":"ImageObject","inLanguage":"fr-FR","@id":"https:\/\/secure.gravatar.com\/avatar\/b062046536b5d47ec9075956ec349ef95ed06b0f910c578f74abb318668b702e?s=96&d=mm&r=g","url":"https:\/\/secure.gravatar.com\/avatar\/b062046536b5d47ec9075956ec349ef95ed06b0f910c578f74abb318668b702e?s=96&d=mm&r=g","contentUrl":"https:\/\/secure.gravatar.com\/avatar\/b062046536b5d47ec9075956ec349ef95ed06b0f910c578f74abb318668b702e?s=96&d=mm&r=g","caption":"Michele"},"sameAs":["https:\/\/www.festivox.fr\/blog"],"url":"https:\/\/www.festivox.fr\/blog\/author\/voxadmin\/"}]}},"_links":{"self":[{"href":"https:\/\/www.festivox.fr\/blog\/wp-json\/wp\/v2\/posts\/267","targetHints":{"allow":["GET"]}}],"collection":[{"href":"https:\/\/www.festivox.fr\/blog\/wp-json\/wp\/v2\/posts"}],"about":[{"href":"https:\/\/www.festivox.fr\/blog\/wp-json\/wp\/v2\/types\/post"}],"author":[{"embeddable":true,"href":"https:\/\/www.festivox.fr\/blog\/wp-json\/wp\/v2\/users\/1"}],"replies":[{"embeddable":true,"href":"https:\/\/www.festivox.fr\/blog\/wp-json\/wp\/v2\/comments?post=267"}],"version-history":[{"count":0,"href":"https:\/\/www.festivox.fr\/blog\/wp-json\/wp\/v2\/posts\/267\/revisions"}],"wp:featuredmedia":[{"embeddable":true,"href":"https:\/\/www.festivox.fr\/blog\/wp-json\/wp\/v2\/media\/268"}],"wp:attachment":[{"href":"https:\/\/www.festivox.fr\/blog\/wp-json\/wp\/v2\/media?parent=267"}],"wp:term":[{"taxonomy":"category","embeddable":true,"href":"https:\/\/www.festivox.fr\/blog\/wp-json\/wp\/v2\/categories?post=267"},{"taxonomy":"post_tag","embeddable":true,"href":"https:\/\/www.festivox.fr\/blog\/wp-json\/wp\/v2\/tags?post=267"}],"curies":[{"name":"wp","href":"https:\/\/api.w.org\/{rel}","templated":true}]}}