{"id":264,"date":"2023-07-05T14:59:00","date_gmt":"2023-07-05T12:59:00","guid":{"rendered":"https:\/\/www.festivox.fr\/blog\/jazz-sur-son-31-toutes-les-facettes-de-la-prochaine-edition-du-festival\/"},"modified":"2023-07-05T14:59:00","modified_gmt":"2023-07-05T12:59:00","slug":"jazz-sur-son-31-toutes-les-facettes-de-la-prochaine-edition-du-festival","status":"publish","type":"post","link":"https:\/\/www.festivox.fr\/blog\/jazz-sur-son-31-toutes-les-facettes-de-la-prochaine-edition-du-festival\/","title":{"rendered":"Jazz sur son 31 : toutes les facettes de la prochaine \u00e9dition du festival"},"content":{"rendered":"\n<div><img decoding=\"async\" src=\"https:\/\/www.festivox.fr\/blog\/wp-content\/uploads\/2023\/07\/jazz-sur-son-31-toutes-les-facettes-de-la-prochaine-edition-du-festival.jpg\" class=\"ff-og-image-inserted\"><\/div>\n<p> <span class=\"article-full__chapo-label hide-on-small-only\">l&rsquo;essentiel<\/span> La 37e \u00e9dition du festival Jazz sur son 31 aura lieu du 4 au 15 octobre \u00e0 Toulouse et dans le d\u00e9partement, avec 74 concerts dans 24 communes. La billetterie ouvre d\u00e8s vendredi 7 juillet. <\/p>\n<div>\n<p>Alors que Jazz in Marciac s\u2019appr\u00eate \u00e0 ouvrir ses portes (euh, son chapiteau\u2026) le 20 juillet pour plus de deux semaines de concerts, Jazz sur 31 d\u00e9voile sa programmation. Initi\u00e9 par le conseil d\u00e9partemental de la Haute-Garonne, le festival cultive depuis toujours l\u2019esprit de curiosit\u00e9 et la volont\u00e9 d\u2019aller porter la musique jusqu\u2019aux plus petites localit\u00e9s, de Roquettes, pr\u00e8s de Toulouse, \u00e0 Soueich, dans le Comminges.<br \/>Du 4 au 15 octobre, la 37e \u00e9dition de Jazz sur son 31 proposera une programmation se r\u00e9partissant entre le In, soit 37 concerts, donn\u00e9s, pour 13 d\u2019entre eux, au Pavillon R\u00e9publique, la salle en toile p\u00e9renne situ\u00e9e dans la cour du conseil d\u00e9partemental, et les Passerelles et ses 37 actions gratuites (spectacles et cin\u00e9-concert jeune public, le\u00e7on d\u2019afro jazz pour les scolaires, \u00e9tudiants, amateurs, etc.) dans tout le d\u00e9partement.<\/p>\n<p><!-- Pub DFP Position [outstream] --> <\/p>\n<h2 class=\"txt-int\">La sensation soul Billy Valentine<\/h2>\n<p>Bien dans l\u2019air du temps, cette nouvelle \u00e9dition fera la part belle aux artistes f\u00e9minines du jazz, mais aussi \u00e0 la jeune sc\u00e8ne fran\u00e7aise, \u00e0 la soul music ou encore au jazz oriental qui viendront s\u2019ajouter aux artistes du Club New York et du Jazz Fran\u00e7ais, qui affichent de sacr\u00e9es pointures chaque ann\u00e9e.<br \/>La soir\u00e9e d\u2019ouverture, gratuite, permettra de d\u00e9couvrir le Blue Train Quintet de Philippe L\u00e9og\u00e9 (qui fut longtemps le programmateur de Jazz sur son 31).<br \/>Le Pavillon R\u00e9publique accueillera ensuite, \u00e0 des prix cadeaux (5 \u20ac en semaine, 8 \u20ac le samedi) le chanteur am\u00e9ricain Billy Valentine, vieux briscard de la soul dont le premier album, arriv\u00e9 sur le tard, en mars, est une pure merveille. Egalement programm\u00e9s au fil des jours\u2005: la chanteuse new-yorkaise Kendra Morris, le producteur et DJ britannique Kamaal Williams, le flamenco jazz de Rafael Pradal, le jazz oriental de la fl\u00fbtiste virtuose franco-syrienne Na\u00efssam Jamal, le jazz-funk du collectif toulousain d\u2019Hancock en stock ou encore le hip-hop teint\u00e9 de jazz du Sud Africain Stogie T.<br \/>Toujours tr\u00e8s attendue, donc, la programmation du Club New York verra se succ\u00e9der le saxophoniste, compositeur et multi-instrumentiste Tivon Pennicott et son quartet\u2005; l\u2019\u00e9toile montante, saxophoniste alto Lakecia Benjamin et JaRon Marshall, clavi\u00e9riste des c\u00e9l\u00e8bres Black Pumas, qui viendra pr\u00e9senter son premier album.<br \/>Rayon France, les d\u00e9couvertes seront multiples avec le saxophoniste L\u00e9on Phal et son quintet, le guitariste et compositeur R\u00e9my Gauche et le multi-instrumentiste Sylvain Rifflet. Sans oublier le tr\u00e8s aguerri pianiste toulousain R\u00e9mi Panossian et son trio RP3, qu\u2019on a toujours plaisir de retrouver \u00e0 domicile.<\/p>\n<p><!-- Pub DFP Position [article] --> <\/p>\n<h2 class=\"txt-int\">Erik Truffaz, les fr\u00e8res Belmondo, Rhoda Scott&#8230;<\/h2>\n<p>Au-del\u00e0 de Toulouse, la Haute-Garonne ne sera pas oubli\u00e9e avec 12 concerts payants (de 4,50 \u20ac \u00e0 37 \u20ac). On retrouvera l\u00e0 aussi de grands noms comme le trompettiste Erik Truffaz au Bikini \u00e0 Ramonville ou les fr\u00e8res Belmondo \u00e0 L\u2019Aria de Cornebarrieu. Quant au Rhoda Scott Lady All Stars, un octet 100\u2005% f\u00e9minin form\u00e9 par la c\u00e9l\u00e8bre organiste, il se produira \u00e0 la Halle aux Grains.<br \/>Au programme des salles partenaires \u00e9galement, les 11 musiciens des Fr\u00e8res Smith se produiront \u00e0 la Salle Nougaro de Toulouse, le Duo R\u00e9flections (piano et guitare) \u00e0 la Maison Nougaro, le vibrant trio du batteur norv\u00e9gien Gard Nilssen au th\u00e9\u00e2tre du Pav\u00e9, le jazz du monde de Ladaniva au th\u00e9\u00e2tre des Mazades, le duo belge du clavi\u00e9riste Jozef Dumoulin et de la chanteuse Lynn Cassiers au Temple du Salin, une soir\u00e9e \u00ab\u2005The Jazz Room\u2005\u00bb avec DJ Gones au Taquin.<\/p>\n<footer class=\"txt-note\">Jazz sur son 31, du 4 au 15 octobre. Billets en vente \u00e0 partir de vendredi 7 juillet 12 heures sur cd31.net\/jazz et sur billetterie.festik.net\/jazz31 et seetickets.com. T\u00e9l.05 34 45 05 92.<br \/>&nbsp;<\/footer>\n<\/p><\/div>\n<p> Cet article, qui traite du th\u00e8me \u00ab\u00a0Festival Jazz et musique en mode guinguette\u00a0\u00bb, vous est d\u00e9lib\u00e9r\u00e9ment offert par festivox.fr. La raison d\u2019\u00eatre de festivox.fr est de parler de Festival Jazz et musique en mode guinguette dans la transparence la plus g\u00e9n\u00e9rale en vous procurant la visibilit\u00e9 de tout ce qui est publi\u00e9 sur ce sujet sur le web La chronique a \u00e9t\u00e9 g\u00e9n\u00e9r\u00e9e de la mani\u00e8re la plus honn\u00eate que possible. S\u2019il advenait que vous projetez d\u2019apporter quelques notes concernant le domaine de \u00ab\u00a0Festival Jazz et musique en mode guinguette\u00a0\u00bb vous avez la possibilit\u00e9 de d&rsquo;\u00e9changer avec notre r\u00e9daction. Dans peu de temps, on mettra en ligne d&rsquo;autres informations pertinentes autour du sujet \u00ab\u00a0Festival Jazz et musique en mode guinguette\u00a0\u00bb. Ainsi, consultez r\u00e9guli\u00e8rement notre site.<\/p>\n","protected":false},"excerpt":{"rendered":"<p>l&rsquo;essentiel La 37e \u00e9dition du festival Jazz sur son 31 aura lieu du 4 au 15 octobre \u00e0 Toulouse et dans le d\u00e9partement, avec 74 concerts dans 24 communes. La billetterie ouvre d\u00e8s vendredi 7 juillet. Alors que Jazz in Marciac s\u2019appr\u00eate \u00e0 ouvrir ses portes (euh, son chapiteau\u2026) le 20 juillet pour plus de&hellip;<\/p>\n","protected":false},"author":1,"featured_media":265,"comment_status":"closed","ping_status":"closed","sticky":false,"template":"","format":"standard","meta":{"footnotes":""},"categories":[3],"tags":[],"class_list":["post-264","post","type-post","status-publish","format-standard","has-post-thumbnail","hentry","category-wiki-sur-festival-jazz-et-musique-en-mode-guinguette"],"yoast_head":"<!-- This site is optimized with the Yoast SEO plugin v27.5 - https:\/\/yoast.com\/product\/yoast-seo-wordpress\/ -->\n<title>Jazz sur son 31 : toutes les facettes de la prochaine \u00e9dition du festival - FESTIVOX<\/title>\n<meta name=\"robots\" content=\"index, follow, max-snippet:-1, max-image-preview:large, max-video-preview:-1\" \/>\n<link rel=\"canonical\" href=\"https:\/\/www.festivox.fr\/blog\/jazz-sur-son-31-toutes-les-facettes-de-la-prochaine-edition-du-festival\/\" \/>\n<meta property=\"og:locale\" content=\"fr_FR\" \/>\n<meta property=\"og:type\" content=\"article\" \/>\n<meta property=\"og:title\" content=\"Jazz sur son 31 : toutes les facettes de la prochaine \u00e9dition du festival - FESTIVOX\" \/>\n<meta property=\"og:description\" content=\"l&rsquo;essentiel La 37e \u00e9dition du festival Jazz sur son 31 aura lieu du 4 au 15 octobre \u00e0 Toulouse et dans le d\u00e9partement, avec 74 concerts dans 24 communes. La billetterie ouvre d\u00e8s vendredi 7 juillet. Alors que Jazz in Marciac s\u2019appr\u00eate \u00e0 ouvrir ses portes (euh, son chapiteau\u2026) le 20 juillet pour plus de&hellip;\" \/>\n<meta property=\"og:url\" content=\"https:\/\/www.festivox.fr\/blog\/jazz-sur-son-31-toutes-les-facettes-de-la-prochaine-edition-du-festival\/\" \/>\n<meta property=\"og:site_name\" content=\"FESTIVOX\" \/>\n<meta property=\"article:published_time\" content=\"2023-07-05T12:59:00+00:00\" \/>\n<meta property=\"og:image\" content=\"https:\/\/www.festivox.fr\/blog\/wp-content\/uploads\/2023\/07\/jazz-sur-son-31-toutes-les-facettes-de-la-prochaine-edition-du-festival.jpg\" \/>\n<meta name=\"author\" content=\"Michele\" \/>\n<meta name=\"twitter:card\" content=\"summary_large_image\" \/>\n<meta name=\"twitter:label1\" content=\"\u00c9crit par\" \/>\n\t<meta name=\"twitter:data1\" content=\"Michele\" \/>\n\t<meta name=\"twitter:label2\" content=\"Dur\u00e9e de lecture estim\u00e9e\" \/>\n\t<meta name=\"twitter:data2\" content=\"4 minutes\" \/>\n<script type=\"application\/ld+json\" class=\"yoast-schema-graph\">{\"@context\":\"https:\\\/\\\/schema.org\",\"@graph\":[{\"@type\":\"Article\",\"@id\":\"https:\\\/\\\/www.festivox.fr\\\/blog\\\/jazz-sur-son-31-toutes-les-facettes-de-la-prochaine-edition-du-festival\\\/#article\",\"isPartOf\":{\"@id\":\"https:\\\/\\\/www.festivox.fr\\\/blog\\\/jazz-sur-son-31-toutes-les-facettes-de-la-prochaine-edition-du-festival\\\/\"},\"author\":{\"name\":\"Michele\",\"@id\":\"https:\\\/\\\/www.festivox.fr\\\/blog\\\/#\\\/schema\\\/person\\\/f36a8b6bc94800c3eafed4bca993ce95\"},\"headline\":\"Jazz sur son 31 : toutes les facettes de la prochaine \u00e9dition du festival\",\"datePublished\":\"2023-07-05T12:59:00+00:00\",\"mainEntityOfPage\":{\"@id\":\"https:\\\/\\\/www.festivox.fr\\\/blog\\\/jazz-sur-son-31-toutes-les-facettes-de-la-prochaine-edition-du-festival\\\/\"},\"wordCount\":806,\"publisher\":{\"@id\":\"https:\\\/\\\/www.festivox.fr\\\/blog\\\/#organization\"},\"image\":{\"@id\":\"https:\\\/\\\/www.festivox.fr\\\/blog\\\/jazz-sur-son-31-toutes-les-facettes-de-la-prochaine-edition-du-festival\\\/#primaryimage\"},\"thumbnailUrl\":\"https:\\\/\\\/www.festivox.fr\\\/blog\\\/wp-content\\\/uploads\\\/2023\\\/07\\\/jazz-sur-son-31-toutes-les-facettes-de-la-prochaine-edition-du-festival.jpg\",\"articleSection\":[\"Wiki Sur Festival Jazz Et Musique En Mode Guinguette:\"],\"inLanguage\":\"fr-FR\"},{\"@type\":\"WebPage\",\"@id\":\"https:\\\/\\\/www.festivox.fr\\\/blog\\\/jazz-sur-son-31-toutes-les-facettes-de-la-prochaine-edition-du-festival\\\/\",\"url\":\"https:\\\/\\\/www.festivox.fr\\\/blog\\\/jazz-sur-son-31-toutes-les-facettes-de-la-prochaine-edition-du-festival\\\/\",\"name\":\"Jazz sur son 31 : toutes les facettes de la prochaine \u00e9dition du festival - FESTIVOX\",\"isPartOf\":{\"@id\":\"https:\\\/\\\/www.festivox.fr\\\/blog\\\/#website\"},\"primaryImageOfPage\":{\"@id\":\"https:\\\/\\\/www.festivox.fr\\\/blog\\\/jazz-sur-son-31-toutes-les-facettes-de-la-prochaine-edition-du-festival\\\/#primaryimage\"},\"image\":{\"@id\":\"https:\\\/\\\/www.festivox.fr\\\/blog\\\/jazz-sur-son-31-toutes-les-facettes-de-la-prochaine-edition-du-festival\\\/#primaryimage\"},\"thumbnailUrl\":\"https:\\\/\\\/www.festivox.fr\\\/blog\\\/wp-content\\\/uploads\\\/2023\\\/07\\\/jazz-sur-son-31-toutes-les-facettes-de-la-prochaine-edition-du-festival.jpg\",\"datePublished\":\"2023-07-05T12:59:00+00:00\",\"breadcrumb\":{\"@id\":\"https:\\\/\\\/www.festivox.fr\\\/blog\\\/jazz-sur-son-31-toutes-les-facettes-de-la-prochaine-edition-du-festival\\\/#breadcrumb\"},\"inLanguage\":\"fr-FR\",\"potentialAction\":[{\"@type\":\"ReadAction\",\"target\":[\"https:\\\/\\\/www.festivox.fr\\\/blog\\\/jazz-sur-son-31-toutes-les-facettes-de-la-prochaine-edition-du-festival\\\/\"]}]},{\"@type\":\"ImageObject\",\"inLanguage\":\"fr-FR\",\"@id\":\"https:\\\/\\\/www.festivox.fr\\\/blog\\\/jazz-sur-son-31-toutes-les-facettes-de-la-prochaine-edition-du-festival\\\/#primaryimage\",\"url\":\"https:\\\/\\\/www.festivox.fr\\\/blog\\\/wp-content\\\/uploads\\\/2023\\\/07\\\/jazz-sur-son-31-toutes-les-facettes-de-la-prochaine-edition-du-festival.jpg\",\"contentUrl\":\"https:\\\/\\\/www.festivox.fr\\\/blog\\\/wp-content\\\/uploads\\\/2023\\\/07\\\/jazz-sur-son-31-toutes-les-facettes-de-la-prochaine-edition-du-festival.jpg\",\"width\":885,\"height\":500},{\"@type\":\"BreadcrumbList\",\"@id\":\"https:\\\/\\\/www.festivox.fr\\\/blog\\\/jazz-sur-son-31-toutes-les-facettes-de-la-prochaine-edition-du-festival\\\/#breadcrumb\",\"itemListElement\":[{\"@type\":\"ListItem\",\"position\":1,\"name\":\"Accueil\",\"item\":\"https:\\\/\\\/www.festivox.fr\\\/blog\\\/\"},{\"@type\":\"ListItem\",\"position\":2,\"name\":\"Jazz sur son 31 : toutes les facettes de la prochaine \u00e9dition du festival\"}]},{\"@type\":\"WebSite\",\"@id\":\"https:\\\/\\\/www.festivox.fr\\\/blog\\\/#website\",\"url\":\"https:\\\/\\\/www.festivox.fr\\\/blog\\\/\",\"name\":\"FESTIVOX\",\"description\":\"Festival en mode guinguette.\",\"publisher\":{\"@id\":\"https:\\\/\\\/www.festivox.fr\\\/blog\\\/#organization\"},\"potentialAction\":[{\"@type\":\"SearchAction\",\"target\":{\"@type\":\"EntryPoint\",\"urlTemplate\":\"https:\\\/\\\/www.festivox.fr\\\/blog\\\/?s={search_term_string}\"},\"query-input\":{\"@type\":\"PropertyValueSpecification\",\"valueRequired\":true,\"valueName\":\"search_term_string\"}}],\"inLanguage\":\"fr-FR\"},{\"@type\":\"Organization\",\"@id\":\"https:\\\/\\\/www.festivox.fr\\\/blog\\\/#organization\",\"name\":\"festivox\",\"url\":\"https:\\\/\\\/www.festivox.fr\\\/blog\\\/\",\"logo\":{\"@type\":\"ImageObject\",\"inLanguage\":\"fr-FR\",\"@id\":\"https:\\\/\\\/www.festivox.fr\\\/blog\\\/#\\\/schema\\\/logo\\\/image\\\/\",\"url\":\"https:\\\/\\\/www.festivox.fr\\\/blog\\\/wp-content\\\/uploads\\\/2023\\\/06\\\/logo-2.png\",\"contentUrl\":\"https:\\\/\\\/www.festivox.fr\\\/blog\\\/wp-content\\\/uploads\\\/2023\\\/06\\\/logo-2.png\",\"width\":480,\"height\":160,\"caption\":\"festivox\"},\"image\":{\"@id\":\"https:\\\/\\\/www.festivox.fr\\\/blog\\\/#\\\/schema\\\/logo\\\/image\\\/\"}},{\"@type\":\"Person\",\"@id\":\"https:\\\/\\\/www.festivox.fr\\\/blog\\\/#\\\/schema\\\/person\\\/f36a8b6bc94800c3eafed4bca993ce95\",\"name\":\"Michele\",\"image\":{\"@type\":\"ImageObject\",\"inLanguage\":\"fr-FR\",\"@id\":\"https:\\\/\\\/secure.gravatar.com\\\/avatar\\\/b062046536b5d47ec9075956ec349ef95ed06b0f910c578f74abb318668b702e?s=96&d=mm&r=g\",\"url\":\"https:\\\/\\\/secure.gravatar.com\\\/avatar\\\/b062046536b5d47ec9075956ec349ef95ed06b0f910c578f74abb318668b702e?s=96&d=mm&r=g\",\"contentUrl\":\"https:\\\/\\\/secure.gravatar.com\\\/avatar\\\/b062046536b5d47ec9075956ec349ef95ed06b0f910c578f74abb318668b702e?s=96&d=mm&r=g\",\"caption\":\"Michele\"},\"sameAs\":[\"https:\\\/\\\/www.festivox.fr\\\/blog\"],\"url\":\"https:\\\/\\\/www.festivox.fr\\\/blog\\\/author\\\/voxadmin\\\/\"}]}<\/script>\n<!-- \/ Yoast SEO plugin. -->","yoast_head_json":{"title":"Jazz sur son 31 : toutes les facettes de la prochaine \u00e9dition du festival - FESTIVOX","robots":{"index":"index","follow":"follow","max-snippet":"max-snippet:-1","max-image-preview":"max-image-preview:large","max-video-preview":"max-video-preview:-1"},"canonical":"https:\/\/www.festivox.fr\/blog\/jazz-sur-son-31-toutes-les-facettes-de-la-prochaine-edition-du-festival\/","og_locale":"fr_FR","og_type":"article","og_title":"Jazz sur son 31 : toutes les facettes de la prochaine \u00e9dition du festival - FESTIVOX","og_description":"l&rsquo;essentiel La 37e \u00e9dition du festival Jazz sur son 31 aura lieu du 4 au 15 octobre \u00e0 Toulouse et dans le d\u00e9partement, avec 74 concerts dans 24 communes. La billetterie ouvre d\u00e8s vendredi 7 juillet. Alors que Jazz in Marciac s\u2019appr\u00eate \u00e0 ouvrir ses portes (euh, son chapiteau\u2026) le 20 juillet pour plus de&hellip;","og_url":"https:\/\/www.festivox.fr\/blog\/jazz-sur-son-31-toutes-les-facettes-de-la-prochaine-edition-du-festival\/","og_site_name":"FESTIVOX","article_published_time":"2023-07-05T12:59:00+00:00","og_image":[{"url":"https:\/\/www.festivox.fr\/blog\/wp-content\/uploads\/2023\/07\/jazz-sur-son-31-toutes-les-facettes-de-la-prochaine-edition-du-festival.jpg","type":"","width":"","height":""}],"author":"Michele","twitter_card":"summary_large_image","twitter_misc":{"\u00c9crit par":"Michele","Dur\u00e9e de lecture estim\u00e9e":"4 minutes"},"schema":{"@context":"https:\/\/schema.org","@graph":[{"@type":"Article","@id":"https:\/\/www.festivox.fr\/blog\/jazz-sur-son-31-toutes-les-facettes-de-la-prochaine-edition-du-festival\/#article","isPartOf":{"@id":"https:\/\/www.festivox.fr\/blog\/jazz-sur-son-31-toutes-les-facettes-de-la-prochaine-edition-du-festival\/"},"author":{"name":"Michele","@id":"https:\/\/www.festivox.fr\/blog\/#\/schema\/person\/f36a8b6bc94800c3eafed4bca993ce95"},"headline":"Jazz sur son 31 : toutes les facettes de la prochaine \u00e9dition du festival","datePublished":"2023-07-05T12:59:00+00:00","mainEntityOfPage":{"@id":"https:\/\/www.festivox.fr\/blog\/jazz-sur-son-31-toutes-les-facettes-de-la-prochaine-edition-du-festival\/"},"wordCount":806,"publisher":{"@id":"https:\/\/www.festivox.fr\/blog\/#organization"},"image":{"@id":"https:\/\/www.festivox.fr\/blog\/jazz-sur-son-31-toutes-les-facettes-de-la-prochaine-edition-du-festival\/#primaryimage"},"thumbnailUrl":"https:\/\/www.festivox.fr\/blog\/wp-content\/uploads\/2023\/07\/jazz-sur-son-31-toutes-les-facettes-de-la-prochaine-edition-du-festival.jpg","articleSection":["Wiki Sur Festival Jazz Et Musique En Mode Guinguette:"],"inLanguage":"fr-FR"},{"@type":"WebPage","@id":"https:\/\/www.festivox.fr\/blog\/jazz-sur-son-31-toutes-les-facettes-de-la-prochaine-edition-du-festival\/","url":"https:\/\/www.festivox.fr\/blog\/jazz-sur-son-31-toutes-les-facettes-de-la-prochaine-edition-du-festival\/","name":"Jazz sur son 31 : toutes les facettes de la prochaine \u00e9dition du festival - FESTIVOX","isPartOf":{"@id":"https:\/\/www.festivox.fr\/blog\/#website"},"primaryImageOfPage":{"@id":"https:\/\/www.festivox.fr\/blog\/jazz-sur-son-31-toutes-les-facettes-de-la-prochaine-edition-du-festival\/#primaryimage"},"image":{"@id":"https:\/\/www.festivox.fr\/blog\/jazz-sur-son-31-toutes-les-facettes-de-la-prochaine-edition-du-festival\/#primaryimage"},"thumbnailUrl":"https:\/\/www.festivox.fr\/blog\/wp-content\/uploads\/2023\/07\/jazz-sur-son-31-toutes-les-facettes-de-la-prochaine-edition-du-festival.jpg","datePublished":"2023-07-05T12:59:00+00:00","breadcrumb":{"@id":"https:\/\/www.festivox.fr\/blog\/jazz-sur-son-31-toutes-les-facettes-de-la-prochaine-edition-du-festival\/#breadcrumb"},"inLanguage":"fr-FR","potentialAction":[{"@type":"ReadAction","target":["https:\/\/www.festivox.fr\/blog\/jazz-sur-son-31-toutes-les-facettes-de-la-prochaine-edition-du-festival\/"]}]},{"@type":"ImageObject","inLanguage":"fr-FR","@id":"https:\/\/www.festivox.fr\/blog\/jazz-sur-son-31-toutes-les-facettes-de-la-prochaine-edition-du-festival\/#primaryimage","url":"https:\/\/www.festivox.fr\/blog\/wp-content\/uploads\/2023\/07\/jazz-sur-son-31-toutes-les-facettes-de-la-prochaine-edition-du-festival.jpg","contentUrl":"https:\/\/www.festivox.fr\/blog\/wp-content\/uploads\/2023\/07\/jazz-sur-son-31-toutes-les-facettes-de-la-prochaine-edition-du-festival.jpg","width":885,"height":500},{"@type":"BreadcrumbList","@id":"https:\/\/www.festivox.fr\/blog\/jazz-sur-son-31-toutes-les-facettes-de-la-prochaine-edition-du-festival\/#breadcrumb","itemListElement":[{"@type":"ListItem","position":1,"name":"Accueil","item":"https:\/\/www.festivox.fr\/blog\/"},{"@type":"ListItem","position":2,"name":"Jazz sur son 31 : toutes les facettes de la prochaine \u00e9dition du festival"}]},{"@type":"WebSite","@id":"https:\/\/www.festivox.fr\/blog\/#website","url":"https:\/\/www.festivox.fr\/blog\/","name":"FESTIVOX","description":"Festival en mode guinguette.","publisher":{"@id":"https:\/\/www.festivox.fr\/blog\/#organization"},"potentialAction":[{"@type":"SearchAction","target":{"@type":"EntryPoint","urlTemplate":"https:\/\/www.festivox.fr\/blog\/?s={search_term_string}"},"query-input":{"@type":"PropertyValueSpecification","valueRequired":true,"valueName":"search_term_string"}}],"inLanguage":"fr-FR"},{"@type":"Organization","@id":"https:\/\/www.festivox.fr\/blog\/#organization","name":"festivox","url":"https:\/\/www.festivox.fr\/blog\/","logo":{"@type":"ImageObject","inLanguage":"fr-FR","@id":"https:\/\/www.festivox.fr\/blog\/#\/schema\/logo\/image\/","url":"https:\/\/www.festivox.fr\/blog\/wp-content\/uploads\/2023\/06\/logo-2.png","contentUrl":"https:\/\/www.festivox.fr\/blog\/wp-content\/uploads\/2023\/06\/logo-2.png","width":480,"height":160,"caption":"festivox"},"image":{"@id":"https:\/\/www.festivox.fr\/blog\/#\/schema\/logo\/image\/"}},{"@type":"Person","@id":"https:\/\/www.festivox.fr\/blog\/#\/schema\/person\/f36a8b6bc94800c3eafed4bca993ce95","name":"Michele","image":{"@type":"ImageObject","inLanguage":"fr-FR","@id":"https:\/\/secure.gravatar.com\/avatar\/b062046536b5d47ec9075956ec349ef95ed06b0f910c578f74abb318668b702e?s=96&d=mm&r=g","url":"https:\/\/secure.gravatar.com\/avatar\/b062046536b5d47ec9075956ec349ef95ed06b0f910c578f74abb318668b702e?s=96&d=mm&r=g","contentUrl":"https:\/\/secure.gravatar.com\/avatar\/b062046536b5d47ec9075956ec349ef95ed06b0f910c578f74abb318668b702e?s=96&d=mm&r=g","caption":"Michele"},"sameAs":["https:\/\/www.festivox.fr\/blog"],"url":"https:\/\/www.festivox.fr\/blog\/author\/voxadmin\/"}]}},"_links":{"self":[{"href":"https:\/\/www.festivox.fr\/blog\/wp-json\/wp\/v2\/posts\/264","targetHints":{"allow":["GET"]}}],"collection":[{"href":"https:\/\/www.festivox.fr\/blog\/wp-json\/wp\/v2\/posts"}],"about":[{"href":"https:\/\/www.festivox.fr\/blog\/wp-json\/wp\/v2\/types\/post"}],"author":[{"embeddable":true,"href":"https:\/\/www.festivox.fr\/blog\/wp-json\/wp\/v2\/users\/1"}],"replies":[{"embeddable":true,"href":"https:\/\/www.festivox.fr\/blog\/wp-json\/wp\/v2\/comments?post=264"}],"version-history":[{"count":0,"href":"https:\/\/www.festivox.fr\/blog\/wp-json\/wp\/v2\/posts\/264\/revisions"}],"wp:featuredmedia":[{"embeddable":true,"href":"https:\/\/www.festivox.fr\/blog\/wp-json\/wp\/v2\/media\/265"}],"wp:attachment":[{"href":"https:\/\/www.festivox.fr\/blog\/wp-json\/wp\/v2\/media?parent=264"}],"wp:term":[{"taxonomy":"category","embeddable":true,"href":"https:\/\/www.festivox.fr\/blog\/wp-json\/wp\/v2\/categories?post=264"},{"taxonomy":"post_tag","embeddable":true,"href":"https:\/\/www.festivox.fr\/blog\/wp-json\/wp\/v2\/tags?post=264"}],"curies":[{"name":"wp","href":"https:\/\/api.w.org\/{rel}","templated":true}]}}