{"id":253,"date":"2023-07-14T04:02:00","date_gmt":"2023-07-14T02:02:00","guid":{"rendered":"https:\/\/www.festivox.fr\/blog\/aki-remporte-le-young-jazz-talent-gent-2023\/"},"modified":"2023-07-14T04:02:00","modified_gmt":"2023-07-14T02:02:00","slug":"aki-remporte-le-young-jazz-talent-gent-2023","status":"publish","type":"post","link":"https:\/\/www.festivox.fr\/blog\/aki-remporte-le-young-jazz-talent-gent-2023\/","title":{"rendered":"Aki remporte le Young Jazz Talent Gent 2023"},"content":{"rendered":"\n<div><img decoding=\"async\" src=\"https:\/\/www.festivox.fr\/blog\/wp-content\/uploads\/2023\/07\/aki-remporte-le-young-jazz-talent-gent-2023.jpg\" class=\"ff-og-image-inserted\"><\/div>\n<div>\n<p><span><span><span><span><span><span><span><strong>Aki, le projet d&rsquo;Anke Verslype, a remport\u00e9 le prestigieux titre de Young Jazz Talent Gent 2023.&nbsp;Le groupe succ\u00e8de aux anciens vainqueurs&nbsp;:<\/strong> <\/span><\/span><\/span><strong><span><span><span><span><span><span>Robin Verheyen, BRZZVLL, Steiger, De Beren Gieren, Nathan Daems, Hoera., Steiger, Dishwasher_<\/span><\/span><\/span><\/span><\/span><\/span><\/strong><strong><span><span><span><span><span>&nbsp;, \u2026<\/span><\/span><\/span><\/span><\/span><\/strong><\/span><\/span><\/span><\/span><\/p>\n<p><span><span><span><span><span><span><span>Lors de la deuxi\u00e8me soir\u00e9e du Gent Jazz,&nbsp;<span><span>Dishwasher_<\/span><\/span>&nbsp;, laur\u00e9at&nbsp;du Young Jazz talent Gent 2022, a ouvert la sc\u00e8ne principale.&nbsp;Un moment symbolique pour annoncer le vainqueur 2023. C&rsquo;est Aki qui a remport\u00e9 le titre.&nbsp;Le groupe a d\u00e9sormais un an pour concr\u00e9tiser son projet, avec le soutien de Sabam For Culture et Ha Concerts, o\u00f9 la formation&nbsp;pourra r\u00e9sider une semaine et se faire une place sur sc\u00e8ne lors de la saison 2023-2024.&nbsp;<\/span><\/span><\/span><\/span><\/span><\/span><\/span><\/p>\n<\/div>\n<p> Cet article, qui traite du th\u00e8me \u00ab\u00a0Festival Jazz et musique en mode guinguette\u00a0\u00bb, vous est d\u00e9lib\u00e9r\u00e9ment offert par festivox.fr. La raison d\u2019\u00eatre de festivox.fr est de parler de Festival Jazz et musique en mode guinguette dans la transparence la plus g\u00e9n\u00e9rale en vous procurant la visibilit\u00e9 de tout ce qui est publi\u00e9 sur ce sujet sur le web La chronique a \u00e9t\u00e9 g\u00e9n\u00e9r\u00e9e de la mani\u00e8re la plus honn\u00eate que possible. S\u2019il advenait que vous projetez d\u2019apporter quelques notes concernant le domaine de \u00ab\u00a0Festival Jazz et musique en mode guinguette\u00a0\u00bb vous avez la possibilit\u00e9 de d&rsquo;\u00e9changer avec notre r\u00e9daction. Dans peu de temps, on mettra en ligne d&rsquo;autres informations pertinentes autour du sujet \u00ab\u00a0Festival Jazz et musique en mode guinguette\u00a0\u00bb. Ainsi, consultez r\u00e9guli\u00e8rement notre site.<\/p>\n","protected":false},"excerpt":{"rendered":"<p>Aki, le projet d&rsquo;Anke Verslype, a remport\u00e9 le prestigieux titre de Young Jazz Talent Gent 2023.&nbsp;Le groupe succ\u00e8de aux anciens vainqueurs&nbsp;: Robin Verheyen, BRZZVLL, Steiger, De Beren Gieren, Nathan Daems, Hoera., Steiger, Dishwasher_&nbsp;, \u2026 Lors de la deuxi\u00e8me soir\u00e9e du Gent Jazz,&nbsp;Dishwasher_&nbsp;, laur\u00e9at&nbsp;du Young Jazz talent Gent 2022, a ouvert la sc\u00e8ne principale.&nbsp;Un moment symbolique&hellip;<\/p>\n","protected":false},"author":1,"featured_media":254,"comment_status":"closed","ping_status":"closed","sticky":false,"template":"","format":"standard","meta":{"footnotes":""},"categories":[3],"tags":[],"class_list":["post-253","post","type-post","status-publish","format-standard","has-post-thumbnail","hentry","category-wiki-sur-festival-jazz-et-musique-en-mode-guinguette"],"yoast_head":"<!-- This site is optimized with the Yoast SEO plugin v27.5 - https:\/\/yoast.com\/product\/yoast-seo-wordpress\/ -->\n<title>Aki remporte le Young Jazz Talent Gent 2023 - FESTIVOX<\/title>\n<meta name=\"robots\" content=\"index, follow, max-snippet:-1, max-image-preview:large, max-video-preview:-1\" \/>\n<link rel=\"canonical\" href=\"https:\/\/www.festivox.fr\/blog\/aki-remporte-le-young-jazz-talent-gent-2023\/\" \/>\n<meta property=\"og:locale\" content=\"fr_FR\" \/>\n<meta property=\"og:type\" content=\"article\" \/>\n<meta property=\"og:title\" content=\"Aki remporte le Young Jazz Talent Gent 2023 - FESTIVOX\" \/>\n<meta property=\"og:description\" content=\"Aki, le projet d&rsquo;Anke Verslype, a remport\u00e9 le prestigieux titre de Young Jazz Talent Gent 2023.&nbsp;Le groupe succ\u00e8de aux anciens vainqueurs&nbsp;: Robin Verheyen, BRZZVLL, Steiger, De Beren Gieren, Nathan Daems, Hoera., Steiger, Dishwasher_&nbsp;, \u2026 Lors de la deuxi\u00e8me soir\u00e9e du Gent Jazz,&nbsp;Dishwasher_&nbsp;, laur\u00e9at&nbsp;du Young Jazz talent Gent 2022, a ouvert la sc\u00e8ne principale.&nbsp;Un moment symbolique&hellip;\" \/>\n<meta property=\"og:url\" content=\"https:\/\/www.festivox.fr\/blog\/aki-remporte-le-young-jazz-talent-gent-2023\/\" \/>\n<meta property=\"og:site_name\" content=\"FESTIVOX\" \/>\n<meta property=\"article:published_time\" content=\"2023-07-14T02:02:00+00:00\" \/>\n<meta property=\"og:image\" content=\"https:\/\/www.festivox.fr\/blog\/wp-content\/uploads\/2023\/07\/aki-remporte-le-young-jazz-talent-gent-2023.jpg\" \/>\n<meta name=\"author\" content=\"Michele\" \/>\n<meta name=\"twitter:card\" content=\"summary_large_image\" \/>\n<meta name=\"twitter:label1\" content=\"\u00c9crit par\" \/>\n\t<meta name=\"twitter:data1\" content=\"Michele\" \/>\n\t<meta name=\"twitter:label2\" content=\"Dur\u00e9e de lecture estim\u00e9e\" \/>\n\t<meta name=\"twitter:data2\" content=\"1 minute\" \/>\n<script type=\"application\/ld+json\" class=\"yoast-schema-graph\">{\"@context\":\"https:\\\/\\\/schema.org\",\"@graph\":[{\"@type\":\"Article\",\"@id\":\"https:\\\/\\\/www.festivox.fr\\\/blog\\\/aki-remporte-le-young-jazz-talent-gent-2023\\\/#article\",\"isPartOf\":{\"@id\":\"https:\\\/\\\/www.festivox.fr\\\/blog\\\/aki-remporte-le-young-jazz-talent-gent-2023\\\/\"},\"author\":{\"name\":\"Michele\",\"@id\":\"https:\\\/\\\/www.festivox.fr\\\/blog\\\/#\\\/schema\\\/person\\\/f36a8b6bc94800c3eafed4bca993ce95\"},\"headline\":\"Aki remporte le Young Jazz Talent Gent 2023\",\"datePublished\":\"2023-07-14T02:02:00+00:00\",\"mainEntityOfPage\":{\"@id\":\"https:\\\/\\\/www.festivox.fr\\\/blog\\\/aki-remporte-le-young-jazz-talent-gent-2023\\\/\"},\"wordCount\":277,\"publisher\":{\"@id\":\"https:\\\/\\\/www.festivox.fr\\\/blog\\\/#organization\"},\"image\":{\"@id\":\"https:\\\/\\\/www.festivox.fr\\\/blog\\\/aki-remporte-le-young-jazz-talent-gent-2023\\\/#primaryimage\"},\"thumbnailUrl\":\"https:\\\/\\\/www.festivox.fr\\\/blog\\\/wp-content\\\/uploads\\\/2023\\\/07\\\/aki-remporte-le-young-jazz-talent-gent-2023.jpg\",\"articleSection\":[\"Wiki Sur Festival Jazz Et Musique En Mode Guinguette:\"],\"inLanguage\":\"fr-FR\"},{\"@type\":\"WebPage\",\"@id\":\"https:\\\/\\\/www.festivox.fr\\\/blog\\\/aki-remporte-le-young-jazz-talent-gent-2023\\\/\",\"url\":\"https:\\\/\\\/www.festivox.fr\\\/blog\\\/aki-remporte-le-young-jazz-talent-gent-2023\\\/\",\"name\":\"Aki remporte le Young Jazz Talent Gent 2023 - FESTIVOX\",\"isPartOf\":{\"@id\":\"https:\\\/\\\/www.festivox.fr\\\/blog\\\/#website\"},\"primaryImageOfPage\":{\"@id\":\"https:\\\/\\\/www.festivox.fr\\\/blog\\\/aki-remporte-le-young-jazz-talent-gent-2023\\\/#primaryimage\"},\"image\":{\"@id\":\"https:\\\/\\\/www.festivox.fr\\\/blog\\\/aki-remporte-le-young-jazz-talent-gent-2023\\\/#primaryimage\"},\"thumbnailUrl\":\"https:\\\/\\\/www.festivox.fr\\\/blog\\\/wp-content\\\/uploads\\\/2023\\\/07\\\/aki-remporte-le-young-jazz-talent-gent-2023.jpg\",\"datePublished\":\"2023-07-14T02:02:00+00:00\",\"breadcrumb\":{\"@id\":\"https:\\\/\\\/www.festivox.fr\\\/blog\\\/aki-remporte-le-young-jazz-talent-gent-2023\\\/#breadcrumb\"},\"inLanguage\":\"fr-FR\",\"potentialAction\":[{\"@type\":\"ReadAction\",\"target\":[\"https:\\\/\\\/www.festivox.fr\\\/blog\\\/aki-remporte-le-young-jazz-talent-gent-2023\\\/\"]}]},{\"@type\":\"ImageObject\",\"inLanguage\":\"fr-FR\",\"@id\":\"https:\\\/\\\/www.festivox.fr\\\/blog\\\/aki-remporte-le-young-jazz-talent-gent-2023\\\/#primaryimage\",\"url\":\"https:\\\/\\\/www.festivox.fr\\\/blog\\\/wp-content\\\/uploads\\\/2023\\\/07\\\/aki-remporte-le-young-jazz-talent-gent-2023.jpg\",\"contentUrl\":\"https:\\\/\\\/www.festivox.fr\\\/blog\\\/wp-content\\\/uploads\\\/2023\\\/07\\\/aki-remporte-le-young-jazz-talent-gent-2023.jpg\",\"width\":1920,\"height\":1079},{\"@type\":\"BreadcrumbList\",\"@id\":\"https:\\\/\\\/www.festivox.fr\\\/blog\\\/aki-remporte-le-young-jazz-talent-gent-2023\\\/#breadcrumb\",\"itemListElement\":[{\"@type\":\"ListItem\",\"position\":1,\"name\":\"Accueil\",\"item\":\"https:\\\/\\\/www.festivox.fr\\\/blog\\\/\"},{\"@type\":\"ListItem\",\"position\":2,\"name\":\"Aki remporte le Young Jazz Talent Gent 2023\"}]},{\"@type\":\"WebSite\",\"@id\":\"https:\\\/\\\/www.festivox.fr\\\/blog\\\/#website\",\"url\":\"https:\\\/\\\/www.festivox.fr\\\/blog\\\/\",\"name\":\"FESTIVOX\",\"description\":\"Festival en mode guinguette.\",\"publisher\":{\"@id\":\"https:\\\/\\\/www.festivox.fr\\\/blog\\\/#organization\"},\"potentialAction\":[{\"@type\":\"SearchAction\",\"target\":{\"@type\":\"EntryPoint\",\"urlTemplate\":\"https:\\\/\\\/www.festivox.fr\\\/blog\\\/?s={search_term_string}\"},\"query-input\":{\"@type\":\"PropertyValueSpecification\",\"valueRequired\":true,\"valueName\":\"search_term_string\"}}],\"inLanguage\":\"fr-FR\"},{\"@type\":\"Organization\",\"@id\":\"https:\\\/\\\/www.festivox.fr\\\/blog\\\/#organization\",\"name\":\"festivox\",\"url\":\"https:\\\/\\\/www.festivox.fr\\\/blog\\\/\",\"logo\":{\"@type\":\"ImageObject\",\"inLanguage\":\"fr-FR\",\"@id\":\"https:\\\/\\\/www.festivox.fr\\\/blog\\\/#\\\/schema\\\/logo\\\/image\\\/\",\"url\":\"https:\\\/\\\/www.festivox.fr\\\/blog\\\/wp-content\\\/uploads\\\/2023\\\/06\\\/logo-2.png\",\"contentUrl\":\"https:\\\/\\\/www.festivox.fr\\\/blog\\\/wp-content\\\/uploads\\\/2023\\\/06\\\/logo-2.png\",\"width\":480,\"height\":160,\"caption\":\"festivox\"},\"image\":{\"@id\":\"https:\\\/\\\/www.festivox.fr\\\/blog\\\/#\\\/schema\\\/logo\\\/image\\\/\"}},{\"@type\":\"Person\",\"@id\":\"https:\\\/\\\/www.festivox.fr\\\/blog\\\/#\\\/schema\\\/person\\\/f36a8b6bc94800c3eafed4bca993ce95\",\"name\":\"Michele\",\"image\":{\"@type\":\"ImageObject\",\"inLanguage\":\"fr-FR\",\"@id\":\"https:\\\/\\\/secure.gravatar.com\\\/avatar\\\/b062046536b5d47ec9075956ec349ef95ed06b0f910c578f74abb318668b702e?s=96&d=mm&r=g\",\"url\":\"https:\\\/\\\/secure.gravatar.com\\\/avatar\\\/b062046536b5d47ec9075956ec349ef95ed06b0f910c578f74abb318668b702e?s=96&d=mm&r=g\",\"contentUrl\":\"https:\\\/\\\/secure.gravatar.com\\\/avatar\\\/b062046536b5d47ec9075956ec349ef95ed06b0f910c578f74abb318668b702e?s=96&d=mm&r=g\",\"caption\":\"Michele\"},\"sameAs\":[\"https:\\\/\\\/www.festivox.fr\\\/blog\"],\"url\":\"https:\\\/\\\/www.festivox.fr\\\/blog\\\/author\\\/voxadmin\\\/\"}]}<\/script>\n<!-- \/ Yoast SEO plugin. -->","yoast_head_json":{"title":"Aki remporte le Young Jazz Talent Gent 2023 - FESTIVOX","robots":{"index":"index","follow":"follow","max-snippet":"max-snippet:-1","max-image-preview":"max-image-preview:large","max-video-preview":"max-video-preview:-1"},"canonical":"https:\/\/www.festivox.fr\/blog\/aki-remporte-le-young-jazz-talent-gent-2023\/","og_locale":"fr_FR","og_type":"article","og_title":"Aki remporte le Young Jazz Talent Gent 2023 - FESTIVOX","og_description":"Aki, le projet d&rsquo;Anke Verslype, a remport\u00e9 le prestigieux titre de Young Jazz Talent Gent 2023.&nbsp;Le groupe succ\u00e8de aux anciens vainqueurs&nbsp;: Robin Verheyen, BRZZVLL, Steiger, De Beren Gieren, Nathan Daems, Hoera., Steiger, Dishwasher_&nbsp;, \u2026 Lors de la deuxi\u00e8me soir\u00e9e du Gent Jazz,&nbsp;Dishwasher_&nbsp;, laur\u00e9at&nbsp;du Young Jazz talent Gent 2022, a ouvert la sc\u00e8ne principale.&nbsp;Un moment symbolique&hellip;","og_url":"https:\/\/www.festivox.fr\/blog\/aki-remporte-le-young-jazz-talent-gent-2023\/","og_site_name":"FESTIVOX","article_published_time":"2023-07-14T02:02:00+00:00","og_image":[{"url":"https:\/\/www.festivox.fr\/blog\/wp-content\/uploads\/2023\/07\/aki-remporte-le-young-jazz-talent-gent-2023.jpg","type":"","width":"","height":""}],"author":"Michele","twitter_card":"summary_large_image","twitter_misc":{"\u00c9crit par":"Michele","Dur\u00e9e de lecture estim\u00e9e":"1 minute"},"schema":{"@context":"https:\/\/schema.org","@graph":[{"@type":"Article","@id":"https:\/\/www.festivox.fr\/blog\/aki-remporte-le-young-jazz-talent-gent-2023\/#article","isPartOf":{"@id":"https:\/\/www.festivox.fr\/blog\/aki-remporte-le-young-jazz-talent-gent-2023\/"},"author":{"name":"Michele","@id":"https:\/\/www.festivox.fr\/blog\/#\/schema\/person\/f36a8b6bc94800c3eafed4bca993ce95"},"headline":"Aki remporte le Young Jazz Talent Gent 2023","datePublished":"2023-07-14T02:02:00+00:00","mainEntityOfPage":{"@id":"https:\/\/www.festivox.fr\/blog\/aki-remporte-le-young-jazz-talent-gent-2023\/"},"wordCount":277,"publisher":{"@id":"https:\/\/www.festivox.fr\/blog\/#organization"},"image":{"@id":"https:\/\/www.festivox.fr\/blog\/aki-remporte-le-young-jazz-talent-gent-2023\/#primaryimage"},"thumbnailUrl":"https:\/\/www.festivox.fr\/blog\/wp-content\/uploads\/2023\/07\/aki-remporte-le-young-jazz-talent-gent-2023.jpg","articleSection":["Wiki Sur Festival Jazz Et Musique En Mode Guinguette:"],"inLanguage":"fr-FR"},{"@type":"WebPage","@id":"https:\/\/www.festivox.fr\/blog\/aki-remporte-le-young-jazz-talent-gent-2023\/","url":"https:\/\/www.festivox.fr\/blog\/aki-remporte-le-young-jazz-talent-gent-2023\/","name":"Aki remporte le Young Jazz Talent Gent 2023 - FESTIVOX","isPartOf":{"@id":"https:\/\/www.festivox.fr\/blog\/#website"},"primaryImageOfPage":{"@id":"https:\/\/www.festivox.fr\/blog\/aki-remporte-le-young-jazz-talent-gent-2023\/#primaryimage"},"image":{"@id":"https:\/\/www.festivox.fr\/blog\/aki-remporte-le-young-jazz-talent-gent-2023\/#primaryimage"},"thumbnailUrl":"https:\/\/www.festivox.fr\/blog\/wp-content\/uploads\/2023\/07\/aki-remporte-le-young-jazz-talent-gent-2023.jpg","datePublished":"2023-07-14T02:02:00+00:00","breadcrumb":{"@id":"https:\/\/www.festivox.fr\/blog\/aki-remporte-le-young-jazz-talent-gent-2023\/#breadcrumb"},"inLanguage":"fr-FR","potentialAction":[{"@type":"ReadAction","target":["https:\/\/www.festivox.fr\/blog\/aki-remporte-le-young-jazz-talent-gent-2023\/"]}]},{"@type":"ImageObject","inLanguage":"fr-FR","@id":"https:\/\/www.festivox.fr\/blog\/aki-remporte-le-young-jazz-talent-gent-2023\/#primaryimage","url":"https:\/\/www.festivox.fr\/blog\/wp-content\/uploads\/2023\/07\/aki-remporte-le-young-jazz-talent-gent-2023.jpg","contentUrl":"https:\/\/www.festivox.fr\/blog\/wp-content\/uploads\/2023\/07\/aki-remporte-le-young-jazz-talent-gent-2023.jpg","width":1920,"height":1079},{"@type":"BreadcrumbList","@id":"https:\/\/www.festivox.fr\/blog\/aki-remporte-le-young-jazz-talent-gent-2023\/#breadcrumb","itemListElement":[{"@type":"ListItem","position":1,"name":"Accueil","item":"https:\/\/www.festivox.fr\/blog\/"},{"@type":"ListItem","position":2,"name":"Aki remporte le Young Jazz Talent Gent 2023"}]},{"@type":"WebSite","@id":"https:\/\/www.festivox.fr\/blog\/#website","url":"https:\/\/www.festivox.fr\/blog\/","name":"FESTIVOX","description":"Festival en mode guinguette.","publisher":{"@id":"https:\/\/www.festivox.fr\/blog\/#organization"},"potentialAction":[{"@type":"SearchAction","target":{"@type":"EntryPoint","urlTemplate":"https:\/\/www.festivox.fr\/blog\/?s={search_term_string}"},"query-input":{"@type":"PropertyValueSpecification","valueRequired":true,"valueName":"search_term_string"}}],"inLanguage":"fr-FR"},{"@type":"Organization","@id":"https:\/\/www.festivox.fr\/blog\/#organization","name":"festivox","url":"https:\/\/www.festivox.fr\/blog\/","logo":{"@type":"ImageObject","inLanguage":"fr-FR","@id":"https:\/\/www.festivox.fr\/blog\/#\/schema\/logo\/image\/","url":"https:\/\/www.festivox.fr\/blog\/wp-content\/uploads\/2023\/06\/logo-2.png","contentUrl":"https:\/\/www.festivox.fr\/blog\/wp-content\/uploads\/2023\/06\/logo-2.png","width":480,"height":160,"caption":"festivox"},"image":{"@id":"https:\/\/www.festivox.fr\/blog\/#\/schema\/logo\/image\/"}},{"@type":"Person","@id":"https:\/\/www.festivox.fr\/blog\/#\/schema\/person\/f36a8b6bc94800c3eafed4bca993ce95","name":"Michele","image":{"@type":"ImageObject","inLanguage":"fr-FR","@id":"https:\/\/secure.gravatar.com\/avatar\/b062046536b5d47ec9075956ec349ef95ed06b0f910c578f74abb318668b702e?s=96&d=mm&r=g","url":"https:\/\/secure.gravatar.com\/avatar\/b062046536b5d47ec9075956ec349ef95ed06b0f910c578f74abb318668b702e?s=96&d=mm&r=g","contentUrl":"https:\/\/secure.gravatar.com\/avatar\/b062046536b5d47ec9075956ec349ef95ed06b0f910c578f74abb318668b702e?s=96&d=mm&r=g","caption":"Michele"},"sameAs":["https:\/\/www.festivox.fr\/blog"],"url":"https:\/\/www.festivox.fr\/blog\/author\/voxadmin\/"}]}},"_links":{"self":[{"href":"https:\/\/www.festivox.fr\/blog\/wp-json\/wp\/v2\/posts\/253","targetHints":{"allow":["GET"]}}],"collection":[{"href":"https:\/\/www.festivox.fr\/blog\/wp-json\/wp\/v2\/posts"}],"about":[{"href":"https:\/\/www.festivox.fr\/blog\/wp-json\/wp\/v2\/types\/post"}],"author":[{"embeddable":true,"href":"https:\/\/www.festivox.fr\/blog\/wp-json\/wp\/v2\/users\/1"}],"replies":[{"embeddable":true,"href":"https:\/\/www.festivox.fr\/blog\/wp-json\/wp\/v2\/comments?post=253"}],"version-history":[{"count":0,"href":"https:\/\/www.festivox.fr\/blog\/wp-json\/wp\/v2\/posts\/253\/revisions"}],"wp:featuredmedia":[{"embeddable":true,"href":"https:\/\/www.festivox.fr\/blog\/wp-json\/wp\/v2\/media\/254"}],"wp:attachment":[{"href":"https:\/\/www.festivox.fr\/blog\/wp-json\/wp\/v2\/media?parent=253"}],"wp:term":[{"taxonomy":"category","embeddable":true,"href":"https:\/\/www.festivox.fr\/blog\/wp-json\/wp\/v2\/categories?post=253"},{"taxonomy":"post_tag","embeddable":true,"href":"https:\/\/www.festivox.fr\/blog\/wp-json\/wp\/v2\/tags?post=253"}],"curies":[{"name":"wp","href":"https:\/\/api.w.org\/{rel}","templated":true}]}}