{"id":248,"date":"2023-07-07T09:56:00","date_gmt":"2023-07-07T07:56:00","guid":{"rendered":"https:\/\/www.festivox.fr\/blog\/martin-lamy-natacha-amal-notre-dame-de-paris-herve-accueillera-les-caravanes-des-artistes\/"},"modified":"2023-07-07T09:56:00","modified_gmt":"2023-07-07T07:56:00","slug":"martin-lamy-natacha-amal-notre-dame-de-paris-herve-accueillera-les-caravanes-des-artistes","status":"publish","type":"post","link":"https:\/\/www.festivox.fr\/blog\/martin-lamy-natacha-amal-notre-dame-de-paris-herve-accueillera-les-caravanes-des-artistes\/","title":{"rendered":"Martin Lamy, Natacha Amal, Notre-Dame de Paris\u2026 Herve accueillera \u00ab Les Caravanes des Artistes"},"content":{"rendered":"\n<p>Spectacle th\u00e9\u00e2tral pour enfants. Paru en 1943, le r\u00e9cit de Saint-Exup\u00e9ry a fait le tour du monde et touche au c\u0153ur petits et grands. Le spectacle imagin\u00e9 d\u00e9ploiera toute la th\u00e9\u00e2tralit\u00e9 du conte et nourrira l\u2019imaginaire du spectateur au fil des rencontres du Petit Prince avec de multiples personnages crois\u00e9s sur les plan\u00e8tes ou dans son dialogue avec l\u2019aviateur solitaire tomb\u00e9, lui aussi, du ciel.<\/p>\n<p><strong>14h&nbsp;: LE TRIO HOUBEN<\/strong><\/p>\n<p>Greg Houben (trompette, bugle, chant), C\u00e9dric Raymond (contrebasse) et Quentin Li\u00e9geois (guitare). Pour ce concert, Greg a choisi une formation intime&nbsp;: une guitare, une contrebasse et lui-m\u00eame au chant et \u00e0 la trompette. Le concert s\u2019articule autour des reprises. Mais pas n\u2019importe lesquelles, celles que tout le monde conna\u00eet et que tout le monde peut chanter.<\/p>\n<p><strong>15h15&nbsp;: NATACHA AMAL<\/strong><\/p>\n<p>\u00ab&nbsp;Ce soir on se fait l\u2019Amal&nbsp;\u00bb, tout un programme&nbsp;! Oui oui elle vit toujours&nbsp;! La star de la c\u00e9l\u00e8bre s\u00e9rie t\u00e9l\u00e9vis\u00e9e \u00ab&nbsp;Femmes de loi&nbsp;\u00bb remonte en sc\u00e8ne dans un spectacle flamboyant. S\u2019amusant \u00e0 d\u00e9peindre les clich\u00e9s d\u2019une bourgeoisie bien-pensante, elle passe, avec un humour et une \u00e9nergie communicatifs, \u00e0 travers des sujets universels tel que la famille, l\u2019amour, la trahison, le handicap, l\u2019argent, le r\u00e9chauffement climatique ou encore l\u2019\u00e9ducation. Un one woman show piquant.<\/p>\n<figure role=\"img\"> <img decoding=\"async\" data-copyright=\"D.R.\" class=\"r-img\" src=\"https:\/\/www.festivox.fr\/blog\/wp-content\/uploads\/2023\/07\/martin-lamy-natacha-amal-notre-dame-de-paris-herve-accueillera-les-caravanes-des-artistes.jpg\" alt=\"Natachadef.jpg\"><figcaption>D.R.<\/figcaption><\/figure>\n<p><strong>15h15&nbsp;: MICHEL CHANTE SARDOU<\/strong><\/p>\n<p>Les plus grandes chansons de Michel Sardou en 100&nbsp;% live interpr\u00e9t\u00e9es par la voix \u00e9poustouflante de Michel\u2026 Curvers. La maladie d\u2019amour, En chantant, Chanteur de jazz, les Ricains, Le rire du sergent, Afrique adieu, Le France, Musulmanes, Les lacs du Connemara, la java de Broadway, Le France\u2026<\/p>\n<p><strong>16h30&nbsp;: QUAND LE JAZZ EST L\u00c0&nbsp;!<\/strong><\/p>\n<p>\u00ab&nbsp;Quand le Jazz est l\u00e0&nbsp;\u00bb, l\u2019histoire d\u2019amour entre le jazz et la chanson fran\u00e7aise. L\u2019id\u00e9e est magistrale, parcourir les plus belles chansons fran\u00e7aises ayant influenc\u00e9 le Jazz, s\u2019en \u00e9tant inspir\u00e9 ou lui rendant hommage. De l\u2019incontournable \u00ab&nbsp;Feuilles Mortes&nbsp;\u00bb \u00e0 la \u00ab&nbsp;Bo\u00eete de Jazz&nbsp;\u00bb, en \u00e9voquant les influences Jazz de Trenet, Gainsbourg, Nougaro, Aznavour, Brel et m\u00eame Brassens\u2026, le tout piment\u00e9 d\u2019anecdotes tant\u00f4t amusantes, tant\u00f4t dramatiques, mais toutes v\u00e9ridiques. Avec Michel Desaubies au Chant (notre c\u00e9l\u00e8bre grand gagnant de l\u2019\u00e9mission N\u2019oubliez pas les paroles), Andr\u00e9 Meuwis au piano et Mimi Verderame \u00e0 la guitare.<\/p>\n<p><strong>16h30&nbsp;: NOTRE-DAME DE PARIS<\/strong><\/p>\n<p>\u00c0 la fois hommage et grande farce autour de l\u2019auteur, cette version de \u00ab&nbsp;Notre-Dame de Paris&nbsp;\u00bb est une d\u00e9licieuse relecture d\u2019un monument classique. Seul en sc\u00e8ne, \u00c9ric De Staercke d\u00e9poussi\u00e8re le magistral roman de Victor Hugo. Rien que pour le plaisir. Incarnant tant\u00f4t un conf\u00e9rencier hugolien fac\u00e9tieux \u00e9pris de son sujet, tant\u00f4t Quasimodo, Esmeralda, Pierre Gringoire ou encore Claude Frollo, \u00c9ric De Staercke embrasse tout l\u2019univers du grand Victor de sa belle envergure de com\u00e9dien. Il est la cath\u00e9drale, le d\u00e9cor et l\u2019action. Passionn\u00e9 et passionnant, \u00c9ric De Staercke emm\u00e8ne ainsi le public dans la petite et la grande histoire de Notre-Dame, sublim\u00e9e par le d\u00e9cor \u00e9tonnant d\u2019une simple caravane, \u00e0 l\u2019ombre d\u2019un bel \u00e9difice.<\/p>\n<figure role=\"img\"> <img decoding=\"async\" data-copyright=\"D.R.\" class=\"r-img\" src=\"https:\/\/www.festivox.fr\/blog\/wp-content\/uploads\/2023\/07\/martin-lamy-natacha-amal-notre-dame-de-paris-herve-accueillera-les-caravanes-des-artistes-1.jpg\" alt=\"Notre-Dame de Paris.\"><figcaption>Notre-Dame de Paris. &#8211; D.R.<\/figcaption><\/figure>\n<p><strong>17h45&nbsp;: ANDRE LAMY<\/strong><\/p>\n<p>Le 11 mars 1979, Andr\u00e9 Lamy posait pour la premi\u00e8re fois ses pieds sur une sc\u00e8ne pour faire des imitations\u2026 Il y a donc 44 ans\u2026 Il vous revient (mais il n\u2019a pas arr\u00eat\u00e9 de revenir) avec un nouveau spectacle intitul\u00e9 \u00ab&nbsp;Lamytateur&nbsp;\u00bb, surnom qui lui avait \u00e9t\u00e9 donn\u00e9 par St\u00e9phane Steeman \u00e0 ses d\u00e9buts. Le spectacle se pr\u00e9sente comme un long stand-up d\u2019une heure trente, parsem\u00e9 d\u2019une multitude d\u2019imitations, de personnages et de chansons, parlant du gouvernement, de la famille royale, de Marc Coucke, d\u2019Yves Van Laethem, de Jean-Marie Bigard, de G\u00e9rard Depardieu, de l\u2019Ukraine, des LGBT, de la crise de l\u2019\u00e9nergie, de \u00ab&nbsp;Meetoo&nbsp;\u00bb \u2026<\/p>\n<p><strong>19h&nbsp;: PLACE DES GRANDS HOMMES (Cover Bruel)<\/strong><\/p>\n<p> Cet article, qui traite du th\u00e8me \u00ab\u00a0Festival Jazz et musique en mode guinguette\u00a0\u00bb, vous est d\u00e9lib\u00e9r\u00e9ment offert par festivox.fr. La raison d\u2019\u00eatre de festivox.fr est de parler de Festival Jazz et musique en mode guinguette dans la transparence la plus g\u00e9n\u00e9rale en vous procurant la visibilit\u00e9 de tout ce qui est publi\u00e9 sur ce sujet sur le web La chronique a \u00e9t\u00e9 g\u00e9n\u00e9r\u00e9e de la mani\u00e8re la plus honn\u00eate que possible. S\u2019il advenait que vous projetez d\u2019apporter quelques notes concernant le domaine de \u00ab\u00a0Festival Jazz et musique en mode guinguette\u00a0\u00bb vous avez la possibilit\u00e9 de d&rsquo;\u00e9changer avec notre r\u00e9daction. Dans peu de temps, on mettra en ligne d&rsquo;autres informations pertinentes autour du sujet \u00ab\u00a0Festival Jazz et musique en mode guinguette\u00a0\u00bb. Ainsi, consultez r\u00e9guli\u00e8rement notre site.<\/p>\n","protected":false},"excerpt":{"rendered":"<p>Spectacle th\u00e9\u00e2tral pour enfants. Paru en 1943, le r\u00e9cit de Saint-Exup\u00e9ry a fait le tour du monde et touche au c\u0153ur petits et grands. Le spectacle imagin\u00e9 d\u00e9ploiera toute la th\u00e9\u00e2tralit\u00e9 du conte et nourrira l\u2019imaginaire du spectateur au fil des rencontres du Petit Prince avec de multiples personnages crois\u00e9s sur les plan\u00e8tes ou dans&hellip;<\/p>\n","protected":false},"author":1,"featured_media":249,"comment_status":"closed","ping_status":"closed","sticky":false,"template":"","format":"standard","meta":{"footnotes":""},"categories":[3],"tags":[],"class_list":["post-248","post","type-post","status-publish","format-standard","has-post-thumbnail","hentry","category-wiki-sur-festival-jazz-et-musique-en-mode-guinguette"],"yoast_head":"<!-- This site is optimized with the Yoast SEO plugin v27.5 - https:\/\/yoast.com\/product\/yoast-seo-wordpress\/ -->\n<title>Martin Lamy, Natacha Amal, Notre-Dame de Paris\u2026 Herve accueillera \u00ab Les Caravanes des Artistes - FESTIVOX<\/title>\n<meta name=\"robots\" content=\"index, follow, max-snippet:-1, max-image-preview:large, max-video-preview:-1\" \/>\n<link rel=\"canonical\" href=\"https:\/\/www.festivox.fr\/blog\/martin-lamy-natacha-amal-notre-dame-de-paris-herve-accueillera-les-caravanes-des-artistes\/\" \/>\n<meta property=\"og:locale\" content=\"fr_FR\" \/>\n<meta property=\"og:type\" content=\"article\" \/>\n<meta property=\"og:title\" content=\"Martin Lamy, Natacha Amal, Notre-Dame de Paris\u2026 Herve accueillera \u00ab Les Caravanes des Artistes - FESTIVOX\" \/>\n<meta property=\"og:description\" content=\"Spectacle th\u00e9\u00e2tral pour enfants. Paru en 1943, le r\u00e9cit de Saint-Exup\u00e9ry a fait le tour du monde et touche au c\u0153ur petits et grands. Le spectacle imagin\u00e9 d\u00e9ploiera toute la th\u00e9\u00e2tralit\u00e9 du conte et nourrira l\u2019imaginaire du spectateur au fil des rencontres du Petit Prince avec de multiples personnages crois\u00e9s sur les plan\u00e8tes ou dans&hellip;\" \/>\n<meta property=\"og:url\" content=\"https:\/\/www.festivox.fr\/blog\/martin-lamy-natacha-amal-notre-dame-de-paris-herve-accueillera-les-caravanes-des-artistes\/\" \/>\n<meta property=\"og:site_name\" content=\"FESTIVOX\" \/>\n<meta property=\"article:published_time\" content=\"2023-07-07T07:56:00+00:00\" \/>\n<meta property=\"og:image\" content=\"https:\/\/www.festivox.fr\/blog\/wp-content\/uploads\/2023\/07\/martin-lamy-natacha-amal-notre-dame-de-paris-herve-accueillera-les-caravanes-des-artistes.jpg\" \/>\n<meta name=\"author\" content=\"Michele\" \/>\n<meta name=\"twitter:card\" content=\"summary_large_image\" \/>\n<meta name=\"twitter:label1\" content=\"\u00c9crit par\" \/>\n\t<meta name=\"twitter:data1\" content=\"Michele\" \/>\n\t<meta name=\"twitter:label2\" content=\"Dur\u00e9e de lecture estim\u00e9e\" \/>\n\t<meta name=\"twitter:data2\" content=\"4 minutes\" \/>\n<script type=\"application\/ld+json\" class=\"yoast-schema-graph\">{\"@context\":\"https:\\\/\\\/schema.org\",\"@graph\":[{\"@type\":\"Article\",\"@id\":\"https:\\\/\\\/www.festivox.fr\\\/blog\\\/martin-lamy-natacha-amal-notre-dame-de-paris-herve-accueillera-les-caravanes-des-artistes\\\/#article\",\"isPartOf\":{\"@id\":\"https:\\\/\\\/www.festivox.fr\\\/blog\\\/martin-lamy-natacha-amal-notre-dame-de-paris-herve-accueillera-les-caravanes-des-artistes\\\/\"},\"author\":{\"name\":\"Michele\",\"@id\":\"https:\\\/\\\/www.festivox.fr\\\/blog\\\/#\\\/schema\\\/person\\\/f36a8b6bc94800c3eafed4bca993ce95\"},\"headline\":\"Martin Lamy, Natacha Amal, Notre-Dame de Paris\u2026 Herve accueillera \u00ab Les Caravanes des Artistes\",\"datePublished\":\"2023-07-07T07:56:00+00:00\",\"mainEntityOfPage\":{\"@id\":\"https:\\\/\\\/www.festivox.fr\\\/blog\\\/martin-lamy-natacha-amal-notre-dame-de-paris-herve-accueillera-les-caravanes-des-artistes\\\/\"},\"wordCount\":854,\"publisher\":{\"@id\":\"https:\\\/\\\/www.festivox.fr\\\/blog\\\/#organization\"},\"image\":{\"@id\":\"https:\\\/\\\/www.festivox.fr\\\/blog\\\/martin-lamy-natacha-amal-notre-dame-de-paris-herve-accueillera-les-caravanes-des-artistes\\\/#primaryimage\"},\"thumbnailUrl\":\"https:\\\/\\\/www.festivox.fr\\\/blog\\\/wp-content\\\/uploads\\\/2023\\\/07\\\/martin-lamy-natacha-amal-notre-dame-de-paris-herve-accueillera-les-caravanes-des-artistes.jpg\",\"articleSection\":[\"Wiki Sur Festival Jazz Et Musique En Mode Guinguette:\"],\"inLanguage\":\"fr-FR\"},{\"@type\":\"WebPage\",\"@id\":\"https:\\\/\\\/www.festivox.fr\\\/blog\\\/martin-lamy-natacha-amal-notre-dame-de-paris-herve-accueillera-les-caravanes-des-artistes\\\/\",\"url\":\"https:\\\/\\\/www.festivox.fr\\\/blog\\\/martin-lamy-natacha-amal-notre-dame-de-paris-herve-accueillera-les-caravanes-des-artistes\\\/\",\"name\":\"Martin Lamy, Natacha Amal, Notre-Dame de Paris\u2026 Herve accueillera \u00ab Les Caravanes des Artistes - FESTIVOX\",\"isPartOf\":{\"@id\":\"https:\\\/\\\/www.festivox.fr\\\/blog\\\/#website\"},\"primaryImageOfPage\":{\"@id\":\"https:\\\/\\\/www.festivox.fr\\\/blog\\\/martin-lamy-natacha-amal-notre-dame-de-paris-herve-accueillera-les-caravanes-des-artistes\\\/#primaryimage\"},\"image\":{\"@id\":\"https:\\\/\\\/www.festivox.fr\\\/blog\\\/martin-lamy-natacha-amal-notre-dame-de-paris-herve-accueillera-les-caravanes-des-artistes\\\/#primaryimage\"},\"thumbnailUrl\":\"https:\\\/\\\/www.festivox.fr\\\/blog\\\/wp-content\\\/uploads\\\/2023\\\/07\\\/martin-lamy-natacha-amal-notre-dame-de-paris-herve-accueillera-les-caravanes-des-artistes.jpg\",\"datePublished\":\"2023-07-07T07:56:00+00:00\",\"breadcrumb\":{\"@id\":\"https:\\\/\\\/www.festivox.fr\\\/blog\\\/martin-lamy-natacha-amal-notre-dame-de-paris-herve-accueillera-les-caravanes-des-artistes\\\/#breadcrumb\"},\"inLanguage\":\"fr-FR\",\"potentialAction\":[{\"@type\":\"ReadAction\",\"target\":[\"https:\\\/\\\/www.festivox.fr\\\/blog\\\/martin-lamy-natacha-amal-notre-dame-de-paris-herve-accueillera-les-caravanes-des-artistes\\\/\"]}]},{\"@type\":\"ImageObject\",\"inLanguage\":\"fr-FR\",\"@id\":\"https:\\\/\\\/www.festivox.fr\\\/blog\\\/martin-lamy-natacha-amal-notre-dame-de-paris-herve-accueillera-les-caravanes-des-artistes\\\/#primaryimage\",\"url\":\"https:\\\/\\\/www.festivox.fr\\\/blog\\\/wp-content\\\/uploads\\\/2023\\\/07\\\/martin-lamy-natacha-amal-notre-dame-de-paris-herve-accueillera-les-caravanes-des-artistes.jpg\",\"contentUrl\":\"https:\\\/\\\/www.festivox.fr\\\/blog\\\/wp-content\\\/uploads\\\/2023\\\/07\\\/martin-lamy-natacha-amal-notre-dame-de-paris-herve-accueillera-les-caravanes-des-artistes.jpg\",\"width\":664,\"height\":939},{\"@type\":\"BreadcrumbList\",\"@id\":\"https:\\\/\\\/www.festivox.fr\\\/blog\\\/martin-lamy-natacha-amal-notre-dame-de-paris-herve-accueillera-les-caravanes-des-artistes\\\/#breadcrumb\",\"itemListElement\":[{\"@type\":\"ListItem\",\"position\":1,\"name\":\"Accueil\",\"item\":\"https:\\\/\\\/www.festivox.fr\\\/blog\\\/\"},{\"@type\":\"ListItem\",\"position\":2,\"name\":\"Martin Lamy, Natacha Amal, Notre-Dame de Paris\u2026 Herve accueillera \u00ab Les Caravanes des Artistes\"}]},{\"@type\":\"WebSite\",\"@id\":\"https:\\\/\\\/www.festivox.fr\\\/blog\\\/#website\",\"url\":\"https:\\\/\\\/www.festivox.fr\\\/blog\\\/\",\"name\":\"FESTIVOX\",\"description\":\"Festival en mode guinguette.\",\"publisher\":{\"@id\":\"https:\\\/\\\/www.festivox.fr\\\/blog\\\/#organization\"},\"potentialAction\":[{\"@type\":\"SearchAction\",\"target\":{\"@type\":\"EntryPoint\",\"urlTemplate\":\"https:\\\/\\\/www.festivox.fr\\\/blog\\\/?s={search_term_string}\"},\"query-input\":{\"@type\":\"PropertyValueSpecification\",\"valueRequired\":true,\"valueName\":\"search_term_string\"}}],\"inLanguage\":\"fr-FR\"},{\"@type\":\"Organization\",\"@id\":\"https:\\\/\\\/www.festivox.fr\\\/blog\\\/#organization\",\"name\":\"festivox\",\"url\":\"https:\\\/\\\/www.festivox.fr\\\/blog\\\/\",\"logo\":{\"@type\":\"ImageObject\",\"inLanguage\":\"fr-FR\",\"@id\":\"https:\\\/\\\/www.festivox.fr\\\/blog\\\/#\\\/schema\\\/logo\\\/image\\\/\",\"url\":\"https:\\\/\\\/www.festivox.fr\\\/blog\\\/wp-content\\\/uploads\\\/2023\\\/06\\\/logo-2.png\",\"contentUrl\":\"https:\\\/\\\/www.festivox.fr\\\/blog\\\/wp-content\\\/uploads\\\/2023\\\/06\\\/logo-2.png\",\"width\":480,\"height\":160,\"caption\":\"festivox\"},\"image\":{\"@id\":\"https:\\\/\\\/www.festivox.fr\\\/blog\\\/#\\\/schema\\\/logo\\\/image\\\/\"}},{\"@type\":\"Person\",\"@id\":\"https:\\\/\\\/www.festivox.fr\\\/blog\\\/#\\\/schema\\\/person\\\/f36a8b6bc94800c3eafed4bca993ce95\",\"name\":\"Michele\",\"image\":{\"@type\":\"ImageObject\",\"inLanguage\":\"fr-FR\",\"@id\":\"https:\\\/\\\/secure.gravatar.com\\\/avatar\\\/b062046536b5d47ec9075956ec349ef95ed06b0f910c578f74abb318668b702e?s=96&d=mm&r=g\",\"url\":\"https:\\\/\\\/secure.gravatar.com\\\/avatar\\\/b062046536b5d47ec9075956ec349ef95ed06b0f910c578f74abb318668b702e?s=96&d=mm&r=g\",\"contentUrl\":\"https:\\\/\\\/secure.gravatar.com\\\/avatar\\\/b062046536b5d47ec9075956ec349ef95ed06b0f910c578f74abb318668b702e?s=96&d=mm&r=g\",\"caption\":\"Michele\"},\"sameAs\":[\"https:\\\/\\\/www.festivox.fr\\\/blog\"],\"url\":\"https:\\\/\\\/www.festivox.fr\\\/blog\\\/author\\\/voxadmin\\\/\"}]}<\/script>\n<!-- \/ Yoast SEO plugin. -->","yoast_head_json":{"title":"Martin Lamy, Natacha Amal, Notre-Dame de Paris\u2026 Herve accueillera \u00ab Les Caravanes des Artistes - FESTIVOX","robots":{"index":"index","follow":"follow","max-snippet":"max-snippet:-1","max-image-preview":"max-image-preview:large","max-video-preview":"max-video-preview:-1"},"canonical":"https:\/\/www.festivox.fr\/blog\/martin-lamy-natacha-amal-notre-dame-de-paris-herve-accueillera-les-caravanes-des-artistes\/","og_locale":"fr_FR","og_type":"article","og_title":"Martin Lamy, Natacha Amal, Notre-Dame de Paris\u2026 Herve accueillera \u00ab Les Caravanes des Artistes - FESTIVOX","og_description":"Spectacle th\u00e9\u00e2tral pour enfants. Paru en 1943, le r\u00e9cit de Saint-Exup\u00e9ry a fait le tour du monde et touche au c\u0153ur petits et grands. Le spectacle imagin\u00e9 d\u00e9ploiera toute la th\u00e9\u00e2tralit\u00e9 du conte et nourrira l\u2019imaginaire du spectateur au fil des rencontres du Petit Prince avec de multiples personnages crois\u00e9s sur les plan\u00e8tes ou dans&hellip;","og_url":"https:\/\/www.festivox.fr\/blog\/martin-lamy-natacha-amal-notre-dame-de-paris-herve-accueillera-les-caravanes-des-artistes\/","og_site_name":"FESTIVOX","article_published_time":"2023-07-07T07:56:00+00:00","og_image":[{"url":"https:\/\/www.festivox.fr\/blog\/wp-content\/uploads\/2023\/07\/martin-lamy-natacha-amal-notre-dame-de-paris-herve-accueillera-les-caravanes-des-artistes.jpg","type":"","width":"","height":""}],"author":"Michele","twitter_card":"summary_large_image","twitter_misc":{"\u00c9crit par":"Michele","Dur\u00e9e de lecture estim\u00e9e":"4 minutes"},"schema":{"@context":"https:\/\/schema.org","@graph":[{"@type":"Article","@id":"https:\/\/www.festivox.fr\/blog\/martin-lamy-natacha-amal-notre-dame-de-paris-herve-accueillera-les-caravanes-des-artistes\/#article","isPartOf":{"@id":"https:\/\/www.festivox.fr\/blog\/martin-lamy-natacha-amal-notre-dame-de-paris-herve-accueillera-les-caravanes-des-artistes\/"},"author":{"name":"Michele","@id":"https:\/\/www.festivox.fr\/blog\/#\/schema\/person\/f36a8b6bc94800c3eafed4bca993ce95"},"headline":"Martin Lamy, Natacha Amal, Notre-Dame de Paris\u2026 Herve accueillera \u00ab Les Caravanes des Artistes","datePublished":"2023-07-07T07:56:00+00:00","mainEntityOfPage":{"@id":"https:\/\/www.festivox.fr\/blog\/martin-lamy-natacha-amal-notre-dame-de-paris-herve-accueillera-les-caravanes-des-artistes\/"},"wordCount":854,"publisher":{"@id":"https:\/\/www.festivox.fr\/blog\/#organization"},"image":{"@id":"https:\/\/www.festivox.fr\/blog\/martin-lamy-natacha-amal-notre-dame-de-paris-herve-accueillera-les-caravanes-des-artistes\/#primaryimage"},"thumbnailUrl":"https:\/\/www.festivox.fr\/blog\/wp-content\/uploads\/2023\/07\/martin-lamy-natacha-amal-notre-dame-de-paris-herve-accueillera-les-caravanes-des-artistes.jpg","articleSection":["Wiki Sur Festival Jazz Et Musique En Mode Guinguette:"],"inLanguage":"fr-FR"},{"@type":"WebPage","@id":"https:\/\/www.festivox.fr\/blog\/martin-lamy-natacha-amal-notre-dame-de-paris-herve-accueillera-les-caravanes-des-artistes\/","url":"https:\/\/www.festivox.fr\/blog\/martin-lamy-natacha-amal-notre-dame-de-paris-herve-accueillera-les-caravanes-des-artistes\/","name":"Martin Lamy, Natacha Amal, Notre-Dame de Paris\u2026 Herve accueillera \u00ab Les Caravanes des Artistes - FESTIVOX","isPartOf":{"@id":"https:\/\/www.festivox.fr\/blog\/#website"},"primaryImageOfPage":{"@id":"https:\/\/www.festivox.fr\/blog\/martin-lamy-natacha-amal-notre-dame-de-paris-herve-accueillera-les-caravanes-des-artistes\/#primaryimage"},"image":{"@id":"https:\/\/www.festivox.fr\/blog\/martin-lamy-natacha-amal-notre-dame-de-paris-herve-accueillera-les-caravanes-des-artistes\/#primaryimage"},"thumbnailUrl":"https:\/\/www.festivox.fr\/blog\/wp-content\/uploads\/2023\/07\/martin-lamy-natacha-amal-notre-dame-de-paris-herve-accueillera-les-caravanes-des-artistes.jpg","datePublished":"2023-07-07T07:56:00+00:00","breadcrumb":{"@id":"https:\/\/www.festivox.fr\/blog\/martin-lamy-natacha-amal-notre-dame-de-paris-herve-accueillera-les-caravanes-des-artistes\/#breadcrumb"},"inLanguage":"fr-FR","potentialAction":[{"@type":"ReadAction","target":["https:\/\/www.festivox.fr\/blog\/martin-lamy-natacha-amal-notre-dame-de-paris-herve-accueillera-les-caravanes-des-artistes\/"]}]},{"@type":"ImageObject","inLanguage":"fr-FR","@id":"https:\/\/www.festivox.fr\/blog\/martin-lamy-natacha-amal-notre-dame-de-paris-herve-accueillera-les-caravanes-des-artistes\/#primaryimage","url":"https:\/\/www.festivox.fr\/blog\/wp-content\/uploads\/2023\/07\/martin-lamy-natacha-amal-notre-dame-de-paris-herve-accueillera-les-caravanes-des-artistes.jpg","contentUrl":"https:\/\/www.festivox.fr\/blog\/wp-content\/uploads\/2023\/07\/martin-lamy-natacha-amal-notre-dame-de-paris-herve-accueillera-les-caravanes-des-artistes.jpg","width":664,"height":939},{"@type":"BreadcrumbList","@id":"https:\/\/www.festivox.fr\/blog\/martin-lamy-natacha-amal-notre-dame-de-paris-herve-accueillera-les-caravanes-des-artistes\/#breadcrumb","itemListElement":[{"@type":"ListItem","position":1,"name":"Accueil","item":"https:\/\/www.festivox.fr\/blog\/"},{"@type":"ListItem","position":2,"name":"Martin Lamy, Natacha Amal, Notre-Dame de Paris\u2026 Herve accueillera \u00ab Les Caravanes des Artistes"}]},{"@type":"WebSite","@id":"https:\/\/www.festivox.fr\/blog\/#website","url":"https:\/\/www.festivox.fr\/blog\/","name":"FESTIVOX","description":"Festival en mode guinguette.","publisher":{"@id":"https:\/\/www.festivox.fr\/blog\/#organization"},"potentialAction":[{"@type":"SearchAction","target":{"@type":"EntryPoint","urlTemplate":"https:\/\/www.festivox.fr\/blog\/?s={search_term_string}"},"query-input":{"@type":"PropertyValueSpecification","valueRequired":true,"valueName":"search_term_string"}}],"inLanguage":"fr-FR"},{"@type":"Organization","@id":"https:\/\/www.festivox.fr\/blog\/#organization","name":"festivox","url":"https:\/\/www.festivox.fr\/blog\/","logo":{"@type":"ImageObject","inLanguage":"fr-FR","@id":"https:\/\/www.festivox.fr\/blog\/#\/schema\/logo\/image\/","url":"https:\/\/www.festivox.fr\/blog\/wp-content\/uploads\/2023\/06\/logo-2.png","contentUrl":"https:\/\/www.festivox.fr\/blog\/wp-content\/uploads\/2023\/06\/logo-2.png","width":480,"height":160,"caption":"festivox"},"image":{"@id":"https:\/\/www.festivox.fr\/blog\/#\/schema\/logo\/image\/"}},{"@type":"Person","@id":"https:\/\/www.festivox.fr\/blog\/#\/schema\/person\/f36a8b6bc94800c3eafed4bca993ce95","name":"Michele","image":{"@type":"ImageObject","inLanguage":"fr-FR","@id":"https:\/\/secure.gravatar.com\/avatar\/b062046536b5d47ec9075956ec349ef95ed06b0f910c578f74abb318668b702e?s=96&d=mm&r=g","url":"https:\/\/secure.gravatar.com\/avatar\/b062046536b5d47ec9075956ec349ef95ed06b0f910c578f74abb318668b702e?s=96&d=mm&r=g","contentUrl":"https:\/\/secure.gravatar.com\/avatar\/b062046536b5d47ec9075956ec349ef95ed06b0f910c578f74abb318668b702e?s=96&d=mm&r=g","caption":"Michele"},"sameAs":["https:\/\/www.festivox.fr\/blog"],"url":"https:\/\/www.festivox.fr\/blog\/author\/voxadmin\/"}]}},"_links":{"self":[{"href":"https:\/\/www.festivox.fr\/blog\/wp-json\/wp\/v2\/posts\/248","targetHints":{"allow":["GET"]}}],"collection":[{"href":"https:\/\/www.festivox.fr\/blog\/wp-json\/wp\/v2\/posts"}],"about":[{"href":"https:\/\/www.festivox.fr\/blog\/wp-json\/wp\/v2\/types\/post"}],"author":[{"embeddable":true,"href":"https:\/\/www.festivox.fr\/blog\/wp-json\/wp\/v2\/users\/1"}],"replies":[{"embeddable":true,"href":"https:\/\/www.festivox.fr\/blog\/wp-json\/wp\/v2\/comments?post=248"}],"version-history":[{"count":0,"href":"https:\/\/www.festivox.fr\/blog\/wp-json\/wp\/v2\/posts\/248\/revisions"}],"wp:featuredmedia":[{"embeddable":true,"href":"https:\/\/www.festivox.fr\/blog\/wp-json\/wp\/v2\/media\/249"}],"wp:attachment":[{"href":"https:\/\/www.festivox.fr\/blog\/wp-json\/wp\/v2\/media?parent=248"}],"wp:term":[{"taxonomy":"category","embeddable":true,"href":"https:\/\/www.festivox.fr\/blog\/wp-json\/wp\/v2\/categories?post=248"},{"taxonomy":"post_tag","embeddable":true,"href":"https:\/\/www.festivox.fr\/blog\/wp-json\/wp\/v2\/tags?post=248"}],"curies":[{"name":"wp","href":"https:\/\/api.w.org\/{rel}","templated":true}]}}