{"id":239,"date":"2023-07-13T22:49:00","date_gmt":"2023-07-13T20:49:00","guid":{"rendered":"https:\/\/www.festivox.fr\/blog\/le-14-juillet-de-michel-audiard-au-rythme-de-la-java-bleue-et-de-la-valse-a-tout-le-monde\/"},"modified":"2023-07-13T22:49:00","modified_gmt":"2023-07-13T20:49:00","slug":"le-14-juillet-de-michel-audiard-au-rythme-de-la-java-bleue-et-de-la-valse-a-tout-le-monde","status":"publish","type":"post","link":"https:\/\/www.festivox.fr\/blog\/le-14-juillet-de-michel-audiard-au-rythme-de-la-java-bleue-et-de-la-valse-a-tout-le-monde\/","title":{"rendered":"Le 14-Juillet de Michel Audiard \u00abau rythme de La Java bleue et de La Valse \u00e0 tout le monde&#8230;\u00bb"},"content":{"rendered":"\n<div><img decoding=\"async\" src=\"https:\/\/www.festivox.fr\/blog\/wp-content\/uploads\/2023\/07\/le-14-juillet-de-michel-audiard-au-rythme-de-la-java-bleue-et-de-la-valse-a-tout-le-monde.jpg\" class=\"ff-og-image-inserted\"><\/div>\n<p><strong>DOCUMENT &#8211;<\/strong> A 26 ans, au lendemain de la guerre, le futur dialoguiste des <i>Tontons flingueurs<\/i> dans un article exhum\u00e9 de ses archives et publi\u00e9 aujourd\u2019hui par l&rsquo;historien Franck Lhomeau.<\/p>\n<div data-agora-base-url=\"https:\/\/connect.lefigaro.fr\" data-component=\"fig-content-body\" data-context=\"was @visible\" data-id=\"bGVmaWdhcm8uZnJfX2I3ZDdiMzA3LTIwOWYtMTFlZS04ZmYwLWEwMzY5ZjkxZjMwNF9fQXJ0aWNsZQ==\" data-module=\"fig-body\" data-premium=\"false\">\n<p class=\"fig-paragraph\">Le lendemain du 14 juillet 1946, un an apr\u00e8s la fin de la Seconde Guerre mondiale, <a href=\"https:\/\/www.lefigaro.fr\/cinema\/les-critiques-cinematographiques-de-michel-audiard-c-etait-deja-du-brutal-20201129\" target=\"_blank\" data-fig-type=\"Article\" rel=\"noopener nofollow\" data-gtm-custom-categorie=\"navigation\" data-gtm-custom-action=\"crossclick\" data-gtm-custom-label=\"Contextuel\" data-gtm-event=\"customEventSPE\" data-fig-domain=\"LEFIGARO\">Michel Audiard<\/a>, encore jeune journaliste, \u00e9crivait un reportage sur le bonheur retrouv\u00e9 et insouciant des Parisiens le jour de la f\u00eate nationale fran\u00e7aise. Dans son style enlev\u00e9, qui quelques ann\u00e9es plus tard allait contribuer \u00e0 sa gloire de dialoguiste, le \u00ab<em>petit cycliste<\/em>\u00bb -comme aimait \u00e0 le nommer Jean Gabin-, racontait sa joie de revoir \u00ab<em>les lampions, les bals et les danseuses aux jambes et aux semelles compens\u00e9es&#8230;<\/em>\u00bb.<\/p>\n<div class=\"fig-crosslinking fig-crosslinking--1 \">\n<p><span>\u00c0 d\u00e9couvrir<\/span><\/p>\n<\/p><\/div>\n<p class=\"fig-paragraph\">D\u00e9couvrez cet article joyeux, r\u00e9dig\u00e9 au son des flonflons et r\u00e9\u00e9dit\u00e9 aujourd\u2019hui r\u00e9\u00e9dit\u00e9 parmi une cinquantaine dans un livre intitul\u00e9 <em>Michel Audiard: \u00c7a ne me regarde pas&#8230;<\/em> (\u00e9ditions Joseph K), pr\u00e9sent\u00e9 par l&rsquo;historien de la litt\u00e9rature Franck Lhomeau. Chronique d&rsquo;un temps pass\u00e9 mais pas si lointain o\u00f9 \u00ab<em>les belles amours et de moins prosa\u00efques aventures se nouaient au rythme de <\/em>La Java bleue<em> et de <\/em>La Valse \u00e0 tout le monde<em>.<\/em>\u00bb<\/p>\n<p class=\"fig-body-link\"><span class=\"fig-body-link__prefix\">\u00c0 lire aussi<\/span><a class=\"fig-body-link__link\" href=\"https:\/\/www.lefigaro.fr\/cinema\/les-critiques-cinematographiques-de-michel-audiard-c-etait-deja-du-brutal-20201129\" target=\"_blank\" data-fig-type=\"Article\" rel=\"noopener nofollow\" data-gtm-custom-categorie=\"navigation\" data-gtm-custom-action=\"crossclick\" data-gtm-custom-label=\"Contextuel\" data-gtm-event=\"customEventSPE\" data-fig-domain=\"LEFIGARO\"><span class=\"fig-body-link__link-title\">Les critiques cin\u00e9matographiques de Michel Audiard, c&rsquo;\u00e9tait d\u00e9j\u00e0 du brutal<\/span><\/a><\/p>\n<h2 class=\"fig-body-heading\" id=\"subhead-6b0f73d1-0c5d-4bbf-be56-ab8894d4244f\"><em>Paris a dans\u00e9 jusqu&rsquo;\u00e0 l&rsquo;aube<\/em><\/h2>\n<p class=\"fig-paragraph\"><em>Le 14 juillet 1946\u2026 Un 14 juillet sans viande, sans fi\u00e8vre, avec des drapeaux sur les autobus et beaucoup moins de drapeaux aux fen\u00eatres. Et pas de soleil du tout. On est m\u00eame en droit de se demander ce qui lui a pris, au soleil, de faire faux bond, un jour comme celui-l\u00e0&nbsp;? <\/em><br \/><em>En revanche, et ceci compense cela, un 14 juillet avec des lampions, des guirlandes de papier tricolore, des accord\u00e9ons et des gens. Oui, des gens. Une foule de gens qui chantaient tout de m\u00eame. Il y avait m\u00eame, parmi cette foule, des gens qui se promenaient, des gens qui s&rsquo;asseyaient aux terrasses pour regarder passer les autres gens, et des gens qui dansaient. Il va sans dire que cela faisait beaucoup de monde dans les rues et sur les places. <\/em><br \/><em>\u00c0 tel point qu&rsquo;il ne devait plus y avoir grand monde dans les appartements, sauf, bien entendu, les malades et les m\u00e9contents qui, cent cinquante-sept ans apr\u00e8s l&rsquo;\u00e9v\u00e9nement, r\u00e9prouvent encore que la Bastille ait \u00e9t\u00e9 prise. <\/em><br \/><em>Parce qu&rsquo;il y a des gens comme cela, qui ont des id\u00e9es <\/em><br \/><em>tr\u00e8s arr\u00eat\u00e9es sur l&rsquo;Histoire et principalement sur la fameuse <\/em><br \/><em>prise de la Bastille. Ce ne sont heureusement que des cas <\/em><br \/><em>isol\u00e9s.<\/em><\/p>\n<h2 class=\"fig-body-heading\" id=\"subhead-a0bfa90c-2ec0-428a-980f-cdb7cd680476\"><em>La valse \u00e0 tout le monde<\/em><\/h2>\n<p class=\"fig-paragraph\"><em>On a dans\u00e9 dans mon quartier et dans les quartiers d&rsquo;\u00e0-c\u00f4t\u00e9. De Vincennes \u00e0 Neuilly, de Clignancourt \u00e0 la porte d&rsquo;Orl\u00e9ans, tout Paris a vals\u00e9 et swingu\u00e9 sur l&rsquo;asphalte au son des orchestres d&rsquo;amateurs et des pick-up d&rsquo;occasion.<\/em><\/p>\n<h2 class=\"fig-body-heading\" id=\"subhead-56a90f8f-dd33-4849-b2ef-77edeacee343\"><em>Embrassez vos cavali\u00e8res<\/em><\/h2>\n<p class=\"fig-paragraph\"><em>Les fervents de l&rsquo;accord\u00e9on et du jazz ont commenc\u00e9 \u00e0 tourner et \u00e0 se d\u00e9hancher samedi soir, tout de suite apr\u00e8s l&rsquo;orage, sur les trottoirs encore mouill\u00e9s. On ne voulait pas perdre de temps, puisqu&rsquo;on \u00e9tait descendu dans la rue pour cela. <\/em><br \/><em>Puis le dimanche, tandis que s&rsquo;accumulaient les soucoupes et que se d\u00e9bouchaient les canettes, les couples sortis de la nuit se multipliaient dans les flonflons et les ritournelles de la f\u00eate. Les belles amours et de moins prosa\u00efques aventures se nouaient au rythme de la Java bleue et de la Valse \u00e0 tout le monde. \u2014 Embrassez vos cavali\u00e8res&nbsp;! <\/em><br \/><em>La comm\u00e9moration de la prise de la Bastille prend, en 1946, un parfum de rouge \u00e0 l\u00e8vres et de diabolo menthe. Le c\u00f4t\u00e9 artistique, qui ne perd jamais ses droits, \u00e9tait repr\u00e9sent\u00e9 par diverses attractions. <\/em><br \/><em>Dans le verdoyant petit square de La Chapelle, un concours de grimaces, \u00e2prement disput\u00e9, opposait les \u00e9mules de Fernandel. <\/em><br \/><em>Dans l&rsquo;art subtil de se torturer la physionomie, les concurrentes montr\u00e8rent, on s&rsquo;en serait dout\u00e9, infiniment plus de dispositions que leurs adversaires m\u00e2les. <\/em><br \/><em>Par contre, les bondissants repr\u00e9sentants du sexe fort prirent une \u00e9clatante revanche dans la course en sacs opposant les J3 de la rue Philippe-de-Girard.<\/em><\/p>\n<h2 class=\"fig-body-heading\" id=\"subhead-46527ed4-7b57-4e53-8891-b6761be45d7d\"><em>\u2026 et coup d&rsquo;\u0153il<\/em><\/h2>\n<p class=\"fig-paragraph\"><em>Toutefois, le gros succ\u00e8s de la journ\u00e9e revient \u00e0 une charmante et d\u00e9sinvolte concurrente du championnat de m\u00e2t de cocagne. Apr\u00e8s s&rsquo;\u00eatre pratiquement d\u00e9barrass\u00e9e d&rsquo;une jupe par trop g\u00eanante, la fringante beaut\u00e9 d\u00e9crocha le gros lot au milieu des applaudissements sans fin des amateurs de sport et de coup d&rsquo;\u0153il.<\/em><\/p>\n<h2 class=\"fig-body-heading\" id=\"subhead-ef7ba5cc-4513-40d6-9e9c-bb0e890fe922\"><em>Le bal continu\u2026<\/em><\/h2>\n<p class=\"fig-paragraph\"><em>Puis, les jeux termin\u00e9s, le bal reprit ses droits. Tandis que le vent ber\u00e7ait doucement les lampions, les danseuses aux jambes nues et aux semelles compens\u00e9es tourn\u00e8rent jusqu&rsquo;\u00e0 l&rsquo;aube entre les bras des militaires, des coqs de quartier et des amoureux d&rsquo;un soir. Puisqu&rsquo;il faut qu&rsquo;un 14 juillet, avec ou sans viande, se termine ainsi. Et que c&rsquo;est parfait comme cela.<\/em><\/p>\n<p class=\"fig-paragraph\"><em>\u00bb <\/em>\u00c7a ne me regarde pas, Reportages, nouvelles et contes in\u00e9dits,<em> par Michel Audiard, Joseph K, 236 p., 18,50 euros.<\/em><\/p>\n<\/p><\/div>\n<p> Cet article, qui traite du th\u00e8me \u00ab\u00a0Festival Jazz et musique en mode guinguette\u00a0\u00bb, vous est d\u00e9lib\u00e9r\u00e9ment offert par festivox.fr. La raison d\u2019\u00eatre de festivox.fr est de parler de Festival Jazz et musique en mode guinguette dans la transparence la plus g\u00e9n\u00e9rale en vous procurant la visibilit\u00e9 de tout ce qui est publi\u00e9 sur ce sujet sur le web La chronique a \u00e9t\u00e9 g\u00e9n\u00e9r\u00e9e de la mani\u00e8re la plus honn\u00eate que possible. S\u2019il advenait que vous projetez d\u2019apporter quelques notes concernant le domaine de \u00ab\u00a0Festival Jazz et musique en mode guinguette\u00a0\u00bb vous avez la possibilit\u00e9 de d&rsquo;\u00e9changer avec notre r\u00e9daction. Dans peu de temps, on mettra en ligne d&rsquo;autres informations pertinentes autour du sujet \u00ab\u00a0Festival Jazz et musique en mode guinguette\u00a0\u00bb. Ainsi, consultez r\u00e9guli\u00e8rement notre site.<\/p>\n","protected":false},"excerpt":{"rendered":"<p>DOCUMENT &#8211; A 26 ans, au lendemain de la guerre, le futur dialoguiste des Tontons flingueurs dans un article exhum\u00e9 de ses archives et publi\u00e9 aujourd\u2019hui par l&rsquo;historien Franck Lhomeau. Le lendemain du 14 juillet 1946, un an apr\u00e8s la fin de la Seconde Guerre mondiale, Michel Audiard, encore jeune journaliste, \u00e9crivait un reportage sur&hellip;<\/p>\n","protected":false},"author":1,"featured_media":240,"comment_status":"closed","ping_status":"closed","sticky":false,"template":"","format":"standard","meta":{"footnotes":""},"categories":[3],"tags":[],"class_list":["post-239","post","type-post","status-publish","format-standard","has-post-thumbnail","hentry","category-wiki-sur-festival-jazz-et-musique-en-mode-guinguette"],"yoast_head":"<!-- This site is optimized with the Yoast SEO plugin v27.5 - https:\/\/yoast.com\/product\/yoast-seo-wordpress\/ -->\n<title>Le 14-Juillet de Michel Audiard \u00abau rythme de La Java bleue et de La Valse \u00e0 tout le monde...\u00bb - FESTIVOX<\/title>\n<meta name=\"robots\" content=\"index, follow, max-snippet:-1, max-image-preview:large, max-video-preview:-1\" \/>\n<link rel=\"canonical\" href=\"https:\/\/www.festivox.fr\/blog\/le-14-juillet-de-michel-audiard-au-rythme-de-la-java-bleue-et-de-la-valse-a-tout-le-monde\/\" \/>\n<meta property=\"og:locale\" content=\"fr_FR\" \/>\n<meta property=\"og:type\" content=\"article\" \/>\n<meta property=\"og:title\" content=\"Le 14-Juillet de Michel Audiard \u00abau rythme de La Java bleue et de La Valse \u00e0 tout le monde...\u00bb - FESTIVOX\" \/>\n<meta property=\"og:description\" content=\"DOCUMENT &#8211; A 26 ans, au lendemain de la guerre, le futur dialoguiste des Tontons flingueurs dans un article exhum\u00e9 de ses archives et publi\u00e9 aujourd\u2019hui par l&rsquo;historien Franck Lhomeau. Le lendemain du 14 juillet 1946, un an apr\u00e8s la fin de la Seconde Guerre mondiale, Michel Audiard, encore jeune journaliste, \u00e9crivait un reportage sur&hellip;\" \/>\n<meta property=\"og:url\" content=\"https:\/\/www.festivox.fr\/blog\/le-14-juillet-de-michel-audiard-au-rythme-de-la-java-bleue-et-de-la-valse-a-tout-le-monde\/\" \/>\n<meta property=\"og:site_name\" content=\"FESTIVOX\" \/>\n<meta property=\"article:published_time\" content=\"2023-07-13T20:49:00+00:00\" \/>\n<meta property=\"og:image\" content=\"https:\/\/www.festivox.fr\/blog\/wp-content\/uploads\/2023\/07\/le-14-juillet-de-michel-audiard-au-rythme-de-la-java-bleue-et-de-la-valse-a-tout-le-monde.jpg\" \/>\n<meta name=\"author\" content=\"Michele\" \/>\n<meta name=\"twitter:card\" content=\"summary_large_image\" \/>\n<meta name=\"twitter:label1\" content=\"\u00c9crit par\" \/>\n\t<meta name=\"twitter:data1\" content=\"Michele\" \/>\n\t<meta name=\"twitter:label2\" content=\"Dur\u00e9e de lecture estim\u00e9e\" \/>\n\t<meta name=\"twitter:data2\" content=\"5 minutes\" \/>\n<script type=\"application\/ld+json\" class=\"yoast-schema-graph\">{\"@context\":\"https:\\\/\\\/schema.org\",\"@graph\":[{\"@type\":\"Article\",\"@id\":\"https:\\\/\\\/www.festivox.fr\\\/blog\\\/le-14-juillet-de-michel-audiard-au-rythme-de-la-java-bleue-et-de-la-valse-a-tout-le-monde\\\/#article\",\"isPartOf\":{\"@id\":\"https:\\\/\\\/www.festivox.fr\\\/blog\\\/le-14-juillet-de-michel-audiard-au-rythme-de-la-java-bleue-et-de-la-valse-a-tout-le-monde\\\/\"},\"author\":{\"name\":\"Michele\",\"@id\":\"https:\\\/\\\/www.festivox.fr\\\/blog\\\/#\\\/schema\\\/person\\\/f36a8b6bc94800c3eafed4bca993ce95\"},\"headline\":\"Le 14-Juillet de Michel Audiard \u00abau rythme de La Java bleue et de La Valse \u00e0 tout le monde&#8230;\u00bb\",\"datePublished\":\"2023-07-13T20:49:00+00:00\",\"mainEntityOfPage\":{\"@id\":\"https:\\\/\\\/www.festivox.fr\\\/blog\\\/le-14-juillet-de-michel-audiard-au-rythme-de-la-java-bleue-et-de-la-valse-a-tout-le-monde\\\/\"},\"wordCount\":1000,\"publisher\":{\"@id\":\"https:\\\/\\\/www.festivox.fr\\\/blog\\\/#organization\"},\"image\":{\"@id\":\"https:\\\/\\\/www.festivox.fr\\\/blog\\\/le-14-juillet-de-michel-audiard-au-rythme-de-la-java-bleue-et-de-la-valse-a-tout-le-monde\\\/#primaryimage\"},\"thumbnailUrl\":\"https:\\\/\\\/www.festivox.fr\\\/blog\\\/wp-content\\\/uploads\\\/2023\\\/07\\\/le-14-juillet-de-michel-audiard-au-rythme-de-la-java-bleue-et-de-la-valse-a-tout-le-monde.jpg\",\"articleSection\":[\"Wiki Sur Festival Jazz Et Musique En Mode Guinguette:\"],\"inLanguage\":\"fr-FR\"},{\"@type\":\"WebPage\",\"@id\":\"https:\\\/\\\/www.festivox.fr\\\/blog\\\/le-14-juillet-de-michel-audiard-au-rythme-de-la-java-bleue-et-de-la-valse-a-tout-le-monde\\\/\",\"url\":\"https:\\\/\\\/www.festivox.fr\\\/blog\\\/le-14-juillet-de-michel-audiard-au-rythme-de-la-java-bleue-et-de-la-valse-a-tout-le-monde\\\/\",\"name\":\"Le 14-Juillet de Michel Audiard \u00abau rythme de La Java bleue et de La Valse \u00e0 tout le monde...\u00bb - FESTIVOX\",\"isPartOf\":{\"@id\":\"https:\\\/\\\/www.festivox.fr\\\/blog\\\/#website\"},\"primaryImageOfPage\":{\"@id\":\"https:\\\/\\\/www.festivox.fr\\\/blog\\\/le-14-juillet-de-michel-audiard-au-rythme-de-la-java-bleue-et-de-la-valse-a-tout-le-monde\\\/#primaryimage\"},\"image\":{\"@id\":\"https:\\\/\\\/www.festivox.fr\\\/blog\\\/le-14-juillet-de-michel-audiard-au-rythme-de-la-java-bleue-et-de-la-valse-a-tout-le-monde\\\/#primaryimage\"},\"thumbnailUrl\":\"https:\\\/\\\/www.festivox.fr\\\/blog\\\/wp-content\\\/uploads\\\/2023\\\/07\\\/le-14-juillet-de-michel-audiard-au-rythme-de-la-java-bleue-et-de-la-valse-a-tout-le-monde.jpg\",\"datePublished\":\"2023-07-13T20:49:00+00:00\",\"breadcrumb\":{\"@id\":\"https:\\\/\\\/www.festivox.fr\\\/blog\\\/le-14-juillet-de-michel-audiard-au-rythme-de-la-java-bleue-et-de-la-valse-a-tout-le-monde\\\/#breadcrumb\"},\"inLanguage\":\"fr-FR\",\"potentialAction\":[{\"@type\":\"ReadAction\",\"target\":[\"https:\\\/\\\/www.festivox.fr\\\/blog\\\/le-14-juillet-de-michel-audiard-au-rythme-de-la-java-bleue-et-de-la-valse-a-tout-le-monde\\\/\"]}]},{\"@type\":\"ImageObject\",\"inLanguage\":\"fr-FR\",\"@id\":\"https:\\\/\\\/www.festivox.fr\\\/blog\\\/le-14-juillet-de-michel-audiard-au-rythme-de-la-java-bleue-et-de-la-valse-a-tout-le-monde\\\/#primaryimage\",\"url\":\"https:\\\/\\\/www.festivox.fr\\\/blog\\\/wp-content\\\/uploads\\\/2023\\\/07\\\/le-14-juillet-de-michel-audiard-au-rythme-de-la-java-bleue-et-de-la-valse-a-tout-le-monde.jpg\",\"contentUrl\":\"https:\\\/\\\/www.festivox.fr\\\/blog\\\/wp-content\\\/uploads\\\/2023\\\/07\\\/le-14-juillet-de-michel-audiard-au-rythme-de-la-java-bleue-et-de-la-valse-a-tout-le-monde.jpg\",\"width\":762,\"height\":429},{\"@type\":\"BreadcrumbList\",\"@id\":\"https:\\\/\\\/www.festivox.fr\\\/blog\\\/le-14-juillet-de-michel-audiard-au-rythme-de-la-java-bleue-et-de-la-valse-a-tout-le-monde\\\/#breadcrumb\",\"itemListElement\":[{\"@type\":\"ListItem\",\"position\":1,\"name\":\"Accueil\",\"item\":\"https:\\\/\\\/www.festivox.fr\\\/blog\\\/\"},{\"@type\":\"ListItem\",\"position\":2,\"name\":\"Le 14-Juillet de Michel Audiard \u00abau rythme de La Java bleue et de La Valse \u00e0 tout le monde&#8230;\u00bb\"}]},{\"@type\":\"WebSite\",\"@id\":\"https:\\\/\\\/www.festivox.fr\\\/blog\\\/#website\",\"url\":\"https:\\\/\\\/www.festivox.fr\\\/blog\\\/\",\"name\":\"FESTIVOX\",\"description\":\"Festival en mode guinguette.\",\"publisher\":{\"@id\":\"https:\\\/\\\/www.festivox.fr\\\/blog\\\/#organization\"},\"potentialAction\":[{\"@type\":\"SearchAction\",\"target\":{\"@type\":\"EntryPoint\",\"urlTemplate\":\"https:\\\/\\\/www.festivox.fr\\\/blog\\\/?s={search_term_string}\"},\"query-input\":{\"@type\":\"PropertyValueSpecification\",\"valueRequired\":true,\"valueName\":\"search_term_string\"}}],\"inLanguage\":\"fr-FR\"},{\"@type\":\"Organization\",\"@id\":\"https:\\\/\\\/www.festivox.fr\\\/blog\\\/#organization\",\"name\":\"festivox\",\"url\":\"https:\\\/\\\/www.festivox.fr\\\/blog\\\/\",\"logo\":{\"@type\":\"ImageObject\",\"inLanguage\":\"fr-FR\",\"@id\":\"https:\\\/\\\/www.festivox.fr\\\/blog\\\/#\\\/schema\\\/logo\\\/image\\\/\",\"url\":\"https:\\\/\\\/www.festivox.fr\\\/blog\\\/wp-content\\\/uploads\\\/2023\\\/06\\\/logo-2.png\",\"contentUrl\":\"https:\\\/\\\/www.festivox.fr\\\/blog\\\/wp-content\\\/uploads\\\/2023\\\/06\\\/logo-2.png\",\"width\":480,\"height\":160,\"caption\":\"festivox\"},\"image\":{\"@id\":\"https:\\\/\\\/www.festivox.fr\\\/blog\\\/#\\\/schema\\\/logo\\\/image\\\/\"}},{\"@type\":\"Person\",\"@id\":\"https:\\\/\\\/www.festivox.fr\\\/blog\\\/#\\\/schema\\\/person\\\/f36a8b6bc94800c3eafed4bca993ce95\",\"name\":\"Michele\",\"image\":{\"@type\":\"ImageObject\",\"inLanguage\":\"fr-FR\",\"@id\":\"https:\\\/\\\/secure.gravatar.com\\\/avatar\\\/b062046536b5d47ec9075956ec349ef95ed06b0f910c578f74abb318668b702e?s=96&d=mm&r=g\",\"url\":\"https:\\\/\\\/secure.gravatar.com\\\/avatar\\\/b062046536b5d47ec9075956ec349ef95ed06b0f910c578f74abb318668b702e?s=96&d=mm&r=g\",\"contentUrl\":\"https:\\\/\\\/secure.gravatar.com\\\/avatar\\\/b062046536b5d47ec9075956ec349ef95ed06b0f910c578f74abb318668b702e?s=96&d=mm&r=g\",\"caption\":\"Michele\"},\"sameAs\":[\"https:\\\/\\\/www.festivox.fr\\\/blog\"],\"url\":\"https:\\\/\\\/www.festivox.fr\\\/blog\\\/author\\\/voxadmin\\\/\"}]}<\/script>\n<!-- \/ Yoast SEO plugin. -->","yoast_head_json":{"title":"Le 14-Juillet de Michel Audiard \u00abau rythme de La Java bleue et de La Valse \u00e0 tout le monde...\u00bb - FESTIVOX","robots":{"index":"index","follow":"follow","max-snippet":"max-snippet:-1","max-image-preview":"max-image-preview:large","max-video-preview":"max-video-preview:-1"},"canonical":"https:\/\/www.festivox.fr\/blog\/le-14-juillet-de-michel-audiard-au-rythme-de-la-java-bleue-et-de-la-valse-a-tout-le-monde\/","og_locale":"fr_FR","og_type":"article","og_title":"Le 14-Juillet de Michel Audiard \u00abau rythme de La Java bleue et de La Valse \u00e0 tout le monde...\u00bb - FESTIVOX","og_description":"DOCUMENT &#8211; A 26 ans, au lendemain de la guerre, le futur dialoguiste des Tontons flingueurs dans un article exhum\u00e9 de ses archives et publi\u00e9 aujourd\u2019hui par l&rsquo;historien Franck Lhomeau. Le lendemain du 14 juillet 1946, un an apr\u00e8s la fin de la Seconde Guerre mondiale, Michel Audiard, encore jeune journaliste, \u00e9crivait un reportage sur&hellip;","og_url":"https:\/\/www.festivox.fr\/blog\/le-14-juillet-de-michel-audiard-au-rythme-de-la-java-bleue-et-de-la-valse-a-tout-le-monde\/","og_site_name":"FESTIVOX","article_published_time":"2023-07-13T20:49:00+00:00","og_image":[{"url":"https:\/\/www.festivox.fr\/blog\/wp-content\/uploads\/2023\/07\/le-14-juillet-de-michel-audiard-au-rythme-de-la-java-bleue-et-de-la-valse-a-tout-le-monde.jpg","type":"","width":"","height":""}],"author":"Michele","twitter_card":"summary_large_image","twitter_misc":{"\u00c9crit par":"Michele","Dur\u00e9e de lecture estim\u00e9e":"5 minutes"},"schema":{"@context":"https:\/\/schema.org","@graph":[{"@type":"Article","@id":"https:\/\/www.festivox.fr\/blog\/le-14-juillet-de-michel-audiard-au-rythme-de-la-java-bleue-et-de-la-valse-a-tout-le-monde\/#article","isPartOf":{"@id":"https:\/\/www.festivox.fr\/blog\/le-14-juillet-de-michel-audiard-au-rythme-de-la-java-bleue-et-de-la-valse-a-tout-le-monde\/"},"author":{"name":"Michele","@id":"https:\/\/www.festivox.fr\/blog\/#\/schema\/person\/f36a8b6bc94800c3eafed4bca993ce95"},"headline":"Le 14-Juillet de Michel Audiard \u00abau rythme de La Java bleue et de La Valse \u00e0 tout le monde&#8230;\u00bb","datePublished":"2023-07-13T20:49:00+00:00","mainEntityOfPage":{"@id":"https:\/\/www.festivox.fr\/blog\/le-14-juillet-de-michel-audiard-au-rythme-de-la-java-bleue-et-de-la-valse-a-tout-le-monde\/"},"wordCount":1000,"publisher":{"@id":"https:\/\/www.festivox.fr\/blog\/#organization"},"image":{"@id":"https:\/\/www.festivox.fr\/blog\/le-14-juillet-de-michel-audiard-au-rythme-de-la-java-bleue-et-de-la-valse-a-tout-le-monde\/#primaryimage"},"thumbnailUrl":"https:\/\/www.festivox.fr\/blog\/wp-content\/uploads\/2023\/07\/le-14-juillet-de-michel-audiard-au-rythme-de-la-java-bleue-et-de-la-valse-a-tout-le-monde.jpg","articleSection":["Wiki Sur Festival Jazz Et Musique En Mode Guinguette:"],"inLanguage":"fr-FR"},{"@type":"WebPage","@id":"https:\/\/www.festivox.fr\/blog\/le-14-juillet-de-michel-audiard-au-rythme-de-la-java-bleue-et-de-la-valse-a-tout-le-monde\/","url":"https:\/\/www.festivox.fr\/blog\/le-14-juillet-de-michel-audiard-au-rythme-de-la-java-bleue-et-de-la-valse-a-tout-le-monde\/","name":"Le 14-Juillet de Michel Audiard \u00abau rythme de La Java bleue et de La Valse \u00e0 tout le monde...\u00bb - FESTIVOX","isPartOf":{"@id":"https:\/\/www.festivox.fr\/blog\/#website"},"primaryImageOfPage":{"@id":"https:\/\/www.festivox.fr\/blog\/le-14-juillet-de-michel-audiard-au-rythme-de-la-java-bleue-et-de-la-valse-a-tout-le-monde\/#primaryimage"},"image":{"@id":"https:\/\/www.festivox.fr\/blog\/le-14-juillet-de-michel-audiard-au-rythme-de-la-java-bleue-et-de-la-valse-a-tout-le-monde\/#primaryimage"},"thumbnailUrl":"https:\/\/www.festivox.fr\/blog\/wp-content\/uploads\/2023\/07\/le-14-juillet-de-michel-audiard-au-rythme-de-la-java-bleue-et-de-la-valse-a-tout-le-monde.jpg","datePublished":"2023-07-13T20:49:00+00:00","breadcrumb":{"@id":"https:\/\/www.festivox.fr\/blog\/le-14-juillet-de-michel-audiard-au-rythme-de-la-java-bleue-et-de-la-valse-a-tout-le-monde\/#breadcrumb"},"inLanguage":"fr-FR","potentialAction":[{"@type":"ReadAction","target":["https:\/\/www.festivox.fr\/blog\/le-14-juillet-de-michel-audiard-au-rythme-de-la-java-bleue-et-de-la-valse-a-tout-le-monde\/"]}]},{"@type":"ImageObject","inLanguage":"fr-FR","@id":"https:\/\/www.festivox.fr\/blog\/le-14-juillet-de-michel-audiard-au-rythme-de-la-java-bleue-et-de-la-valse-a-tout-le-monde\/#primaryimage","url":"https:\/\/www.festivox.fr\/blog\/wp-content\/uploads\/2023\/07\/le-14-juillet-de-michel-audiard-au-rythme-de-la-java-bleue-et-de-la-valse-a-tout-le-monde.jpg","contentUrl":"https:\/\/www.festivox.fr\/blog\/wp-content\/uploads\/2023\/07\/le-14-juillet-de-michel-audiard-au-rythme-de-la-java-bleue-et-de-la-valse-a-tout-le-monde.jpg","width":762,"height":429},{"@type":"BreadcrumbList","@id":"https:\/\/www.festivox.fr\/blog\/le-14-juillet-de-michel-audiard-au-rythme-de-la-java-bleue-et-de-la-valse-a-tout-le-monde\/#breadcrumb","itemListElement":[{"@type":"ListItem","position":1,"name":"Accueil","item":"https:\/\/www.festivox.fr\/blog\/"},{"@type":"ListItem","position":2,"name":"Le 14-Juillet de Michel Audiard \u00abau rythme de La Java bleue et de La Valse \u00e0 tout le monde&#8230;\u00bb"}]},{"@type":"WebSite","@id":"https:\/\/www.festivox.fr\/blog\/#website","url":"https:\/\/www.festivox.fr\/blog\/","name":"FESTIVOX","description":"Festival en mode guinguette.","publisher":{"@id":"https:\/\/www.festivox.fr\/blog\/#organization"},"potentialAction":[{"@type":"SearchAction","target":{"@type":"EntryPoint","urlTemplate":"https:\/\/www.festivox.fr\/blog\/?s={search_term_string}"},"query-input":{"@type":"PropertyValueSpecification","valueRequired":true,"valueName":"search_term_string"}}],"inLanguage":"fr-FR"},{"@type":"Organization","@id":"https:\/\/www.festivox.fr\/blog\/#organization","name":"festivox","url":"https:\/\/www.festivox.fr\/blog\/","logo":{"@type":"ImageObject","inLanguage":"fr-FR","@id":"https:\/\/www.festivox.fr\/blog\/#\/schema\/logo\/image\/","url":"https:\/\/www.festivox.fr\/blog\/wp-content\/uploads\/2023\/06\/logo-2.png","contentUrl":"https:\/\/www.festivox.fr\/blog\/wp-content\/uploads\/2023\/06\/logo-2.png","width":480,"height":160,"caption":"festivox"},"image":{"@id":"https:\/\/www.festivox.fr\/blog\/#\/schema\/logo\/image\/"}},{"@type":"Person","@id":"https:\/\/www.festivox.fr\/blog\/#\/schema\/person\/f36a8b6bc94800c3eafed4bca993ce95","name":"Michele","image":{"@type":"ImageObject","inLanguage":"fr-FR","@id":"https:\/\/secure.gravatar.com\/avatar\/b062046536b5d47ec9075956ec349ef95ed06b0f910c578f74abb318668b702e?s=96&d=mm&r=g","url":"https:\/\/secure.gravatar.com\/avatar\/b062046536b5d47ec9075956ec349ef95ed06b0f910c578f74abb318668b702e?s=96&d=mm&r=g","contentUrl":"https:\/\/secure.gravatar.com\/avatar\/b062046536b5d47ec9075956ec349ef95ed06b0f910c578f74abb318668b702e?s=96&d=mm&r=g","caption":"Michele"},"sameAs":["https:\/\/www.festivox.fr\/blog"],"url":"https:\/\/www.festivox.fr\/blog\/author\/voxadmin\/"}]}},"_links":{"self":[{"href":"https:\/\/www.festivox.fr\/blog\/wp-json\/wp\/v2\/posts\/239","targetHints":{"allow":["GET"]}}],"collection":[{"href":"https:\/\/www.festivox.fr\/blog\/wp-json\/wp\/v2\/posts"}],"about":[{"href":"https:\/\/www.festivox.fr\/blog\/wp-json\/wp\/v2\/types\/post"}],"author":[{"embeddable":true,"href":"https:\/\/www.festivox.fr\/blog\/wp-json\/wp\/v2\/users\/1"}],"replies":[{"embeddable":true,"href":"https:\/\/www.festivox.fr\/blog\/wp-json\/wp\/v2\/comments?post=239"}],"version-history":[{"count":0,"href":"https:\/\/www.festivox.fr\/blog\/wp-json\/wp\/v2\/posts\/239\/revisions"}],"wp:featuredmedia":[{"embeddable":true,"href":"https:\/\/www.festivox.fr\/blog\/wp-json\/wp\/v2\/media\/240"}],"wp:attachment":[{"href":"https:\/\/www.festivox.fr\/blog\/wp-json\/wp\/v2\/media?parent=239"}],"wp:term":[{"taxonomy":"category","embeddable":true,"href":"https:\/\/www.festivox.fr\/blog\/wp-json\/wp\/v2\/categories?post=239"},{"taxonomy":"post_tag","embeddable":true,"href":"https:\/\/www.festivox.fr\/blog\/wp-json\/wp\/v2\/tags?post=239"}],"curies":[{"name":"wp","href":"https:\/\/api.w.org\/{rel}","templated":true}]}}