{"id":231,"date":"2023-07-08T03:26:00","date_gmt":"2023-07-08T01:26:00","guid":{"rendered":"https:\/\/www.festivox.fr\/blog\/manu-katche-presente-les-victoires-du-jazz-2023\/"},"modified":"2023-07-08T03:26:00","modified_gmt":"2023-07-08T01:26:00","slug":"manu-katche-presente-les-victoires-du-jazz-2023","status":"publish","type":"post","link":"https:\/\/www.festivox.fr\/blog\/manu-katche-presente-les-victoires-du-jazz-2023\/","title":{"rendered":"Manu Katch\u00e9 pr\u00e9sente les Victoires du Jazz 2023"},"content":{"rendered":"\n<div class=\"article-chapo\">\n<p>Pour cette 21<sup>e<\/sup> \u00e9dition, les Victoires du Jazz s&rsquo;installent aux Folies Berg\u00e8re. L\u2019ensemble des prestations et les portraits des cinq laur\u00e9ats et des trois r\u00e9v\u00e9lations de l\u2019ann\u00e9e sont \u00e0 d\u00e9couvrir dans un film pr\u00e9sent\u00e9 par Manu Katch\u00e9 le lundi 10 juillet \u00e0 21.10 sur Culturebox. Le musicien s\u2019est confi\u00e9 sur son rapport au jazz et son plaisir d\u2019animer cette soir\u00e9e.<\/p>\n<\/div>\n<figure class=\"center\"><img decoding=\"async\" src=\"https:\/\/www.festivox.fr\/blog\/wp-content\/uploads\/2023\/07\/manu-katche-presente-les-victoires-du-jazz-2023.png\" alt=\"Les 21e Victoires du Jazz, capt\u00e9es aux Folies Berg\u00e8re\" class=\"lazyload\" aria-hidden=\"true\"><figcaption>Les 21es Victoires du Jazz, capt\u00e9es aux Folies Berg\u00e8re <span class=\"credit\">\u00a9 Les Victoires du Jazz 2023<\/span><\/figcaption><\/figure>\n<div class=\"insert\">\n<div data-oembed-url=\"https:\/\/youtu.be\/Y3PQa2py_zQ\">\n<p>[embedded content]<\/p>\n<\/div>\n<\/div>\n<p><strong>Manu Katch\u00e9<\/strong> pr\u00e9sente dans un film les prestations enregistr\u00e9es aux Folies Berg\u00e8re des nomm\u00e9s des <strong>Victoires du Jazz 2023<\/strong> dans les cat\u00e9gories \u00ab Artiste instrumental \u00bb, \u00ab Artiste vocal \u00bb, \u00ab R\u00e9v\u00e9lations, prix Franck T\u00e9not \u00bb, \u00ab Album \u00bb, \u00ab Concert \u00bb et du laur\u00e9at de la cat\u00e9gorie \u00ab Album de musiques du monde \u00bb.<\/p>\n<p>Ce film des Victoires 2023 nous fait aussi d\u00e9couvrir les portraits des cinq laur\u00e9ats et des trois \u00ab R\u00e9v\u00e9lations \u00bb : <strong>Yessa\u00ef Karapetian, Robinson Khoury <\/strong>et<strong> Jeanne Michard.&nbsp;<\/strong><\/p>\n<p>Une <strong>Victoire d\u2019honneur<\/strong> sera remise au saxophoniste <strong>Fran\u00e7ois Jeanneau<\/strong> pour l\u2019ensemble de sa carri\u00e8re et en pr\u00e9sence d\u2019anciens \u00e9l\u00e8ves des deux premi\u00e8res promotions du d\u00e9partement \u00ab Jazz et musiques improvis\u00e9es \u00bb qu\u2019il a cr\u00e9\u00e9 au CNSMDP.<\/p>\n<p>Avec G\u00e9raldine Laurent, Pierre de Bethmann, Pierrick P\u00e9dron &amp; Gonzalo Rubalcaba, Paul Lay, Robinson Khoury, Yessa\u00ef Karapetian, Jeanne Michard, Camille Bertault, Hugh Coltman, Daniel Zimmermann, Le Cri du Caire, Emile Parisien, Andr\u00e9 Minvielle, Na\u00efssam Jalal et Fran\u00e7ois Jeanneau.<\/p>\n<p><strong>La soir\u00e9e est r\u00e9alis\u00e9e en partenariat avec Fip et <em>Jazz magazine<\/em><\/strong><\/p>\n<div class=\"insert\">\n<p><strong>Les Victoires du Jazz 2023<\/strong><\/p>\n<p>Concert (In\u00e9dit, 100 min) \u2013 R\u00e9alisation <strong>Julien Condemine<\/strong> &#8211; Production <strong>Les Victoires de la Musique, La Belle T\u00e9l\u00e9<\/strong><\/p>\n<p><em>Les Victoires du Jazz 2023<\/em>,<em><\/em>pr\u00e9sent\u00e9es par Manu Katch\u00e9, est \u00e0 voir sur Culturebox ce lundi \u00e0 21.10 et \u00e0 revoir sur <a href=\"https:\/\/www.france.tv\/spectacles-et-culture\/\" target=\"_blank\" rel=\"nofollow\">france.tv<\/a><\/p>\n<\/div>\n<h2>Et, \u00e0 partir de 22.45, retrouvez la \u00ab R\u00e9v\u00e9lation 2022 \u00bb : Arnaud Dolmen<\/h2>\n<p><strong>Arnaud Dolmen <\/strong>est batteur, compositeur, producteur. Il fait partie des artistes les plus pl\u00e9biscit\u00e9s de sa g\u00e9n\u00e9ration, \u00ab Victoires du Jazz 2022 \u00bb (cat\u00e9gorie R\u00e9v\u00e9lation) et \u00ab R\u00e9v\u00e9lation de l\u2019ann\u00e9e \u00bb par <em>Jazz magazine<\/em>. Il est ainsi le premier artiste ultramarin \u00e0 recevoir cette distinction. Originaire de la Guadeloupe, il \u00e9tudie le <em>ka<\/em>, tambour guadeloup\u00e9en, d\u00e8s l\u2019\u00e2ge de 5 ans, puis la batterie \u00e0 l\u2019Atelier Marcel-Lollia, sous la direction de Georges Troup\u00e9.<\/p>\n<p><strong>Concert<\/strong> (2022, 90 min) \u2014 R\u00e9alisation <strong>Nathan Benisty<\/strong>&nbsp;\u2014 Production <strong>Axe Sud Production<\/strong><\/p>\n<p> Cet article, qui traite du th\u00e8me \u00ab\u00a0Festival Jazz et musique en mode guinguette\u00a0\u00bb, vous est d\u00e9lib\u00e9r\u00e9ment offert par festivox.fr. La raison d\u2019\u00eatre de festivox.fr est de parler de Festival Jazz et musique en mode guinguette dans la transparence la plus g\u00e9n\u00e9rale en vous procurant la visibilit\u00e9 de tout ce qui est publi\u00e9 sur ce sujet sur le web La chronique a \u00e9t\u00e9 g\u00e9n\u00e9r\u00e9e de la mani\u00e8re la plus honn\u00eate que possible. S\u2019il advenait que vous projetez d\u2019apporter quelques notes concernant le domaine de \u00ab\u00a0Festival Jazz et musique en mode guinguette\u00a0\u00bb vous avez la possibilit\u00e9 de d&rsquo;\u00e9changer avec notre r\u00e9daction. Dans peu de temps, on mettra en ligne d&rsquo;autres informations pertinentes autour du sujet \u00ab\u00a0Festival Jazz et musique en mode guinguette\u00a0\u00bb. Ainsi, consultez r\u00e9guli\u00e8rement notre site.<\/p>\n","protected":false},"excerpt":{"rendered":"<p>Pour cette 21e \u00e9dition, les Victoires du Jazz s&rsquo;installent aux Folies Berg\u00e8re. L\u2019ensemble des prestations et les portraits des cinq laur\u00e9ats et des trois r\u00e9v\u00e9lations de l\u2019ann\u00e9e sont \u00e0 d\u00e9couvrir dans un film pr\u00e9sent\u00e9 par Manu Katch\u00e9 le lundi 10 juillet \u00e0 21.10 sur Culturebox. Le musicien s\u2019est confi\u00e9 sur son rapport au jazz et&hellip;<\/p>\n","protected":false},"author":1,"featured_media":232,"comment_status":"closed","ping_status":"closed","sticky":false,"template":"","format":"standard","meta":{"footnotes":""},"categories":[3],"tags":[],"class_list":["post-231","post","type-post","status-publish","format-standard","has-post-thumbnail","hentry","category-wiki-sur-festival-jazz-et-musique-en-mode-guinguette"],"yoast_head":"<!-- This site is optimized with the Yoast SEO plugin v27.5 - https:\/\/yoast.com\/product\/yoast-seo-wordpress\/ -->\n<title>Manu Katch\u00e9 pr\u00e9sente les Victoires du Jazz 2023 - FESTIVOX<\/title>\n<meta name=\"robots\" content=\"index, follow, max-snippet:-1, max-image-preview:large, max-video-preview:-1\" \/>\n<link rel=\"canonical\" href=\"https:\/\/www.festivox.fr\/blog\/manu-katche-presente-les-victoires-du-jazz-2023\/\" \/>\n<meta property=\"og:locale\" content=\"fr_FR\" \/>\n<meta property=\"og:type\" content=\"article\" \/>\n<meta property=\"og:title\" content=\"Manu Katch\u00e9 pr\u00e9sente les Victoires du Jazz 2023 - FESTIVOX\" \/>\n<meta property=\"og:description\" content=\"Pour cette 21e \u00e9dition, les Victoires du Jazz s&rsquo;installent aux Folies Berg\u00e8re. L\u2019ensemble des prestations et les portraits des cinq laur\u00e9ats et des trois r\u00e9v\u00e9lations de l\u2019ann\u00e9e sont \u00e0 d\u00e9couvrir dans un film pr\u00e9sent\u00e9 par Manu Katch\u00e9 le lundi 10 juillet \u00e0 21.10 sur Culturebox. Le musicien s\u2019est confi\u00e9 sur son rapport au jazz et&hellip;\" \/>\n<meta property=\"og:url\" content=\"https:\/\/www.festivox.fr\/blog\/manu-katche-presente-les-victoires-du-jazz-2023\/\" \/>\n<meta property=\"og:site_name\" content=\"FESTIVOX\" \/>\n<meta property=\"article:published_time\" content=\"2023-07-08T01:26:00+00:00\" \/>\n<meta property=\"og:image\" content=\"https:\/\/www.festivox.fr\/blog\/wp-content\/uploads\/2023\/07\/manu-katche-presente-les-victoires-du-jazz-2023.png\" \/>\n<meta name=\"author\" content=\"Michele\" \/>\n<meta name=\"twitter:card\" content=\"summary_large_image\" \/>\n<meta name=\"twitter:label1\" content=\"\u00c9crit par\" \/>\n\t<meta name=\"twitter:data1\" content=\"Michele\" \/>\n\t<meta name=\"twitter:label2\" content=\"Dur\u00e9e de lecture estim\u00e9e\" \/>\n\t<meta name=\"twitter:data2\" content=\"3 minutes\" \/>\n<script type=\"application\/ld+json\" class=\"yoast-schema-graph\">{\"@context\":\"https:\\\/\\\/schema.org\",\"@graph\":[{\"@type\":\"Article\",\"@id\":\"https:\\\/\\\/www.festivox.fr\\\/blog\\\/manu-katche-presente-les-victoires-du-jazz-2023\\\/#article\",\"isPartOf\":{\"@id\":\"https:\\\/\\\/www.festivox.fr\\\/blog\\\/manu-katche-presente-les-victoires-du-jazz-2023\\\/\"},\"author\":{\"name\":\"Michele\",\"@id\":\"https:\\\/\\\/www.festivox.fr\\\/blog\\\/#\\\/schema\\\/person\\\/f36a8b6bc94800c3eafed4bca993ce95\"},\"headline\":\"Manu Katch\u00e9 pr\u00e9sente les Victoires du Jazz 2023\",\"datePublished\":\"2023-07-08T01:26:00+00:00\",\"mainEntityOfPage\":{\"@id\":\"https:\\\/\\\/www.festivox.fr\\\/blog\\\/manu-katche-presente-les-victoires-du-jazz-2023\\\/\"},\"wordCount\":564,\"publisher\":{\"@id\":\"https:\\\/\\\/www.festivox.fr\\\/blog\\\/#organization\"},\"image\":{\"@id\":\"https:\\\/\\\/www.festivox.fr\\\/blog\\\/manu-katche-presente-les-victoires-du-jazz-2023\\\/#primaryimage\"},\"thumbnailUrl\":\"https:\\\/\\\/www.festivox.fr\\\/blog\\\/wp-content\\\/uploads\\\/2023\\\/07\\\/manu-katche-presente-les-victoires-du-jazz-2023.png\",\"articleSection\":[\"Wiki Sur Festival Jazz Et Musique En Mode Guinguette:\"],\"inLanguage\":\"fr-FR\"},{\"@type\":\"WebPage\",\"@id\":\"https:\\\/\\\/www.festivox.fr\\\/blog\\\/manu-katche-presente-les-victoires-du-jazz-2023\\\/\",\"url\":\"https:\\\/\\\/www.festivox.fr\\\/blog\\\/manu-katche-presente-les-victoires-du-jazz-2023\\\/\",\"name\":\"Manu Katch\u00e9 pr\u00e9sente les Victoires du Jazz 2023 - FESTIVOX\",\"isPartOf\":{\"@id\":\"https:\\\/\\\/www.festivox.fr\\\/blog\\\/#website\"},\"primaryImageOfPage\":{\"@id\":\"https:\\\/\\\/www.festivox.fr\\\/blog\\\/manu-katche-presente-les-victoires-du-jazz-2023\\\/#primaryimage\"},\"image\":{\"@id\":\"https:\\\/\\\/www.festivox.fr\\\/blog\\\/manu-katche-presente-les-victoires-du-jazz-2023\\\/#primaryimage\"},\"thumbnailUrl\":\"https:\\\/\\\/www.festivox.fr\\\/blog\\\/wp-content\\\/uploads\\\/2023\\\/07\\\/manu-katche-presente-les-victoires-du-jazz-2023.png\",\"datePublished\":\"2023-07-08T01:26:00+00:00\",\"breadcrumb\":{\"@id\":\"https:\\\/\\\/www.festivox.fr\\\/blog\\\/manu-katche-presente-les-victoires-du-jazz-2023\\\/#breadcrumb\"},\"inLanguage\":\"fr-FR\",\"potentialAction\":[{\"@type\":\"ReadAction\",\"target\":[\"https:\\\/\\\/www.festivox.fr\\\/blog\\\/manu-katche-presente-les-victoires-du-jazz-2023\\\/\"]}]},{\"@type\":\"ImageObject\",\"inLanguage\":\"fr-FR\",\"@id\":\"https:\\\/\\\/www.festivox.fr\\\/blog\\\/manu-katche-presente-les-victoires-du-jazz-2023\\\/#primaryimage\",\"url\":\"https:\\\/\\\/www.festivox.fr\\\/blog\\\/wp-content\\\/uploads\\\/2023\\\/07\\\/manu-katche-presente-les-victoires-du-jazz-2023.png\",\"contentUrl\":\"https:\\\/\\\/www.festivox.fr\\\/blog\\\/wp-content\\\/uploads\\\/2023\\\/07\\\/manu-katche-presente-les-victoires-du-jazz-2023.png\",\"width\":728,\"height\":410},{\"@type\":\"BreadcrumbList\",\"@id\":\"https:\\\/\\\/www.festivox.fr\\\/blog\\\/manu-katche-presente-les-victoires-du-jazz-2023\\\/#breadcrumb\",\"itemListElement\":[{\"@type\":\"ListItem\",\"position\":1,\"name\":\"Accueil\",\"item\":\"https:\\\/\\\/www.festivox.fr\\\/blog\\\/\"},{\"@type\":\"ListItem\",\"position\":2,\"name\":\"Manu Katch\u00e9 pr\u00e9sente les Victoires du Jazz 2023\"}]},{\"@type\":\"WebSite\",\"@id\":\"https:\\\/\\\/www.festivox.fr\\\/blog\\\/#website\",\"url\":\"https:\\\/\\\/www.festivox.fr\\\/blog\\\/\",\"name\":\"FESTIVOX\",\"description\":\"Festival en mode guinguette.\",\"publisher\":{\"@id\":\"https:\\\/\\\/www.festivox.fr\\\/blog\\\/#organization\"},\"potentialAction\":[{\"@type\":\"SearchAction\",\"target\":{\"@type\":\"EntryPoint\",\"urlTemplate\":\"https:\\\/\\\/www.festivox.fr\\\/blog\\\/?s={search_term_string}\"},\"query-input\":{\"@type\":\"PropertyValueSpecification\",\"valueRequired\":true,\"valueName\":\"search_term_string\"}}],\"inLanguage\":\"fr-FR\"},{\"@type\":\"Organization\",\"@id\":\"https:\\\/\\\/www.festivox.fr\\\/blog\\\/#organization\",\"name\":\"festivox\",\"url\":\"https:\\\/\\\/www.festivox.fr\\\/blog\\\/\",\"logo\":{\"@type\":\"ImageObject\",\"inLanguage\":\"fr-FR\",\"@id\":\"https:\\\/\\\/www.festivox.fr\\\/blog\\\/#\\\/schema\\\/logo\\\/image\\\/\",\"url\":\"https:\\\/\\\/www.festivox.fr\\\/blog\\\/wp-content\\\/uploads\\\/2023\\\/06\\\/logo-2.png\",\"contentUrl\":\"https:\\\/\\\/www.festivox.fr\\\/blog\\\/wp-content\\\/uploads\\\/2023\\\/06\\\/logo-2.png\",\"width\":480,\"height\":160,\"caption\":\"festivox\"},\"image\":{\"@id\":\"https:\\\/\\\/www.festivox.fr\\\/blog\\\/#\\\/schema\\\/logo\\\/image\\\/\"}},{\"@type\":\"Person\",\"@id\":\"https:\\\/\\\/www.festivox.fr\\\/blog\\\/#\\\/schema\\\/person\\\/f36a8b6bc94800c3eafed4bca993ce95\",\"name\":\"Michele\",\"image\":{\"@type\":\"ImageObject\",\"inLanguage\":\"fr-FR\",\"@id\":\"https:\\\/\\\/secure.gravatar.com\\\/avatar\\\/b062046536b5d47ec9075956ec349ef95ed06b0f910c578f74abb318668b702e?s=96&d=mm&r=g\",\"url\":\"https:\\\/\\\/secure.gravatar.com\\\/avatar\\\/b062046536b5d47ec9075956ec349ef95ed06b0f910c578f74abb318668b702e?s=96&d=mm&r=g\",\"contentUrl\":\"https:\\\/\\\/secure.gravatar.com\\\/avatar\\\/b062046536b5d47ec9075956ec349ef95ed06b0f910c578f74abb318668b702e?s=96&d=mm&r=g\",\"caption\":\"Michele\"},\"sameAs\":[\"https:\\\/\\\/www.festivox.fr\\\/blog\"],\"url\":\"https:\\\/\\\/www.festivox.fr\\\/blog\\\/author\\\/voxadmin\\\/\"}]}<\/script>\n<!-- \/ Yoast SEO plugin. -->","yoast_head_json":{"title":"Manu Katch\u00e9 pr\u00e9sente les Victoires du Jazz 2023 - FESTIVOX","robots":{"index":"index","follow":"follow","max-snippet":"max-snippet:-1","max-image-preview":"max-image-preview:large","max-video-preview":"max-video-preview:-1"},"canonical":"https:\/\/www.festivox.fr\/blog\/manu-katche-presente-les-victoires-du-jazz-2023\/","og_locale":"fr_FR","og_type":"article","og_title":"Manu Katch\u00e9 pr\u00e9sente les Victoires du Jazz 2023 - FESTIVOX","og_description":"Pour cette 21e \u00e9dition, les Victoires du Jazz s&rsquo;installent aux Folies Berg\u00e8re. L\u2019ensemble des prestations et les portraits des cinq laur\u00e9ats et des trois r\u00e9v\u00e9lations de l\u2019ann\u00e9e sont \u00e0 d\u00e9couvrir dans un film pr\u00e9sent\u00e9 par Manu Katch\u00e9 le lundi 10 juillet \u00e0 21.10 sur Culturebox. Le musicien s\u2019est confi\u00e9 sur son rapport au jazz et&hellip;","og_url":"https:\/\/www.festivox.fr\/blog\/manu-katche-presente-les-victoires-du-jazz-2023\/","og_site_name":"FESTIVOX","article_published_time":"2023-07-08T01:26:00+00:00","og_image":[{"url":"https:\/\/www.festivox.fr\/blog\/wp-content\/uploads\/2023\/07\/manu-katche-presente-les-victoires-du-jazz-2023.png","type":"","width":"","height":""}],"author":"Michele","twitter_card":"summary_large_image","twitter_misc":{"\u00c9crit par":"Michele","Dur\u00e9e de lecture estim\u00e9e":"3 minutes"},"schema":{"@context":"https:\/\/schema.org","@graph":[{"@type":"Article","@id":"https:\/\/www.festivox.fr\/blog\/manu-katche-presente-les-victoires-du-jazz-2023\/#article","isPartOf":{"@id":"https:\/\/www.festivox.fr\/blog\/manu-katche-presente-les-victoires-du-jazz-2023\/"},"author":{"name":"Michele","@id":"https:\/\/www.festivox.fr\/blog\/#\/schema\/person\/f36a8b6bc94800c3eafed4bca993ce95"},"headline":"Manu Katch\u00e9 pr\u00e9sente les Victoires du Jazz 2023","datePublished":"2023-07-08T01:26:00+00:00","mainEntityOfPage":{"@id":"https:\/\/www.festivox.fr\/blog\/manu-katche-presente-les-victoires-du-jazz-2023\/"},"wordCount":564,"publisher":{"@id":"https:\/\/www.festivox.fr\/blog\/#organization"},"image":{"@id":"https:\/\/www.festivox.fr\/blog\/manu-katche-presente-les-victoires-du-jazz-2023\/#primaryimage"},"thumbnailUrl":"https:\/\/www.festivox.fr\/blog\/wp-content\/uploads\/2023\/07\/manu-katche-presente-les-victoires-du-jazz-2023.png","articleSection":["Wiki Sur Festival Jazz Et Musique En Mode Guinguette:"],"inLanguage":"fr-FR"},{"@type":"WebPage","@id":"https:\/\/www.festivox.fr\/blog\/manu-katche-presente-les-victoires-du-jazz-2023\/","url":"https:\/\/www.festivox.fr\/blog\/manu-katche-presente-les-victoires-du-jazz-2023\/","name":"Manu Katch\u00e9 pr\u00e9sente les Victoires du Jazz 2023 - FESTIVOX","isPartOf":{"@id":"https:\/\/www.festivox.fr\/blog\/#website"},"primaryImageOfPage":{"@id":"https:\/\/www.festivox.fr\/blog\/manu-katche-presente-les-victoires-du-jazz-2023\/#primaryimage"},"image":{"@id":"https:\/\/www.festivox.fr\/blog\/manu-katche-presente-les-victoires-du-jazz-2023\/#primaryimage"},"thumbnailUrl":"https:\/\/www.festivox.fr\/blog\/wp-content\/uploads\/2023\/07\/manu-katche-presente-les-victoires-du-jazz-2023.png","datePublished":"2023-07-08T01:26:00+00:00","breadcrumb":{"@id":"https:\/\/www.festivox.fr\/blog\/manu-katche-presente-les-victoires-du-jazz-2023\/#breadcrumb"},"inLanguage":"fr-FR","potentialAction":[{"@type":"ReadAction","target":["https:\/\/www.festivox.fr\/blog\/manu-katche-presente-les-victoires-du-jazz-2023\/"]}]},{"@type":"ImageObject","inLanguage":"fr-FR","@id":"https:\/\/www.festivox.fr\/blog\/manu-katche-presente-les-victoires-du-jazz-2023\/#primaryimage","url":"https:\/\/www.festivox.fr\/blog\/wp-content\/uploads\/2023\/07\/manu-katche-presente-les-victoires-du-jazz-2023.png","contentUrl":"https:\/\/www.festivox.fr\/blog\/wp-content\/uploads\/2023\/07\/manu-katche-presente-les-victoires-du-jazz-2023.png","width":728,"height":410},{"@type":"BreadcrumbList","@id":"https:\/\/www.festivox.fr\/blog\/manu-katche-presente-les-victoires-du-jazz-2023\/#breadcrumb","itemListElement":[{"@type":"ListItem","position":1,"name":"Accueil","item":"https:\/\/www.festivox.fr\/blog\/"},{"@type":"ListItem","position":2,"name":"Manu Katch\u00e9 pr\u00e9sente les Victoires du Jazz 2023"}]},{"@type":"WebSite","@id":"https:\/\/www.festivox.fr\/blog\/#website","url":"https:\/\/www.festivox.fr\/blog\/","name":"FESTIVOX","description":"Festival en mode guinguette.","publisher":{"@id":"https:\/\/www.festivox.fr\/blog\/#organization"},"potentialAction":[{"@type":"SearchAction","target":{"@type":"EntryPoint","urlTemplate":"https:\/\/www.festivox.fr\/blog\/?s={search_term_string}"},"query-input":{"@type":"PropertyValueSpecification","valueRequired":true,"valueName":"search_term_string"}}],"inLanguage":"fr-FR"},{"@type":"Organization","@id":"https:\/\/www.festivox.fr\/blog\/#organization","name":"festivox","url":"https:\/\/www.festivox.fr\/blog\/","logo":{"@type":"ImageObject","inLanguage":"fr-FR","@id":"https:\/\/www.festivox.fr\/blog\/#\/schema\/logo\/image\/","url":"https:\/\/www.festivox.fr\/blog\/wp-content\/uploads\/2023\/06\/logo-2.png","contentUrl":"https:\/\/www.festivox.fr\/blog\/wp-content\/uploads\/2023\/06\/logo-2.png","width":480,"height":160,"caption":"festivox"},"image":{"@id":"https:\/\/www.festivox.fr\/blog\/#\/schema\/logo\/image\/"}},{"@type":"Person","@id":"https:\/\/www.festivox.fr\/blog\/#\/schema\/person\/f36a8b6bc94800c3eafed4bca993ce95","name":"Michele","image":{"@type":"ImageObject","inLanguage":"fr-FR","@id":"https:\/\/secure.gravatar.com\/avatar\/b062046536b5d47ec9075956ec349ef95ed06b0f910c578f74abb318668b702e?s=96&d=mm&r=g","url":"https:\/\/secure.gravatar.com\/avatar\/b062046536b5d47ec9075956ec349ef95ed06b0f910c578f74abb318668b702e?s=96&d=mm&r=g","contentUrl":"https:\/\/secure.gravatar.com\/avatar\/b062046536b5d47ec9075956ec349ef95ed06b0f910c578f74abb318668b702e?s=96&d=mm&r=g","caption":"Michele"},"sameAs":["https:\/\/www.festivox.fr\/blog"],"url":"https:\/\/www.festivox.fr\/blog\/author\/voxadmin\/"}]}},"_links":{"self":[{"href":"https:\/\/www.festivox.fr\/blog\/wp-json\/wp\/v2\/posts\/231","targetHints":{"allow":["GET"]}}],"collection":[{"href":"https:\/\/www.festivox.fr\/blog\/wp-json\/wp\/v2\/posts"}],"about":[{"href":"https:\/\/www.festivox.fr\/blog\/wp-json\/wp\/v2\/types\/post"}],"author":[{"embeddable":true,"href":"https:\/\/www.festivox.fr\/blog\/wp-json\/wp\/v2\/users\/1"}],"replies":[{"embeddable":true,"href":"https:\/\/www.festivox.fr\/blog\/wp-json\/wp\/v2\/comments?post=231"}],"version-history":[{"count":0,"href":"https:\/\/www.festivox.fr\/blog\/wp-json\/wp\/v2\/posts\/231\/revisions"}],"wp:featuredmedia":[{"embeddable":true,"href":"https:\/\/www.festivox.fr\/blog\/wp-json\/wp\/v2\/media\/232"}],"wp:attachment":[{"href":"https:\/\/www.festivox.fr\/blog\/wp-json\/wp\/v2\/media?parent=231"}],"wp:term":[{"taxonomy":"category","embeddable":true,"href":"https:\/\/www.festivox.fr\/blog\/wp-json\/wp\/v2\/categories?post=231"},{"taxonomy":"post_tag","embeddable":true,"href":"https:\/\/www.festivox.fr\/blog\/wp-json\/wp\/v2\/tags?post=231"}],"curies":[{"name":"wp","href":"https:\/\/api.w.org\/{rel}","templated":true}]}}