{"id":223,"date":"2023-07-05T16:26:00","date_gmt":"2023-07-05T14:26:00","guid":{"rendered":"https:\/\/www.festivox.fr\/blog\/jazz-a-foix-une-22e-edition-eclectique\/"},"modified":"2023-07-05T16:26:00","modified_gmt":"2023-07-05T14:26:00","slug":"jazz-a-foix-une-22e-edition-eclectique","status":"publish","type":"post","link":"https:\/\/www.festivox.fr\/blog\/jazz-a-foix-une-22e-edition-eclectique\/","title":{"rendered":"Jazz \u00e0 Foix : une 22e \u00e9dition \u00ab\u00a0\u00e9clectique\u00a0\u00bb"},"content":{"rendered":"\n<div><img decoding=\"async\" src=\"https:\/\/www.festivox.fr\/blog\/wp-content\/uploads\/2023\/07\/jazz-a-foix-une-22e-edition-eclectique.jpg\" class=\"ff-og-image-inserted\"><\/div>\n<p> <span class=\"article-full__chapo-label hide-on-small-only\">l&rsquo;essentiel<\/span> Des affiches in\u00e9dites et des artistes de renomm\u00e9e internationale seront au rendez-vous du 24 au 29 juillet. <\/p>\n<div>\n<p>L\u2019association cr\u00e9\u00e9e depuis 23 ans va cette ann\u00e9e encore r\u00e9galer les amateurs de bon jazz du lundi 24 au samedi 29 juillet \u00e0 Foix. Et cette ann\u00e9e, le fil conducteur de cette 22e \u00e9dition est l\u2019\u00e9clectisme, avec cinq soir\u00e9es tr\u00e8s diff\u00e9rentes, o\u00f9 chacun devrait trouver son compte dans une large palette de jazz. Ainsi, des pointures se succ\u00e9deront sur la sc\u00e8ne du IN install\u00e9e dans la cour de l\u2019\u00e9cole Lucien-Goron situ\u00e9e dans le c\u0153ur historique de Foix. Mardi 25\/07, Vincent Peirani se produira avec deux acolytes. Un trio hybride avec guitare, batterie, accord\u00e9on, dans lequel chacun pourra prendre la place de l\u2019autre pour devenir tour \u00e0 tour soliste, rythmique ou coloriste. <\/p>\n<p><!-- Pub DFP Position [outstream] --> <\/p>\n<p>Le mercredi 26\/07, c\u2019est Manu Lanvin &amp; The Devil Blues qui feront le show. Manu Lanvin sera second\u00e9 de Nicolas Bellanger, Karim Bouazza et Pascal Mikaelian. Le jeudi 27\/07 : Florin Niculescu le \u00ab\u00a0digne successeur du grand St\u00e9phane\u00a0\u00bb et Christian Escoud\u00e9 le \u00ab\u00a0pape de la guitare apr\u00e8s Django\u00a0\u00bb talentueusement accompagn\u00e9s d\u2019Yves Brouqui et de Bruno Rousselet rendront hommage \u00e0 St\u00e9phane Grappelli. Le vendredi 28\/07, le public pourra d\u00e9couvrir un spectacle qui n\u2019a pas encore beaucoup tourn\u00e9, mais dont les retours sont dithyrambiques, avec Paul Lay au piano, Michel Portal \u00e0 la clarinette, Matyas Szanda\u00ef \u00e0 la contrebasse et le jeune et talentueux batteur Donald Kontomanou. Samedi 29 juillet, c\u2019est une t\u00eate d\u2019affiche f\u00e9minine qui sera \u00e0 l\u2019honneur avec la talentueuse chanteuse cor\u00e9enne Youn Sun Nah qui assurera le concert de cl\u00f4ture. \u00c0 noter que Jazz \u00e0 Foix r\u00e9it\u00e8re sa soir\u00e9e inaugurale du lundi.<\/p>\n<p><!-- Pub DFP Position [article] --> <\/p>\n<p> Le 24 juillet \u00e0 19 h 45 se produira le groupe Saora sous la halle. Le contrebassiste Thibault Popall et le pianiste Michel Polet pr\u00e9senteront leur nouvelle formation de jazz latino festif. Le village-Jazz (lire \u00e9galement ci-contre) est en acc\u00e8s libre tous les soirs \u00e0 partir de 18 heures avec une programmation sur la sc\u00e8ne du Off de concerts gratuits et de Jam-Sessions dont notamment les restitutions des Master-Class contrebasse de Julien Duthu et celle de trompette avec Nicolas Gardel, parrain du festival. <\/p>\n<p><b>Pratique<\/b><\/p>\n<p>Retrouvez la programmation compl\u00e8te sur le site <a href=\"https:\/\/www.jazzfoix.com\" target=\"_blank\" rel=\"nofollow noopener\">www.jazzfoix.com<\/a>. Renseignement au 05 61 01 18 30 <\/p>\n<p>Le village-jazz est en acc\u00e8s libre tous les soirs \u00e0 partir de 18 heures avec une programmation sur la sc\u00e8ne du Off de concerts gratuits et de Jam-Sessions dont notamment les restitutions des Master-Class contrebasse de Julien Duthu et celle de trompette avec Nicolas Gardel, parrain du festival, sans oublier des nouveaut\u00e9s conviant le slam, l\u2019art contemporain et des rencontres singuli\u00e8res.<\/p>\n<p>Sur place les festivaliers appr\u00e9cieront jusqu\u2019aux heures bleues la buvette, les food-trucks, un espace d\u00e9gustation de produits ari\u00e9geois et la savoureuse carte du restaurant associatif dont la \u00ab\u00a0brigade de b\u00e9n\u00e9voles\u00a0\u00bb est guid\u00e9e par le chef du restaurant le Phoebus, Didier Lamotte.<\/p>\n<p>Aussi, dans le cadre du festival et en partenariat avec l\u2019association la Biz\u2019Art Rit, une exposition regroupant six artistes en immersion dans le village du festival sera propos\u00e9e. <\/p>\n<\/p><\/div>\n<p> Cet article, qui traite du th\u00e8me \u00ab\u00a0Festival Jazz et musique en mode guinguette\u00a0\u00bb, vous est d\u00e9lib\u00e9r\u00e9ment offert par festivox.fr. La raison d\u2019\u00eatre de festivox.fr est de parler de Festival Jazz et musique en mode guinguette dans la transparence la plus g\u00e9n\u00e9rale en vous procurant la visibilit\u00e9 de tout ce qui est publi\u00e9 sur ce sujet sur le web La chronique a \u00e9t\u00e9 g\u00e9n\u00e9r\u00e9e de la mani\u00e8re la plus honn\u00eate que possible. S\u2019il advenait que vous projetez d\u2019apporter quelques notes concernant le domaine de \u00ab\u00a0Festival Jazz et musique en mode guinguette\u00a0\u00bb vous avez la possibilit\u00e9 de d&rsquo;\u00e9changer avec notre r\u00e9daction. Dans peu de temps, on mettra en ligne d&rsquo;autres informations pertinentes autour du sujet \u00ab\u00a0Festival Jazz et musique en mode guinguette\u00a0\u00bb. Ainsi, consultez r\u00e9guli\u00e8rement notre site.<\/p>\n","protected":false},"excerpt":{"rendered":"<p>l&rsquo;essentiel Des affiches in\u00e9dites et des artistes de renomm\u00e9e internationale seront au rendez-vous du 24 au 29 juillet. L\u2019association cr\u00e9\u00e9e depuis 23 ans va cette ann\u00e9e encore r\u00e9galer les amateurs de bon jazz du lundi 24 au samedi 29 juillet \u00e0 Foix. Et cette ann\u00e9e, le fil conducteur de cette 22e \u00e9dition est l\u2019\u00e9clectisme, avec&hellip;<\/p>\n","protected":false},"author":1,"featured_media":224,"comment_status":"closed","ping_status":"closed","sticky":false,"template":"","format":"standard","meta":{"footnotes":""},"categories":[3],"tags":[],"class_list":["post-223","post","type-post","status-publish","format-standard","has-post-thumbnail","hentry","category-wiki-sur-festival-jazz-et-musique-en-mode-guinguette"],"yoast_head":"<!-- This site is optimized with the Yoast SEO plugin v27.5 - https:\/\/yoast.com\/product\/yoast-seo-wordpress\/ -->\n<title>Jazz \u00e0 Foix : une 22e \u00e9dition &quot;\u00e9clectique&quot; - FESTIVOX<\/title>\n<meta name=\"robots\" content=\"index, follow, max-snippet:-1, max-image-preview:large, max-video-preview:-1\" \/>\n<link rel=\"canonical\" href=\"https:\/\/www.festivox.fr\/blog\/jazz-a-foix-une-22e-edition-eclectique\/\" \/>\n<meta property=\"og:locale\" content=\"fr_FR\" \/>\n<meta property=\"og:type\" content=\"article\" \/>\n<meta property=\"og:title\" content=\"Jazz \u00e0 Foix : une 22e \u00e9dition &quot;\u00e9clectique&quot; - FESTIVOX\" \/>\n<meta property=\"og:description\" content=\"l&rsquo;essentiel Des affiches in\u00e9dites et des artistes de renomm\u00e9e internationale seront au rendez-vous du 24 au 29 juillet. L\u2019association cr\u00e9\u00e9e depuis 23 ans va cette ann\u00e9e encore r\u00e9galer les amateurs de bon jazz du lundi 24 au samedi 29 juillet \u00e0 Foix. Et cette ann\u00e9e, le fil conducteur de cette 22e \u00e9dition est l\u2019\u00e9clectisme, avec&hellip;\" \/>\n<meta property=\"og:url\" content=\"https:\/\/www.festivox.fr\/blog\/jazz-a-foix-une-22e-edition-eclectique\/\" \/>\n<meta property=\"og:site_name\" content=\"FESTIVOX\" \/>\n<meta property=\"article:published_time\" content=\"2023-07-05T14:26:00+00:00\" \/>\n<meta property=\"og:image\" content=\"https:\/\/www.festivox.fr\/blog\/wp-content\/uploads\/2023\/07\/jazz-a-foix-une-22e-edition-eclectique.jpg\" \/>\n<meta name=\"author\" content=\"Michele\" \/>\n<meta name=\"twitter:card\" content=\"summary_large_image\" \/>\n<meta name=\"twitter:label1\" content=\"\u00c9crit par\" \/>\n\t<meta name=\"twitter:data1\" content=\"Michele\" \/>\n\t<meta name=\"twitter:label2\" content=\"Dur\u00e9e de lecture estim\u00e9e\" \/>\n\t<meta name=\"twitter:data2\" content=\"3 minutes\" \/>\n<script type=\"application\/ld+json\" class=\"yoast-schema-graph\">{\"@context\":\"https:\\\/\\\/schema.org\",\"@graph\":[{\"@type\":\"Article\",\"@id\":\"https:\\\/\\\/www.festivox.fr\\\/blog\\\/jazz-a-foix-une-22e-edition-eclectique\\\/#article\",\"isPartOf\":{\"@id\":\"https:\\\/\\\/www.festivox.fr\\\/blog\\\/jazz-a-foix-une-22e-edition-eclectique\\\/\"},\"author\":{\"name\":\"Michele\",\"@id\":\"https:\\\/\\\/www.festivox.fr\\\/blog\\\/#\\\/schema\\\/person\\\/f36a8b6bc94800c3eafed4bca993ce95\"},\"headline\":\"Jazz \u00e0 Foix : une 22e \u00e9dition \u00ab\u00a0\u00e9clectique\u00a0\u00bb\",\"datePublished\":\"2023-07-05T14:26:00+00:00\",\"mainEntityOfPage\":{\"@id\":\"https:\\\/\\\/www.festivox.fr\\\/blog\\\/jazz-a-foix-une-22e-edition-eclectique\\\/\"},\"wordCount\":678,\"publisher\":{\"@id\":\"https:\\\/\\\/www.festivox.fr\\\/blog\\\/#organization\"},\"image\":{\"@id\":\"https:\\\/\\\/www.festivox.fr\\\/blog\\\/jazz-a-foix-une-22e-edition-eclectique\\\/#primaryimage\"},\"thumbnailUrl\":\"https:\\\/\\\/www.festivox.fr\\\/blog\\\/wp-content\\\/uploads\\\/2023\\\/07\\\/jazz-a-foix-une-22e-edition-eclectique.jpg\",\"articleSection\":[\"Wiki Sur Festival Jazz Et Musique En Mode Guinguette:\"],\"inLanguage\":\"fr-FR\"},{\"@type\":\"WebPage\",\"@id\":\"https:\\\/\\\/www.festivox.fr\\\/blog\\\/jazz-a-foix-une-22e-edition-eclectique\\\/\",\"url\":\"https:\\\/\\\/www.festivox.fr\\\/blog\\\/jazz-a-foix-une-22e-edition-eclectique\\\/\",\"name\":\"Jazz \u00e0 Foix : une 22e \u00e9dition \\\"\u00e9clectique\\\" - FESTIVOX\",\"isPartOf\":{\"@id\":\"https:\\\/\\\/www.festivox.fr\\\/blog\\\/#website\"},\"primaryImageOfPage\":{\"@id\":\"https:\\\/\\\/www.festivox.fr\\\/blog\\\/jazz-a-foix-une-22e-edition-eclectique\\\/#primaryimage\"},\"image\":{\"@id\":\"https:\\\/\\\/www.festivox.fr\\\/blog\\\/jazz-a-foix-une-22e-edition-eclectique\\\/#primaryimage\"},\"thumbnailUrl\":\"https:\\\/\\\/www.festivox.fr\\\/blog\\\/wp-content\\\/uploads\\\/2023\\\/07\\\/jazz-a-foix-une-22e-edition-eclectique.jpg\",\"datePublished\":\"2023-07-05T14:26:00+00:00\",\"breadcrumb\":{\"@id\":\"https:\\\/\\\/www.festivox.fr\\\/blog\\\/jazz-a-foix-une-22e-edition-eclectique\\\/#breadcrumb\"},\"inLanguage\":\"fr-FR\",\"potentialAction\":[{\"@type\":\"ReadAction\",\"target\":[\"https:\\\/\\\/www.festivox.fr\\\/blog\\\/jazz-a-foix-une-22e-edition-eclectique\\\/\"]}]},{\"@type\":\"ImageObject\",\"inLanguage\":\"fr-FR\",\"@id\":\"https:\\\/\\\/www.festivox.fr\\\/blog\\\/jazz-a-foix-une-22e-edition-eclectique\\\/#primaryimage\",\"url\":\"https:\\\/\\\/www.festivox.fr\\\/blog\\\/wp-content\\\/uploads\\\/2023\\\/07\\\/jazz-a-foix-une-22e-edition-eclectique.jpg\",\"contentUrl\":\"https:\\\/\\\/www.festivox.fr\\\/blog\\\/wp-content\\\/uploads\\\/2023\\\/07\\\/jazz-a-foix-une-22e-edition-eclectique.jpg\",\"width\":885,\"height\":500},{\"@type\":\"BreadcrumbList\",\"@id\":\"https:\\\/\\\/www.festivox.fr\\\/blog\\\/jazz-a-foix-une-22e-edition-eclectique\\\/#breadcrumb\",\"itemListElement\":[{\"@type\":\"ListItem\",\"position\":1,\"name\":\"Accueil\",\"item\":\"https:\\\/\\\/www.festivox.fr\\\/blog\\\/\"},{\"@type\":\"ListItem\",\"position\":2,\"name\":\"Jazz \u00e0 Foix : une 22e \u00e9dition \u00ab\u00a0\u00e9clectique\u00a0\u00bb\"}]},{\"@type\":\"WebSite\",\"@id\":\"https:\\\/\\\/www.festivox.fr\\\/blog\\\/#website\",\"url\":\"https:\\\/\\\/www.festivox.fr\\\/blog\\\/\",\"name\":\"FESTIVOX\",\"description\":\"Festival en mode guinguette.\",\"publisher\":{\"@id\":\"https:\\\/\\\/www.festivox.fr\\\/blog\\\/#organization\"},\"potentialAction\":[{\"@type\":\"SearchAction\",\"target\":{\"@type\":\"EntryPoint\",\"urlTemplate\":\"https:\\\/\\\/www.festivox.fr\\\/blog\\\/?s={search_term_string}\"},\"query-input\":{\"@type\":\"PropertyValueSpecification\",\"valueRequired\":true,\"valueName\":\"search_term_string\"}}],\"inLanguage\":\"fr-FR\"},{\"@type\":\"Organization\",\"@id\":\"https:\\\/\\\/www.festivox.fr\\\/blog\\\/#organization\",\"name\":\"festivox\",\"url\":\"https:\\\/\\\/www.festivox.fr\\\/blog\\\/\",\"logo\":{\"@type\":\"ImageObject\",\"inLanguage\":\"fr-FR\",\"@id\":\"https:\\\/\\\/www.festivox.fr\\\/blog\\\/#\\\/schema\\\/logo\\\/image\\\/\",\"url\":\"https:\\\/\\\/www.festivox.fr\\\/blog\\\/wp-content\\\/uploads\\\/2023\\\/06\\\/logo-2.png\",\"contentUrl\":\"https:\\\/\\\/www.festivox.fr\\\/blog\\\/wp-content\\\/uploads\\\/2023\\\/06\\\/logo-2.png\",\"width\":480,\"height\":160,\"caption\":\"festivox\"},\"image\":{\"@id\":\"https:\\\/\\\/www.festivox.fr\\\/blog\\\/#\\\/schema\\\/logo\\\/image\\\/\"}},{\"@type\":\"Person\",\"@id\":\"https:\\\/\\\/www.festivox.fr\\\/blog\\\/#\\\/schema\\\/person\\\/f36a8b6bc94800c3eafed4bca993ce95\",\"name\":\"Michele\",\"image\":{\"@type\":\"ImageObject\",\"inLanguage\":\"fr-FR\",\"@id\":\"https:\\\/\\\/secure.gravatar.com\\\/avatar\\\/b062046536b5d47ec9075956ec349ef95ed06b0f910c578f74abb318668b702e?s=96&d=mm&r=g\",\"url\":\"https:\\\/\\\/secure.gravatar.com\\\/avatar\\\/b062046536b5d47ec9075956ec349ef95ed06b0f910c578f74abb318668b702e?s=96&d=mm&r=g\",\"contentUrl\":\"https:\\\/\\\/secure.gravatar.com\\\/avatar\\\/b062046536b5d47ec9075956ec349ef95ed06b0f910c578f74abb318668b702e?s=96&d=mm&r=g\",\"caption\":\"Michele\"},\"sameAs\":[\"https:\\\/\\\/www.festivox.fr\\\/blog\"],\"url\":\"https:\\\/\\\/www.festivox.fr\\\/blog\\\/author\\\/voxadmin\\\/\"}]}<\/script>\n<!-- \/ Yoast SEO plugin. -->","yoast_head_json":{"title":"Jazz \u00e0 Foix : une 22e \u00e9dition \"\u00e9clectique\" - FESTIVOX","robots":{"index":"index","follow":"follow","max-snippet":"max-snippet:-1","max-image-preview":"max-image-preview:large","max-video-preview":"max-video-preview:-1"},"canonical":"https:\/\/www.festivox.fr\/blog\/jazz-a-foix-une-22e-edition-eclectique\/","og_locale":"fr_FR","og_type":"article","og_title":"Jazz \u00e0 Foix : une 22e \u00e9dition \"\u00e9clectique\" - FESTIVOX","og_description":"l&rsquo;essentiel Des affiches in\u00e9dites et des artistes de renomm\u00e9e internationale seront au rendez-vous du 24 au 29 juillet. L\u2019association cr\u00e9\u00e9e depuis 23 ans va cette ann\u00e9e encore r\u00e9galer les amateurs de bon jazz du lundi 24 au samedi 29 juillet \u00e0 Foix. Et cette ann\u00e9e, le fil conducteur de cette 22e \u00e9dition est l\u2019\u00e9clectisme, avec&hellip;","og_url":"https:\/\/www.festivox.fr\/blog\/jazz-a-foix-une-22e-edition-eclectique\/","og_site_name":"FESTIVOX","article_published_time":"2023-07-05T14:26:00+00:00","og_image":[{"url":"https:\/\/www.festivox.fr\/blog\/wp-content\/uploads\/2023\/07\/jazz-a-foix-une-22e-edition-eclectique.jpg","type":"","width":"","height":""}],"author":"Michele","twitter_card":"summary_large_image","twitter_misc":{"\u00c9crit par":"Michele","Dur\u00e9e de lecture estim\u00e9e":"3 minutes"},"schema":{"@context":"https:\/\/schema.org","@graph":[{"@type":"Article","@id":"https:\/\/www.festivox.fr\/blog\/jazz-a-foix-une-22e-edition-eclectique\/#article","isPartOf":{"@id":"https:\/\/www.festivox.fr\/blog\/jazz-a-foix-une-22e-edition-eclectique\/"},"author":{"name":"Michele","@id":"https:\/\/www.festivox.fr\/blog\/#\/schema\/person\/f36a8b6bc94800c3eafed4bca993ce95"},"headline":"Jazz \u00e0 Foix : une 22e \u00e9dition \u00ab\u00a0\u00e9clectique\u00a0\u00bb","datePublished":"2023-07-05T14:26:00+00:00","mainEntityOfPage":{"@id":"https:\/\/www.festivox.fr\/blog\/jazz-a-foix-une-22e-edition-eclectique\/"},"wordCount":678,"publisher":{"@id":"https:\/\/www.festivox.fr\/blog\/#organization"},"image":{"@id":"https:\/\/www.festivox.fr\/blog\/jazz-a-foix-une-22e-edition-eclectique\/#primaryimage"},"thumbnailUrl":"https:\/\/www.festivox.fr\/blog\/wp-content\/uploads\/2023\/07\/jazz-a-foix-une-22e-edition-eclectique.jpg","articleSection":["Wiki Sur Festival Jazz Et Musique En Mode Guinguette:"],"inLanguage":"fr-FR"},{"@type":"WebPage","@id":"https:\/\/www.festivox.fr\/blog\/jazz-a-foix-une-22e-edition-eclectique\/","url":"https:\/\/www.festivox.fr\/blog\/jazz-a-foix-une-22e-edition-eclectique\/","name":"Jazz \u00e0 Foix : une 22e \u00e9dition \"\u00e9clectique\" - FESTIVOX","isPartOf":{"@id":"https:\/\/www.festivox.fr\/blog\/#website"},"primaryImageOfPage":{"@id":"https:\/\/www.festivox.fr\/blog\/jazz-a-foix-une-22e-edition-eclectique\/#primaryimage"},"image":{"@id":"https:\/\/www.festivox.fr\/blog\/jazz-a-foix-une-22e-edition-eclectique\/#primaryimage"},"thumbnailUrl":"https:\/\/www.festivox.fr\/blog\/wp-content\/uploads\/2023\/07\/jazz-a-foix-une-22e-edition-eclectique.jpg","datePublished":"2023-07-05T14:26:00+00:00","breadcrumb":{"@id":"https:\/\/www.festivox.fr\/blog\/jazz-a-foix-une-22e-edition-eclectique\/#breadcrumb"},"inLanguage":"fr-FR","potentialAction":[{"@type":"ReadAction","target":["https:\/\/www.festivox.fr\/blog\/jazz-a-foix-une-22e-edition-eclectique\/"]}]},{"@type":"ImageObject","inLanguage":"fr-FR","@id":"https:\/\/www.festivox.fr\/blog\/jazz-a-foix-une-22e-edition-eclectique\/#primaryimage","url":"https:\/\/www.festivox.fr\/blog\/wp-content\/uploads\/2023\/07\/jazz-a-foix-une-22e-edition-eclectique.jpg","contentUrl":"https:\/\/www.festivox.fr\/blog\/wp-content\/uploads\/2023\/07\/jazz-a-foix-une-22e-edition-eclectique.jpg","width":885,"height":500},{"@type":"BreadcrumbList","@id":"https:\/\/www.festivox.fr\/blog\/jazz-a-foix-une-22e-edition-eclectique\/#breadcrumb","itemListElement":[{"@type":"ListItem","position":1,"name":"Accueil","item":"https:\/\/www.festivox.fr\/blog\/"},{"@type":"ListItem","position":2,"name":"Jazz \u00e0 Foix : une 22e \u00e9dition \u00ab\u00a0\u00e9clectique\u00a0\u00bb"}]},{"@type":"WebSite","@id":"https:\/\/www.festivox.fr\/blog\/#website","url":"https:\/\/www.festivox.fr\/blog\/","name":"FESTIVOX","description":"Festival en mode guinguette.","publisher":{"@id":"https:\/\/www.festivox.fr\/blog\/#organization"},"potentialAction":[{"@type":"SearchAction","target":{"@type":"EntryPoint","urlTemplate":"https:\/\/www.festivox.fr\/blog\/?s={search_term_string}"},"query-input":{"@type":"PropertyValueSpecification","valueRequired":true,"valueName":"search_term_string"}}],"inLanguage":"fr-FR"},{"@type":"Organization","@id":"https:\/\/www.festivox.fr\/blog\/#organization","name":"festivox","url":"https:\/\/www.festivox.fr\/blog\/","logo":{"@type":"ImageObject","inLanguage":"fr-FR","@id":"https:\/\/www.festivox.fr\/blog\/#\/schema\/logo\/image\/","url":"https:\/\/www.festivox.fr\/blog\/wp-content\/uploads\/2023\/06\/logo-2.png","contentUrl":"https:\/\/www.festivox.fr\/blog\/wp-content\/uploads\/2023\/06\/logo-2.png","width":480,"height":160,"caption":"festivox"},"image":{"@id":"https:\/\/www.festivox.fr\/blog\/#\/schema\/logo\/image\/"}},{"@type":"Person","@id":"https:\/\/www.festivox.fr\/blog\/#\/schema\/person\/f36a8b6bc94800c3eafed4bca993ce95","name":"Michele","image":{"@type":"ImageObject","inLanguage":"fr-FR","@id":"https:\/\/secure.gravatar.com\/avatar\/b062046536b5d47ec9075956ec349ef95ed06b0f910c578f74abb318668b702e?s=96&d=mm&r=g","url":"https:\/\/secure.gravatar.com\/avatar\/b062046536b5d47ec9075956ec349ef95ed06b0f910c578f74abb318668b702e?s=96&d=mm&r=g","contentUrl":"https:\/\/secure.gravatar.com\/avatar\/b062046536b5d47ec9075956ec349ef95ed06b0f910c578f74abb318668b702e?s=96&d=mm&r=g","caption":"Michele"},"sameAs":["https:\/\/www.festivox.fr\/blog"],"url":"https:\/\/www.festivox.fr\/blog\/author\/voxadmin\/"}]}},"_links":{"self":[{"href":"https:\/\/www.festivox.fr\/blog\/wp-json\/wp\/v2\/posts\/223","targetHints":{"allow":["GET"]}}],"collection":[{"href":"https:\/\/www.festivox.fr\/blog\/wp-json\/wp\/v2\/posts"}],"about":[{"href":"https:\/\/www.festivox.fr\/blog\/wp-json\/wp\/v2\/types\/post"}],"author":[{"embeddable":true,"href":"https:\/\/www.festivox.fr\/blog\/wp-json\/wp\/v2\/users\/1"}],"replies":[{"embeddable":true,"href":"https:\/\/www.festivox.fr\/blog\/wp-json\/wp\/v2\/comments?post=223"}],"version-history":[{"count":0,"href":"https:\/\/www.festivox.fr\/blog\/wp-json\/wp\/v2\/posts\/223\/revisions"}],"wp:featuredmedia":[{"embeddable":true,"href":"https:\/\/www.festivox.fr\/blog\/wp-json\/wp\/v2\/media\/224"}],"wp:attachment":[{"href":"https:\/\/www.festivox.fr\/blog\/wp-json\/wp\/v2\/media?parent=223"}],"wp:term":[{"taxonomy":"category","embeddable":true,"href":"https:\/\/www.festivox.fr\/blog\/wp-json\/wp\/v2\/categories?post=223"},{"taxonomy":"post_tag","embeddable":true,"href":"https:\/\/www.festivox.fr\/blog\/wp-json\/wp\/v2\/tags?post=223"}],"curies":[{"name":"wp","href":"https:\/\/api.w.org\/{rel}","templated":true}]}}