{"id":217,"date":"2023-06-30T09:39:00","date_gmt":"2023-06-30T07:39:00","guid":{"rendered":"https:\/\/www.festivox.fr\/blog\/charlie-watts-all-that-jazz\/"},"modified":"2023-06-30T09:39:00","modified_gmt":"2023-06-30T07:39:00","slug":"charlie-watts-all-that-jazz","status":"publish","type":"post","link":"https:\/\/www.festivox.fr\/blog\/charlie-watts-all-that-jazz\/","title":{"rendered":"Charlie Watts : all that jazz"},"content":{"rendered":"<br \/>\n<h3 class=\"p1\"><strong><span class=\"s1\">Plongez dans le making of de l\u2019album de toutes les d\u00e9mesures sign\u00e9 les Rolling Stones : le bien-nomm\u00e9 <em>Exile on Main Street. <\/em><\/span><span class=\"s1\">Le double album culte, sorti en 1972, c\u00e9l\u00e8bre cette ann\u00e9e ses 50 ans. Flashback et visite de la Villa Nellc\u00f4te \u00e0 Villefranche-sur-Mer, o\u00f9 se sont d\u00e9roul\u00e9es les premi\u00e8res s\u00e9ances sous l\u2019objectif du photographe Dominique Tarl\u00e9, avant que les Stones ne s\u2019envolent pour Los Angeles pour les derni\u00e8res captations.<\/span><\/strong><\/h3>\n<p><em>17 juin 1972 : Exile on Main Street de The Rolling Stones est n\u00b01 aux \u00c9tats-Unis<\/em><\/p>\n<p class=\"p1\"><span class=\"s1\">Des jeunes mari\u00e9s, des invit\u00e9s d\u00e9fonc\u00e9s comme des portes, des chansons par dizaines. Et de la dope, des tonnes de dope. Mais aussi beaucoup de rock\u2019n\u2019roll. Retour sur l\u2019un des enregistrements les plus d\u00e9jant\u00e9s de l\u2019histoire du rock : <strong><em>Exile on Main Street<\/em><\/strong> des <a href=\"https:\/\/www.rollingstone.fr\/les-rolling-stones-lancent-une-serie-hebdomadaire-inedite\/\" target=\"_blank\" rel=\"noopener nofollow\">Rolling Stones<\/a>.<\/span><\/p>\n<p class=\"p3\"><span class=\"s1\">Au d\u00e9but de l\u2019ann\u00e9e 1971, c\u00f4t\u00e9 romance, tout semble aller pour le mieux pour Mick comme pour Keith, qui lui file le parfait amour avec Anita Pallenberg. Charlie, lui est mari\u00e9 depuis 1964 avec Ann Shepherd et Bill, entre deux mariages, continue de collectionner les groupies. C\u00f4t\u00e9s finances et professionnel, c\u2019est une autre b\u00e9chamel. Arrivant \u00e0 son terme cette m\u00eame ann\u00e9e, le contrat liant les Rolling Stones avec leur label d\u2019origine <strong>Decca<\/strong> pousse le groupe \u00e0 cr\u00e9er dans la foul\u00e9e sa propre structure, <a href=\"https:\/\/www.rollingstone.fr\/un-jour-une-histoire-6-avril-1971-les-rolling-stones-lancent-leur-propre-label\/\" target=\"_blank\" rel=\"noopener nofollow\"><strong>Rolling Stones Records<\/strong><\/a>, et signe un contrat de distribution avec Atlantic Records.<\/span><\/p>\n<h4><strong>Exit Decca<\/strong><\/h4>\n<p class=\"p3\"><span class=\"s1\">Parall\u00e8lement, le groupe limoge Allen Klein, leur \u00ab&nbsp;banquier&nbsp;\u00bb qui, des ann\u00e9es durant, leur a avanc\u00e9 des fonds consid\u00e9rables. <\/span><span class=\"s1\">En clair, Mick, Keith et les autres lui doivent tous une montagne de fric. En outre, une partie de l\u2019argent vers\u00e9 aux Stones a \u00e9t\u00e9 dissimul\u00e9e au fisc britannique. Pour sortir de cette impasse, le groupe (Mick en particulier) sollicitent une connaissance, le prince <strong>Rupert Loewenstein<\/strong>. Financier bavarois de tr\u00e8s haute vol\u00e9e, il doit les aider \u00e0 r\u00e9gler ces probl\u00e8mes financiers. Klein accepte de rompre son association avec les Stones mais exige en contrepartie la propri\u00e9t\u00e9 des droits d\u2019\u00e9dition de tous les enregistrements existants. Les Stones, eux, ne toucheront plus que des royalties. En outre, le passif d\u00fb \u00e0 la Couronne d\u2019Angleterre est si important que les membres du groupe sont menac\u00e9s de faillite personnelle. <\/span><\/p>\n<p class=\"p3\"><span class=\"s1\">Loewenstein leur conseille alors de quitter Londres le temps d\u2019\u00e9teindre leurs cr\u00e9ances fiscales mais aussi pour \u00e9viter la taxation de 80 % appliqu\u00e9e sur les revenus les plus \u00e9lev\u00e9s. Apr\u00e8s un rapide regard sur une mappemonde, Mick, Keith, Bill et Charlie choisissent le sud de la France. Ils partent s\u2019installer aussit\u00f4t sur la C\u00f4te d\u2019Azur.&nbsp;<\/span><\/p>\n<h4><strong>Love story \u00e0 Saint-Tropez<\/strong><\/h4>\n<p class=\"p3\"><span class=\"s1\">Au printemps 1971, alors que les Stones sont d\u00e9sormais r\u00e9sidents fran\u00e7ais et s\u2019appr\u00eatent \u00e0 publier&nbsp;<i><a href=\"https:\/\/www.rollingstone.fr\/un-jour-une-histoire-23-fevrier-1971-les-stones-publient-sticky-fingers\/\" target=\"_blank\" rel=\"noopener nofollow\">Sticky Fingers<\/a>,<\/i>&nbsp;sur leur propre label, dont le logo deviendra aussi c\u00e9l\u00e8bre que le groupe, Bianca apprend qu\u2019elle est enceinte. Aussit\u00f4t, Mick la demande en mariage<i>.<\/i>&nbsp;<\/span><\/p>\n<p class=\"p3\"><span class=\"s1\">Le 12 mai, l\u2019union a lieu \u00e0 Saint Tropez, o\u00f9 le jeune couple vient de s\u2019installer dans un manoir qu\u2019il loue \u00e0 un cousin du prince Rainier de Monaco. Pour l\u2019anecdote, Mick affr\u00e8tera un jet priv\u00e9 afin d\u2019amener sa famille et ses amis de Londres \u2013 ses parents Joe et Eva, les Beatles <a href=\"https:\/\/www.rollingstone.fr\/paul-mccartney-en-solo-ses-10-plus-grands-succes\/\" target=\"_blank\" rel=\"noopener nofollow\">Paul McCartney<\/a> et <a href=\"https:\/\/www.rollingstone.fr\/ringo-starr-whats-my-name-chronique\/\" target=\"_blank\" rel=\"noopener nofollow\">Ringo Starr<\/a> ainsi que leurs \u00e9pouses, les membres des Small Faces dont <a href=\"https:\/\/www.rollingstone.fr\/confinement-ronnie-wood-adresse-un-message-emouvant\/\" target=\"_blank\" rel=\"noopener nofollow\">Ronnie Wood<\/a>, ou le cin\u00e9aste fran\u00e7ais Roger Vadim. Apr\u00e8s une petite c\u00e9r\u00e9monie civile, Mick et Bianca (<i>\u00ab&nbsp;radieuse dans une robe blanche au d\u00e9collet\u00e9 vertigineux sign\u00e9e Yves Saint-Laurent&nbsp;\u00bb<\/i>, rapportera un tablo\u00efd) se dirigent dans la Bentley blanche du mari\u00e9 vers l\u2019\u00e9glise Sainte-Anne, une chapelle catholique datant du XVIIe si\u00e8cle situ\u00e9e sur la baie de Saint-Tropez o\u00f9, \u00e0 la demande Bianca, le th\u00e8me du film&nbsp;<i>Love Story<\/i>&nbsp;sera jou\u00e9 lors de l\u2019\u00e9change des v\u0153ux.&nbsp;<\/span><\/p>\n<div id=\"attachment_87447\" class=\"wp-caption aligncenter\"><img loading=\"lazy\" decoding=\"async\" aria-describedby=\"caption-attachment-87447\" class=\"wp-image-87447 size-full\" src=\"https:\/\/www.festivox.fr\/blog\/wp-content\/uploads\/2023\/07\/charlie-watts-all-that-jazz.jpg\" alt=\"rolling-stones-chapel-saint-tropez-saint-tropez\" width=\"1000\" height=\"560\"><\/p>\n<p id=\"caption-attachment-87447\" class=\"wp-caption-text\">\u00a9 Getty Images<\/p>\n<\/div>\n<p class=\"p3\"><span class=\"s1\">Bill, de son c\u00f4t\u00e9 s\u2019installe \u00e0 Saint Paul de Vence, o\u00f9 il se lie d\u2019amiti\u00e9 avec le peintre Marc Chagall et Charlie s\u2019ach\u00e8te une demeure dans les C\u00e9vennes, une ancienne ferme qu\u2019il poss\u00e8de toujours. Keith, lui, choisit une demeure de ma\u00eetre, La villa Nellc\u00f4te \u00e0 Villefranche-sur-Mer, une gigantesque b\u00e2tisse tentaculaire construite au XIXe si\u00e8cle et qui pr\u00e9sente l\u2019avantage d\u2019avoir un \u00e9norme sous-sol&nbsp;o\u00f9 les Stones installeront leur mat\u00e9riel.<\/span><\/p>\n<h4><strong>Villa Nellc\u00f4te breakdown&nbsp;<\/strong><\/h4>\n<p class=\"p3\"><span class=\"s1\">Au cours de l\u2019\u00e9t\u00e9 1971, les Stones commencent \u00e0 travailler sur de nouvelles chansons et font venir chez Keith le studio d\u2019enregistrement mobile que Ian Stewart et Andy Johns ont install\u00e9 \u00e0 l\u2019int\u00e9rieur d\u2019un camion. Afin de faciliter les s\u00e9ances d\u2019enregistrement, Mick, Charlie, Mick et Bill s\u2019installent dans la maison de Keith, plut\u00f4t que de rentrer chez eux, \u00e9vitant ainsi de faire des allers-retours quotidiens de plusieurs dizaines de kilom\u00e8tres. Tr\u00e8s rapidement, les Stones et leur entourage transforment la villa Nellc\u00f4te en v\u00e9ritable palais de la d\u00e9cadence o\u00f9 les orgies et les parties de d\u00e9fonces entrecoupent les prises de sons.<\/span><\/p>\n<p>T\u00e9moin privil\u00e9gi\u00e9 de cette aventure&nbsp;? Le photographe Dominique Tarl\u00e9 qui s\u2019est retrouv\u00e9 t\u00e9l\u00e9port\u00e9 au milieu des Stones. <em>\u201c<\/em><em>Eh bien, d\u2019abord, j\u2019\u00e9tais un jeune photographe inconnu, et fauch\u00e9, <\/em>explique celui qui continue de se d\u00e9crire comme simple passionn\u00e9 de photographie et de musique<em>. Lorsque j\u2019ai appris que les Stones d\u00e9m\u00e9nageaient dans le sud de la France, j\u2019ai gard\u00e9 le contact avec les personnes qui travaillaient pour eux, et l\u2019id\u00e9e \u00e9tait de passer un apr\u00e8s-midi avec chacun d\u2019eux dans leur nouvelle maison o\u00f9 ils pourraient recevoir leur famille et leurs amis ; et c\u2019\u00e9tait le printemps dans le sud de la France, une lumi\u00e8re et un temps magnifiques. Je suis donc venu rendre visite \u00e0 Keith le temps d\u2019un apr\u00e8s-midi. Et \u00e0 la fin de l\u2019apr\u00e8s-midi, j\u2019ai remerci\u00e9 tout le monde pour ce beau moment, et il m\u2019a regard\u00e9, interrogatif : <\/em>\u2018Mais o\u00f9 vas-tu ? Votre chambre est pr\u00eate, et vous restez six mois.\u2019<em> Et deux ou trois jours plus tard, Keith me signale <\/em>: \u2018Vous portez toujours le m\u00eame t-shirt.\u2019<em> J\u2019ai r\u00e9pondu <\/em>: \u2018Je suis venu pour un apr\u00e8s-midi, et je n\u2019ai pas apport\u00e9 de v\u00eatements.\u2019 <em>Et<\/em> <em>Keith de r\u00e9torquer : <\/em>\u2018Viens avec moi.&nbsp;\u00bb Et donc, pendant six mois, j\u2019ai port\u00e9 les v\u00eatements de Keith, tu vois ?\u2019\u201d Tarl\u00e9 reconna\u00eet \u00e0 quel point Keith \u00e9tait bienveillant avec lui&nbsp;: <em>\u201c Et parfois, il me demandait :<\/em> \u2018Tu as assez de pellicule pour prendre des photos ?\u2019, <em>et je r\u00e9pondais :<\/em> \u2018Pas trop.\u2019 <em>Il me donnait une grosse poign\u00e9e de billets et me disait :<\/em> \u2018Prends la limousine avec le chauffeur, va t\u2019acheter de la pellicule. Un photographe sans pellicule, c\u2019est comme une guitare sans cordes\u2019.\u2019\u2019<\/p>\n<p>&nbsp;C\u2019est donc l\u00e0, dans cette somptueuse b\u00e2tisse n\u00e9o-classique dot\u00e9e de seize chambres qu\u2019a pourtant \u00e9t\u00e9 en grande partie enregistr\u00e9 l\u2019un des plus grands double albums de l\u2019histoire du rock, <em>Exile On Main Street<\/em>. Mais les m\u00f4mes d\u2019ici ne savent pas qui sont les Rolling Stones. Faut croire que les temps ont chang\u00e9. <em>Exile On Main Street<\/em>&nbsp;? C\u2019\u00e9tait un album qui suintait la dope, le blues et la d\u00e9bauche, au son prodigieusement envoutant, beaucoup moins loose qu\u2019on ne l\u2019a souvent \u00e9crit, m\u00eame si driv\u00e9 par un Keith Richards alors totalement dans la poudre. Instinctivement, le guitariste savait comment ce disque devait sonner, quels styles de musique il devait emprisonner dans ses sillons de vinyle. Car en marge des ragots qui circulait sur la Villa Nellcote, de la musique se cr\u00e9ait dans les sous-sols sombres et humides du manoir\u2026 une musique convoquant tous les \u00e9tats d\u2019\u00e2me qui tissent et meurtrissent la vie des hommes, tous les sons venus d\u2019Am\u00e9rique. Une sorte de road-movie sonore sublimement fracass\u00e9 \u00e9crit et jou\u00e9 \u00e0 huis clos, dans un espace-temps fig\u00e9, coup\u00e9 du monde r\u00e9el. <em>\u00ab&nbsp;C\u2019\u00e9tait tr\u00e8s obscur et poussi\u00e9reux. Tr\u00e8s confin\u00e9<\/em>, confiera Keith Richards \u00e0 Rolling Stone, au moment de la r\u00e9\u00e9dition augment\u00e9e de l\u2019album en 2010. <em>Mick Taylor et moi, nous nous cherchions \u00e0 travers la p\u00e9nombre et on se disait, <\/em>\u2018hey, c\u2019est dans quelle tonalit\u00e9\u2019?<em> C\u2019\u00e9tait tr\u00e8s hitl\u00e9rien. Comme la chute de Berlin.&nbsp;\u00bb<\/em><\/p>\n<p>L\u2019aura sulfureuse qui entoure <em>Exile on Main<\/em> <em>Street<\/em> a certainement contribu\u00e9 \u00e0 son statut de disque mythique et Keith Richards n\u2019est pas le dernier \u00e0 avoir jou\u00e9 avec \u2013 en perp\u00e9tuant, entre autres, la l\u00e9gende selon laquelle Nellcote avait servi de QG \u00e0 la Gestapo pendant la Seconde Guerre Mondiale. <em>\u201cJ\u2019y suis rest\u00e9 au total six mois, <\/em>reprend Tarl\u00e9, <em>et donc pendant les trois mois, je vivais avec&nbsp; \u201cune famille anglaise\u201d, en vacances dans le sud de la France, et trois mois plus tard, ils d\u00e9cident d\u2019enregistrer le nouvel album dans le sous-sol de la maison o\u00f9 je vivais. Donc, ce qui est fantastique, c\u2019est de d\u00e9couvrir la fa\u00e7on dont ces gens travaillent, parce que la musique n\u2019est pas \u00e9crite sur un bout de papier, ou quelque chose comme \u00e7a. C\u2019est fantastique de voir Keith arriver au studio, il a une id\u00e9e pour une chanson, et il va jouer la chanson \u00e0 la section rythmique<\/em>.\u201d<\/p>\n<blockquote>\n<p><strong><span class=\"s1\">\u00ab&nbsp;Ce n\u2019est pas mon album pr\u00e9f\u00e9r\u00e9&nbsp;\u00bb<\/span><\/strong><\/p>\n<\/blockquote>\n<p class=\"p3\"><span class=\"s1\"> Keith, Anita, ainsi que Gram Parsons prennent de l\u2019h\u00e9ro\u00efne. Si Mick \u2013 qui n\u2019a jamais \u00e9t\u00e9 un consommateur de drogues dures \u2013, tol\u00e8re leur attitude, Bianca, au contraire, ne supporte plus ces sc\u00e8nes de d\u00e9bauche. Enceinte de Mick et devant accoucher \u00e0 l\u2019automne, Bianca ne veut plus rien savoir du reste du groupe, y compris d\u2019Anita, enceinte \u00e9galement. <em>\u00ab Mick ne descendait plus d\u00eener avec nous parce que Bianca refusait de nous voir&nbsp;\u00bb<\/em>, rappellera Anita. Quelques jours plus tard, Mme Jagger sera de retour \u00e0 Paris o\u00f9, loin de la villa de Keith, elle passera le plus clair de son temps.<\/span><\/p>\n<h4><strong>Naissance d\u2019un album<\/strong><\/h4>\n<p class=\"p3\"><span class=\"s1\">&nbsp;Sans Bianca, Mick se sent un peu seul, d\u2019autant plus que Keith et Parsons sont devenus tr\u00e8s proches. <em>\u00ab&nbsp;Avec le recul, je pense Mick \u00e9tait tr\u00e8s jaloux de mes autres amis masculins<\/em>, pr\u00e9cisera Keith avant d\u2019ajouter&nbsp;: <em>Il y a une \u00e9trange possessivit\u00e9 chez lui, m\u00eame si c\u2019\u00e9tait encore tr\u00e8s vague pour moi.<\/em> Cependant, d\u2019autres personnes me l\u2019ont \u00e9galement fait remarquer. Peut-\u00eatre essayait-il de me prot\u00e9ger.&nbsp;\u00bb Au final, Parsons quittera Nellc\u00f4te et, \u00e0 partir de ce moment-l\u00e0, Mick et Keith se concentreront sur leurs nouvelles chansons. <\/span><\/p>\n<p class=\"p3\"><span class=\"s1\">De ces mois de d\u00e9bauches et d\u2019intrigues sortira un double album,&nbsp;<a href=\"https:\/\/open.spotify.com\/album\/5U4dnRZsfW8NmwBBkELFPh?si=nZs7zL53T8SQSlKChYXEDg\" target=\"_blank\" rel=\"noopener nofollow\"><i>Exile on Main Street<\/i><\/a>. Mick n\u2019aime pas vraiment cet album \u2013 peut-\u00eatre \u00e0 cause des ses conditions d\u2019enregistrement, qu\u2019il estime peu professionnelles&nbsp;\u2013 car capt\u00e9 avec une unit\u00e9 mobile et non dans un v\u00e9ritable studio. <em>\u00ab&nbsp;Ce n\u2019est pas mon album pr\u00e9f\u00e9r\u00e9&nbsp;\u00bb<\/em>, dira-t-il s\u00e8chement. Et surtout, en dehors de titres comme <strong>\u00ab&nbsp;Tumblin Dice&nbsp;\u00bb<\/strong>, <strong>\u00ab&nbsp;All Down The Line&nbsp;\u00bb<\/strong> et la chanson solo de Keith, <strong>\u00ab&nbsp;Happy&nbsp;\u00bb<\/strong>, Mick constate que quelques pistes seulement, sur la vingtaine de chansons qui composent l\u2019album, se pr\u00eatent \u00e0 une transposition en live&nbsp;: <em>\u00ab&nbsp;C\u2019est peut-\u00eatre l\u2019album id\u00e9al \u00e0 \u00e9couter, mais il est totalement injouable une fois sur sc\u00e8ne\u2026<\/em>&nbsp;\u00bb&nbsp;<\/span><span class=\"s1\">Keith, de son c\u00f4t\u00e9, dira plus tard qu\u2019<i>Exile <\/i>est<i> \u00ab&nbsp;peut-\u00eatre ce qu\u2019on a fait de mieux.&nbsp;\u00bb<\/i><\/span><\/p>\n<p>[embedded content]<\/p>\n<h4><strong>La tourn\u00e9e la plus rentable\u2026 Ever<\/strong><\/h4>\n<p class=\"p3\"><span class=\"s1\">Fin Octobre, Bianca donne naissance \u00e0 Paris \u00e0 une petite fille pr\u00e9nomm\u00e9e Jade, mais Mick n\u2019aura pas beaucoup de temps pour profiter de sa nouvelle paternit\u00e9. D\u2019autant plus qu\u2019au d\u00e9but de l\u2019ann\u00e9e 1972, il se trouve \u00e0 Los Angeles en train de travailler sur les derniers mixes d\u2019<i>Exile on Main Street<\/i>. L\u2019h\u00e9ro\u00efnomanie de Keith devient si probl\u00e9matique qu\u2019il se fait hospitaliser afin de suivre une cure de d\u00e9sintox dans une clinique suisse. D\u00e8s le printemps et la naissance de sa fille, Dandelion (qui se re-pr\u00e9nommera Angela d\u2019ailleurs), Richards se sent enfin assez bien pour rejoindre Mick et le reste du groupe \u00e0 Montreux, o\u00f9 ils commencent \u00e0 r\u00e9p\u00e9ter pour une \u00e9norme s\u00e9rie de concerts en Am\u00e9rique du Nord. Concerts qui co\u00efncideront parfaitement d\u2019ailleurs avec la sortie d\u2019<i>Exile&nbsp;<\/i>\u00e0 la fin mai 1972. <\/span><span class=\"s1\">La tourn\u00e9e sera lanc\u00e9e d\u00e9but juin \u00e0 Vancouver, au Canada, et se terminera avec trois dates au Madison Square Garden, \u00e0 New York, \u00e0 la fin du mois de juillet.<\/span><\/p>\n<p class=\"p3\"><span class=\"s1\">Les Stones donneront en tout 51 concerts qui rapporteront pas moins de quatre millions de dollars, ce qui en fera la tourn\u00e9e la plus rentable de l\u2019Histoire du rock. Cette fameuse tourn\u00e9e de 72 passera \u00e0 la post\u00e9rit\u00e9 pour ses concerts exceptionnels et pour l\u2019ambiance orgiaque des coulisses, sorte de prolongement des d\u00e9lires de la Villa Nellc\u00f4te. Cette tourn\u00e9e-d\u00e9fouloir de deux mois permettra tout de m\u00eame aux Stones d\u2019\u00e9tablir le m\u00e8tre-\u00e9talon de la d\u00e9bauche pour rock-stars. Habill\u00e9 de combinaisons moulantes assorties de foulards, ceintures et autres bracelets, et outrageusement maquill\u00e9 et les cheveux saupoudr\u00e9s de paillettes, Mick joue \u00e0 fond son r\u00f4le de Jumpin\u2019Jack Flash&nbsp;; aussi les journalistes charg\u00e9s de raconter ces concerts ne manqueront de superlatifs pour d\u00e9crire les performances exceptionnelles du chanteur.<\/span><\/p>\n<p>[embedded content]<\/p>\n<p>Retrouvez l\u2019int\u00e9gralit\u00e9 de cet article dans notre nouvel hors-s\u00e9rie consacr\u00e9 aux Rolling Stones, actuellement chez votre marchand de journaux. Ou dispo par <a href=\"https:\/\/boutique.rollingstone.fr\" target=\"_blank\" rel=\"noopener nofollow\">ici<\/a>.<\/p>\n<p><strong><i>Des livres-photos incontournables sous forme de&nbsp;t\u00e9moignage &nbsp;visuel &nbsp;ont \u00e9t\u00e9 publi\u00e9 par le photographe Dominique Tarl\u00e9, o\u00f9 il raconte visuellement le making of d\u2019&nbsp;Exile On Main Street, \u00e0 la Villa Nellcote o\u00f9 il a s\u00e9journ\u00e9 six mois, avant que les&nbsp;Stones ne s\u2019envolent pour Los Angeles pour les derni\u00e8res captations.&nbsp;<\/i><\/strong><\/p>\n<p>Dominique Tarl\u00e9 expose ses \u0153uvres \u00e0 la Galerie de l\u2019Instant, 46, Rue De Poitou, 75003 Paris et pendant l\u2019\u00e9t\u00e9, retrouvez ses photos jusqu\u2019au 2 octobre 2022&nbsp; \u00e0 la Galerie de Nice, 58 rue Gioffredo.<\/p>\n<p><strong>La Villa, The Rolling Stones 1971,<\/strong> par Dominique Tarl\u00e9, le livre format 33-tours regroupant les clich\u00e9s pris par le photographe, est disponible <a href=\"https:\/\/www.lagaleriedelinstant.com\/shop\/fr\/livres\/163-la-villa-the-rolling-stones-1971-dominique-tarle.html\" target=\"_blank\" rel=\"noopener nofollow\">ici<\/a>.<\/p>\n<p>D\u2019autres ouvrages de Dominique Tarl\u00e9 sont aussi disponibles <a href=\"https:\/\/www.lagaleriedelinstant.com\/shop\/fr\/livres\/27-exile-dominique-tarle.html\" target=\"_blank\" rel=\"noopener nofollow\">ici<\/a><\/p>\n<p><img loading=\"lazy\" decoding=\"async\" class=\"size-medium wp-image-118405 aligncenter\" src=\"https:\/\/www.festivox.fr\/blog\/wp-content\/uploads\/2023\/07\/charlie-watts-all-that-jazz-1.jpg\" alt width=\"300\" height=\"300\"><\/p>\n<hr>\n<p><em>Belkacem Bahlouli<\/em><\/p>\n<p> Cet article, qui traite du th\u00e8me \u00ab\u00a0Festival Jazz et musique en mode guinguette\u00a0\u00bb, vous est d\u00e9lib\u00e9r\u00e9ment offert par festivox.fr. La raison d\u2019\u00eatre de festivox.fr est de parler de Festival Jazz et musique en mode guinguette dans la transparence la plus g\u00e9n\u00e9rale en vous procurant la visibilit\u00e9 de tout ce qui est publi\u00e9 sur ce sujet sur le web La chronique a \u00e9t\u00e9 g\u00e9n\u00e9r\u00e9e de la mani\u00e8re la plus honn\u00eate que possible. S\u2019il advenait que vous projetez d\u2019apporter quelques notes concernant le domaine de \u00ab\u00a0Festival Jazz et musique en mode guinguette\u00a0\u00bb vous avez la possibilit\u00e9 de d&rsquo;\u00e9changer avec notre r\u00e9daction. Dans peu de temps, on mettra en ligne d&rsquo;autres informations pertinentes autour du sujet \u00ab\u00a0Festival Jazz et musique en mode guinguette\u00a0\u00bb. Ainsi, consultez r\u00e9guli\u00e8rement notre site.<\/p>\n","protected":false},"excerpt":{"rendered":"<p>Plongez dans le making of de l\u2019album de toutes les d\u00e9mesures sign\u00e9 les Rolling Stones : le bien-nomm\u00e9 Exile on Main Street. Le double album culte, sorti en 1972, c\u00e9l\u00e8bre cette ann\u00e9e ses 50 ans. Flashback et visite de la Villa Nellc\u00f4te \u00e0 Villefranche-sur-Mer, o\u00f9 se sont d\u00e9roul\u00e9es les premi\u00e8res s\u00e9ances sous l\u2019objectif du photographe&hellip;<\/p>\n","protected":false},"author":1,"featured_media":218,"comment_status":"closed","ping_status":"closed","sticky":false,"template":"","format":"standard","meta":{"footnotes":""},"categories":[3],"tags":[],"class_list":["post-217","post","type-post","status-publish","format-standard","has-post-thumbnail","hentry","category-wiki-sur-festival-jazz-et-musique-en-mode-guinguette"],"yoast_head":"<!-- This site is optimized with the Yoast SEO plugin v27.5 - https:\/\/yoast.com\/product\/yoast-seo-wordpress\/ -->\n<title>Charlie Watts : all that jazz - FESTIVOX<\/title>\n<meta name=\"robots\" content=\"index, follow, max-snippet:-1, max-image-preview:large, max-video-preview:-1\" \/>\n<link rel=\"canonical\" href=\"https:\/\/www.festivox.fr\/blog\/charlie-watts-all-that-jazz\/\" \/>\n<meta property=\"og:locale\" content=\"fr_FR\" \/>\n<meta property=\"og:type\" content=\"article\" \/>\n<meta property=\"og:title\" content=\"Charlie Watts : all that jazz - FESTIVOX\" \/>\n<meta property=\"og:description\" content=\"Plongez dans le making of de l\u2019album de toutes les d\u00e9mesures sign\u00e9 les Rolling Stones : le bien-nomm\u00e9 Exile on Main Street. Le double album culte, sorti en 1972, c\u00e9l\u00e8bre cette ann\u00e9e ses 50 ans. Flashback et visite de la Villa Nellc\u00f4te \u00e0 Villefranche-sur-Mer, o\u00f9 se sont d\u00e9roul\u00e9es les premi\u00e8res s\u00e9ances sous l\u2019objectif du photographe&hellip;\" \/>\n<meta property=\"og:url\" content=\"https:\/\/www.festivox.fr\/blog\/charlie-watts-all-that-jazz\/\" \/>\n<meta property=\"og:site_name\" content=\"FESTIVOX\" \/>\n<meta property=\"article:published_time\" content=\"2023-06-30T07:39:00+00:00\" \/>\n<meta property=\"og:image\" content=\"https:\/\/www.festivox.fr\/blog\/wp-content\/uploads\/2023\/07\/charlie-watts-all-that-jazz.jpg\" \/>\n<meta name=\"author\" content=\"Michele\" \/>\n<meta name=\"twitter:card\" content=\"summary_large_image\" \/>\n<meta name=\"twitter:label1\" content=\"\u00c9crit par\" \/>\n\t<meta name=\"twitter:data1\" content=\"Michele\" \/>\n\t<meta name=\"twitter:label2\" content=\"Dur\u00e9e de lecture estim\u00e9e\" \/>\n\t<meta name=\"twitter:data2\" content=\"13 minutes\" \/>\n<script type=\"application\/ld+json\" class=\"yoast-schema-graph\">{\"@context\":\"https:\\\/\\\/schema.org\",\"@graph\":[{\"@type\":\"Article\",\"@id\":\"https:\\\/\\\/www.festivox.fr\\\/blog\\\/charlie-watts-all-that-jazz\\\/#article\",\"isPartOf\":{\"@id\":\"https:\\\/\\\/www.festivox.fr\\\/blog\\\/charlie-watts-all-that-jazz\\\/\"},\"author\":{\"name\":\"Michele\",\"@id\":\"https:\\\/\\\/www.festivox.fr\\\/blog\\\/#\\\/schema\\\/person\\\/f36a8b6bc94800c3eafed4bca993ce95\"},\"headline\":\"Charlie Watts : all that jazz\",\"datePublished\":\"2023-06-30T07:39:00+00:00\",\"mainEntityOfPage\":{\"@id\":\"https:\\\/\\\/www.festivox.fr\\\/blog\\\/charlie-watts-all-that-jazz\\\/\"},\"wordCount\":2617,\"publisher\":{\"@id\":\"https:\\\/\\\/www.festivox.fr\\\/blog\\\/#organization\"},\"image\":{\"@id\":\"https:\\\/\\\/www.festivox.fr\\\/blog\\\/charlie-watts-all-that-jazz\\\/#primaryimage\"},\"thumbnailUrl\":\"https:\\\/\\\/www.festivox.fr\\\/blog\\\/wp-content\\\/uploads\\\/2023\\\/07\\\/charlie-watts-all-that-jazz.jpg\",\"articleSection\":[\"Wiki Sur Festival Jazz Et Musique En Mode Guinguette:\"],\"inLanguage\":\"fr-FR\"},{\"@type\":\"WebPage\",\"@id\":\"https:\\\/\\\/www.festivox.fr\\\/blog\\\/charlie-watts-all-that-jazz\\\/\",\"url\":\"https:\\\/\\\/www.festivox.fr\\\/blog\\\/charlie-watts-all-that-jazz\\\/\",\"name\":\"Charlie Watts : all that jazz - FESTIVOX\",\"isPartOf\":{\"@id\":\"https:\\\/\\\/www.festivox.fr\\\/blog\\\/#website\"},\"primaryImageOfPage\":{\"@id\":\"https:\\\/\\\/www.festivox.fr\\\/blog\\\/charlie-watts-all-that-jazz\\\/#primaryimage\"},\"image\":{\"@id\":\"https:\\\/\\\/www.festivox.fr\\\/blog\\\/charlie-watts-all-that-jazz\\\/#primaryimage\"},\"thumbnailUrl\":\"https:\\\/\\\/www.festivox.fr\\\/blog\\\/wp-content\\\/uploads\\\/2023\\\/07\\\/charlie-watts-all-that-jazz.jpg\",\"datePublished\":\"2023-06-30T07:39:00+00:00\",\"breadcrumb\":{\"@id\":\"https:\\\/\\\/www.festivox.fr\\\/blog\\\/charlie-watts-all-that-jazz\\\/#breadcrumb\"},\"inLanguage\":\"fr-FR\",\"potentialAction\":[{\"@type\":\"ReadAction\",\"target\":[\"https:\\\/\\\/www.festivox.fr\\\/blog\\\/charlie-watts-all-that-jazz\\\/\"]}]},{\"@type\":\"ImageObject\",\"inLanguage\":\"fr-FR\",\"@id\":\"https:\\\/\\\/www.festivox.fr\\\/blog\\\/charlie-watts-all-that-jazz\\\/#primaryimage\",\"url\":\"https:\\\/\\\/www.festivox.fr\\\/blog\\\/wp-content\\\/uploads\\\/2023\\\/07\\\/charlie-watts-all-that-jazz.jpg\",\"contentUrl\":\"https:\\\/\\\/www.festivox.fr\\\/blog\\\/wp-content\\\/uploads\\\/2023\\\/07\\\/charlie-watts-all-that-jazz.jpg\",\"width\":1000,\"height\":560},{\"@type\":\"BreadcrumbList\",\"@id\":\"https:\\\/\\\/www.festivox.fr\\\/blog\\\/charlie-watts-all-that-jazz\\\/#breadcrumb\",\"itemListElement\":[{\"@type\":\"ListItem\",\"position\":1,\"name\":\"Accueil\",\"item\":\"https:\\\/\\\/www.festivox.fr\\\/blog\\\/\"},{\"@type\":\"ListItem\",\"position\":2,\"name\":\"Charlie Watts : all that jazz\"}]},{\"@type\":\"WebSite\",\"@id\":\"https:\\\/\\\/www.festivox.fr\\\/blog\\\/#website\",\"url\":\"https:\\\/\\\/www.festivox.fr\\\/blog\\\/\",\"name\":\"FESTIVOX\",\"description\":\"Festival en mode guinguette.\",\"publisher\":{\"@id\":\"https:\\\/\\\/www.festivox.fr\\\/blog\\\/#organization\"},\"potentialAction\":[{\"@type\":\"SearchAction\",\"target\":{\"@type\":\"EntryPoint\",\"urlTemplate\":\"https:\\\/\\\/www.festivox.fr\\\/blog\\\/?s={search_term_string}\"},\"query-input\":{\"@type\":\"PropertyValueSpecification\",\"valueRequired\":true,\"valueName\":\"search_term_string\"}}],\"inLanguage\":\"fr-FR\"},{\"@type\":\"Organization\",\"@id\":\"https:\\\/\\\/www.festivox.fr\\\/blog\\\/#organization\",\"name\":\"festivox\",\"url\":\"https:\\\/\\\/www.festivox.fr\\\/blog\\\/\",\"logo\":{\"@type\":\"ImageObject\",\"inLanguage\":\"fr-FR\",\"@id\":\"https:\\\/\\\/www.festivox.fr\\\/blog\\\/#\\\/schema\\\/logo\\\/image\\\/\",\"url\":\"https:\\\/\\\/www.festivox.fr\\\/blog\\\/wp-content\\\/uploads\\\/2023\\\/06\\\/logo-2.png\",\"contentUrl\":\"https:\\\/\\\/www.festivox.fr\\\/blog\\\/wp-content\\\/uploads\\\/2023\\\/06\\\/logo-2.png\",\"width\":480,\"height\":160,\"caption\":\"festivox\"},\"image\":{\"@id\":\"https:\\\/\\\/www.festivox.fr\\\/blog\\\/#\\\/schema\\\/logo\\\/image\\\/\"}},{\"@type\":\"Person\",\"@id\":\"https:\\\/\\\/www.festivox.fr\\\/blog\\\/#\\\/schema\\\/person\\\/f36a8b6bc94800c3eafed4bca993ce95\",\"name\":\"Michele\",\"image\":{\"@type\":\"ImageObject\",\"inLanguage\":\"fr-FR\",\"@id\":\"https:\\\/\\\/secure.gravatar.com\\\/avatar\\\/b062046536b5d47ec9075956ec349ef95ed06b0f910c578f74abb318668b702e?s=96&d=mm&r=g\",\"url\":\"https:\\\/\\\/secure.gravatar.com\\\/avatar\\\/b062046536b5d47ec9075956ec349ef95ed06b0f910c578f74abb318668b702e?s=96&d=mm&r=g\",\"contentUrl\":\"https:\\\/\\\/secure.gravatar.com\\\/avatar\\\/b062046536b5d47ec9075956ec349ef95ed06b0f910c578f74abb318668b702e?s=96&d=mm&r=g\",\"caption\":\"Michele\"},\"sameAs\":[\"https:\\\/\\\/www.festivox.fr\\\/blog\"],\"url\":\"https:\\\/\\\/www.festivox.fr\\\/blog\\\/author\\\/voxadmin\\\/\"}]}<\/script>\n<!-- \/ Yoast SEO plugin. -->","yoast_head_json":{"title":"Charlie Watts : all that jazz - FESTIVOX","robots":{"index":"index","follow":"follow","max-snippet":"max-snippet:-1","max-image-preview":"max-image-preview:large","max-video-preview":"max-video-preview:-1"},"canonical":"https:\/\/www.festivox.fr\/blog\/charlie-watts-all-that-jazz\/","og_locale":"fr_FR","og_type":"article","og_title":"Charlie Watts : all that jazz - FESTIVOX","og_description":"Plongez dans le making of de l\u2019album de toutes les d\u00e9mesures sign\u00e9 les Rolling Stones : le bien-nomm\u00e9 Exile on Main Street. Le double album culte, sorti en 1972, c\u00e9l\u00e8bre cette ann\u00e9e ses 50 ans. Flashback et visite de la Villa Nellc\u00f4te \u00e0 Villefranche-sur-Mer, o\u00f9 se sont d\u00e9roul\u00e9es les premi\u00e8res s\u00e9ances sous l\u2019objectif du photographe&hellip;","og_url":"https:\/\/www.festivox.fr\/blog\/charlie-watts-all-that-jazz\/","og_site_name":"FESTIVOX","article_published_time":"2023-06-30T07:39:00+00:00","og_image":[{"url":"https:\/\/www.festivox.fr\/blog\/wp-content\/uploads\/2023\/07\/charlie-watts-all-that-jazz.jpg","type":"","width":"","height":""}],"author":"Michele","twitter_card":"summary_large_image","twitter_misc":{"\u00c9crit par":"Michele","Dur\u00e9e de lecture estim\u00e9e":"13 minutes"},"schema":{"@context":"https:\/\/schema.org","@graph":[{"@type":"Article","@id":"https:\/\/www.festivox.fr\/blog\/charlie-watts-all-that-jazz\/#article","isPartOf":{"@id":"https:\/\/www.festivox.fr\/blog\/charlie-watts-all-that-jazz\/"},"author":{"name":"Michele","@id":"https:\/\/www.festivox.fr\/blog\/#\/schema\/person\/f36a8b6bc94800c3eafed4bca993ce95"},"headline":"Charlie Watts : all that jazz","datePublished":"2023-06-30T07:39:00+00:00","mainEntityOfPage":{"@id":"https:\/\/www.festivox.fr\/blog\/charlie-watts-all-that-jazz\/"},"wordCount":2617,"publisher":{"@id":"https:\/\/www.festivox.fr\/blog\/#organization"},"image":{"@id":"https:\/\/www.festivox.fr\/blog\/charlie-watts-all-that-jazz\/#primaryimage"},"thumbnailUrl":"https:\/\/www.festivox.fr\/blog\/wp-content\/uploads\/2023\/07\/charlie-watts-all-that-jazz.jpg","articleSection":["Wiki Sur Festival Jazz Et Musique En Mode Guinguette:"],"inLanguage":"fr-FR"},{"@type":"WebPage","@id":"https:\/\/www.festivox.fr\/blog\/charlie-watts-all-that-jazz\/","url":"https:\/\/www.festivox.fr\/blog\/charlie-watts-all-that-jazz\/","name":"Charlie Watts : all that jazz - FESTIVOX","isPartOf":{"@id":"https:\/\/www.festivox.fr\/blog\/#website"},"primaryImageOfPage":{"@id":"https:\/\/www.festivox.fr\/blog\/charlie-watts-all-that-jazz\/#primaryimage"},"image":{"@id":"https:\/\/www.festivox.fr\/blog\/charlie-watts-all-that-jazz\/#primaryimage"},"thumbnailUrl":"https:\/\/www.festivox.fr\/blog\/wp-content\/uploads\/2023\/07\/charlie-watts-all-that-jazz.jpg","datePublished":"2023-06-30T07:39:00+00:00","breadcrumb":{"@id":"https:\/\/www.festivox.fr\/blog\/charlie-watts-all-that-jazz\/#breadcrumb"},"inLanguage":"fr-FR","potentialAction":[{"@type":"ReadAction","target":["https:\/\/www.festivox.fr\/blog\/charlie-watts-all-that-jazz\/"]}]},{"@type":"ImageObject","inLanguage":"fr-FR","@id":"https:\/\/www.festivox.fr\/blog\/charlie-watts-all-that-jazz\/#primaryimage","url":"https:\/\/www.festivox.fr\/blog\/wp-content\/uploads\/2023\/07\/charlie-watts-all-that-jazz.jpg","contentUrl":"https:\/\/www.festivox.fr\/blog\/wp-content\/uploads\/2023\/07\/charlie-watts-all-that-jazz.jpg","width":1000,"height":560},{"@type":"BreadcrumbList","@id":"https:\/\/www.festivox.fr\/blog\/charlie-watts-all-that-jazz\/#breadcrumb","itemListElement":[{"@type":"ListItem","position":1,"name":"Accueil","item":"https:\/\/www.festivox.fr\/blog\/"},{"@type":"ListItem","position":2,"name":"Charlie Watts : all that jazz"}]},{"@type":"WebSite","@id":"https:\/\/www.festivox.fr\/blog\/#website","url":"https:\/\/www.festivox.fr\/blog\/","name":"FESTIVOX","description":"Festival en mode guinguette.","publisher":{"@id":"https:\/\/www.festivox.fr\/blog\/#organization"},"potentialAction":[{"@type":"SearchAction","target":{"@type":"EntryPoint","urlTemplate":"https:\/\/www.festivox.fr\/blog\/?s={search_term_string}"},"query-input":{"@type":"PropertyValueSpecification","valueRequired":true,"valueName":"search_term_string"}}],"inLanguage":"fr-FR"},{"@type":"Organization","@id":"https:\/\/www.festivox.fr\/blog\/#organization","name":"festivox","url":"https:\/\/www.festivox.fr\/blog\/","logo":{"@type":"ImageObject","inLanguage":"fr-FR","@id":"https:\/\/www.festivox.fr\/blog\/#\/schema\/logo\/image\/","url":"https:\/\/www.festivox.fr\/blog\/wp-content\/uploads\/2023\/06\/logo-2.png","contentUrl":"https:\/\/www.festivox.fr\/blog\/wp-content\/uploads\/2023\/06\/logo-2.png","width":480,"height":160,"caption":"festivox"},"image":{"@id":"https:\/\/www.festivox.fr\/blog\/#\/schema\/logo\/image\/"}},{"@type":"Person","@id":"https:\/\/www.festivox.fr\/blog\/#\/schema\/person\/f36a8b6bc94800c3eafed4bca993ce95","name":"Michele","image":{"@type":"ImageObject","inLanguage":"fr-FR","@id":"https:\/\/secure.gravatar.com\/avatar\/b062046536b5d47ec9075956ec349ef95ed06b0f910c578f74abb318668b702e?s=96&d=mm&r=g","url":"https:\/\/secure.gravatar.com\/avatar\/b062046536b5d47ec9075956ec349ef95ed06b0f910c578f74abb318668b702e?s=96&d=mm&r=g","contentUrl":"https:\/\/secure.gravatar.com\/avatar\/b062046536b5d47ec9075956ec349ef95ed06b0f910c578f74abb318668b702e?s=96&d=mm&r=g","caption":"Michele"},"sameAs":["https:\/\/www.festivox.fr\/blog"],"url":"https:\/\/www.festivox.fr\/blog\/author\/voxadmin\/"}]}},"_links":{"self":[{"href":"https:\/\/www.festivox.fr\/blog\/wp-json\/wp\/v2\/posts\/217","targetHints":{"allow":["GET"]}}],"collection":[{"href":"https:\/\/www.festivox.fr\/blog\/wp-json\/wp\/v2\/posts"}],"about":[{"href":"https:\/\/www.festivox.fr\/blog\/wp-json\/wp\/v2\/types\/post"}],"author":[{"embeddable":true,"href":"https:\/\/www.festivox.fr\/blog\/wp-json\/wp\/v2\/users\/1"}],"replies":[{"embeddable":true,"href":"https:\/\/www.festivox.fr\/blog\/wp-json\/wp\/v2\/comments?post=217"}],"version-history":[{"count":0,"href":"https:\/\/www.festivox.fr\/blog\/wp-json\/wp\/v2\/posts\/217\/revisions"}],"wp:featuredmedia":[{"embeddable":true,"href":"https:\/\/www.festivox.fr\/blog\/wp-json\/wp\/v2\/media\/218"}],"wp:attachment":[{"href":"https:\/\/www.festivox.fr\/blog\/wp-json\/wp\/v2\/media?parent=217"}],"wp:term":[{"taxonomy":"category","embeddable":true,"href":"https:\/\/www.festivox.fr\/blog\/wp-json\/wp\/v2\/categories?post=217"},{"taxonomy":"post_tag","embeddable":true,"href":"https:\/\/www.festivox.fr\/blog\/wp-json\/wp\/v2\/tags?post=217"}],"curies":[{"name":"wp","href":"https:\/\/api.w.org\/{rel}","templated":true}]}}