{"id":215,"date":"2023-07-04T00:30:00","date_gmt":"2023-07-03T22:30:00","guid":{"rendered":"https:\/\/www.festivox.fr\/blog\/souillac-en-jazz-sur-le-pont-les-artistes\/"},"modified":"2023-07-04T00:30:00","modified_gmt":"2023-07-03T22:30:00","slug":"souillac-en-jazz-sur-le-pont-les-artistes","status":"publish","type":"post","link":"https:\/\/www.festivox.fr\/blog\/souillac-en-jazz-sur-le-pont-les-artistes\/","title":{"rendered":"Souillac en Jazz, sur le pont les artistes"},"content":{"rendered":"\n<div><img decoding=\"async\" src=\"https:\/\/www.festivox.fr\/blog\/wp-content\/uploads\/2023\/07\/souillac-en-jazz-sur-le-pont-les-artistes.jpg\" class=\"ff-og-image-inserted\"><\/div>\n<p>Robert Peyrillou, pr\u00e9sident de \u00ab\u00a0Souillac en Jazz\u00a0\u00bb a interview\u00e9 la saxophoniste G\u00e9raldine Laurent, voici quelques extraits :<\/p>\n<p><!-- Pub DFP Position [outstream] --> <\/p>\n<p class=\"txt-question\">Robert Peyrillou : Les grandes cheffes en cuisine re\u00e7oivent des \u00e9toiles, tu as re\u00e7u une Victoire du jazz en 2020 et tu es nomm\u00e9e cette ann\u00e9e ?<\/p>\n<p><!-- Pub DFP Position [article] --> <\/p>\n<p>G\u00e9raldine Laurent : \u00ab\u00a0La comparaison avec les \u00e9toil\u00e9s Michelin est flatteuse, mais je ne peux rester que tr\u00e8s humble face \u00e0 des grandes cheffes comme Anne-Sophie Pic, que j\u2019admire \u00e9norm\u00e9ment. Je suis effectivement toujours tr\u00e8s honor\u00e9e et tr\u00e8s touch\u00e9e d\u2019\u00eatre nomm\u00e9e aux Victoires du jazz et d\u2019avoir re\u00e7u en 2020 un prix pour l\u2019album de l\u2019ann\u00e9e. Ceci est le fruit d\u2019un travail collectif gr\u00e2ce aux musiciens merveilleux avec qui je travaille.<\/p>\n<p class=\"txt-question\">Comment composes-tu ? Parles nous aussi de ta brigade, Paul Lay, Yoni Zelnik, Donald Kontomanou.<\/p>\n<p>J\u2019ai essay\u00e9 de construire un r\u00e9pertoire constitu\u00e9 de petites histoires de \u00ab\u00a0cuisine\u00a0\u00bb, des th\u00e8mes propices \u00e0 l\u2019improvisation, et de m\u2019entourer de ma \u00ab\u00a0brigade\u00a0\u00bb pr\u00e9f\u00e9r\u00e9e ! Paul, Donald et Yoni. Nous avons des r\u00e9f\u00e9rences communes, nous sommes tous les quatre tr\u00e8s attach\u00e9s \u00e0 l\u2019acoustique, au swing, \u00e0 la danse, \u00e0 l\u2019interplay qui est indispensable pour jouer ensemble, interagir.<\/p>\n<p class=\"txt-question\">Quelle est l\u2019histoire de l\u2019invitation de M\u00e9d\u00e9ric Collignon ?<\/p>\n<p>C\u2019est un musicien tr\u00e8s talentueux, dou\u00e9, singulier, g\u00e9n\u00e9reux, au service de la musique et jouer avec lui est toujours inspirant, plein de surprises et donne de nouvelles couleurs au son et \u00e0 l\u2019\u00e9nergie du groupe.<\/p>\n<p class=\"txt-question\">Ton projet remonte \u00e0 l\u2019avant-covid, apr\u00e8s \u00ab\u00a0Cooking\u00a0\u00bb as-tu une nouvelle recette sur le feu ?<\/p>\n<p>Je suis toujours lente \u00e0 sortir de nouveaux disques ! Car j\u2019aime \u00e9galement travailler en sidewoman, jouer la musique des autres. Mais j\u2019ai quelques projets sur le feu, notamment un duo avec le merveilleux Paul Lay \u00ab\u00a0We love Jobim\u00a0\u00bb .<\/p>\n<p>G\u00e9raldine Laurent, son quartet et M\u00e9d\u00e9ric Collignon seront sur la place P. Betz le jeudi 20 juillet \u00e0 21 h 15.<\/p>\n<p> Cet article, qui traite du th\u00e8me \u00ab\u00a0Festival Jazz et musique en mode guinguette\u00a0\u00bb, vous est d\u00e9lib\u00e9r\u00e9ment offert par festivox.fr. La raison d\u2019\u00eatre de festivox.fr est de parler de Festival Jazz et musique en mode guinguette dans la transparence la plus g\u00e9n\u00e9rale en vous procurant la visibilit\u00e9 de tout ce qui est publi\u00e9 sur ce sujet sur le web La chronique a \u00e9t\u00e9 g\u00e9n\u00e9r\u00e9e de la mani\u00e8re la plus honn\u00eate que possible. S\u2019il advenait que vous projetez d\u2019apporter quelques notes concernant le domaine de \u00ab\u00a0Festival Jazz et musique en mode guinguette\u00a0\u00bb vous avez la possibilit\u00e9 de d&rsquo;\u00e9changer avec notre r\u00e9daction. Dans peu de temps, on mettra en ligne d&rsquo;autres informations pertinentes autour du sujet \u00ab\u00a0Festival Jazz et musique en mode guinguette\u00a0\u00bb. Ainsi, consultez r\u00e9guli\u00e8rement notre site.<\/p>\n","protected":false},"excerpt":{"rendered":"<p>Robert Peyrillou, pr\u00e9sident de \u00ab\u00a0Souillac en Jazz\u00a0\u00bb a interview\u00e9 la saxophoniste G\u00e9raldine Laurent, voici quelques extraits : Robert Peyrillou : Les grandes cheffes en cuisine re\u00e7oivent des \u00e9toiles, tu as re\u00e7u une Victoire du jazz en 2020 et tu es nomm\u00e9e cette ann\u00e9e ? G\u00e9raldine Laurent : \u00ab\u00a0La comparaison avec les \u00e9toil\u00e9s Michelin est flatteuse,&hellip;<\/p>\n","protected":false},"author":1,"featured_media":216,"comment_status":"closed","ping_status":"closed","sticky":false,"template":"","format":"standard","meta":{"footnotes":""},"categories":[3],"tags":[],"class_list":["post-215","post","type-post","status-publish","format-standard","has-post-thumbnail","hentry","category-wiki-sur-festival-jazz-et-musique-en-mode-guinguette"],"yoast_head":"<!-- This site is optimized with the Yoast SEO plugin v27.5 - https:\/\/yoast.com\/product\/yoast-seo-wordpress\/ -->\n<title>Souillac en Jazz, sur le pont les artistes - FESTIVOX<\/title>\n<meta name=\"robots\" content=\"index, follow, max-snippet:-1, max-image-preview:large, max-video-preview:-1\" \/>\n<link rel=\"canonical\" href=\"https:\/\/www.festivox.fr\/blog\/souillac-en-jazz-sur-le-pont-les-artistes\/\" \/>\n<meta property=\"og:locale\" content=\"fr_FR\" \/>\n<meta property=\"og:type\" content=\"article\" \/>\n<meta property=\"og:title\" content=\"Souillac en Jazz, sur le pont les artistes - FESTIVOX\" \/>\n<meta property=\"og:description\" content=\"Robert Peyrillou, pr\u00e9sident de \u00ab\u00a0Souillac en Jazz\u00a0\u00bb a interview\u00e9 la saxophoniste G\u00e9raldine Laurent, voici quelques extraits : Robert Peyrillou : Les grandes cheffes en cuisine re\u00e7oivent des \u00e9toiles, tu as re\u00e7u une Victoire du jazz en 2020 et tu es nomm\u00e9e cette ann\u00e9e ? G\u00e9raldine Laurent : \u00ab\u00a0La comparaison avec les \u00e9toil\u00e9s Michelin est flatteuse,&hellip;\" \/>\n<meta property=\"og:url\" content=\"https:\/\/www.festivox.fr\/blog\/souillac-en-jazz-sur-le-pont-les-artistes\/\" \/>\n<meta property=\"og:site_name\" content=\"FESTIVOX\" \/>\n<meta property=\"article:published_time\" content=\"2023-07-03T22:30:00+00:00\" \/>\n<meta property=\"og:image\" content=\"https:\/\/www.festivox.fr\/blog\/wp-content\/uploads\/2023\/07\/souillac-en-jazz-sur-le-pont-les-artistes.jpg\" \/>\n<meta name=\"author\" content=\"Michele\" \/>\n<meta name=\"twitter:card\" content=\"summary_large_image\" \/>\n<meta name=\"twitter:label1\" content=\"\u00c9crit par\" \/>\n\t<meta name=\"twitter:data1\" content=\"Michele\" \/>\n\t<meta name=\"twitter:label2\" content=\"Dur\u00e9e de lecture estim\u00e9e\" \/>\n\t<meta name=\"twitter:data2\" content=\"2 minutes\" \/>\n<script type=\"application\/ld+json\" class=\"yoast-schema-graph\">{\"@context\":\"https:\\\/\\\/schema.org\",\"@graph\":[{\"@type\":\"Article\",\"@id\":\"https:\\\/\\\/www.festivox.fr\\\/blog\\\/souillac-en-jazz-sur-le-pont-les-artistes\\\/#article\",\"isPartOf\":{\"@id\":\"https:\\\/\\\/www.festivox.fr\\\/blog\\\/souillac-en-jazz-sur-le-pont-les-artistes\\\/\"},\"author\":{\"name\":\"Michele\",\"@id\":\"https:\\\/\\\/www.festivox.fr\\\/blog\\\/#\\\/schema\\\/person\\\/f36a8b6bc94800c3eafed4bca993ce95\"},\"headline\":\"Souillac en Jazz, sur le pont les artistes\",\"datePublished\":\"2023-07-03T22:30:00+00:00\",\"mainEntityOfPage\":{\"@id\":\"https:\\\/\\\/www.festivox.fr\\\/blog\\\/souillac-en-jazz-sur-le-pont-les-artistes\\\/\"},\"wordCount\":490,\"publisher\":{\"@id\":\"https:\\\/\\\/www.festivox.fr\\\/blog\\\/#organization\"},\"image\":{\"@id\":\"https:\\\/\\\/www.festivox.fr\\\/blog\\\/souillac-en-jazz-sur-le-pont-les-artistes\\\/#primaryimage\"},\"thumbnailUrl\":\"https:\\\/\\\/www.festivox.fr\\\/blog\\\/wp-content\\\/uploads\\\/2023\\\/07\\\/souillac-en-jazz-sur-le-pont-les-artistes.jpg\",\"articleSection\":[\"Wiki Sur Festival Jazz Et Musique En Mode Guinguette:\"],\"inLanguage\":\"fr-FR\"},{\"@type\":\"WebPage\",\"@id\":\"https:\\\/\\\/www.festivox.fr\\\/blog\\\/souillac-en-jazz-sur-le-pont-les-artistes\\\/\",\"url\":\"https:\\\/\\\/www.festivox.fr\\\/blog\\\/souillac-en-jazz-sur-le-pont-les-artistes\\\/\",\"name\":\"Souillac en Jazz, sur le pont les artistes - FESTIVOX\",\"isPartOf\":{\"@id\":\"https:\\\/\\\/www.festivox.fr\\\/blog\\\/#website\"},\"primaryImageOfPage\":{\"@id\":\"https:\\\/\\\/www.festivox.fr\\\/blog\\\/souillac-en-jazz-sur-le-pont-les-artistes\\\/#primaryimage\"},\"image\":{\"@id\":\"https:\\\/\\\/www.festivox.fr\\\/blog\\\/souillac-en-jazz-sur-le-pont-les-artistes\\\/#primaryimage\"},\"thumbnailUrl\":\"https:\\\/\\\/www.festivox.fr\\\/blog\\\/wp-content\\\/uploads\\\/2023\\\/07\\\/souillac-en-jazz-sur-le-pont-les-artistes.jpg\",\"datePublished\":\"2023-07-03T22:30:00+00:00\",\"breadcrumb\":{\"@id\":\"https:\\\/\\\/www.festivox.fr\\\/blog\\\/souillac-en-jazz-sur-le-pont-les-artistes\\\/#breadcrumb\"},\"inLanguage\":\"fr-FR\",\"potentialAction\":[{\"@type\":\"ReadAction\",\"target\":[\"https:\\\/\\\/www.festivox.fr\\\/blog\\\/souillac-en-jazz-sur-le-pont-les-artistes\\\/\"]}]},{\"@type\":\"ImageObject\",\"inLanguage\":\"fr-FR\",\"@id\":\"https:\\\/\\\/www.festivox.fr\\\/blog\\\/souillac-en-jazz-sur-le-pont-les-artistes\\\/#primaryimage\",\"url\":\"https:\\\/\\\/www.festivox.fr\\\/blog\\\/wp-content\\\/uploads\\\/2023\\\/07\\\/souillac-en-jazz-sur-le-pont-les-artistes.jpg\",\"contentUrl\":\"https:\\\/\\\/www.festivox.fr\\\/blog\\\/wp-content\\\/uploads\\\/2023\\\/07\\\/souillac-en-jazz-sur-le-pont-les-artistes.jpg\",\"width\":885,\"height\":500},{\"@type\":\"BreadcrumbList\",\"@id\":\"https:\\\/\\\/www.festivox.fr\\\/blog\\\/souillac-en-jazz-sur-le-pont-les-artistes\\\/#breadcrumb\",\"itemListElement\":[{\"@type\":\"ListItem\",\"position\":1,\"name\":\"Accueil\",\"item\":\"https:\\\/\\\/www.festivox.fr\\\/blog\\\/\"},{\"@type\":\"ListItem\",\"position\":2,\"name\":\"Souillac en Jazz, sur le pont les artistes\"}]},{\"@type\":\"WebSite\",\"@id\":\"https:\\\/\\\/www.festivox.fr\\\/blog\\\/#website\",\"url\":\"https:\\\/\\\/www.festivox.fr\\\/blog\\\/\",\"name\":\"FESTIVOX\",\"description\":\"Festival en mode guinguette.\",\"publisher\":{\"@id\":\"https:\\\/\\\/www.festivox.fr\\\/blog\\\/#organization\"},\"potentialAction\":[{\"@type\":\"SearchAction\",\"target\":{\"@type\":\"EntryPoint\",\"urlTemplate\":\"https:\\\/\\\/www.festivox.fr\\\/blog\\\/?s={search_term_string}\"},\"query-input\":{\"@type\":\"PropertyValueSpecification\",\"valueRequired\":true,\"valueName\":\"search_term_string\"}}],\"inLanguage\":\"fr-FR\"},{\"@type\":\"Organization\",\"@id\":\"https:\\\/\\\/www.festivox.fr\\\/blog\\\/#organization\",\"name\":\"festivox\",\"url\":\"https:\\\/\\\/www.festivox.fr\\\/blog\\\/\",\"logo\":{\"@type\":\"ImageObject\",\"inLanguage\":\"fr-FR\",\"@id\":\"https:\\\/\\\/www.festivox.fr\\\/blog\\\/#\\\/schema\\\/logo\\\/image\\\/\",\"url\":\"https:\\\/\\\/www.festivox.fr\\\/blog\\\/wp-content\\\/uploads\\\/2023\\\/06\\\/logo-2.png\",\"contentUrl\":\"https:\\\/\\\/www.festivox.fr\\\/blog\\\/wp-content\\\/uploads\\\/2023\\\/06\\\/logo-2.png\",\"width\":480,\"height\":160,\"caption\":\"festivox\"},\"image\":{\"@id\":\"https:\\\/\\\/www.festivox.fr\\\/blog\\\/#\\\/schema\\\/logo\\\/image\\\/\"}},{\"@type\":\"Person\",\"@id\":\"https:\\\/\\\/www.festivox.fr\\\/blog\\\/#\\\/schema\\\/person\\\/f36a8b6bc94800c3eafed4bca993ce95\",\"name\":\"Michele\",\"image\":{\"@type\":\"ImageObject\",\"inLanguage\":\"fr-FR\",\"@id\":\"https:\\\/\\\/secure.gravatar.com\\\/avatar\\\/b062046536b5d47ec9075956ec349ef95ed06b0f910c578f74abb318668b702e?s=96&d=mm&r=g\",\"url\":\"https:\\\/\\\/secure.gravatar.com\\\/avatar\\\/b062046536b5d47ec9075956ec349ef95ed06b0f910c578f74abb318668b702e?s=96&d=mm&r=g\",\"contentUrl\":\"https:\\\/\\\/secure.gravatar.com\\\/avatar\\\/b062046536b5d47ec9075956ec349ef95ed06b0f910c578f74abb318668b702e?s=96&d=mm&r=g\",\"caption\":\"Michele\"},\"sameAs\":[\"https:\\\/\\\/www.festivox.fr\\\/blog\"],\"url\":\"https:\\\/\\\/www.festivox.fr\\\/blog\\\/author\\\/voxadmin\\\/\"}]}<\/script>\n<!-- \/ Yoast SEO plugin. -->","yoast_head_json":{"title":"Souillac en Jazz, sur le pont les artistes - FESTIVOX","robots":{"index":"index","follow":"follow","max-snippet":"max-snippet:-1","max-image-preview":"max-image-preview:large","max-video-preview":"max-video-preview:-1"},"canonical":"https:\/\/www.festivox.fr\/blog\/souillac-en-jazz-sur-le-pont-les-artistes\/","og_locale":"fr_FR","og_type":"article","og_title":"Souillac en Jazz, sur le pont les artistes - FESTIVOX","og_description":"Robert Peyrillou, pr\u00e9sident de \u00ab\u00a0Souillac en Jazz\u00a0\u00bb a interview\u00e9 la saxophoniste G\u00e9raldine Laurent, voici quelques extraits : Robert Peyrillou : Les grandes cheffes en cuisine re\u00e7oivent des \u00e9toiles, tu as re\u00e7u une Victoire du jazz en 2020 et tu es nomm\u00e9e cette ann\u00e9e ? G\u00e9raldine Laurent : \u00ab\u00a0La comparaison avec les \u00e9toil\u00e9s Michelin est flatteuse,&hellip;","og_url":"https:\/\/www.festivox.fr\/blog\/souillac-en-jazz-sur-le-pont-les-artistes\/","og_site_name":"FESTIVOX","article_published_time":"2023-07-03T22:30:00+00:00","og_image":[{"url":"https:\/\/www.festivox.fr\/blog\/wp-content\/uploads\/2023\/07\/souillac-en-jazz-sur-le-pont-les-artistes.jpg","type":"","width":"","height":""}],"author":"Michele","twitter_card":"summary_large_image","twitter_misc":{"\u00c9crit par":"Michele","Dur\u00e9e de lecture estim\u00e9e":"2 minutes"},"schema":{"@context":"https:\/\/schema.org","@graph":[{"@type":"Article","@id":"https:\/\/www.festivox.fr\/blog\/souillac-en-jazz-sur-le-pont-les-artistes\/#article","isPartOf":{"@id":"https:\/\/www.festivox.fr\/blog\/souillac-en-jazz-sur-le-pont-les-artistes\/"},"author":{"name":"Michele","@id":"https:\/\/www.festivox.fr\/blog\/#\/schema\/person\/f36a8b6bc94800c3eafed4bca993ce95"},"headline":"Souillac en Jazz, sur le pont les artistes","datePublished":"2023-07-03T22:30:00+00:00","mainEntityOfPage":{"@id":"https:\/\/www.festivox.fr\/blog\/souillac-en-jazz-sur-le-pont-les-artistes\/"},"wordCount":490,"publisher":{"@id":"https:\/\/www.festivox.fr\/blog\/#organization"},"image":{"@id":"https:\/\/www.festivox.fr\/blog\/souillac-en-jazz-sur-le-pont-les-artistes\/#primaryimage"},"thumbnailUrl":"https:\/\/www.festivox.fr\/blog\/wp-content\/uploads\/2023\/07\/souillac-en-jazz-sur-le-pont-les-artistes.jpg","articleSection":["Wiki Sur Festival Jazz Et Musique En Mode Guinguette:"],"inLanguage":"fr-FR"},{"@type":"WebPage","@id":"https:\/\/www.festivox.fr\/blog\/souillac-en-jazz-sur-le-pont-les-artistes\/","url":"https:\/\/www.festivox.fr\/blog\/souillac-en-jazz-sur-le-pont-les-artistes\/","name":"Souillac en Jazz, sur le pont les artistes - FESTIVOX","isPartOf":{"@id":"https:\/\/www.festivox.fr\/blog\/#website"},"primaryImageOfPage":{"@id":"https:\/\/www.festivox.fr\/blog\/souillac-en-jazz-sur-le-pont-les-artistes\/#primaryimage"},"image":{"@id":"https:\/\/www.festivox.fr\/blog\/souillac-en-jazz-sur-le-pont-les-artistes\/#primaryimage"},"thumbnailUrl":"https:\/\/www.festivox.fr\/blog\/wp-content\/uploads\/2023\/07\/souillac-en-jazz-sur-le-pont-les-artistes.jpg","datePublished":"2023-07-03T22:30:00+00:00","breadcrumb":{"@id":"https:\/\/www.festivox.fr\/blog\/souillac-en-jazz-sur-le-pont-les-artistes\/#breadcrumb"},"inLanguage":"fr-FR","potentialAction":[{"@type":"ReadAction","target":["https:\/\/www.festivox.fr\/blog\/souillac-en-jazz-sur-le-pont-les-artistes\/"]}]},{"@type":"ImageObject","inLanguage":"fr-FR","@id":"https:\/\/www.festivox.fr\/blog\/souillac-en-jazz-sur-le-pont-les-artistes\/#primaryimage","url":"https:\/\/www.festivox.fr\/blog\/wp-content\/uploads\/2023\/07\/souillac-en-jazz-sur-le-pont-les-artistes.jpg","contentUrl":"https:\/\/www.festivox.fr\/blog\/wp-content\/uploads\/2023\/07\/souillac-en-jazz-sur-le-pont-les-artistes.jpg","width":885,"height":500},{"@type":"BreadcrumbList","@id":"https:\/\/www.festivox.fr\/blog\/souillac-en-jazz-sur-le-pont-les-artistes\/#breadcrumb","itemListElement":[{"@type":"ListItem","position":1,"name":"Accueil","item":"https:\/\/www.festivox.fr\/blog\/"},{"@type":"ListItem","position":2,"name":"Souillac en Jazz, sur le pont les artistes"}]},{"@type":"WebSite","@id":"https:\/\/www.festivox.fr\/blog\/#website","url":"https:\/\/www.festivox.fr\/blog\/","name":"FESTIVOX","description":"Festival en mode guinguette.","publisher":{"@id":"https:\/\/www.festivox.fr\/blog\/#organization"},"potentialAction":[{"@type":"SearchAction","target":{"@type":"EntryPoint","urlTemplate":"https:\/\/www.festivox.fr\/blog\/?s={search_term_string}"},"query-input":{"@type":"PropertyValueSpecification","valueRequired":true,"valueName":"search_term_string"}}],"inLanguage":"fr-FR"},{"@type":"Organization","@id":"https:\/\/www.festivox.fr\/blog\/#organization","name":"festivox","url":"https:\/\/www.festivox.fr\/blog\/","logo":{"@type":"ImageObject","inLanguage":"fr-FR","@id":"https:\/\/www.festivox.fr\/blog\/#\/schema\/logo\/image\/","url":"https:\/\/www.festivox.fr\/blog\/wp-content\/uploads\/2023\/06\/logo-2.png","contentUrl":"https:\/\/www.festivox.fr\/blog\/wp-content\/uploads\/2023\/06\/logo-2.png","width":480,"height":160,"caption":"festivox"},"image":{"@id":"https:\/\/www.festivox.fr\/blog\/#\/schema\/logo\/image\/"}},{"@type":"Person","@id":"https:\/\/www.festivox.fr\/blog\/#\/schema\/person\/f36a8b6bc94800c3eafed4bca993ce95","name":"Michele","image":{"@type":"ImageObject","inLanguage":"fr-FR","@id":"https:\/\/secure.gravatar.com\/avatar\/b062046536b5d47ec9075956ec349ef95ed06b0f910c578f74abb318668b702e?s=96&d=mm&r=g","url":"https:\/\/secure.gravatar.com\/avatar\/b062046536b5d47ec9075956ec349ef95ed06b0f910c578f74abb318668b702e?s=96&d=mm&r=g","contentUrl":"https:\/\/secure.gravatar.com\/avatar\/b062046536b5d47ec9075956ec349ef95ed06b0f910c578f74abb318668b702e?s=96&d=mm&r=g","caption":"Michele"},"sameAs":["https:\/\/www.festivox.fr\/blog"],"url":"https:\/\/www.festivox.fr\/blog\/author\/voxadmin\/"}]}},"_links":{"self":[{"href":"https:\/\/www.festivox.fr\/blog\/wp-json\/wp\/v2\/posts\/215","targetHints":{"allow":["GET"]}}],"collection":[{"href":"https:\/\/www.festivox.fr\/blog\/wp-json\/wp\/v2\/posts"}],"about":[{"href":"https:\/\/www.festivox.fr\/blog\/wp-json\/wp\/v2\/types\/post"}],"author":[{"embeddable":true,"href":"https:\/\/www.festivox.fr\/blog\/wp-json\/wp\/v2\/users\/1"}],"replies":[{"embeddable":true,"href":"https:\/\/www.festivox.fr\/blog\/wp-json\/wp\/v2\/comments?post=215"}],"version-history":[{"count":0,"href":"https:\/\/www.festivox.fr\/blog\/wp-json\/wp\/v2\/posts\/215\/revisions"}],"wp:featuredmedia":[{"embeddable":true,"href":"https:\/\/www.festivox.fr\/blog\/wp-json\/wp\/v2\/media\/216"}],"wp:attachment":[{"href":"https:\/\/www.festivox.fr\/blog\/wp-json\/wp\/v2\/media?parent=215"}],"wp:term":[{"taxonomy":"category","embeddable":true,"href":"https:\/\/www.festivox.fr\/blog\/wp-json\/wp\/v2\/categories?post=215"},{"taxonomy":"post_tag","embeddable":true,"href":"https:\/\/www.festivox.fr\/blog\/wp-json\/wp\/v2\/tags?post=215"}],"curies":[{"name":"wp","href":"https:\/\/api.w.org\/{rel}","templated":true}]}}