{"id":213,"date":"2023-06-28T08:32:00","date_gmt":"2023-06-28T06:32:00","guid":{"rendered":"https:\/\/www.festivox.fr\/blog\/le-cosmo-jazz-festival-de-chamonix\/"},"modified":"2023-06-28T08:32:00","modified_gmt":"2023-06-28T06:32:00","slug":"le-cosmo-jazz-festival-de-chamonix","status":"publish","type":"post","link":"https:\/\/www.festivox.fr\/blog\/le-cosmo-jazz-festival-de-chamonix\/","title":{"rendered":"Le Cosmo Jazz Festival de Chamonix"},"content":{"rendered":"\n<div><img decoding=\"async\" src=\"https:\/\/www.festivox.fr\/blog\/wp-content\/uploads\/2023\/07\/le-cosmo-jazz-festival-de-chamonix.jpg\" class=\"ff-og-image-inserted\"><\/div>\n<div class>\n<p class=\"PopSlotParagraph qg-tx2 qg-xtra-lh svelte-1xznlfb\"><!-- HTML_TAG_START -->Cet \u00e9t\u00e9, FIP vous emm\u00e8ne trouver le frais au Cosmo Jazz Festival \u00e0 Chamonix. L\u2019occasion d\u2019entendre la musique autrement, au sein des paysages majestueux du massif du Mont Blanc. Une partie des concerts, r\u00e9serv\u00e9e aux m\u00e9lomanes randonneur, aura lieu en altitude&nbsp;; d\u2019autres seront carr\u00e9ment impromptus et offriront l\u2019occasion aux musiciens de vous surprendre dans une prairie alpestre ou une cabine de t\u00e9l\u00e9ph\u00e9rique. Et comme l\u2019&rsquo;esprit jazz, c&rsquo;est aussi celui des rencontres improvis\u00e9es, chaque soir, \u00e0 partir de 22h, la Maison des Artistes accueillera les musiciens pr\u00e9sents pour une cosmo Jam. Et bien s\u00fbr, vous pourrez aussi les entendre en concerts en soir\u00e9e au centre-ville, dans le parc Couttet. Au programme du Cosmo Jazz, cette ann\u00e9e&nbsp;: Da Break, Ladaniva, Kham Meslien, Dhafer Youssef, Guillaume Perret ou encore The Buttshakers.<!-- HTML_TAG_END --><\/p>\n<div class=\"ConsentNotice svelte-1r9cnti\" data-vendor=\"c:youtube\">\n<p class=\"ConsentNotice-description qg-tx3 svelte-1r9cnti\"><!-- HTML_TAG_START -->Pour afficher ce contenu Youtube, vous devez accepter les cookies <b>Publicit\u00e9<\/b>.<\/p>\n<p>Ces cookies permettent \u00e0 nos partenaires de vous proposer des publicit\u00e9s et des contenus personnalis\u00e9s en fonction de votre navigation, de votre profil et de vos centres d&rsquo;int\u00e9r\u00eat. <!-- HTML_TAG_END --><\/p>\n<p><button class=\"Button light secondary medium svelte-1drj6ch\" type=\"button\" aria-label=\"bouton G\u00e9rer mes choix\"> G\u00e9rer mes choix <\/button> <button class=\"Button light primary medium svelte-1drj6ch\" type=\"button\" aria-label=\"bouton J'autorise\"> J&rsquo;autorise <\/button><\/p>\n<\/div>\n<p class=\"PopSlotParagraph qg-tx2 qg-xtra-lh svelte-1xznlfb\"><!-- HTML_TAG_START -->Le <!-- HTML_TAG_END --> <a href=\"https:\/\/cosmojazzfestival.com\/\" target=\"_blank\" rel=\"noopener noreferrer nofollow\" class data-testid=\"link\"><!-- HTML_TAG_START --><strong>Cosmo Jazz festiva<\/strong><!-- HTML_TAG_END --><\/a><!-- HTML_TAG_START -->l, aura lieu du 22 au 29 juillet \u00e0 Chamonix et alentours\u2026 avec FIP.<!-- HTML_TAG_END --><\/p>\n<div class=\"PopSlot inread svelte-1czwje5 isEnabled\">\n<p><span class=\"qg-tx5 svelte-1czwje5\">Publicit\u00e9<\/span> <\/p>\n<\/p><\/div>\n<\/div>\n<p> Cet article, qui traite du th\u00e8me \u00ab\u00a0Festival Jazz et musique en mode guinguette\u00a0\u00bb, vous est d\u00e9lib\u00e9r\u00e9ment offert par festivox.fr. La raison d\u2019\u00eatre de festivox.fr est de parler de Festival Jazz et musique en mode guinguette dans la transparence la plus g\u00e9n\u00e9rale en vous procurant la visibilit\u00e9 de tout ce qui est publi\u00e9 sur ce sujet sur le web La chronique a \u00e9t\u00e9 g\u00e9n\u00e9r\u00e9e de la mani\u00e8re la plus honn\u00eate que possible. S\u2019il advenait que vous projetez d\u2019apporter quelques notes concernant le domaine de \u00ab\u00a0Festival Jazz et musique en mode guinguette\u00a0\u00bb vous avez la possibilit\u00e9 de d&rsquo;\u00e9changer avec notre r\u00e9daction. Dans peu de temps, on mettra en ligne d&rsquo;autres informations pertinentes autour du sujet \u00ab\u00a0Festival Jazz et musique en mode guinguette\u00a0\u00bb. Ainsi, consultez r\u00e9guli\u00e8rement notre site.<\/p>\n","protected":false},"excerpt":{"rendered":"<p>Cet \u00e9t\u00e9, FIP vous emm\u00e8ne trouver le frais au Cosmo Jazz Festival \u00e0 Chamonix. L\u2019occasion d\u2019entendre la musique autrement, au sein des paysages majestueux du massif du Mont Blanc. Une partie des concerts, r\u00e9serv\u00e9e aux m\u00e9lomanes randonneur, aura lieu en altitude&nbsp;; d\u2019autres seront carr\u00e9ment impromptus et offriront l\u2019occasion aux musiciens de vous surprendre dans une&hellip;<\/p>\n","protected":false},"author":1,"featured_media":214,"comment_status":"closed","ping_status":"closed","sticky":false,"template":"","format":"standard","meta":{"footnotes":""},"categories":[3],"tags":[],"class_list":["post-213","post","type-post","status-publish","format-standard","has-post-thumbnail","hentry","category-wiki-sur-festival-jazz-et-musique-en-mode-guinguette"],"yoast_head":"<!-- This site is optimized with the Yoast SEO plugin v27.5 - https:\/\/yoast.com\/product\/yoast-seo-wordpress\/ -->\n<title>Le Cosmo Jazz Festival de Chamonix - FESTIVOX<\/title>\n<meta name=\"robots\" content=\"index, follow, max-snippet:-1, max-image-preview:large, max-video-preview:-1\" \/>\n<link rel=\"canonical\" href=\"https:\/\/www.festivox.fr\/blog\/le-cosmo-jazz-festival-de-chamonix\/\" \/>\n<meta property=\"og:locale\" content=\"fr_FR\" \/>\n<meta property=\"og:type\" content=\"article\" \/>\n<meta property=\"og:title\" content=\"Le Cosmo Jazz Festival de Chamonix - FESTIVOX\" \/>\n<meta property=\"og:description\" content=\"Cet \u00e9t\u00e9, FIP vous emm\u00e8ne trouver le frais au Cosmo Jazz Festival \u00e0 Chamonix. L\u2019occasion d\u2019entendre la musique autrement, au sein des paysages majestueux du massif du Mont Blanc. Une partie des concerts, r\u00e9serv\u00e9e aux m\u00e9lomanes randonneur, aura lieu en altitude&nbsp;; d\u2019autres seront carr\u00e9ment impromptus et offriront l\u2019occasion aux musiciens de vous surprendre dans une&hellip;\" \/>\n<meta property=\"og:url\" content=\"https:\/\/www.festivox.fr\/blog\/le-cosmo-jazz-festival-de-chamonix\/\" \/>\n<meta property=\"og:site_name\" content=\"FESTIVOX\" \/>\n<meta property=\"article:published_time\" content=\"2023-06-28T06:32:00+00:00\" \/>\n<meta property=\"og:image\" content=\"https:\/\/www.festivox.fr\/blog\/wp-content\/uploads\/2023\/07\/le-cosmo-jazz-festival-de-chamonix.jpg\" \/>\n<meta name=\"author\" content=\"Michele\" \/>\n<meta name=\"twitter:card\" content=\"summary_large_image\" \/>\n<meta name=\"twitter:label1\" content=\"\u00c9crit par\" \/>\n\t<meta name=\"twitter:data1\" content=\"Michele\" \/>\n\t<meta name=\"twitter:label2\" content=\"Dur\u00e9e de lecture estim\u00e9e\" \/>\n\t<meta name=\"twitter:data2\" content=\"2 minutes\" \/>\n<script type=\"application\/ld+json\" class=\"yoast-schema-graph\">{\"@context\":\"https:\\\/\\\/schema.org\",\"@graph\":[{\"@type\":\"Article\",\"@id\":\"https:\\\/\\\/www.festivox.fr\\\/blog\\\/le-cosmo-jazz-festival-de-chamonix\\\/#article\",\"isPartOf\":{\"@id\":\"https:\\\/\\\/www.festivox.fr\\\/blog\\\/le-cosmo-jazz-festival-de-chamonix\\\/\"},\"author\":{\"name\":\"Michele\",\"@id\":\"https:\\\/\\\/www.festivox.fr\\\/blog\\\/#\\\/schema\\\/person\\\/f36a8b6bc94800c3eafed4bca993ce95\"},\"headline\":\"Le Cosmo Jazz Festival de Chamonix\",\"datePublished\":\"2023-06-28T06:32:00+00:00\",\"mainEntityOfPage\":{\"@id\":\"https:\\\/\\\/www.festivox.fr\\\/blog\\\/le-cosmo-jazz-festival-de-chamonix\\\/\"},\"wordCount\":360,\"publisher\":{\"@id\":\"https:\\\/\\\/www.festivox.fr\\\/blog\\\/#organization\"},\"image\":{\"@id\":\"https:\\\/\\\/www.festivox.fr\\\/blog\\\/le-cosmo-jazz-festival-de-chamonix\\\/#primaryimage\"},\"thumbnailUrl\":\"https:\\\/\\\/www.festivox.fr\\\/blog\\\/wp-content\\\/uploads\\\/2023\\\/07\\\/le-cosmo-jazz-festival-de-chamonix.jpg\",\"articleSection\":[\"Wiki Sur Festival Jazz Et Musique En Mode Guinguette:\"],\"inLanguage\":\"fr-FR\"},{\"@type\":\"WebPage\",\"@id\":\"https:\\\/\\\/www.festivox.fr\\\/blog\\\/le-cosmo-jazz-festival-de-chamonix\\\/\",\"url\":\"https:\\\/\\\/www.festivox.fr\\\/blog\\\/le-cosmo-jazz-festival-de-chamonix\\\/\",\"name\":\"Le Cosmo Jazz Festival de Chamonix - FESTIVOX\",\"isPartOf\":{\"@id\":\"https:\\\/\\\/www.festivox.fr\\\/blog\\\/#website\"},\"primaryImageOfPage\":{\"@id\":\"https:\\\/\\\/www.festivox.fr\\\/blog\\\/le-cosmo-jazz-festival-de-chamonix\\\/#primaryimage\"},\"image\":{\"@id\":\"https:\\\/\\\/www.festivox.fr\\\/blog\\\/le-cosmo-jazz-festival-de-chamonix\\\/#primaryimage\"},\"thumbnailUrl\":\"https:\\\/\\\/www.festivox.fr\\\/blog\\\/wp-content\\\/uploads\\\/2023\\\/07\\\/le-cosmo-jazz-festival-de-chamonix.jpg\",\"datePublished\":\"2023-06-28T06:32:00+00:00\",\"breadcrumb\":{\"@id\":\"https:\\\/\\\/www.festivox.fr\\\/blog\\\/le-cosmo-jazz-festival-de-chamonix\\\/#breadcrumb\"},\"inLanguage\":\"fr-FR\",\"potentialAction\":[{\"@type\":\"ReadAction\",\"target\":[\"https:\\\/\\\/www.festivox.fr\\\/blog\\\/le-cosmo-jazz-festival-de-chamonix\\\/\"]}]},{\"@type\":\"ImageObject\",\"inLanguage\":\"fr-FR\",\"@id\":\"https:\\\/\\\/www.festivox.fr\\\/blog\\\/le-cosmo-jazz-festival-de-chamonix\\\/#primaryimage\",\"url\":\"https:\\\/\\\/www.festivox.fr\\\/blog\\\/wp-content\\\/uploads\\\/2023\\\/07\\\/le-cosmo-jazz-festival-de-chamonix.jpg\",\"contentUrl\":\"https:\\\/\\\/www.festivox.fr\\\/blog\\\/wp-content\\\/uploads\\\/2023\\\/07\\\/le-cosmo-jazz-festival-de-chamonix.jpg\",\"width\":960,\"height\":544},{\"@type\":\"BreadcrumbList\",\"@id\":\"https:\\\/\\\/www.festivox.fr\\\/blog\\\/le-cosmo-jazz-festival-de-chamonix\\\/#breadcrumb\",\"itemListElement\":[{\"@type\":\"ListItem\",\"position\":1,\"name\":\"Accueil\",\"item\":\"https:\\\/\\\/www.festivox.fr\\\/blog\\\/\"},{\"@type\":\"ListItem\",\"position\":2,\"name\":\"Le Cosmo Jazz Festival de Chamonix\"}]},{\"@type\":\"WebSite\",\"@id\":\"https:\\\/\\\/www.festivox.fr\\\/blog\\\/#website\",\"url\":\"https:\\\/\\\/www.festivox.fr\\\/blog\\\/\",\"name\":\"FESTIVOX\",\"description\":\"Festival en mode guinguette.\",\"publisher\":{\"@id\":\"https:\\\/\\\/www.festivox.fr\\\/blog\\\/#organization\"},\"potentialAction\":[{\"@type\":\"SearchAction\",\"target\":{\"@type\":\"EntryPoint\",\"urlTemplate\":\"https:\\\/\\\/www.festivox.fr\\\/blog\\\/?s={search_term_string}\"},\"query-input\":{\"@type\":\"PropertyValueSpecification\",\"valueRequired\":true,\"valueName\":\"search_term_string\"}}],\"inLanguage\":\"fr-FR\"},{\"@type\":\"Organization\",\"@id\":\"https:\\\/\\\/www.festivox.fr\\\/blog\\\/#organization\",\"name\":\"festivox\",\"url\":\"https:\\\/\\\/www.festivox.fr\\\/blog\\\/\",\"logo\":{\"@type\":\"ImageObject\",\"inLanguage\":\"fr-FR\",\"@id\":\"https:\\\/\\\/www.festivox.fr\\\/blog\\\/#\\\/schema\\\/logo\\\/image\\\/\",\"url\":\"https:\\\/\\\/www.festivox.fr\\\/blog\\\/wp-content\\\/uploads\\\/2023\\\/06\\\/logo-2.png\",\"contentUrl\":\"https:\\\/\\\/www.festivox.fr\\\/blog\\\/wp-content\\\/uploads\\\/2023\\\/06\\\/logo-2.png\",\"width\":480,\"height\":160,\"caption\":\"festivox\"},\"image\":{\"@id\":\"https:\\\/\\\/www.festivox.fr\\\/blog\\\/#\\\/schema\\\/logo\\\/image\\\/\"}},{\"@type\":\"Person\",\"@id\":\"https:\\\/\\\/www.festivox.fr\\\/blog\\\/#\\\/schema\\\/person\\\/f36a8b6bc94800c3eafed4bca993ce95\",\"name\":\"Michele\",\"image\":{\"@type\":\"ImageObject\",\"inLanguage\":\"fr-FR\",\"@id\":\"https:\\\/\\\/secure.gravatar.com\\\/avatar\\\/b062046536b5d47ec9075956ec349ef95ed06b0f910c578f74abb318668b702e?s=96&d=mm&r=g\",\"url\":\"https:\\\/\\\/secure.gravatar.com\\\/avatar\\\/b062046536b5d47ec9075956ec349ef95ed06b0f910c578f74abb318668b702e?s=96&d=mm&r=g\",\"contentUrl\":\"https:\\\/\\\/secure.gravatar.com\\\/avatar\\\/b062046536b5d47ec9075956ec349ef95ed06b0f910c578f74abb318668b702e?s=96&d=mm&r=g\",\"caption\":\"Michele\"},\"sameAs\":[\"https:\\\/\\\/www.festivox.fr\\\/blog\"],\"url\":\"https:\\\/\\\/www.festivox.fr\\\/blog\\\/author\\\/voxadmin\\\/\"}]}<\/script>\n<!-- \/ Yoast SEO plugin. -->","yoast_head_json":{"title":"Le Cosmo Jazz Festival de Chamonix - FESTIVOX","robots":{"index":"index","follow":"follow","max-snippet":"max-snippet:-1","max-image-preview":"max-image-preview:large","max-video-preview":"max-video-preview:-1"},"canonical":"https:\/\/www.festivox.fr\/blog\/le-cosmo-jazz-festival-de-chamonix\/","og_locale":"fr_FR","og_type":"article","og_title":"Le Cosmo Jazz Festival de Chamonix - FESTIVOX","og_description":"Cet \u00e9t\u00e9, FIP vous emm\u00e8ne trouver le frais au Cosmo Jazz Festival \u00e0 Chamonix. L\u2019occasion d\u2019entendre la musique autrement, au sein des paysages majestueux du massif du Mont Blanc. Une partie des concerts, r\u00e9serv\u00e9e aux m\u00e9lomanes randonneur, aura lieu en altitude&nbsp;; d\u2019autres seront carr\u00e9ment impromptus et offriront l\u2019occasion aux musiciens de vous surprendre dans une&hellip;","og_url":"https:\/\/www.festivox.fr\/blog\/le-cosmo-jazz-festival-de-chamonix\/","og_site_name":"FESTIVOX","article_published_time":"2023-06-28T06:32:00+00:00","og_image":[{"url":"https:\/\/www.festivox.fr\/blog\/wp-content\/uploads\/2023\/07\/le-cosmo-jazz-festival-de-chamonix.jpg","type":"","width":"","height":""}],"author":"Michele","twitter_card":"summary_large_image","twitter_misc":{"\u00c9crit par":"Michele","Dur\u00e9e de lecture estim\u00e9e":"2 minutes"},"schema":{"@context":"https:\/\/schema.org","@graph":[{"@type":"Article","@id":"https:\/\/www.festivox.fr\/blog\/le-cosmo-jazz-festival-de-chamonix\/#article","isPartOf":{"@id":"https:\/\/www.festivox.fr\/blog\/le-cosmo-jazz-festival-de-chamonix\/"},"author":{"name":"Michele","@id":"https:\/\/www.festivox.fr\/blog\/#\/schema\/person\/f36a8b6bc94800c3eafed4bca993ce95"},"headline":"Le Cosmo Jazz Festival de Chamonix","datePublished":"2023-06-28T06:32:00+00:00","mainEntityOfPage":{"@id":"https:\/\/www.festivox.fr\/blog\/le-cosmo-jazz-festival-de-chamonix\/"},"wordCount":360,"publisher":{"@id":"https:\/\/www.festivox.fr\/blog\/#organization"},"image":{"@id":"https:\/\/www.festivox.fr\/blog\/le-cosmo-jazz-festival-de-chamonix\/#primaryimage"},"thumbnailUrl":"https:\/\/www.festivox.fr\/blog\/wp-content\/uploads\/2023\/07\/le-cosmo-jazz-festival-de-chamonix.jpg","articleSection":["Wiki Sur Festival Jazz Et Musique En Mode Guinguette:"],"inLanguage":"fr-FR"},{"@type":"WebPage","@id":"https:\/\/www.festivox.fr\/blog\/le-cosmo-jazz-festival-de-chamonix\/","url":"https:\/\/www.festivox.fr\/blog\/le-cosmo-jazz-festival-de-chamonix\/","name":"Le Cosmo Jazz Festival de Chamonix - FESTIVOX","isPartOf":{"@id":"https:\/\/www.festivox.fr\/blog\/#website"},"primaryImageOfPage":{"@id":"https:\/\/www.festivox.fr\/blog\/le-cosmo-jazz-festival-de-chamonix\/#primaryimage"},"image":{"@id":"https:\/\/www.festivox.fr\/blog\/le-cosmo-jazz-festival-de-chamonix\/#primaryimage"},"thumbnailUrl":"https:\/\/www.festivox.fr\/blog\/wp-content\/uploads\/2023\/07\/le-cosmo-jazz-festival-de-chamonix.jpg","datePublished":"2023-06-28T06:32:00+00:00","breadcrumb":{"@id":"https:\/\/www.festivox.fr\/blog\/le-cosmo-jazz-festival-de-chamonix\/#breadcrumb"},"inLanguage":"fr-FR","potentialAction":[{"@type":"ReadAction","target":["https:\/\/www.festivox.fr\/blog\/le-cosmo-jazz-festival-de-chamonix\/"]}]},{"@type":"ImageObject","inLanguage":"fr-FR","@id":"https:\/\/www.festivox.fr\/blog\/le-cosmo-jazz-festival-de-chamonix\/#primaryimage","url":"https:\/\/www.festivox.fr\/blog\/wp-content\/uploads\/2023\/07\/le-cosmo-jazz-festival-de-chamonix.jpg","contentUrl":"https:\/\/www.festivox.fr\/blog\/wp-content\/uploads\/2023\/07\/le-cosmo-jazz-festival-de-chamonix.jpg","width":960,"height":544},{"@type":"BreadcrumbList","@id":"https:\/\/www.festivox.fr\/blog\/le-cosmo-jazz-festival-de-chamonix\/#breadcrumb","itemListElement":[{"@type":"ListItem","position":1,"name":"Accueil","item":"https:\/\/www.festivox.fr\/blog\/"},{"@type":"ListItem","position":2,"name":"Le Cosmo Jazz Festival de Chamonix"}]},{"@type":"WebSite","@id":"https:\/\/www.festivox.fr\/blog\/#website","url":"https:\/\/www.festivox.fr\/blog\/","name":"FESTIVOX","description":"Festival en mode guinguette.","publisher":{"@id":"https:\/\/www.festivox.fr\/blog\/#organization"},"potentialAction":[{"@type":"SearchAction","target":{"@type":"EntryPoint","urlTemplate":"https:\/\/www.festivox.fr\/blog\/?s={search_term_string}"},"query-input":{"@type":"PropertyValueSpecification","valueRequired":true,"valueName":"search_term_string"}}],"inLanguage":"fr-FR"},{"@type":"Organization","@id":"https:\/\/www.festivox.fr\/blog\/#organization","name":"festivox","url":"https:\/\/www.festivox.fr\/blog\/","logo":{"@type":"ImageObject","inLanguage":"fr-FR","@id":"https:\/\/www.festivox.fr\/blog\/#\/schema\/logo\/image\/","url":"https:\/\/www.festivox.fr\/blog\/wp-content\/uploads\/2023\/06\/logo-2.png","contentUrl":"https:\/\/www.festivox.fr\/blog\/wp-content\/uploads\/2023\/06\/logo-2.png","width":480,"height":160,"caption":"festivox"},"image":{"@id":"https:\/\/www.festivox.fr\/blog\/#\/schema\/logo\/image\/"}},{"@type":"Person","@id":"https:\/\/www.festivox.fr\/blog\/#\/schema\/person\/f36a8b6bc94800c3eafed4bca993ce95","name":"Michele","image":{"@type":"ImageObject","inLanguage":"fr-FR","@id":"https:\/\/secure.gravatar.com\/avatar\/b062046536b5d47ec9075956ec349ef95ed06b0f910c578f74abb318668b702e?s=96&d=mm&r=g","url":"https:\/\/secure.gravatar.com\/avatar\/b062046536b5d47ec9075956ec349ef95ed06b0f910c578f74abb318668b702e?s=96&d=mm&r=g","contentUrl":"https:\/\/secure.gravatar.com\/avatar\/b062046536b5d47ec9075956ec349ef95ed06b0f910c578f74abb318668b702e?s=96&d=mm&r=g","caption":"Michele"},"sameAs":["https:\/\/www.festivox.fr\/blog"],"url":"https:\/\/www.festivox.fr\/blog\/author\/voxadmin\/"}]}},"_links":{"self":[{"href":"https:\/\/www.festivox.fr\/blog\/wp-json\/wp\/v2\/posts\/213","targetHints":{"allow":["GET"]}}],"collection":[{"href":"https:\/\/www.festivox.fr\/blog\/wp-json\/wp\/v2\/posts"}],"about":[{"href":"https:\/\/www.festivox.fr\/blog\/wp-json\/wp\/v2\/types\/post"}],"author":[{"embeddable":true,"href":"https:\/\/www.festivox.fr\/blog\/wp-json\/wp\/v2\/users\/1"}],"replies":[{"embeddable":true,"href":"https:\/\/www.festivox.fr\/blog\/wp-json\/wp\/v2\/comments?post=213"}],"version-history":[{"count":0,"href":"https:\/\/www.festivox.fr\/blog\/wp-json\/wp\/v2\/posts\/213\/revisions"}],"wp:featuredmedia":[{"embeddable":true,"href":"https:\/\/www.festivox.fr\/blog\/wp-json\/wp\/v2\/media\/214"}],"wp:attachment":[{"href":"https:\/\/www.festivox.fr\/blog\/wp-json\/wp\/v2\/media?parent=213"}],"wp:term":[{"taxonomy":"category","embeddable":true,"href":"https:\/\/www.festivox.fr\/blog\/wp-json\/wp\/v2\/categories?post=213"},{"taxonomy":"post_tag","embeddable":true,"href":"https:\/\/www.festivox.fr\/blog\/wp-json\/wp\/v2\/tags?post=213"}],"curies":[{"name":"wp","href":"https:\/\/api.w.org\/{rel}","templated":true}]}}