{"id":209,"date":"2023-06-26T12:00:00","date_gmt":"2023-06-26T10:00:00","guid":{"rendered":"https:\/\/www.festivox.fr\/blog\/niort-jazz-festival-quand-la-magie-du-jazz-sempare-des-deux-sevres\/"},"modified":"2023-06-26T12:00:00","modified_gmt":"2023-06-26T10:00:00","slug":"niort-jazz-festival-quand-la-magie-du-jazz-sempare-des-deux-sevres","status":"publish","type":"post","link":"https:\/\/www.festivox.fr\/blog\/niort-jazz-festival-quand-la-magie-du-jazz-sempare-des-deux-sevres\/","title":{"rendered":"Niort Jazz Festival : quand la magie du jazz s&#8217;empare des Deux-S\u00e8vres"},"content":{"rendered":"\n<div><img decoding=\"async\" src=\"https:\/\/www.festivox.fr\/blog\/wp-content\/uploads\/2023\/07\/niort-jazz-festival-quand-la-magie-du-jazz-sempare-des-deux-sevres.png\" class=\"ff-og-image-inserted\"><\/div>\n<p class=\"article__intro\">Pour la 3\u1d49 \u00e9dition du festival, la ville de Niort, dans les Deux-S\u00e8vres, se transforme en un v\u00e9ritable paradis pour les amoureux de jazz, sous toutes ses formes. Niort Jazz Festival, \u00e9v\u00e9nement partenaire de France 3 Nouvelle-Aquitaine, offre une exp\u00e9rience musicale captivante qui attire des artistes renomm\u00e9s.<\/p>\n<p>Le Niort Jazz Festival nous r\u00e9serve une programmation 5 \u00e9toiles.<\/p>\n<p>L&rsquo;un des temps forts de cette \u00e9dition est la participation de Gregory Porter qui se distingue par son talent incontestable. Avec sept nominations et deux Grammy Awards remport\u00e9s pour le meilleur album jazz vocal en 2014 et 2017, l&rsquo;artiste nous offre avec son nouvel opus \u00ab\u00a0Still Rising\u00a0\u00bb un doux moment de jazz.<\/p>\n<p>[embedded content]<\/p>\n<p>Une autre artiste \u00e0 ne pas manquer est la saxophoniste et compositrice londonienne, Camilla George. M\u00ealant avec brio les influences jazz, afrobeat et hip-hop, Camilla George offre une exp\u00e9rience musicale captivante. Son troisi\u00e8me album, \u00ab\u00a0Ibio Ibio\u00a0\u00bb, c\u00e9l\u00e8bre ses racines ibibio de la c\u00f4te sud-est du Nig\u00e9ria. Les festivaliers vivront&nbsp;une exp\u00e9rience musicale empreinte d&rsquo;\u00e9motion et de blues.<\/p>\n<p>[embedded content]<\/p>\n<p>Enfin, Marcus Miller, consid\u00e9r\u00e9 comme l&rsquo;un des artistes les plus influents de notre \u00e9poque, viendra enflammer la sc\u00e8ne du Niort Jazz Festival. Bassiste, musicien de studio, producteur et compositeur, il a collabor\u00e9 avec des plus grands noms de l&rsquo;industrie musicale. Son jeu de basse, oscillant entre funk et jazz, risque de conqu\u00e9rir le c\u0153ur des spectateurs.&nbsp;<\/p>\n<p>[embedded content]<\/p>\n<p>Avec des artistes tels que Gregory Porter, Camilla George et Marcus Miller, le Niort Jazz Festival s&rsquo;annonce comme un \u00e9v\u00e9nement prometteur de la sc\u00e8ne musicale.<span><\/span><\/p>\n<p><span>Le Niort Jazz Festival se distingue des clich\u00e9s traditionnels en proposant une programmation audacieuse et innovante, qui transcende les fronti\u00e8res.<strong>Oxmo Puccino<\/strong> convie <strong>Yaron Herman<\/strong> pour un concert in\u00e9dit, l&rsquo;occasion d&rsquo;une rencontre entre le rappeur et l&rsquo;un des meilleurs pianistes jazz de sa g\u00e9n\u00e9ration. <\/span><span>En invitant des artistes qui fusionnent brillamment ces influences musicales vari\u00e9es, le festival apporte une fra\u00eecheur et une modernit\u00e9 qui s\u00e9duisent un public avide de nouvelles exp\u00e9riences sonores. <\/span><span><\/span><\/p>\n<p>[embedded content]<\/p>\n<p><span>L<\/span><span>e Niort Jazz Festival s&rsquo;engage \u00e9galement \u00e0 promouvoir les jeunes talents du jazz et contribue \u00e0 la mise en lumi\u00e8re du jazz.&nbsp;<\/span><\/p>\n<p>Du mardi 27 au vendredi 30 juin au parc de Pr\u00e9-Leroy \u00e0 Niort.<\/p>\n<p>Plus d&rsquo;informations<span>&nbsp;<\/span><a href=\"https:\/\/www.niortjazzfestival.com\/\" rel=\"noopener nofollow\" target=\"_blank\">sur le site internet du festival.<\/a><\/p>\n<p> Cet article, qui traite du th\u00e8me \u00ab\u00a0Festival Jazz et musique en mode guinguette\u00a0\u00bb, vous est d\u00e9lib\u00e9r\u00e9ment offert par festivox.fr. La raison d\u2019\u00eatre de festivox.fr est de parler de Festival Jazz et musique en mode guinguette dans la transparence la plus g\u00e9n\u00e9rale en vous procurant la visibilit\u00e9 de tout ce qui est publi\u00e9 sur ce sujet sur le web La chronique a \u00e9t\u00e9 g\u00e9n\u00e9r\u00e9e de la mani\u00e8re la plus honn\u00eate que possible. S\u2019il advenait que vous projetez d\u2019apporter quelques notes concernant le domaine de \u00ab\u00a0Festival Jazz et musique en mode guinguette\u00a0\u00bb vous avez la possibilit\u00e9 de d&rsquo;\u00e9changer avec notre r\u00e9daction. Dans peu de temps, on mettra en ligne d&rsquo;autres informations pertinentes autour du sujet \u00ab\u00a0Festival Jazz et musique en mode guinguette\u00a0\u00bb. Ainsi, consultez r\u00e9guli\u00e8rement notre site.<\/p>\n","protected":false},"excerpt":{"rendered":"<p>Pour la 3\u1d49 \u00e9dition du festival, la ville de Niort, dans les Deux-S\u00e8vres, se transforme en un v\u00e9ritable paradis pour les amoureux de jazz, sous toutes ses formes. Niort Jazz Festival, \u00e9v\u00e9nement partenaire de France 3 Nouvelle-Aquitaine, offre une exp\u00e9rience musicale captivante qui attire des artistes renomm\u00e9s. Le Niort Jazz Festival nous r\u00e9serve une programmation&hellip;<\/p>\n","protected":false},"author":1,"featured_media":210,"comment_status":"closed","ping_status":"closed","sticky":false,"template":"","format":"standard","meta":{"footnotes":""},"categories":[3],"tags":[],"class_list":["post-209","post","type-post","status-publish","format-standard","has-post-thumbnail","hentry","category-wiki-sur-festival-jazz-et-musique-en-mode-guinguette"],"yoast_head":"<!-- This site is optimized with the Yoast SEO plugin v27.5 - https:\/\/yoast.com\/product\/yoast-seo-wordpress\/ -->\n<title>Niort Jazz Festival : quand la magie du jazz s&#039;empare des Deux-S\u00e8vres - FESTIVOX<\/title>\n<meta name=\"robots\" content=\"index, follow, max-snippet:-1, max-image-preview:large, max-video-preview:-1\" \/>\n<link rel=\"canonical\" href=\"https:\/\/www.festivox.fr\/blog\/niort-jazz-festival-quand-la-magie-du-jazz-sempare-des-deux-sevres\/\" \/>\n<meta property=\"og:locale\" content=\"fr_FR\" \/>\n<meta property=\"og:type\" content=\"article\" \/>\n<meta property=\"og:title\" content=\"Niort Jazz Festival : quand la magie du jazz s&#039;empare des Deux-S\u00e8vres - FESTIVOX\" \/>\n<meta property=\"og:description\" content=\"Pour la 3\u1d49 \u00e9dition du festival, la ville de Niort, dans les Deux-S\u00e8vres, se transforme en un v\u00e9ritable paradis pour les amoureux de jazz, sous toutes ses formes. Niort Jazz Festival, \u00e9v\u00e9nement partenaire de France 3 Nouvelle-Aquitaine, offre une exp\u00e9rience musicale captivante qui attire des artistes renomm\u00e9s. Le Niort Jazz Festival nous r\u00e9serve une programmation&hellip;\" \/>\n<meta property=\"og:url\" content=\"https:\/\/www.festivox.fr\/blog\/niort-jazz-festival-quand-la-magie-du-jazz-sempare-des-deux-sevres\/\" \/>\n<meta property=\"og:site_name\" content=\"FESTIVOX\" \/>\n<meta property=\"article:published_time\" content=\"2023-06-26T10:00:00+00:00\" \/>\n<meta property=\"og:image\" content=\"https:\/\/www.festivox.fr\/blog\/wp-content\/uploads\/2023\/07\/niort-jazz-festival-quand-la-magie-du-jazz-sempare-des-deux-sevres.png\" \/>\n<meta name=\"author\" content=\"Michele\" \/>\n<meta name=\"twitter:card\" content=\"summary_large_image\" \/>\n<meta name=\"twitter:label1\" content=\"\u00c9crit par\" \/>\n\t<meta name=\"twitter:data1\" content=\"Michele\" \/>\n\t<meta name=\"twitter:label2\" content=\"Dur\u00e9e de lecture estim\u00e9e\" \/>\n\t<meta name=\"twitter:data2\" content=\"3 minutes\" \/>\n<script type=\"application\/ld+json\" class=\"yoast-schema-graph\">{\"@context\":\"https:\\\/\\\/schema.org\",\"@graph\":[{\"@type\":\"Article\",\"@id\":\"https:\\\/\\\/www.festivox.fr\\\/blog\\\/niort-jazz-festival-quand-la-magie-du-jazz-sempare-des-deux-sevres\\\/#article\",\"isPartOf\":{\"@id\":\"https:\\\/\\\/www.festivox.fr\\\/blog\\\/niort-jazz-festival-quand-la-magie-du-jazz-sempare-des-deux-sevres\\\/\"},\"author\":{\"name\":\"Michele\",\"@id\":\"https:\\\/\\\/www.festivox.fr\\\/blog\\\/#\\\/schema\\\/person\\\/f36a8b6bc94800c3eafed4bca993ce95\"},\"headline\":\"Niort Jazz Festival : quand la magie du jazz s&#8217;empare des Deux-S\u00e8vres\",\"datePublished\":\"2023-06-26T10:00:00+00:00\",\"mainEntityOfPage\":{\"@id\":\"https:\\\/\\\/www.festivox.fr\\\/blog\\\/niort-jazz-festival-quand-la-magie-du-jazz-sempare-des-deux-sevres\\\/\"},\"wordCount\":554,\"publisher\":{\"@id\":\"https:\\\/\\\/www.festivox.fr\\\/blog\\\/#organization\"},\"image\":{\"@id\":\"https:\\\/\\\/www.festivox.fr\\\/blog\\\/niort-jazz-festival-quand-la-magie-du-jazz-sempare-des-deux-sevres\\\/#primaryimage\"},\"thumbnailUrl\":\"https:\\\/\\\/www.festivox.fr\\\/blog\\\/wp-content\\\/uploads\\\/2023\\\/07\\\/niort-jazz-festival-quand-la-magie-du-jazz-sempare-des-deux-sevres.png\",\"articleSection\":[\"Wiki Sur Festival Jazz Et Musique En Mode Guinguette:\"],\"inLanguage\":\"fr-FR\"},{\"@type\":\"WebPage\",\"@id\":\"https:\\\/\\\/www.festivox.fr\\\/blog\\\/niort-jazz-festival-quand-la-magie-du-jazz-sempare-des-deux-sevres\\\/\",\"url\":\"https:\\\/\\\/www.festivox.fr\\\/blog\\\/niort-jazz-festival-quand-la-magie-du-jazz-sempare-des-deux-sevres\\\/\",\"name\":\"Niort Jazz Festival : quand la magie du jazz s'empare des Deux-S\u00e8vres - FESTIVOX\",\"isPartOf\":{\"@id\":\"https:\\\/\\\/www.festivox.fr\\\/blog\\\/#website\"},\"primaryImageOfPage\":{\"@id\":\"https:\\\/\\\/www.festivox.fr\\\/blog\\\/niort-jazz-festival-quand-la-magie-du-jazz-sempare-des-deux-sevres\\\/#primaryimage\"},\"image\":{\"@id\":\"https:\\\/\\\/www.festivox.fr\\\/blog\\\/niort-jazz-festival-quand-la-magie-du-jazz-sempare-des-deux-sevres\\\/#primaryimage\"},\"thumbnailUrl\":\"https:\\\/\\\/www.festivox.fr\\\/blog\\\/wp-content\\\/uploads\\\/2023\\\/07\\\/niort-jazz-festival-quand-la-magie-du-jazz-sempare-des-deux-sevres.png\",\"datePublished\":\"2023-06-26T10:00:00+00:00\",\"breadcrumb\":{\"@id\":\"https:\\\/\\\/www.festivox.fr\\\/blog\\\/niort-jazz-festival-quand-la-magie-du-jazz-sempare-des-deux-sevres\\\/#breadcrumb\"},\"inLanguage\":\"fr-FR\",\"potentialAction\":[{\"@type\":\"ReadAction\",\"target\":[\"https:\\\/\\\/www.festivox.fr\\\/blog\\\/niort-jazz-festival-quand-la-magie-du-jazz-sempare-des-deux-sevres\\\/\"]}]},{\"@type\":\"ImageObject\",\"inLanguage\":\"fr-FR\",\"@id\":\"https:\\\/\\\/www.festivox.fr\\\/blog\\\/niort-jazz-festival-quand-la-magie-du-jazz-sempare-des-deux-sevres\\\/#primaryimage\",\"url\":\"https:\\\/\\\/www.festivox.fr\\\/blog\\\/wp-content\\\/uploads\\\/2023\\\/07\\\/niort-jazz-festival-quand-la-magie-du-jazz-sempare-des-deux-sevres.png\",\"contentUrl\":\"https:\\\/\\\/www.festivox.fr\\\/blog\\\/wp-content\\\/uploads\\\/2023\\\/07\\\/niort-jazz-festival-quand-la-magie-du-jazz-sempare-des-deux-sevres.png\",\"width\":930,\"height\":620},{\"@type\":\"BreadcrumbList\",\"@id\":\"https:\\\/\\\/www.festivox.fr\\\/blog\\\/niort-jazz-festival-quand-la-magie-du-jazz-sempare-des-deux-sevres\\\/#breadcrumb\",\"itemListElement\":[{\"@type\":\"ListItem\",\"position\":1,\"name\":\"Accueil\",\"item\":\"https:\\\/\\\/www.festivox.fr\\\/blog\\\/\"},{\"@type\":\"ListItem\",\"position\":2,\"name\":\"Niort Jazz Festival : quand la magie du jazz s&#8217;empare des Deux-S\u00e8vres\"}]},{\"@type\":\"WebSite\",\"@id\":\"https:\\\/\\\/www.festivox.fr\\\/blog\\\/#website\",\"url\":\"https:\\\/\\\/www.festivox.fr\\\/blog\\\/\",\"name\":\"FESTIVOX\",\"description\":\"Festival en mode guinguette.\",\"publisher\":{\"@id\":\"https:\\\/\\\/www.festivox.fr\\\/blog\\\/#organization\"},\"potentialAction\":[{\"@type\":\"SearchAction\",\"target\":{\"@type\":\"EntryPoint\",\"urlTemplate\":\"https:\\\/\\\/www.festivox.fr\\\/blog\\\/?s={search_term_string}\"},\"query-input\":{\"@type\":\"PropertyValueSpecification\",\"valueRequired\":true,\"valueName\":\"search_term_string\"}}],\"inLanguage\":\"fr-FR\"},{\"@type\":\"Organization\",\"@id\":\"https:\\\/\\\/www.festivox.fr\\\/blog\\\/#organization\",\"name\":\"festivox\",\"url\":\"https:\\\/\\\/www.festivox.fr\\\/blog\\\/\",\"logo\":{\"@type\":\"ImageObject\",\"inLanguage\":\"fr-FR\",\"@id\":\"https:\\\/\\\/www.festivox.fr\\\/blog\\\/#\\\/schema\\\/logo\\\/image\\\/\",\"url\":\"https:\\\/\\\/www.festivox.fr\\\/blog\\\/wp-content\\\/uploads\\\/2023\\\/06\\\/logo-2.png\",\"contentUrl\":\"https:\\\/\\\/www.festivox.fr\\\/blog\\\/wp-content\\\/uploads\\\/2023\\\/06\\\/logo-2.png\",\"width\":480,\"height\":160,\"caption\":\"festivox\"},\"image\":{\"@id\":\"https:\\\/\\\/www.festivox.fr\\\/blog\\\/#\\\/schema\\\/logo\\\/image\\\/\"}},{\"@type\":\"Person\",\"@id\":\"https:\\\/\\\/www.festivox.fr\\\/blog\\\/#\\\/schema\\\/person\\\/f36a8b6bc94800c3eafed4bca993ce95\",\"name\":\"Michele\",\"image\":{\"@type\":\"ImageObject\",\"inLanguage\":\"fr-FR\",\"@id\":\"https:\\\/\\\/secure.gravatar.com\\\/avatar\\\/b062046536b5d47ec9075956ec349ef95ed06b0f910c578f74abb318668b702e?s=96&d=mm&r=g\",\"url\":\"https:\\\/\\\/secure.gravatar.com\\\/avatar\\\/b062046536b5d47ec9075956ec349ef95ed06b0f910c578f74abb318668b702e?s=96&d=mm&r=g\",\"contentUrl\":\"https:\\\/\\\/secure.gravatar.com\\\/avatar\\\/b062046536b5d47ec9075956ec349ef95ed06b0f910c578f74abb318668b702e?s=96&d=mm&r=g\",\"caption\":\"Michele\"},\"sameAs\":[\"https:\\\/\\\/www.festivox.fr\\\/blog\"],\"url\":\"https:\\\/\\\/www.festivox.fr\\\/blog\\\/author\\\/voxadmin\\\/\"}]}<\/script>\n<!-- \/ Yoast SEO plugin. -->","yoast_head_json":{"title":"Niort Jazz Festival : quand la magie du jazz s'empare des Deux-S\u00e8vres - FESTIVOX","robots":{"index":"index","follow":"follow","max-snippet":"max-snippet:-1","max-image-preview":"max-image-preview:large","max-video-preview":"max-video-preview:-1"},"canonical":"https:\/\/www.festivox.fr\/blog\/niort-jazz-festival-quand-la-magie-du-jazz-sempare-des-deux-sevres\/","og_locale":"fr_FR","og_type":"article","og_title":"Niort Jazz Festival : quand la magie du jazz s'empare des Deux-S\u00e8vres - FESTIVOX","og_description":"Pour la 3\u1d49 \u00e9dition du festival, la ville de Niort, dans les Deux-S\u00e8vres, se transforme en un v\u00e9ritable paradis pour les amoureux de jazz, sous toutes ses formes. Niort Jazz Festival, \u00e9v\u00e9nement partenaire de France 3 Nouvelle-Aquitaine, offre une exp\u00e9rience musicale captivante qui attire des artistes renomm\u00e9s. Le Niort Jazz Festival nous r\u00e9serve une programmation&hellip;","og_url":"https:\/\/www.festivox.fr\/blog\/niort-jazz-festival-quand-la-magie-du-jazz-sempare-des-deux-sevres\/","og_site_name":"FESTIVOX","article_published_time":"2023-06-26T10:00:00+00:00","og_image":[{"url":"https:\/\/www.festivox.fr\/blog\/wp-content\/uploads\/2023\/07\/niort-jazz-festival-quand-la-magie-du-jazz-sempare-des-deux-sevres.png","type":"","width":"","height":""}],"author":"Michele","twitter_card":"summary_large_image","twitter_misc":{"\u00c9crit par":"Michele","Dur\u00e9e de lecture estim\u00e9e":"3 minutes"},"schema":{"@context":"https:\/\/schema.org","@graph":[{"@type":"Article","@id":"https:\/\/www.festivox.fr\/blog\/niort-jazz-festival-quand-la-magie-du-jazz-sempare-des-deux-sevres\/#article","isPartOf":{"@id":"https:\/\/www.festivox.fr\/blog\/niort-jazz-festival-quand-la-magie-du-jazz-sempare-des-deux-sevres\/"},"author":{"name":"Michele","@id":"https:\/\/www.festivox.fr\/blog\/#\/schema\/person\/f36a8b6bc94800c3eafed4bca993ce95"},"headline":"Niort Jazz Festival : quand la magie du jazz s&#8217;empare des Deux-S\u00e8vres","datePublished":"2023-06-26T10:00:00+00:00","mainEntityOfPage":{"@id":"https:\/\/www.festivox.fr\/blog\/niort-jazz-festival-quand-la-magie-du-jazz-sempare-des-deux-sevres\/"},"wordCount":554,"publisher":{"@id":"https:\/\/www.festivox.fr\/blog\/#organization"},"image":{"@id":"https:\/\/www.festivox.fr\/blog\/niort-jazz-festival-quand-la-magie-du-jazz-sempare-des-deux-sevres\/#primaryimage"},"thumbnailUrl":"https:\/\/www.festivox.fr\/blog\/wp-content\/uploads\/2023\/07\/niort-jazz-festival-quand-la-magie-du-jazz-sempare-des-deux-sevres.png","articleSection":["Wiki Sur Festival Jazz Et Musique En Mode Guinguette:"],"inLanguage":"fr-FR"},{"@type":"WebPage","@id":"https:\/\/www.festivox.fr\/blog\/niort-jazz-festival-quand-la-magie-du-jazz-sempare-des-deux-sevres\/","url":"https:\/\/www.festivox.fr\/blog\/niort-jazz-festival-quand-la-magie-du-jazz-sempare-des-deux-sevres\/","name":"Niort Jazz Festival : quand la magie du jazz s'empare des Deux-S\u00e8vres - FESTIVOX","isPartOf":{"@id":"https:\/\/www.festivox.fr\/blog\/#website"},"primaryImageOfPage":{"@id":"https:\/\/www.festivox.fr\/blog\/niort-jazz-festival-quand-la-magie-du-jazz-sempare-des-deux-sevres\/#primaryimage"},"image":{"@id":"https:\/\/www.festivox.fr\/blog\/niort-jazz-festival-quand-la-magie-du-jazz-sempare-des-deux-sevres\/#primaryimage"},"thumbnailUrl":"https:\/\/www.festivox.fr\/blog\/wp-content\/uploads\/2023\/07\/niort-jazz-festival-quand-la-magie-du-jazz-sempare-des-deux-sevres.png","datePublished":"2023-06-26T10:00:00+00:00","breadcrumb":{"@id":"https:\/\/www.festivox.fr\/blog\/niort-jazz-festival-quand-la-magie-du-jazz-sempare-des-deux-sevres\/#breadcrumb"},"inLanguage":"fr-FR","potentialAction":[{"@type":"ReadAction","target":["https:\/\/www.festivox.fr\/blog\/niort-jazz-festival-quand-la-magie-du-jazz-sempare-des-deux-sevres\/"]}]},{"@type":"ImageObject","inLanguage":"fr-FR","@id":"https:\/\/www.festivox.fr\/blog\/niort-jazz-festival-quand-la-magie-du-jazz-sempare-des-deux-sevres\/#primaryimage","url":"https:\/\/www.festivox.fr\/blog\/wp-content\/uploads\/2023\/07\/niort-jazz-festival-quand-la-magie-du-jazz-sempare-des-deux-sevres.png","contentUrl":"https:\/\/www.festivox.fr\/blog\/wp-content\/uploads\/2023\/07\/niort-jazz-festival-quand-la-magie-du-jazz-sempare-des-deux-sevres.png","width":930,"height":620},{"@type":"BreadcrumbList","@id":"https:\/\/www.festivox.fr\/blog\/niort-jazz-festival-quand-la-magie-du-jazz-sempare-des-deux-sevres\/#breadcrumb","itemListElement":[{"@type":"ListItem","position":1,"name":"Accueil","item":"https:\/\/www.festivox.fr\/blog\/"},{"@type":"ListItem","position":2,"name":"Niort Jazz Festival : quand la magie du jazz s&#8217;empare des Deux-S\u00e8vres"}]},{"@type":"WebSite","@id":"https:\/\/www.festivox.fr\/blog\/#website","url":"https:\/\/www.festivox.fr\/blog\/","name":"FESTIVOX","description":"Festival en mode guinguette.","publisher":{"@id":"https:\/\/www.festivox.fr\/blog\/#organization"},"potentialAction":[{"@type":"SearchAction","target":{"@type":"EntryPoint","urlTemplate":"https:\/\/www.festivox.fr\/blog\/?s={search_term_string}"},"query-input":{"@type":"PropertyValueSpecification","valueRequired":true,"valueName":"search_term_string"}}],"inLanguage":"fr-FR"},{"@type":"Organization","@id":"https:\/\/www.festivox.fr\/blog\/#organization","name":"festivox","url":"https:\/\/www.festivox.fr\/blog\/","logo":{"@type":"ImageObject","inLanguage":"fr-FR","@id":"https:\/\/www.festivox.fr\/blog\/#\/schema\/logo\/image\/","url":"https:\/\/www.festivox.fr\/blog\/wp-content\/uploads\/2023\/06\/logo-2.png","contentUrl":"https:\/\/www.festivox.fr\/blog\/wp-content\/uploads\/2023\/06\/logo-2.png","width":480,"height":160,"caption":"festivox"},"image":{"@id":"https:\/\/www.festivox.fr\/blog\/#\/schema\/logo\/image\/"}},{"@type":"Person","@id":"https:\/\/www.festivox.fr\/blog\/#\/schema\/person\/f36a8b6bc94800c3eafed4bca993ce95","name":"Michele","image":{"@type":"ImageObject","inLanguage":"fr-FR","@id":"https:\/\/secure.gravatar.com\/avatar\/b062046536b5d47ec9075956ec349ef95ed06b0f910c578f74abb318668b702e?s=96&d=mm&r=g","url":"https:\/\/secure.gravatar.com\/avatar\/b062046536b5d47ec9075956ec349ef95ed06b0f910c578f74abb318668b702e?s=96&d=mm&r=g","contentUrl":"https:\/\/secure.gravatar.com\/avatar\/b062046536b5d47ec9075956ec349ef95ed06b0f910c578f74abb318668b702e?s=96&d=mm&r=g","caption":"Michele"},"sameAs":["https:\/\/www.festivox.fr\/blog"],"url":"https:\/\/www.festivox.fr\/blog\/author\/voxadmin\/"}]}},"_links":{"self":[{"href":"https:\/\/www.festivox.fr\/blog\/wp-json\/wp\/v2\/posts\/209","targetHints":{"allow":["GET"]}}],"collection":[{"href":"https:\/\/www.festivox.fr\/blog\/wp-json\/wp\/v2\/posts"}],"about":[{"href":"https:\/\/www.festivox.fr\/blog\/wp-json\/wp\/v2\/types\/post"}],"author":[{"embeddable":true,"href":"https:\/\/www.festivox.fr\/blog\/wp-json\/wp\/v2\/users\/1"}],"replies":[{"embeddable":true,"href":"https:\/\/www.festivox.fr\/blog\/wp-json\/wp\/v2\/comments?post=209"}],"version-history":[{"count":0,"href":"https:\/\/www.festivox.fr\/blog\/wp-json\/wp\/v2\/posts\/209\/revisions"}],"wp:featuredmedia":[{"embeddable":true,"href":"https:\/\/www.festivox.fr\/blog\/wp-json\/wp\/v2\/media\/210"}],"wp:attachment":[{"href":"https:\/\/www.festivox.fr\/blog\/wp-json\/wp\/v2\/media?parent=209"}],"wp:term":[{"taxonomy":"category","embeddable":true,"href":"https:\/\/www.festivox.fr\/blog\/wp-json\/wp\/v2\/categories?post=209"},{"taxonomy":"post_tag","embeddable":true,"href":"https:\/\/www.festivox.fr\/blog\/wp-json\/wp\/v2\/tags?post=209"}],"curies":[{"name":"wp","href":"https:\/\/api.w.org\/{rel}","templated":true}]}}