{"id":192,"date":"2020-01-22T04:30:00","date_gmt":"2020-01-22T02:30:00","guid":{"rendered":"https:\/\/www.festivox.fr\/blog\/andrea-lindsay-entre-le-jazz-et-la-java\/"},"modified":"2020-01-22T04:30:00","modified_gmt":"2020-01-22T02:30:00","slug":"andrea-lindsay-entre-le-jazz-et-la-java","status":"publish","type":"post","link":"https:\/\/www.festivox.fr\/blog\/andrea-lindsay-entre-le-jazz-et-la-java\/","title":{"rendered":"ANDREA LINDSAY: ENTRE LE JAZZ ET LA JAVA"},"content":{"rendered":"\n<div><img decoding=\"async\" src=\"https:\/\/www.festivox.fr\/blog\/wp-content\/uploads\/2023\/06\/andrea-lindsay-entre-le-jazz-et-la-java.jpg\" class=\"ff-og-image-inserted\"><\/div>\n<p><span class=\"alert-summary\">Nous utilisons les t\u00e9moins de navigation (cookies) afin d&rsquo;op\u00e9rer et d\u2019am\u00e9liorer nos services ainsi qu&rsquo;\u00e0 des fins publicitaires.<br \/>\nLe respect de votre vie priv\u00e9e est important pour nous. Si vous n&rsquo;\u00eates pas \u00e0 l&rsquo;aise avec l&rsquo;utilisation de ces informations,<br \/>\nveuillez revoir vos param\u00e8tres avant de poursuivre votre visite.<\/span><a class=\"standalone-link\" href=\"https:\/\/ici.radio-canada.ca\/vos-donnees\/gestion-temoins-navigation\" target=\"_blank\" rel=\"nofollow\">G\u00e9rer vos t\u00e9moins de navigation<\/a><a class=\"standalone-link\" href=\"https:\/\/ici.radio-canada.ca\/vos-donnees\/notre-promesse\" target=\"_blank\" rel=\"nofollow\">En savoir plus<\/a><\/p>\n<p> Cet article, qui traite du th\u00e8me \u00ab\u00a0Festival Jazz et musique en mode guinguette\u00a0\u00bb, vous est d\u00e9lib\u00e9r\u00e9ment offert par festivox.fr. La raison d\u2019\u00eatre de festivox.fr est de parler de Festival Jazz et musique en mode guinguette dans la transparence la plus g\u00e9n\u00e9rale en vous procurant la visibilit\u00e9 de tout ce qui est publi\u00e9 sur ce sujet sur le web La chronique a \u00e9t\u00e9 g\u00e9n\u00e9r\u00e9e de la mani\u00e8re la plus honn\u00eate que possible. S\u2019il advenait que vous projetez d\u2019apporter quelques notes concernant le domaine de \u00ab\u00a0Festival Jazz et musique en mode guinguette\u00a0\u00bb vous avez la possibilit\u00e9 de d&rsquo;\u00e9changer avec notre r\u00e9daction. Dans peu de temps, on mettra en ligne d&rsquo;autres informations pertinentes autour du sujet \u00ab\u00a0Festival Jazz et musique en mode guinguette\u00a0\u00bb. Ainsi, consultez r\u00e9guli\u00e8rement notre site.<\/p>\n","protected":false},"excerpt":{"rendered":"<p>Nous utilisons les t\u00e9moins de navigation (cookies) afin d&rsquo;op\u00e9rer et d\u2019am\u00e9liorer nos services ainsi qu&rsquo;\u00e0 des fins publicitaires. Le respect de votre vie priv\u00e9e est important pour nous. Si vous n&rsquo;\u00eates pas \u00e0 l&rsquo;aise avec l&rsquo;utilisation de ces informations, veuillez revoir vos param\u00e8tres avant de poursuivre votre visite.G\u00e9rer vos t\u00e9moins de navigationEn savoir plus Cet&hellip;<\/p>\n","protected":false},"author":1,"featured_media":193,"comment_status":"closed","ping_status":"closed","sticky":false,"template":"","format":"standard","meta":{"footnotes":""},"categories":[3],"tags":[],"class_list":["post-192","post","type-post","status-publish","format-standard","has-post-thumbnail","hentry","category-wiki-sur-festival-jazz-et-musique-en-mode-guinguette"],"yoast_head":"<!-- This site is optimized with the Yoast SEO plugin v27.5 - https:\/\/yoast.com\/product\/yoast-seo-wordpress\/ -->\n<title>ANDREA LINDSAY: ENTRE LE JAZZ ET LA JAVA - FESTIVOX<\/title>\n<meta name=\"robots\" content=\"index, follow, max-snippet:-1, max-image-preview:large, max-video-preview:-1\" \/>\n<link rel=\"canonical\" href=\"https:\/\/www.festivox.fr\/blog\/andrea-lindsay-entre-le-jazz-et-la-java\/\" \/>\n<meta property=\"og:locale\" content=\"fr_FR\" \/>\n<meta property=\"og:type\" content=\"article\" \/>\n<meta property=\"og:title\" content=\"ANDREA LINDSAY: ENTRE LE JAZZ ET LA JAVA - FESTIVOX\" \/>\n<meta property=\"og:description\" content=\"Nous utilisons les t\u00e9moins de navigation (cookies) afin d&rsquo;op\u00e9rer et d\u2019am\u00e9liorer nos services ainsi qu&rsquo;\u00e0 des fins publicitaires. Le respect de votre vie priv\u00e9e est important pour nous. Si vous n&rsquo;\u00eates pas \u00e0 l&rsquo;aise avec l&rsquo;utilisation de ces informations, veuillez revoir vos param\u00e8tres avant de poursuivre votre visite.G\u00e9rer vos t\u00e9moins de navigationEn savoir plus Cet&hellip;\" \/>\n<meta property=\"og:url\" content=\"https:\/\/www.festivox.fr\/blog\/andrea-lindsay-entre-le-jazz-et-la-java\/\" \/>\n<meta property=\"og:site_name\" content=\"FESTIVOX\" \/>\n<meta property=\"article:published_time\" content=\"2020-01-22T02:30:00+00:00\" \/>\n<meta property=\"og:image\" content=\"https:\/\/www.festivox.fr\/blog\/wp-content\/uploads\/2023\/06\/andrea-lindsay-entre-le-jazz-et-la-java.jpg\" \/>\n<meta name=\"author\" content=\"Michele\" \/>\n<meta name=\"twitter:card\" content=\"summary_large_image\" \/>\n<meta name=\"twitter:label1\" content=\"\u00c9crit par\" \/>\n\t<meta name=\"twitter:data1\" content=\"Michele\" \/>\n\t<meta name=\"twitter:label2\" content=\"Dur\u00e9e de lecture estim\u00e9e\" \/>\n\t<meta name=\"twitter:data2\" content=\"1 minute\" \/>\n<script type=\"application\/ld+json\" class=\"yoast-schema-graph\">{\"@context\":\"https:\\\/\\\/schema.org\",\"@graph\":[{\"@type\":\"Article\",\"@id\":\"https:\\\/\\\/www.festivox.fr\\\/blog\\\/andrea-lindsay-entre-le-jazz-et-la-java\\\/#article\",\"isPartOf\":{\"@id\":\"https:\\\/\\\/www.festivox.fr\\\/blog\\\/andrea-lindsay-entre-le-jazz-et-la-java\\\/\"},\"author\":{\"name\":\"Michele\",\"@id\":\"https:\\\/\\\/www.festivox.fr\\\/blog\\\/#\\\/schema\\\/person\\\/f36a8b6bc94800c3eafed4bca993ce95\"},\"headline\":\"ANDREA LINDSAY: ENTRE LE JAZZ ET LA JAVA\",\"datePublished\":\"2020-01-22T02:30:00+00:00\",\"mainEntityOfPage\":{\"@id\":\"https:\\\/\\\/www.festivox.fr\\\/blog\\\/andrea-lindsay-entre-le-jazz-et-la-java\\\/\"},\"wordCount\":217,\"publisher\":{\"@id\":\"https:\\\/\\\/www.festivox.fr\\\/blog\\\/#organization\"},\"image\":{\"@id\":\"https:\\\/\\\/www.festivox.fr\\\/blog\\\/andrea-lindsay-entre-le-jazz-et-la-java\\\/#primaryimage\"},\"thumbnailUrl\":\"https:\\\/\\\/www.festivox.fr\\\/blog\\\/wp-content\\\/uploads\\\/2023\\\/06\\\/andrea-lindsay-entre-le-jazz-et-la-java.jpg\",\"articleSection\":[\"Wiki Sur Festival Jazz Et Musique En Mode Guinguette:\"],\"inLanguage\":\"fr-FR\"},{\"@type\":\"WebPage\",\"@id\":\"https:\\\/\\\/www.festivox.fr\\\/blog\\\/andrea-lindsay-entre-le-jazz-et-la-java\\\/\",\"url\":\"https:\\\/\\\/www.festivox.fr\\\/blog\\\/andrea-lindsay-entre-le-jazz-et-la-java\\\/\",\"name\":\"ANDREA LINDSAY: ENTRE LE JAZZ ET LA JAVA - FESTIVOX\",\"isPartOf\":{\"@id\":\"https:\\\/\\\/www.festivox.fr\\\/blog\\\/#website\"},\"primaryImageOfPage\":{\"@id\":\"https:\\\/\\\/www.festivox.fr\\\/blog\\\/andrea-lindsay-entre-le-jazz-et-la-java\\\/#primaryimage\"},\"image\":{\"@id\":\"https:\\\/\\\/www.festivox.fr\\\/blog\\\/andrea-lindsay-entre-le-jazz-et-la-java\\\/#primaryimage\"},\"thumbnailUrl\":\"https:\\\/\\\/www.festivox.fr\\\/blog\\\/wp-content\\\/uploads\\\/2023\\\/06\\\/andrea-lindsay-entre-le-jazz-et-la-java.jpg\",\"datePublished\":\"2020-01-22T02:30:00+00:00\",\"breadcrumb\":{\"@id\":\"https:\\\/\\\/www.festivox.fr\\\/blog\\\/andrea-lindsay-entre-le-jazz-et-la-java\\\/#breadcrumb\"},\"inLanguage\":\"fr-FR\",\"potentialAction\":[{\"@type\":\"ReadAction\",\"target\":[\"https:\\\/\\\/www.festivox.fr\\\/blog\\\/andrea-lindsay-entre-le-jazz-et-la-java\\\/\"]}]},{\"@type\":\"ImageObject\",\"inLanguage\":\"fr-FR\",\"@id\":\"https:\\\/\\\/www.festivox.fr\\\/blog\\\/andrea-lindsay-entre-le-jazz-et-la-java\\\/#primaryimage\",\"url\":\"https:\\\/\\\/www.festivox.fr\\\/blog\\\/wp-content\\\/uploads\\\/2023\\\/06\\\/andrea-lindsay-entre-le-jazz-et-la-java.jpg\",\"contentUrl\":\"https:\\\/\\\/www.festivox.fr\\\/blog\\\/wp-content\\\/uploads\\\/2023\\\/06\\\/andrea-lindsay-entre-le-jazz-et-la-java.jpg\",\"width\":1690,\"height\":950},{\"@type\":\"BreadcrumbList\",\"@id\":\"https:\\\/\\\/www.festivox.fr\\\/blog\\\/andrea-lindsay-entre-le-jazz-et-la-java\\\/#breadcrumb\",\"itemListElement\":[{\"@type\":\"ListItem\",\"position\":1,\"name\":\"Accueil\",\"item\":\"https:\\\/\\\/www.festivox.fr\\\/blog\\\/\"},{\"@type\":\"ListItem\",\"position\":2,\"name\":\"ANDREA LINDSAY: ENTRE LE JAZZ ET LA JAVA\"}]},{\"@type\":\"WebSite\",\"@id\":\"https:\\\/\\\/www.festivox.fr\\\/blog\\\/#website\",\"url\":\"https:\\\/\\\/www.festivox.fr\\\/blog\\\/\",\"name\":\"FESTIVOX\",\"description\":\"Festival en mode guinguette.\",\"publisher\":{\"@id\":\"https:\\\/\\\/www.festivox.fr\\\/blog\\\/#organization\"},\"potentialAction\":[{\"@type\":\"SearchAction\",\"target\":{\"@type\":\"EntryPoint\",\"urlTemplate\":\"https:\\\/\\\/www.festivox.fr\\\/blog\\\/?s={search_term_string}\"},\"query-input\":{\"@type\":\"PropertyValueSpecification\",\"valueRequired\":true,\"valueName\":\"search_term_string\"}}],\"inLanguage\":\"fr-FR\"},{\"@type\":\"Organization\",\"@id\":\"https:\\\/\\\/www.festivox.fr\\\/blog\\\/#organization\",\"name\":\"festivox\",\"url\":\"https:\\\/\\\/www.festivox.fr\\\/blog\\\/\",\"logo\":{\"@type\":\"ImageObject\",\"inLanguage\":\"fr-FR\",\"@id\":\"https:\\\/\\\/www.festivox.fr\\\/blog\\\/#\\\/schema\\\/logo\\\/image\\\/\",\"url\":\"https:\\\/\\\/www.festivox.fr\\\/blog\\\/wp-content\\\/uploads\\\/2023\\\/06\\\/logo-2.png\",\"contentUrl\":\"https:\\\/\\\/www.festivox.fr\\\/blog\\\/wp-content\\\/uploads\\\/2023\\\/06\\\/logo-2.png\",\"width\":480,\"height\":160,\"caption\":\"festivox\"},\"image\":{\"@id\":\"https:\\\/\\\/www.festivox.fr\\\/blog\\\/#\\\/schema\\\/logo\\\/image\\\/\"}},{\"@type\":\"Person\",\"@id\":\"https:\\\/\\\/www.festivox.fr\\\/blog\\\/#\\\/schema\\\/person\\\/f36a8b6bc94800c3eafed4bca993ce95\",\"name\":\"Michele\",\"image\":{\"@type\":\"ImageObject\",\"inLanguage\":\"fr-FR\",\"@id\":\"https:\\\/\\\/secure.gravatar.com\\\/avatar\\\/b062046536b5d47ec9075956ec349ef95ed06b0f910c578f74abb318668b702e?s=96&d=mm&r=g\",\"url\":\"https:\\\/\\\/secure.gravatar.com\\\/avatar\\\/b062046536b5d47ec9075956ec349ef95ed06b0f910c578f74abb318668b702e?s=96&d=mm&r=g\",\"contentUrl\":\"https:\\\/\\\/secure.gravatar.com\\\/avatar\\\/b062046536b5d47ec9075956ec349ef95ed06b0f910c578f74abb318668b702e?s=96&d=mm&r=g\",\"caption\":\"Michele\"},\"sameAs\":[\"https:\\\/\\\/www.festivox.fr\\\/blog\"],\"url\":\"https:\\\/\\\/www.festivox.fr\\\/blog\\\/author\\\/voxadmin\\\/\"}]}<\/script>\n<!-- \/ Yoast SEO plugin. -->","yoast_head_json":{"title":"ANDREA LINDSAY: ENTRE LE JAZZ ET LA JAVA - FESTIVOX","robots":{"index":"index","follow":"follow","max-snippet":"max-snippet:-1","max-image-preview":"max-image-preview:large","max-video-preview":"max-video-preview:-1"},"canonical":"https:\/\/www.festivox.fr\/blog\/andrea-lindsay-entre-le-jazz-et-la-java\/","og_locale":"fr_FR","og_type":"article","og_title":"ANDREA LINDSAY: ENTRE LE JAZZ ET LA JAVA - FESTIVOX","og_description":"Nous utilisons les t\u00e9moins de navigation (cookies) afin d&rsquo;op\u00e9rer et d\u2019am\u00e9liorer nos services ainsi qu&rsquo;\u00e0 des fins publicitaires. Le respect de votre vie priv\u00e9e est important pour nous. Si vous n&rsquo;\u00eates pas \u00e0 l&rsquo;aise avec l&rsquo;utilisation de ces informations, veuillez revoir vos param\u00e8tres avant de poursuivre votre visite.G\u00e9rer vos t\u00e9moins de navigationEn savoir plus Cet&hellip;","og_url":"https:\/\/www.festivox.fr\/blog\/andrea-lindsay-entre-le-jazz-et-la-java\/","og_site_name":"FESTIVOX","article_published_time":"2020-01-22T02:30:00+00:00","og_image":[{"url":"https:\/\/www.festivox.fr\/blog\/wp-content\/uploads\/2023\/06\/andrea-lindsay-entre-le-jazz-et-la-java.jpg","type":"","width":"","height":""}],"author":"Michele","twitter_card":"summary_large_image","twitter_misc":{"\u00c9crit par":"Michele","Dur\u00e9e de lecture estim\u00e9e":"1 minute"},"schema":{"@context":"https:\/\/schema.org","@graph":[{"@type":"Article","@id":"https:\/\/www.festivox.fr\/blog\/andrea-lindsay-entre-le-jazz-et-la-java\/#article","isPartOf":{"@id":"https:\/\/www.festivox.fr\/blog\/andrea-lindsay-entre-le-jazz-et-la-java\/"},"author":{"name":"Michele","@id":"https:\/\/www.festivox.fr\/blog\/#\/schema\/person\/f36a8b6bc94800c3eafed4bca993ce95"},"headline":"ANDREA LINDSAY: ENTRE LE JAZZ ET LA JAVA","datePublished":"2020-01-22T02:30:00+00:00","mainEntityOfPage":{"@id":"https:\/\/www.festivox.fr\/blog\/andrea-lindsay-entre-le-jazz-et-la-java\/"},"wordCount":217,"publisher":{"@id":"https:\/\/www.festivox.fr\/blog\/#organization"},"image":{"@id":"https:\/\/www.festivox.fr\/blog\/andrea-lindsay-entre-le-jazz-et-la-java\/#primaryimage"},"thumbnailUrl":"https:\/\/www.festivox.fr\/blog\/wp-content\/uploads\/2023\/06\/andrea-lindsay-entre-le-jazz-et-la-java.jpg","articleSection":["Wiki Sur Festival Jazz Et Musique En Mode Guinguette:"],"inLanguage":"fr-FR"},{"@type":"WebPage","@id":"https:\/\/www.festivox.fr\/blog\/andrea-lindsay-entre-le-jazz-et-la-java\/","url":"https:\/\/www.festivox.fr\/blog\/andrea-lindsay-entre-le-jazz-et-la-java\/","name":"ANDREA LINDSAY: ENTRE LE JAZZ ET LA JAVA - FESTIVOX","isPartOf":{"@id":"https:\/\/www.festivox.fr\/blog\/#website"},"primaryImageOfPage":{"@id":"https:\/\/www.festivox.fr\/blog\/andrea-lindsay-entre-le-jazz-et-la-java\/#primaryimage"},"image":{"@id":"https:\/\/www.festivox.fr\/blog\/andrea-lindsay-entre-le-jazz-et-la-java\/#primaryimage"},"thumbnailUrl":"https:\/\/www.festivox.fr\/blog\/wp-content\/uploads\/2023\/06\/andrea-lindsay-entre-le-jazz-et-la-java.jpg","datePublished":"2020-01-22T02:30:00+00:00","breadcrumb":{"@id":"https:\/\/www.festivox.fr\/blog\/andrea-lindsay-entre-le-jazz-et-la-java\/#breadcrumb"},"inLanguage":"fr-FR","potentialAction":[{"@type":"ReadAction","target":["https:\/\/www.festivox.fr\/blog\/andrea-lindsay-entre-le-jazz-et-la-java\/"]}]},{"@type":"ImageObject","inLanguage":"fr-FR","@id":"https:\/\/www.festivox.fr\/blog\/andrea-lindsay-entre-le-jazz-et-la-java\/#primaryimage","url":"https:\/\/www.festivox.fr\/blog\/wp-content\/uploads\/2023\/06\/andrea-lindsay-entre-le-jazz-et-la-java.jpg","contentUrl":"https:\/\/www.festivox.fr\/blog\/wp-content\/uploads\/2023\/06\/andrea-lindsay-entre-le-jazz-et-la-java.jpg","width":1690,"height":950},{"@type":"BreadcrumbList","@id":"https:\/\/www.festivox.fr\/blog\/andrea-lindsay-entre-le-jazz-et-la-java\/#breadcrumb","itemListElement":[{"@type":"ListItem","position":1,"name":"Accueil","item":"https:\/\/www.festivox.fr\/blog\/"},{"@type":"ListItem","position":2,"name":"ANDREA LINDSAY: ENTRE LE JAZZ ET LA JAVA"}]},{"@type":"WebSite","@id":"https:\/\/www.festivox.fr\/blog\/#website","url":"https:\/\/www.festivox.fr\/blog\/","name":"FESTIVOX","description":"Festival en mode guinguette.","publisher":{"@id":"https:\/\/www.festivox.fr\/blog\/#organization"},"potentialAction":[{"@type":"SearchAction","target":{"@type":"EntryPoint","urlTemplate":"https:\/\/www.festivox.fr\/blog\/?s={search_term_string}"},"query-input":{"@type":"PropertyValueSpecification","valueRequired":true,"valueName":"search_term_string"}}],"inLanguage":"fr-FR"},{"@type":"Organization","@id":"https:\/\/www.festivox.fr\/blog\/#organization","name":"festivox","url":"https:\/\/www.festivox.fr\/blog\/","logo":{"@type":"ImageObject","inLanguage":"fr-FR","@id":"https:\/\/www.festivox.fr\/blog\/#\/schema\/logo\/image\/","url":"https:\/\/www.festivox.fr\/blog\/wp-content\/uploads\/2023\/06\/logo-2.png","contentUrl":"https:\/\/www.festivox.fr\/blog\/wp-content\/uploads\/2023\/06\/logo-2.png","width":480,"height":160,"caption":"festivox"},"image":{"@id":"https:\/\/www.festivox.fr\/blog\/#\/schema\/logo\/image\/"}},{"@type":"Person","@id":"https:\/\/www.festivox.fr\/blog\/#\/schema\/person\/f36a8b6bc94800c3eafed4bca993ce95","name":"Michele","image":{"@type":"ImageObject","inLanguage":"fr-FR","@id":"https:\/\/secure.gravatar.com\/avatar\/b062046536b5d47ec9075956ec349ef95ed06b0f910c578f74abb318668b702e?s=96&d=mm&r=g","url":"https:\/\/secure.gravatar.com\/avatar\/b062046536b5d47ec9075956ec349ef95ed06b0f910c578f74abb318668b702e?s=96&d=mm&r=g","contentUrl":"https:\/\/secure.gravatar.com\/avatar\/b062046536b5d47ec9075956ec349ef95ed06b0f910c578f74abb318668b702e?s=96&d=mm&r=g","caption":"Michele"},"sameAs":["https:\/\/www.festivox.fr\/blog"],"url":"https:\/\/www.festivox.fr\/blog\/author\/voxadmin\/"}]}},"_links":{"self":[{"href":"https:\/\/www.festivox.fr\/blog\/wp-json\/wp\/v2\/posts\/192","targetHints":{"allow":["GET"]}}],"collection":[{"href":"https:\/\/www.festivox.fr\/blog\/wp-json\/wp\/v2\/posts"}],"about":[{"href":"https:\/\/www.festivox.fr\/blog\/wp-json\/wp\/v2\/types\/post"}],"author":[{"embeddable":true,"href":"https:\/\/www.festivox.fr\/blog\/wp-json\/wp\/v2\/users\/1"}],"replies":[{"embeddable":true,"href":"https:\/\/www.festivox.fr\/blog\/wp-json\/wp\/v2\/comments?post=192"}],"version-history":[{"count":0,"href":"https:\/\/www.festivox.fr\/blog\/wp-json\/wp\/v2\/posts\/192\/revisions"}],"wp:featuredmedia":[{"embeddable":true,"href":"https:\/\/www.festivox.fr\/blog\/wp-json\/wp\/v2\/media\/193"}],"wp:attachment":[{"href":"https:\/\/www.festivox.fr\/blog\/wp-json\/wp\/v2\/media?parent=192"}],"wp:term":[{"taxonomy":"category","embeddable":true,"href":"https:\/\/www.festivox.fr\/blog\/wp-json\/wp\/v2\/categories?post=192"},{"taxonomy":"post_tag","embeddable":true,"href":"https:\/\/www.festivox.fr\/blog\/wp-json\/wp\/v2\/tags?post=192"}],"curies":[{"name":"wp","href":"https:\/\/api.w.org\/{rel}","templated":true}]}}