{"id":172,"date":"2023-01-13T07:51:00","date_gmt":"2023-01-13T05:51:00","guid":{"rendered":"https:\/\/www.festivox.fr\/blog\/paroles-et-explication-de-le-jazz-et-la-java\/"},"modified":"2023-01-13T07:51:00","modified_gmt":"2023-01-13T05:51:00","slug":"paroles-et-explication-de-le-jazz-et-la-java","status":"publish","type":"post","link":"https:\/\/www.festivox.fr\/blog\/paroles-et-explication-de-le-jazz-et-la-java\/","title":{"rendered":"Paroles et Explication de Le jazz et la java"},"content":{"rendered":"\n<p>Qui a dit qu&rsquo;un artiste doit chanter durant toute sa vie dans un seul genre musical ? Cette conception tr\u00e8s carr\u00e9e n&rsquo;a pas plu \u00e0 notre chanteur <u><a href=\"https:\/\/greatsong.net\/CLAUDE-NOUGARO,1716.html\" target=\"_blank\" rel=\"nofollow\">Claude Nougaro<\/a><\/u>. Le chanteur \u00e9tait tr\u00e8s polyvalent, il chantait le jazz et la java sans discrimination, il a int\u00e9gr\u00e9 le cin\u00e9ma avec la musique, de quoi faire de son art un art de g\u00e9nie.<\/p>\n<p><b>\u00ab Le jazz et la java \u00bb<\/b> est un titre embl\u00e9matique de Claude Nougaro paru en<b> 1962<\/b>, la chanson est \u00e9crite par <b>Jacques Datin<\/b> et orchestr\u00e9e par <u><a href=\"https:\/\/greatsong.net\/MICHEL-LEGRAND,1553.html\" target=\"_blank\" rel=\"nofollow\">Michel Legrand<\/a><\/u>. <b>\u00ab Le jazz et la java \u00bb<\/b> n&rsquo;est que l&rsquo;adaptation en langue fran\u00e7aise de la chanson jazz am\u00e9ricaine <b>\u00ab Three to get ready \u00bb<\/b> de Dave Brubeck.<\/p>\n<div class=\"medium-insert-images\">\n<figure>\n<img decoding=\"async\" alt=\"Claude Nougaro\" height=\"200\" src=\"https:\/\/static2.greatsong.net\/contexte\/web\/claude-nougaro-le-jazz-et-la-java-164.jpg\"><br \/>\n<\/figure>\n<\/div>\n<p>La chanson a un ton humoristique. N\u00e9anmoins, le message v\u00e9hicul\u00e9 pourrait \u00eatre aper\u00e7u comme \u00e9tant engag\u00e9. La chanson sort dans un contexte artistique influenc\u00e9 par le y\u00e9y\u00e9, et par la java. Les fran\u00e7ais \u00e9taient tr\u00e8s fiers d&rsquo;<u><a href=\"https:\/\/greatsong.net\/EDITH-PIAF,1001.html\" target=\"_blank\" rel=\"nofollow\">Edith Piaf<\/a><\/u> qui c\u00e9l\u00e8bre des valses de Java partout dans le monde.<\/p>\n<p>Claude Nourago va \u00e0 contre-sens. Il met en exergue un style de musique afro-am\u00e9ricain, arriv\u00e9 en France vers les ann\u00e9es 30, qui n&rsquo;est autre que le jazz. L&rsquo;amour du jazz n&rsquo;est pas tomb\u00e9 du ciel pour notre chanteur. Il \u00e9coutait ce genre de musique depuis qu&rsquo;il \u00e9tait \u00e9colier \u00e0 la radio, il d\u00e9clare : <\/p>\n<blockquote><p><b><i>\u00ab Le jazz pour moi, c&rsquo;\u00e9tait le luxe de ma mis\u00e8re \u00bb.<\/i><\/b><\/p><\/blockquote>\n<p>\u00c0 travers les paroles de la chanson, Claude Nourago parle de la cohabitation de deux styles musicaux tr\u00e8s diff\u00e9rents. Le fran\u00e7ais qu&rsquo;il est, le fait aimer la java, l&rsquo;artiste polyvalent qu&rsquo;il est le fait go\u00fbt\u00e9 au jazz. La chanson est impr\u00e9gn\u00e9e de quelques secondes de silence, ce qui t\u00e9moigne du talent d&rsquo;interpr\u00e9tation de l&rsquo;artiste. En effet, malgr\u00e9 ces r\u00e9pits, il ne perd pas son rythme.<\/p>\n<div class=\"medium-insert-images\">\n<figure>\n<img decoding=\"async\" alt=\"Claude Nougaro\" height=\"200\" src=\"https:\/\/static2.greatsong.net\/contexte\/web\/claude-nougaro-le-jazz-et-la-java-913.jpg\"><br \/>\n<\/figure>\n<\/div>\n<p>Claude Nougaro \u00e9tait d&rsquo;une ouverture d&rsquo;esprit inou\u00efe. Aimer Piaf ne l&rsquo;a pas emp\u00each\u00e9 d&rsquo;aimer <u><a href=\"https:\/\/greatsong.net\/LOUIS-ARMSTRONG,7210.html\" target=\"_blank\" rel=\"nofollow\">Armstrong<\/a><\/u>. Le chanteur a marqu\u00e9 le territoire de jazz francophone \u00e0 tout jamais. \u00c0 travers <b>\u00ab La jazz et la java \u00bb<\/b>, l&rsquo;artiste fait preuve d&rsquo;une connaissance musicale et d&rsquo;un talent extraordinaire.<\/p>\n<p> Cet article, qui traite du th\u00e8me \u00ab\u00a0Festival Jazz et musique en mode guinguette\u00a0\u00bb, vous est d\u00e9lib\u00e9r\u00e9ment offert par festivox.fr. La raison d\u2019\u00eatre de festivox.fr est de parler de Festival Jazz et musique en mode guinguette dans la transparence la plus g\u00e9n\u00e9rale en vous procurant la visibilit\u00e9 de tout ce qui est publi\u00e9 sur ce sujet sur le web La chronique a \u00e9t\u00e9 g\u00e9n\u00e9r\u00e9e de la mani\u00e8re la plus honn\u00eate que possible. S\u2019il advenait que vous projetez d\u2019apporter quelques notes concernant le domaine de \u00ab\u00a0Festival Jazz et musique en mode guinguette\u00a0\u00bb vous avez la possibilit\u00e9 de d&rsquo;\u00e9changer avec notre r\u00e9daction. Dans peu de temps, on mettra en ligne d&rsquo;autres informations pertinentes autour du sujet \u00ab\u00a0Festival Jazz et musique en mode guinguette\u00a0\u00bb. Ainsi, consultez r\u00e9guli\u00e8rement notre site.<\/p>\n","protected":false},"excerpt":{"rendered":"<p>Qui a dit qu&rsquo;un artiste doit chanter durant toute sa vie dans un seul genre musical ? Cette conception tr\u00e8s carr\u00e9e n&rsquo;a pas plu \u00e0 notre chanteur Claude Nougaro. Le chanteur \u00e9tait tr\u00e8s polyvalent, il chantait le jazz et la java sans discrimination, il a int\u00e9gr\u00e9 le cin\u00e9ma avec la musique, de quoi faire de&hellip;<\/p>\n","protected":false},"author":1,"featured_media":0,"comment_status":"closed","ping_status":"closed","sticky":false,"template":"","format":"standard","meta":{"footnotes":""},"categories":[3],"tags":[],"class_list":["post-172","post","type-post","status-publish","format-standard","hentry","category-wiki-sur-festival-jazz-et-musique-en-mode-guinguette"],"yoast_head":"<!-- This site is optimized with the Yoast SEO plugin v27.5 - https:\/\/yoast.com\/product\/yoast-seo-wordpress\/ -->\n<title>Paroles et Explication de Le jazz et la java - FESTIVOX<\/title>\n<meta name=\"robots\" content=\"index, follow, max-snippet:-1, max-image-preview:large, max-video-preview:-1\" \/>\n<link rel=\"canonical\" href=\"https:\/\/www.festivox.fr\/blog\/paroles-et-explication-de-le-jazz-et-la-java\/\" \/>\n<meta property=\"og:locale\" content=\"fr_FR\" \/>\n<meta property=\"og:type\" content=\"article\" \/>\n<meta property=\"og:title\" content=\"Paroles et Explication de Le jazz et la java - FESTIVOX\" \/>\n<meta property=\"og:description\" content=\"Qui a dit qu&rsquo;un artiste doit chanter durant toute sa vie dans un seul genre musical ? Cette conception tr\u00e8s carr\u00e9e n&rsquo;a pas plu \u00e0 notre chanteur Claude Nougaro. Le chanteur \u00e9tait tr\u00e8s polyvalent, il chantait le jazz et la java sans discrimination, il a int\u00e9gr\u00e9 le cin\u00e9ma avec la musique, de quoi faire de&hellip;\" \/>\n<meta property=\"og:url\" content=\"https:\/\/www.festivox.fr\/blog\/paroles-et-explication-de-le-jazz-et-la-java\/\" \/>\n<meta property=\"og:site_name\" content=\"FESTIVOX\" \/>\n<meta property=\"article:published_time\" content=\"2023-01-13T05:51:00+00:00\" \/>\n<meta property=\"og:image\" content=\"https:\/\/static2.greatsong.net\/contexte\/web\/claude-nougaro-le-jazz-et-la-java-164.jpg\" \/>\n<meta name=\"author\" content=\"Michele\" \/>\n<meta name=\"twitter:card\" content=\"summary_large_image\" \/>\n<meta name=\"twitter:label1\" content=\"\u00c9crit par\" \/>\n\t<meta name=\"twitter:data1\" content=\"Michele\" \/>\n\t<meta name=\"twitter:label2\" content=\"Dur\u00e9e de lecture estim\u00e9e\" \/>\n\t<meta name=\"twitter:data2\" content=\"3 minutes\" \/>\n<script type=\"application\/ld+json\" class=\"yoast-schema-graph\">{\"@context\":\"https:\\\/\\\/schema.org\",\"@graph\":[{\"@type\":\"Article\",\"@id\":\"https:\\\/\\\/www.festivox.fr\\\/blog\\\/paroles-et-explication-de-le-jazz-et-la-java\\\/#article\",\"isPartOf\":{\"@id\":\"https:\\\/\\\/www.festivox.fr\\\/blog\\\/paroles-et-explication-de-le-jazz-et-la-java\\\/\"},\"author\":{\"name\":\"Michele\",\"@id\":\"https:\\\/\\\/www.festivox.fr\\\/blog\\\/#\\\/schema\\\/person\\\/f36a8b6bc94800c3eafed4bca993ce95\"},\"headline\":\"Paroles et Explication de Le jazz et la java\",\"datePublished\":\"2023-01-13T05:51:00+00:00\",\"mainEntityOfPage\":{\"@id\":\"https:\\\/\\\/www.festivox.fr\\\/blog\\\/paroles-et-explication-de-le-jazz-et-la-java\\\/\"},\"wordCount\":511,\"publisher\":{\"@id\":\"https:\\\/\\\/www.festivox.fr\\\/blog\\\/#organization\"},\"image\":{\"@id\":\"https:\\\/\\\/www.festivox.fr\\\/blog\\\/paroles-et-explication-de-le-jazz-et-la-java\\\/#primaryimage\"},\"thumbnailUrl\":\"https:\\\/\\\/static2.greatsong.net\\\/contexte\\\/web\\\/claude-nougaro-le-jazz-et-la-java-164.jpg\",\"articleSection\":[\"Wiki Sur Festival Jazz Et Musique En Mode Guinguette:\"],\"inLanguage\":\"fr-FR\"},{\"@type\":\"WebPage\",\"@id\":\"https:\\\/\\\/www.festivox.fr\\\/blog\\\/paroles-et-explication-de-le-jazz-et-la-java\\\/\",\"url\":\"https:\\\/\\\/www.festivox.fr\\\/blog\\\/paroles-et-explication-de-le-jazz-et-la-java\\\/\",\"name\":\"Paroles et Explication de Le jazz et la java - FESTIVOX\",\"isPartOf\":{\"@id\":\"https:\\\/\\\/www.festivox.fr\\\/blog\\\/#website\"},\"primaryImageOfPage\":{\"@id\":\"https:\\\/\\\/www.festivox.fr\\\/blog\\\/paroles-et-explication-de-le-jazz-et-la-java\\\/#primaryimage\"},\"image\":{\"@id\":\"https:\\\/\\\/www.festivox.fr\\\/blog\\\/paroles-et-explication-de-le-jazz-et-la-java\\\/#primaryimage\"},\"thumbnailUrl\":\"https:\\\/\\\/static2.greatsong.net\\\/contexte\\\/web\\\/claude-nougaro-le-jazz-et-la-java-164.jpg\",\"datePublished\":\"2023-01-13T05:51:00+00:00\",\"breadcrumb\":{\"@id\":\"https:\\\/\\\/www.festivox.fr\\\/blog\\\/paroles-et-explication-de-le-jazz-et-la-java\\\/#breadcrumb\"},\"inLanguage\":\"fr-FR\",\"potentialAction\":[{\"@type\":\"ReadAction\",\"target\":[\"https:\\\/\\\/www.festivox.fr\\\/blog\\\/paroles-et-explication-de-le-jazz-et-la-java\\\/\"]}]},{\"@type\":\"ImageObject\",\"inLanguage\":\"fr-FR\",\"@id\":\"https:\\\/\\\/www.festivox.fr\\\/blog\\\/paroles-et-explication-de-le-jazz-et-la-java\\\/#primaryimage\",\"url\":\"https:\\\/\\\/static2.greatsong.net\\\/contexte\\\/web\\\/claude-nougaro-le-jazz-et-la-java-164.jpg\",\"contentUrl\":\"https:\\\/\\\/static2.greatsong.net\\\/contexte\\\/web\\\/claude-nougaro-le-jazz-et-la-java-164.jpg\"},{\"@type\":\"BreadcrumbList\",\"@id\":\"https:\\\/\\\/www.festivox.fr\\\/blog\\\/paroles-et-explication-de-le-jazz-et-la-java\\\/#breadcrumb\",\"itemListElement\":[{\"@type\":\"ListItem\",\"position\":1,\"name\":\"Accueil\",\"item\":\"https:\\\/\\\/www.festivox.fr\\\/blog\\\/\"},{\"@type\":\"ListItem\",\"position\":2,\"name\":\"Paroles et Explication de Le jazz et la java\"}]},{\"@type\":\"WebSite\",\"@id\":\"https:\\\/\\\/www.festivox.fr\\\/blog\\\/#website\",\"url\":\"https:\\\/\\\/www.festivox.fr\\\/blog\\\/\",\"name\":\"FESTIVOX\",\"description\":\"Festival en mode guinguette.\",\"publisher\":{\"@id\":\"https:\\\/\\\/www.festivox.fr\\\/blog\\\/#organization\"},\"potentialAction\":[{\"@type\":\"SearchAction\",\"target\":{\"@type\":\"EntryPoint\",\"urlTemplate\":\"https:\\\/\\\/www.festivox.fr\\\/blog\\\/?s={search_term_string}\"},\"query-input\":{\"@type\":\"PropertyValueSpecification\",\"valueRequired\":true,\"valueName\":\"search_term_string\"}}],\"inLanguage\":\"fr-FR\"},{\"@type\":\"Organization\",\"@id\":\"https:\\\/\\\/www.festivox.fr\\\/blog\\\/#organization\",\"name\":\"festivox\",\"url\":\"https:\\\/\\\/www.festivox.fr\\\/blog\\\/\",\"logo\":{\"@type\":\"ImageObject\",\"inLanguage\":\"fr-FR\",\"@id\":\"https:\\\/\\\/www.festivox.fr\\\/blog\\\/#\\\/schema\\\/logo\\\/image\\\/\",\"url\":\"https:\\\/\\\/www.festivox.fr\\\/blog\\\/wp-content\\\/uploads\\\/2023\\\/06\\\/logo-2.png\",\"contentUrl\":\"https:\\\/\\\/www.festivox.fr\\\/blog\\\/wp-content\\\/uploads\\\/2023\\\/06\\\/logo-2.png\",\"width\":480,\"height\":160,\"caption\":\"festivox\"},\"image\":{\"@id\":\"https:\\\/\\\/www.festivox.fr\\\/blog\\\/#\\\/schema\\\/logo\\\/image\\\/\"}},{\"@type\":\"Person\",\"@id\":\"https:\\\/\\\/www.festivox.fr\\\/blog\\\/#\\\/schema\\\/person\\\/f36a8b6bc94800c3eafed4bca993ce95\",\"name\":\"Michele\",\"image\":{\"@type\":\"ImageObject\",\"inLanguage\":\"fr-FR\",\"@id\":\"https:\\\/\\\/secure.gravatar.com\\\/avatar\\\/b062046536b5d47ec9075956ec349ef95ed06b0f910c578f74abb318668b702e?s=96&d=mm&r=g\",\"url\":\"https:\\\/\\\/secure.gravatar.com\\\/avatar\\\/b062046536b5d47ec9075956ec349ef95ed06b0f910c578f74abb318668b702e?s=96&d=mm&r=g\",\"contentUrl\":\"https:\\\/\\\/secure.gravatar.com\\\/avatar\\\/b062046536b5d47ec9075956ec349ef95ed06b0f910c578f74abb318668b702e?s=96&d=mm&r=g\",\"caption\":\"Michele\"},\"sameAs\":[\"https:\\\/\\\/www.festivox.fr\\\/blog\"],\"url\":\"https:\\\/\\\/www.festivox.fr\\\/blog\\\/author\\\/voxadmin\\\/\"}]}<\/script>\n<!-- \/ Yoast SEO plugin. -->","yoast_head_json":{"title":"Paroles et Explication de Le jazz et la java - FESTIVOX","robots":{"index":"index","follow":"follow","max-snippet":"max-snippet:-1","max-image-preview":"max-image-preview:large","max-video-preview":"max-video-preview:-1"},"canonical":"https:\/\/www.festivox.fr\/blog\/paroles-et-explication-de-le-jazz-et-la-java\/","og_locale":"fr_FR","og_type":"article","og_title":"Paroles et Explication de Le jazz et la java - FESTIVOX","og_description":"Qui a dit qu&rsquo;un artiste doit chanter durant toute sa vie dans un seul genre musical ? Cette conception tr\u00e8s carr\u00e9e n&rsquo;a pas plu \u00e0 notre chanteur Claude Nougaro. Le chanteur \u00e9tait tr\u00e8s polyvalent, il chantait le jazz et la java sans discrimination, il a int\u00e9gr\u00e9 le cin\u00e9ma avec la musique, de quoi faire de&hellip;","og_url":"https:\/\/www.festivox.fr\/blog\/paroles-et-explication-de-le-jazz-et-la-java\/","og_site_name":"FESTIVOX","article_published_time":"2023-01-13T05:51:00+00:00","og_image":[{"url":"https:\/\/static2.greatsong.net\/contexte\/web\/claude-nougaro-le-jazz-et-la-java-164.jpg","type":"","width":"","height":""}],"author":"Michele","twitter_card":"summary_large_image","twitter_misc":{"\u00c9crit par":"Michele","Dur\u00e9e de lecture estim\u00e9e":"3 minutes"},"schema":{"@context":"https:\/\/schema.org","@graph":[{"@type":"Article","@id":"https:\/\/www.festivox.fr\/blog\/paroles-et-explication-de-le-jazz-et-la-java\/#article","isPartOf":{"@id":"https:\/\/www.festivox.fr\/blog\/paroles-et-explication-de-le-jazz-et-la-java\/"},"author":{"name":"Michele","@id":"https:\/\/www.festivox.fr\/blog\/#\/schema\/person\/f36a8b6bc94800c3eafed4bca993ce95"},"headline":"Paroles et Explication de Le jazz et la java","datePublished":"2023-01-13T05:51:00+00:00","mainEntityOfPage":{"@id":"https:\/\/www.festivox.fr\/blog\/paroles-et-explication-de-le-jazz-et-la-java\/"},"wordCount":511,"publisher":{"@id":"https:\/\/www.festivox.fr\/blog\/#organization"},"image":{"@id":"https:\/\/www.festivox.fr\/blog\/paroles-et-explication-de-le-jazz-et-la-java\/#primaryimage"},"thumbnailUrl":"https:\/\/static2.greatsong.net\/contexte\/web\/claude-nougaro-le-jazz-et-la-java-164.jpg","articleSection":["Wiki Sur Festival Jazz Et Musique En Mode Guinguette:"],"inLanguage":"fr-FR"},{"@type":"WebPage","@id":"https:\/\/www.festivox.fr\/blog\/paroles-et-explication-de-le-jazz-et-la-java\/","url":"https:\/\/www.festivox.fr\/blog\/paroles-et-explication-de-le-jazz-et-la-java\/","name":"Paroles et Explication de Le jazz et la java - FESTIVOX","isPartOf":{"@id":"https:\/\/www.festivox.fr\/blog\/#website"},"primaryImageOfPage":{"@id":"https:\/\/www.festivox.fr\/blog\/paroles-et-explication-de-le-jazz-et-la-java\/#primaryimage"},"image":{"@id":"https:\/\/www.festivox.fr\/blog\/paroles-et-explication-de-le-jazz-et-la-java\/#primaryimage"},"thumbnailUrl":"https:\/\/static2.greatsong.net\/contexte\/web\/claude-nougaro-le-jazz-et-la-java-164.jpg","datePublished":"2023-01-13T05:51:00+00:00","breadcrumb":{"@id":"https:\/\/www.festivox.fr\/blog\/paroles-et-explication-de-le-jazz-et-la-java\/#breadcrumb"},"inLanguage":"fr-FR","potentialAction":[{"@type":"ReadAction","target":["https:\/\/www.festivox.fr\/blog\/paroles-et-explication-de-le-jazz-et-la-java\/"]}]},{"@type":"ImageObject","inLanguage":"fr-FR","@id":"https:\/\/www.festivox.fr\/blog\/paroles-et-explication-de-le-jazz-et-la-java\/#primaryimage","url":"https:\/\/static2.greatsong.net\/contexte\/web\/claude-nougaro-le-jazz-et-la-java-164.jpg","contentUrl":"https:\/\/static2.greatsong.net\/contexte\/web\/claude-nougaro-le-jazz-et-la-java-164.jpg"},{"@type":"BreadcrumbList","@id":"https:\/\/www.festivox.fr\/blog\/paroles-et-explication-de-le-jazz-et-la-java\/#breadcrumb","itemListElement":[{"@type":"ListItem","position":1,"name":"Accueil","item":"https:\/\/www.festivox.fr\/blog\/"},{"@type":"ListItem","position":2,"name":"Paroles et Explication de Le jazz et la java"}]},{"@type":"WebSite","@id":"https:\/\/www.festivox.fr\/blog\/#website","url":"https:\/\/www.festivox.fr\/blog\/","name":"FESTIVOX","description":"Festival en mode guinguette.","publisher":{"@id":"https:\/\/www.festivox.fr\/blog\/#organization"},"potentialAction":[{"@type":"SearchAction","target":{"@type":"EntryPoint","urlTemplate":"https:\/\/www.festivox.fr\/blog\/?s={search_term_string}"},"query-input":{"@type":"PropertyValueSpecification","valueRequired":true,"valueName":"search_term_string"}}],"inLanguage":"fr-FR"},{"@type":"Organization","@id":"https:\/\/www.festivox.fr\/blog\/#organization","name":"festivox","url":"https:\/\/www.festivox.fr\/blog\/","logo":{"@type":"ImageObject","inLanguage":"fr-FR","@id":"https:\/\/www.festivox.fr\/blog\/#\/schema\/logo\/image\/","url":"https:\/\/www.festivox.fr\/blog\/wp-content\/uploads\/2023\/06\/logo-2.png","contentUrl":"https:\/\/www.festivox.fr\/blog\/wp-content\/uploads\/2023\/06\/logo-2.png","width":480,"height":160,"caption":"festivox"},"image":{"@id":"https:\/\/www.festivox.fr\/blog\/#\/schema\/logo\/image\/"}},{"@type":"Person","@id":"https:\/\/www.festivox.fr\/blog\/#\/schema\/person\/f36a8b6bc94800c3eafed4bca993ce95","name":"Michele","image":{"@type":"ImageObject","inLanguage":"fr-FR","@id":"https:\/\/secure.gravatar.com\/avatar\/b062046536b5d47ec9075956ec349ef95ed06b0f910c578f74abb318668b702e?s=96&d=mm&r=g","url":"https:\/\/secure.gravatar.com\/avatar\/b062046536b5d47ec9075956ec349ef95ed06b0f910c578f74abb318668b702e?s=96&d=mm&r=g","contentUrl":"https:\/\/secure.gravatar.com\/avatar\/b062046536b5d47ec9075956ec349ef95ed06b0f910c578f74abb318668b702e?s=96&d=mm&r=g","caption":"Michele"},"sameAs":["https:\/\/www.festivox.fr\/blog"],"url":"https:\/\/www.festivox.fr\/blog\/author\/voxadmin\/"}]}},"_links":{"self":[{"href":"https:\/\/www.festivox.fr\/blog\/wp-json\/wp\/v2\/posts\/172","targetHints":{"allow":["GET"]}}],"collection":[{"href":"https:\/\/www.festivox.fr\/blog\/wp-json\/wp\/v2\/posts"}],"about":[{"href":"https:\/\/www.festivox.fr\/blog\/wp-json\/wp\/v2\/types\/post"}],"author":[{"embeddable":true,"href":"https:\/\/www.festivox.fr\/blog\/wp-json\/wp\/v2\/users\/1"}],"replies":[{"embeddable":true,"href":"https:\/\/www.festivox.fr\/blog\/wp-json\/wp\/v2\/comments?post=172"}],"version-history":[{"count":0,"href":"https:\/\/www.festivox.fr\/blog\/wp-json\/wp\/v2\/posts\/172\/revisions"}],"wp:attachment":[{"href":"https:\/\/www.festivox.fr\/blog\/wp-json\/wp\/v2\/media?parent=172"}],"wp:term":[{"taxonomy":"category","embeddable":true,"href":"https:\/\/www.festivox.fr\/blog\/wp-json\/wp\/v2\/categories?post=172"},{"taxonomy":"post_tag","embeddable":true,"href":"https:\/\/www.festivox.fr\/blog\/wp-json\/wp\/v2\/tags?post=172"}],"curies":[{"name":"wp","href":"https:\/\/api.w.org\/{rel}","templated":true}]}}