{"id":166,"date":"2023-06-13T22:50:00","date_gmt":"2023-06-13T20:50:00","guid":{"rendered":"https:\/\/www.festivox.fr\/blog\/puymjazz-vingt-ans-deja\/"},"modified":"2023-06-13T22:50:00","modified_gmt":"2023-06-13T20:50:00","slug":"puymjazz-vingt-ans-deja","status":"publish","type":"post","link":"https:\/\/www.festivox.fr\/blog\/puymjazz-vingt-ans-deja\/","title":{"rendered":"Puym\u2019Jazz\u2026 vingt ans d\u00e9j\u00e0"},"content":{"rendered":"\n<div><img decoding=\"async\" src=\"https:\/\/www.festivox.fr\/blog\/wp-content\/uploads\/2023\/06\/puymjazz-vingt-ans-deja.jpg\" class=\"ff-og-image-inserted\"><\/div>\n<p>Pour son vingti\u00e8me anniversaire, Puym\u2019Jazz propose une \u00e9dition toute en subtilit\u00e9. Trois soir\u00e9es d\u2019exception \u00e0 l\u2019\u00e9nergie d\u00e9bordante o\u00f9 le jazz va se d\u00e9cliner en swing, blues, rock and roll et boogie-woogie. Amateurs, n\u00e9ophytes, danseurs, vous aimez la musique, le jazz, les belles ambiances ? Alors venez d\u00e9couvrir ces trois soir\u00e9es magiques qui se d\u00e9rouleront dans la bastide de Puymirol les 19,20 et 21 juillet,<\/p>\n<p><!-- Pub DFP Position [outstream] --> <\/p>\n<p>Vous pourrez \u00e0 partir de 19 heures profiter de concerts off (gratuits) sur la place des Corni\u00e8res et \u00e0 partir de 21 heures vous d\u00e9placer place de la Citadelle pour assister aux concerts in (payants).<\/p>\n<p><!-- Pub DFP Position [article] --> <\/p>\n<h2 class=\"txt-int\">Le programme<\/h2>\n<p>Le mercredi 19 juillet off (gratuit) \u00e0 19 heures avec : Looking Forward (le renouveau des ann\u00e9es 60). In \u00e0 21 heures avec Cat and the Mint (du blues au rock and roll) ; jeudi 20 juillet,<\/p>\n<p>off (gratuit) \u00e0 19 heures avec Quint\u00e9 Quintet (les ann\u00e9es 30 revisit\u00e9es), in \u00e0 21 heures avec Louis Prima Forever (jazz, swing rhythm and blues) ; vendredi 21 juillet : off (gratuit) \u00e0 19 heures avec Sat Trio (jazz \u00e9clectique), in \u00e0 21 heures avec Nirek Mokar et boogie Messengers (boogie-woogie).<\/p>\n<p>La r\u00e9servation est fortement conseill\u00e9e pour les concerts in (groupes de musiciens \u00e0 port\u00e9e internationale) via www, puymjazz, com ou pat t\u00e9l\u00e9phone au 07 68 68 83 14 ou au 07 82 45 84 20.<\/p>\n<p>Tarifs : 17 euros 1 concert, 42 euros le pack des 3 concerts, gratuit pour les jeunes de moins de 15 ans, les \u00e9tudiants et les demandeurs d\u2019emploi (sur justificatif).<\/p>\n<p>Les concerts off sont anim\u00e9s par des groupes de musiciens locaux, ils sont gratuits (pas de r\u00e9servation) et se d\u00e9roulent sur le site de la restauration,<\/p>\n<p>Trois prestataires pour vous restaurer sur la place des Corni\u00e8res.<\/p>\n<p>Les trois soirs : Hangart Bus, t\u00e9l. 06 08 69 97 50, et le restaurant Le Bastid, t\u00e9l. 05 53 68 38 59.<\/p>\n<p>Le 19 juillet, Mireilles Pizzas, t\u00e9l. 07 81 18 45 80, Les 20 et 21 juillet, Family Pizza, t\u00e9l. 06 49 65 63 55.<\/p>\n<footer class=\"txt-note\"><i>Le site : <a href=\"http:\/\/www.puymjazz.com\" target=\"_blank\" rel=\"nofollow noopener\">www.puymjazz.com<\/a> pour tout renseignement compl\u00e9mentaire ou 07 68 68 83 <a href=\"http:\/\/14.Il\" target=\"_blank\" rel=\"nofollow noopener\">14.Il<\/a> ne vous reste plus qu\u2019\u00e0 venir f\u00eater les vingt ans de Puym\u2019Jazz dans une ambiance chaleureuse et conviviale sur un site tr\u00e8s agr\u00e9able.<\/i><\/footer>\n<p> Cet article, qui traite du th\u00e8me \u00ab\u00a0Festival Jazz et musique en mode guinguette\u00a0\u00bb, vous est d\u00e9lib\u00e9r\u00e9ment offert par festivox.fr. La raison d\u2019\u00eatre de festivox.fr est de parler de Festival Jazz et musique en mode guinguette dans la transparence la plus g\u00e9n\u00e9rale en vous procurant la visibilit\u00e9 de tout ce qui est publi\u00e9 sur ce sujet sur le web La chronique a \u00e9t\u00e9 g\u00e9n\u00e9r\u00e9e de la mani\u00e8re la plus honn\u00eate que possible. S\u2019il advenait que vous projetez d\u2019apporter quelques notes concernant le domaine de \u00ab\u00a0Festival Jazz et musique en mode guinguette\u00a0\u00bb vous avez la possibilit\u00e9 de d&rsquo;\u00e9changer avec notre r\u00e9daction. Dans peu de temps, on mettra en ligne d&rsquo;autres informations pertinentes autour du sujet \u00ab\u00a0Festival Jazz et musique en mode guinguette\u00a0\u00bb. Ainsi, consultez r\u00e9guli\u00e8rement notre site.<\/p>\n","protected":false},"excerpt":{"rendered":"<p>Pour son vingti\u00e8me anniversaire, Puym\u2019Jazz propose une \u00e9dition toute en subtilit\u00e9. Trois soir\u00e9es d\u2019exception \u00e0 l\u2019\u00e9nergie d\u00e9bordante o\u00f9 le jazz va se d\u00e9cliner en swing, blues, rock and roll et boogie-woogie. Amateurs, n\u00e9ophytes, danseurs, vous aimez la musique, le jazz, les belles ambiances ? Alors venez d\u00e9couvrir ces trois soir\u00e9es magiques qui se d\u00e9rouleront dans&hellip;<\/p>\n","protected":false},"author":1,"featured_media":167,"comment_status":"closed","ping_status":"closed","sticky":false,"template":"","format":"standard","meta":{"footnotes":""},"categories":[3],"tags":[],"class_list":["post-166","post","type-post","status-publish","format-standard","has-post-thumbnail","hentry","category-wiki-sur-festival-jazz-et-musique-en-mode-guinguette"],"yoast_head":"<!-- This site is optimized with the Yoast SEO plugin v27.5 - https:\/\/yoast.com\/product\/yoast-seo-wordpress\/ -->\n<title>Puym\u2019Jazz\u2026 vingt ans d\u00e9j\u00e0 - FESTIVOX<\/title>\n<meta name=\"robots\" content=\"index, follow, max-snippet:-1, max-image-preview:large, max-video-preview:-1\" \/>\n<link rel=\"canonical\" href=\"https:\/\/www.festivox.fr\/blog\/puymjazz-vingt-ans-deja\/\" \/>\n<meta property=\"og:locale\" content=\"fr_FR\" \/>\n<meta property=\"og:type\" content=\"article\" \/>\n<meta property=\"og:title\" content=\"Puym\u2019Jazz\u2026 vingt ans d\u00e9j\u00e0 - FESTIVOX\" \/>\n<meta property=\"og:description\" content=\"Pour son vingti\u00e8me anniversaire, Puym\u2019Jazz propose une \u00e9dition toute en subtilit\u00e9. Trois soir\u00e9es d\u2019exception \u00e0 l\u2019\u00e9nergie d\u00e9bordante o\u00f9 le jazz va se d\u00e9cliner en swing, blues, rock and roll et boogie-woogie. Amateurs, n\u00e9ophytes, danseurs, vous aimez la musique, le jazz, les belles ambiances ? Alors venez d\u00e9couvrir ces trois soir\u00e9es magiques qui se d\u00e9rouleront dans&hellip;\" \/>\n<meta property=\"og:url\" content=\"https:\/\/www.festivox.fr\/blog\/puymjazz-vingt-ans-deja\/\" \/>\n<meta property=\"og:site_name\" content=\"FESTIVOX\" \/>\n<meta property=\"article:published_time\" content=\"2023-06-13T20:50:00+00:00\" \/>\n<meta property=\"og:image\" content=\"https:\/\/www.festivox.fr\/blog\/wp-content\/uploads\/2023\/06\/puymjazz-vingt-ans-deja.jpg\" \/>\n<meta name=\"author\" content=\"Michele\" \/>\n<meta name=\"twitter:card\" content=\"summary_large_image\" \/>\n<meta name=\"twitter:label1\" content=\"\u00c9crit par\" \/>\n\t<meta name=\"twitter:data1\" content=\"Michele\" \/>\n\t<meta name=\"twitter:label2\" content=\"Dur\u00e9e de lecture estim\u00e9e\" \/>\n\t<meta name=\"twitter:data2\" content=\"2 minutes\" \/>\n<script type=\"application\/ld+json\" class=\"yoast-schema-graph\">{\"@context\":\"https:\\\/\\\/schema.org\",\"@graph\":[{\"@type\":\"Article\",\"@id\":\"https:\\\/\\\/www.festivox.fr\\\/blog\\\/puymjazz-vingt-ans-deja\\\/#article\",\"isPartOf\":{\"@id\":\"https:\\\/\\\/www.festivox.fr\\\/blog\\\/puymjazz-vingt-ans-deja\\\/\"},\"author\":{\"name\":\"Michele\",\"@id\":\"https:\\\/\\\/www.festivox.fr\\\/blog\\\/#\\\/schema\\\/person\\\/f36a8b6bc94800c3eafed4bca993ce95\"},\"headline\":\"Puym\u2019Jazz\u2026 vingt ans d\u00e9j\u00e0\",\"datePublished\":\"2023-06-13T20:50:00+00:00\",\"mainEntityOfPage\":{\"@id\":\"https:\\\/\\\/www.festivox.fr\\\/blog\\\/puymjazz-vingt-ans-deja\\\/\"},\"wordCount\":487,\"publisher\":{\"@id\":\"https:\\\/\\\/www.festivox.fr\\\/blog\\\/#organization\"},\"image\":{\"@id\":\"https:\\\/\\\/www.festivox.fr\\\/blog\\\/puymjazz-vingt-ans-deja\\\/#primaryimage\"},\"thumbnailUrl\":\"https:\\\/\\\/www.festivox.fr\\\/blog\\\/wp-content\\\/uploads\\\/2023\\\/06\\\/puymjazz-vingt-ans-deja.jpg\",\"articleSection\":[\"Wiki Sur Festival Jazz Et Musique En Mode Guinguette:\"],\"inLanguage\":\"fr-FR\"},{\"@type\":\"WebPage\",\"@id\":\"https:\\\/\\\/www.festivox.fr\\\/blog\\\/puymjazz-vingt-ans-deja\\\/\",\"url\":\"https:\\\/\\\/www.festivox.fr\\\/blog\\\/puymjazz-vingt-ans-deja\\\/\",\"name\":\"Puym\u2019Jazz\u2026 vingt ans d\u00e9j\u00e0 - FESTIVOX\",\"isPartOf\":{\"@id\":\"https:\\\/\\\/www.festivox.fr\\\/blog\\\/#website\"},\"primaryImageOfPage\":{\"@id\":\"https:\\\/\\\/www.festivox.fr\\\/blog\\\/puymjazz-vingt-ans-deja\\\/#primaryimage\"},\"image\":{\"@id\":\"https:\\\/\\\/www.festivox.fr\\\/blog\\\/puymjazz-vingt-ans-deja\\\/#primaryimage\"},\"thumbnailUrl\":\"https:\\\/\\\/www.festivox.fr\\\/blog\\\/wp-content\\\/uploads\\\/2023\\\/06\\\/puymjazz-vingt-ans-deja.jpg\",\"datePublished\":\"2023-06-13T20:50:00+00:00\",\"breadcrumb\":{\"@id\":\"https:\\\/\\\/www.festivox.fr\\\/blog\\\/puymjazz-vingt-ans-deja\\\/#breadcrumb\"},\"inLanguage\":\"fr-FR\",\"potentialAction\":[{\"@type\":\"ReadAction\",\"target\":[\"https:\\\/\\\/www.festivox.fr\\\/blog\\\/puymjazz-vingt-ans-deja\\\/\"]}]},{\"@type\":\"ImageObject\",\"inLanguage\":\"fr-FR\",\"@id\":\"https:\\\/\\\/www.festivox.fr\\\/blog\\\/puymjazz-vingt-ans-deja\\\/#primaryimage\",\"url\":\"https:\\\/\\\/www.festivox.fr\\\/blog\\\/wp-content\\\/uploads\\\/2023\\\/06\\\/puymjazz-vingt-ans-deja.jpg\",\"contentUrl\":\"https:\\\/\\\/www.festivox.fr\\\/blog\\\/wp-content\\\/uploads\\\/2023\\\/06\\\/puymjazz-vingt-ans-deja.jpg\",\"width\":885,\"height\":500},{\"@type\":\"BreadcrumbList\",\"@id\":\"https:\\\/\\\/www.festivox.fr\\\/blog\\\/puymjazz-vingt-ans-deja\\\/#breadcrumb\",\"itemListElement\":[{\"@type\":\"ListItem\",\"position\":1,\"name\":\"Accueil\",\"item\":\"https:\\\/\\\/www.festivox.fr\\\/blog\\\/\"},{\"@type\":\"ListItem\",\"position\":2,\"name\":\"Puym\u2019Jazz\u2026 vingt ans d\u00e9j\u00e0\"}]},{\"@type\":\"WebSite\",\"@id\":\"https:\\\/\\\/www.festivox.fr\\\/blog\\\/#website\",\"url\":\"https:\\\/\\\/www.festivox.fr\\\/blog\\\/\",\"name\":\"FESTIVOX\",\"description\":\"Festival en mode guinguette.\",\"publisher\":{\"@id\":\"https:\\\/\\\/www.festivox.fr\\\/blog\\\/#organization\"},\"potentialAction\":[{\"@type\":\"SearchAction\",\"target\":{\"@type\":\"EntryPoint\",\"urlTemplate\":\"https:\\\/\\\/www.festivox.fr\\\/blog\\\/?s={search_term_string}\"},\"query-input\":{\"@type\":\"PropertyValueSpecification\",\"valueRequired\":true,\"valueName\":\"search_term_string\"}}],\"inLanguage\":\"fr-FR\"},{\"@type\":\"Organization\",\"@id\":\"https:\\\/\\\/www.festivox.fr\\\/blog\\\/#organization\",\"name\":\"festivox\",\"url\":\"https:\\\/\\\/www.festivox.fr\\\/blog\\\/\",\"logo\":{\"@type\":\"ImageObject\",\"inLanguage\":\"fr-FR\",\"@id\":\"https:\\\/\\\/www.festivox.fr\\\/blog\\\/#\\\/schema\\\/logo\\\/image\\\/\",\"url\":\"https:\\\/\\\/www.festivox.fr\\\/blog\\\/wp-content\\\/uploads\\\/2023\\\/06\\\/logo-2.png\",\"contentUrl\":\"https:\\\/\\\/www.festivox.fr\\\/blog\\\/wp-content\\\/uploads\\\/2023\\\/06\\\/logo-2.png\",\"width\":480,\"height\":160,\"caption\":\"festivox\"},\"image\":{\"@id\":\"https:\\\/\\\/www.festivox.fr\\\/blog\\\/#\\\/schema\\\/logo\\\/image\\\/\"}},{\"@type\":\"Person\",\"@id\":\"https:\\\/\\\/www.festivox.fr\\\/blog\\\/#\\\/schema\\\/person\\\/f36a8b6bc94800c3eafed4bca993ce95\",\"name\":\"Michele\",\"image\":{\"@type\":\"ImageObject\",\"inLanguage\":\"fr-FR\",\"@id\":\"https:\\\/\\\/secure.gravatar.com\\\/avatar\\\/b062046536b5d47ec9075956ec349ef95ed06b0f910c578f74abb318668b702e?s=96&d=mm&r=g\",\"url\":\"https:\\\/\\\/secure.gravatar.com\\\/avatar\\\/b062046536b5d47ec9075956ec349ef95ed06b0f910c578f74abb318668b702e?s=96&d=mm&r=g\",\"contentUrl\":\"https:\\\/\\\/secure.gravatar.com\\\/avatar\\\/b062046536b5d47ec9075956ec349ef95ed06b0f910c578f74abb318668b702e?s=96&d=mm&r=g\",\"caption\":\"Michele\"},\"sameAs\":[\"https:\\\/\\\/www.festivox.fr\\\/blog\"],\"url\":\"https:\\\/\\\/www.festivox.fr\\\/blog\\\/author\\\/voxadmin\\\/\"}]}<\/script>\n<!-- \/ Yoast SEO plugin. -->","yoast_head_json":{"title":"Puym\u2019Jazz\u2026 vingt ans d\u00e9j\u00e0 - FESTIVOX","robots":{"index":"index","follow":"follow","max-snippet":"max-snippet:-1","max-image-preview":"max-image-preview:large","max-video-preview":"max-video-preview:-1"},"canonical":"https:\/\/www.festivox.fr\/blog\/puymjazz-vingt-ans-deja\/","og_locale":"fr_FR","og_type":"article","og_title":"Puym\u2019Jazz\u2026 vingt ans d\u00e9j\u00e0 - FESTIVOX","og_description":"Pour son vingti\u00e8me anniversaire, Puym\u2019Jazz propose une \u00e9dition toute en subtilit\u00e9. Trois soir\u00e9es d\u2019exception \u00e0 l\u2019\u00e9nergie d\u00e9bordante o\u00f9 le jazz va se d\u00e9cliner en swing, blues, rock and roll et boogie-woogie. Amateurs, n\u00e9ophytes, danseurs, vous aimez la musique, le jazz, les belles ambiances ? Alors venez d\u00e9couvrir ces trois soir\u00e9es magiques qui se d\u00e9rouleront dans&hellip;","og_url":"https:\/\/www.festivox.fr\/blog\/puymjazz-vingt-ans-deja\/","og_site_name":"FESTIVOX","article_published_time":"2023-06-13T20:50:00+00:00","og_image":[{"url":"https:\/\/www.festivox.fr\/blog\/wp-content\/uploads\/2023\/06\/puymjazz-vingt-ans-deja.jpg","type":"","width":"","height":""}],"author":"Michele","twitter_card":"summary_large_image","twitter_misc":{"\u00c9crit par":"Michele","Dur\u00e9e de lecture estim\u00e9e":"2 minutes"},"schema":{"@context":"https:\/\/schema.org","@graph":[{"@type":"Article","@id":"https:\/\/www.festivox.fr\/blog\/puymjazz-vingt-ans-deja\/#article","isPartOf":{"@id":"https:\/\/www.festivox.fr\/blog\/puymjazz-vingt-ans-deja\/"},"author":{"name":"Michele","@id":"https:\/\/www.festivox.fr\/blog\/#\/schema\/person\/f36a8b6bc94800c3eafed4bca993ce95"},"headline":"Puym\u2019Jazz\u2026 vingt ans d\u00e9j\u00e0","datePublished":"2023-06-13T20:50:00+00:00","mainEntityOfPage":{"@id":"https:\/\/www.festivox.fr\/blog\/puymjazz-vingt-ans-deja\/"},"wordCount":487,"publisher":{"@id":"https:\/\/www.festivox.fr\/blog\/#organization"},"image":{"@id":"https:\/\/www.festivox.fr\/blog\/puymjazz-vingt-ans-deja\/#primaryimage"},"thumbnailUrl":"https:\/\/www.festivox.fr\/blog\/wp-content\/uploads\/2023\/06\/puymjazz-vingt-ans-deja.jpg","articleSection":["Wiki Sur Festival Jazz Et Musique En Mode Guinguette:"],"inLanguage":"fr-FR"},{"@type":"WebPage","@id":"https:\/\/www.festivox.fr\/blog\/puymjazz-vingt-ans-deja\/","url":"https:\/\/www.festivox.fr\/blog\/puymjazz-vingt-ans-deja\/","name":"Puym\u2019Jazz\u2026 vingt ans d\u00e9j\u00e0 - FESTIVOX","isPartOf":{"@id":"https:\/\/www.festivox.fr\/blog\/#website"},"primaryImageOfPage":{"@id":"https:\/\/www.festivox.fr\/blog\/puymjazz-vingt-ans-deja\/#primaryimage"},"image":{"@id":"https:\/\/www.festivox.fr\/blog\/puymjazz-vingt-ans-deja\/#primaryimage"},"thumbnailUrl":"https:\/\/www.festivox.fr\/blog\/wp-content\/uploads\/2023\/06\/puymjazz-vingt-ans-deja.jpg","datePublished":"2023-06-13T20:50:00+00:00","breadcrumb":{"@id":"https:\/\/www.festivox.fr\/blog\/puymjazz-vingt-ans-deja\/#breadcrumb"},"inLanguage":"fr-FR","potentialAction":[{"@type":"ReadAction","target":["https:\/\/www.festivox.fr\/blog\/puymjazz-vingt-ans-deja\/"]}]},{"@type":"ImageObject","inLanguage":"fr-FR","@id":"https:\/\/www.festivox.fr\/blog\/puymjazz-vingt-ans-deja\/#primaryimage","url":"https:\/\/www.festivox.fr\/blog\/wp-content\/uploads\/2023\/06\/puymjazz-vingt-ans-deja.jpg","contentUrl":"https:\/\/www.festivox.fr\/blog\/wp-content\/uploads\/2023\/06\/puymjazz-vingt-ans-deja.jpg","width":885,"height":500},{"@type":"BreadcrumbList","@id":"https:\/\/www.festivox.fr\/blog\/puymjazz-vingt-ans-deja\/#breadcrumb","itemListElement":[{"@type":"ListItem","position":1,"name":"Accueil","item":"https:\/\/www.festivox.fr\/blog\/"},{"@type":"ListItem","position":2,"name":"Puym\u2019Jazz\u2026 vingt ans d\u00e9j\u00e0"}]},{"@type":"WebSite","@id":"https:\/\/www.festivox.fr\/blog\/#website","url":"https:\/\/www.festivox.fr\/blog\/","name":"FESTIVOX","description":"Festival en mode guinguette.","publisher":{"@id":"https:\/\/www.festivox.fr\/blog\/#organization"},"potentialAction":[{"@type":"SearchAction","target":{"@type":"EntryPoint","urlTemplate":"https:\/\/www.festivox.fr\/blog\/?s={search_term_string}"},"query-input":{"@type":"PropertyValueSpecification","valueRequired":true,"valueName":"search_term_string"}}],"inLanguage":"fr-FR"},{"@type":"Organization","@id":"https:\/\/www.festivox.fr\/blog\/#organization","name":"festivox","url":"https:\/\/www.festivox.fr\/blog\/","logo":{"@type":"ImageObject","inLanguage":"fr-FR","@id":"https:\/\/www.festivox.fr\/blog\/#\/schema\/logo\/image\/","url":"https:\/\/www.festivox.fr\/blog\/wp-content\/uploads\/2023\/06\/logo-2.png","contentUrl":"https:\/\/www.festivox.fr\/blog\/wp-content\/uploads\/2023\/06\/logo-2.png","width":480,"height":160,"caption":"festivox"},"image":{"@id":"https:\/\/www.festivox.fr\/blog\/#\/schema\/logo\/image\/"}},{"@type":"Person","@id":"https:\/\/www.festivox.fr\/blog\/#\/schema\/person\/f36a8b6bc94800c3eafed4bca993ce95","name":"Michele","image":{"@type":"ImageObject","inLanguage":"fr-FR","@id":"https:\/\/secure.gravatar.com\/avatar\/b062046536b5d47ec9075956ec349ef95ed06b0f910c578f74abb318668b702e?s=96&d=mm&r=g","url":"https:\/\/secure.gravatar.com\/avatar\/b062046536b5d47ec9075956ec349ef95ed06b0f910c578f74abb318668b702e?s=96&d=mm&r=g","contentUrl":"https:\/\/secure.gravatar.com\/avatar\/b062046536b5d47ec9075956ec349ef95ed06b0f910c578f74abb318668b702e?s=96&d=mm&r=g","caption":"Michele"},"sameAs":["https:\/\/www.festivox.fr\/blog"],"url":"https:\/\/www.festivox.fr\/blog\/author\/voxadmin\/"}]}},"_links":{"self":[{"href":"https:\/\/www.festivox.fr\/blog\/wp-json\/wp\/v2\/posts\/166","targetHints":{"allow":["GET"]}}],"collection":[{"href":"https:\/\/www.festivox.fr\/blog\/wp-json\/wp\/v2\/posts"}],"about":[{"href":"https:\/\/www.festivox.fr\/blog\/wp-json\/wp\/v2\/types\/post"}],"author":[{"embeddable":true,"href":"https:\/\/www.festivox.fr\/blog\/wp-json\/wp\/v2\/users\/1"}],"replies":[{"embeddable":true,"href":"https:\/\/www.festivox.fr\/blog\/wp-json\/wp\/v2\/comments?post=166"}],"version-history":[{"count":0,"href":"https:\/\/www.festivox.fr\/blog\/wp-json\/wp\/v2\/posts\/166\/revisions"}],"wp:featuredmedia":[{"embeddable":true,"href":"https:\/\/www.festivox.fr\/blog\/wp-json\/wp\/v2\/media\/167"}],"wp:attachment":[{"href":"https:\/\/www.festivox.fr\/blog\/wp-json\/wp\/v2\/media?parent=166"}],"wp:term":[{"taxonomy":"category","embeddable":true,"href":"https:\/\/www.festivox.fr\/blog\/wp-json\/wp\/v2\/categories?post=166"},{"taxonomy":"post_tag","embeddable":true,"href":"https:\/\/www.festivox.fr\/blog\/wp-json\/wp\/v2\/tags?post=166"}],"curies":[{"name":"wp","href":"https:\/\/api.w.org\/{rel}","templated":true}]}}