{"id":164,"date":"2023-05-22T06:56:00","date_gmt":"2023-05-22T04:56:00","guid":{"rendered":"https:\/\/www.festivox.fr\/blog\/festival-de-jazz-a-malguenac-une-26e-edition-tentaculaire\/"},"modified":"2023-05-22T06:56:00","modified_gmt":"2023-05-22T04:56:00","slug":"festival-de-jazz-a-malguenac-une-26e-edition-tentaculaire","status":"publish","type":"post","link":"https:\/\/www.festivox.fr\/blog\/festival-de-jazz-a-malguenac-une-26e-edition-tentaculaire\/","title":{"rendered":"Festival de jazz \u00e0 Malgu\u00e9nac : une 26e \u00e9dition tentaculaire"},"content":{"rendered":"\n<p>Depuis 1998, les amateurs de jazz se pressent chaque \u00e9t\u00e9 \u00e0 <a href=\"https:\/\/pontivy.maville.com\/bretagne\/morbihan\/malguenac\/\" target=\"_blank\" rel=\"nofollow\">Malgu\u00e9nac<\/a> (<a href=\"https:\/\/www.ouest-france.fr\/bretagne\/morbihan\/\" target=\"_blank\" rel=\"noopener nofollow\">Morbihan<\/a>). <a href=\"https:\/\/pontivy.maville.com\/actu\/actudet_-morbihan.-25e-festival-de-jazz-de-malguenac-notre-meilleure-edition-_12-5375795_actu.Htm\" target=\"_blank\" rel=\"nofollow\">Oui, chaque \u00e9t\u00e9<\/a>. <a href=\"https:\/\/pontivy.maville.com\/actu\/actudet_-malguenac.-le-festival-arts-des-villes-arts-des-champs-fetera-ses-25-ans-en-2022-_12-5099792_actu.Htm\" target=\"_blank\" rel=\"nofollow\">Le festival Arts des villes, arts des champs<\/a> a toujours tenu bon, m\u00eame ces derni\u00e8res ann\u00e9es, durant la crise du Covid-19. Passe sanitaire, masques, gel hydroalcoolique\u2026 Malgr\u00e9 les contraintes, les organisateurs avaient r\u00e9ussi leur pari en 2020&nbsp;: <strong>\u00ab&nbsp;Comme nous \u00e9tions le seul festival maintenu, nous avions eu droit \u00e0 tous les m\u00e9dias&nbsp;\u00bb,<\/strong> s\u2019amuse aujourd\u2019hui Olivier Martin, membre du conseil d\u2019administration de <a href=\"https:\/\/pontivy.maville.com\/actu\/actudet_-malguenac.-depuis-22-ans-le-jazz-fait-vibrer-la-campagne-en-centre-bretagne_52707-3777266_actu.Htm\" target=\"_blank\" rel=\"nofollow\">l\u2019association Polyculture, qui organise le festival<\/a>.<\/p>\n<p>Chaque ann\u00e9e, un th\u00e8me est mis en avant par les organisateurs. Pour cette 26<sup>e<\/sup> \u00e9dition, du jeudi&nbsp;17 au dimanche 20&nbsp;ao\u00fbt 2023, le choix s\u2019est port\u00e9 sur\u2026 le poulpe. <strong>\u00ab&nbsp;Il y a un c\u00f4t\u00e9 absurde et esth\u00e9tique,<\/strong> explique Olivier Martin. <strong>Au festival, on milite pour les fonds marins en Bretagne, la d\u00e9fense de l\u2019environnement. Et le poulpe, avec ses tentacules, repr\u00e9sente bien le jazz, qui part dans diff\u00e9rentes directions.&nbsp;\u00bb<\/strong><\/p>\n<p>Rap, rock et \u00e9lectro<\/p>\n<p>\u00c0 l\u2019image du poulpe, le programme va, lui aussi, partir dans tous les sens. Cinq concerts par soir sont pr\u00e9vus les 17, 18 et 19&nbsp;ao\u00fbt. Avec du jazz, bien s\u00fbr, mais pas que. <strong>\u00ab&nbsp;On ouvre les portes \u00e0 d\u2019autres artistes que l\u2019on veut d\u00e9fendre. Que ce soit du rock, du rap, de la musique afro-am\u00e9ricaine\u2026 Le jazz a inspir\u00e9 de nombreuses influences. On essaie aussi de choisir des artistes cal\u00e9s dans l\u2019improvisation.&nbsp;\u00bb<\/strong> Rejoignant ainsi le concept du jazz.<\/p>\n<p>Dans le c\u00f4t\u00e9 un peu d\u00e9jant\u00e9, <a href=\"https:\/\/pontivy.maville.com\/actu\/actudet_-malguenac.-trois-premiers-noms-pour-le-festival-de-jazz-2023-_12-5675228_actu.Htm\" target=\"_blank\" rel=\"nofollow\">on retrouvera le duo breton Horla, avec Jack Titley \u00e0 la mandoline et Pauline Willerval au violoncelle<\/a>, en ouverture du festival. Ou encore Antiloops, avec la fl\u00fbtiste&nbsp;Ludivine Issambourg, qui m\u00eale jazz, \u00e9lectro, funk, hip-hop et soul. <strong>\u00ab&nbsp;Avec le groupe Ishkero, c\u2019est la g\u00e9n\u00e9ration montante. On a \u00e9galement r\u00e9ussi \u00e0 faire venir le pianiste italien Antonio&nbsp;Fara\u00f2, qui a pr\u00e8s de trente ans de carri\u00e8re. Il a jou\u00e9 avec les plus grands comme Wayne Shorter ou Miles Davis.&nbsp;\u00bb<\/strong><\/p>\n<div class=\"elmt-photo\"> <img decoding=\"async\" src=\"https:\/\/www.festivox.fr\/blog\/wp-content\/uploads\/2023\/06\/festival-de-jazz-a-malguenac-une-26e-edition-tentaculaire.jpg\" alt=\"photo le pianiste italien antonio fara\u00f2 sera en trio avec ira coleman et billy hart, le vendredi 18&nbsp;ao\u00fbt 2023, au festival de jazz de malgu\u00e9nac (morbihan). \u00a9 festival de malgu\u00e9nac\" width=\"640\" title=\" Le pianiste italien Antonio Fara\u00f2 sera en trio avec Ira Coleman et Billy Hart, le vendredi 18&nbsp;ao\u00fbt 2023, au festival de jazz de Malgu\u00e9nac (Morbihan). Festival de Malgu\u00e9nac \">\n<\/div>\n<p class=\"elmt-legende\"> Le pianiste italien Antonio Fara\u00f2 sera en trio avec Ira Coleman et Billy Hart, le vendredi 18&nbsp;ao\u00fbt 2023, au festival de jazz de Malgu\u00e9nac (Morbihan). \u00a9 Festival de Malgu\u00e9nac <\/p>\n<p>Spectacles et expositions dans le bourg<\/p>\n<p>Le dernier soir, les femmes donneront le tempo avec le groupe Kaolila, exclusivement f\u00e9minin <strong>\u00ab&nbsp;qui propose des chansons en breton uniquement sur les femmes&nbsp;\u00bb.<\/strong> Olivier Martin se f\u00e9licite \u00e9galement de la venue de Jupiter &amp; Okwess, un groupe de Kinshasa (Congo). <strong>\u00ab&nbsp;Chaque \u00e9t\u00e9, il ne tourne qu\u2019en Am\u00e9rique. Et finalement, le groupe va commencer sa tourn\u00e9e europ\u00e9enne chez nous.&nbsp;\u00bb<\/strong> Enfin, la rappeuse Casey, avec le groupe Ausgang, aura la lourde t\u00e2che de clore le festival.<\/p>\n<p>Une capacit\u00e9 de 1&nbsp;400&nbsp;spectateurs<\/p>\n<p>Les deux sc\u00e8nes install\u00e9es dans le bourg \u2013 la salle R\u00e9sonance et le bal mont\u00e9 \u2013 permettront d\u2019accueillir respectivement jusqu\u2019\u00e0 900 et 500&nbsp;spectateurs. En parall\u00e8le, un festival off se d\u00e9roulera au bar Ty Lou avec des concerts et expositions d\u2019arts plastiques.<\/p>\n<p>Le samedi, des spectacles seront programm\u00e9s toute la journ\u00e9e. <strong>\u00ab&nbsp;Gigi Bourdin, qui est d\u00e9c\u00e9d\u00e9 l\u2019an dernier, avait cr\u00e9\u00e9 un dernier spectacle qui sera jou\u00e9 par une troupe de th\u00e9\u00e2tre&nbsp;\u00bb,<\/strong> annonce Olivier Martin.&nbsp;Les jeunes du conservatoire de Pontivy proposeront un concert. Des ateliers de chants et de danses indiennes donneront lieu \u00e0 des restitutions. Un vide-greniers et une balade cont\u00e9e seront aussi au menu.&nbsp;On vous le r\u00e9p\u00e8te, \u00e7a partira dans tous les sens&nbsp;!<\/p>\n<p><strong>Du 17 au 20&nbsp;ao\u00fbt 2023,<\/strong> festival de jazz Arts des villes, arts des champs, dans le bourg de Malgu\u00e9nac. Ouverture de <a href=\"https:\/\/festival-malguenac.fr\/billetterie\/\" target=\"_blank\" rel=\"nofollow\">la billetterie en ligne<\/a> prochainement&nbsp;sur le site www.festival-malguenac.fr<\/p>\n<p>  Cet article, qui traite du th\u00e8me \u00ab\u00a0Festival Jazz et musique en mode guinguette\u00a0\u00bb, vous est d\u00e9lib\u00e9r\u00e9ment offert par festivox.fr. La raison d\u2019\u00eatre de festivox.fr est de parler de Festival Jazz et musique en mode guinguette dans la transparence la plus g\u00e9n\u00e9rale en vous procurant la visibilit\u00e9 de tout ce qui est publi\u00e9 sur ce sujet sur le web La chronique a \u00e9t\u00e9 g\u00e9n\u00e9r\u00e9e de la mani\u00e8re la plus honn\u00eate que possible. S\u2019il advenait que vous projetez d\u2019apporter quelques notes concernant le domaine de \u00ab\u00a0Festival Jazz et musique en mode guinguette\u00a0\u00bb vous avez la possibilit\u00e9 de d&rsquo;\u00e9changer avec notre r\u00e9daction. Dans peu de temps, on mettra en ligne d&rsquo;autres informations pertinentes autour du sujet \u00ab\u00a0Festival Jazz et musique en mode guinguette\u00a0\u00bb. Ainsi, consultez r\u00e9guli\u00e8rement notre site.<\/p>\n","protected":false},"excerpt":{"rendered":"<p>Depuis 1998, les amateurs de jazz se pressent chaque \u00e9t\u00e9 \u00e0 Malgu\u00e9nac (Morbihan). Oui, chaque \u00e9t\u00e9. Le festival Arts des villes, arts des champs a toujours tenu bon, m\u00eame ces derni\u00e8res ann\u00e9es, durant la crise du Covid-19. Passe sanitaire, masques, gel hydroalcoolique\u2026 Malgr\u00e9 les contraintes, les organisateurs avaient r\u00e9ussi leur pari en 2020&nbsp;: \u00ab&nbsp;Comme nous&hellip;<\/p>\n","protected":false},"author":1,"featured_media":165,"comment_status":"closed","ping_status":"closed","sticky":false,"template":"","format":"standard","meta":{"footnotes":""},"categories":[3],"tags":[],"class_list":["post-164","post","type-post","status-publish","format-standard","has-post-thumbnail","hentry","category-wiki-sur-festival-jazz-et-musique-en-mode-guinguette"],"yoast_head":"<!-- This site is optimized with the Yoast SEO plugin v27.5 - https:\/\/yoast.com\/product\/yoast-seo-wordpress\/ -->\n<title>Festival de jazz \u00e0 Malgu\u00e9nac : une 26e \u00e9dition tentaculaire - FESTIVOX<\/title>\n<meta name=\"robots\" content=\"index, follow, max-snippet:-1, max-image-preview:large, max-video-preview:-1\" \/>\n<link rel=\"canonical\" href=\"https:\/\/www.festivox.fr\/blog\/festival-de-jazz-a-malguenac-une-26e-edition-tentaculaire\/\" \/>\n<meta property=\"og:locale\" content=\"fr_FR\" \/>\n<meta property=\"og:type\" content=\"article\" \/>\n<meta property=\"og:title\" content=\"Festival de jazz \u00e0 Malgu\u00e9nac : une 26e \u00e9dition tentaculaire - FESTIVOX\" \/>\n<meta property=\"og:description\" content=\"Depuis 1998, les amateurs de jazz se pressent chaque \u00e9t\u00e9 \u00e0 Malgu\u00e9nac (Morbihan). Oui, chaque \u00e9t\u00e9. Le festival Arts des villes, arts des champs a toujours tenu bon, m\u00eame ces derni\u00e8res ann\u00e9es, durant la crise du Covid-19. Passe sanitaire, masques, gel hydroalcoolique\u2026 Malgr\u00e9 les contraintes, les organisateurs avaient r\u00e9ussi leur pari en 2020&nbsp;: \u00ab&nbsp;Comme nous&hellip;\" \/>\n<meta property=\"og:url\" content=\"https:\/\/www.festivox.fr\/blog\/festival-de-jazz-a-malguenac-une-26e-edition-tentaculaire\/\" \/>\n<meta property=\"og:site_name\" content=\"FESTIVOX\" \/>\n<meta property=\"article:published_time\" content=\"2023-05-22T04:56:00+00:00\" \/>\n<meta property=\"og:image\" content=\"https:\/\/www.festivox.fr\/blog\/wp-content\/uploads\/2023\/06\/festival-de-jazz-a-malguenac-une-26e-edition-tentaculaire.jpg\" \/>\n<meta name=\"author\" content=\"Michele\" \/>\n<meta name=\"twitter:card\" content=\"summary_large_image\" \/>\n<meta name=\"twitter:label1\" content=\"\u00c9crit par\" \/>\n\t<meta name=\"twitter:data1\" content=\"Michele\" \/>\n\t<meta name=\"twitter:label2\" content=\"Dur\u00e9e de lecture estim\u00e9e\" \/>\n\t<meta name=\"twitter:data2\" content=\"4 minutes\" \/>\n<script type=\"application\/ld+json\" class=\"yoast-schema-graph\">{\"@context\":\"https:\\\/\\\/schema.org\",\"@graph\":[{\"@type\":\"Article\",\"@id\":\"https:\\\/\\\/www.festivox.fr\\\/blog\\\/festival-de-jazz-a-malguenac-une-26e-edition-tentaculaire\\\/#article\",\"isPartOf\":{\"@id\":\"https:\\\/\\\/www.festivox.fr\\\/blog\\\/festival-de-jazz-a-malguenac-une-26e-edition-tentaculaire\\\/\"},\"author\":{\"name\":\"Michele\",\"@id\":\"https:\\\/\\\/www.festivox.fr\\\/blog\\\/#\\\/schema\\\/person\\\/f36a8b6bc94800c3eafed4bca993ce95\"},\"headline\":\"Festival de jazz \u00e0 Malgu\u00e9nac : une 26e \u00e9dition tentaculaire\",\"datePublished\":\"2023-05-22T04:56:00+00:00\",\"mainEntityOfPage\":{\"@id\":\"https:\\\/\\\/www.festivox.fr\\\/blog\\\/festival-de-jazz-a-malguenac-une-26e-edition-tentaculaire\\\/\"},\"wordCount\":810,\"publisher\":{\"@id\":\"https:\\\/\\\/www.festivox.fr\\\/blog\\\/#organization\"},\"image\":{\"@id\":\"https:\\\/\\\/www.festivox.fr\\\/blog\\\/festival-de-jazz-a-malguenac-une-26e-edition-tentaculaire\\\/#primaryimage\"},\"thumbnailUrl\":\"https:\\\/\\\/www.festivox.fr\\\/blog\\\/wp-content\\\/uploads\\\/2023\\\/06\\\/festival-de-jazz-a-malguenac-une-26e-edition-tentaculaire.jpg\",\"articleSection\":[\"Wiki Sur Festival Jazz Et Musique En Mode Guinguette:\"],\"inLanguage\":\"fr-FR\"},{\"@type\":\"WebPage\",\"@id\":\"https:\\\/\\\/www.festivox.fr\\\/blog\\\/festival-de-jazz-a-malguenac-une-26e-edition-tentaculaire\\\/\",\"url\":\"https:\\\/\\\/www.festivox.fr\\\/blog\\\/festival-de-jazz-a-malguenac-une-26e-edition-tentaculaire\\\/\",\"name\":\"Festival de jazz \u00e0 Malgu\u00e9nac : une 26e \u00e9dition tentaculaire - FESTIVOX\",\"isPartOf\":{\"@id\":\"https:\\\/\\\/www.festivox.fr\\\/blog\\\/#website\"},\"primaryImageOfPage\":{\"@id\":\"https:\\\/\\\/www.festivox.fr\\\/blog\\\/festival-de-jazz-a-malguenac-une-26e-edition-tentaculaire\\\/#primaryimage\"},\"image\":{\"@id\":\"https:\\\/\\\/www.festivox.fr\\\/blog\\\/festival-de-jazz-a-malguenac-une-26e-edition-tentaculaire\\\/#primaryimage\"},\"thumbnailUrl\":\"https:\\\/\\\/www.festivox.fr\\\/blog\\\/wp-content\\\/uploads\\\/2023\\\/06\\\/festival-de-jazz-a-malguenac-une-26e-edition-tentaculaire.jpg\",\"datePublished\":\"2023-05-22T04:56:00+00:00\",\"breadcrumb\":{\"@id\":\"https:\\\/\\\/www.festivox.fr\\\/blog\\\/festival-de-jazz-a-malguenac-une-26e-edition-tentaculaire\\\/#breadcrumb\"},\"inLanguage\":\"fr-FR\",\"potentialAction\":[{\"@type\":\"ReadAction\",\"target\":[\"https:\\\/\\\/www.festivox.fr\\\/blog\\\/festival-de-jazz-a-malguenac-une-26e-edition-tentaculaire\\\/\"]}]},{\"@type\":\"ImageObject\",\"inLanguage\":\"fr-FR\",\"@id\":\"https:\\\/\\\/www.festivox.fr\\\/blog\\\/festival-de-jazz-a-malguenac-une-26e-edition-tentaculaire\\\/#primaryimage\",\"url\":\"https:\\\/\\\/www.festivox.fr\\\/blog\\\/wp-content\\\/uploads\\\/2023\\\/06\\\/festival-de-jazz-a-malguenac-une-26e-edition-tentaculaire.jpg\",\"contentUrl\":\"https:\\\/\\\/www.festivox.fr\\\/blog\\\/wp-content\\\/uploads\\\/2023\\\/06\\\/festival-de-jazz-a-malguenac-une-26e-edition-tentaculaire.jpg\",\"width\":640,\"height\":480},{\"@type\":\"BreadcrumbList\",\"@id\":\"https:\\\/\\\/www.festivox.fr\\\/blog\\\/festival-de-jazz-a-malguenac-une-26e-edition-tentaculaire\\\/#breadcrumb\",\"itemListElement\":[{\"@type\":\"ListItem\",\"position\":1,\"name\":\"Accueil\",\"item\":\"https:\\\/\\\/www.festivox.fr\\\/blog\\\/\"},{\"@type\":\"ListItem\",\"position\":2,\"name\":\"Festival de jazz \u00e0 Malgu\u00e9nac : une 26e \u00e9dition tentaculaire\"}]},{\"@type\":\"WebSite\",\"@id\":\"https:\\\/\\\/www.festivox.fr\\\/blog\\\/#website\",\"url\":\"https:\\\/\\\/www.festivox.fr\\\/blog\\\/\",\"name\":\"FESTIVOX\",\"description\":\"Festival en mode guinguette.\",\"publisher\":{\"@id\":\"https:\\\/\\\/www.festivox.fr\\\/blog\\\/#organization\"},\"potentialAction\":[{\"@type\":\"SearchAction\",\"target\":{\"@type\":\"EntryPoint\",\"urlTemplate\":\"https:\\\/\\\/www.festivox.fr\\\/blog\\\/?s={search_term_string}\"},\"query-input\":{\"@type\":\"PropertyValueSpecification\",\"valueRequired\":true,\"valueName\":\"search_term_string\"}}],\"inLanguage\":\"fr-FR\"},{\"@type\":\"Organization\",\"@id\":\"https:\\\/\\\/www.festivox.fr\\\/blog\\\/#organization\",\"name\":\"festivox\",\"url\":\"https:\\\/\\\/www.festivox.fr\\\/blog\\\/\",\"logo\":{\"@type\":\"ImageObject\",\"inLanguage\":\"fr-FR\",\"@id\":\"https:\\\/\\\/www.festivox.fr\\\/blog\\\/#\\\/schema\\\/logo\\\/image\\\/\",\"url\":\"https:\\\/\\\/www.festivox.fr\\\/blog\\\/wp-content\\\/uploads\\\/2023\\\/06\\\/logo-2.png\",\"contentUrl\":\"https:\\\/\\\/www.festivox.fr\\\/blog\\\/wp-content\\\/uploads\\\/2023\\\/06\\\/logo-2.png\",\"width\":480,\"height\":160,\"caption\":\"festivox\"},\"image\":{\"@id\":\"https:\\\/\\\/www.festivox.fr\\\/blog\\\/#\\\/schema\\\/logo\\\/image\\\/\"}},{\"@type\":\"Person\",\"@id\":\"https:\\\/\\\/www.festivox.fr\\\/blog\\\/#\\\/schema\\\/person\\\/f36a8b6bc94800c3eafed4bca993ce95\",\"name\":\"Michele\",\"image\":{\"@type\":\"ImageObject\",\"inLanguage\":\"fr-FR\",\"@id\":\"https:\\\/\\\/secure.gravatar.com\\\/avatar\\\/b062046536b5d47ec9075956ec349ef95ed06b0f910c578f74abb318668b702e?s=96&d=mm&r=g\",\"url\":\"https:\\\/\\\/secure.gravatar.com\\\/avatar\\\/b062046536b5d47ec9075956ec349ef95ed06b0f910c578f74abb318668b702e?s=96&d=mm&r=g\",\"contentUrl\":\"https:\\\/\\\/secure.gravatar.com\\\/avatar\\\/b062046536b5d47ec9075956ec349ef95ed06b0f910c578f74abb318668b702e?s=96&d=mm&r=g\",\"caption\":\"Michele\"},\"sameAs\":[\"https:\\\/\\\/www.festivox.fr\\\/blog\"],\"url\":\"https:\\\/\\\/www.festivox.fr\\\/blog\\\/author\\\/voxadmin\\\/\"}]}<\/script>\n<!-- \/ Yoast SEO plugin. -->","yoast_head_json":{"title":"Festival de jazz \u00e0 Malgu\u00e9nac : une 26e \u00e9dition tentaculaire - FESTIVOX","robots":{"index":"index","follow":"follow","max-snippet":"max-snippet:-1","max-image-preview":"max-image-preview:large","max-video-preview":"max-video-preview:-1"},"canonical":"https:\/\/www.festivox.fr\/blog\/festival-de-jazz-a-malguenac-une-26e-edition-tentaculaire\/","og_locale":"fr_FR","og_type":"article","og_title":"Festival de jazz \u00e0 Malgu\u00e9nac : une 26e \u00e9dition tentaculaire - FESTIVOX","og_description":"Depuis 1998, les amateurs de jazz se pressent chaque \u00e9t\u00e9 \u00e0 Malgu\u00e9nac (Morbihan). Oui, chaque \u00e9t\u00e9. Le festival Arts des villes, arts des champs a toujours tenu bon, m\u00eame ces derni\u00e8res ann\u00e9es, durant la crise du Covid-19. Passe sanitaire, masques, gel hydroalcoolique\u2026 Malgr\u00e9 les contraintes, les organisateurs avaient r\u00e9ussi leur pari en 2020&nbsp;: \u00ab&nbsp;Comme nous&hellip;","og_url":"https:\/\/www.festivox.fr\/blog\/festival-de-jazz-a-malguenac-une-26e-edition-tentaculaire\/","og_site_name":"FESTIVOX","article_published_time":"2023-05-22T04:56:00+00:00","og_image":[{"url":"https:\/\/www.festivox.fr\/blog\/wp-content\/uploads\/2023\/06\/festival-de-jazz-a-malguenac-une-26e-edition-tentaculaire.jpg","type":"","width":"","height":""}],"author":"Michele","twitter_card":"summary_large_image","twitter_misc":{"\u00c9crit par":"Michele","Dur\u00e9e de lecture estim\u00e9e":"4 minutes"},"schema":{"@context":"https:\/\/schema.org","@graph":[{"@type":"Article","@id":"https:\/\/www.festivox.fr\/blog\/festival-de-jazz-a-malguenac-une-26e-edition-tentaculaire\/#article","isPartOf":{"@id":"https:\/\/www.festivox.fr\/blog\/festival-de-jazz-a-malguenac-une-26e-edition-tentaculaire\/"},"author":{"name":"Michele","@id":"https:\/\/www.festivox.fr\/blog\/#\/schema\/person\/f36a8b6bc94800c3eafed4bca993ce95"},"headline":"Festival de jazz \u00e0 Malgu\u00e9nac : une 26e \u00e9dition tentaculaire","datePublished":"2023-05-22T04:56:00+00:00","mainEntityOfPage":{"@id":"https:\/\/www.festivox.fr\/blog\/festival-de-jazz-a-malguenac-une-26e-edition-tentaculaire\/"},"wordCount":810,"publisher":{"@id":"https:\/\/www.festivox.fr\/blog\/#organization"},"image":{"@id":"https:\/\/www.festivox.fr\/blog\/festival-de-jazz-a-malguenac-une-26e-edition-tentaculaire\/#primaryimage"},"thumbnailUrl":"https:\/\/www.festivox.fr\/blog\/wp-content\/uploads\/2023\/06\/festival-de-jazz-a-malguenac-une-26e-edition-tentaculaire.jpg","articleSection":["Wiki Sur Festival Jazz Et Musique En Mode Guinguette:"],"inLanguage":"fr-FR"},{"@type":"WebPage","@id":"https:\/\/www.festivox.fr\/blog\/festival-de-jazz-a-malguenac-une-26e-edition-tentaculaire\/","url":"https:\/\/www.festivox.fr\/blog\/festival-de-jazz-a-malguenac-une-26e-edition-tentaculaire\/","name":"Festival de jazz \u00e0 Malgu\u00e9nac : une 26e \u00e9dition tentaculaire - FESTIVOX","isPartOf":{"@id":"https:\/\/www.festivox.fr\/blog\/#website"},"primaryImageOfPage":{"@id":"https:\/\/www.festivox.fr\/blog\/festival-de-jazz-a-malguenac-une-26e-edition-tentaculaire\/#primaryimage"},"image":{"@id":"https:\/\/www.festivox.fr\/blog\/festival-de-jazz-a-malguenac-une-26e-edition-tentaculaire\/#primaryimage"},"thumbnailUrl":"https:\/\/www.festivox.fr\/blog\/wp-content\/uploads\/2023\/06\/festival-de-jazz-a-malguenac-une-26e-edition-tentaculaire.jpg","datePublished":"2023-05-22T04:56:00+00:00","breadcrumb":{"@id":"https:\/\/www.festivox.fr\/blog\/festival-de-jazz-a-malguenac-une-26e-edition-tentaculaire\/#breadcrumb"},"inLanguage":"fr-FR","potentialAction":[{"@type":"ReadAction","target":["https:\/\/www.festivox.fr\/blog\/festival-de-jazz-a-malguenac-une-26e-edition-tentaculaire\/"]}]},{"@type":"ImageObject","inLanguage":"fr-FR","@id":"https:\/\/www.festivox.fr\/blog\/festival-de-jazz-a-malguenac-une-26e-edition-tentaculaire\/#primaryimage","url":"https:\/\/www.festivox.fr\/blog\/wp-content\/uploads\/2023\/06\/festival-de-jazz-a-malguenac-une-26e-edition-tentaculaire.jpg","contentUrl":"https:\/\/www.festivox.fr\/blog\/wp-content\/uploads\/2023\/06\/festival-de-jazz-a-malguenac-une-26e-edition-tentaculaire.jpg","width":640,"height":480},{"@type":"BreadcrumbList","@id":"https:\/\/www.festivox.fr\/blog\/festival-de-jazz-a-malguenac-une-26e-edition-tentaculaire\/#breadcrumb","itemListElement":[{"@type":"ListItem","position":1,"name":"Accueil","item":"https:\/\/www.festivox.fr\/blog\/"},{"@type":"ListItem","position":2,"name":"Festival de jazz \u00e0 Malgu\u00e9nac : une 26e \u00e9dition tentaculaire"}]},{"@type":"WebSite","@id":"https:\/\/www.festivox.fr\/blog\/#website","url":"https:\/\/www.festivox.fr\/blog\/","name":"FESTIVOX","description":"Festival en mode guinguette.","publisher":{"@id":"https:\/\/www.festivox.fr\/blog\/#organization"},"potentialAction":[{"@type":"SearchAction","target":{"@type":"EntryPoint","urlTemplate":"https:\/\/www.festivox.fr\/blog\/?s={search_term_string}"},"query-input":{"@type":"PropertyValueSpecification","valueRequired":true,"valueName":"search_term_string"}}],"inLanguage":"fr-FR"},{"@type":"Organization","@id":"https:\/\/www.festivox.fr\/blog\/#organization","name":"festivox","url":"https:\/\/www.festivox.fr\/blog\/","logo":{"@type":"ImageObject","inLanguage":"fr-FR","@id":"https:\/\/www.festivox.fr\/blog\/#\/schema\/logo\/image\/","url":"https:\/\/www.festivox.fr\/blog\/wp-content\/uploads\/2023\/06\/logo-2.png","contentUrl":"https:\/\/www.festivox.fr\/blog\/wp-content\/uploads\/2023\/06\/logo-2.png","width":480,"height":160,"caption":"festivox"},"image":{"@id":"https:\/\/www.festivox.fr\/blog\/#\/schema\/logo\/image\/"}},{"@type":"Person","@id":"https:\/\/www.festivox.fr\/blog\/#\/schema\/person\/f36a8b6bc94800c3eafed4bca993ce95","name":"Michele","image":{"@type":"ImageObject","inLanguage":"fr-FR","@id":"https:\/\/secure.gravatar.com\/avatar\/b062046536b5d47ec9075956ec349ef95ed06b0f910c578f74abb318668b702e?s=96&d=mm&r=g","url":"https:\/\/secure.gravatar.com\/avatar\/b062046536b5d47ec9075956ec349ef95ed06b0f910c578f74abb318668b702e?s=96&d=mm&r=g","contentUrl":"https:\/\/secure.gravatar.com\/avatar\/b062046536b5d47ec9075956ec349ef95ed06b0f910c578f74abb318668b702e?s=96&d=mm&r=g","caption":"Michele"},"sameAs":["https:\/\/www.festivox.fr\/blog"],"url":"https:\/\/www.festivox.fr\/blog\/author\/voxadmin\/"}]}},"_links":{"self":[{"href":"https:\/\/www.festivox.fr\/blog\/wp-json\/wp\/v2\/posts\/164","targetHints":{"allow":["GET"]}}],"collection":[{"href":"https:\/\/www.festivox.fr\/blog\/wp-json\/wp\/v2\/posts"}],"about":[{"href":"https:\/\/www.festivox.fr\/blog\/wp-json\/wp\/v2\/types\/post"}],"author":[{"embeddable":true,"href":"https:\/\/www.festivox.fr\/blog\/wp-json\/wp\/v2\/users\/1"}],"replies":[{"embeddable":true,"href":"https:\/\/www.festivox.fr\/blog\/wp-json\/wp\/v2\/comments?post=164"}],"version-history":[{"count":0,"href":"https:\/\/www.festivox.fr\/blog\/wp-json\/wp\/v2\/posts\/164\/revisions"}],"wp:featuredmedia":[{"embeddable":true,"href":"https:\/\/www.festivox.fr\/blog\/wp-json\/wp\/v2\/media\/165"}],"wp:attachment":[{"href":"https:\/\/www.festivox.fr\/blog\/wp-json\/wp\/v2\/media?parent=164"}],"wp:term":[{"taxonomy":"category","embeddable":true,"href":"https:\/\/www.festivox.fr\/blog\/wp-json\/wp\/v2\/categories?post=164"},{"taxonomy":"post_tag","embeddable":true,"href":"https:\/\/www.festivox.fr\/blog\/wp-json\/wp\/v2\/tags?post=164"}],"curies":[{"name":"wp","href":"https:\/\/api.w.org\/{rel}","templated":true}]}}