{"id":160,"date":"2023-06-01T00:39:00","date_gmt":"2023-05-31T22:39:00","guid":{"rendered":"https:\/\/www.festivox.fr\/blog\/rouffiac-tolosan-du-jazz-local-dans-le-parc-de-la-cedraie\/"},"modified":"2023-06-01T00:39:00","modified_gmt":"2023-05-31T22:39:00","slug":"rouffiac-tolosan-du-jazz-local-dans-le-parc-de-la-cedraie","status":"publish","type":"post","link":"https:\/\/www.festivox.fr\/blog\/rouffiac-tolosan-du-jazz-local-dans-le-parc-de-la-cedraie\/","title":{"rendered":"Rouffiac-Tolosan. Du jazz local dans le parc de la C\u00e9draie"},"content":{"rendered":"\n<div><img decoding=\"async\" src=\"https:\/\/www.festivox.fr\/blog\/wp-content\/uploads\/2023\/06\/rouffiac-tolosan-du-jazz-local-dans-le-parc-de-la-cedraie.jpg\" class=\"ff-og-image-inserted\"><\/div>\n<p>L\u2019association rouffiacoise Culture au village propose r\u00e9guli\u00e8rement des manifestations culturelles et des concerts.<\/p>\n<p><!-- Pub DFP Position [outstream] --> <\/p>\n<p>Elle invite \u00e0 un concert de jazz ce samedi 3 juin \u00e0 18 heures 30.<\/p>\n<p><!-- Pub DFP Position [article] --> <\/p>\n<p>La grande \u00e8re du Swing fut les ann\u00e9es 30-50 avec ses grands Big bands.<\/p>\n<p>De nos jours cette musique n\u2019a rien perdu et nombreux sont ceux qui appr\u00e9cient ces notes de musique entra\u00eenantes, tr\u00e8s agr\u00e9ables. Le jazz d\u00e9tend, le jazz cr\u00e9e l\u2019ambiance !<\/p>\n<p>Venez ce samedi profiter de ce concert et du swing rafra\u00eechissant et p\u00e9tillant.<\/p>\n<p>Le concert aura lieu dans le parc de la m\u00e9diath\u00e8que La C\u00e9draie (en face de la mairie) ou dans la salle du premier \u00e9tage en cas de pluie, un site parfaitement adapt\u00e9.<\/p>\n<p>Surprise !<\/p>\n<p>Jazz2c\u0153ur est un groupe de musiciens des communes de Rouffiac, Saint-Jean et L\u2019Union, qui est n\u00e9 d\u2019une passion commune pour le Jazz des ann\u00e9es 1930 \u00e0 1950 et le go\u00fbt de l\u2019improvisation. Il est compos\u00e9 de deux saxophones, d\u2019une guitare, d\u2019une batterie, d\u2019une contrebasse et d\u2019un piano.<\/p>\n<p>Souhaitons que les premiers rayons du soleil de juin accompagnent cette manifestation, et que les rouffiacois et voisins viennent nombreux appr\u00e9cier ce moment de musique en toute convivialit\u00e9.<\/p>\n<footer class=\"txt-note\"><i>Entr\u00e9e et participation libre.<\/i><\/footer>\n<p> Cet article, qui traite du th\u00e8me \u00ab\u00a0Festival Jazz et musique en mode guinguette\u00a0\u00bb, vous est d\u00e9lib\u00e9r\u00e9ment offert par festivox.fr. La raison d\u2019\u00eatre de festivox.fr est de parler de Festival Jazz et musique en mode guinguette dans la transparence la plus g\u00e9n\u00e9rale en vous procurant la visibilit\u00e9 de tout ce qui est publi\u00e9 sur ce sujet sur le web La chronique a \u00e9t\u00e9 g\u00e9n\u00e9r\u00e9e de la mani\u00e8re la plus honn\u00eate que possible. S\u2019il advenait que vous projetez d\u2019apporter quelques notes concernant le domaine de \u00ab\u00a0Festival Jazz et musique en mode guinguette\u00a0\u00bb vous avez la possibilit\u00e9 de d&rsquo;\u00e9changer avec notre r\u00e9daction. Dans peu de temps, on mettra en ligne d&rsquo;autres informations pertinentes autour du sujet \u00ab\u00a0Festival Jazz et musique en mode guinguette\u00a0\u00bb. Ainsi, consultez r\u00e9guli\u00e8rement notre site.<\/p>\n","protected":false},"excerpt":{"rendered":"<p>L\u2019association rouffiacoise Culture au village propose r\u00e9guli\u00e8rement des manifestations culturelles et des concerts. Elle invite \u00e0 un concert de jazz ce samedi 3 juin \u00e0 18 heures 30. La grande \u00e8re du Swing fut les ann\u00e9es 30-50 avec ses grands Big bands. De nos jours cette musique n\u2019a rien perdu et nombreux sont ceux qui&hellip;<\/p>\n","protected":false},"author":1,"featured_media":161,"comment_status":"closed","ping_status":"closed","sticky":false,"template":"","format":"standard","meta":{"footnotes":""},"categories":[3],"tags":[],"class_list":["post-160","post","type-post","status-publish","format-standard","has-post-thumbnail","hentry","category-wiki-sur-festival-jazz-et-musique-en-mode-guinguette"],"yoast_head":"<!-- This site is optimized with the Yoast SEO plugin v27.5 - https:\/\/yoast.com\/product\/yoast-seo-wordpress\/ -->\n<title>Rouffiac-Tolosan. Du jazz local dans le parc de la C\u00e9draie - FESTIVOX<\/title>\n<meta name=\"robots\" content=\"index, follow, max-snippet:-1, max-image-preview:large, max-video-preview:-1\" \/>\n<link rel=\"canonical\" href=\"https:\/\/www.festivox.fr\/blog\/rouffiac-tolosan-du-jazz-local-dans-le-parc-de-la-cedraie\/\" \/>\n<meta property=\"og:locale\" content=\"fr_FR\" \/>\n<meta property=\"og:type\" content=\"article\" \/>\n<meta property=\"og:title\" content=\"Rouffiac-Tolosan. Du jazz local dans le parc de la C\u00e9draie - FESTIVOX\" \/>\n<meta property=\"og:description\" content=\"L\u2019association rouffiacoise Culture au village propose r\u00e9guli\u00e8rement des manifestations culturelles et des concerts. Elle invite \u00e0 un concert de jazz ce samedi 3 juin \u00e0 18 heures 30. La grande \u00e8re du Swing fut les ann\u00e9es 30-50 avec ses grands Big bands. De nos jours cette musique n\u2019a rien perdu et nombreux sont ceux qui&hellip;\" \/>\n<meta property=\"og:url\" content=\"https:\/\/www.festivox.fr\/blog\/rouffiac-tolosan-du-jazz-local-dans-le-parc-de-la-cedraie\/\" \/>\n<meta property=\"og:site_name\" content=\"FESTIVOX\" \/>\n<meta property=\"article:published_time\" content=\"2023-05-31T22:39:00+00:00\" \/>\n<meta property=\"og:image\" content=\"https:\/\/www.festivox.fr\/blog\/wp-content\/uploads\/2023\/06\/rouffiac-tolosan-du-jazz-local-dans-le-parc-de-la-cedraie.jpg\" \/>\n<meta name=\"author\" content=\"Michele\" \/>\n<meta name=\"twitter:card\" content=\"summary_large_image\" \/>\n<meta name=\"twitter:label1\" content=\"\u00c9crit par\" \/>\n\t<meta name=\"twitter:data1\" content=\"Michele\" \/>\n\t<meta name=\"twitter:label2\" content=\"Dur\u00e9e de lecture estim\u00e9e\" \/>\n\t<meta name=\"twitter:data2\" content=\"2 minutes\" \/>\n<script type=\"application\/ld+json\" class=\"yoast-schema-graph\">{\"@context\":\"https:\\\/\\\/schema.org\",\"@graph\":[{\"@type\":\"Article\",\"@id\":\"https:\\\/\\\/www.festivox.fr\\\/blog\\\/rouffiac-tolosan-du-jazz-local-dans-le-parc-de-la-cedraie\\\/#article\",\"isPartOf\":{\"@id\":\"https:\\\/\\\/www.festivox.fr\\\/blog\\\/rouffiac-tolosan-du-jazz-local-dans-le-parc-de-la-cedraie\\\/\"},\"author\":{\"name\":\"Michele\",\"@id\":\"https:\\\/\\\/www.festivox.fr\\\/blog\\\/#\\\/schema\\\/person\\\/f36a8b6bc94800c3eafed4bca993ce95\"},\"headline\":\"Rouffiac-Tolosan. Du jazz local dans le parc de la C\u00e9draie\",\"datePublished\":\"2023-05-31T22:39:00+00:00\",\"mainEntityOfPage\":{\"@id\":\"https:\\\/\\\/www.festivox.fr\\\/blog\\\/rouffiac-tolosan-du-jazz-local-dans-le-parc-de-la-cedraie\\\/\"},\"wordCount\":373,\"publisher\":{\"@id\":\"https:\\\/\\\/www.festivox.fr\\\/blog\\\/#organization\"},\"image\":{\"@id\":\"https:\\\/\\\/www.festivox.fr\\\/blog\\\/rouffiac-tolosan-du-jazz-local-dans-le-parc-de-la-cedraie\\\/#primaryimage\"},\"thumbnailUrl\":\"https:\\\/\\\/www.festivox.fr\\\/blog\\\/wp-content\\\/uploads\\\/2023\\\/06\\\/rouffiac-tolosan-du-jazz-local-dans-le-parc-de-la-cedraie.jpg\",\"articleSection\":[\"Wiki Sur Festival Jazz Et Musique En Mode Guinguette:\"],\"inLanguage\":\"fr-FR\"},{\"@type\":\"WebPage\",\"@id\":\"https:\\\/\\\/www.festivox.fr\\\/blog\\\/rouffiac-tolosan-du-jazz-local-dans-le-parc-de-la-cedraie\\\/\",\"url\":\"https:\\\/\\\/www.festivox.fr\\\/blog\\\/rouffiac-tolosan-du-jazz-local-dans-le-parc-de-la-cedraie\\\/\",\"name\":\"Rouffiac-Tolosan. Du jazz local dans le parc de la C\u00e9draie - FESTIVOX\",\"isPartOf\":{\"@id\":\"https:\\\/\\\/www.festivox.fr\\\/blog\\\/#website\"},\"primaryImageOfPage\":{\"@id\":\"https:\\\/\\\/www.festivox.fr\\\/blog\\\/rouffiac-tolosan-du-jazz-local-dans-le-parc-de-la-cedraie\\\/#primaryimage\"},\"image\":{\"@id\":\"https:\\\/\\\/www.festivox.fr\\\/blog\\\/rouffiac-tolosan-du-jazz-local-dans-le-parc-de-la-cedraie\\\/#primaryimage\"},\"thumbnailUrl\":\"https:\\\/\\\/www.festivox.fr\\\/blog\\\/wp-content\\\/uploads\\\/2023\\\/06\\\/rouffiac-tolosan-du-jazz-local-dans-le-parc-de-la-cedraie.jpg\",\"datePublished\":\"2023-05-31T22:39:00+00:00\",\"breadcrumb\":{\"@id\":\"https:\\\/\\\/www.festivox.fr\\\/blog\\\/rouffiac-tolosan-du-jazz-local-dans-le-parc-de-la-cedraie\\\/#breadcrumb\"},\"inLanguage\":\"fr-FR\",\"potentialAction\":[{\"@type\":\"ReadAction\",\"target\":[\"https:\\\/\\\/www.festivox.fr\\\/blog\\\/rouffiac-tolosan-du-jazz-local-dans-le-parc-de-la-cedraie\\\/\"]}]},{\"@type\":\"ImageObject\",\"inLanguage\":\"fr-FR\",\"@id\":\"https:\\\/\\\/www.festivox.fr\\\/blog\\\/rouffiac-tolosan-du-jazz-local-dans-le-parc-de-la-cedraie\\\/#primaryimage\",\"url\":\"https:\\\/\\\/www.festivox.fr\\\/blog\\\/wp-content\\\/uploads\\\/2023\\\/06\\\/rouffiac-tolosan-du-jazz-local-dans-le-parc-de-la-cedraie.jpg\",\"contentUrl\":\"https:\\\/\\\/www.festivox.fr\\\/blog\\\/wp-content\\\/uploads\\\/2023\\\/06\\\/rouffiac-tolosan-du-jazz-local-dans-le-parc-de-la-cedraie.jpg\",\"width\":885,\"height\":500},{\"@type\":\"BreadcrumbList\",\"@id\":\"https:\\\/\\\/www.festivox.fr\\\/blog\\\/rouffiac-tolosan-du-jazz-local-dans-le-parc-de-la-cedraie\\\/#breadcrumb\",\"itemListElement\":[{\"@type\":\"ListItem\",\"position\":1,\"name\":\"Accueil\",\"item\":\"https:\\\/\\\/www.festivox.fr\\\/blog\\\/\"},{\"@type\":\"ListItem\",\"position\":2,\"name\":\"Rouffiac-Tolosan. Du jazz local dans le parc de la C\u00e9draie\"}]},{\"@type\":\"WebSite\",\"@id\":\"https:\\\/\\\/www.festivox.fr\\\/blog\\\/#website\",\"url\":\"https:\\\/\\\/www.festivox.fr\\\/blog\\\/\",\"name\":\"FESTIVOX\",\"description\":\"Festival en mode guinguette.\",\"publisher\":{\"@id\":\"https:\\\/\\\/www.festivox.fr\\\/blog\\\/#organization\"},\"potentialAction\":[{\"@type\":\"SearchAction\",\"target\":{\"@type\":\"EntryPoint\",\"urlTemplate\":\"https:\\\/\\\/www.festivox.fr\\\/blog\\\/?s={search_term_string}\"},\"query-input\":{\"@type\":\"PropertyValueSpecification\",\"valueRequired\":true,\"valueName\":\"search_term_string\"}}],\"inLanguage\":\"fr-FR\"},{\"@type\":\"Organization\",\"@id\":\"https:\\\/\\\/www.festivox.fr\\\/blog\\\/#organization\",\"name\":\"festivox\",\"url\":\"https:\\\/\\\/www.festivox.fr\\\/blog\\\/\",\"logo\":{\"@type\":\"ImageObject\",\"inLanguage\":\"fr-FR\",\"@id\":\"https:\\\/\\\/www.festivox.fr\\\/blog\\\/#\\\/schema\\\/logo\\\/image\\\/\",\"url\":\"https:\\\/\\\/www.festivox.fr\\\/blog\\\/wp-content\\\/uploads\\\/2023\\\/06\\\/logo-2.png\",\"contentUrl\":\"https:\\\/\\\/www.festivox.fr\\\/blog\\\/wp-content\\\/uploads\\\/2023\\\/06\\\/logo-2.png\",\"width\":480,\"height\":160,\"caption\":\"festivox\"},\"image\":{\"@id\":\"https:\\\/\\\/www.festivox.fr\\\/blog\\\/#\\\/schema\\\/logo\\\/image\\\/\"}},{\"@type\":\"Person\",\"@id\":\"https:\\\/\\\/www.festivox.fr\\\/blog\\\/#\\\/schema\\\/person\\\/f36a8b6bc94800c3eafed4bca993ce95\",\"name\":\"Michele\",\"image\":{\"@type\":\"ImageObject\",\"inLanguage\":\"fr-FR\",\"@id\":\"https:\\\/\\\/secure.gravatar.com\\\/avatar\\\/b062046536b5d47ec9075956ec349ef95ed06b0f910c578f74abb318668b702e?s=96&d=mm&r=g\",\"url\":\"https:\\\/\\\/secure.gravatar.com\\\/avatar\\\/b062046536b5d47ec9075956ec349ef95ed06b0f910c578f74abb318668b702e?s=96&d=mm&r=g\",\"contentUrl\":\"https:\\\/\\\/secure.gravatar.com\\\/avatar\\\/b062046536b5d47ec9075956ec349ef95ed06b0f910c578f74abb318668b702e?s=96&d=mm&r=g\",\"caption\":\"Michele\"},\"sameAs\":[\"https:\\\/\\\/www.festivox.fr\\\/blog\"],\"url\":\"https:\\\/\\\/www.festivox.fr\\\/blog\\\/author\\\/voxadmin\\\/\"}]}<\/script>\n<!-- \/ Yoast SEO plugin. -->","yoast_head_json":{"title":"Rouffiac-Tolosan. Du jazz local dans le parc de la C\u00e9draie - FESTIVOX","robots":{"index":"index","follow":"follow","max-snippet":"max-snippet:-1","max-image-preview":"max-image-preview:large","max-video-preview":"max-video-preview:-1"},"canonical":"https:\/\/www.festivox.fr\/blog\/rouffiac-tolosan-du-jazz-local-dans-le-parc-de-la-cedraie\/","og_locale":"fr_FR","og_type":"article","og_title":"Rouffiac-Tolosan. Du jazz local dans le parc de la C\u00e9draie - FESTIVOX","og_description":"L\u2019association rouffiacoise Culture au village propose r\u00e9guli\u00e8rement des manifestations culturelles et des concerts. Elle invite \u00e0 un concert de jazz ce samedi 3 juin \u00e0 18 heures 30. La grande \u00e8re du Swing fut les ann\u00e9es 30-50 avec ses grands Big bands. De nos jours cette musique n\u2019a rien perdu et nombreux sont ceux qui&hellip;","og_url":"https:\/\/www.festivox.fr\/blog\/rouffiac-tolosan-du-jazz-local-dans-le-parc-de-la-cedraie\/","og_site_name":"FESTIVOX","article_published_time":"2023-05-31T22:39:00+00:00","og_image":[{"url":"https:\/\/www.festivox.fr\/blog\/wp-content\/uploads\/2023\/06\/rouffiac-tolosan-du-jazz-local-dans-le-parc-de-la-cedraie.jpg","type":"","width":"","height":""}],"author":"Michele","twitter_card":"summary_large_image","twitter_misc":{"\u00c9crit par":"Michele","Dur\u00e9e de lecture estim\u00e9e":"2 minutes"},"schema":{"@context":"https:\/\/schema.org","@graph":[{"@type":"Article","@id":"https:\/\/www.festivox.fr\/blog\/rouffiac-tolosan-du-jazz-local-dans-le-parc-de-la-cedraie\/#article","isPartOf":{"@id":"https:\/\/www.festivox.fr\/blog\/rouffiac-tolosan-du-jazz-local-dans-le-parc-de-la-cedraie\/"},"author":{"name":"Michele","@id":"https:\/\/www.festivox.fr\/blog\/#\/schema\/person\/f36a8b6bc94800c3eafed4bca993ce95"},"headline":"Rouffiac-Tolosan. Du jazz local dans le parc de la C\u00e9draie","datePublished":"2023-05-31T22:39:00+00:00","mainEntityOfPage":{"@id":"https:\/\/www.festivox.fr\/blog\/rouffiac-tolosan-du-jazz-local-dans-le-parc-de-la-cedraie\/"},"wordCount":373,"publisher":{"@id":"https:\/\/www.festivox.fr\/blog\/#organization"},"image":{"@id":"https:\/\/www.festivox.fr\/blog\/rouffiac-tolosan-du-jazz-local-dans-le-parc-de-la-cedraie\/#primaryimage"},"thumbnailUrl":"https:\/\/www.festivox.fr\/blog\/wp-content\/uploads\/2023\/06\/rouffiac-tolosan-du-jazz-local-dans-le-parc-de-la-cedraie.jpg","articleSection":["Wiki Sur Festival Jazz Et Musique En Mode Guinguette:"],"inLanguage":"fr-FR"},{"@type":"WebPage","@id":"https:\/\/www.festivox.fr\/blog\/rouffiac-tolosan-du-jazz-local-dans-le-parc-de-la-cedraie\/","url":"https:\/\/www.festivox.fr\/blog\/rouffiac-tolosan-du-jazz-local-dans-le-parc-de-la-cedraie\/","name":"Rouffiac-Tolosan. Du jazz local dans le parc de la C\u00e9draie - FESTIVOX","isPartOf":{"@id":"https:\/\/www.festivox.fr\/blog\/#website"},"primaryImageOfPage":{"@id":"https:\/\/www.festivox.fr\/blog\/rouffiac-tolosan-du-jazz-local-dans-le-parc-de-la-cedraie\/#primaryimage"},"image":{"@id":"https:\/\/www.festivox.fr\/blog\/rouffiac-tolosan-du-jazz-local-dans-le-parc-de-la-cedraie\/#primaryimage"},"thumbnailUrl":"https:\/\/www.festivox.fr\/blog\/wp-content\/uploads\/2023\/06\/rouffiac-tolosan-du-jazz-local-dans-le-parc-de-la-cedraie.jpg","datePublished":"2023-05-31T22:39:00+00:00","breadcrumb":{"@id":"https:\/\/www.festivox.fr\/blog\/rouffiac-tolosan-du-jazz-local-dans-le-parc-de-la-cedraie\/#breadcrumb"},"inLanguage":"fr-FR","potentialAction":[{"@type":"ReadAction","target":["https:\/\/www.festivox.fr\/blog\/rouffiac-tolosan-du-jazz-local-dans-le-parc-de-la-cedraie\/"]}]},{"@type":"ImageObject","inLanguage":"fr-FR","@id":"https:\/\/www.festivox.fr\/blog\/rouffiac-tolosan-du-jazz-local-dans-le-parc-de-la-cedraie\/#primaryimage","url":"https:\/\/www.festivox.fr\/blog\/wp-content\/uploads\/2023\/06\/rouffiac-tolosan-du-jazz-local-dans-le-parc-de-la-cedraie.jpg","contentUrl":"https:\/\/www.festivox.fr\/blog\/wp-content\/uploads\/2023\/06\/rouffiac-tolosan-du-jazz-local-dans-le-parc-de-la-cedraie.jpg","width":885,"height":500},{"@type":"BreadcrumbList","@id":"https:\/\/www.festivox.fr\/blog\/rouffiac-tolosan-du-jazz-local-dans-le-parc-de-la-cedraie\/#breadcrumb","itemListElement":[{"@type":"ListItem","position":1,"name":"Accueil","item":"https:\/\/www.festivox.fr\/blog\/"},{"@type":"ListItem","position":2,"name":"Rouffiac-Tolosan. Du jazz local dans le parc de la C\u00e9draie"}]},{"@type":"WebSite","@id":"https:\/\/www.festivox.fr\/blog\/#website","url":"https:\/\/www.festivox.fr\/blog\/","name":"FESTIVOX","description":"Festival en mode guinguette.","publisher":{"@id":"https:\/\/www.festivox.fr\/blog\/#organization"},"potentialAction":[{"@type":"SearchAction","target":{"@type":"EntryPoint","urlTemplate":"https:\/\/www.festivox.fr\/blog\/?s={search_term_string}"},"query-input":{"@type":"PropertyValueSpecification","valueRequired":true,"valueName":"search_term_string"}}],"inLanguage":"fr-FR"},{"@type":"Organization","@id":"https:\/\/www.festivox.fr\/blog\/#organization","name":"festivox","url":"https:\/\/www.festivox.fr\/blog\/","logo":{"@type":"ImageObject","inLanguage":"fr-FR","@id":"https:\/\/www.festivox.fr\/blog\/#\/schema\/logo\/image\/","url":"https:\/\/www.festivox.fr\/blog\/wp-content\/uploads\/2023\/06\/logo-2.png","contentUrl":"https:\/\/www.festivox.fr\/blog\/wp-content\/uploads\/2023\/06\/logo-2.png","width":480,"height":160,"caption":"festivox"},"image":{"@id":"https:\/\/www.festivox.fr\/blog\/#\/schema\/logo\/image\/"}},{"@type":"Person","@id":"https:\/\/www.festivox.fr\/blog\/#\/schema\/person\/f36a8b6bc94800c3eafed4bca993ce95","name":"Michele","image":{"@type":"ImageObject","inLanguage":"fr-FR","@id":"https:\/\/secure.gravatar.com\/avatar\/b062046536b5d47ec9075956ec349ef95ed06b0f910c578f74abb318668b702e?s=96&d=mm&r=g","url":"https:\/\/secure.gravatar.com\/avatar\/b062046536b5d47ec9075956ec349ef95ed06b0f910c578f74abb318668b702e?s=96&d=mm&r=g","contentUrl":"https:\/\/secure.gravatar.com\/avatar\/b062046536b5d47ec9075956ec349ef95ed06b0f910c578f74abb318668b702e?s=96&d=mm&r=g","caption":"Michele"},"sameAs":["https:\/\/www.festivox.fr\/blog"],"url":"https:\/\/www.festivox.fr\/blog\/author\/voxadmin\/"}]}},"_links":{"self":[{"href":"https:\/\/www.festivox.fr\/blog\/wp-json\/wp\/v2\/posts\/160","targetHints":{"allow":["GET"]}}],"collection":[{"href":"https:\/\/www.festivox.fr\/blog\/wp-json\/wp\/v2\/posts"}],"about":[{"href":"https:\/\/www.festivox.fr\/blog\/wp-json\/wp\/v2\/types\/post"}],"author":[{"embeddable":true,"href":"https:\/\/www.festivox.fr\/blog\/wp-json\/wp\/v2\/users\/1"}],"replies":[{"embeddable":true,"href":"https:\/\/www.festivox.fr\/blog\/wp-json\/wp\/v2\/comments?post=160"}],"version-history":[{"count":0,"href":"https:\/\/www.festivox.fr\/blog\/wp-json\/wp\/v2\/posts\/160\/revisions"}],"wp:featuredmedia":[{"embeddable":true,"href":"https:\/\/www.festivox.fr\/blog\/wp-json\/wp\/v2\/media\/161"}],"wp:attachment":[{"href":"https:\/\/www.festivox.fr\/blog\/wp-json\/wp\/v2\/media?parent=160"}],"wp:term":[{"taxonomy":"category","embeddable":true,"href":"https:\/\/www.festivox.fr\/blog\/wp-json\/wp\/v2\/categories?post=160"},{"taxonomy":"post_tag","embeddable":true,"href":"https:\/\/www.festivox.fr\/blog\/wp-json\/wp\/v2\/tags?post=160"}],"curies":[{"name":"wp","href":"https:\/\/api.w.org\/{rel}","templated":true}]}}