{"id":148,"date":"2023-05-23T09:48:00","date_gmt":"2023-05-23T07:48:00","guid":{"rendered":"https:\/\/www.festivox.fr\/blog\/les-festivals-jazz-de-lete\/"},"modified":"2023-05-23T09:48:00","modified_gmt":"2023-05-23T07:48:00","slug":"les-festivals-jazz-de-lete","status":"publish","type":"post","link":"https:\/\/www.festivox.fr\/blog\/les-festivals-jazz-de-lete\/","title":{"rendered":"Les festivals jazz de l\u2019\u00e9t\u00e9"},"content":{"rendered":"<br \/>\n<header class=\"r-article--header\"> A 83 ans, le pianiste am\u00e9ricain est toujours vaillant, enthousiaste, dynamique. Il cl\u00f4ture le Gent Jazz le samedi 15 juillet \u00e0 22 heures. Un point d\u2019orgue. Pour Gand et les festivals belges. Il n\u2019a sans aucun doute plus rien \u00e0 prouver, mais ses concerts sont toujours d\u2019une richesse incroyable. Et puis, peut-\u00eatre ne le verrons-nous plus si souvent, par la suite. <span class=\"r-article--payant\">  Article r\u00e9serv\u00e9 aux abonn\u00e9s<\/span> <\/header>\n<figure role=\"img\" class=\"r-ratio--16-9 \" aria-label=\"Herbie Hancock au festival de Gand (d\u00e9j\u00e0) en 2017.\"> <img decoding=\"async\" data-copyright=\"RENE BRENY.\" class=\"r-img\" src=\"https:\/\/www.festivox.fr\/blog\/wp-content\/uploads\/2023\/06\/les-festivals-jazz-de-lete.jpg\" alt=\"Herbie Hancock au festival de Gand (d\u00e9j\u00e0) en 2017.\"> <\/figure>\n<figure role=\"img\" class=\"r-author--img\"> <img decoding=\"async\" src=\"https:\/\/www.festivox.fr\/blog\/wp-content\/uploads\/2023\/06\/les-festivals-jazz-de-lete-1.jpg\" class=\"r-img lazyloaded\" data-src=\"https:\/\/www.festivox.fr\/blog\/wp-content\/uploads\/2023\/06\/les-festivals-jazz-de-lete-1.jpg\" alt=\"Jean-Claude Vantroyen\">   <img decoding=\"async\" class=\"r-img\" src=\"https:\/\/www.festivox.fr\/blog\/wp-content\/uploads\/2023\/06\/les-festivals-jazz-de-lete-1.jpg\" alt=\"Jean-Claude Vantroyen\"><br \/>\n<\/figure>\n<p><span class=\"r-meta--top\"><span class=\"r-article--qualite\">Responsable des \u00ab\u00a0Livres du Soir\u00a0\u00bb<\/span><\/p>\n<address>Par <a href=\"https:\/\/www.lesoir.be\/12643\/dpi-authors\/jean-claude-vantroyen\" target=\"_blank\" rel=\"nofollow\">Jean-Claude Vantroyen<\/a> <\/address>\n<p><\/span><span class=\"r-meta--bottom\">\tPubli\u00e9 le 23\/05\/2023 \u00e0 14:41<br \/>\n<span class=\"r-readtime\">Temps de lecture: 5 min<br \/>\n<\/span><br \/>\n<\/span> <\/p>\n<aside class=\"r-article--sidebar\">  <!-- \/\/ builder=DFPTagBuilder, site=LESOIRV2, pageType=node, context=\/Sections\/Soir Plus\/Culture\/Musiques, position=rossel-imu-top-desktop, edition=, domain=www.lesoir.be -->  <\/aside>\n<h2 class=\"sub-head\">Coup de coeur&nbsp;: avec Herbie Hancock, la musique semble toujours si simple<\/h2>\n<p><em>Cantaloupe Island, Watermelon Man, Chameleon, Rockit, Dolphin Dance<\/em>\u2026 Des hits, comme peu de musiciens de jazz en ont eux. Herbie Hancock, lui, a su faire sortir le jazz de ses fronti\u00e8res pour devenir un musicien populaire. Il est donc \u00e0 Gand en juillet et nul doute qu\u2019un de ces hits sera de la play list. D\u2019autant qu\u2019il est accompagn\u00e9 de Lionel Loueke \u00e0 la guitare, de Terence Blanchard \u00e0 la trompette, de James Genus \u00e0 la basse et de Jaylen Petinaud \u00e0 la batterie. Un groupe qui groove formidablement. On a d\u00e9j\u00e0 vu Loueke avec Hancock \u00e0 Gand, il y a quelques ann\u00e9es, et quand ces deux-l\u00e0 sont ensemble, on vous l\u2019assure, \u00e7a fait des flammes. Surtout quand Herbie quitte son piano pour enfiler son synth\u00e9 comme une guitare et se retrouve sur l\u2019avant-sc\u00e8ne. Wow&nbsp;!<\/p>\n<p>  <strong class=\"r-paywall--heading\">  Cet article est r\u00e9serv\u00e9 aux abonn\u00e9s <\/strong> <\/p>\n<h4 class=\"r-paywall--offre\"> D\u00e9couvrez la suite, 1\u20ac pour 1 mois <span>(sans engagement)<\/span> <\/h4>\n<div class=\"r-paywall--detail -is-anonyme\">\n<h5>Avec cette offre, profitez de :<\/h5>\n<ul>\n<li>L\u2019acc\u00e8s illimit\u00e9 \u00e0 tous les articles, dossiers et reportages de la r\u00e9daction<\/li>\n<li>Le journal en version num\u00e9rique<\/li>\n<li>Un confort de lecture avec publicit\u00e9 limit\u00e9e<\/li>\n<\/ul><\/div>\n<p>   <!-- \/\/ builder=DFPTagBuilder, site=LESOIRV2, pageType=node, context=\/Sections\/Soir Plus\/Culture\/Musiques, position=rossel-imu-top-mobile, edition=, domain=www.lesoir.be -->  Cet article, qui traite du th\u00e8me \u00ab\u00a0Festival Jazz et musique en mode guinguette\u00a0\u00bb, vous est d\u00e9lib\u00e9r\u00e9ment offert par festivox.fr. La raison d\u2019\u00eatre de festivox.fr est de parler de Festival Jazz et musique en mode guinguette dans la transparence la plus g\u00e9n\u00e9rale en vous procurant la visibilit\u00e9 de tout ce qui est publi\u00e9 sur ce sujet sur le web La chronique a \u00e9t\u00e9 g\u00e9n\u00e9r\u00e9e de la mani\u00e8re la plus honn\u00eate que possible. S\u2019il advenait que vous projetez d\u2019apporter quelques notes concernant le domaine de \u00ab\u00a0Festival Jazz et musique en mode guinguette\u00a0\u00bb vous avez la possibilit\u00e9 de d&rsquo;\u00e9changer avec notre r\u00e9daction. Dans peu de temps, on mettra en ligne d&rsquo;autres informations pertinentes autour du sujet \u00ab\u00a0Festival Jazz et musique en mode guinguette\u00a0\u00bb. Ainsi, consultez r\u00e9guli\u00e8rement notre site.<\/p>\n","protected":false},"excerpt":{"rendered":"<p>A 83 ans, le pianiste am\u00e9ricain est toujours vaillant, enthousiaste, dynamique. Il cl\u00f4ture le Gent Jazz le samedi 15 juillet \u00e0 22 heures. Un point d\u2019orgue. Pour Gand et les festivals belges. Il n\u2019a sans aucun doute plus rien \u00e0 prouver, mais ses concerts sont toujours d\u2019une richesse incroyable. Et puis, peut-\u00eatre ne le verrons-nous&hellip;<\/p>\n","protected":false},"author":1,"featured_media":149,"comment_status":"closed","ping_status":"closed","sticky":false,"template":"","format":"standard","meta":{"footnotes":""},"categories":[3],"tags":[],"class_list":["post-148","post","type-post","status-publish","format-standard","has-post-thumbnail","hentry","category-wiki-sur-festival-jazz-et-musique-en-mode-guinguette"],"yoast_head":"<!-- This site is optimized with the Yoast SEO plugin v27.5 - https:\/\/yoast.com\/product\/yoast-seo-wordpress\/ -->\n<title>Les festivals jazz de l\u2019\u00e9t\u00e9 - FESTIVOX<\/title>\n<meta name=\"robots\" content=\"index, follow, max-snippet:-1, max-image-preview:large, max-video-preview:-1\" \/>\n<link rel=\"canonical\" href=\"https:\/\/www.festivox.fr\/blog\/les-festivals-jazz-de-lete\/\" \/>\n<meta property=\"og:locale\" content=\"fr_FR\" \/>\n<meta property=\"og:type\" content=\"article\" \/>\n<meta property=\"og:title\" content=\"Les festivals jazz de l\u2019\u00e9t\u00e9 - FESTIVOX\" \/>\n<meta property=\"og:description\" content=\"A 83 ans, le pianiste am\u00e9ricain est toujours vaillant, enthousiaste, dynamique. Il cl\u00f4ture le Gent Jazz le samedi 15 juillet \u00e0 22 heures. Un point d\u2019orgue. Pour Gand et les festivals belges. Il n\u2019a sans aucun doute plus rien \u00e0 prouver, mais ses concerts sont toujours d\u2019une richesse incroyable. Et puis, peut-\u00eatre ne le verrons-nous&hellip;\" \/>\n<meta property=\"og:url\" content=\"https:\/\/www.festivox.fr\/blog\/les-festivals-jazz-de-lete\/\" \/>\n<meta property=\"og:site_name\" content=\"FESTIVOX\" \/>\n<meta property=\"article:published_time\" content=\"2023-05-23T07:48:00+00:00\" \/>\n<meta property=\"og:image\" content=\"https:\/\/www.festivox.fr\/blog\/wp-content\/uploads\/2023\/06\/les-festivals-jazz-de-lete.jpg\" \/>\n<meta name=\"author\" content=\"Michele\" \/>\n<meta name=\"twitter:card\" content=\"summary_large_image\" \/>\n<meta name=\"twitter:label1\" content=\"\u00c9crit par\" \/>\n\t<meta name=\"twitter:data1\" content=\"Michele\" \/>\n\t<meta name=\"twitter:label2\" content=\"Dur\u00e9e de lecture estim\u00e9e\" \/>\n\t<meta name=\"twitter:data2\" content=\"2 minutes\" \/>\n<script type=\"application\/ld+json\" class=\"yoast-schema-graph\">{\"@context\":\"https:\\\/\\\/schema.org\",\"@graph\":[{\"@type\":\"Article\",\"@id\":\"https:\\\/\\\/www.festivox.fr\\\/blog\\\/les-festivals-jazz-de-lete\\\/#article\",\"isPartOf\":{\"@id\":\"https:\\\/\\\/www.festivox.fr\\\/blog\\\/les-festivals-jazz-de-lete\\\/\"},\"author\":{\"name\":\"Michele\",\"@id\":\"https:\\\/\\\/www.festivox.fr\\\/blog\\\/#\\\/schema\\\/person\\\/f36a8b6bc94800c3eafed4bca993ce95\"},\"headline\":\"Les festivals jazz de l\u2019\u00e9t\u00e9\",\"datePublished\":\"2023-05-23T07:48:00+00:00\",\"mainEntityOfPage\":{\"@id\":\"https:\\\/\\\/www.festivox.fr\\\/blog\\\/les-festivals-jazz-de-lete\\\/\"},\"wordCount\":434,\"publisher\":{\"@id\":\"https:\\\/\\\/www.festivox.fr\\\/blog\\\/#organization\"},\"image\":{\"@id\":\"https:\\\/\\\/www.festivox.fr\\\/blog\\\/les-festivals-jazz-de-lete\\\/#primaryimage\"},\"thumbnailUrl\":\"https:\\\/\\\/www.festivox.fr\\\/blog\\\/wp-content\\\/uploads\\\/2023\\\/06\\\/les-festivals-jazz-de-lete.jpg\",\"articleSection\":[\"Wiki Sur Festival Jazz Et Musique En Mode Guinguette:\"],\"inLanguage\":\"fr-FR\"},{\"@type\":\"WebPage\",\"@id\":\"https:\\\/\\\/www.festivox.fr\\\/blog\\\/les-festivals-jazz-de-lete\\\/\",\"url\":\"https:\\\/\\\/www.festivox.fr\\\/blog\\\/les-festivals-jazz-de-lete\\\/\",\"name\":\"Les festivals jazz de l\u2019\u00e9t\u00e9 - FESTIVOX\",\"isPartOf\":{\"@id\":\"https:\\\/\\\/www.festivox.fr\\\/blog\\\/#website\"},\"primaryImageOfPage\":{\"@id\":\"https:\\\/\\\/www.festivox.fr\\\/blog\\\/les-festivals-jazz-de-lete\\\/#primaryimage\"},\"image\":{\"@id\":\"https:\\\/\\\/www.festivox.fr\\\/blog\\\/les-festivals-jazz-de-lete\\\/#primaryimage\"},\"thumbnailUrl\":\"https:\\\/\\\/www.festivox.fr\\\/blog\\\/wp-content\\\/uploads\\\/2023\\\/06\\\/les-festivals-jazz-de-lete.jpg\",\"datePublished\":\"2023-05-23T07:48:00+00:00\",\"breadcrumb\":{\"@id\":\"https:\\\/\\\/www.festivox.fr\\\/blog\\\/les-festivals-jazz-de-lete\\\/#breadcrumb\"},\"inLanguage\":\"fr-FR\",\"potentialAction\":[{\"@type\":\"ReadAction\",\"target\":[\"https:\\\/\\\/www.festivox.fr\\\/blog\\\/les-festivals-jazz-de-lete\\\/\"]}]},{\"@type\":\"ImageObject\",\"inLanguage\":\"fr-FR\",\"@id\":\"https:\\\/\\\/www.festivox.fr\\\/blog\\\/les-festivals-jazz-de-lete\\\/#primaryimage\",\"url\":\"https:\\\/\\\/www.festivox.fr\\\/blog\\\/wp-content\\\/uploads\\\/2023\\\/06\\\/les-festivals-jazz-de-lete.jpg\",\"contentUrl\":\"https:\\\/\\\/www.festivox.fr\\\/blog\\\/wp-content\\\/uploads\\\/2023\\\/06\\\/les-festivals-jazz-de-lete.jpg\",\"width\":864,\"height\":486},{\"@type\":\"BreadcrumbList\",\"@id\":\"https:\\\/\\\/www.festivox.fr\\\/blog\\\/les-festivals-jazz-de-lete\\\/#breadcrumb\",\"itemListElement\":[{\"@type\":\"ListItem\",\"position\":1,\"name\":\"Accueil\",\"item\":\"https:\\\/\\\/www.festivox.fr\\\/blog\\\/\"},{\"@type\":\"ListItem\",\"position\":2,\"name\":\"Les festivals jazz de l\u2019\u00e9t\u00e9\"}]},{\"@type\":\"WebSite\",\"@id\":\"https:\\\/\\\/www.festivox.fr\\\/blog\\\/#website\",\"url\":\"https:\\\/\\\/www.festivox.fr\\\/blog\\\/\",\"name\":\"FESTIVOX\",\"description\":\"Festival en mode guinguette.\",\"publisher\":{\"@id\":\"https:\\\/\\\/www.festivox.fr\\\/blog\\\/#organization\"},\"potentialAction\":[{\"@type\":\"SearchAction\",\"target\":{\"@type\":\"EntryPoint\",\"urlTemplate\":\"https:\\\/\\\/www.festivox.fr\\\/blog\\\/?s={search_term_string}\"},\"query-input\":{\"@type\":\"PropertyValueSpecification\",\"valueRequired\":true,\"valueName\":\"search_term_string\"}}],\"inLanguage\":\"fr-FR\"},{\"@type\":\"Organization\",\"@id\":\"https:\\\/\\\/www.festivox.fr\\\/blog\\\/#organization\",\"name\":\"festivox\",\"url\":\"https:\\\/\\\/www.festivox.fr\\\/blog\\\/\",\"logo\":{\"@type\":\"ImageObject\",\"inLanguage\":\"fr-FR\",\"@id\":\"https:\\\/\\\/www.festivox.fr\\\/blog\\\/#\\\/schema\\\/logo\\\/image\\\/\",\"url\":\"https:\\\/\\\/www.festivox.fr\\\/blog\\\/wp-content\\\/uploads\\\/2023\\\/06\\\/logo-2.png\",\"contentUrl\":\"https:\\\/\\\/www.festivox.fr\\\/blog\\\/wp-content\\\/uploads\\\/2023\\\/06\\\/logo-2.png\",\"width\":480,\"height\":160,\"caption\":\"festivox\"},\"image\":{\"@id\":\"https:\\\/\\\/www.festivox.fr\\\/blog\\\/#\\\/schema\\\/logo\\\/image\\\/\"}},{\"@type\":\"Person\",\"@id\":\"https:\\\/\\\/www.festivox.fr\\\/blog\\\/#\\\/schema\\\/person\\\/f36a8b6bc94800c3eafed4bca993ce95\",\"name\":\"Michele\",\"image\":{\"@type\":\"ImageObject\",\"inLanguage\":\"fr-FR\",\"@id\":\"https:\\\/\\\/secure.gravatar.com\\\/avatar\\\/b062046536b5d47ec9075956ec349ef95ed06b0f910c578f74abb318668b702e?s=96&d=mm&r=g\",\"url\":\"https:\\\/\\\/secure.gravatar.com\\\/avatar\\\/b062046536b5d47ec9075956ec349ef95ed06b0f910c578f74abb318668b702e?s=96&d=mm&r=g\",\"contentUrl\":\"https:\\\/\\\/secure.gravatar.com\\\/avatar\\\/b062046536b5d47ec9075956ec349ef95ed06b0f910c578f74abb318668b702e?s=96&d=mm&r=g\",\"caption\":\"Michele\"},\"sameAs\":[\"https:\\\/\\\/www.festivox.fr\\\/blog\"],\"url\":\"https:\\\/\\\/www.festivox.fr\\\/blog\\\/author\\\/voxadmin\\\/\"}]}<\/script>\n<!-- \/ Yoast SEO plugin. -->","yoast_head_json":{"title":"Les festivals jazz de l\u2019\u00e9t\u00e9 - FESTIVOX","robots":{"index":"index","follow":"follow","max-snippet":"max-snippet:-1","max-image-preview":"max-image-preview:large","max-video-preview":"max-video-preview:-1"},"canonical":"https:\/\/www.festivox.fr\/blog\/les-festivals-jazz-de-lete\/","og_locale":"fr_FR","og_type":"article","og_title":"Les festivals jazz de l\u2019\u00e9t\u00e9 - FESTIVOX","og_description":"A 83 ans, le pianiste am\u00e9ricain est toujours vaillant, enthousiaste, dynamique. Il cl\u00f4ture le Gent Jazz le samedi 15 juillet \u00e0 22 heures. Un point d\u2019orgue. Pour Gand et les festivals belges. Il n\u2019a sans aucun doute plus rien \u00e0 prouver, mais ses concerts sont toujours d\u2019une richesse incroyable. Et puis, peut-\u00eatre ne le verrons-nous&hellip;","og_url":"https:\/\/www.festivox.fr\/blog\/les-festivals-jazz-de-lete\/","og_site_name":"FESTIVOX","article_published_time":"2023-05-23T07:48:00+00:00","og_image":[{"url":"https:\/\/www.festivox.fr\/blog\/wp-content\/uploads\/2023\/06\/les-festivals-jazz-de-lete.jpg","type":"","width":"","height":""}],"author":"Michele","twitter_card":"summary_large_image","twitter_misc":{"\u00c9crit par":"Michele","Dur\u00e9e de lecture estim\u00e9e":"2 minutes"},"schema":{"@context":"https:\/\/schema.org","@graph":[{"@type":"Article","@id":"https:\/\/www.festivox.fr\/blog\/les-festivals-jazz-de-lete\/#article","isPartOf":{"@id":"https:\/\/www.festivox.fr\/blog\/les-festivals-jazz-de-lete\/"},"author":{"name":"Michele","@id":"https:\/\/www.festivox.fr\/blog\/#\/schema\/person\/f36a8b6bc94800c3eafed4bca993ce95"},"headline":"Les festivals jazz de l\u2019\u00e9t\u00e9","datePublished":"2023-05-23T07:48:00+00:00","mainEntityOfPage":{"@id":"https:\/\/www.festivox.fr\/blog\/les-festivals-jazz-de-lete\/"},"wordCount":434,"publisher":{"@id":"https:\/\/www.festivox.fr\/blog\/#organization"},"image":{"@id":"https:\/\/www.festivox.fr\/blog\/les-festivals-jazz-de-lete\/#primaryimage"},"thumbnailUrl":"https:\/\/www.festivox.fr\/blog\/wp-content\/uploads\/2023\/06\/les-festivals-jazz-de-lete.jpg","articleSection":["Wiki Sur Festival Jazz Et Musique En Mode Guinguette:"],"inLanguage":"fr-FR"},{"@type":"WebPage","@id":"https:\/\/www.festivox.fr\/blog\/les-festivals-jazz-de-lete\/","url":"https:\/\/www.festivox.fr\/blog\/les-festivals-jazz-de-lete\/","name":"Les festivals jazz de l\u2019\u00e9t\u00e9 - FESTIVOX","isPartOf":{"@id":"https:\/\/www.festivox.fr\/blog\/#website"},"primaryImageOfPage":{"@id":"https:\/\/www.festivox.fr\/blog\/les-festivals-jazz-de-lete\/#primaryimage"},"image":{"@id":"https:\/\/www.festivox.fr\/blog\/les-festivals-jazz-de-lete\/#primaryimage"},"thumbnailUrl":"https:\/\/www.festivox.fr\/blog\/wp-content\/uploads\/2023\/06\/les-festivals-jazz-de-lete.jpg","datePublished":"2023-05-23T07:48:00+00:00","breadcrumb":{"@id":"https:\/\/www.festivox.fr\/blog\/les-festivals-jazz-de-lete\/#breadcrumb"},"inLanguage":"fr-FR","potentialAction":[{"@type":"ReadAction","target":["https:\/\/www.festivox.fr\/blog\/les-festivals-jazz-de-lete\/"]}]},{"@type":"ImageObject","inLanguage":"fr-FR","@id":"https:\/\/www.festivox.fr\/blog\/les-festivals-jazz-de-lete\/#primaryimage","url":"https:\/\/www.festivox.fr\/blog\/wp-content\/uploads\/2023\/06\/les-festivals-jazz-de-lete.jpg","contentUrl":"https:\/\/www.festivox.fr\/blog\/wp-content\/uploads\/2023\/06\/les-festivals-jazz-de-lete.jpg","width":864,"height":486},{"@type":"BreadcrumbList","@id":"https:\/\/www.festivox.fr\/blog\/les-festivals-jazz-de-lete\/#breadcrumb","itemListElement":[{"@type":"ListItem","position":1,"name":"Accueil","item":"https:\/\/www.festivox.fr\/blog\/"},{"@type":"ListItem","position":2,"name":"Les festivals jazz de l\u2019\u00e9t\u00e9"}]},{"@type":"WebSite","@id":"https:\/\/www.festivox.fr\/blog\/#website","url":"https:\/\/www.festivox.fr\/blog\/","name":"FESTIVOX","description":"Festival en mode guinguette.","publisher":{"@id":"https:\/\/www.festivox.fr\/blog\/#organization"},"potentialAction":[{"@type":"SearchAction","target":{"@type":"EntryPoint","urlTemplate":"https:\/\/www.festivox.fr\/blog\/?s={search_term_string}"},"query-input":{"@type":"PropertyValueSpecification","valueRequired":true,"valueName":"search_term_string"}}],"inLanguage":"fr-FR"},{"@type":"Organization","@id":"https:\/\/www.festivox.fr\/blog\/#organization","name":"festivox","url":"https:\/\/www.festivox.fr\/blog\/","logo":{"@type":"ImageObject","inLanguage":"fr-FR","@id":"https:\/\/www.festivox.fr\/blog\/#\/schema\/logo\/image\/","url":"https:\/\/www.festivox.fr\/blog\/wp-content\/uploads\/2023\/06\/logo-2.png","contentUrl":"https:\/\/www.festivox.fr\/blog\/wp-content\/uploads\/2023\/06\/logo-2.png","width":480,"height":160,"caption":"festivox"},"image":{"@id":"https:\/\/www.festivox.fr\/blog\/#\/schema\/logo\/image\/"}},{"@type":"Person","@id":"https:\/\/www.festivox.fr\/blog\/#\/schema\/person\/f36a8b6bc94800c3eafed4bca993ce95","name":"Michele","image":{"@type":"ImageObject","inLanguage":"fr-FR","@id":"https:\/\/secure.gravatar.com\/avatar\/b062046536b5d47ec9075956ec349ef95ed06b0f910c578f74abb318668b702e?s=96&d=mm&r=g","url":"https:\/\/secure.gravatar.com\/avatar\/b062046536b5d47ec9075956ec349ef95ed06b0f910c578f74abb318668b702e?s=96&d=mm&r=g","contentUrl":"https:\/\/secure.gravatar.com\/avatar\/b062046536b5d47ec9075956ec349ef95ed06b0f910c578f74abb318668b702e?s=96&d=mm&r=g","caption":"Michele"},"sameAs":["https:\/\/www.festivox.fr\/blog"],"url":"https:\/\/www.festivox.fr\/blog\/author\/voxadmin\/"}]}},"_links":{"self":[{"href":"https:\/\/www.festivox.fr\/blog\/wp-json\/wp\/v2\/posts\/148","targetHints":{"allow":["GET"]}}],"collection":[{"href":"https:\/\/www.festivox.fr\/blog\/wp-json\/wp\/v2\/posts"}],"about":[{"href":"https:\/\/www.festivox.fr\/blog\/wp-json\/wp\/v2\/types\/post"}],"author":[{"embeddable":true,"href":"https:\/\/www.festivox.fr\/blog\/wp-json\/wp\/v2\/users\/1"}],"replies":[{"embeddable":true,"href":"https:\/\/www.festivox.fr\/blog\/wp-json\/wp\/v2\/comments?post=148"}],"version-history":[{"count":0,"href":"https:\/\/www.festivox.fr\/blog\/wp-json\/wp\/v2\/posts\/148\/revisions"}],"wp:featuredmedia":[{"embeddable":true,"href":"https:\/\/www.festivox.fr\/blog\/wp-json\/wp\/v2\/media\/149"}],"wp:attachment":[{"href":"https:\/\/www.festivox.fr\/blog\/wp-json\/wp\/v2\/media?parent=148"}],"wp:term":[{"taxonomy":"category","embeddable":true,"href":"https:\/\/www.festivox.fr\/blog\/wp-json\/wp\/v2\/categories?post=148"},{"taxonomy":"post_tag","embeddable":true,"href":"https:\/\/www.festivox.fr\/blog\/wp-json\/wp\/v2\/tags?post=148"}],"curies":[{"name":"wp","href":"https:\/\/api.w.org\/{rel}","templated":true}]}}