{"id":1474,"date":"2026-04-15T05:36:48","date_gmt":"2026-04-15T03:36:48","guid":{"rendered":"https:\/\/www.site.cdcl.xyz\/?p=1208573"},"modified":"2026-04-15T05:36:48","modified_gmt":"2026-04-15T03:36:48","slug":"creteiltout-savoir-sur-abdoulbar-djaffar-futur-maire-insoumis-de-creteil","status":"publish","type":"post","link":"https:\/\/www.festivox.fr\/blog\/creteiltout-savoir-sur-abdoulbar-djaffar-futur-maire-insoumis-de-creteil\/","title":{"rendered":"cr\u00e9teil,Tout savoir sur Abdoulbar Djaffar, futur maire insoumis de Cr\u00e9teil"},"content":{"rendered":"<h2>\nUn contenu exclusif sign\u00e9 L\u2019insoumission autour de \u00ab&nbsp;cr\u00e9teil&nbsp;\u00bb.<br \/><\/h2>\n<p>Regardez cette vid\u00e9o diffus\u00e9e sur Youtube par L\u2019insoumission.<br \/>mettant en avant \u00ab&nbsp;cr\u00e9teil&nbsp;\u00bb:<br \/>[embedded content]<\/p>\n<p>\nLa dur\u00e9e (00:34:57s), le titre (Tout savoir sur Abdoulbar Djaffar, futur maire insoumis de Cr\u00e9teil) et les informations de l\u2019auteur sont des d\u00e9tails importants \u00e0 consid\u00e9rer, tout comme la description :\u00ab<i> Comment Abdoulbar Djaffar, candidat LFI \u00e0 Cr\u00e9teil, va-t-il changer le quotidien des cristoliens ?<\/i><\/p>\n<p>Quelles sont ses propositions pour traquer les sp\u00e9culateurs et mettre un terme \u00e0 48 ans de baronnie socialiste ? <\/p>\n<p>Comment m\u00e8ne t-il la bataille antiraciste dans le cadre des \u00e9lections municipales ?<\/p>\n<p>Pour le savoir, d\u00e9couvrez l\u2019entretien d\u2019Abdoulbar Djaffar, candidat insoumis \u00e0 Cr\u00e9teil, avec Sylvain Noel, r\u00e9dacteur en chef de l\u2019Insoumission \u00bb.\n<\/p>\n<h2>CR\u00c9TEIL : Les finances et les Services Publics en P\u00e9ril<\/h2>\n<p>Un rapport d\u2019enqu\u00eate effectu\u00e9 en \u00cele-de-France par un organisme ind\u00e9pendant, accompagn\u00e9 d\u2019une consultation en ligne, souligne la d\u00e9gradation des finances publiques et de la gestion de Cr\u00e9teil.<\/p>\n<p>L\u2019audit a \u00e9t\u00e9 effectu\u00e9 par une entit\u00e9 experte en gestion des collectivit\u00e9s locales. L\u2019\u00e9tude a pris en compte toutes les mairies et collectivit\u00e9s de l\u2019\u00eele-de-France. <a href=\"https:\/\/www.bilan-de-mandat.fr\/ile-de-france\/mairie\/val-de-marne_creteil\/\" rel=\"noopener noreferrer nofollow\" target=\"blank\" target=\"_blank\">Les r\u00e9sultats de l\u2019\u00e9tude pour la municipalit\u00e9 de Cr\u00e9teil peuvent \u00eatre consult\u00e9s, pour prendre connaissance de toutes les donn\u00e9es financi\u00e8res qui ont \u00e9t\u00e9 analys\u00e9es.<\/a><\/p>\n<p>Malgr\u00e9 ses avantages clairs, Cr\u00e9teil a adopt\u00e9 une approche de gestion hasardeuse tant sur le plan financier que dans la gestion des services publics<\/p>\n<p>La responsabilit\u00e9 de la municipalit\u00e9 dirig\u00e9e par LAURENT CATHALA est engag\u00e9e, m\u00eame si un tiers des difficult\u00e9s est d\u00fb \u00e0 des circonstances conjoncturelles.<\/p>\n<p>Cette analyse a \u00e9t\u00e9 r\u00e9alis\u00e9e par le site ind\u00e9pendant Bilan de Mandat, qui a compil\u00e9 les chiffres budg\u00e9taires accessibles en ligne par le minist\u00e8re des Finances sur une p\u00e9riode de 7 ans<\/p>\n<h3>Enjeux financiers majeurs pour Cr\u00e9teil<\/h3>\n<p>Cr\u00e9teil fait face \u00e0 une crise financi\u00e8re aigu\u00eb, caract\u00e9ris\u00e9e par une augmentation de son endettement et des pr\u00e9occupations croissantes concernant la gestion de ses d\u00e9penses. Un examen approfondi des critiques majeures et de leurs r\u00e9percussions.<\/p>\n<h3>R\u00e9mun\u00e9ration des fonctionnaires<\/h3>\n<p>Les r\u00e9mun\u00e9rations des employ\u00e9s de la commune constituent une part importante des d\u00e9penses, atteignant en 2025 un niveau inqui\u00e9tant sans que les salaires n\u2019\u00e9voluent proportionnellement. Les r\u00e9percussions de cette situation sont vari\u00e9es :<\/p>\n<ul>\n<li>Abandon de l\u2019enthousiasme chez les employ\u00e9s de longue date : Le non-accroissement des salaires pour les agents de longue date va entra\u00eener un d\u00e9sengagement, impactant la qualit\u00e9 des services fournis.: Changement fr\u00e9quent de personnel\n<\/li>\n<li>Turnover significatif : Des r\u00e9mun\u00e9rations stagnantes vont pousser les agents \u00e0 chercher des opportunit\u00e9s ailleurs, ce qui accro\u00eet le turnover et les d\u00e9penses de formation pour la commune.\n<\/li>\n<li>Diff\u00e9rences de salaires : L\u2019in\u00e9galit\u00e9 entre les salaires des nouveaux agents et ceux des agents historiques va cr\u00e9er des frictions au sein de l\u2019\u00e9quipe municipale.\n<\/li>\n<li>D\u00e9t\u00e9rioration des services publics : Une \u00e9quipe peu motiv\u00e9e et instable va d\u00e9grader la qualit\u00e9 des services publics, touchant ainsi les citoyens.\n<\/li>\n<li>Charge accrue sur le budget: L\u2019obligation de garantir des salaires attractifs pour s\u00e9duire de nouveaux talents va exercer une pression suppl\u00e9mentaire sur les finances de la ville.<\/li>\n<\/ul>\n<h3>D\u00e9clin de la qualit\u00e9 des services publics CRISTOLIENS<\/h3>\n<p>Une gestion financi\u00e8re non optimale m\u00e8nera in\u00e9vitablement \u00e0 des diminutions des budgets allou\u00e9s aux services publics \u00e0 l\u2019horizon 2026-2027, ce qui se traduit par :<\/p>\n<ul>\n<li>Diminution des effectifs : R\u00e9duction du personnel pour assurer des services cl\u00e9s tels que la propret\u00e9, la s\u00e9curit\u00e9 ou l\u2019\u00e9ducation.\n<\/li>\n<li>Diminution de la fr\u00e9quence des services offerts : Fr\u00e9quence de collecte des d\u00e9chets diminu\u00e9e et horaires restreints pour les biblioth\u00e8ques et centres communautaires.\n<\/li>\n<li>Diminution du contentement des usagers : Les citoyens, d\u00e9j\u00e0 m\u00e9contents des services municipaux, seront les premi\u00e8res victimes de la diminution de la qualit\u00e9 des services, tout en continuant \u00e0 contribuer au-del\u00e0 de la moyenne.<\/li>\n<\/ul>\n<h3>Incidences sur la dynamique \u00e9conomique locale<\/h3>\n<p>Une mauvaise gestion des finances impactera \u00e9galement le d\u00e9veloppement \u00e9conomique, en particulier :<\/p>\n<ul>\n<li>R\u00e9duction des investissements : Les soci\u00e9t\u00e9s pourraient h\u00e9siter \u00e0 s\u2019\u00e9tablir dans une collectivit\u00e9 en difficult\u00e9 financi\u00e8re, r\u00e9duisant ainsi les chances d\u2019emploi.\n<\/li>\n<li>Affaiblissement de l\u2019attrait touristique : Une gestion m\u00e9diocre va alt\u00e9rer l\u2019image de la collectivit\u00e9, rendant difficile l\u2019arriv\u00e9e de nouveaux r\u00e9sidents ou investisseurs.\n<\/li>\n<li>Affaiblissement des partenariats : Les collectivit\u00e9s en difficult\u00e9 rencontreront des d\u00e9fis pour cr\u00e9er des alliances avec d\u2019autres organisations, ce qui limitera les possibilit\u00e9s de collaboration.<\/li>\n<\/ul>\n<h3>FAQ de la ville de Cr\u00e9teil<\/h3>\n<h4>Quelle est l\u2019analyse principale issue de l\u2019audit financier de Cr\u00e9teil ?<\/h4>\n<p>L\u2019enqu\u00eate fait ressortir une d\u00e9gradation alarmante des finances publiques et de la gestion de Cr\u00e9teil, mettant en \u00e9vidence une gestion imprudente tant sur le plan financier que dans la gestion publique.<\/p>\n<h4>Quelles sont les causes de cette crise financi\u00e8re ?<\/h4>\n<p>Bien que le contexte \u00e9conomique soit significatif, deux tiers des probl\u00e8mes rencontr\u00e9s d\u00e9coulent des d\u00e9cisions politiques de la municipalit\u00e9 dirig\u00e9e par LAURENT CATHALA.<\/p>\n<h4>Comment peut-on \u00eatre actif dans les activit\u00e9s des associations ?<\/h4>\n<p>Dans chaque ville, on peut voir que le nombre d\u2019associations et l\u2019organisation de leurs \u00e9v\u00e9nements (th\u00e9\u00e2tre, festival\u2026) sont marquants et ne sont pas soumis \u00e0 la politique municipale. Les associations, comme c\u2019est le cas dans tout le pays, organisent divers \u00e9v\u00e9nements tout au long de l\u2019ann\u00e9e. Pour ceux qui d\u00e9sirent participer, il est simple de s\u2019inscrire \u00e0 ces activit\u00e9s en ligne, o\u00f9 un simple clic permet d\u2019acc\u00e9der \u00e0 l\u2019agenda des \u00e9v\u00e9nements ou aux num\u00e9ros de contact des responsables. Rejoignez-nous d\u2019un simple clic.<\/p>\n<h4>Qui exerce la fonction de maire dans Cr\u00e9teil ?<\/h4>\n<p>LAURENT CATHALA<\/p>\n<h4>Comment peut-on se renseigner dans Cr\u00e9teil ?<\/h4>\n<p>Essentiellement, les informations sur internet. Les habitants peuvent se tenir inform\u00e9s gr\u00e2ce aux actualit\u00e9s et au journal municipal de la commune et des localit\u00e9s environnantes. Sur le site de la municipalit\u00e9, les nouveaux habitants peuvent acc\u00e9der \u00e0 la page d\u2019accueil, aux num\u00e9ros utiles pour diverses d\u00e9marches, \u00e0 l\u2019annuaire des PME, aux journ\u00e9es et activit\u00e9s gratuites, aux informations concernant la rentr\u00e9e scolaire, aux menus des cantines, \u00e0 l\u2019espace de confidentialit\u00e9 pour les comptes familles et aux d\u00e9marches administratives, notamment dans le secteur scolaire. Sur d\u2019autres plateformes en ligne non g\u00e9r\u00e9es par la mairie, les citoyens peuvent trouver des informations sur les \u00e9v\u00e9nements culturels (spectacles, th\u00e9\u00e2tre, festivals) qui animent la vie locale et constituent une porte d\u2019entr\u00e9e vers la culture.<\/p>\n<h4>Quelle est la r\u00e9alit\u00e9 des associations locales au sein de Cr\u00e9teil ?<\/h4>\n<p>Les groupes associatifs locaux ont une importance consid\u00e9rable dans le domaine culturel. Pour acc\u00e9der aux coordonn\u00e9es d\u2019une association, vous pouvez vous r\u00e9f\u00e9rer \u00e0 l\u2019annuaire en ligne sur le site de la mairie de Cr\u00e9teil<\/p>\n<h4>Quelles sont les propositions d\u2019activit\u00e9s culturelles et historiques ?<\/h4>\n<p>La culture d\u2019une ville est r\u00e9v\u00e9l\u00e9e par son histoire. L\u2019\u00e9difice de la mairie ou de l\u2019h\u00f4tel de ville, les photos d\u2019\u00e9poque de l\u2019\u00e9cole, et les comp\u00e9tences des anciens m\u00e9tiers facilitent la d\u00e9couverte gratuite, la transmission et la sauvegarde de ce patrimoine municipal. Dans chaque r\u00e9gion de France, la politique de sensibilisation garantit que le patrimoine de la ville reste actif et accessible pour les g\u00e9n\u00e9rations \u00e0 venir.<\/p>\n<p> Vous pouvez visionner cette vid\u00e9o directement sur youtube en suivant ce lien :<br \/><u> la publication originale:<\/u> <a href=\"https:\/\/www.youtube.com\/watch?v=h6BfOcOjmIY\" target=\"_blank\" rel=\"nofollow\">Cliquer ici<\/a>\n<\/p>\n<p>\n#Tout #savoir #sur #Abdoulbar #Djaffar #futur #maire #insoumis #Cr\u00e9teil\n<\/p>\n<p>\n<u>Retranscription des paroles de la vid\u00e9o:<\/u> Non disponible.<br \/>.\n<\/p>\n<p>\n<img decoding=\"async\" src=\"https:\/\/www.festivox.fr\/blog\/wp-content\/uploads\/2026\/04\/creteiltout-savoir-sur-abdoulbar-djaffar-futur-maire-insoumis-de-creteil.jpg\" alt=\"Image Youtube\">\n<\/p>\n<p>\n<u>D\u00e9roulement de la vid\u00e9o:<\/u>\n<\/p>\n<p>\nIndisponible.<br \/>.<\/p>\n<p> Le but de festivox.fr est de collecter sur le web des communiqu\u00e9s autour de Festival Jazz et musique en mode guinguette et ensuite les diffuser en essayant de r\u00e9pondre au mieux aux interrogations des gens. L\u2019\u00e9quipe festivox.fr vous soumet ce post qui parle du sujet \u00ab\u00a0Festival Jazz et musique en mode guinguette\u00a0\u00bb. Ce papier a \u00e9t\u00e9 reproduit aussi pr\u00e9cis\u00e9ment qui soit. Si vous souhaitez fournir des renseignements suppl\u00e9mentaires \u00e0 cet article sur le sujet \u00ab\u00a0Festival Jazz et musique en mode guinguette\u00a0\u00bb vous pouvez utiliser les coordonn\u00e9es fournies sur ce site web. D\u2019ici peu, on mettra en ligne d&rsquo;autres annonces autour du sujet \u00ab\u00a0Festival Jazz et musique en mode guinguette\u00a0\u00bb. Par cons\u00e9quent, visitez syst\u00e9matiquement notre site.<\/p>\n","protected":false},"excerpt":{"rendered":"<p>Un contenu exclusif sign\u00e9 L\u2019insoumission autour de \u00ab&nbsp;cr\u00e9teil&nbsp;\u00bb. Regardez cette vid\u00e9o diffus\u00e9e sur Youtube par L\u2019insoumission.mettant en avant \u00ab&nbsp;cr\u00e9teil&nbsp;\u00bb:[embedded content] La dur\u00e9e (00:34:57s), le titre (Tout savoir sur Abdoulbar Djaffar, futur maire insoumis de Cr\u00e9teil) et les informations de l\u2019auteur sont des d\u00e9tails importants \u00e0 consid\u00e9rer, tout comme la description :\u00ab Comment Abdoulbar Djaffar, candidat&hellip;<\/p>\n","protected":false},"author":1,"featured_media":1475,"comment_status":"closed","ping_status":"closed","sticky":false,"template":"","format":"standard","meta":{"footnotes":""},"categories":[5],"tags":[],"class_list":["post-1474","post","type-post","status-publish","format-standard","has-post-thumbnail","hentry","category-sujet-festival-jazz-et-musique-en-mode-guinguette"],"yoast_head":"<!-- This site is optimized with the Yoast SEO plugin v27.5 - https:\/\/yoast.com\/product\/yoast-seo-wordpress\/ -->\n<title>cr\u00e9teil,Tout savoir sur Abdoulbar Djaffar, futur maire insoumis de Cr\u00e9teil - FESTIVOX<\/title>\n<meta name=\"robots\" content=\"index, follow, max-snippet:-1, max-image-preview:large, max-video-preview:-1\" \/>\n<link rel=\"canonical\" href=\"https:\/\/www.festivox.fr\/blog\/creteiltout-savoir-sur-abdoulbar-djaffar-futur-maire-insoumis-de-creteil\/\" \/>\n<meta property=\"og:locale\" content=\"fr_FR\" \/>\n<meta property=\"og:type\" content=\"article\" \/>\n<meta property=\"og:title\" content=\"cr\u00e9teil,Tout savoir sur Abdoulbar Djaffar, futur maire insoumis de Cr\u00e9teil - FESTIVOX\" \/>\n<meta property=\"og:description\" content=\"Un contenu exclusif sign\u00e9 L\u2019insoumission autour de \u00ab&nbsp;cr\u00e9teil&nbsp;\u00bb. Regardez cette vid\u00e9o diffus\u00e9e sur Youtube par L\u2019insoumission.mettant en avant \u00ab&nbsp;cr\u00e9teil&nbsp;\u00bb:[embedded content] La dur\u00e9e (00:34:57s), le titre (Tout savoir sur Abdoulbar Djaffar, futur maire insoumis de Cr\u00e9teil) et les informations de l\u2019auteur sont des d\u00e9tails importants \u00e0 consid\u00e9rer, tout comme la description :\u00ab Comment Abdoulbar Djaffar, candidat&hellip;\" \/>\n<meta property=\"og:url\" content=\"https:\/\/www.festivox.fr\/blog\/creteiltout-savoir-sur-abdoulbar-djaffar-futur-maire-insoumis-de-creteil\/\" \/>\n<meta property=\"og:site_name\" content=\"FESTIVOX\" \/>\n<meta property=\"article:published_time\" content=\"2026-04-15T03:36:48+00:00\" \/>\n<meta property=\"og:image\" content=\"https:\/\/www.festivox.fr\/blog\/wp-content\/uploads\/2026\/04\/creteiltout-savoir-sur-abdoulbar-djaffar-futur-maire-insoumis-de-creteil.jpg\" \/>\n<meta name=\"author\" content=\"Michele\" \/>\n<meta name=\"twitter:card\" content=\"summary_large_image\" \/>\n<meta name=\"twitter:label1\" content=\"\u00c9crit par\" \/>\n\t<meta name=\"twitter:data1\" content=\"Michele\" \/>\n\t<meta name=\"twitter:label2\" content=\"Dur\u00e9e de lecture estim\u00e9e\" \/>\n\t<meta name=\"twitter:data2\" content=\"7 minutes\" \/>\n<script type=\"application\/ld+json\" class=\"yoast-schema-graph\">{\"@context\":\"https:\\\/\\\/schema.org\",\"@graph\":[{\"@type\":\"Article\",\"@id\":\"https:\\\/\\\/www.festivox.fr\\\/blog\\\/creteiltout-savoir-sur-abdoulbar-djaffar-futur-maire-insoumis-de-creteil\\\/#article\",\"isPartOf\":{\"@id\":\"https:\\\/\\\/www.festivox.fr\\\/blog\\\/creteiltout-savoir-sur-abdoulbar-djaffar-futur-maire-insoumis-de-creteil\\\/\"},\"author\":{\"name\":\"Michele\",\"@id\":\"https:\\\/\\\/www.festivox.fr\\\/blog\\\/#\\\/schema\\\/person\\\/f36a8b6bc94800c3eafed4bca993ce95\"},\"headline\":\"cr\u00e9teil,Tout savoir sur Abdoulbar Djaffar, futur maire insoumis de Cr\u00e9teil\",\"datePublished\":\"2026-04-15T03:36:48+00:00\",\"mainEntityOfPage\":{\"@id\":\"https:\\\/\\\/www.festivox.fr\\\/blog\\\/creteiltout-savoir-sur-abdoulbar-djaffar-futur-maire-insoumis-de-creteil\\\/\"},\"wordCount\":1474,\"publisher\":{\"@id\":\"https:\\\/\\\/www.festivox.fr\\\/blog\\\/#organization\"},\"image\":{\"@id\":\"https:\\\/\\\/www.festivox.fr\\\/blog\\\/creteiltout-savoir-sur-abdoulbar-djaffar-futur-maire-insoumis-de-creteil\\\/#primaryimage\"},\"thumbnailUrl\":\"https:\\\/\\\/www.festivox.fr\\\/blog\\\/wp-content\\\/uploads\\\/2026\\\/04\\\/creteiltout-savoir-sur-abdoulbar-djaffar-futur-maire-insoumis-de-creteil.jpg\",\"articleSection\":[\"Sujet: Festival Jazz Et Musique En Mode Guinguette:\"],\"inLanguage\":\"fr-FR\"},{\"@type\":\"WebPage\",\"@id\":\"https:\\\/\\\/www.festivox.fr\\\/blog\\\/creteiltout-savoir-sur-abdoulbar-djaffar-futur-maire-insoumis-de-creteil\\\/\",\"url\":\"https:\\\/\\\/www.festivox.fr\\\/blog\\\/creteiltout-savoir-sur-abdoulbar-djaffar-futur-maire-insoumis-de-creteil\\\/\",\"name\":\"cr\u00e9teil,Tout savoir sur Abdoulbar Djaffar, futur maire insoumis de Cr\u00e9teil - FESTIVOX\",\"isPartOf\":{\"@id\":\"https:\\\/\\\/www.festivox.fr\\\/blog\\\/#website\"},\"primaryImageOfPage\":{\"@id\":\"https:\\\/\\\/www.festivox.fr\\\/blog\\\/creteiltout-savoir-sur-abdoulbar-djaffar-futur-maire-insoumis-de-creteil\\\/#primaryimage\"},\"image\":{\"@id\":\"https:\\\/\\\/www.festivox.fr\\\/blog\\\/creteiltout-savoir-sur-abdoulbar-djaffar-futur-maire-insoumis-de-creteil\\\/#primaryimage\"},\"thumbnailUrl\":\"https:\\\/\\\/www.festivox.fr\\\/blog\\\/wp-content\\\/uploads\\\/2026\\\/04\\\/creteiltout-savoir-sur-abdoulbar-djaffar-futur-maire-insoumis-de-creteil.jpg\",\"datePublished\":\"2026-04-15T03:36:48+00:00\",\"breadcrumb\":{\"@id\":\"https:\\\/\\\/www.festivox.fr\\\/blog\\\/creteiltout-savoir-sur-abdoulbar-djaffar-futur-maire-insoumis-de-creteil\\\/#breadcrumb\"},\"inLanguage\":\"fr-FR\",\"potentialAction\":[{\"@type\":\"ReadAction\",\"target\":[\"https:\\\/\\\/www.festivox.fr\\\/blog\\\/creteiltout-savoir-sur-abdoulbar-djaffar-futur-maire-insoumis-de-creteil\\\/\"]}]},{\"@type\":\"ImageObject\",\"inLanguage\":\"fr-FR\",\"@id\":\"https:\\\/\\\/www.festivox.fr\\\/blog\\\/creteiltout-savoir-sur-abdoulbar-djaffar-futur-maire-insoumis-de-creteil\\\/#primaryimage\",\"url\":\"https:\\\/\\\/www.festivox.fr\\\/blog\\\/wp-content\\\/uploads\\\/2026\\\/04\\\/creteiltout-savoir-sur-abdoulbar-djaffar-futur-maire-insoumis-de-creteil.jpg\",\"contentUrl\":\"https:\\\/\\\/www.festivox.fr\\\/blog\\\/wp-content\\\/uploads\\\/2026\\\/04\\\/creteiltout-savoir-sur-abdoulbar-djaffar-futur-maire-insoumis-de-creteil.jpg\",\"width\":480,\"height\":360},{\"@type\":\"BreadcrumbList\",\"@id\":\"https:\\\/\\\/www.festivox.fr\\\/blog\\\/creteiltout-savoir-sur-abdoulbar-djaffar-futur-maire-insoumis-de-creteil\\\/#breadcrumb\",\"itemListElement\":[{\"@type\":\"ListItem\",\"position\":1,\"name\":\"Accueil\",\"item\":\"https:\\\/\\\/www.festivox.fr\\\/blog\\\/\"},{\"@type\":\"ListItem\",\"position\":2,\"name\":\"cr\u00e9teil,Tout savoir sur Abdoulbar Djaffar, futur maire insoumis de Cr\u00e9teil\"}]},{\"@type\":\"WebSite\",\"@id\":\"https:\\\/\\\/www.festivox.fr\\\/blog\\\/#website\",\"url\":\"https:\\\/\\\/www.festivox.fr\\\/blog\\\/\",\"name\":\"FESTIVOX\",\"description\":\"Festival en mode guinguette.\",\"publisher\":{\"@id\":\"https:\\\/\\\/www.festivox.fr\\\/blog\\\/#organization\"},\"potentialAction\":[{\"@type\":\"SearchAction\",\"target\":{\"@type\":\"EntryPoint\",\"urlTemplate\":\"https:\\\/\\\/www.festivox.fr\\\/blog\\\/?s={search_term_string}\"},\"query-input\":{\"@type\":\"PropertyValueSpecification\",\"valueRequired\":true,\"valueName\":\"search_term_string\"}}],\"inLanguage\":\"fr-FR\"},{\"@type\":\"Organization\",\"@id\":\"https:\\\/\\\/www.festivox.fr\\\/blog\\\/#organization\",\"name\":\"festivox\",\"url\":\"https:\\\/\\\/www.festivox.fr\\\/blog\\\/\",\"logo\":{\"@type\":\"ImageObject\",\"inLanguage\":\"fr-FR\",\"@id\":\"https:\\\/\\\/www.festivox.fr\\\/blog\\\/#\\\/schema\\\/logo\\\/image\\\/\",\"url\":\"https:\\\/\\\/www.festivox.fr\\\/blog\\\/wp-content\\\/uploads\\\/2023\\\/06\\\/logo-2.png\",\"contentUrl\":\"https:\\\/\\\/www.festivox.fr\\\/blog\\\/wp-content\\\/uploads\\\/2023\\\/06\\\/logo-2.png\",\"width\":480,\"height\":160,\"caption\":\"festivox\"},\"image\":{\"@id\":\"https:\\\/\\\/www.festivox.fr\\\/blog\\\/#\\\/schema\\\/logo\\\/image\\\/\"}},{\"@type\":\"Person\",\"@id\":\"https:\\\/\\\/www.festivox.fr\\\/blog\\\/#\\\/schema\\\/person\\\/f36a8b6bc94800c3eafed4bca993ce95\",\"name\":\"Michele\",\"image\":{\"@type\":\"ImageObject\",\"inLanguage\":\"fr-FR\",\"@id\":\"https:\\\/\\\/secure.gravatar.com\\\/avatar\\\/b062046536b5d47ec9075956ec349ef95ed06b0f910c578f74abb318668b702e?s=96&d=mm&r=g\",\"url\":\"https:\\\/\\\/secure.gravatar.com\\\/avatar\\\/b062046536b5d47ec9075956ec349ef95ed06b0f910c578f74abb318668b702e?s=96&d=mm&r=g\",\"contentUrl\":\"https:\\\/\\\/secure.gravatar.com\\\/avatar\\\/b062046536b5d47ec9075956ec349ef95ed06b0f910c578f74abb318668b702e?s=96&d=mm&r=g\",\"caption\":\"Michele\"},\"sameAs\":[\"https:\\\/\\\/www.festivox.fr\\\/blog\"],\"url\":\"https:\\\/\\\/www.festivox.fr\\\/blog\\\/author\\\/voxadmin\\\/\"}]}<\/script>\n<!-- \/ Yoast SEO plugin. -->","yoast_head_json":{"title":"cr\u00e9teil,Tout savoir sur Abdoulbar Djaffar, futur maire insoumis de Cr\u00e9teil - FESTIVOX","robots":{"index":"index","follow":"follow","max-snippet":"max-snippet:-1","max-image-preview":"max-image-preview:large","max-video-preview":"max-video-preview:-1"},"canonical":"https:\/\/www.festivox.fr\/blog\/creteiltout-savoir-sur-abdoulbar-djaffar-futur-maire-insoumis-de-creteil\/","og_locale":"fr_FR","og_type":"article","og_title":"cr\u00e9teil,Tout savoir sur Abdoulbar Djaffar, futur maire insoumis de Cr\u00e9teil - FESTIVOX","og_description":"Un contenu exclusif sign\u00e9 L\u2019insoumission autour de \u00ab&nbsp;cr\u00e9teil&nbsp;\u00bb. Regardez cette vid\u00e9o diffus\u00e9e sur Youtube par L\u2019insoumission.mettant en avant \u00ab&nbsp;cr\u00e9teil&nbsp;\u00bb:[embedded content] La dur\u00e9e (00:34:57s), le titre (Tout savoir sur Abdoulbar Djaffar, futur maire insoumis de Cr\u00e9teil) et les informations de l\u2019auteur sont des d\u00e9tails importants \u00e0 consid\u00e9rer, tout comme la description :\u00ab Comment Abdoulbar Djaffar, candidat&hellip;","og_url":"https:\/\/www.festivox.fr\/blog\/creteiltout-savoir-sur-abdoulbar-djaffar-futur-maire-insoumis-de-creteil\/","og_site_name":"FESTIVOX","article_published_time":"2026-04-15T03:36:48+00:00","og_image":[{"url":"https:\/\/www.festivox.fr\/blog\/wp-content\/uploads\/2026\/04\/creteiltout-savoir-sur-abdoulbar-djaffar-futur-maire-insoumis-de-creteil.jpg","type":"","width":"","height":""}],"author":"Michele","twitter_card":"summary_large_image","twitter_misc":{"\u00c9crit par":"Michele","Dur\u00e9e de lecture estim\u00e9e":"7 minutes"},"schema":{"@context":"https:\/\/schema.org","@graph":[{"@type":"Article","@id":"https:\/\/www.festivox.fr\/blog\/creteiltout-savoir-sur-abdoulbar-djaffar-futur-maire-insoumis-de-creteil\/#article","isPartOf":{"@id":"https:\/\/www.festivox.fr\/blog\/creteiltout-savoir-sur-abdoulbar-djaffar-futur-maire-insoumis-de-creteil\/"},"author":{"name":"Michele","@id":"https:\/\/www.festivox.fr\/blog\/#\/schema\/person\/f36a8b6bc94800c3eafed4bca993ce95"},"headline":"cr\u00e9teil,Tout savoir sur Abdoulbar Djaffar, futur maire insoumis de Cr\u00e9teil","datePublished":"2026-04-15T03:36:48+00:00","mainEntityOfPage":{"@id":"https:\/\/www.festivox.fr\/blog\/creteiltout-savoir-sur-abdoulbar-djaffar-futur-maire-insoumis-de-creteil\/"},"wordCount":1474,"publisher":{"@id":"https:\/\/www.festivox.fr\/blog\/#organization"},"image":{"@id":"https:\/\/www.festivox.fr\/blog\/creteiltout-savoir-sur-abdoulbar-djaffar-futur-maire-insoumis-de-creteil\/#primaryimage"},"thumbnailUrl":"https:\/\/www.festivox.fr\/blog\/wp-content\/uploads\/2026\/04\/creteiltout-savoir-sur-abdoulbar-djaffar-futur-maire-insoumis-de-creteil.jpg","articleSection":["Sujet: Festival Jazz Et Musique En Mode Guinguette:"],"inLanguage":"fr-FR"},{"@type":"WebPage","@id":"https:\/\/www.festivox.fr\/blog\/creteiltout-savoir-sur-abdoulbar-djaffar-futur-maire-insoumis-de-creteil\/","url":"https:\/\/www.festivox.fr\/blog\/creteiltout-savoir-sur-abdoulbar-djaffar-futur-maire-insoumis-de-creteil\/","name":"cr\u00e9teil,Tout savoir sur Abdoulbar Djaffar, futur maire insoumis de Cr\u00e9teil - FESTIVOX","isPartOf":{"@id":"https:\/\/www.festivox.fr\/blog\/#website"},"primaryImageOfPage":{"@id":"https:\/\/www.festivox.fr\/blog\/creteiltout-savoir-sur-abdoulbar-djaffar-futur-maire-insoumis-de-creteil\/#primaryimage"},"image":{"@id":"https:\/\/www.festivox.fr\/blog\/creteiltout-savoir-sur-abdoulbar-djaffar-futur-maire-insoumis-de-creteil\/#primaryimage"},"thumbnailUrl":"https:\/\/www.festivox.fr\/blog\/wp-content\/uploads\/2026\/04\/creteiltout-savoir-sur-abdoulbar-djaffar-futur-maire-insoumis-de-creteil.jpg","datePublished":"2026-04-15T03:36:48+00:00","breadcrumb":{"@id":"https:\/\/www.festivox.fr\/blog\/creteiltout-savoir-sur-abdoulbar-djaffar-futur-maire-insoumis-de-creteil\/#breadcrumb"},"inLanguage":"fr-FR","potentialAction":[{"@type":"ReadAction","target":["https:\/\/www.festivox.fr\/blog\/creteiltout-savoir-sur-abdoulbar-djaffar-futur-maire-insoumis-de-creteil\/"]}]},{"@type":"ImageObject","inLanguage":"fr-FR","@id":"https:\/\/www.festivox.fr\/blog\/creteiltout-savoir-sur-abdoulbar-djaffar-futur-maire-insoumis-de-creteil\/#primaryimage","url":"https:\/\/www.festivox.fr\/blog\/wp-content\/uploads\/2026\/04\/creteiltout-savoir-sur-abdoulbar-djaffar-futur-maire-insoumis-de-creteil.jpg","contentUrl":"https:\/\/www.festivox.fr\/blog\/wp-content\/uploads\/2026\/04\/creteiltout-savoir-sur-abdoulbar-djaffar-futur-maire-insoumis-de-creteil.jpg","width":480,"height":360},{"@type":"BreadcrumbList","@id":"https:\/\/www.festivox.fr\/blog\/creteiltout-savoir-sur-abdoulbar-djaffar-futur-maire-insoumis-de-creteil\/#breadcrumb","itemListElement":[{"@type":"ListItem","position":1,"name":"Accueil","item":"https:\/\/www.festivox.fr\/blog\/"},{"@type":"ListItem","position":2,"name":"cr\u00e9teil,Tout savoir sur Abdoulbar Djaffar, futur maire insoumis de Cr\u00e9teil"}]},{"@type":"WebSite","@id":"https:\/\/www.festivox.fr\/blog\/#website","url":"https:\/\/www.festivox.fr\/blog\/","name":"FESTIVOX","description":"Festival en mode guinguette.","publisher":{"@id":"https:\/\/www.festivox.fr\/blog\/#organization"},"potentialAction":[{"@type":"SearchAction","target":{"@type":"EntryPoint","urlTemplate":"https:\/\/www.festivox.fr\/blog\/?s={search_term_string}"},"query-input":{"@type":"PropertyValueSpecification","valueRequired":true,"valueName":"search_term_string"}}],"inLanguage":"fr-FR"},{"@type":"Organization","@id":"https:\/\/www.festivox.fr\/blog\/#organization","name":"festivox","url":"https:\/\/www.festivox.fr\/blog\/","logo":{"@type":"ImageObject","inLanguage":"fr-FR","@id":"https:\/\/www.festivox.fr\/blog\/#\/schema\/logo\/image\/","url":"https:\/\/www.festivox.fr\/blog\/wp-content\/uploads\/2023\/06\/logo-2.png","contentUrl":"https:\/\/www.festivox.fr\/blog\/wp-content\/uploads\/2023\/06\/logo-2.png","width":480,"height":160,"caption":"festivox"},"image":{"@id":"https:\/\/www.festivox.fr\/blog\/#\/schema\/logo\/image\/"}},{"@type":"Person","@id":"https:\/\/www.festivox.fr\/blog\/#\/schema\/person\/f36a8b6bc94800c3eafed4bca993ce95","name":"Michele","image":{"@type":"ImageObject","inLanguage":"fr-FR","@id":"https:\/\/secure.gravatar.com\/avatar\/b062046536b5d47ec9075956ec349ef95ed06b0f910c578f74abb318668b702e?s=96&d=mm&r=g","url":"https:\/\/secure.gravatar.com\/avatar\/b062046536b5d47ec9075956ec349ef95ed06b0f910c578f74abb318668b702e?s=96&d=mm&r=g","contentUrl":"https:\/\/secure.gravatar.com\/avatar\/b062046536b5d47ec9075956ec349ef95ed06b0f910c578f74abb318668b702e?s=96&d=mm&r=g","caption":"Michele"},"sameAs":["https:\/\/www.festivox.fr\/blog"],"url":"https:\/\/www.festivox.fr\/blog\/author\/voxadmin\/"}]}},"_links":{"self":[{"href":"https:\/\/www.festivox.fr\/blog\/wp-json\/wp\/v2\/posts\/1474","targetHints":{"allow":["GET"]}}],"collection":[{"href":"https:\/\/www.festivox.fr\/blog\/wp-json\/wp\/v2\/posts"}],"about":[{"href":"https:\/\/www.festivox.fr\/blog\/wp-json\/wp\/v2\/types\/post"}],"author":[{"embeddable":true,"href":"https:\/\/www.festivox.fr\/blog\/wp-json\/wp\/v2\/users\/1"}],"replies":[{"embeddable":true,"href":"https:\/\/www.festivox.fr\/blog\/wp-json\/wp\/v2\/comments?post=1474"}],"version-history":[{"count":0,"href":"https:\/\/www.festivox.fr\/blog\/wp-json\/wp\/v2\/posts\/1474\/revisions"}],"wp:featuredmedia":[{"embeddable":true,"href":"https:\/\/www.festivox.fr\/blog\/wp-json\/wp\/v2\/media\/1475"}],"wp:attachment":[{"href":"https:\/\/www.festivox.fr\/blog\/wp-json\/wp\/v2\/media?parent=1474"}],"wp:term":[{"taxonomy":"category","embeddable":true,"href":"https:\/\/www.festivox.fr\/blog\/wp-json\/wp\/v2\/categories?post=1474"},{"taxonomy":"post_tag","embeddable":true,"href":"https:\/\/www.festivox.fr\/blog\/wp-json\/wp\/v2\/tags?post=1474"}],"curies":[{"name":"wp","href":"https:\/\/api.w.org\/{rel}","templated":true}]}}